{"id":160168,"date":"2023-02-22T06:16:38","date_gmt":"2023-02-22T05:16:38","guid":{"rendered":"https:\/\/novice.si\/page\/?p=160168"},"modified":"2023-02-22T06:16:38","modified_gmt":"2023-02-22T05:16:38","slug":"poklon-celjski-in-slovenski-kulturi","status":"publish","type":"post","link":"https:\/\/novice.si\/page\/poklon-celjski-in-slovenski-kulturi\/","title":{"rendered":"Poklon celjski in slovenski kulturi"},"content":{"rendered":"<p><a href=\"https:\/\/novice.si\/page\/wp-content\/uploads\/2023\/02\/Celjske-zvezde-1-1153-foto-andraz-purg.jpg\" data-gallery><img loading=\"lazy\" decoding=\"async\" src=\"https:\/\/novice.si\/page\/wp-content\/uploads\/2023\/02\/Celjske-zvezde-1-1153-foto-andraz-purg-269x300.jpg\" alt=\"\" width=\"269\" height=\"300\" class=\"alignleft size-medium wp-image-160170\" srcset=\"https:\/\/novice.si\/page\/wp-content\/uploads\/2023\/02\/Celjske-zvezde-1-1153-foto-andraz-purg-269x300.jpg 269w, https:\/\/novice.si\/page\/wp-content\/uploads\/2023\/02\/Celjske-zvezde-1-1153-foto-andraz-purg-920x1024.jpg 920w, https:\/\/novice.si\/page\/wp-content\/uploads\/2023\/02\/Celjske-zvezde-1-1153-foto-andraz-purg-768x855.jpg 768w, https:\/\/novice.si\/page\/wp-content\/uploads\/2023\/02\/Celjske-zvezde-1-1153-foto-andraz-purg-1379x1536.jpg 1379w, https:\/\/novice.si\/page\/wp-content\/uploads\/2023\/02\/Celjske-zvezde-1-1153-foto-andraz-purg-696x775.jpg 696w, https:\/\/novice.si\/page\/wp-content\/uploads\/2023\/02\/Celjske-zvezde-1-1153-foto-andraz-purg-1068x1189.jpg 1068w, https:\/\/novice.si\/page\/wp-content\/uploads\/2023\/02\/Celjske-zvezde-1-1153-foto-andraz-purg-377x420.jpg 377w, https:\/\/novice.si\/page\/wp-content\/uploads\/2023\/02\/Celjske-zvezde-1-1153-foto-andraz-purg-22x24.jpg 22w, https:\/\/novice.si\/page\/wp-content\/uploads\/2023\/02\/Celjske-zvezde-1-1153-foto-andraz-purg-32x36.jpg 32w, https:\/\/novice.si\/page\/wp-content\/uploads\/2023\/02\/Celjske-zvezde-1-1153-foto-andraz-purg-43x48.jpg 43w, https:\/\/novice.si\/page\/wp-content\/uploads\/2023\/02\/Celjske-zvezde-1-1153-foto-andraz-purg.jpg 1796w\" sizes=\"auto, (max-width: 269px) 100vw, 269px\" \/><\/a>V Narodnem domu so se s podelitvijo priznanj na podro\u010dju kulture Celjske zvezde poklonili spominu na najve\u010djega slovenskega pesnika Franceta Pre\u0161erna in v Kajuhovem letu tudi spominu na pesnika Karla Destovnika Kajuha. Priznanji Celjske zvezde za najvidnej\u0161e dose\u017eke v preteklih dveh letih sta prejela plesalec Bo\u0161tjan Anton\u010di\u010d in \u0160kratovo lutkovno gledali\u0161\u010de Celje. Priznanje Celjske zvezde za \u017eivljenjsko delo je prejela plesalka, koreografinja in plesna pedagoginja Goga Stefanovi\u0107 Erjavec. Slavnostna govornica je bila Sonja Majcen, direktorica Celjskega mladinskega centra. Foto: Andra\u017e Purg<br \/>\n\r\n                <style type=\"text\/css\">\r\n                    \r\n                    #tdi_1  .td-doubleSlider-2 .td-item1 {\r\n                        background: url(https:\/\/novice.si\/page\/wp-content\/uploads\/2023\/02\/Celjske-zvezde-2-1153-foto-andraz-purg-80x60.jpg) 0 0 no-repeat;\r\n                    }\r\n                    #tdi_1  .td-doubleSlider-2 .td-item2 {\r\n                        background: url(https:\/\/novice.si\/page\/wp-content\/uploads\/2023\/02\/Celjske-zvezde-3-1153-foto-andraz-purg-80x60.jpg) 0 0 no-repeat;\r\n                    }\r\n                    #tdi_1  .td-doubleSlider-2 .td-item3 {\r\n                        background: url(https:\/\/novice.si\/page\/wp-content\/uploads\/2023\/02\/Celjske-zvezde-1-1153-foto-andraz-purg-80x60.jpg) 0 0 no-repeat;\r\n                    }\r\n                <\/style>\r\n\r\n                <div id=\"tdi_1\" class=\"td-gallery td-slide-on-2-columns\">\r\n                    <div class=\"post_td_gallery\">\r\n                        <div class=\"td-gallery-slide-top\">\r\n                           <div class=\"td-gallery-title\"><\/div>\r\n\r\n                            <div class=\"td-gallery-controls-wrapper\">\r\n                                <div class=\"td-gallery-slide-count\"><span class=\"td-gallery-slide-item-focus\">1<\/span> od 3<\/div>\r\n                                <div class=\"td-gallery-slide-prev-next-but\">\r\n                                    <i class = \"td-icon-left doubleSliderPrevButton\"><\/i>\r\n                                    <i class = \"td-icon-right doubleSliderNextButton\"><\/i>\r\n                                <\/div>\r\n                            <\/div>\r\n                        <\/div>\r\n\r\n                        <div class = \"td-doubleSlider-1 \">\r\n                            <div class = \"td-slider\">\r\n                                \r\n                    <div class = \"td-slide-item td-item1\">\r\n                        <figure class=\"td-slide-galery-figure td-slide-popup-gallery\">\r\n                            <a class=\"slide-gallery-image-link\" href=\"https:\/\/novice.si\/page\/wp-content\/uploads\/2023\/02\/Celjske-zvezde-2-1153-foto-andraz-purg.jpg\" title=\"Celjske zvezde 2 1153 foto andraz purg\"  data-caption=\"\"  data-description=\"\" data-gallery>\r\n                                <img decoding=\"async\" src=\"https:\/\/novice.si\/page\/wp-content\/uploads\/2023\/02\/Celjske-zvezde-2-1153-foto-andraz-purg-280x420.jpg\" srcset=\"https:\/\/novice.si\/page\/wp-content\/uploads\/2023\/02\/Celjske-zvezde-2-1153-foto-andraz-purg-280x420.jpg 280w, https:\/\/novice.si\/page\/wp-content\/uploads\/2023\/02\/Celjske-zvezde-2-1153-foto-andraz-purg-200x300.jpg 200w, https:\/\/novice.si\/page\/wp-content\/uploads\/2023\/02\/Celjske-zvezde-2-1153-foto-andraz-purg-682x1024.jpg 682w, https:\/\/novice.si\/page\/wp-content\/uploads\/2023\/02\/Celjske-zvezde-2-1153-foto-andraz-purg-768x1152.jpg 768w, https:\/\/novice.si\/page\/wp-content\/uploads\/2023\/02\/Celjske-zvezde-2-1153-foto-andraz-purg-1024x1536.jpg 1024w, https:\/\/novice.si\/page\/wp-content\/uploads\/2023\/02\/Celjske-zvezde-2-1153-foto-andraz-purg-696x1044.jpg 696w, https:\/\/novice.si\/page\/wp-content\/uploads\/2023\/02\/Celjske-zvezde-2-1153-foto-andraz-purg-1068x1602.jpg 1068w, https:\/\/novice.si\/page\/wp-content\/uploads\/2023\/02\/Celjske-zvezde-2-1153-foto-andraz-purg-16x24.jpg 16w, https:\/\/novice.si\/page\/wp-content\/uploads\/2023\/02\/Celjske-zvezde-2-1153-foto-andraz-purg-24x36.jpg 24w, https:\/\/novice.si\/page\/wp-content\/uploads\/2023\/02\/Celjske-zvezde-2-1153-foto-andraz-purg-32x48.jpg 32w, https:\/\/novice.si\/page\/wp-content\/uploads\/2023\/02\/Celjske-zvezde-2-1153-foto-andraz-purg.jpg 1333w\" sizes=\"(max-width: 280px) 100vw, 280px\" alt=\"\">\r\n                            <\/a>\r\n                            \r\n                        <\/figure>\r\n                    <\/div>\r\n                    <div class = \"td-slide-item td-item2\">\r\n                        <figure class=\"td-slide-galery-figure td-slide-popup-gallery\">\r\n                            <a class=\"slide-gallery-image-link\" href=\"https:\/\/novice.si\/page\/wp-content\/uploads\/2023\/02\/Celjske-zvezde-3-1153-foto-andraz-purg.jpg\" title=\"Celjske zvezde 3 1153 foto andraz purg\"  data-caption=\"\"  data-description=\"\" data-gallery>\r\n                                <img decoding=\"async\" src=\"https:\/\/novice.si\/page\/wp-content\/uploads\/2023\/02\/Celjske-zvezde-3-1153-foto-andraz-purg-630x420.jpg\" srcset=\"https:\/\/novice.si\/page\/wp-content\/uploads\/2023\/02\/Celjske-zvezde-3-1153-foto-andraz-purg-630x420.jpg 630w, https:\/\/novice.si\/page\/wp-content\/uploads\/2023\/02\/Celjske-zvezde-3-1153-foto-andraz-purg-300x200.jpg 300w, https:\/\/novice.si\/page\/wp-content\/uploads\/2023\/02\/Celjske-zvezde-3-1153-foto-andraz-purg-1024x683.jpg 1024w, https:\/\/novice.si\/page\/wp-content\/uploads\/2023\/02\/Celjske-zvezde-3-1153-foto-andraz-purg-768x512.jpg 768w, https:\/\/novice.si\/page\/wp-content\/uploads\/2023\/02\/Celjske-zvezde-3-1153-foto-andraz-purg-1536x1025.jpg 1536w, https:\/\/novice.si\/page\/wp-content\/uploads\/2023\/02\/Celjske-zvezde-3-1153-foto-andraz-purg-696x464.jpg 696w, https:\/\/novice.si\/page\/wp-content\/uploads\/2023\/02\/Celjske-zvezde-3-1153-foto-andraz-purg-1068x712.jpg 1068w, https:\/\/novice.si\/page\/wp-content\/uploads\/2023\/02\/Celjske-zvezde-3-1153-foto-andraz-purg-24x16.jpg 24w, https:\/\/novice.si\/page\/wp-content\/uploads\/2023\/02\/Celjske-zvezde-3-1153-foto-andraz-purg-36x24.jpg 36w, https:\/\/novice.si\/page\/wp-content\/uploads\/2023\/02\/Celjske-zvezde-3-1153-foto-andraz-purg-48x32.jpg 48w, https:\/\/novice.si\/page\/wp-content\/uploads\/2023\/02\/Celjske-zvezde-3-1153-foto-andraz-purg.jpg 2000w\" sizes=\"(max-width: 630px) 100vw, 630px\" alt=\"\">\r\n                            <\/a>\r\n                            \r\n                        <\/figure>\r\n                    <\/div>\r\n                    <div class = \"td-slide-item td-item3\">\r\n                        <figure class=\"td-slide-galery-figure td-slide-popup-gallery\">\r\n                            <a class=\"slide-gallery-image-link\" href=\"https:\/\/novice.si\/page\/wp-content\/uploads\/2023\/02\/Celjske-zvezde-1-1153-foto-andraz-purg.jpg\" title=\"Celjske zvezde 1 1153 foto andraz purg\"  data-caption=\"\"  data-description=\"\" data-gallery>\r\n                                <img decoding=\"async\" src=\"https:\/\/novice.si\/page\/wp-content\/uploads\/2023\/02\/Celjske-zvezde-1-1153-foto-andraz-purg-377x420.jpg\" srcset=\"https:\/\/novice.si\/page\/wp-content\/uploads\/2023\/02\/Celjske-zvezde-1-1153-foto-andraz-purg-377x420.jpg 377w, https:\/\/novice.si\/page\/wp-content\/uploads\/2023\/02\/Celjske-zvezde-1-1153-foto-andraz-purg-269x300.jpg 269w, https:\/\/novice.si\/page\/wp-content\/uploads\/2023\/02\/Celjske-zvezde-1-1153-foto-andraz-purg-920x1024.jpg 920w, https:\/\/novice.si\/page\/wp-content\/uploads\/2023\/02\/Celjske-zvezde-1-1153-foto-andraz-purg-768x855.jpg 768w, https:\/\/novice.si\/page\/wp-content\/uploads\/2023\/02\/Celjske-zvezde-1-1153-foto-andraz-purg-1379x1536.jpg 1379w, https:\/\/novice.si\/page\/wp-content\/uploads\/2023\/02\/Celjske-zvezde-1-1153-foto-andraz-purg-696x775.jpg 696w, https:\/\/novice.si\/page\/wp-content\/uploads\/2023\/02\/Celjske-zvezde-1-1153-foto-andraz-purg-1068x1189.jpg 1068w, https:\/\/novice.si\/page\/wp-content\/uploads\/2023\/02\/Celjske-zvezde-1-1153-foto-andraz-purg-22x24.jpg 22w, https:\/\/novice.si\/page\/wp-content\/uploads\/2023\/02\/Celjske-zvezde-1-1153-foto-andraz-purg-32x36.jpg 32w, https:\/\/novice.si\/page\/wp-content\/uploads\/2023\/02\/Celjske-zvezde-1-1153-foto-andraz-purg-43x48.jpg 43w, https:\/\/novice.si\/page\/wp-content\/uploads\/2023\/02\/Celjske-zvezde-1-1153-foto-andraz-purg.jpg 1796w\" sizes=\"(max-width: 377px) 100vw, 377px\" alt=\"\">\r\n                            <\/a>\r\n                            \r\n                        <\/figure>\r\n                    <\/div>\r\n                            <\/div>\r\n                        <\/div>\r\n\r\n                        <div class = \"td-doubleSlider-2\">\r\n                            <div class = \"td-slider\">\r\n                                \r\n                    <div class = \"td-button td-item1\">\r\n                        <div class = \"td-border\"><\/div>\r\n                    <\/div>\r\n                    <div class = \"td-button td-item2\">\r\n                        <div class = \"td-border\"><\/div>\r\n                    <\/div>\r\n                    <div class = \"td-button td-item3\">\r\n                        <div class = \"td-border\"><\/div>\r\n                    <\/div>\r\n                            <\/div>\r\n                        <\/div>\r\n\r\n                    <\/div>\r\n\r\n                <\/div>\r\n                <\/p>\n","protected":false},"excerpt":{"rendered":"<p>V Narodnem domu so se s podelitvijo priznanj na podro\u010dju kulture Celjske zvezde poklonili spominu na najve\u010djega slovenskega pesnika Franceta Pre\u0161erna in v Kajuhovem letu tudi spominu na pesnika Karla Destovnika Kajuha. Priznanji Celjske zvezde za najvidnej\u0161e dose\u017eke v preteklih dveh letih sta prejela plesalec Bo\u0161tjan Anton\u010di\u010d in \u0160kratovo lutkovno gledali\u0161\u010de Celje. Priznanje Celjske zvezde [&hellip;]<\/p>\n","protected":false},"author":10,"featured_media":160172,"comment_status":"closed","ping_status":"closed","sticky":false,"template":"","format":"standard","meta":{"footnotes":""},"categories":[14,142,17,15],"tags":[17140,17142,14306,4553,17143,14888,17141,14770],"class_list":{"0":"post-160168","1":"post","2":"type-post","3":"status-publish","4":"format-standard","5":"has-post-thumbnail","7":"category-aktualno","8":"category-celjan","9":"category-celjsko","10":"category-druzabno","11":"tag-bostjan-antoncic","12":"tag-celjska-zvezda","13":"tag-celjske-zvezde","14":"tag-celjski-mladinski-center","15":"tag-goga-stefanovic-erjavec","16":"tag-karel-destovnik-kajuh","17":"tag-skratovo-lutkovno-gledalisce-celje","18":"tag-sonja-majcen"},"yoast_head":"<!-- This site is optimized with the Yoast SEO plugin v27.4 - https:\/\/yoast.com\/product\/yoast-seo-wordpress\/ -->\n<title>Poklon celjski in slovenski kulturi - Novice.si<\/title>\n<meta name=\"robots\" content=\"index, follow, max-snippet:-1, max-image-preview:large, max-video-preview:-1\" \/>\n<link rel=\"canonical\" href=\"https:\/\/novice.si\/page\/poklon-celjski-in-slovenski-kulturi\/\" \/>\n<meta property=\"og:locale\" content=\"sl_SI\" \/>\n<meta property=\"og:type\" content=\"article\" \/>\n<meta property=\"og:title\" content=\"Poklon celjski in slovenski kulturi - Novice.si\" \/>\n<meta property=\"og:description\" content=\"V Narodnem domu so se s podelitvijo priznanj na podro\u010dju kulture Celjske zvezde poklonili spominu na najve\u010djega slovenskega pesnika Franceta Pre\u0161erna in v Kajuhovem letu tudi spominu na pesnika Karla Destovnika Kajuha. Priznanji Celjske zvezde za najvidnej\u0161e dose\u017eke v preteklih dveh letih sta prejela plesalec Bo\u0161tjan Anton\u010di\u010d in \u0160kratovo lutkovno gledali\u0161\u010de Celje. Priznanje Celjske zvezde [&hellip;]\" \/>\n<meta property=\"og:url\" content=\"https:\/\/novice.si\/page\/poklon-celjski-in-slovenski-kulturi\/\" \/>\n<meta property=\"og:site_name\" content=\"Novice.si\" \/>\n<meta property=\"article:published_time\" content=\"2023-02-22T05:16:38+00:00\" \/>\n<meta property=\"og:image\" content=\"https:\/\/novice.si\/page\/wp-content\/uploads\/2023\/02\/Celjske-zvezde-3-1153-foto-andraz-purg.jpg\" \/>\n\t<meta property=\"og:image:width\" content=\"2000\" \/>\n\t<meta property=\"og:image:height\" content=\"1334\" \/>\n\t<meta property=\"og:image:type\" content=\"image\/jpeg\" \/>\n<meta name=\"author\" content=\"Iztok Krajnc\" \/>\n<meta name=\"twitter:card\" content=\"summary_large_image\" \/>\n<meta name=\"twitter:label1\" content=\"Written by\" \/>\n\t<meta name=\"twitter:data1\" content=\"Iztok Krajnc\" \/>\n\t<meta name=\"twitter:label2\" content=\"Est. reading time\" \/>\n\t<meta name=\"twitter:data2\" content=\"1 minuta\" \/>\n<script type=\"application\/ld+json\" class=\"yoast-schema-graph\">{\"@context\":\"https:\\\/\\\/schema.org\",\"@graph\":[{\"@type\":\"Article\",\"@id\":\"https:\\\/\\\/novice.si\\\/page\\\/poklon-celjski-in-slovenski-kulturi\\\/#article\",\"isPartOf\":{\"@id\":\"https:\\\/\\\/novice.si\\\/page\\\/poklon-celjski-in-slovenski-kulturi\\\/\"},\"author\":{\"name\":\"Iztok Krajnc\",\"@id\":\"https:\\\/\\\/novice.si\\\/page\\\/#\\\/schema\\\/person\\\/92fda8564875f655675c886e4df22216\"},\"headline\":\"Poklon celjski in slovenski kulturi\",\"datePublished\":\"2023-02-22T05:16:38+00:00\",\"mainEntityOfPage\":{\"@id\":\"https:\\\/\\\/novice.si\\\/page\\\/poklon-celjski-in-slovenski-kulturi\\\/\"},\"wordCount\":101,\"publisher\":{\"@id\":\"https:\\\/\\\/novice.si\\\/page\\\/#organization\"},\"image\":{\"@id\":\"https:\\\/\\\/novice.si\\\/page\\\/poklon-celjski-in-slovenski-kulturi\\\/#primaryimage\"},\"thumbnailUrl\":\"https:\\\/\\\/novice.si\\\/page\\\/wp-content\\\/uploads\\\/2023\\\/02\\\/Celjske-zvezde-3-1153-foto-andraz-purg.jpg\",\"keywords\":[\"bo\u0161tjan anton\u010di\u010d\",\"celjska zvezda\",\"Celjske zvezde\",\"celjski mladinski center\",\"goga stefanovi\u0107 erjavec\",\"karel destovnik kajuh\",\"\u0161kratovo lutkovno gledali\u0161\u010de celje\",\"Sonja Majcen\"],\"articleSection\":[\"Aktualno\",\"Celjan\",\"Celjsko\",\"Dru\u017eabno\"],\"inLanguage\":\"sl-SI\"},{\"@type\":\"WebPage\",\"@id\":\"https:\\\/\\\/novice.si\\\/page\\\/poklon-celjski-in-slovenski-kulturi\\\/\",\"url\":\"https:\\\/\\\/novice.si\\\/page\\\/poklon-celjski-in-slovenski-kulturi\\\/\",\"name\":\"Poklon celjski in slovenski kulturi - Novice.si\",\"isPartOf\":{\"@id\":\"https:\\\/\\\/novice.si\\\/page\\\/#website\"},\"primaryImageOfPage\":{\"@id\":\"https:\\\/\\\/novice.si\\\/page\\\/poklon-celjski-in-slovenski-kulturi\\\/#primaryimage\"},\"image\":{\"@id\":\"https:\\\/\\\/novice.si\\\/page\\\/poklon-celjski-in-slovenski-kulturi\\\/#primaryimage\"},\"thumbnailUrl\":\"https:\\\/\\\/novice.si\\\/page\\\/wp-content\\\/uploads\\\/2023\\\/02\\\/Celjske-zvezde-3-1153-foto-andraz-purg.jpg\",\"datePublished\":\"2023-02-22T05:16:38+00:00\",\"breadcrumb\":{\"@id\":\"https:\\\/\\\/novice.si\\\/page\\\/poklon-celjski-in-slovenski-kulturi\\\/#breadcrumb\"},\"inLanguage\":\"sl-SI\",\"potentialAction\":[{\"@type\":\"ReadAction\",\"target\":[\"https:\\\/\\\/novice.si\\\/page\\\/poklon-celjski-in-slovenski-kulturi\\\/\"]}]},{\"@type\":\"ImageObject\",\"inLanguage\":\"sl-SI\",\"@id\":\"https:\\\/\\\/novice.si\\\/page\\\/poklon-celjski-in-slovenski-kulturi\\\/#primaryimage\",\"url\":\"https:\\\/\\\/novice.si\\\/page\\\/wp-content\\\/uploads\\\/2023\\\/02\\\/Celjske-zvezde-3-1153-foto-andraz-purg.jpg\",\"contentUrl\":\"https:\\\/\\\/novice.si\\\/page\\\/wp-content\\\/uploads\\\/2023\\\/02\\\/Celjske-zvezde-3-1153-foto-andraz-purg.jpg\",\"width\":2000,\"height\":1334},{\"@type\":\"BreadcrumbList\",\"@id\":\"https:\\\/\\\/novice.si\\\/page\\\/poklon-celjski-in-slovenski-kulturi\\\/#breadcrumb\",\"itemListElement\":[{\"@type\":\"ListItem\",\"position\":1,\"name\":\"Home\",\"item\":\"https:\\\/\\\/novice.si\\\/page\\\/\"},{\"@type\":\"ListItem\",\"position\":2,\"name\":\"Poklon celjski in slovenski kulturi\"}]},{\"@type\":\"WebSite\",\"@id\":\"https:\\\/\\\/novice.si\\\/page\\\/#website\",\"url\":\"https:\\\/\\\/novice.si\\\/page\\\/\",\"name\":\"Novice.si\",\"description\":\"\",\"publisher\":{\"@id\":\"https:\\\/\\\/novice.si\\\/page\\\/#organization\"},\"potentialAction\":[{\"@type\":\"SearchAction\",\"target\":{\"@type\":\"EntryPoint\",\"urlTemplate\":\"https:\\\/\\\/novice.si\\\/page\\\/?s={search_term_string}\"},\"query-input\":{\"@type\":\"PropertyValueSpecification\",\"valueRequired\":true,\"valueName\":\"search_term_string\"}}],\"inLanguage\":\"sl-SI\"},{\"@type\":\"Organization\",\"@id\":\"https:\\\/\\\/novice.si\\\/page\\\/#organization\",\"name\":\"Novice.si\",\"url\":\"https:\\\/\\\/novice.si\\\/page\\\/\",\"logo\":{\"@type\":\"ImageObject\",\"inLanguage\":\"sl-SI\",\"@id\":\"https:\\\/\\\/novice.si\\\/page\\\/#\\\/schema\\\/logo\\\/image\\\/\",\"url\":\"https:\\\/\\\/novice.si\\\/page\\\/wp-content\\\/uploads\\\/2023\\\/03\\\/novice_si.png\",\"contentUrl\":\"https:\\\/\\\/novice.si\\\/page\\\/wp-content\\\/uploads\\\/2023\\\/03\\\/novice_si.png\",\"width\":576,\"height\":200,\"caption\":\"Novice.si\"},\"image\":{\"@id\":\"https:\\\/\\\/novice.si\\\/page\\\/#\\\/schema\\\/logo\\\/image\\\/\"}},{\"@type\":\"Person\",\"@id\":\"https:\\\/\\\/novice.si\\\/page\\\/#\\\/schema\\\/person\\\/92fda8564875f655675c886e4df22216\",\"name\":\"Iztok Krajnc\",\"image\":{\"@type\":\"ImageObject\",\"inLanguage\":\"sl-SI\",\"@id\":\"https:\\\/\\\/secure.gravatar.com\\\/avatar\\\/2790ff125f883a5a9cb934a574322d28ea850f8f4494d77b487c1950e0096015?s=96&d=mm&r=g\",\"url\":\"https:\\\/\\\/secure.gravatar.com\\\/avatar\\\/2790ff125f883a5a9cb934a574322d28ea850f8f4494d77b487c1950e0096015?s=96&d=mm&r=g\",\"contentUrl\":\"https:\\\/\\\/secure.gravatar.com\\\/avatar\\\/2790ff125f883a5a9cb934a574322d28ea850f8f4494d77b487c1950e0096015?s=96&d=mm&r=g\",\"caption\":\"Iztok Krajnc\"},\"url\":\"https:\\\/\\\/novice.si\\\/page\\\/author\\\/iztok\\\/\"}]}<\/script>\n<!-- \/ Yoast SEO plugin. -->","yoast_head_json":{"title":"Poklon celjski in slovenski kulturi - Novice.si","robots":{"index":"index","follow":"follow","max-snippet":"max-snippet:-1","max-image-preview":"max-image-preview:large","max-video-preview":"max-video-preview:-1"},"canonical":"https:\/\/novice.si\/page\/poklon-celjski-in-slovenski-kulturi\/","og_locale":"sl_SI","og_type":"article","og_title":"Poklon celjski in slovenski kulturi - Novice.si","og_description":"V Narodnem domu so se s podelitvijo priznanj na podro\u010dju kulture Celjske zvezde poklonili spominu na najve\u010djega slovenskega pesnika Franceta Pre\u0161erna in v Kajuhovem letu tudi spominu na pesnika Karla Destovnika Kajuha. Priznanji Celjske zvezde za najvidnej\u0161e dose\u017eke v preteklih dveh letih sta prejela plesalec Bo\u0161tjan Anton\u010di\u010d in \u0160kratovo lutkovno gledali\u0161\u010de Celje. Priznanje Celjske zvezde [&hellip;]","og_url":"https:\/\/novice.si\/page\/poklon-celjski-in-slovenski-kulturi\/","og_site_name":"Novice.si","article_published_time":"2023-02-22T05:16:38+00:00","og_image":[{"width":2000,"height":1334,"url":"https:\/\/novice.si\/page\/wp-content\/uploads\/2023\/02\/Celjske-zvezde-3-1153-foto-andraz-purg.jpg","type":"image\/jpeg"}],"author":"Iztok Krajnc","twitter_card":"summary_large_image","twitter_misc":{"Written by":"Iztok Krajnc","Est. reading time":"1 minuta"},"schema":{"@context":"https:\/\/schema.org","@graph":[{"@type":"Article","@id":"https:\/\/novice.si\/page\/poklon-celjski-in-slovenski-kulturi\/#article","isPartOf":{"@id":"https:\/\/novice.si\/page\/poklon-celjski-in-slovenski-kulturi\/"},"author":{"name":"Iztok Krajnc","@id":"https:\/\/novice.si\/page\/#\/schema\/person\/92fda8564875f655675c886e4df22216"},"headline":"Poklon celjski in slovenski kulturi","datePublished":"2023-02-22T05:16:38+00:00","mainEntityOfPage":{"@id":"https:\/\/novice.si\/page\/poklon-celjski-in-slovenski-kulturi\/"},"wordCount":101,"publisher":{"@id":"https:\/\/novice.si\/page\/#organization"},"image":{"@id":"https:\/\/novice.si\/page\/poklon-celjski-in-slovenski-kulturi\/#primaryimage"},"thumbnailUrl":"https:\/\/novice.si\/page\/wp-content\/uploads\/2023\/02\/Celjske-zvezde-3-1153-foto-andraz-purg.jpg","keywords":["bo\u0161tjan anton\u010di\u010d","celjska zvezda","Celjske zvezde","celjski mladinski center","goga stefanovi\u0107 erjavec","karel destovnik kajuh","\u0161kratovo lutkovno gledali\u0161\u010de celje","Sonja Majcen"],"articleSection":["Aktualno","Celjan","Celjsko","Dru\u017eabno"],"inLanguage":"sl-SI"},{"@type":"WebPage","@id":"https:\/\/novice.si\/page\/poklon-celjski-in-slovenski-kulturi\/","url":"https:\/\/novice.si\/page\/poklon-celjski-in-slovenski-kulturi\/","name":"Poklon celjski in slovenski kulturi - Novice.si","isPartOf":{"@id":"https:\/\/novice.si\/page\/#website"},"primaryImageOfPage":{"@id":"https:\/\/novice.si\/page\/poklon-celjski-in-slovenski-kulturi\/#primaryimage"},"image":{"@id":"https:\/\/novice.si\/page\/poklon-celjski-in-slovenski-kulturi\/#primaryimage"},"thumbnailUrl":"https:\/\/novice.si\/page\/wp-content\/uploads\/2023\/02\/Celjske-zvezde-3-1153-foto-andraz-purg.jpg","datePublished":"2023-02-22T05:16:38+00:00","breadcrumb":{"@id":"https:\/\/novice.si\/page\/poklon-celjski-in-slovenski-kulturi\/#breadcrumb"},"inLanguage":"sl-SI","potentialAction":[{"@type":"ReadAction","target":["https:\/\/novice.si\/page\/poklon-celjski-in-slovenski-kulturi\/"]}]},{"@type":"ImageObject","inLanguage":"sl-SI","@id":"https:\/\/novice.si\/page\/poklon-celjski-in-slovenski-kulturi\/#primaryimage","url":"https:\/\/novice.si\/page\/wp-content\/uploads\/2023\/02\/Celjske-zvezde-3-1153-foto-andraz-purg.jpg","contentUrl":"https:\/\/novice.si\/page\/wp-content\/uploads\/2023\/02\/Celjske-zvezde-3-1153-foto-andraz-purg.jpg","width":2000,"height":1334},{"@type":"BreadcrumbList","@id":"https:\/\/novice.si\/page\/poklon-celjski-in-slovenski-kulturi\/#breadcrumb","itemListElement":[{"@type":"ListItem","position":1,"name":"Home","item":"https:\/\/novice.si\/page\/"},{"@type":"ListItem","position":2,"name":"Poklon celjski in slovenski kulturi"}]},{"@type":"WebSite","@id":"https:\/\/novice.si\/page\/#website","url":"https:\/\/novice.si\/page\/","name":"Novice.si","description":"","publisher":{"@id":"https:\/\/novice.si\/page\/#organization"},"potentialAction":[{"@type":"SearchAction","target":{"@type":"EntryPoint","urlTemplate":"https:\/\/novice.si\/page\/?s={search_term_string}"},"query-input":{"@type":"PropertyValueSpecification","valueRequired":true,"valueName":"search_term_string"}}],"inLanguage":"sl-SI"},{"@type":"Organization","@id":"https:\/\/novice.si\/page\/#organization","name":"Novice.si","url":"https:\/\/novice.si\/page\/","logo":{"@type":"ImageObject","inLanguage":"sl-SI","@id":"https:\/\/novice.si\/page\/#\/schema\/logo\/image\/","url":"https:\/\/novice.si\/page\/wp-content\/uploads\/2023\/03\/novice_si.png","contentUrl":"https:\/\/novice.si\/page\/wp-content\/uploads\/2023\/03\/novice_si.png","width":576,"height":200,"caption":"Novice.si"},"image":{"@id":"https:\/\/novice.si\/page\/#\/schema\/logo\/image\/"}},{"@type":"Person","@id":"https:\/\/novice.si\/page\/#\/schema\/person\/92fda8564875f655675c886e4df22216","name":"Iztok Krajnc","image":{"@type":"ImageObject","inLanguage":"sl-SI","@id":"https:\/\/secure.gravatar.com\/avatar\/2790ff125f883a5a9cb934a574322d28ea850f8f4494d77b487c1950e0096015?s=96&d=mm&r=g","url":"https:\/\/secure.gravatar.com\/avatar\/2790ff125f883a5a9cb934a574322d28ea850f8f4494d77b487c1950e0096015?s=96&d=mm&r=g","contentUrl":"https:\/\/secure.gravatar.com\/avatar\/2790ff125f883a5a9cb934a574322d28ea850f8f4494d77b487c1950e0096015?s=96&d=mm&r=g","caption":"Iztok Krajnc"},"url":"https:\/\/novice.si\/page\/author\/iztok\/"}]}},"_links":{"self":[{"href":"https:\/\/novice.si\/page\/wp-json\/wp\/v2\/posts\/160168","targetHints":{"allow":["GET"]}}],"collection":[{"href":"https:\/\/novice.si\/page\/wp-json\/wp\/v2\/posts"}],"about":[{"href":"https:\/\/novice.si\/page\/wp-json\/wp\/v2\/types\/post"}],"author":[{"embeddable":true,"href":"https:\/\/novice.si\/page\/wp-json\/wp\/v2\/users\/10"}],"replies":[{"embeddable":true,"href":"https:\/\/novice.si\/page\/wp-json\/wp\/v2\/comments?post=160168"}],"version-history":[{"count":2,"href":"https:\/\/novice.si\/page\/wp-json\/wp\/v2\/posts\/160168\/revisions"}],"predecessor-version":[{"id":160173,"href":"https:\/\/novice.si\/page\/wp-json\/wp\/v2\/posts\/160168\/revisions\/160173"}],"wp:featuredmedia":[{"embeddable":true,"href":"https:\/\/novice.si\/page\/wp-json\/wp\/v2\/media\/160172"}],"wp:attachment":[{"href":"https:\/\/novice.si\/page\/wp-json\/wp\/v2\/media?parent=160168"}],"wp:term":[{"taxonomy":"category","embeddable":true,"href":"https:\/\/novice.si\/page\/wp-json\/wp\/v2\/categories?post=160168"},{"taxonomy":"post_tag","embeddable":true,"href":"https:\/\/novice.si\/page\/wp-json\/wp\/v2\/tags?post=160168"}],"curies":[{"name":"wp","href":"https:\/\/api.w.org\/{rel}","templated":true}]}}