{"id":160089,"date":"2023-02-19T21:22:11","date_gmt":"2023-02-19T20:22:11","guid":{"rendered":"https:\/\/novice.si\/page\/?p=160089"},"modified":"2023-02-19T21:24:07","modified_gmt":"2023-02-19T20:24:07","slug":"konjican-tijan-marovt-na-sp-do-najboljsih-fis-tock-doslej","status":"publish","type":"post","link":"https:\/\/novice.si\/page\/konjican-tijan-marovt-na-sp-do-najboljsih-fis-tock-doslej\/","title":{"rendered":"Konji\u010dan Tijan Marovt na SP do najbolj\u0161ih FIS to\u010dk doslej"},"content":{"rendered":"<p><a href=\"https:\/\/novice.si\/page\/wp-content\/uploads\/2023\/02\/marovt-tijan-SP-Courchevel-2023-1-foto-GEPA.jpg\" data-gallery><img loading=\"lazy\" decoding=\"async\" class=\"size-medium wp-image-160102\" src=\"https:\/\/novice.si\/page\/wp-content\/uploads\/2023\/02\/marovt-tijan-SP-Courchevel-2023-1-foto-GEPA-300x200.jpg\" alt=\"\" width=\"300\" height=\"200\" srcset=\"https:\/\/novice.si\/page\/wp-content\/uploads\/2023\/02\/marovt-tijan-SP-Courchevel-2023-1-foto-GEPA-300x200.jpg 300w, https:\/\/novice.si\/page\/wp-content\/uploads\/2023\/02\/marovt-tijan-SP-Courchevel-2023-1-foto-GEPA-1024x683.jpg 1024w, https:\/\/novice.si\/page\/wp-content\/uploads\/2023\/02\/marovt-tijan-SP-Courchevel-2023-1-foto-GEPA-768x512.jpg 768w, https:\/\/novice.si\/page\/wp-content\/uploads\/2023\/02\/marovt-tijan-SP-Courchevel-2023-1-foto-GEPA-1536x1024.jpg 1536w, https:\/\/novice.si\/page\/wp-content\/uploads\/2023\/02\/marovt-tijan-SP-Courchevel-2023-1-foto-GEPA-696x464.jpg 696w, https:\/\/novice.si\/page\/wp-content\/uploads\/2023\/02\/marovt-tijan-SP-Courchevel-2023-1-foto-GEPA-1068x712.jpg 1068w, https:\/\/novice.si\/page\/wp-content\/uploads\/2023\/02\/marovt-tijan-SP-Courchevel-2023-1-foto-GEPA-630x420.jpg 630w, https:\/\/novice.si\/page\/wp-content\/uploads\/2023\/02\/marovt-tijan-SP-Courchevel-2023-1-foto-GEPA-24x16.jpg 24w, https:\/\/novice.si\/page\/wp-content\/uploads\/2023\/02\/marovt-tijan-SP-Courchevel-2023-1-foto-GEPA-36x24.jpg 36w, https:\/\/novice.si\/page\/wp-content\/uploads\/2023\/02\/marovt-tijan-SP-Courchevel-2023-1-foto-GEPA-48x32.jpg 48w, https:\/\/novice.si\/page\/wp-content\/uploads\/2023\/02\/marovt-tijan-SP-Courchevel-2023-1-foto-GEPA.jpg 2048w\" sizes=\"auto, (max-width: 300px) 100vw, 300px\" \/><\/a><\/p>\n<p>Z nekoliko bolj\u0161o startno \u0161tevilko, kot jo ima na tekmah svetovnega pokala, je <strong>Tijan Marovt<\/strong> na svetovnem prvenstvu znova potrdil, da se je \u017ee sposoben uvr\u0161\u010dati med trideseterico najbolj\u0161ih slalomistov. V Courchevelu v Franciji se je Konji\u010dan na prvo progo podal s \u0161tevilko 46, postavil 25. \u010das in bil po prvi vo\u017enji tekmovalec z najvi\u0161jo \u0161tevilko med najbolj\u0161imi tridesetimi. Na zelo zahtevni progi je drugo vo\u017enjo z bolj zavito postavitvijo odpeljal nekoliko slab\u0161e, a vseeno izgubil le eno mesto in kon\u010dal na 26. mestu. Za novim svetovnim prvakom, Norve\u017eanom <strong>Henrikom Kristoffersenom<\/strong>, je zaostal za 2,23 sekunde.<br \/>\nMarovt je pred dvema letoma v italijanski Cortini d&#8217;Ampezzo slalom kon\u010dal na 18. mestu. Uvrstitev je bila torej leta 2021 nekoliko vi\u0161ja, a tokrat je za zmagovalcem zaostal precej manj, in za svoj nastop prejel tudi veliko bolj\u0161e FIS to\u010dke, celo najbolj\u0161e v karieri (16,36). Zdaj upa, da mu uspe \u0161e kak\u0161en podoben dose\u017eek v tej zimi, da bo v naslednji sezoni imel bolj\u0161o \u0161tevilko tudi v svetovnem pokalu. (Jure Mernik)<br \/>\nFoto: GEPA<\/p>\n<p>Preberite tudi:<br \/>\nKonji\u010dan Tijan Marovt v novo zimo vstopil z zmago!<br \/>\n<a href=\"https:\/\/novice.si\/page\/konjican-tijan-marovt-v-novo-zimo-vstopil-z-zmago\/\">https:\/\/novice.si\/page\/konjican-tijan-marovt-v-novo-zimo-vstopil-z-zmago\/<\/a><\/p>\n","protected":false},"excerpt":{"rendered":"<p>Z nekoliko bolj\u0161o startno \u0161tevilko, kot jo ima na tekmah svetovnega pokala, je Tijan Marovt na svetovnem prvenstvu znova potrdil, da se je \u017ee sposoben uvr\u0161\u010dati med trideseterico najbolj\u0161ih slalomistov. V Courchevelu v Franciji se je Konji\u010dan na prvo progo podal s \u0161tevilko 46, postavil 25. \u010das in bil po prvi vo\u017enji tekmovalec z najvi\u0161jo [&hellip;]<\/p>\n","protected":false},"author":7,"featured_media":160102,"comment_status":"closed","ping_status":"closed","sticky":false,"template":"","format":"standard","meta":{"footnotes":""},"categories":[14,16,68],"tags":[11771,8185],"class_list":{"0":"post-160089","1":"post","2":"type-post","3":"status-publish","4":"format-standard","5":"has-post-thumbnail","7":"category-aktualno","8":"category-konjisko","9":"category-sport","10":"tag-svetovno-prvenstvo-v-alpskem-smucanju","11":"tag-tijan-marovt"},"yoast_head":"<!-- This site is optimized with the Yoast SEO plugin v27.4 - https:\/\/yoast.com\/product\/yoast-seo-wordpress\/ -->\n<title>Konji\u010dan Tijan Marovt na SP do najbolj\u0161ih FIS to\u010dk doslej - Novice.si<\/title>\n<meta name=\"robots\" content=\"index, follow, max-snippet:-1, max-image-preview:large, max-video-preview:-1\" \/>\n<link rel=\"canonical\" href=\"https:\/\/novice.si\/page\/konjican-tijan-marovt-na-sp-do-najboljsih-fis-tock-doslej\/\" \/>\n<meta property=\"og:locale\" content=\"sl_SI\" \/>\n<meta property=\"og:type\" content=\"article\" \/>\n<meta property=\"og:title\" content=\"Konji\u010dan Tijan Marovt na SP do najbolj\u0161ih FIS to\u010dk doslej - Novice.si\" \/>\n<meta property=\"og:description\" content=\"Z nekoliko bolj\u0161o startno \u0161tevilko, kot jo ima na tekmah svetovnega pokala, je Tijan Marovt na svetovnem prvenstvu znova potrdil, da se je \u017ee sposoben uvr\u0161\u010dati med trideseterico najbolj\u0161ih slalomistov. V Courchevelu v Franciji se je Konji\u010dan na prvo progo podal s \u0161tevilko 46, postavil 25. \u010das in bil po prvi vo\u017enji tekmovalec z najvi\u0161jo [&hellip;]\" \/>\n<meta property=\"og:url\" content=\"https:\/\/novice.si\/page\/konjican-tijan-marovt-na-sp-do-najboljsih-fis-tock-doslej\/\" \/>\n<meta property=\"og:site_name\" content=\"Novice.si\" \/>\n<meta property=\"article:published_time\" content=\"2023-02-19T20:22:11+00:00\" \/>\n<meta property=\"article:modified_time\" content=\"2023-02-19T20:24:07+00:00\" \/>\n<meta property=\"og:image\" content=\"https:\/\/novice.si\/page\/wp-content\/uploads\/2023\/02\/marovt-tijan-SP-Courchevel-2023-1-foto-GEPA.jpg\" \/>\n\t<meta property=\"og:image:width\" content=\"2048\" \/>\n\t<meta property=\"og:image:height\" content=\"1365\" \/>\n\t<meta property=\"og:image:type\" content=\"image\/jpeg\" \/>\n<meta name=\"author\" content=\"Uredni\u0161tvo Novic\" \/>\n<meta name=\"twitter:card\" content=\"summary_large_image\" \/>\n<meta name=\"twitter:label1\" content=\"Written by\" \/>\n\t<meta name=\"twitter:data1\" content=\"Uredni\u0161tvo Novic\" \/>\n\t<meta name=\"twitter:label2\" content=\"Est. reading time\" \/>\n\t<meta name=\"twitter:data2\" content=\"2 minuti\" \/>\n<script type=\"application\/ld+json\" class=\"yoast-schema-graph\">{\"@context\":\"https:\\\/\\\/schema.org\",\"@graph\":[{\"@type\":\"Article\",\"@id\":\"https:\\\/\\\/novice.si\\\/page\\\/konjican-tijan-marovt-na-sp-do-najboljsih-fis-tock-doslej\\\/#article\",\"isPartOf\":{\"@id\":\"https:\\\/\\\/novice.si\\\/page\\\/konjican-tijan-marovt-na-sp-do-najboljsih-fis-tock-doslej\\\/\"},\"author\":{\"name\":\"Uredni\u0161tvo Novic\",\"@id\":\"https:\\\/\\\/novice.si\\\/page\\\/#\\\/schema\\\/person\\\/a877dbb8680d441357ce27663beb35ca\"},\"headline\":\"Konji\u010dan Tijan Marovt na SP do najbolj\u0161ih FIS to\u010dk doslej\",\"datePublished\":\"2023-02-19T20:22:11+00:00\",\"dateModified\":\"2023-02-19T20:24:07+00:00\",\"mainEntityOfPage\":{\"@id\":\"https:\\\/\\\/novice.si\\\/page\\\/konjican-tijan-marovt-na-sp-do-najboljsih-fis-tock-doslej\\\/\"},\"wordCount\":211,\"publisher\":{\"@id\":\"https:\\\/\\\/novice.si\\\/page\\\/#organization\"},\"image\":{\"@id\":\"https:\\\/\\\/novice.si\\\/page\\\/konjican-tijan-marovt-na-sp-do-najboljsih-fis-tock-doslej\\\/#primaryimage\"},\"thumbnailUrl\":\"https:\\\/\\\/novice.si\\\/page\\\/wp-content\\\/uploads\\\/2023\\\/02\\\/marovt-tijan-SP-Courchevel-2023-1-foto-GEPA.jpg\",\"keywords\":[\"svetovno prvenstvo v alpskem smu\u010danju\",\"Tijan Marovt\"],\"articleSection\":[\"Aktualno\",\"Konji\u0161ko\",\"\u0160port\"],\"inLanguage\":\"sl-SI\"},{\"@type\":\"WebPage\",\"@id\":\"https:\\\/\\\/novice.si\\\/page\\\/konjican-tijan-marovt-na-sp-do-najboljsih-fis-tock-doslej\\\/\",\"url\":\"https:\\\/\\\/novice.si\\\/page\\\/konjican-tijan-marovt-na-sp-do-najboljsih-fis-tock-doslej\\\/\",\"name\":\"Konji\u010dan Tijan Marovt na SP do najbolj\u0161ih FIS to\u010dk doslej - Novice.si\",\"isPartOf\":{\"@id\":\"https:\\\/\\\/novice.si\\\/page\\\/#website\"},\"primaryImageOfPage\":{\"@id\":\"https:\\\/\\\/novice.si\\\/page\\\/konjican-tijan-marovt-na-sp-do-najboljsih-fis-tock-doslej\\\/#primaryimage\"},\"image\":{\"@id\":\"https:\\\/\\\/novice.si\\\/page\\\/konjican-tijan-marovt-na-sp-do-najboljsih-fis-tock-doslej\\\/#primaryimage\"},\"thumbnailUrl\":\"https:\\\/\\\/novice.si\\\/page\\\/wp-content\\\/uploads\\\/2023\\\/02\\\/marovt-tijan-SP-Courchevel-2023-1-foto-GEPA.jpg\",\"datePublished\":\"2023-02-19T20:22:11+00:00\",\"dateModified\":\"2023-02-19T20:24:07+00:00\",\"breadcrumb\":{\"@id\":\"https:\\\/\\\/novice.si\\\/page\\\/konjican-tijan-marovt-na-sp-do-najboljsih-fis-tock-doslej\\\/#breadcrumb\"},\"inLanguage\":\"sl-SI\",\"potentialAction\":[{\"@type\":\"ReadAction\",\"target\":[\"https:\\\/\\\/novice.si\\\/page\\\/konjican-tijan-marovt-na-sp-do-najboljsih-fis-tock-doslej\\\/\"]}]},{\"@type\":\"ImageObject\",\"inLanguage\":\"sl-SI\",\"@id\":\"https:\\\/\\\/novice.si\\\/page\\\/konjican-tijan-marovt-na-sp-do-najboljsih-fis-tock-doslej\\\/#primaryimage\",\"url\":\"https:\\\/\\\/novice.si\\\/page\\\/wp-content\\\/uploads\\\/2023\\\/02\\\/marovt-tijan-SP-Courchevel-2023-1-foto-GEPA.jpg\",\"contentUrl\":\"https:\\\/\\\/novice.si\\\/page\\\/wp-content\\\/uploads\\\/2023\\\/02\\\/marovt-tijan-SP-Courchevel-2023-1-foto-GEPA.jpg\",\"width\":2048,\"height\":1365,\"caption\":\"COURCHEVEL,FRANCE,19.FEB.23 - ALPINE SKIING - FIS Alpine World Ski Championships, slalom, men. Image shows Tijan Marovt (SLO). Photo: GEPA pictures\\\/ Mario Buehner\"},{\"@type\":\"BreadcrumbList\",\"@id\":\"https:\\\/\\\/novice.si\\\/page\\\/konjican-tijan-marovt-na-sp-do-najboljsih-fis-tock-doslej\\\/#breadcrumb\",\"itemListElement\":[{\"@type\":\"ListItem\",\"position\":1,\"name\":\"Home\",\"item\":\"https:\\\/\\\/novice.si\\\/page\\\/\"},{\"@type\":\"ListItem\",\"position\":2,\"name\":\"Konji\u010dan Tijan Marovt na SP do najbolj\u0161ih FIS to\u010dk doslej\"}]},{\"@type\":\"WebSite\",\"@id\":\"https:\\\/\\\/novice.si\\\/page\\\/#website\",\"url\":\"https:\\\/\\\/novice.si\\\/page\\\/\",\"name\":\"Novice.si\",\"description\":\"\",\"publisher\":{\"@id\":\"https:\\\/\\\/novice.si\\\/page\\\/#organization\"},\"potentialAction\":[{\"@type\":\"SearchAction\",\"target\":{\"@type\":\"EntryPoint\",\"urlTemplate\":\"https:\\\/\\\/novice.si\\\/page\\\/?s={search_term_string}\"},\"query-input\":{\"@type\":\"PropertyValueSpecification\",\"valueRequired\":true,\"valueName\":\"search_term_string\"}}],\"inLanguage\":\"sl-SI\"},{\"@type\":\"Organization\",\"@id\":\"https:\\\/\\\/novice.si\\\/page\\\/#organization\",\"name\":\"Novice.si\",\"url\":\"https:\\\/\\\/novice.si\\\/page\\\/\",\"logo\":{\"@type\":\"ImageObject\",\"inLanguage\":\"sl-SI\",\"@id\":\"https:\\\/\\\/novice.si\\\/page\\\/#\\\/schema\\\/logo\\\/image\\\/\",\"url\":\"https:\\\/\\\/novice.si\\\/page\\\/wp-content\\\/uploads\\\/2023\\\/03\\\/novice_si.png\",\"contentUrl\":\"https:\\\/\\\/novice.si\\\/page\\\/wp-content\\\/uploads\\\/2023\\\/03\\\/novice_si.png\",\"width\":576,\"height\":200,\"caption\":\"Novice.si\"},\"image\":{\"@id\":\"https:\\\/\\\/novice.si\\\/page\\\/#\\\/schema\\\/logo\\\/image\\\/\"}},{\"@type\":\"Person\",\"@id\":\"https:\\\/\\\/novice.si\\\/page\\\/#\\\/schema\\\/person\\\/a877dbb8680d441357ce27663beb35ca\",\"name\":\"Uredni\u0161tvo Novic\",\"image\":{\"@type\":\"ImageObject\",\"inLanguage\":\"sl-SI\",\"@id\":\"https:\\\/\\\/secure.gravatar.com\\\/avatar\\\/f19c0ae874706cc9ba19d2f6da5f74a5a5ee7674f283fed29ce0ad16a9f1893e?s=96&d=mm&r=g\",\"url\":\"https:\\\/\\\/secure.gravatar.com\\\/avatar\\\/f19c0ae874706cc9ba19d2f6da5f74a5a5ee7674f283fed29ce0ad16a9f1893e?s=96&d=mm&r=g\",\"contentUrl\":\"https:\\\/\\\/secure.gravatar.com\\\/avatar\\\/f19c0ae874706cc9ba19d2f6da5f74a5a5ee7674f283fed29ce0ad16a9f1893e?s=96&d=mm&r=g\",\"caption\":\"Uredni\u0161tvo Novic\"},\"url\":\"https:\\\/\\\/novice.si\\\/page\\\/author\\\/jure\\\/\"}]}<\/script>\n<!-- \/ Yoast SEO plugin. -->","yoast_head_json":{"title":"Konji\u010dan Tijan Marovt na SP do najbolj\u0161ih FIS to\u010dk doslej - Novice.si","robots":{"index":"index","follow":"follow","max-snippet":"max-snippet:-1","max-image-preview":"max-image-preview:large","max-video-preview":"max-video-preview:-1"},"canonical":"https:\/\/novice.si\/page\/konjican-tijan-marovt-na-sp-do-najboljsih-fis-tock-doslej\/","og_locale":"sl_SI","og_type":"article","og_title":"Konji\u010dan Tijan Marovt na SP do najbolj\u0161ih FIS to\u010dk doslej - Novice.si","og_description":"Z nekoliko bolj\u0161o startno \u0161tevilko, kot jo ima na tekmah svetovnega pokala, je Tijan Marovt na svetovnem prvenstvu znova potrdil, da se je \u017ee sposoben uvr\u0161\u010dati med trideseterico najbolj\u0161ih slalomistov. V Courchevelu v Franciji se je Konji\u010dan na prvo progo podal s \u0161tevilko 46, postavil 25. \u010das in bil po prvi vo\u017enji tekmovalec z najvi\u0161jo [&hellip;]","og_url":"https:\/\/novice.si\/page\/konjican-tijan-marovt-na-sp-do-najboljsih-fis-tock-doslej\/","og_site_name":"Novice.si","article_published_time":"2023-02-19T20:22:11+00:00","article_modified_time":"2023-02-19T20:24:07+00:00","og_image":[{"width":2048,"height":1365,"url":"https:\/\/novice.si\/page\/wp-content\/uploads\/2023\/02\/marovt-tijan-SP-Courchevel-2023-1-foto-GEPA.jpg","type":"image\/jpeg"}],"author":"Uredni\u0161tvo Novic","twitter_card":"summary_large_image","twitter_misc":{"Written by":"Uredni\u0161tvo Novic","Est. reading time":"2 minuti"},"schema":{"@context":"https:\/\/schema.org","@graph":[{"@type":"Article","@id":"https:\/\/novice.si\/page\/konjican-tijan-marovt-na-sp-do-najboljsih-fis-tock-doslej\/#article","isPartOf":{"@id":"https:\/\/novice.si\/page\/konjican-tijan-marovt-na-sp-do-najboljsih-fis-tock-doslej\/"},"author":{"name":"Uredni\u0161tvo Novic","@id":"https:\/\/novice.si\/page\/#\/schema\/person\/a877dbb8680d441357ce27663beb35ca"},"headline":"Konji\u010dan Tijan Marovt na SP do najbolj\u0161ih FIS to\u010dk doslej","datePublished":"2023-02-19T20:22:11+00:00","dateModified":"2023-02-19T20:24:07+00:00","mainEntityOfPage":{"@id":"https:\/\/novice.si\/page\/konjican-tijan-marovt-na-sp-do-najboljsih-fis-tock-doslej\/"},"wordCount":211,"publisher":{"@id":"https:\/\/novice.si\/page\/#organization"},"image":{"@id":"https:\/\/novice.si\/page\/konjican-tijan-marovt-na-sp-do-najboljsih-fis-tock-doslej\/#primaryimage"},"thumbnailUrl":"https:\/\/novice.si\/page\/wp-content\/uploads\/2023\/02\/marovt-tijan-SP-Courchevel-2023-1-foto-GEPA.jpg","keywords":["svetovno prvenstvo v alpskem smu\u010danju","Tijan Marovt"],"articleSection":["Aktualno","Konji\u0161ko","\u0160port"],"inLanguage":"sl-SI"},{"@type":"WebPage","@id":"https:\/\/novice.si\/page\/konjican-tijan-marovt-na-sp-do-najboljsih-fis-tock-doslej\/","url":"https:\/\/novice.si\/page\/konjican-tijan-marovt-na-sp-do-najboljsih-fis-tock-doslej\/","name":"Konji\u010dan Tijan Marovt na SP do najbolj\u0161ih FIS to\u010dk doslej - Novice.si","isPartOf":{"@id":"https:\/\/novice.si\/page\/#website"},"primaryImageOfPage":{"@id":"https:\/\/novice.si\/page\/konjican-tijan-marovt-na-sp-do-najboljsih-fis-tock-doslej\/#primaryimage"},"image":{"@id":"https:\/\/novice.si\/page\/konjican-tijan-marovt-na-sp-do-najboljsih-fis-tock-doslej\/#primaryimage"},"thumbnailUrl":"https:\/\/novice.si\/page\/wp-content\/uploads\/2023\/02\/marovt-tijan-SP-Courchevel-2023-1-foto-GEPA.jpg","datePublished":"2023-02-19T20:22:11+00:00","dateModified":"2023-02-19T20:24:07+00:00","breadcrumb":{"@id":"https:\/\/novice.si\/page\/konjican-tijan-marovt-na-sp-do-najboljsih-fis-tock-doslej\/#breadcrumb"},"inLanguage":"sl-SI","potentialAction":[{"@type":"ReadAction","target":["https:\/\/novice.si\/page\/konjican-tijan-marovt-na-sp-do-najboljsih-fis-tock-doslej\/"]}]},{"@type":"ImageObject","inLanguage":"sl-SI","@id":"https:\/\/novice.si\/page\/konjican-tijan-marovt-na-sp-do-najboljsih-fis-tock-doslej\/#primaryimage","url":"https:\/\/novice.si\/page\/wp-content\/uploads\/2023\/02\/marovt-tijan-SP-Courchevel-2023-1-foto-GEPA.jpg","contentUrl":"https:\/\/novice.si\/page\/wp-content\/uploads\/2023\/02\/marovt-tijan-SP-Courchevel-2023-1-foto-GEPA.jpg","width":2048,"height":1365,"caption":"COURCHEVEL,FRANCE,19.FEB.23 - ALPINE SKIING - FIS Alpine World Ski Championships, slalom, men. Image shows Tijan Marovt (SLO). Photo: GEPA pictures\/ Mario Buehner"},{"@type":"BreadcrumbList","@id":"https:\/\/novice.si\/page\/konjican-tijan-marovt-na-sp-do-najboljsih-fis-tock-doslej\/#breadcrumb","itemListElement":[{"@type":"ListItem","position":1,"name":"Home","item":"https:\/\/novice.si\/page\/"},{"@type":"ListItem","position":2,"name":"Konji\u010dan Tijan Marovt na SP do najbolj\u0161ih FIS to\u010dk doslej"}]},{"@type":"WebSite","@id":"https:\/\/novice.si\/page\/#website","url":"https:\/\/novice.si\/page\/","name":"Novice.si","description":"","publisher":{"@id":"https:\/\/novice.si\/page\/#organization"},"potentialAction":[{"@type":"SearchAction","target":{"@type":"EntryPoint","urlTemplate":"https:\/\/novice.si\/page\/?s={search_term_string}"},"query-input":{"@type":"PropertyValueSpecification","valueRequired":true,"valueName":"search_term_string"}}],"inLanguage":"sl-SI"},{"@type":"Organization","@id":"https:\/\/novice.si\/page\/#organization","name":"Novice.si","url":"https:\/\/novice.si\/page\/","logo":{"@type":"ImageObject","inLanguage":"sl-SI","@id":"https:\/\/novice.si\/page\/#\/schema\/logo\/image\/","url":"https:\/\/novice.si\/page\/wp-content\/uploads\/2023\/03\/novice_si.png","contentUrl":"https:\/\/novice.si\/page\/wp-content\/uploads\/2023\/03\/novice_si.png","width":576,"height":200,"caption":"Novice.si"},"image":{"@id":"https:\/\/novice.si\/page\/#\/schema\/logo\/image\/"}},{"@type":"Person","@id":"https:\/\/novice.si\/page\/#\/schema\/person\/a877dbb8680d441357ce27663beb35ca","name":"Uredni\u0161tvo Novic","image":{"@type":"ImageObject","inLanguage":"sl-SI","@id":"https:\/\/secure.gravatar.com\/avatar\/f19c0ae874706cc9ba19d2f6da5f74a5a5ee7674f283fed29ce0ad16a9f1893e?s=96&d=mm&r=g","url":"https:\/\/secure.gravatar.com\/avatar\/f19c0ae874706cc9ba19d2f6da5f74a5a5ee7674f283fed29ce0ad16a9f1893e?s=96&d=mm&r=g","contentUrl":"https:\/\/secure.gravatar.com\/avatar\/f19c0ae874706cc9ba19d2f6da5f74a5a5ee7674f283fed29ce0ad16a9f1893e?s=96&d=mm&r=g","caption":"Uredni\u0161tvo Novic"},"url":"https:\/\/novice.si\/page\/author\/jure\/"}]}},"_links":{"self":[{"href":"https:\/\/novice.si\/page\/wp-json\/wp\/v2\/posts\/160089","targetHints":{"allow":["GET"]}}],"collection":[{"href":"https:\/\/novice.si\/page\/wp-json\/wp\/v2\/posts"}],"about":[{"href":"https:\/\/novice.si\/page\/wp-json\/wp\/v2\/types\/post"}],"author":[{"embeddable":true,"href":"https:\/\/novice.si\/page\/wp-json\/wp\/v2\/users\/7"}],"replies":[{"embeddable":true,"href":"https:\/\/novice.si\/page\/wp-json\/wp\/v2\/comments?post=160089"}],"version-history":[{"count":3,"href":"https:\/\/novice.si\/page\/wp-json\/wp\/v2\/posts\/160089\/revisions"}],"predecessor-version":[{"id":160105,"href":"https:\/\/novice.si\/page\/wp-json\/wp\/v2\/posts\/160089\/revisions\/160105"}],"wp:featuredmedia":[{"embeddable":true,"href":"https:\/\/novice.si\/page\/wp-json\/wp\/v2\/media\/160102"}],"wp:attachment":[{"href":"https:\/\/novice.si\/page\/wp-json\/wp\/v2\/media?parent=160089"}],"wp:term":[{"taxonomy":"category","embeddable":true,"href":"https:\/\/novice.si\/page\/wp-json\/wp\/v2\/categories?post=160089"},{"taxonomy":"post_tag","embeddable":true,"href":"https:\/\/novice.si\/page\/wp-json\/wp\/v2\/tags?post=160089"}],"curies":[{"name":"wp","href":"https:\/\/api.w.org\/{rel}","templated":true}]}}