{"id":160055,"date":"2023-02-18T23:10:27","date_gmt":"2023-02-18T22:10:27","guid":{"rendered":"https:\/\/novice.si\/page\/?p=160055"},"modified":"2023-02-18T23:10:27","modified_gmt":"2023-02-18T22:10:27","slug":"dp-tri-celjske-zmage-v-celju-tri-v-zagrebu","status":"publish","type":"post","link":"https:\/\/novice.si\/page\/dp-tri-celjske-zmage-v-celju-tri-v-zagrebu\/","title":{"rendered":"DP: tri celjske zmage v Celju, tri v Zagrebu"},"content":{"rendered":"<p><a href=\"https:\/\/novice.si\/page\/wp-content\/uploads\/2023\/02\/sutej-tina-dvoransko-DP-2023_resize.jpg\" data-gallery><img loading=\"lazy\" decoding=\"async\" class=\"size-medium wp-image-160056 alignleft\" src=\"https:\/\/novice.si\/page\/wp-content\/uploads\/2023\/02\/sutej-tina-dvoransko-DP-2023_resize-300x200.jpg\" alt=\"\" width=\"300\" height=\"200\" srcset=\"https:\/\/novice.si\/page\/wp-content\/uploads\/2023\/02\/sutej-tina-dvoransko-DP-2023_resize-300x200.jpg 300w, https:\/\/novice.si\/page\/wp-content\/uploads\/2023\/02\/sutej-tina-dvoransko-DP-2023_resize-768x512.jpg 768w, https:\/\/novice.si\/page\/wp-content\/uploads\/2023\/02\/sutej-tina-dvoransko-DP-2023_resize-696x464.jpg 696w, https:\/\/novice.si\/page\/wp-content\/uploads\/2023\/02\/sutej-tina-dvoransko-DP-2023_resize-630x420.jpg 630w, https:\/\/novice.si\/page\/wp-content\/uploads\/2023\/02\/sutej-tina-dvoransko-DP-2023_resize-24x16.jpg 24w, https:\/\/novice.si\/page\/wp-content\/uploads\/2023\/02\/sutej-tina-dvoransko-DP-2023_resize-36x24.jpg 36w, https:\/\/novice.si\/page\/wp-content\/uploads\/2023\/02\/sutej-tina-dvoransko-DP-2023_resize-48x32.jpg 48w, https:\/\/novice.si\/page\/wp-content\/uploads\/2023\/02\/sutej-tina-dvoransko-DP-2023_resize.jpg 800w\" sizes=\"auto, (max-width: 300px) 100vw, 300px\" \/><\/a>Atletinje in atleti so se letos za naslove dvoranskih dr\u017eavnih prvakov v \u010dlanski kategoriji borili na dveh lokacijah, v Celju in v Zagrebu. Trenutno najbolj\u0161a slovenska atletinja <strong>Tina \u0160utej<\/strong> je v soboto v doma\u010di dvorani presko\u010dila 465 centimetrov in zanesljivo zmagala. \u010clanica celjskega Kladivarja je na tekmi preizkusila nove palice, za katere pravi, da so ji zelo v\u0161e\u010d. V celjski dvorani si je od doma\u010dink zlato v troskoku priborila \u0161e <strong>Eva Pepelnak<\/strong> (13,42 m). Celjan <strong>Robert Renner<\/strong>, ki nastopa za ljubljanski Mass, je bil najbolj\u0161i v skoku s palico med mo\u0161kimi (530 cm). V Zagrebu, kjer so izpeljali kro\u017ene teke in suvanje krogle, so se med zmagovalce vpisali tudi <strong>Jan Vukovi\u010d <\/strong>na 800 metrov (1:50:95), <strong>Vid Botolin <\/strong>na 3.000 metrov (8:12,31) in <strong>Klara Lukan<\/strong> na 3.000 metrov (8:55,80). Teki na 400 in 1.500 metrov bodo na sporedu jutri.<br \/>\nNaslov dr\u017eavnega prvaka si je priboril tudi atlet Atletskega dru\u0161tva Slovenska Bistrica <strong>Nino Celec<\/strong>, ki je v daljino sko\u010dil 756 centimetrov. (Jure Mernik)<\/p>\n","protected":false},"excerpt":{"rendered":"<p>Atletinje in atleti so se letos za naslove dvoranskih dr\u017eavnih prvakov v \u010dlanski kategoriji borili na dveh lokacijah, v Celju in v Zagrebu. Trenutno najbolj\u0161a slovenska atletinja Tina \u0160utej je v soboto v doma\u010di dvorani presko\u010dila 465 centimetrov in zanesljivo zmagala. \u010clanica celjskega Kladivarja je na tekmi preizkusila nove palice, za katere pravi, da so [&hellip;]<\/p>\n","protected":false},"author":7,"featured_media":160056,"comment_status":"closed","ping_status":"closed","sticky":false,"template":"","format":"standard","meta":{"footnotes":""},"categories":[14,32,17,68],"tags":[5164,5163,5162,11765,5081,11614],"class_list":{"0":"post-160055","1":"post","2":"type-post","3":"status-publish","4":"format-standard","5":"has-post-thumbnail","7":"category-aktualno","8":"category-bistrisko","9":"category-celjsko","10":"category-sport","11":"tag-ad-kladivar-celje","12":"tag-eva-pepelnak","13":"tag-jan-vukovic","14":"tag-klara-lukan","15":"tag-tina-sutej","16":"tag-vid-botolin"},"yoast_head":"<!-- This site is optimized with the Yoast SEO plugin v27.4 - https:\/\/yoast.com\/product\/yoast-seo-wordpress\/ -->\n<title>DP: tri celjske zmage v Celju, tri v Zagrebu - Novice.si<\/title>\n<meta name=\"robots\" content=\"index, follow, max-snippet:-1, max-image-preview:large, max-video-preview:-1\" \/>\n<link rel=\"canonical\" href=\"https:\/\/novice.si\/page\/dp-tri-celjske-zmage-v-celju-tri-v-zagrebu\/\" \/>\n<meta property=\"og:locale\" content=\"sl_SI\" \/>\n<meta property=\"og:type\" content=\"article\" \/>\n<meta property=\"og:title\" content=\"DP: tri celjske zmage v Celju, tri v Zagrebu - Novice.si\" \/>\n<meta property=\"og:description\" content=\"Atletinje in atleti so se letos za naslove dvoranskih dr\u017eavnih prvakov v \u010dlanski kategoriji borili na dveh lokacijah, v Celju in v Zagrebu. Trenutno najbolj\u0161a slovenska atletinja Tina \u0160utej je v soboto v doma\u010di dvorani presko\u010dila 465 centimetrov in zanesljivo zmagala. \u010clanica celjskega Kladivarja je na tekmi preizkusila nove palice, za katere pravi, da so [&hellip;]\" \/>\n<meta property=\"og:url\" content=\"https:\/\/novice.si\/page\/dp-tri-celjske-zmage-v-celju-tri-v-zagrebu\/\" \/>\n<meta property=\"og:site_name\" content=\"Novice.si\" \/>\n<meta property=\"article:published_time\" content=\"2023-02-18T22:10:27+00:00\" \/>\n<meta property=\"og:image\" content=\"https:\/\/novice.si\/page\/wp-content\/uploads\/2023\/02\/sutej-tina-dvoransko-DP-2023_resize.jpg\" \/>\n\t<meta property=\"og:image:width\" content=\"800\" \/>\n\t<meta property=\"og:image:height\" content=\"533\" \/>\n\t<meta property=\"og:image:type\" content=\"image\/jpeg\" \/>\n<meta name=\"author\" content=\"Uredni\u0161tvo Novic\" \/>\n<meta name=\"twitter:card\" content=\"summary_large_image\" \/>\n<meta name=\"twitter:label1\" content=\"Written by\" \/>\n\t<meta name=\"twitter:data1\" content=\"Uredni\u0161tvo Novic\" \/>\n\t<meta name=\"twitter:label2\" content=\"Est. reading time\" \/>\n\t<meta name=\"twitter:data2\" content=\"2 minuti\" \/>\n<script type=\"application\/ld+json\" class=\"yoast-schema-graph\">{\"@context\":\"https:\\\/\\\/schema.org\",\"@graph\":[{\"@type\":\"Article\",\"@id\":\"https:\\\/\\\/novice.si\\\/page\\\/dp-tri-celjske-zmage-v-celju-tri-v-zagrebu\\\/#article\",\"isPartOf\":{\"@id\":\"https:\\\/\\\/novice.si\\\/page\\\/dp-tri-celjske-zmage-v-celju-tri-v-zagrebu\\\/\"},\"author\":{\"name\":\"Uredni\u0161tvo Novic\",\"@id\":\"https:\\\/\\\/novice.si\\\/page\\\/#\\\/schema\\\/person\\\/a877dbb8680d441357ce27663beb35ca\"},\"headline\":\"DP: tri celjske zmage v Celju, tri v Zagrebu\",\"datePublished\":\"2023-02-18T22:10:27+00:00\",\"mainEntityOfPage\":{\"@id\":\"https:\\\/\\\/novice.si\\\/page\\\/dp-tri-celjske-zmage-v-celju-tri-v-zagrebu\\\/\"},\"wordCount\":170,\"publisher\":{\"@id\":\"https:\\\/\\\/novice.si\\\/page\\\/#organization\"},\"image\":{\"@id\":\"https:\\\/\\\/novice.si\\\/page\\\/dp-tri-celjske-zmage-v-celju-tri-v-zagrebu\\\/#primaryimage\"},\"thumbnailUrl\":\"https:\\\/\\\/novice.si\\\/page\\\/wp-content\\\/uploads\\\/2023\\\/02\\\/sutej-tina-dvoransko-DP-2023_resize.jpg\",\"keywords\":[\"AD Kladivar Celje\",\"Eva Pepelnak\",\"Jan Vukovi\u010d\",\"Klara Lukan\",\"Tina \u0160utej\",\"Vid Botolin\"],\"articleSection\":[\"Aktualno\",\"Bistri\u0161ko\",\"Celjsko\",\"\u0160port\"],\"inLanguage\":\"sl-SI\"},{\"@type\":\"WebPage\",\"@id\":\"https:\\\/\\\/novice.si\\\/page\\\/dp-tri-celjske-zmage-v-celju-tri-v-zagrebu\\\/\",\"url\":\"https:\\\/\\\/novice.si\\\/page\\\/dp-tri-celjske-zmage-v-celju-tri-v-zagrebu\\\/\",\"name\":\"DP: tri celjske zmage v Celju, tri v Zagrebu - Novice.si\",\"isPartOf\":{\"@id\":\"https:\\\/\\\/novice.si\\\/page\\\/#website\"},\"primaryImageOfPage\":{\"@id\":\"https:\\\/\\\/novice.si\\\/page\\\/dp-tri-celjske-zmage-v-celju-tri-v-zagrebu\\\/#primaryimage\"},\"image\":{\"@id\":\"https:\\\/\\\/novice.si\\\/page\\\/dp-tri-celjske-zmage-v-celju-tri-v-zagrebu\\\/#primaryimage\"},\"thumbnailUrl\":\"https:\\\/\\\/novice.si\\\/page\\\/wp-content\\\/uploads\\\/2023\\\/02\\\/sutej-tina-dvoransko-DP-2023_resize.jpg\",\"datePublished\":\"2023-02-18T22:10:27+00:00\",\"breadcrumb\":{\"@id\":\"https:\\\/\\\/novice.si\\\/page\\\/dp-tri-celjske-zmage-v-celju-tri-v-zagrebu\\\/#breadcrumb\"},\"inLanguage\":\"sl-SI\",\"potentialAction\":[{\"@type\":\"ReadAction\",\"target\":[\"https:\\\/\\\/novice.si\\\/page\\\/dp-tri-celjske-zmage-v-celju-tri-v-zagrebu\\\/\"]}]},{\"@type\":\"ImageObject\",\"inLanguage\":\"sl-SI\",\"@id\":\"https:\\\/\\\/novice.si\\\/page\\\/dp-tri-celjske-zmage-v-celju-tri-v-zagrebu\\\/#primaryimage\",\"url\":\"https:\\\/\\\/novice.si\\\/page\\\/wp-content\\\/uploads\\\/2023\\\/02\\\/sutej-tina-dvoransko-DP-2023_resize.jpg\",\"contentUrl\":\"https:\\\/\\\/novice.si\\\/page\\\/wp-content\\\/uploads\\\/2023\\\/02\\\/sutej-tina-dvoransko-DP-2023_resize.jpg\",\"width\":800,\"height\":533},{\"@type\":\"BreadcrumbList\",\"@id\":\"https:\\\/\\\/novice.si\\\/page\\\/dp-tri-celjske-zmage-v-celju-tri-v-zagrebu\\\/#breadcrumb\",\"itemListElement\":[{\"@type\":\"ListItem\",\"position\":1,\"name\":\"Home\",\"item\":\"https:\\\/\\\/novice.si\\\/page\\\/\"},{\"@type\":\"ListItem\",\"position\":2,\"name\":\"DP: tri celjske zmage v Celju, tri v Zagrebu\"}]},{\"@type\":\"WebSite\",\"@id\":\"https:\\\/\\\/novice.si\\\/page\\\/#website\",\"url\":\"https:\\\/\\\/novice.si\\\/page\\\/\",\"name\":\"Novice.si\",\"description\":\"\",\"publisher\":{\"@id\":\"https:\\\/\\\/novice.si\\\/page\\\/#organization\"},\"potentialAction\":[{\"@type\":\"SearchAction\",\"target\":{\"@type\":\"EntryPoint\",\"urlTemplate\":\"https:\\\/\\\/novice.si\\\/page\\\/?s={search_term_string}\"},\"query-input\":{\"@type\":\"PropertyValueSpecification\",\"valueRequired\":true,\"valueName\":\"search_term_string\"}}],\"inLanguage\":\"sl-SI\"},{\"@type\":\"Organization\",\"@id\":\"https:\\\/\\\/novice.si\\\/page\\\/#organization\",\"name\":\"Novice.si\",\"url\":\"https:\\\/\\\/novice.si\\\/page\\\/\",\"logo\":{\"@type\":\"ImageObject\",\"inLanguage\":\"sl-SI\",\"@id\":\"https:\\\/\\\/novice.si\\\/page\\\/#\\\/schema\\\/logo\\\/image\\\/\",\"url\":\"https:\\\/\\\/novice.si\\\/page\\\/wp-content\\\/uploads\\\/2023\\\/03\\\/novice_si.png\",\"contentUrl\":\"https:\\\/\\\/novice.si\\\/page\\\/wp-content\\\/uploads\\\/2023\\\/03\\\/novice_si.png\",\"width\":576,\"height\":200,\"caption\":\"Novice.si\"},\"image\":{\"@id\":\"https:\\\/\\\/novice.si\\\/page\\\/#\\\/schema\\\/logo\\\/image\\\/\"}},{\"@type\":\"Person\",\"@id\":\"https:\\\/\\\/novice.si\\\/page\\\/#\\\/schema\\\/person\\\/a877dbb8680d441357ce27663beb35ca\",\"name\":\"Uredni\u0161tvo Novic\",\"image\":{\"@type\":\"ImageObject\",\"inLanguage\":\"sl-SI\",\"@id\":\"https:\\\/\\\/secure.gravatar.com\\\/avatar\\\/f19c0ae874706cc9ba19d2f6da5f74a5a5ee7674f283fed29ce0ad16a9f1893e?s=96&d=mm&r=g\",\"url\":\"https:\\\/\\\/secure.gravatar.com\\\/avatar\\\/f19c0ae874706cc9ba19d2f6da5f74a5a5ee7674f283fed29ce0ad16a9f1893e?s=96&d=mm&r=g\",\"contentUrl\":\"https:\\\/\\\/secure.gravatar.com\\\/avatar\\\/f19c0ae874706cc9ba19d2f6da5f74a5a5ee7674f283fed29ce0ad16a9f1893e?s=96&d=mm&r=g\",\"caption\":\"Uredni\u0161tvo Novic\"},\"url\":\"https:\\\/\\\/novice.si\\\/page\\\/author\\\/jure\\\/\"}]}<\/script>\n<!-- \/ Yoast SEO plugin. -->","yoast_head_json":{"title":"DP: tri celjske zmage v Celju, tri v Zagrebu - Novice.si","robots":{"index":"index","follow":"follow","max-snippet":"max-snippet:-1","max-image-preview":"max-image-preview:large","max-video-preview":"max-video-preview:-1"},"canonical":"https:\/\/novice.si\/page\/dp-tri-celjske-zmage-v-celju-tri-v-zagrebu\/","og_locale":"sl_SI","og_type":"article","og_title":"DP: tri celjske zmage v Celju, tri v Zagrebu - Novice.si","og_description":"Atletinje in atleti so se letos za naslove dvoranskih dr\u017eavnih prvakov v \u010dlanski kategoriji borili na dveh lokacijah, v Celju in v Zagrebu. Trenutno najbolj\u0161a slovenska atletinja Tina \u0160utej je v soboto v doma\u010di dvorani presko\u010dila 465 centimetrov in zanesljivo zmagala. \u010clanica celjskega Kladivarja je na tekmi preizkusila nove palice, za katere pravi, da so [&hellip;]","og_url":"https:\/\/novice.si\/page\/dp-tri-celjske-zmage-v-celju-tri-v-zagrebu\/","og_site_name":"Novice.si","article_published_time":"2023-02-18T22:10:27+00:00","og_image":[{"width":800,"height":533,"url":"https:\/\/novice.si\/page\/wp-content\/uploads\/2023\/02\/sutej-tina-dvoransko-DP-2023_resize.jpg","type":"image\/jpeg"}],"author":"Uredni\u0161tvo Novic","twitter_card":"summary_large_image","twitter_misc":{"Written by":"Uredni\u0161tvo Novic","Est. reading time":"2 minuti"},"schema":{"@context":"https:\/\/schema.org","@graph":[{"@type":"Article","@id":"https:\/\/novice.si\/page\/dp-tri-celjske-zmage-v-celju-tri-v-zagrebu\/#article","isPartOf":{"@id":"https:\/\/novice.si\/page\/dp-tri-celjske-zmage-v-celju-tri-v-zagrebu\/"},"author":{"name":"Uredni\u0161tvo Novic","@id":"https:\/\/novice.si\/page\/#\/schema\/person\/a877dbb8680d441357ce27663beb35ca"},"headline":"DP: tri celjske zmage v Celju, tri v Zagrebu","datePublished":"2023-02-18T22:10:27+00:00","mainEntityOfPage":{"@id":"https:\/\/novice.si\/page\/dp-tri-celjske-zmage-v-celju-tri-v-zagrebu\/"},"wordCount":170,"publisher":{"@id":"https:\/\/novice.si\/page\/#organization"},"image":{"@id":"https:\/\/novice.si\/page\/dp-tri-celjske-zmage-v-celju-tri-v-zagrebu\/#primaryimage"},"thumbnailUrl":"https:\/\/novice.si\/page\/wp-content\/uploads\/2023\/02\/sutej-tina-dvoransko-DP-2023_resize.jpg","keywords":["AD Kladivar Celje","Eva Pepelnak","Jan Vukovi\u010d","Klara Lukan","Tina \u0160utej","Vid Botolin"],"articleSection":["Aktualno","Bistri\u0161ko","Celjsko","\u0160port"],"inLanguage":"sl-SI"},{"@type":"WebPage","@id":"https:\/\/novice.si\/page\/dp-tri-celjske-zmage-v-celju-tri-v-zagrebu\/","url":"https:\/\/novice.si\/page\/dp-tri-celjske-zmage-v-celju-tri-v-zagrebu\/","name":"DP: tri celjske zmage v Celju, tri v Zagrebu - Novice.si","isPartOf":{"@id":"https:\/\/novice.si\/page\/#website"},"primaryImageOfPage":{"@id":"https:\/\/novice.si\/page\/dp-tri-celjske-zmage-v-celju-tri-v-zagrebu\/#primaryimage"},"image":{"@id":"https:\/\/novice.si\/page\/dp-tri-celjske-zmage-v-celju-tri-v-zagrebu\/#primaryimage"},"thumbnailUrl":"https:\/\/novice.si\/page\/wp-content\/uploads\/2023\/02\/sutej-tina-dvoransko-DP-2023_resize.jpg","datePublished":"2023-02-18T22:10:27+00:00","breadcrumb":{"@id":"https:\/\/novice.si\/page\/dp-tri-celjske-zmage-v-celju-tri-v-zagrebu\/#breadcrumb"},"inLanguage":"sl-SI","potentialAction":[{"@type":"ReadAction","target":["https:\/\/novice.si\/page\/dp-tri-celjske-zmage-v-celju-tri-v-zagrebu\/"]}]},{"@type":"ImageObject","inLanguage":"sl-SI","@id":"https:\/\/novice.si\/page\/dp-tri-celjske-zmage-v-celju-tri-v-zagrebu\/#primaryimage","url":"https:\/\/novice.si\/page\/wp-content\/uploads\/2023\/02\/sutej-tina-dvoransko-DP-2023_resize.jpg","contentUrl":"https:\/\/novice.si\/page\/wp-content\/uploads\/2023\/02\/sutej-tina-dvoransko-DP-2023_resize.jpg","width":800,"height":533},{"@type":"BreadcrumbList","@id":"https:\/\/novice.si\/page\/dp-tri-celjske-zmage-v-celju-tri-v-zagrebu\/#breadcrumb","itemListElement":[{"@type":"ListItem","position":1,"name":"Home","item":"https:\/\/novice.si\/page\/"},{"@type":"ListItem","position":2,"name":"DP: tri celjske zmage v Celju, tri v Zagrebu"}]},{"@type":"WebSite","@id":"https:\/\/novice.si\/page\/#website","url":"https:\/\/novice.si\/page\/","name":"Novice.si","description":"","publisher":{"@id":"https:\/\/novice.si\/page\/#organization"},"potentialAction":[{"@type":"SearchAction","target":{"@type":"EntryPoint","urlTemplate":"https:\/\/novice.si\/page\/?s={search_term_string}"},"query-input":{"@type":"PropertyValueSpecification","valueRequired":true,"valueName":"search_term_string"}}],"inLanguage":"sl-SI"},{"@type":"Organization","@id":"https:\/\/novice.si\/page\/#organization","name":"Novice.si","url":"https:\/\/novice.si\/page\/","logo":{"@type":"ImageObject","inLanguage":"sl-SI","@id":"https:\/\/novice.si\/page\/#\/schema\/logo\/image\/","url":"https:\/\/novice.si\/page\/wp-content\/uploads\/2023\/03\/novice_si.png","contentUrl":"https:\/\/novice.si\/page\/wp-content\/uploads\/2023\/03\/novice_si.png","width":576,"height":200,"caption":"Novice.si"},"image":{"@id":"https:\/\/novice.si\/page\/#\/schema\/logo\/image\/"}},{"@type":"Person","@id":"https:\/\/novice.si\/page\/#\/schema\/person\/a877dbb8680d441357ce27663beb35ca","name":"Uredni\u0161tvo Novic","image":{"@type":"ImageObject","inLanguage":"sl-SI","@id":"https:\/\/secure.gravatar.com\/avatar\/f19c0ae874706cc9ba19d2f6da5f74a5a5ee7674f283fed29ce0ad16a9f1893e?s=96&d=mm&r=g","url":"https:\/\/secure.gravatar.com\/avatar\/f19c0ae874706cc9ba19d2f6da5f74a5a5ee7674f283fed29ce0ad16a9f1893e?s=96&d=mm&r=g","contentUrl":"https:\/\/secure.gravatar.com\/avatar\/f19c0ae874706cc9ba19d2f6da5f74a5a5ee7674f283fed29ce0ad16a9f1893e?s=96&d=mm&r=g","caption":"Uredni\u0161tvo Novic"},"url":"https:\/\/novice.si\/page\/author\/jure\/"}]}},"_links":{"self":[{"href":"https:\/\/novice.si\/page\/wp-json\/wp\/v2\/posts\/160055","targetHints":{"allow":["GET"]}}],"collection":[{"href":"https:\/\/novice.si\/page\/wp-json\/wp\/v2\/posts"}],"about":[{"href":"https:\/\/novice.si\/page\/wp-json\/wp\/v2\/types\/post"}],"author":[{"embeddable":true,"href":"https:\/\/novice.si\/page\/wp-json\/wp\/v2\/users\/7"}],"replies":[{"embeddable":true,"href":"https:\/\/novice.si\/page\/wp-json\/wp\/v2\/comments?post=160055"}],"version-history":[{"count":1,"href":"https:\/\/novice.si\/page\/wp-json\/wp\/v2\/posts\/160055\/revisions"}],"predecessor-version":[{"id":160057,"href":"https:\/\/novice.si\/page\/wp-json\/wp\/v2\/posts\/160055\/revisions\/160057"}],"wp:featuredmedia":[{"embeddable":true,"href":"https:\/\/novice.si\/page\/wp-json\/wp\/v2\/media\/160056"}],"wp:attachment":[{"href":"https:\/\/novice.si\/page\/wp-json\/wp\/v2\/media?parent=160055"}],"wp:term":[{"taxonomy":"category","embeddable":true,"href":"https:\/\/novice.si\/page\/wp-json\/wp\/v2\/categories?post=160055"},{"taxonomy":"post_tag","embeddable":true,"href":"https:\/\/novice.si\/page\/wp-json\/wp\/v2\/tags?post=160055"}],"curies":[{"name":"wp","href":"https:\/\/api.w.org\/{rel}","templated":true}]}}