{"id":159987,"date":"2023-02-18T08:30:59","date_gmt":"2023-02-18T07:30:59","guid":{"rendered":"https:\/\/novice.si\/page\/?p=159987"},"modified":"2023-02-17T10:38:33","modified_gmt":"2023-02-17T09:38:33","slug":"v-skakalnem-centru-smartno-na-pohorju-gostijo-drzavno-prvenstvo-za-mlajse-kadetinje-in-kadete","status":"publish","type":"post","link":"https:\/\/novice.si\/page\/v-skakalnem-centru-smartno-na-pohorju-gostijo-drzavno-prvenstvo-za-mlajse-kadetinje-in-kadete\/","title":{"rendered":"V Skakalnem centru \u0160martno na Pohorju gostijo dr\u017eavno prvenstvo za mlaj\u0161e kadetinje in kadete"},"content":{"rendered":"<p>Skakalni center \u0160martno na Pohorju danes, 18. februarja, gosti pomembno tekmo, in sicer dr\u017eavno prvenstvo za mlaj\u0161e kadetinje in kadete. V centru Kal\u0161e bo \u017eivahno \u017ee od 9. ure dalje.<\/p>\n<p><a href=\"https:\/\/novice.si\/page\/wp-content\/uploads\/2023\/02\/smartno-1_resize.jpg\" data-gallery><img loading=\"lazy\" decoding=\"async\" class=\"alignnone size-medium wp-image-159988\" src=\"https:\/\/novice.si\/page\/wp-content\/uploads\/2023\/02\/smartno-1_resize-300x173.jpg\" alt=\"\" width=\"300\" height=\"173\" srcset=\"https:\/\/novice.si\/page\/wp-content\/uploads\/2023\/02\/smartno-1_resize-300x173.jpg 300w, https:\/\/novice.si\/page\/wp-content\/uploads\/2023\/02\/smartno-1_resize-768x444.jpg 768w, https:\/\/novice.si\/page\/wp-content\/uploads\/2023\/02\/smartno-1_resize-696x402.jpg 696w, https:\/\/novice.si\/page\/wp-content\/uploads\/2023\/02\/smartno-1_resize-727x420.jpg 727w, https:\/\/novice.si\/page\/wp-content\/uploads\/2023\/02\/smartno-1_resize-24x14.jpg 24w, https:\/\/novice.si\/page\/wp-content\/uploads\/2023\/02\/smartno-1_resize-36x21.jpg 36w, https:\/\/novice.si\/page\/wp-content\/uploads\/2023\/02\/smartno-1_resize-48x28.jpg 48w, https:\/\/novice.si\/page\/wp-content\/uploads\/2023\/02\/smartno-1_resize.jpg 1000w\" sizes=\"auto, (max-width: 300px) 100vw, 300px\" \/><\/a><\/p>\n<p>\u00bbMladi orli\u00ab bodo nastopili najprej posamezno in nato \u0161e ekipno. V doma\u010dem smu\u010darsko skakalnem klubu so se dobro pripravili na ta dan: tekmovalno prizori\u0161\u010de je urejeno, prav tako za\u0161\u010dite, parkiri\u0161\u010da so splu\u017eena, tudi za hrano in pija\u010do so poskrbeli, saj je zanimanje za tekmo v lokalnem okolju res veliko, pravi predsednik <strong>Rado Vaner<\/strong>: \u00bbTo je prva pomembna tekma po obnovi na\u0161ega skakalnega centra v \u0160martnem. Pri\u010dakujemo med 100 do 120 tekmovalk in tekmovalcev. Med njimi bosta tudi dva doma\u010dina, <strong>Marcel Jurgec<\/strong> in <strong>Tim Juhart<\/strong>, ki tekmujete vsak v svoji kategoriji do 12 in do 13 let. Tim Juhart je \u017ee osvajal stopni\u010dke na tekmah dr\u017eavnega prvenstva v mlaj\u0161ih kategorijah, tako da se tudi na tej doma\u010di skakalnici nadeja dobrega rezultata.\u00ab<br \/>\nSkakalnice v \u0160martnem po obnovi omogo\u010dajo skoke do okoli 45 metrov dale\u010d in so po mnenju vodstva kluba odli\u010dne za pridobivanje izku\u0161enj mladih tekmovalk in tekmovalcev. Pridobiti organizacijo dr\u017eavnega tekmovanja ni lahko. \u010ce bodo to prvenstvo korektno izpeljali, bodo lahko kandidirali tudi za poletno izvedbo. (B. Petelin\u0161ek)<\/p>\n<p>&nbsp;<\/p>\n","protected":false},"excerpt":{"rendered":"<p>Skakalni center \u0160martno na Pohorju danes, 18. februarja, gosti pomembno tekmo, in sicer dr\u017eavno prvenstvo za mlaj\u0161e kadetinje in kadete. V centru Kal\u0161e bo \u017eivahno \u017ee od 9. ure dalje. \u00bbMladi orli\u00ab bodo nastopili najprej posamezno in nato \u0161e ekipno. V doma\u010dem smu\u010darsko skakalnem klubu so se dobro pripravili na ta dan: tekmovalno prizori\u0161\u010de je [&hellip;]<\/p>\n","protected":false},"author":8,"featured_media":159988,"comment_status":"closed","ping_status":"closed","sticky":false,"template":"","format":"standard","meta":{"footnotes":""},"categories":[14,32],"tags":[9401,17114,2638,392,17115],"class_list":{"0":"post-159987","1":"post","2":"type-post","3":"status-publish","4":"format-standard","5":"has-post-thumbnail","7":"category-aktualno","8":"category-bistrisko","9":"tag-kalse","10":"tag-skoki","11":"tag-smartno","12":"tag-tekma","13":"tag-vaner"},"yoast_head":"<!-- This site is optimized with the Yoast SEO plugin v27.4 - https:\/\/yoast.com\/product\/yoast-seo-wordpress\/ -->\n<title>V Skakalnem centru \u0160martno na Pohorju gostijo dr\u017eavno prvenstvo za mlaj\u0161e kadetinje in kadete - Novice.si<\/title>\n<meta name=\"robots\" content=\"index, follow, max-snippet:-1, max-image-preview:large, max-video-preview:-1\" \/>\n<link rel=\"canonical\" href=\"https:\/\/novice.si\/page\/v-skakalnem-centru-smartno-na-pohorju-gostijo-drzavno-prvenstvo-za-mlajse-kadetinje-in-kadete\/\" \/>\n<meta property=\"og:locale\" content=\"sl_SI\" \/>\n<meta property=\"og:type\" content=\"article\" \/>\n<meta property=\"og:title\" content=\"V Skakalnem centru \u0160martno na Pohorju gostijo dr\u017eavno prvenstvo za mlaj\u0161e kadetinje in kadete - Novice.si\" \/>\n<meta property=\"og:description\" content=\"Skakalni center \u0160martno na Pohorju danes, 18. februarja, gosti pomembno tekmo, in sicer dr\u017eavno prvenstvo za mlaj\u0161e kadetinje in kadete. V centru Kal\u0161e bo \u017eivahno \u017ee od 9. ure dalje. \u00bbMladi orli\u00ab bodo nastopili najprej posamezno in nato \u0161e ekipno. V doma\u010dem smu\u010darsko skakalnem klubu so se dobro pripravili na ta dan: tekmovalno prizori\u0161\u010de je [&hellip;]\" \/>\n<meta property=\"og:url\" content=\"https:\/\/novice.si\/page\/v-skakalnem-centru-smartno-na-pohorju-gostijo-drzavno-prvenstvo-za-mlajse-kadetinje-in-kadete\/\" \/>\n<meta property=\"og:site_name\" content=\"Novice.si\" \/>\n<meta property=\"article:published_time\" content=\"2023-02-18T07:30:59+00:00\" \/>\n<meta property=\"og:image\" content=\"https:\/\/novice.si\/page\/wp-content\/uploads\/2023\/02\/smartno-1_resize.jpg\" \/>\n\t<meta property=\"og:image:width\" content=\"1000\" \/>\n\t<meta property=\"og:image:height\" content=\"578\" \/>\n\t<meta property=\"og:image:type\" content=\"image\/jpeg\" \/>\n<meta name=\"author\" content=\"Uredni\u0161tvo Bistri\u0161kih novic\" \/>\n<meta name=\"twitter:card\" content=\"summary_large_image\" \/>\n<meta name=\"twitter:label1\" content=\"Written by\" \/>\n\t<meta name=\"twitter:data1\" content=\"Uredni\u0161tvo Bistri\u0161kih novic\" \/>\n\t<meta name=\"twitter:label2\" content=\"Est. reading time\" \/>\n\t<meta name=\"twitter:data2\" content=\"2 minuti\" \/>\n<script type=\"application\/ld+json\" class=\"yoast-schema-graph\">{\"@context\":\"https:\\\/\\\/schema.org\",\"@graph\":[{\"@type\":\"Article\",\"@id\":\"https:\\\/\\\/novice.si\\\/page\\\/v-skakalnem-centru-smartno-na-pohorju-gostijo-drzavno-prvenstvo-za-mlajse-kadetinje-in-kadete\\\/#article\",\"isPartOf\":{\"@id\":\"https:\\\/\\\/novice.si\\\/page\\\/v-skakalnem-centru-smartno-na-pohorju-gostijo-drzavno-prvenstvo-za-mlajse-kadetinje-in-kadete\\\/\"},\"author\":{\"name\":\"Uredni\u0161tvo Bistri\u0161kih novic\",\"@id\":\"https:\\\/\\\/novice.si\\\/page\\\/#\\\/schema\\\/person\\\/96b32396deedcde3f7f776c306b4be21\"},\"headline\":\"V Skakalnem centru \u0160martno na Pohorju gostijo dr\u017eavno prvenstvo za mlaj\u0161e kadetinje in kadete\",\"datePublished\":\"2023-02-18T07:30:59+00:00\",\"mainEntityOfPage\":{\"@id\":\"https:\\\/\\\/novice.si\\\/page\\\/v-skakalnem-centru-smartno-na-pohorju-gostijo-drzavno-prvenstvo-za-mlajse-kadetinje-in-kadete\\\/\"},\"wordCount\":229,\"publisher\":{\"@id\":\"https:\\\/\\\/novice.si\\\/page\\\/#organization\"},\"image\":{\"@id\":\"https:\\\/\\\/novice.si\\\/page\\\/v-skakalnem-centru-smartno-na-pohorju-gostijo-drzavno-prvenstvo-za-mlajse-kadetinje-in-kadete\\\/#primaryimage\"},\"thumbnailUrl\":\"https:\\\/\\\/novice.si\\\/page\\\/wp-content\\\/uploads\\\/2023\\\/02\\\/smartno-1_resize.jpg\",\"keywords\":[\"Kal\u0161e\",\"skoki\",\"smartno\",\"tekma\",\"vaner\"],\"articleSection\":[\"Aktualno\",\"Bistri\u0161ko\"],\"inLanguage\":\"sl-SI\"},{\"@type\":\"WebPage\",\"@id\":\"https:\\\/\\\/novice.si\\\/page\\\/v-skakalnem-centru-smartno-na-pohorju-gostijo-drzavno-prvenstvo-za-mlajse-kadetinje-in-kadete\\\/\",\"url\":\"https:\\\/\\\/novice.si\\\/page\\\/v-skakalnem-centru-smartno-na-pohorju-gostijo-drzavno-prvenstvo-za-mlajse-kadetinje-in-kadete\\\/\",\"name\":\"V Skakalnem centru \u0160martno na Pohorju gostijo dr\u017eavno prvenstvo za mlaj\u0161e kadetinje in kadete - Novice.si\",\"isPartOf\":{\"@id\":\"https:\\\/\\\/novice.si\\\/page\\\/#website\"},\"primaryImageOfPage\":{\"@id\":\"https:\\\/\\\/novice.si\\\/page\\\/v-skakalnem-centru-smartno-na-pohorju-gostijo-drzavno-prvenstvo-za-mlajse-kadetinje-in-kadete\\\/#primaryimage\"},\"image\":{\"@id\":\"https:\\\/\\\/novice.si\\\/page\\\/v-skakalnem-centru-smartno-na-pohorju-gostijo-drzavno-prvenstvo-za-mlajse-kadetinje-in-kadete\\\/#primaryimage\"},\"thumbnailUrl\":\"https:\\\/\\\/novice.si\\\/page\\\/wp-content\\\/uploads\\\/2023\\\/02\\\/smartno-1_resize.jpg\",\"datePublished\":\"2023-02-18T07:30:59+00:00\",\"breadcrumb\":{\"@id\":\"https:\\\/\\\/novice.si\\\/page\\\/v-skakalnem-centru-smartno-na-pohorju-gostijo-drzavno-prvenstvo-za-mlajse-kadetinje-in-kadete\\\/#breadcrumb\"},\"inLanguage\":\"sl-SI\",\"potentialAction\":[{\"@type\":\"ReadAction\",\"target\":[\"https:\\\/\\\/novice.si\\\/page\\\/v-skakalnem-centru-smartno-na-pohorju-gostijo-drzavno-prvenstvo-za-mlajse-kadetinje-in-kadete\\\/\"]}]},{\"@type\":\"ImageObject\",\"inLanguage\":\"sl-SI\",\"@id\":\"https:\\\/\\\/novice.si\\\/page\\\/v-skakalnem-centru-smartno-na-pohorju-gostijo-drzavno-prvenstvo-za-mlajse-kadetinje-in-kadete\\\/#primaryimage\",\"url\":\"https:\\\/\\\/novice.si\\\/page\\\/wp-content\\\/uploads\\\/2023\\\/02\\\/smartno-1_resize.jpg\",\"contentUrl\":\"https:\\\/\\\/novice.si\\\/page\\\/wp-content\\\/uploads\\\/2023\\\/02\\\/smartno-1_resize.jpg\",\"width\":1000,\"height\":578},{\"@type\":\"BreadcrumbList\",\"@id\":\"https:\\\/\\\/novice.si\\\/page\\\/v-skakalnem-centru-smartno-na-pohorju-gostijo-drzavno-prvenstvo-za-mlajse-kadetinje-in-kadete\\\/#breadcrumb\",\"itemListElement\":[{\"@type\":\"ListItem\",\"position\":1,\"name\":\"Home\",\"item\":\"https:\\\/\\\/novice.si\\\/page\\\/\"},{\"@type\":\"ListItem\",\"position\":2,\"name\":\"V Skakalnem centru \u0160martno na Pohorju gostijo dr\u017eavno prvenstvo za mlaj\u0161e kadetinje in kadete\"}]},{\"@type\":\"WebSite\",\"@id\":\"https:\\\/\\\/novice.si\\\/page\\\/#website\",\"url\":\"https:\\\/\\\/novice.si\\\/page\\\/\",\"name\":\"Novice.si\",\"description\":\"\",\"publisher\":{\"@id\":\"https:\\\/\\\/novice.si\\\/page\\\/#organization\"},\"potentialAction\":[{\"@type\":\"SearchAction\",\"target\":{\"@type\":\"EntryPoint\",\"urlTemplate\":\"https:\\\/\\\/novice.si\\\/page\\\/?s={search_term_string}\"},\"query-input\":{\"@type\":\"PropertyValueSpecification\",\"valueRequired\":true,\"valueName\":\"search_term_string\"}}],\"inLanguage\":\"sl-SI\"},{\"@type\":\"Organization\",\"@id\":\"https:\\\/\\\/novice.si\\\/page\\\/#organization\",\"name\":\"Novice.si\",\"url\":\"https:\\\/\\\/novice.si\\\/page\\\/\",\"logo\":{\"@type\":\"ImageObject\",\"inLanguage\":\"sl-SI\",\"@id\":\"https:\\\/\\\/novice.si\\\/page\\\/#\\\/schema\\\/logo\\\/image\\\/\",\"url\":\"https:\\\/\\\/novice.si\\\/page\\\/wp-content\\\/uploads\\\/2023\\\/03\\\/novice_si.png\",\"contentUrl\":\"https:\\\/\\\/novice.si\\\/page\\\/wp-content\\\/uploads\\\/2023\\\/03\\\/novice_si.png\",\"width\":576,\"height\":200,\"caption\":\"Novice.si\"},\"image\":{\"@id\":\"https:\\\/\\\/novice.si\\\/page\\\/#\\\/schema\\\/logo\\\/image\\\/\"}},{\"@type\":\"Person\",\"@id\":\"https:\\\/\\\/novice.si\\\/page\\\/#\\\/schema\\\/person\\\/96b32396deedcde3f7f776c306b4be21\",\"name\":\"Uredni\u0161tvo Bistri\u0161kih novic\",\"image\":{\"@type\":\"ImageObject\",\"inLanguage\":\"sl-SI\",\"@id\":\"https:\\\/\\\/secure.gravatar.com\\\/avatar\\\/26c56c4b10cdb3a21e86442e5f2845a4eafdd0f3605def77ec6cff4aaef32ea4?s=96&d=mm&r=g\",\"url\":\"https:\\\/\\\/secure.gravatar.com\\\/avatar\\\/26c56c4b10cdb3a21e86442e5f2845a4eafdd0f3605def77ec6cff4aaef32ea4?s=96&d=mm&r=g\",\"contentUrl\":\"https:\\\/\\\/secure.gravatar.com\\\/avatar\\\/26c56c4b10cdb3a21e86442e5f2845a4eafdd0f3605def77ec6cff4aaef32ea4?s=96&d=mm&r=g\",\"caption\":\"Uredni\u0161tvo Bistri\u0161kih novic\"},\"url\":\"https:\\\/\\\/novice.si\\\/page\\\/author\\\/bojana\\\/\"}]}<\/script>\n<!-- \/ Yoast SEO plugin. -->","yoast_head_json":{"title":"V Skakalnem centru \u0160martno na Pohorju gostijo dr\u017eavno prvenstvo za mlaj\u0161e kadetinje in kadete - Novice.si","robots":{"index":"index","follow":"follow","max-snippet":"max-snippet:-1","max-image-preview":"max-image-preview:large","max-video-preview":"max-video-preview:-1"},"canonical":"https:\/\/novice.si\/page\/v-skakalnem-centru-smartno-na-pohorju-gostijo-drzavno-prvenstvo-za-mlajse-kadetinje-in-kadete\/","og_locale":"sl_SI","og_type":"article","og_title":"V Skakalnem centru \u0160martno na Pohorju gostijo dr\u017eavno prvenstvo za mlaj\u0161e kadetinje in kadete - Novice.si","og_description":"Skakalni center \u0160martno na Pohorju danes, 18. februarja, gosti pomembno tekmo, in sicer dr\u017eavno prvenstvo za mlaj\u0161e kadetinje in kadete. V centru Kal\u0161e bo \u017eivahno \u017ee od 9. ure dalje. \u00bbMladi orli\u00ab bodo nastopili najprej posamezno in nato \u0161e ekipno. V doma\u010dem smu\u010darsko skakalnem klubu so se dobro pripravili na ta dan: tekmovalno prizori\u0161\u010de je [&hellip;]","og_url":"https:\/\/novice.si\/page\/v-skakalnem-centru-smartno-na-pohorju-gostijo-drzavno-prvenstvo-za-mlajse-kadetinje-in-kadete\/","og_site_name":"Novice.si","article_published_time":"2023-02-18T07:30:59+00:00","og_image":[{"width":1000,"height":578,"url":"https:\/\/novice.si\/page\/wp-content\/uploads\/2023\/02\/smartno-1_resize.jpg","type":"image\/jpeg"}],"author":"Uredni\u0161tvo Bistri\u0161kih novic","twitter_card":"summary_large_image","twitter_misc":{"Written by":"Uredni\u0161tvo Bistri\u0161kih novic","Est. reading time":"2 minuti"},"schema":{"@context":"https:\/\/schema.org","@graph":[{"@type":"Article","@id":"https:\/\/novice.si\/page\/v-skakalnem-centru-smartno-na-pohorju-gostijo-drzavno-prvenstvo-za-mlajse-kadetinje-in-kadete\/#article","isPartOf":{"@id":"https:\/\/novice.si\/page\/v-skakalnem-centru-smartno-na-pohorju-gostijo-drzavno-prvenstvo-za-mlajse-kadetinje-in-kadete\/"},"author":{"name":"Uredni\u0161tvo Bistri\u0161kih novic","@id":"https:\/\/novice.si\/page\/#\/schema\/person\/96b32396deedcde3f7f776c306b4be21"},"headline":"V Skakalnem centru \u0160martno na Pohorju gostijo dr\u017eavno prvenstvo za mlaj\u0161e kadetinje in kadete","datePublished":"2023-02-18T07:30:59+00:00","mainEntityOfPage":{"@id":"https:\/\/novice.si\/page\/v-skakalnem-centru-smartno-na-pohorju-gostijo-drzavno-prvenstvo-za-mlajse-kadetinje-in-kadete\/"},"wordCount":229,"publisher":{"@id":"https:\/\/novice.si\/page\/#organization"},"image":{"@id":"https:\/\/novice.si\/page\/v-skakalnem-centru-smartno-na-pohorju-gostijo-drzavno-prvenstvo-za-mlajse-kadetinje-in-kadete\/#primaryimage"},"thumbnailUrl":"https:\/\/novice.si\/page\/wp-content\/uploads\/2023\/02\/smartno-1_resize.jpg","keywords":["Kal\u0161e","skoki","smartno","tekma","vaner"],"articleSection":["Aktualno","Bistri\u0161ko"],"inLanguage":"sl-SI"},{"@type":"WebPage","@id":"https:\/\/novice.si\/page\/v-skakalnem-centru-smartno-na-pohorju-gostijo-drzavno-prvenstvo-za-mlajse-kadetinje-in-kadete\/","url":"https:\/\/novice.si\/page\/v-skakalnem-centru-smartno-na-pohorju-gostijo-drzavno-prvenstvo-za-mlajse-kadetinje-in-kadete\/","name":"V Skakalnem centru \u0160martno na Pohorju gostijo dr\u017eavno prvenstvo za mlaj\u0161e kadetinje in kadete - Novice.si","isPartOf":{"@id":"https:\/\/novice.si\/page\/#website"},"primaryImageOfPage":{"@id":"https:\/\/novice.si\/page\/v-skakalnem-centru-smartno-na-pohorju-gostijo-drzavno-prvenstvo-za-mlajse-kadetinje-in-kadete\/#primaryimage"},"image":{"@id":"https:\/\/novice.si\/page\/v-skakalnem-centru-smartno-na-pohorju-gostijo-drzavno-prvenstvo-za-mlajse-kadetinje-in-kadete\/#primaryimage"},"thumbnailUrl":"https:\/\/novice.si\/page\/wp-content\/uploads\/2023\/02\/smartno-1_resize.jpg","datePublished":"2023-02-18T07:30:59+00:00","breadcrumb":{"@id":"https:\/\/novice.si\/page\/v-skakalnem-centru-smartno-na-pohorju-gostijo-drzavno-prvenstvo-za-mlajse-kadetinje-in-kadete\/#breadcrumb"},"inLanguage":"sl-SI","potentialAction":[{"@type":"ReadAction","target":["https:\/\/novice.si\/page\/v-skakalnem-centru-smartno-na-pohorju-gostijo-drzavno-prvenstvo-za-mlajse-kadetinje-in-kadete\/"]}]},{"@type":"ImageObject","inLanguage":"sl-SI","@id":"https:\/\/novice.si\/page\/v-skakalnem-centru-smartno-na-pohorju-gostijo-drzavno-prvenstvo-za-mlajse-kadetinje-in-kadete\/#primaryimage","url":"https:\/\/novice.si\/page\/wp-content\/uploads\/2023\/02\/smartno-1_resize.jpg","contentUrl":"https:\/\/novice.si\/page\/wp-content\/uploads\/2023\/02\/smartno-1_resize.jpg","width":1000,"height":578},{"@type":"BreadcrumbList","@id":"https:\/\/novice.si\/page\/v-skakalnem-centru-smartno-na-pohorju-gostijo-drzavno-prvenstvo-za-mlajse-kadetinje-in-kadete\/#breadcrumb","itemListElement":[{"@type":"ListItem","position":1,"name":"Home","item":"https:\/\/novice.si\/page\/"},{"@type":"ListItem","position":2,"name":"V Skakalnem centru \u0160martno na Pohorju gostijo dr\u017eavno prvenstvo za mlaj\u0161e kadetinje in kadete"}]},{"@type":"WebSite","@id":"https:\/\/novice.si\/page\/#website","url":"https:\/\/novice.si\/page\/","name":"Novice.si","description":"","publisher":{"@id":"https:\/\/novice.si\/page\/#organization"},"potentialAction":[{"@type":"SearchAction","target":{"@type":"EntryPoint","urlTemplate":"https:\/\/novice.si\/page\/?s={search_term_string}"},"query-input":{"@type":"PropertyValueSpecification","valueRequired":true,"valueName":"search_term_string"}}],"inLanguage":"sl-SI"},{"@type":"Organization","@id":"https:\/\/novice.si\/page\/#organization","name":"Novice.si","url":"https:\/\/novice.si\/page\/","logo":{"@type":"ImageObject","inLanguage":"sl-SI","@id":"https:\/\/novice.si\/page\/#\/schema\/logo\/image\/","url":"https:\/\/novice.si\/page\/wp-content\/uploads\/2023\/03\/novice_si.png","contentUrl":"https:\/\/novice.si\/page\/wp-content\/uploads\/2023\/03\/novice_si.png","width":576,"height":200,"caption":"Novice.si"},"image":{"@id":"https:\/\/novice.si\/page\/#\/schema\/logo\/image\/"}},{"@type":"Person","@id":"https:\/\/novice.si\/page\/#\/schema\/person\/96b32396deedcde3f7f776c306b4be21","name":"Uredni\u0161tvo Bistri\u0161kih novic","image":{"@type":"ImageObject","inLanguage":"sl-SI","@id":"https:\/\/secure.gravatar.com\/avatar\/26c56c4b10cdb3a21e86442e5f2845a4eafdd0f3605def77ec6cff4aaef32ea4?s=96&d=mm&r=g","url":"https:\/\/secure.gravatar.com\/avatar\/26c56c4b10cdb3a21e86442e5f2845a4eafdd0f3605def77ec6cff4aaef32ea4?s=96&d=mm&r=g","contentUrl":"https:\/\/secure.gravatar.com\/avatar\/26c56c4b10cdb3a21e86442e5f2845a4eafdd0f3605def77ec6cff4aaef32ea4?s=96&d=mm&r=g","caption":"Uredni\u0161tvo Bistri\u0161kih novic"},"url":"https:\/\/novice.si\/page\/author\/bojana\/"}]}},"_links":{"self":[{"href":"https:\/\/novice.si\/page\/wp-json\/wp\/v2\/posts\/159987","targetHints":{"allow":["GET"]}}],"collection":[{"href":"https:\/\/novice.si\/page\/wp-json\/wp\/v2\/posts"}],"about":[{"href":"https:\/\/novice.si\/page\/wp-json\/wp\/v2\/types\/post"}],"author":[{"embeddable":true,"href":"https:\/\/novice.si\/page\/wp-json\/wp\/v2\/users\/8"}],"replies":[{"embeddable":true,"href":"https:\/\/novice.si\/page\/wp-json\/wp\/v2\/comments?post=159987"}],"version-history":[{"count":1,"href":"https:\/\/novice.si\/page\/wp-json\/wp\/v2\/posts\/159987\/revisions"}],"predecessor-version":[{"id":159989,"href":"https:\/\/novice.si\/page\/wp-json\/wp\/v2\/posts\/159987\/revisions\/159989"}],"wp:featuredmedia":[{"embeddable":true,"href":"https:\/\/novice.si\/page\/wp-json\/wp\/v2\/media\/159988"}],"wp:attachment":[{"href":"https:\/\/novice.si\/page\/wp-json\/wp\/v2\/media?parent=159987"}],"wp:term":[{"taxonomy":"category","embeddable":true,"href":"https:\/\/novice.si\/page\/wp-json\/wp\/v2\/categories?post=159987"},{"taxonomy":"post_tag","embeddable":true,"href":"https:\/\/novice.si\/page\/wp-json\/wp\/v2\/tags?post=159987"}],"curies":[{"name":"wp","href":"https:\/\/api.w.org\/{rel}","templated":true}]}}