{"id":159963,"date":"2023-02-17T11:11:33","date_gmt":"2023-02-17T10:11:33","guid":{"rendered":"https:\/\/novice.si\/page\/?p=159963"},"modified":"2023-02-16T19:13:03","modified_gmt":"2023-02-16T18:13:03","slug":"obelezili-20-obletnico-programa","status":"publish","type":"post","link":"https:\/\/novice.si\/page\/obelezili-20-obletnico-programa\/","title":{"rendered":"Obele\u017eili 20. obletnico programa"},"content":{"rendered":"<p><em><a href=\"https:\/\/novice.si\/page\/wp-content\/uploads\/2023\/02\/Mladi-kozmeticna-2.jpg\" data-gallery><img loading=\"lazy\" decoding=\"async\" class=\"size-medium wp-image-159964 alignleft\" src=\"https:\/\/novice.si\/page\/wp-content\/uploads\/2023\/02\/Mladi-kozmeticna-2-300x225.jpg\" alt=\"\" width=\"300\" height=\"225\" srcset=\"https:\/\/novice.si\/page\/wp-content\/uploads\/2023\/02\/Mladi-kozmeticna-2-300x225.jpg 300w, https:\/\/novice.si\/page\/wp-content\/uploads\/2023\/02\/Mladi-kozmeticna-2-768x576.jpg 768w, https:\/\/novice.si\/page\/wp-content\/uploads\/2023\/02\/Mladi-kozmeticna-2-80x60.jpg 80w, https:\/\/novice.si\/page\/wp-content\/uploads\/2023\/02\/Mladi-kozmeticna-2-265x198.jpg 265w, https:\/\/novice.si\/page\/wp-content\/uploads\/2023\/02\/Mladi-kozmeticna-2-696x522.jpg 696w, https:\/\/novice.si\/page\/wp-content\/uploads\/2023\/02\/Mladi-kozmeticna-2-560x420.jpg 560w, https:\/\/novice.si\/page\/wp-content\/uploads\/2023\/02\/Mladi-kozmeticna-2-24x18.jpg 24w, https:\/\/novice.si\/page\/wp-content\/uploads\/2023\/02\/Mladi-kozmeticna-2-36x27.jpg 36w, https:\/\/novice.si\/page\/wp-content\/uploads\/2023\/02\/Mladi-kozmeticna-2-48x36.jpg 48w, https:\/\/novice.si\/page\/wp-content\/uploads\/2023\/02\/Mladi-kozmeticna-2.jpg 1024w\" sizes=\"auto, (max-width: 300px) 100vw, 300px\" \/><\/a>Na Srednji zdravstveni in kozmeti\u010dni \u0161oli Celje so pred nedavnim izpeljali okroglo mizo ob obele\u017eitvi 20. obletnice programa PTI v rednem programu.<\/em><\/p>\n<p>Na okroglo mizo so bile povabljene gostje, ki so vsaka na svoj na\u010din do\u017eivljale izvajanje tega programa. Ravnateljica takratne Srednje zdravstvene \u0161ole Celje in predsednica Skupnosti srednjih zdravstvenih \u0161ol Slovenije profesorica <strong>Marija Marolt<\/strong> je poudarila, da so se v tistem \u010dasu trudili uvesti program PTI zato, da bi imeli dijaki 3-letnega programa bolni\u010dar-negovalec po zaklju\u010dku mo\u017enost nadaljnjega izobra\u017eevanja.<\/p>\n<p><strong>Pridobijo veliko prakti\u010dnih izku\u0161enj<\/strong><\/p>\n<p>Posluha s strani pristojnih institucij od za\u010detka ni bilo, z vztrajnostjo in potrpe\u017eljivostjo pa je nastopil trenutek, ko je pri\u0161lo do realizacije programa PTI. Profesorica <strong>Slavka Kosi<\/strong> je med drugim predstavila vlogo razrednika in dela z dijaki. Biv\u0161a dijakinja <strong>Maja Bogdanovi\u0107<\/strong> pa je predstavila svojo pot izobra\u017eevanja po celotni vertikali od bolni\u010darja-negovalca, PTI-ja do \u0161tudija zdravstvene nege na 1. stopnji in magistrskega \u0161tudija, ki ga trenutno obiskuje. Ve\u010d o jubileju in posebnem dogodku pa v aktualnem Celjanu.<\/p>\n","protected":false},"excerpt":{"rendered":"<p>Na Srednji zdravstveni in kozmeti\u010dni \u0161oli Celje so pred nedavnim izpeljali okroglo mizo ob obele\u017eitvi 20. obletnice programa PTI v rednem programu. Na okroglo mizo so bile povabljene gostje, ki so vsaka na svoj na\u010din do\u017eivljale izvajanje tega programa. Ravnateljica takratne Srednje zdravstvene \u0161ole Celje in predsednica Skupnosti srednjih zdravstvenih \u0161ol Slovenije profesorica Marija Marolt [&hellip;]<\/p>\n","protected":false},"author":55,"featured_media":159964,"comment_status":"closed","ping_status":"closed","sticky":false,"template":"","format":"standard","meta":{"footnotes":""},"categories":[14,142,17],"tags":[],"class_list":{"0":"post-159963","1":"post","2":"type-post","3":"status-publish","4":"format-standard","5":"has-post-thumbnail","7":"category-aktualno","8":"category-celjan","9":"category-celjsko"},"yoast_head":"<!-- This site is optimized with the Yoast SEO plugin v27.4 - https:\/\/yoast.com\/product\/yoast-seo-wordpress\/ -->\n<title>Obele\u017eili 20. obletnico programa - Novice.si<\/title>\n<meta name=\"robots\" content=\"index, follow, max-snippet:-1, max-image-preview:large, max-video-preview:-1\" \/>\n<link rel=\"canonical\" href=\"https:\/\/novice.si\/page\/obelezili-20-obletnico-programa\/\" \/>\n<meta property=\"og:locale\" content=\"sl_SI\" \/>\n<meta property=\"og:type\" content=\"article\" \/>\n<meta property=\"og:title\" content=\"Obele\u017eili 20. obletnico programa - Novice.si\" \/>\n<meta property=\"og:description\" content=\"Na Srednji zdravstveni in kozmeti\u010dni \u0161oli Celje so pred nedavnim izpeljali okroglo mizo ob obele\u017eitvi 20. obletnice programa PTI v rednem programu. Na okroglo mizo so bile povabljene gostje, ki so vsaka na svoj na\u010din do\u017eivljale izvajanje tega programa. Ravnateljica takratne Srednje zdravstvene \u0161ole Celje in predsednica Skupnosti srednjih zdravstvenih \u0161ol Slovenije profesorica Marija Marolt [&hellip;]\" \/>\n<meta property=\"og:url\" content=\"https:\/\/novice.si\/page\/obelezili-20-obletnico-programa\/\" \/>\n<meta property=\"og:site_name\" content=\"Novice.si\" \/>\n<meta property=\"article:published_time\" content=\"2023-02-17T10:11:33+00:00\" \/>\n<meta property=\"og:image\" content=\"https:\/\/novice.si\/page\/wp-content\/uploads\/2023\/02\/Mladi-kozmeticna-2.jpg\" \/>\n\t<meta property=\"og:image:width\" content=\"1024\" \/>\n\t<meta property=\"og:image:height\" content=\"768\" \/>\n\t<meta property=\"og:image:type\" content=\"image\/jpeg\" \/>\n<meta name=\"author\" content=\"Uredni\u0161tvo Celjana\" \/>\n<meta name=\"twitter:card\" content=\"summary_large_image\" \/>\n<meta name=\"twitter:label1\" content=\"Written by\" \/>\n\t<meta name=\"twitter:data1\" content=\"Uredni\u0161tvo Celjana\" \/>\n\t<meta name=\"twitter:label2\" content=\"Est. reading time\" \/>\n\t<meta name=\"twitter:data2\" content=\"2 minuti\" \/>\n<script type=\"application\/ld+json\" class=\"yoast-schema-graph\">{\"@context\":\"https:\\\/\\\/schema.org\",\"@graph\":[{\"@type\":\"Article\",\"@id\":\"https:\\\/\\\/novice.si\\\/page\\\/obelezili-20-obletnico-programa\\\/#article\",\"isPartOf\":{\"@id\":\"https:\\\/\\\/novice.si\\\/page\\\/obelezili-20-obletnico-programa\\\/\"},\"author\":{\"name\":\"Uredni\u0161tvo Celjana\",\"@id\":\"https:\\\/\\\/novice.si\\\/page\\\/#\\\/schema\\\/person\\\/a49f233ef2777ec7b2e8d0662325bb48\"},\"headline\":\"Obele\u017eili 20. obletnico programa\",\"datePublished\":\"2023-02-17T10:11:33+00:00\",\"mainEntityOfPage\":{\"@id\":\"https:\\\/\\\/novice.si\\\/page\\\/obelezili-20-obletnico-programa\\\/\"},\"wordCount\":179,\"publisher\":{\"@id\":\"https:\\\/\\\/novice.si\\\/page\\\/#organization\"},\"image\":{\"@id\":\"https:\\\/\\\/novice.si\\\/page\\\/obelezili-20-obletnico-programa\\\/#primaryimage\"},\"thumbnailUrl\":\"https:\\\/\\\/novice.si\\\/page\\\/wp-content\\\/uploads\\\/2023\\\/02\\\/Mladi-kozmeticna-2.jpg\",\"articleSection\":[\"Aktualno\",\"Celjan\",\"Celjsko\"],\"inLanguage\":\"sl-SI\"},{\"@type\":\"WebPage\",\"@id\":\"https:\\\/\\\/novice.si\\\/page\\\/obelezili-20-obletnico-programa\\\/\",\"url\":\"https:\\\/\\\/novice.si\\\/page\\\/obelezili-20-obletnico-programa\\\/\",\"name\":\"Obele\u017eili 20. obletnico programa - Novice.si\",\"isPartOf\":{\"@id\":\"https:\\\/\\\/novice.si\\\/page\\\/#website\"},\"primaryImageOfPage\":{\"@id\":\"https:\\\/\\\/novice.si\\\/page\\\/obelezili-20-obletnico-programa\\\/#primaryimage\"},\"image\":{\"@id\":\"https:\\\/\\\/novice.si\\\/page\\\/obelezili-20-obletnico-programa\\\/#primaryimage\"},\"thumbnailUrl\":\"https:\\\/\\\/novice.si\\\/page\\\/wp-content\\\/uploads\\\/2023\\\/02\\\/Mladi-kozmeticna-2.jpg\",\"datePublished\":\"2023-02-17T10:11:33+00:00\",\"breadcrumb\":{\"@id\":\"https:\\\/\\\/novice.si\\\/page\\\/obelezili-20-obletnico-programa\\\/#breadcrumb\"},\"inLanguage\":\"sl-SI\",\"potentialAction\":[{\"@type\":\"ReadAction\",\"target\":[\"https:\\\/\\\/novice.si\\\/page\\\/obelezili-20-obletnico-programa\\\/\"]}]},{\"@type\":\"ImageObject\",\"inLanguage\":\"sl-SI\",\"@id\":\"https:\\\/\\\/novice.si\\\/page\\\/obelezili-20-obletnico-programa\\\/#primaryimage\",\"url\":\"https:\\\/\\\/novice.si\\\/page\\\/wp-content\\\/uploads\\\/2023\\\/02\\\/Mladi-kozmeticna-2.jpg\",\"contentUrl\":\"https:\\\/\\\/novice.si\\\/page\\\/wp-content\\\/uploads\\\/2023\\\/02\\\/Mladi-kozmeticna-2.jpg\",\"width\":1024,\"height\":768},{\"@type\":\"BreadcrumbList\",\"@id\":\"https:\\\/\\\/novice.si\\\/page\\\/obelezili-20-obletnico-programa\\\/#breadcrumb\",\"itemListElement\":[{\"@type\":\"ListItem\",\"position\":1,\"name\":\"Home\",\"item\":\"https:\\\/\\\/novice.si\\\/page\\\/\"},{\"@type\":\"ListItem\",\"position\":2,\"name\":\"Obele\u017eili 20. obletnico programa\"}]},{\"@type\":\"WebSite\",\"@id\":\"https:\\\/\\\/novice.si\\\/page\\\/#website\",\"url\":\"https:\\\/\\\/novice.si\\\/page\\\/\",\"name\":\"Novice.si\",\"description\":\"\",\"publisher\":{\"@id\":\"https:\\\/\\\/novice.si\\\/page\\\/#organization\"},\"potentialAction\":[{\"@type\":\"SearchAction\",\"target\":{\"@type\":\"EntryPoint\",\"urlTemplate\":\"https:\\\/\\\/novice.si\\\/page\\\/?s={search_term_string}\"},\"query-input\":{\"@type\":\"PropertyValueSpecification\",\"valueRequired\":true,\"valueName\":\"search_term_string\"}}],\"inLanguage\":\"sl-SI\"},{\"@type\":\"Organization\",\"@id\":\"https:\\\/\\\/novice.si\\\/page\\\/#organization\",\"name\":\"Novice.si\",\"url\":\"https:\\\/\\\/novice.si\\\/page\\\/\",\"logo\":{\"@type\":\"ImageObject\",\"inLanguage\":\"sl-SI\",\"@id\":\"https:\\\/\\\/novice.si\\\/page\\\/#\\\/schema\\\/logo\\\/image\\\/\",\"url\":\"https:\\\/\\\/novice.si\\\/page\\\/wp-content\\\/uploads\\\/2023\\\/03\\\/novice_si.png\",\"contentUrl\":\"https:\\\/\\\/novice.si\\\/page\\\/wp-content\\\/uploads\\\/2023\\\/03\\\/novice_si.png\",\"width\":576,\"height\":200,\"caption\":\"Novice.si\"},\"image\":{\"@id\":\"https:\\\/\\\/novice.si\\\/page\\\/#\\\/schema\\\/logo\\\/image\\\/\"}},{\"@type\":\"Person\",\"@id\":\"https:\\\/\\\/novice.si\\\/page\\\/#\\\/schema\\\/person\\\/a49f233ef2777ec7b2e8d0662325bb48\",\"name\":\"Uredni\u0161tvo Celjana\",\"image\":{\"@type\":\"ImageObject\",\"inLanguage\":\"sl-SI\",\"@id\":\"https:\\\/\\\/secure.gravatar.com\\\/avatar\\\/7f7863e616af8f92806c638dd1db3f1a238d83d1cc2ec3100afc06fbb7eb303f?s=96&d=mm&r=g\",\"url\":\"https:\\\/\\\/secure.gravatar.com\\\/avatar\\\/7f7863e616af8f92806c638dd1db3f1a238d83d1cc2ec3100afc06fbb7eb303f?s=96&d=mm&r=g\",\"contentUrl\":\"https:\\\/\\\/secure.gravatar.com\\\/avatar\\\/7f7863e616af8f92806c638dd1db3f1a238d83d1cc2ec3100afc06fbb7eb303f?s=96&d=mm&r=g\",\"caption\":\"Uredni\u0161tvo Celjana\"},\"url\":\"https:\\\/\\\/novice.si\\\/page\\\/author\\\/maja\\\/\"}]}<\/script>\n<!-- \/ Yoast SEO plugin. -->","yoast_head_json":{"title":"Obele\u017eili 20. obletnico programa - Novice.si","robots":{"index":"index","follow":"follow","max-snippet":"max-snippet:-1","max-image-preview":"max-image-preview:large","max-video-preview":"max-video-preview:-1"},"canonical":"https:\/\/novice.si\/page\/obelezili-20-obletnico-programa\/","og_locale":"sl_SI","og_type":"article","og_title":"Obele\u017eili 20. obletnico programa - Novice.si","og_description":"Na Srednji zdravstveni in kozmeti\u010dni \u0161oli Celje so pred nedavnim izpeljali okroglo mizo ob obele\u017eitvi 20. obletnice programa PTI v rednem programu. Na okroglo mizo so bile povabljene gostje, ki so vsaka na svoj na\u010din do\u017eivljale izvajanje tega programa. Ravnateljica takratne Srednje zdravstvene \u0161ole Celje in predsednica Skupnosti srednjih zdravstvenih \u0161ol Slovenije profesorica Marija Marolt [&hellip;]","og_url":"https:\/\/novice.si\/page\/obelezili-20-obletnico-programa\/","og_site_name":"Novice.si","article_published_time":"2023-02-17T10:11:33+00:00","og_image":[{"width":1024,"height":768,"url":"https:\/\/novice.si\/page\/wp-content\/uploads\/2023\/02\/Mladi-kozmeticna-2.jpg","type":"image\/jpeg"}],"author":"Uredni\u0161tvo Celjana","twitter_card":"summary_large_image","twitter_misc":{"Written by":"Uredni\u0161tvo Celjana","Est. reading time":"2 minuti"},"schema":{"@context":"https:\/\/schema.org","@graph":[{"@type":"Article","@id":"https:\/\/novice.si\/page\/obelezili-20-obletnico-programa\/#article","isPartOf":{"@id":"https:\/\/novice.si\/page\/obelezili-20-obletnico-programa\/"},"author":{"name":"Uredni\u0161tvo Celjana","@id":"https:\/\/novice.si\/page\/#\/schema\/person\/a49f233ef2777ec7b2e8d0662325bb48"},"headline":"Obele\u017eili 20. obletnico programa","datePublished":"2023-02-17T10:11:33+00:00","mainEntityOfPage":{"@id":"https:\/\/novice.si\/page\/obelezili-20-obletnico-programa\/"},"wordCount":179,"publisher":{"@id":"https:\/\/novice.si\/page\/#organization"},"image":{"@id":"https:\/\/novice.si\/page\/obelezili-20-obletnico-programa\/#primaryimage"},"thumbnailUrl":"https:\/\/novice.si\/page\/wp-content\/uploads\/2023\/02\/Mladi-kozmeticna-2.jpg","articleSection":["Aktualno","Celjan","Celjsko"],"inLanguage":"sl-SI"},{"@type":"WebPage","@id":"https:\/\/novice.si\/page\/obelezili-20-obletnico-programa\/","url":"https:\/\/novice.si\/page\/obelezili-20-obletnico-programa\/","name":"Obele\u017eili 20. obletnico programa - Novice.si","isPartOf":{"@id":"https:\/\/novice.si\/page\/#website"},"primaryImageOfPage":{"@id":"https:\/\/novice.si\/page\/obelezili-20-obletnico-programa\/#primaryimage"},"image":{"@id":"https:\/\/novice.si\/page\/obelezili-20-obletnico-programa\/#primaryimage"},"thumbnailUrl":"https:\/\/novice.si\/page\/wp-content\/uploads\/2023\/02\/Mladi-kozmeticna-2.jpg","datePublished":"2023-02-17T10:11:33+00:00","breadcrumb":{"@id":"https:\/\/novice.si\/page\/obelezili-20-obletnico-programa\/#breadcrumb"},"inLanguage":"sl-SI","potentialAction":[{"@type":"ReadAction","target":["https:\/\/novice.si\/page\/obelezili-20-obletnico-programa\/"]}]},{"@type":"ImageObject","inLanguage":"sl-SI","@id":"https:\/\/novice.si\/page\/obelezili-20-obletnico-programa\/#primaryimage","url":"https:\/\/novice.si\/page\/wp-content\/uploads\/2023\/02\/Mladi-kozmeticna-2.jpg","contentUrl":"https:\/\/novice.si\/page\/wp-content\/uploads\/2023\/02\/Mladi-kozmeticna-2.jpg","width":1024,"height":768},{"@type":"BreadcrumbList","@id":"https:\/\/novice.si\/page\/obelezili-20-obletnico-programa\/#breadcrumb","itemListElement":[{"@type":"ListItem","position":1,"name":"Home","item":"https:\/\/novice.si\/page\/"},{"@type":"ListItem","position":2,"name":"Obele\u017eili 20. obletnico programa"}]},{"@type":"WebSite","@id":"https:\/\/novice.si\/page\/#website","url":"https:\/\/novice.si\/page\/","name":"Novice.si","description":"","publisher":{"@id":"https:\/\/novice.si\/page\/#organization"},"potentialAction":[{"@type":"SearchAction","target":{"@type":"EntryPoint","urlTemplate":"https:\/\/novice.si\/page\/?s={search_term_string}"},"query-input":{"@type":"PropertyValueSpecification","valueRequired":true,"valueName":"search_term_string"}}],"inLanguage":"sl-SI"},{"@type":"Organization","@id":"https:\/\/novice.si\/page\/#organization","name":"Novice.si","url":"https:\/\/novice.si\/page\/","logo":{"@type":"ImageObject","inLanguage":"sl-SI","@id":"https:\/\/novice.si\/page\/#\/schema\/logo\/image\/","url":"https:\/\/novice.si\/page\/wp-content\/uploads\/2023\/03\/novice_si.png","contentUrl":"https:\/\/novice.si\/page\/wp-content\/uploads\/2023\/03\/novice_si.png","width":576,"height":200,"caption":"Novice.si"},"image":{"@id":"https:\/\/novice.si\/page\/#\/schema\/logo\/image\/"}},{"@type":"Person","@id":"https:\/\/novice.si\/page\/#\/schema\/person\/a49f233ef2777ec7b2e8d0662325bb48","name":"Uredni\u0161tvo Celjana","image":{"@type":"ImageObject","inLanguage":"sl-SI","@id":"https:\/\/secure.gravatar.com\/avatar\/7f7863e616af8f92806c638dd1db3f1a238d83d1cc2ec3100afc06fbb7eb303f?s=96&d=mm&r=g","url":"https:\/\/secure.gravatar.com\/avatar\/7f7863e616af8f92806c638dd1db3f1a238d83d1cc2ec3100afc06fbb7eb303f?s=96&d=mm&r=g","contentUrl":"https:\/\/secure.gravatar.com\/avatar\/7f7863e616af8f92806c638dd1db3f1a238d83d1cc2ec3100afc06fbb7eb303f?s=96&d=mm&r=g","caption":"Uredni\u0161tvo Celjana"},"url":"https:\/\/novice.si\/page\/author\/maja\/"}]}},"_links":{"self":[{"href":"https:\/\/novice.si\/page\/wp-json\/wp\/v2\/posts\/159963","targetHints":{"allow":["GET"]}}],"collection":[{"href":"https:\/\/novice.si\/page\/wp-json\/wp\/v2\/posts"}],"about":[{"href":"https:\/\/novice.si\/page\/wp-json\/wp\/v2\/types\/post"}],"author":[{"embeddable":true,"href":"https:\/\/novice.si\/page\/wp-json\/wp\/v2\/users\/55"}],"replies":[{"embeddable":true,"href":"https:\/\/novice.si\/page\/wp-json\/wp\/v2\/comments?post=159963"}],"version-history":[{"count":1,"href":"https:\/\/novice.si\/page\/wp-json\/wp\/v2\/posts\/159963\/revisions"}],"predecessor-version":[{"id":159965,"href":"https:\/\/novice.si\/page\/wp-json\/wp\/v2\/posts\/159963\/revisions\/159965"}],"wp:featuredmedia":[{"embeddable":true,"href":"https:\/\/novice.si\/page\/wp-json\/wp\/v2\/media\/159964"}],"wp:attachment":[{"href":"https:\/\/novice.si\/page\/wp-json\/wp\/v2\/media?parent=159963"}],"wp:term":[{"taxonomy":"category","embeddable":true,"href":"https:\/\/novice.si\/page\/wp-json\/wp\/v2\/categories?post=159963"},{"taxonomy":"post_tag","embeddable":true,"href":"https:\/\/novice.si\/page\/wp-json\/wp\/v2\/tags?post=159963"}],"curies":[{"name":"wp","href":"https:\/\/api.w.org\/{rel}","templated":true}]}}