{"id":159937,"date":"2023-02-17T08:22:52","date_gmt":"2023-02-17T07:22:52","guid":{"rendered":"https:\/\/novice.si\/page\/?p=159937"},"modified":"2023-02-17T08:21:46","modified_gmt":"2023-02-17T07:21:46","slug":"na-srednji-soli-slovenska-bistrica-pripravljeni-na-informativne-dneve-2","status":"publish","type":"post","link":"https:\/\/novice.si\/page\/na-srednji-soli-slovenska-bistrica-pripravljeni-na-informativne-dneve-2\/","title":{"rendered":"Na Srednji \u0161oli Slovenska Bistrica pripravljeni na informativne dneve"},"content":{"rendered":"<p>Na <strong>Srednji \u0161oli Slovenska Bistrica<\/strong> je vse pripravljeno na informativne dneve.<br \/>\n\u0160olo z ve\u010d kot 20-letno tradicijo obiskuje 430 dijakov in 50 zaposlenih. \u00bbVerjamem, da bomo pritegnili na\u0161e goste z zanimivim uvodnim skupnim programom, nato bomo izvedli predstavitve posameznih izobra\u017eevalnih programov in \u0161e povabili dijake in njihove star\u0161e v delavnice na razli\u010dnih podro\u010djih,\u00ab napoveduje ravnateljica <strong>Iva Pu\u010dnik Ozimi\u010d.<br \/>\n<\/strong>Vpisujejo v pet izobra\u017eevalnih programov. \u00bbNajbolj aktualen je vpis v gimnazijski program. Glede na kadrovske potrebe v okolju pa so prav tako aktualni tudi vsi strokovni programi, ki jih izvajamo, to so programi metalur\u0161ki tehnik, ekonomski tehnik in trgovec,\u00ab ocenjuje Pu\u010dnik Ozimi\u010d, ki \u0161olo vodi \u017ee vse od za\u010detka. Meni, da so prepoznavni po kulturi dobre skupnosti. To pomeni: dobra komunikacija med dijaki in profesorji, odprta komunikacija s star\u0161i, poleg kakovostnega pouka in odli\u010dnih pogojev za delo pa tudi \u0161tevilne dejavnosti na razli\u010dnih interesnih podro\u010djih.<\/p>\n\r\n                <style type=\"text\/css\">\r\n                    \r\n                    #tdi_1  .td-doubleSlider-2 .td-item1 {\r\n                        background: url(https:\/\/novice.si\/page\/wp-content\/uploads\/2023\/02\/ss1_resize-80x60.jpg) 0 0 no-repeat;\r\n                    }\r\n                    #tdi_1  .td-doubleSlider-2 .td-item2 {\r\n                        background: url(https:\/\/novice.si\/page\/wp-content\/uploads\/2023\/02\/ss2-80x60.jpg) 0 0 no-repeat;\r\n                    }\r\n                    #tdi_1  .td-doubleSlider-2 .td-item3 {\r\n                        background: url(https:\/\/novice.si\/page\/wp-content\/uploads\/2023\/02\/ss4_resize-80x60.jpg) 0 0 no-repeat;\r\n                    }\r\n                <\/style>\r\n\r\n                <div id=\"tdi_1\" class=\"td-gallery td-slide-on-2-columns\">\r\n                    <div class=\"post_td_gallery\">\r\n                        <div class=\"td-gallery-slide-top\">\r\n                           <div class=\"td-gallery-title\"><\/div>\r\n\r\n                            <div class=\"td-gallery-controls-wrapper\">\r\n                                <div class=\"td-gallery-slide-count\"><span class=\"td-gallery-slide-item-focus\">1<\/span> od 3<\/div>\r\n                                <div class=\"td-gallery-slide-prev-next-but\">\r\n                                    <i class = \"td-icon-left doubleSliderPrevButton\"><\/i>\r\n                                    <i class = \"td-icon-right doubleSliderNextButton\"><\/i>\r\n                                <\/div>\r\n                            <\/div>\r\n                        <\/div>\r\n\r\n                        <div class = \"td-doubleSlider-1 \">\r\n                            <div class = \"td-slider\">\r\n                                \r\n                    <div class = \"td-slide-item td-item1\">\r\n                        <figure class=\"td-slide-galery-figure td-slide-popup-gallery\">\r\n                            <a class=\"slide-gallery-image-link\" href=\"https:\/\/novice.si\/page\/wp-content\/uploads\/2023\/02\/ss1_resize.jpg\" title=\"ss1_resize\"  data-caption=\"\"  data-description=\"\" data-gallery>\r\n                                <img decoding=\"async\" src=\"https:\/\/novice.si\/page\/wp-content\/uploads\/2023\/02\/ss1_resize-559x420.jpg\" srcset=\"https:\/\/novice.si\/page\/wp-content\/uploads\/2023\/02\/ss1_resize-559x420.jpg 559w, https:\/\/novice.si\/page\/wp-content\/uploads\/2023\/02\/ss1_resize-300x225.jpg 300w, https:\/\/novice.si\/page\/wp-content\/uploads\/2023\/02\/ss1_resize-768x577.jpg 768w, https:\/\/novice.si\/page\/wp-content\/uploads\/2023\/02\/ss1_resize-80x60.jpg 80w, https:\/\/novice.si\/page\/wp-content\/uploads\/2023\/02\/ss1_resize-265x198.jpg 265w, https:\/\/novice.si\/page\/wp-content\/uploads\/2023\/02\/ss1_resize-696x523.jpg 696w, https:\/\/novice.si\/page\/wp-content\/uploads\/2023\/02\/ss1_resize-24x18.jpg 24w, https:\/\/novice.si\/page\/wp-content\/uploads\/2023\/02\/ss1_resize-36x27.jpg 36w, https:\/\/novice.si\/page\/wp-content\/uploads\/2023\/02\/ss1_resize-48x36.jpg 48w, https:\/\/novice.si\/page\/wp-content\/uploads\/2023\/02\/ss1_resize.jpg 932w\" sizes=\"(max-width: 559px) 100vw, 559px\" alt=\"\">\r\n                            <\/a>\r\n                            \r\n                        <\/figure>\r\n                    <\/div>\r\n                    <div class = \"td-slide-item td-item2\">\r\n                        <figure class=\"td-slide-galery-figure td-slide-popup-gallery\">\r\n                            <a class=\"slide-gallery-image-link\" href=\"https:\/\/novice.si\/page\/wp-content\/uploads\/2023\/02\/ss2.jpg\" title=\"DCIM\/100MEDIA\/DJI_0059.JPG\"  data-caption=\"\"  data-description=\"\" data-gallery>\r\n                                <img decoding=\"async\" src=\"https:\/\/novice.si\/page\/wp-content\/uploads\/2023\/02\/ss2-560x420.jpg\" srcset=\"https:\/\/novice.si\/page\/wp-content\/uploads\/2023\/02\/ss2-560x420.jpg 560w, https:\/\/novice.si\/page\/wp-content\/uploads\/2023\/02\/ss2-300x225.jpg 300w, https:\/\/novice.si\/page\/wp-content\/uploads\/2023\/02\/ss2-768x576.jpg 768w, https:\/\/novice.si\/page\/wp-content\/uploads\/2023\/02\/ss2-80x60.jpg 80w, https:\/\/novice.si\/page\/wp-content\/uploads\/2023\/02\/ss2-265x198.jpg 265w, https:\/\/novice.si\/page\/wp-content\/uploads\/2023\/02\/ss2-696x522.jpg 696w, https:\/\/novice.si\/page\/wp-content\/uploads\/2023\/02\/ss2-24x18.jpg 24w, https:\/\/novice.si\/page\/wp-content\/uploads\/2023\/02\/ss2-36x27.jpg 36w, https:\/\/novice.si\/page\/wp-content\/uploads\/2023\/02\/ss2-48x36.jpg 48w, https:\/\/novice.si\/page\/wp-content\/uploads\/2023\/02\/ss2.jpg 933w\" sizes=\"(max-width: 560px) 100vw, 560px\" alt=\"\">\r\n                            <\/a>\r\n                            \r\n                        <\/figure>\r\n                    <\/div>\r\n                    <div class = \"td-slide-item td-item3\">\r\n                        <figure class=\"td-slide-galery-figure td-slide-popup-gallery\">\r\n                            <a class=\"slide-gallery-image-link\" href=\"https:\/\/novice.si\/page\/wp-content\/uploads\/2023\/02\/ss4_resize.jpg\" title=\"ss4_resize\"  data-caption=\"\"  data-description=\"\" data-gallery>\r\n                                <img decoding=\"async\" src=\"https:\/\/novice.si\/page\/wp-content\/uploads\/2023\/02\/ss4_resize-630x420.jpg\" srcset=\"https:\/\/novice.si\/page\/wp-content\/uploads\/2023\/02\/ss4_resize-630x420.jpg 630w, https:\/\/novice.si\/page\/wp-content\/uploads\/2023\/02\/ss4_resize-300x200.jpg 300w, https:\/\/novice.si\/page\/wp-content\/uploads\/2023\/02\/ss4_resize-768x512.jpg 768w, https:\/\/novice.si\/page\/wp-content\/uploads\/2023\/02\/ss4_resize-696x464.jpg 696w, https:\/\/novice.si\/page\/wp-content\/uploads\/2023\/02\/ss4_resize-24x16.jpg 24w, https:\/\/novice.si\/page\/wp-content\/uploads\/2023\/02\/ss4_resize-36x24.jpg 36w, https:\/\/novice.si\/page\/wp-content\/uploads\/2023\/02\/ss4_resize-48x32.jpg 48w, https:\/\/novice.si\/page\/wp-content\/uploads\/2023\/02\/ss4_resize.jpg 1000w\" sizes=\"(max-width: 630px) 100vw, 630px\" alt=\"\">\r\n                            <\/a>\r\n                            \r\n                        <\/figure>\r\n                    <\/div>\r\n                            <\/div>\r\n                        <\/div>\r\n\r\n                        <div class = \"td-doubleSlider-2\">\r\n                            <div class = \"td-slider\">\r\n                                \r\n                    <div class = \"td-button td-item1\">\r\n                        <div class = \"td-border\"><\/div>\r\n                    <\/div>\r\n                    <div class = \"td-button td-item2\">\r\n                        <div class = \"td-border\"><\/div>\r\n                    <\/div>\r\n                    <div class = \"td-button td-item3\">\r\n                        <div class = \"td-border\"><\/div>\r\n                    <\/div>\r\n                            <\/div>\r\n                        <\/div>\r\n\r\n                    <\/div>\r\n\r\n                <\/div>\r\n                \n<p><strong>Letos bodo dogradili delavnico<br \/>\n<\/strong>Dodajmo, da ima \u0161ola dobre prostorske pogoje za delo, ki pa jih bodo letos \u0161e nadgradili. Pravkar pridobivajo gradbeno dovoljenje za gradnjo prizidka k delavnici za metalur\u0161ke tehnike, ki jo bodo s pomo\u010djo Impola in drugih partnerjev iz okolja opremili s sodobnimi stroji in napravami.<br \/>\nProgramu metalur\u0161ki tehnik na \u0161oli vseskozi namenjajo veliko pozornosti. Bodo\u010dim metalur\u0161kim tehnikom \u017eelijo omogo\u010diti, da pridobijo \u010dim ve\u010d znanj in dodatnih kompetenc tudi za delo v avtomatizirani proizvodnji in \u0161e kje na podro\u010dju kovinskopredelovalne industrije. Potrebe po tem kadru so v lokalnem okolju in \u0161ir\u0161e zelo velike. Mnoga podjetja dijakom tega programa ponujajo \u0161tipendije.<\/p>\n<p><strong>Med \u0161tipendisti tudi Impol<br \/>\n<\/strong>Med \u0161tipendisti je tudi najve\u010dja bistri\u0161ka <strong>dru\u017eba Impol,<\/strong> ki za prihodnje \u0161olsko leto razpisuje 19 \u0161tipendij, od tega kar deset za program metalur\u0161ki tehnik. Utrip Impola, delovne procese in tudi vse podrobnosti o \u0161tipendiranju ali opravljanju prakse bodo kmalu predstavili tudi v \u017eivo. Bodo\u010de dijake, \u0161tudente in star\u0161e so povabili na <strong>dan odprtih vrat Razi\u0161\u010di Impol<\/strong>, ki bo 2. marca. (B. Petelin\u0161ek, foto: arhiv Srednje \u0161ole)<\/p>\n","protected":false},"excerpt":{"rendered":"<p>Na Srednji \u0161oli Slovenska Bistrica je vse pripravljeno na informativne dneve. \u0160olo z ve\u010d kot 20-letno tradicijo obiskuje 430 dijakov in 50 zaposlenih. \u00bbVerjamem, da bomo pritegnili na\u0161e goste z zanimivim uvodnim skupnim programom, nato bomo izvedli predstavitve posameznih izobra\u017eevalnih programov in \u0161e povabili dijake in njihove star\u0161e v delavnice na razli\u010dnih podro\u010djih,\u00ab napoveduje ravnateljica [&hellip;]<\/p>\n","protected":false},"author":8,"featured_media":159940,"comment_status":"closed","ping_status":"closed","sticky":false,"template":"","format":"standard","meta":{"footnotes":""},"categories":[14,32],"tags":[1836,4500,7949,5091],"class_list":{"0":"post-159937","1":"post","2":"type-post","3":"status-publish","4":"format-standard","5":"has-post-thumbnail","7":"category-aktualno","8":"category-bistrisko","9":"tag-impol","10":"tag-informativni-dan","11":"tag-iva-pucnik-ozimic","12":"tag-srednja-sola-slovenska-bistrica"},"yoast_head":"<!-- This site is optimized with the Yoast SEO plugin v27.4 - https:\/\/yoast.com\/product\/yoast-seo-wordpress\/ -->\n<title>Na Srednji \u0161oli Slovenska Bistrica pripravljeni na informativne dneve - Novice.si<\/title>\n<meta name=\"robots\" content=\"index, follow, max-snippet:-1, max-image-preview:large, max-video-preview:-1\" \/>\n<link rel=\"canonical\" href=\"https:\/\/novice.si\/page\/na-srednji-soli-slovenska-bistrica-pripravljeni-na-informativne-dneve-2\/\" \/>\n<meta property=\"og:locale\" content=\"sl_SI\" \/>\n<meta property=\"og:type\" content=\"article\" \/>\n<meta property=\"og:title\" content=\"Na Srednji \u0161oli Slovenska Bistrica pripravljeni na informativne dneve - Novice.si\" \/>\n<meta property=\"og:description\" content=\"Na Srednji \u0161oli Slovenska Bistrica je vse pripravljeno na informativne dneve. \u0160olo z ve\u010d kot 20-letno tradicijo obiskuje 430 dijakov in 50 zaposlenih. \u00bbVerjamem, da bomo pritegnili na\u0161e goste z zanimivim uvodnim skupnim programom, nato bomo izvedli predstavitve posameznih izobra\u017eevalnih programov in \u0161e povabili dijake in njihove star\u0161e v delavnice na razli\u010dnih podro\u010djih,\u00ab napoveduje ravnateljica [&hellip;]\" \/>\n<meta property=\"og:url\" content=\"https:\/\/novice.si\/page\/na-srednji-soli-slovenska-bistrica-pripravljeni-na-informativne-dneve-2\/\" \/>\n<meta property=\"og:site_name\" content=\"Novice.si\" \/>\n<meta property=\"article:published_time\" content=\"2023-02-17T07:22:52+00:00\" \/>\n<meta property=\"og:image\" content=\"https:\/\/novice.si\/page\/wp-content\/uploads\/2023\/02\/ss4_resize.jpg\" \/>\n\t<meta property=\"og:image:width\" content=\"1000\" \/>\n\t<meta property=\"og:image:height\" content=\"667\" \/>\n\t<meta property=\"og:image:type\" content=\"image\/jpeg\" \/>\n<meta name=\"author\" content=\"Uredni\u0161tvo Bistri\u0161kih novic\" \/>\n<meta name=\"twitter:card\" content=\"summary_large_image\" \/>\n<meta name=\"twitter:label1\" content=\"Written by\" \/>\n\t<meta name=\"twitter:data1\" content=\"Uredni\u0161tvo Bistri\u0161kih novic\" \/>\n\t<meta name=\"twitter:label2\" content=\"Est. reading time\" \/>\n\t<meta name=\"twitter:data2\" content=\"2 minuti\" \/>\n<script type=\"application\/ld+json\" class=\"yoast-schema-graph\">{\"@context\":\"https:\\\/\\\/schema.org\",\"@graph\":[{\"@type\":\"Article\",\"@id\":\"https:\\\/\\\/novice.si\\\/page\\\/na-srednji-soli-slovenska-bistrica-pripravljeni-na-informativne-dneve-2\\\/#article\",\"isPartOf\":{\"@id\":\"https:\\\/\\\/novice.si\\\/page\\\/na-srednji-soli-slovenska-bistrica-pripravljeni-na-informativne-dneve-2\\\/\"},\"author\":{\"name\":\"Uredni\u0161tvo Bistri\u0161kih novic\",\"@id\":\"https:\\\/\\\/novice.si\\\/page\\\/#\\\/schema\\\/person\\\/96b32396deedcde3f7f776c306b4be21\"},\"headline\":\"Na Srednji \u0161oli Slovenska Bistrica pripravljeni na informativne dneve\",\"datePublished\":\"2023-02-17T07:22:52+00:00\",\"mainEntityOfPage\":{\"@id\":\"https:\\\/\\\/novice.si\\\/page\\\/na-srednji-soli-slovenska-bistrica-pripravljeni-na-informativne-dneve-2\\\/\"},\"wordCount\":362,\"publisher\":{\"@id\":\"https:\\\/\\\/novice.si\\\/page\\\/#organization\"},\"image\":{\"@id\":\"https:\\\/\\\/novice.si\\\/page\\\/na-srednji-soli-slovenska-bistrica-pripravljeni-na-informativne-dneve-2\\\/#primaryimage\"},\"thumbnailUrl\":\"https:\\\/\\\/novice.si\\\/page\\\/wp-content\\\/uploads\\\/2023\\\/02\\\/ss4_resize.jpg\",\"keywords\":[\"Impol\",\"informativni dan\",\"Iva Pu\u010dnik Ozimi\u010d\",\"Srednja \u0161ola Slovenska Bistrica\"],\"articleSection\":[\"Aktualno\",\"Bistri\u0161ko\"],\"inLanguage\":\"sl-SI\"},{\"@type\":\"WebPage\",\"@id\":\"https:\\\/\\\/novice.si\\\/page\\\/na-srednji-soli-slovenska-bistrica-pripravljeni-na-informativne-dneve-2\\\/\",\"url\":\"https:\\\/\\\/novice.si\\\/page\\\/na-srednji-soli-slovenska-bistrica-pripravljeni-na-informativne-dneve-2\\\/\",\"name\":\"Na Srednji \u0161oli Slovenska Bistrica pripravljeni na informativne dneve - Novice.si\",\"isPartOf\":{\"@id\":\"https:\\\/\\\/novice.si\\\/page\\\/#website\"},\"primaryImageOfPage\":{\"@id\":\"https:\\\/\\\/novice.si\\\/page\\\/na-srednji-soli-slovenska-bistrica-pripravljeni-na-informativne-dneve-2\\\/#primaryimage\"},\"image\":{\"@id\":\"https:\\\/\\\/novice.si\\\/page\\\/na-srednji-soli-slovenska-bistrica-pripravljeni-na-informativne-dneve-2\\\/#primaryimage\"},\"thumbnailUrl\":\"https:\\\/\\\/novice.si\\\/page\\\/wp-content\\\/uploads\\\/2023\\\/02\\\/ss4_resize.jpg\",\"datePublished\":\"2023-02-17T07:22:52+00:00\",\"breadcrumb\":{\"@id\":\"https:\\\/\\\/novice.si\\\/page\\\/na-srednji-soli-slovenska-bistrica-pripravljeni-na-informativne-dneve-2\\\/#breadcrumb\"},\"inLanguage\":\"sl-SI\",\"potentialAction\":[{\"@type\":\"ReadAction\",\"target\":[\"https:\\\/\\\/novice.si\\\/page\\\/na-srednji-soli-slovenska-bistrica-pripravljeni-na-informativne-dneve-2\\\/\"]}]},{\"@type\":\"ImageObject\",\"inLanguage\":\"sl-SI\",\"@id\":\"https:\\\/\\\/novice.si\\\/page\\\/na-srednji-soli-slovenska-bistrica-pripravljeni-na-informativne-dneve-2\\\/#primaryimage\",\"url\":\"https:\\\/\\\/novice.si\\\/page\\\/wp-content\\\/uploads\\\/2023\\\/02\\\/ss4_resize.jpg\",\"contentUrl\":\"https:\\\/\\\/novice.si\\\/page\\\/wp-content\\\/uploads\\\/2023\\\/02\\\/ss4_resize.jpg\",\"width\":1000,\"height\":667},{\"@type\":\"BreadcrumbList\",\"@id\":\"https:\\\/\\\/novice.si\\\/page\\\/na-srednji-soli-slovenska-bistrica-pripravljeni-na-informativne-dneve-2\\\/#breadcrumb\",\"itemListElement\":[{\"@type\":\"ListItem\",\"position\":1,\"name\":\"Home\",\"item\":\"https:\\\/\\\/novice.si\\\/page\\\/\"},{\"@type\":\"ListItem\",\"position\":2,\"name\":\"Na Srednji \u0161oli Slovenska Bistrica pripravljeni na informativne dneve\"}]},{\"@type\":\"WebSite\",\"@id\":\"https:\\\/\\\/novice.si\\\/page\\\/#website\",\"url\":\"https:\\\/\\\/novice.si\\\/page\\\/\",\"name\":\"Novice.si\",\"description\":\"\",\"publisher\":{\"@id\":\"https:\\\/\\\/novice.si\\\/page\\\/#organization\"},\"potentialAction\":[{\"@type\":\"SearchAction\",\"target\":{\"@type\":\"EntryPoint\",\"urlTemplate\":\"https:\\\/\\\/novice.si\\\/page\\\/?s={search_term_string}\"},\"query-input\":{\"@type\":\"PropertyValueSpecification\",\"valueRequired\":true,\"valueName\":\"search_term_string\"}}],\"inLanguage\":\"sl-SI\"},{\"@type\":\"Organization\",\"@id\":\"https:\\\/\\\/novice.si\\\/page\\\/#organization\",\"name\":\"Novice.si\",\"url\":\"https:\\\/\\\/novice.si\\\/page\\\/\",\"logo\":{\"@type\":\"ImageObject\",\"inLanguage\":\"sl-SI\",\"@id\":\"https:\\\/\\\/novice.si\\\/page\\\/#\\\/schema\\\/logo\\\/image\\\/\",\"url\":\"https:\\\/\\\/novice.si\\\/page\\\/wp-content\\\/uploads\\\/2023\\\/03\\\/novice_si.png\",\"contentUrl\":\"https:\\\/\\\/novice.si\\\/page\\\/wp-content\\\/uploads\\\/2023\\\/03\\\/novice_si.png\",\"width\":576,\"height\":200,\"caption\":\"Novice.si\"},\"image\":{\"@id\":\"https:\\\/\\\/novice.si\\\/page\\\/#\\\/schema\\\/logo\\\/image\\\/\"}},{\"@type\":\"Person\",\"@id\":\"https:\\\/\\\/novice.si\\\/page\\\/#\\\/schema\\\/person\\\/96b32396deedcde3f7f776c306b4be21\",\"name\":\"Uredni\u0161tvo Bistri\u0161kih novic\",\"image\":{\"@type\":\"ImageObject\",\"inLanguage\":\"sl-SI\",\"@id\":\"https:\\\/\\\/secure.gravatar.com\\\/avatar\\\/26c56c4b10cdb3a21e86442e5f2845a4eafdd0f3605def77ec6cff4aaef32ea4?s=96&d=mm&r=g\",\"url\":\"https:\\\/\\\/secure.gravatar.com\\\/avatar\\\/26c56c4b10cdb3a21e86442e5f2845a4eafdd0f3605def77ec6cff4aaef32ea4?s=96&d=mm&r=g\",\"contentUrl\":\"https:\\\/\\\/secure.gravatar.com\\\/avatar\\\/26c56c4b10cdb3a21e86442e5f2845a4eafdd0f3605def77ec6cff4aaef32ea4?s=96&d=mm&r=g\",\"caption\":\"Uredni\u0161tvo Bistri\u0161kih novic\"},\"url\":\"https:\\\/\\\/novice.si\\\/page\\\/author\\\/bojana\\\/\"}]}<\/script>\n<!-- \/ Yoast SEO plugin. -->","yoast_head_json":{"title":"Na Srednji \u0161oli Slovenska Bistrica pripravljeni na informativne dneve - Novice.si","robots":{"index":"index","follow":"follow","max-snippet":"max-snippet:-1","max-image-preview":"max-image-preview:large","max-video-preview":"max-video-preview:-1"},"canonical":"https:\/\/novice.si\/page\/na-srednji-soli-slovenska-bistrica-pripravljeni-na-informativne-dneve-2\/","og_locale":"sl_SI","og_type":"article","og_title":"Na Srednji \u0161oli Slovenska Bistrica pripravljeni na informativne dneve - Novice.si","og_description":"Na Srednji \u0161oli Slovenska Bistrica je vse pripravljeno na informativne dneve. \u0160olo z ve\u010d kot 20-letno tradicijo obiskuje 430 dijakov in 50 zaposlenih. \u00bbVerjamem, da bomo pritegnili na\u0161e goste z zanimivim uvodnim skupnim programom, nato bomo izvedli predstavitve posameznih izobra\u017eevalnih programov in \u0161e povabili dijake in njihove star\u0161e v delavnice na razli\u010dnih podro\u010djih,\u00ab napoveduje ravnateljica [&hellip;]","og_url":"https:\/\/novice.si\/page\/na-srednji-soli-slovenska-bistrica-pripravljeni-na-informativne-dneve-2\/","og_site_name":"Novice.si","article_published_time":"2023-02-17T07:22:52+00:00","og_image":[{"width":1000,"height":667,"url":"https:\/\/novice.si\/page\/wp-content\/uploads\/2023\/02\/ss4_resize.jpg","type":"image\/jpeg"}],"author":"Uredni\u0161tvo Bistri\u0161kih novic","twitter_card":"summary_large_image","twitter_misc":{"Written by":"Uredni\u0161tvo Bistri\u0161kih novic","Est. reading time":"2 minuti"},"schema":{"@context":"https:\/\/schema.org","@graph":[{"@type":"Article","@id":"https:\/\/novice.si\/page\/na-srednji-soli-slovenska-bistrica-pripravljeni-na-informativne-dneve-2\/#article","isPartOf":{"@id":"https:\/\/novice.si\/page\/na-srednji-soli-slovenska-bistrica-pripravljeni-na-informativne-dneve-2\/"},"author":{"name":"Uredni\u0161tvo Bistri\u0161kih novic","@id":"https:\/\/novice.si\/page\/#\/schema\/person\/96b32396deedcde3f7f776c306b4be21"},"headline":"Na Srednji \u0161oli Slovenska Bistrica pripravljeni na informativne dneve","datePublished":"2023-02-17T07:22:52+00:00","mainEntityOfPage":{"@id":"https:\/\/novice.si\/page\/na-srednji-soli-slovenska-bistrica-pripravljeni-na-informativne-dneve-2\/"},"wordCount":362,"publisher":{"@id":"https:\/\/novice.si\/page\/#organization"},"image":{"@id":"https:\/\/novice.si\/page\/na-srednji-soli-slovenska-bistrica-pripravljeni-na-informativne-dneve-2\/#primaryimage"},"thumbnailUrl":"https:\/\/novice.si\/page\/wp-content\/uploads\/2023\/02\/ss4_resize.jpg","keywords":["Impol","informativni dan","Iva Pu\u010dnik Ozimi\u010d","Srednja \u0161ola Slovenska Bistrica"],"articleSection":["Aktualno","Bistri\u0161ko"],"inLanguage":"sl-SI"},{"@type":"WebPage","@id":"https:\/\/novice.si\/page\/na-srednji-soli-slovenska-bistrica-pripravljeni-na-informativne-dneve-2\/","url":"https:\/\/novice.si\/page\/na-srednji-soli-slovenska-bistrica-pripravljeni-na-informativne-dneve-2\/","name":"Na Srednji \u0161oli Slovenska Bistrica pripravljeni na informativne dneve - Novice.si","isPartOf":{"@id":"https:\/\/novice.si\/page\/#website"},"primaryImageOfPage":{"@id":"https:\/\/novice.si\/page\/na-srednji-soli-slovenska-bistrica-pripravljeni-na-informativne-dneve-2\/#primaryimage"},"image":{"@id":"https:\/\/novice.si\/page\/na-srednji-soli-slovenska-bistrica-pripravljeni-na-informativne-dneve-2\/#primaryimage"},"thumbnailUrl":"https:\/\/novice.si\/page\/wp-content\/uploads\/2023\/02\/ss4_resize.jpg","datePublished":"2023-02-17T07:22:52+00:00","breadcrumb":{"@id":"https:\/\/novice.si\/page\/na-srednji-soli-slovenska-bistrica-pripravljeni-na-informativne-dneve-2\/#breadcrumb"},"inLanguage":"sl-SI","potentialAction":[{"@type":"ReadAction","target":["https:\/\/novice.si\/page\/na-srednji-soli-slovenska-bistrica-pripravljeni-na-informativne-dneve-2\/"]}]},{"@type":"ImageObject","inLanguage":"sl-SI","@id":"https:\/\/novice.si\/page\/na-srednji-soli-slovenska-bistrica-pripravljeni-na-informativne-dneve-2\/#primaryimage","url":"https:\/\/novice.si\/page\/wp-content\/uploads\/2023\/02\/ss4_resize.jpg","contentUrl":"https:\/\/novice.si\/page\/wp-content\/uploads\/2023\/02\/ss4_resize.jpg","width":1000,"height":667},{"@type":"BreadcrumbList","@id":"https:\/\/novice.si\/page\/na-srednji-soli-slovenska-bistrica-pripravljeni-na-informativne-dneve-2\/#breadcrumb","itemListElement":[{"@type":"ListItem","position":1,"name":"Home","item":"https:\/\/novice.si\/page\/"},{"@type":"ListItem","position":2,"name":"Na Srednji \u0161oli Slovenska Bistrica pripravljeni na informativne dneve"}]},{"@type":"WebSite","@id":"https:\/\/novice.si\/page\/#website","url":"https:\/\/novice.si\/page\/","name":"Novice.si","description":"","publisher":{"@id":"https:\/\/novice.si\/page\/#organization"},"potentialAction":[{"@type":"SearchAction","target":{"@type":"EntryPoint","urlTemplate":"https:\/\/novice.si\/page\/?s={search_term_string}"},"query-input":{"@type":"PropertyValueSpecification","valueRequired":true,"valueName":"search_term_string"}}],"inLanguage":"sl-SI"},{"@type":"Organization","@id":"https:\/\/novice.si\/page\/#organization","name":"Novice.si","url":"https:\/\/novice.si\/page\/","logo":{"@type":"ImageObject","inLanguage":"sl-SI","@id":"https:\/\/novice.si\/page\/#\/schema\/logo\/image\/","url":"https:\/\/novice.si\/page\/wp-content\/uploads\/2023\/03\/novice_si.png","contentUrl":"https:\/\/novice.si\/page\/wp-content\/uploads\/2023\/03\/novice_si.png","width":576,"height":200,"caption":"Novice.si"},"image":{"@id":"https:\/\/novice.si\/page\/#\/schema\/logo\/image\/"}},{"@type":"Person","@id":"https:\/\/novice.si\/page\/#\/schema\/person\/96b32396deedcde3f7f776c306b4be21","name":"Uredni\u0161tvo Bistri\u0161kih novic","image":{"@type":"ImageObject","inLanguage":"sl-SI","@id":"https:\/\/secure.gravatar.com\/avatar\/26c56c4b10cdb3a21e86442e5f2845a4eafdd0f3605def77ec6cff4aaef32ea4?s=96&d=mm&r=g","url":"https:\/\/secure.gravatar.com\/avatar\/26c56c4b10cdb3a21e86442e5f2845a4eafdd0f3605def77ec6cff4aaef32ea4?s=96&d=mm&r=g","contentUrl":"https:\/\/secure.gravatar.com\/avatar\/26c56c4b10cdb3a21e86442e5f2845a4eafdd0f3605def77ec6cff4aaef32ea4?s=96&d=mm&r=g","caption":"Uredni\u0161tvo Bistri\u0161kih novic"},"url":"https:\/\/novice.si\/page\/author\/bojana\/"}]}},"_links":{"self":[{"href":"https:\/\/novice.si\/page\/wp-json\/wp\/v2\/posts\/159937","targetHints":{"allow":["GET"]}}],"collection":[{"href":"https:\/\/novice.si\/page\/wp-json\/wp\/v2\/posts"}],"about":[{"href":"https:\/\/novice.si\/page\/wp-json\/wp\/v2\/types\/post"}],"author":[{"embeddable":true,"href":"https:\/\/novice.si\/page\/wp-json\/wp\/v2\/users\/8"}],"replies":[{"embeddable":true,"href":"https:\/\/novice.si\/page\/wp-json\/wp\/v2\/comments?post=159937"}],"version-history":[{"count":1,"href":"https:\/\/novice.si\/page\/wp-json\/wp\/v2\/posts\/159937\/revisions"}],"predecessor-version":[{"id":159941,"href":"https:\/\/novice.si\/page\/wp-json\/wp\/v2\/posts\/159937\/revisions\/159941"}],"wp:featuredmedia":[{"embeddable":true,"href":"https:\/\/novice.si\/page\/wp-json\/wp\/v2\/media\/159940"}],"wp:attachment":[{"href":"https:\/\/novice.si\/page\/wp-json\/wp\/v2\/media?parent=159937"}],"wp:term":[{"taxonomy":"category","embeddable":true,"href":"https:\/\/novice.si\/page\/wp-json\/wp\/v2\/categories?post=159937"},{"taxonomy":"post_tag","embeddable":true,"href":"https:\/\/novice.si\/page\/wp-json\/wp\/v2\/tags?post=159937"}],"curies":[{"name":"wp","href":"https:\/\/api.w.org\/{rel}","templated":true}]}}