{"id":159931,"date":"2023-02-16T10:18:17","date_gmt":"2023-02-16T09:18:17","guid":{"rendered":"https:\/\/novice.si\/page\/?p=159931"},"modified":"2023-02-16T10:18:17","modified_gmt":"2023-02-16T09:18:17","slug":"bistrisko-dimniski-pozar-na-cresnjevcu-prometna-nesreca-na-avtocesti-na-urhu-vozilo-s-cestisca-bistriski-policisti-zasegli-orozje","status":"publish","type":"post","link":"https:\/\/novice.si\/page\/bistrisko-dimniski-pozar-na-cresnjevcu-prometna-nesreca-na-avtocesti-na-urhu-vozilo-s-cestisca-bistriski-policisti-zasegli-orozje\/","title":{"rendered":"BISTRI\u0160KO: dimni\u0161ki po\u017ear na \u010cre\u0161njevcu, prometna nesre\u010da na avtocesti, na Urhu vozilo s cesti\u0161\u010da, bistri\u0161ki policisti zasegli oro\u017eje"},"content":{"rendered":"<p>V\u010deraj so na Bistri\u0161kem ve\u010dkrat tulile sirene, ko so na pomo\u010d hiteli gasilci in re\u0161evalci.<br \/>\nOpoldne je <strong>na \u010cre\u0161njevcu<\/strong> pri\u0161lo do dimni\u0161kega po\u017eara v stanovanjski hi\u0161i. Gasilci PGD Pragersko in Slovenska Bistrica so dimnik pregledali s termo kamero, predrli dimnik, o\u010distili saje in varovali objekt do izgoretja saj.<br \/>\nOb 16.18 so <strong>na avtocesti<\/strong> med izvozoma sever in jug v smeri proti Slovenski Bistrici tr\u010dila tri osebna vozila. Gasilci PGD Slovenska Bistrica so zavarovali kraj nesre\u010de, odklopili akumulatorje in posipali iztekle teko\u010dine na cesti\u0161\u010du. Po\u0161kodovanih v prometni nesre\u010di ni bilo.<br \/>\nOb 18.38 je <strong>v naselju Urh<\/strong> v ob\u010dini Slovenska Bistrica osebno vozilo zapeljalo s cesti\u0161\u010da in pri tem zagorelo. Gasilci PGD Tinje in Zgornja Bistrica so po\u017ear na vozilu pogasili in preventivno podrli tri drevesa zaradi morebitnega \u0161irjenja po\u017eara. Re\u0161evalci NMP Slovenska Bistrica so po\u0161kodovanega voznika prepeljali v UKC Maribor.<\/p>\n<p><strong>Zase\u017eeno oro\u017eje<\/strong><br \/>\n<strong>Policisti PP Slovenska Bistrica<\/strong> pa so v\u010deraj <strong>na obmo\u010dju Ru\u0161<\/strong> opravili hi\u0161no preiskavo pri 60-letnem mo\u0161kem. Med hi\u0161no preiskavo sta bili najdeni dve kovinski palici s spro\u017eilnim mehanizmom in name\u0161\u010denimi opti\u010dnimi napravami, pet v\u017eigalnikov za ro\u010dno bombo in nekaj kosov prirejenih delov za izdelavo oro\u017eja ter 267 nabojev razli\u010dnih kalibrov in dve pi\u0161toli (ena z du\u0161ilcem zvoka), za kateri ni imel ustreznih dovoljenj. Po opravljenih analizah in zbranih obvestilih bodo policisti podali kazensko ovadbo. (Foto: PU Maribor)<\/p>\n<p><a href=\"https:\/\/novice.si\/page\/wp-content\/uploads\/2023\/02\/orozje_SLB_resize.jpg\" data-gallery><img loading=\"lazy\" decoding=\"async\" class=\"alignnone size-medium wp-image-159932\" src=\"https:\/\/novice.si\/page\/wp-content\/uploads\/2023\/02\/orozje_SLB_resize-300x175.jpg\" alt=\"\" width=\"300\" height=\"175\" srcset=\"https:\/\/novice.si\/page\/wp-content\/uploads\/2023\/02\/orozje_SLB_resize-300x175.jpg 300w, https:\/\/novice.si\/page\/wp-content\/uploads\/2023\/02\/orozje_SLB_resize-768x447.jpg 768w, https:\/\/novice.si\/page\/wp-content\/uploads\/2023\/02\/orozje_SLB_resize-696x405.jpg 696w, https:\/\/novice.si\/page\/wp-content\/uploads\/2023\/02\/orozje_SLB_resize.jpg 1000w, https:\/\/novice.si\/page\/wp-content\/uploads\/2023\/02\/orozje_SLB_resize-722x420.jpg 722w, https:\/\/novice.si\/page\/wp-content\/uploads\/2023\/02\/orozje_SLB_resize-24x14.jpg 24w, https:\/\/novice.si\/page\/wp-content\/uploads\/2023\/02\/orozje_SLB_resize-36x21.jpg 36w, https:\/\/novice.si\/page\/wp-content\/uploads\/2023\/02\/orozje_SLB_resize-48x28.jpg 48w\" sizes=\"auto, (max-width: 300px) 100vw, 300px\" \/><\/a><\/p>\n","protected":false},"excerpt":{"rendered":"<p>V\u010deraj so na Bistri\u0161kem ve\u010dkrat tulile sirene, ko so na pomo\u010d hiteli gasilci in re\u0161evalci. Opoldne je na \u010cre\u0161njevcu pri\u0161lo do dimni\u0161kega po\u017eara v stanovanjski hi\u0161i. Gasilci PGD Pragersko in Slovenska Bistrica so dimnik pregledali s termo kamero, predrli dimnik, o\u010distili saje in varovali objekt do izgoretja saj. Ob 16.18 so na avtocesti med izvozoma [&hellip;]<\/p>\n","protected":false},"author":8,"featured_media":159932,"comment_status":"closed","ping_status":"closed","sticky":false,"template":"","format":"standard","meta":{"footnotes":""},"categories":[14,32],"tags":[689,306,2889,634,17103],"class_list":{"0":"post-159931","1":"post","2":"type-post","3":"status-publish","4":"format-standard","5":"has-post-thumbnail","7":"category-aktualno","8":"category-bistrisko","9":"tag-avtocesta","10":"tag-gasilci","11":"tag-orozje","12":"tag-policija","13":"tag-urh"},"yoast_head":"<!-- This site is optimized with the Yoast SEO plugin v27.4 - https:\/\/yoast.com\/product\/yoast-seo-wordpress\/ -->\n<title>BISTRI\u0160KO: dimni\u0161ki po\u017ear na \u010cre\u0161njevcu, prometna nesre\u010da na avtocesti, na Urhu vozilo s cesti\u0161\u010da, bistri\u0161ki policisti zasegli oro\u017eje - Novice.si<\/title>\n<meta name=\"robots\" content=\"index, follow, max-snippet:-1, max-image-preview:large, max-video-preview:-1\" \/>\n<link rel=\"canonical\" href=\"https:\/\/novice.si\/page\/bistrisko-dimniski-pozar-na-cresnjevcu-prometna-nesreca-na-avtocesti-na-urhu-vozilo-s-cestisca-bistriski-policisti-zasegli-orozje\/\" \/>\n<meta property=\"og:locale\" content=\"sl_SI\" \/>\n<meta property=\"og:type\" content=\"article\" \/>\n<meta property=\"og:title\" content=\"BISTRI\u0160KO: dimni\u0161ki po\u017ear na \u010cre\u0161njevcu, prometna nesre\u010da na avtocesti, na Urhu vozilo s cesti\u0161\u010da, bistri\u0161ki policisti zasegli oro\u017eje - Novice.si\" \/>\n<meta property=\"og:description\" content=\"V\u010deraj so na Bistri\u0161kem ve\u010dkrat tulile sirene, ko so na pomo\u010d hiteli gasilci in re\u0161evalci. Opoldne je na \u010cre\u0161njevcu pri\u0161lo do dimni\u0161kega po\u017eara v stanovanjski hi\u0161i. Gasilci PGD Pragersko in Slovenska Bistrica so dimnik pregledali s termo kamero, predrli dimnik, o\u010distili saje in varovali objekt do izgoretja saj. Ob 16.18 so na avtocesti med izvozoma [&hellip;]\" \/>\n<meta property=\"og:url\" content=\"https:\/\/novice.si\/page\/bistrisko-dimniski-pozar-na-cresnjevcu-prometna-nesreca-na-avtocesti-na-urhu-vozilo-s-cestisca-bistriski-policisti-zasegli-orozje\/\" \/>\n<meta property=\"og:site_name\" content=\"Novice.si\" \/>\n<meta property=\"article:published_time\" content=\"2023-02-16T09:18:17+00:00\" \/>\n<meta property=\"og:image\" content=\"https:\/\/novice.si\/page\/wp-content\/uploads\/2023\/02\/orozje_SLB_resize.jpg\" \/>\n\t<meta property=\"og:image:width\" content=\"1000\" \/>\n\t<meta property=\"og:image:height\" content=\"582\" \/>\n\t<meta property=\"og:image:type\" content=\"image\/jpeg\" \/>\n<meta name=\"author\" content=\"Uredni\u0161tvo Bistri\u0161kih novic\" \/>\n<meta name=\"twitter:card\" content=\"summary_large_image\" \/>\n<meta name=\"twitter:label1\" content=\"Written by\" \/>\n\t<meta name=\"twitter:data1\" content=\"Uredni\u0161tvo Bistri\u0161kih novic\" \/>\n\t<meta name=\"twitter:label2\" content=\"Est. reading time\" \/>\n\t<meta name=\"twitter:data2\" content=\"2 minuti\" \/>\n<script type=\"application\/ld+json\" class=\"yoast-schema-graph\">{\"@context\":\"https:\\\/\\\/schema.org\",\"@graph\":[{\"@type\":\"Article\",\"@id\":\"https:\\\/\\\/novice.si\\\/page\\\/bistrisko-dimniski-pozar-na-cresnjevcu-prometna-nesreca-na-avtocesti-na-urhu-vozilo-s-cestisca-bistriski-policisti-zasegli-orozje\\\/#article\",\"isPartOf\":{\"@id\":\"https:\\\/\\\/novice.si\\\/page\\\/bistrisko-dimniski-pozar-na-cresnjevcu-prometna-nesreca-na-avtocesti-na-urhu-vozilo-s-cestisca-bistriski-policisti-zasegli-orozje\\\/\"},\"author\":{\"name\":\"Uredni\u0161tvo Bistri\u0161kih novic\",\"@id\":\"https:\\\/\\\/novice.si\\\/page\\\/#\\\/schema\\\/person\\\/96b32396deedcde3f7f776c306b4be21\"},\"headline\":\"BISTRI\u0160KO: dimni\u0161ki po\u017ear na \u010cre\u0161njevcu, prometna nesre\u010da na avtocesti, na Urhu vozilo s cesti\u0161\u010da, bistri\u0161ki policisti zasegli oro\u017eje\",\"datePublished\":\"2023-02-16T09:18:17+00:00\",\"mainEntityOfPage\":{\"@id\":\"https:\\\/\\\/novice.si\\\/page\\\/bistrisko-dimniski-pozar-na-cresnjevcu-prometna-nesreca-na-avtocesti-na-urhu-vozilo-s-cestisca-bistriski-policisti-zasegli-orozje\\\/\"},\"wordCount\":279,\"publisher\":{\"@id\":\"https:\\\/\\\/novice.si\\\/page\\\/#organization\"},\"image\":{\"@id\":\"https:\\\/\\\/novice.si\\\/page\\\/bistrisko-dimniski-pozar-na-cresnjevcu-prometna-nesreca-na-avtocesti-na-urhu-vozilo-s-cestisca-bistriski-policisti-zasegli-orozje\\\/#primaryimage\"},\"thumbnailUrl\":\"https:\\\/\\\/novice.si\\\/page\\\/wp-content\\\/uploads\\\/2023\\\/02\\\/orozje_SLB_resize.jpg\",\"keywords\":[\"avtocesta\",\"gasilci\",\"orozje\",\"policija\",\"Urh\"],\"articleSection\":[\"Aktualno\",\"Bistri\u0161ko\"],\"inLanguage\":\"sl-SI\"},{\"@type\":\"WebPage\",\"@id\":\"https:\\\/\\\/novice.si\\\/page\\\/bistrisko-dimniski-pozar-na-cresnjevcu-prometna-nesreca-na-avtocesti-na-urhu-vozilo-s-cestisca-bistriski-policisti-zasegli-orozje\\\/\",\"url\":\"https:\\\/\\\/novice.si\\\/page\\\/bistrisko-dimniski-pozar-na-cresnjevcu-prometna-nesreca-na-avtocesti-na-urhu-vozilo-s-cestisca-bistriski-policisti-zasegli-orozje\\\/\",\"name\":\"BISTRI\u0160KO: dimni\u0161ki po\u017ear na \u010cre\u0161njevcu, prometna nesre\u010da na avtocesti, na Urhu vozilo s cesti\u0161\u010da, bistri\u0161ki policisti zasegli oro\u017eje - Novice.si\",\"isPartOf\":{\"@id\":\"https:\\\/\\\/novice.si\\\/page\\\/#website\"},\"primaryImageOfPage\":{\"@id\":\"https:\\\/\\\/novice.si\\\/page\\\/bistrisko-dimniski-pozar-na-cresnjevcu-prometna-nesreca-na-avtocesti-na-urhu-vozilo-s-cestisca-bistriski-policisti-zasegli-orozje\\\/#primaryimage\"},\"image\":{\"@id\":\"https:\\\/\\\/novice.si\\\/page\\\/bistrisko-dimniski-pozar-na-cresnjevcu-prometna-nesreca-na-avtocesti-na-urhu-vozilo-s-cestisca-bistriski-policisti-zasegli-orozje\\\/#primaryimage\"},\"thumbnailUrl\":\"https:\\\/\\\/novice.si\\\/page\\\/wp-content\\\/uploads\\\/2023\\\/02\\\/orozje_SLB_resize.jpg\",\"datePublished\":\"2023-02-16T09:18:17+00:00\",\"breadcrumb\":{\"@id\":\"https:\\\/\\\/novice.si\\\/page\\\/bistrisko-dimniski-pozar-na-cresnjevcu-prometna-nesreca-na-avtocesti-na-urhu-vozilo-s-cestisca-bistriski-policisti-zasegli-orozje\\\/#breadcrumb\"},\"inLanguage\":\"sl-SI\",\"potentialAction\":[{\"@type\":\"ReadAction\",\"target\":[\"https:\\\/\\\/novice.si\\\/page\\\/bistrisko-dimniski-pozar-na-cresnjevcu-prometna-nesreca-na-avtocesti-na-urhu-vozilo-s-cestisca-bistriski-policisti-zasegli-orozje\\\/\"]}]},{\"@type\":\"ImageObject\",\"inLanguage\":\"sl-SI\",\"@id\":\"https:\\\/\\\/novice.si\\\/page\\\/bistrisko-dimniski-pozar-na-cresnjevcu-prometna-nesreca-na-avtocesti-na-urhu-vozilo-s-cestisca-bistriski-policisti-zasegli-orozje\\\/#primaryimage\",\"url\":\"https:\\\/\\\/novice.si\\\/page\\\/wp-content\\\/uploads\\\/2023\\\/02\\\/orozje_SLB_resize.jpg\",\"contentUrl\":\"https:\\\/\\\/novice.si\\\/page\\\/wp-content\\\/uploads\\\/2023\\\/02\\\/orozje_SLB_resize.jpg\",\"width\":1000,\"height\":582},{\"@type\":\"BreadcrumbList\",\"@id\":\"https:\\\/\\\/novice.si\\\/page\\\/bistrisko-dimniski-pozar-na-cresnjevcu-prometna-nesreca-na-avtocesti-na-urhu-vozilo-s-cestisca-bistriski-policisti-zasegli-orozje\\\/#breadcrumb\",\"itemListElement\":[{\"@type\":\"ListItem\",\"position\":1,\"name\":\"Home\",\"item\":\"https:\\\/\\\/novice.si\\\/page\\\/\"},{\"@type\":\"ListItem\",\"position\":2,\"name\":\"BISTRI\u0160KO: dimni\u0161ki po\u017ear na \u010cre\u0161njevcu, prometna nesre\u010da na avtocesti, na Urhu vozilo s cesti\u0161\u010da, bistri\u0161ki policisti zasegli oro\u017eje\"}]},{\"@type\":\"WebSite\",\"@id\":\"https:\\\/\\\/novice.si\\\/page\\\/#website\",\"url\":\"https:\\\/\\\/novice.si\\\/page\\\/\",\"name\":\"Novice.si\",\"description\":\"\",\"publisher\":{\"@id\":\"https:\\\/\\\/novice.si\\\/page\\\/#organization\"},\"potentialAction\":[{\"@type\":\"SearchAction\",\"target\":{\"@type\":\"EntryPoint\",\"urlTemplate\":\"https:\\\/\\\/novice.si\\\/page\\\/?s={search_term_string}\"},\"query-input\":{\"@type\":\"PropertyValueSpecification\",\"valueRequired\":true,\"valueName\":\"search_term_string\"}}],\"inLanguage\":\"sl-SI\"},{\"@type\":\"Organization\",\"@id\":\"https:\\\/\\\/novice.si\\\/page\\\/#organization\",\"name\":\"Novice.si\",\"url\":\"https:\\\/\\\/novice.si\\\/page\\\/\",\"logo\":{\"@type\":\"ImageObject\",\"inLanguage\":\"sl-SI\",\"@id\":\"https:\\\/\\\/novice.si\\\/page\\\/#\\\/schema\\\/logo\\\/image\\\/\",\"url\":\"https:\\\/\\\/novice.si\\\/page\\\/wp-content\\\/uploads\\\/2023\\\/03\\\/novice_si.png\",\"contentUrl\":\"https:\\\/\\\/novice.si\\\/page\\\/wp-content\\\/uploads\\\/2023\\\/03\\\/novice_si.png\",\"width\":576,\"height\":200,\"caption\":\"Novice.si\"},\"image\":{\"@id\":\"https:\\\/\\\/novice.si\\\/page\\\/#\\\/schema\\\/logo\\\/image\\\/\"}},{\"@type\":\"Person\",\"@id\":\"https:\\\/\\\/novice.si\\\/page\\\/#\\\/schema\\\/person\\\/96b32396deedcde3f7f776c306b4be21\",\"name\":\"Uredni\u0161tvo Bistri\u0161kih novic\",\"image\":{\"@type\":\"ImageObject\",\"inLanguage\":\"sl-SI\",\"@id\":\"https:\\\/\\\/secure.gravatar.com\\\/avatar\\\/26c56c4b10cdb3a21e86442e5f2845a4eafdd0f3605def77ec6cff4aaef32ea4?s=96&d=mm&r=g\",\"url\":\"https:\\\/\\\/secure.gravatar.com\\\/avatar\\\/26c56c4b10cdb3a21e86442e5f2845a4eafdd0f3605def77ec6cff4aaef32ea4?s=96&d=mm&r=g\",\"contentUrl\":\"https:\\\/\\\/secure.gravatar.com\\\/avatar\\\/26c56c4b10cdb3a21e86442e5f2845a4eafdd0f3605def77ec6cff4aaef32ea4?s=96&d=mm&r=g\",\"caption\":\"Uredni\u0161tvo Bistri\u0161kih novic\"},\"url\":\"https:\\\/\\\/novice.si\\\/page\\\/author\\\/bojana\\\/\"}]}<\/script>\n<!-- \/ Yoast SEO plugin. -->","yoast_head_json":{"title":"BISTRI\u0160KO: dimni\u0161ki po\u017ear na \u010cre\u0161njevcu, prometna nesre\u010da na avtocesti, na Urhu vozilo s cesti\u0161\u010da, bistri\u0161ki policisti zasegli oro\u017eje - Novice.si","robots":{"index":"index","follow":"follow","max-snippet":"max-snippet:-1","max-image-preview":"max-image-preview:large","max-video-preview":"max-video-preview:-1"},"canonical":"https:\/\/novice.si\/page\/bistrisko-dimniski-pozar-na-cresnjevcu-prometna-nesreca-na-avtocesti-na-urhu-vozilo-s-cestisca-bistriski-policisti-zasegli-orozje\/","og_locale":"sl_SI","og_type":"article","og_title":"BISTRI\u0160KO: dimni\u0161ki po\u017ear na \u010cre\u0161njevcu, prometna nesre\u010da na avtocesti, na Urhu vozilo s cesti\u0161\u010da, bistri\u0161ki policisti zasegli oro\u017eje - Novice.si","og_description":"V\u010deraj so na Bistri\u0161kem ve\u010dkrat tulile sirene, ko so na pomo\u010d hiteli gasilci in re\u0161evalci. Opoldne je na \u010cre\u0161njevcu pri\u0161lo do dimni\u0161kega po\u017eara v stanovanjski hi\u0161i. Gasilci PGD Pragersko in Slovenska Bistrica so dimnik pregledali s termo kamero, predrli dimnik, o\u010distili saje in varovali objekt do izgoretja saj. Ob 16.18 so na avtocesti med izvozoma [&hellip;]","og_url":"https:\/\/novice.si\/page\/bistrisko-dimniski-pozar-na-cresnjevcu-prometna-nesreca-na-avtocesti-na-urhu-vozilo-s-cestisca-bistriski-policisti-zasegli-orozje\/","og_site_name":"Novice.si","article_published_time":"2023-02-16T09:18:17+00:00","og_image":[{"width":1000,"height":582,"url":"https:\/\/novice.si\/page\/wp-content\/uploads\/2023\/02\/orozje_SLB_resize.jpg","type":"image\/jpeg"}],"author":"Uredni\u0161tvo Bistri\u0161kih novic","twitter_card":"summary_large_image","twitter_misc":{"Written by":"Uredni\u0161tvo Bistri\u0161kih novic","Est. reading time":"2 minuti"},"schema":{"@context":"https:\/\/schema.org","@graph":[{"@type":"Article","@id":"https:\/\/novice.si\/page\/bistrisko-dimniski-pozar-na-cresnjevcu-prometna-nesreca-na-avtocesti-na-urhu-vozilo-s-cestisca-bistriski-policisti-zasegli-orozje\/#article","isPartOf":{"@id":"https:\/\/novice.si\/page\/bistrisko-dimniski-pozar-na-cresnjevcu-prometna-nesreca-na-avtocesti-na-urhu-vozilo-s-cestisca-bistriski-policisti-zasegli-orozje\/"},"author":{"name":"Uredni\u0161tvo Bistri\u0161kih novic","@id":"https:\/\/novice.si\/page\/#\/schema\/person\/96b32396deedcde3f7f776c306b4be21"},"headline":"BISTRI\u0160KO: dimni\u0161ki po\u017ear na \u010cre\u0161njevcu, prometna nesre\u010da na avtocesti, na Urhu vozilo s cesti\u0161\u010da, bistri\u0161ki policisti zasegli oro\u017eje","datePublished":"2023-02-16T09:18:17+00:00","mainEntityOfPage":{"@id":"https:\/\/novice.si\/page\/bistrisko-dimniski-pozar-na-cresnjevcu-prometna-nesreca-na-avtocesti-na-urhu-vozilo-s-cestisca-bistriski-policisti-zasegli-orozje\/"},"wordCount":279,"publisher":{"@id":"https:\/\/novice.si\/page\/#organization"},"image":{"@id":"https:\/\/novice.si\/page\/bistrisko-dimniski-pozar-na-cresnjevcu-prometna-nesreca-na-avtocesti-na-urhu-vozilo-s-cestisca-bistriski-policisti-zasegli-orozje\/#primaryimage"},"thumbnailUrl":"https:\/\/novice.si\/page\/wp-content\/uploads\/2023\/02\/orozje_SLB_resize.jpg","keywords":["avtocesta","gasilci","orozje","policija","Urh"],"articleSection":["Aktualno","Bistri\u0161ko"],"inLanguage":"sl-SI"},{"@type":"WebPage","@id":"https:\/\/novice.si\/page\/bistrisko-dimniski-pozar-na-cresnjevcu-prometna-nesreca-na-avtocesti-na-urhu-vozilo-s-cestisca-bistriski-policisti-zasegli-orozje\/","url":"https:\/\/novice.si\/page\/bistrisko-dimniski-pozar-na-cresnjevcu-prometna-nesreca-na-avtocesti-na-urhu-vozilo-s-cestisca-bistriski-policisti-zasegli-orozje\/","name":"BISTRI\u0160KO: dimni\u0161ki po\u017ear na \u010cre\u0161njevcu, prometna nesre\u010da na avtocesti, na Urhu vozilo s cesti\u0161\u010da, bistri\u0161ki policisti zasegli oro\u017eje - Novice.si","isPartOf":{"@id":"https:\/\/novice.si\/page\/#website"},"primaryImageOfPage":{"@id":"https:\/\/novice.si\/page\/bistrisko-dimniski-pozar-na-cresnjevcu-prometna-nesreca-na-avtocesti-na-urhu-vozilo-s-cestisca-bistriski-policisti-zasegli-orozje\/#primaryimage"},"image":{"@id":"https:\/\/novice.si\/page\/bistrisko-dimniski-pozar-na-cresnjevcu-prometna-nesreca-na-avtocesti-na-urhu-vozilo-s-cestisca-bistriski-policisti-zasegli-orozje\/#primaryimage"},"thumbnailUrl":"https:\/\/novice.si\/page\/wp-content\/uploads\/2023\/02\/orozje_SLB_resize.jpg","datePublished":"2023-02-16T09:18:17+00:00","breadcrumb":{"@id":"https:\/\/novice.si\/page\/bistrisko-dimniski-pozar-na-cresnjevcu-prometna-nesreca-na-avtocesti-na-urhu-vozilo-s-cestisca-bistriski-policisti-zasegli-orozje\/#breadcrumb"},"inLanguage":"sl-SI","potentialAction":[{"@type":"ReadAction","target":["https:\/\/novice.si\/page\/bistrisko-dimniski-pozar-na-cresnjevcu-prometna-nesreca-na-avtocesti-na-urhu-vozilo-s-cestisca-bistriski-policisti-zasegli-orozje\/"]}]},{"@type":"ImageObject","inLanguage":"sl-SI","@id":"https:\/\/novice.si\/page\/bistrisko-dimniski-pozar-na-cresnjevcu-prometna-nesreca-na-avtocesti-na-urhu-vozilo-s-cestisca-bistriski-policisti-zasegli-orozje\/#primaryimage","url":"https:\/\/novice.si\/page\/wp-content\/uploads\/2023\/02\/orozje_SLB_resize.jpg","contentUrl":"https:\/\/novice.si\/page\/wp-content\/uploads\/2023\/02\/orozje_SLB_resize.jpg","width":1000,"height":582},{"@type":"BreadcrumbList","@id":"https:\/\/novice.si\/page\/bistrisko-dimniski-pozar-na-cresnjevcu-prometna-nesreca-na-avtocesti-na-urhu-vozilo-s-cestisca-bistriski-policisti-zasegli-orozje\/#breadcrumb","itemListElement":[{"@type":"ListItem","position":1,"name":"Home","item":"https:\/\/novice.si\/page\/"},{"@type":"ListItem","position":2,"name":"BISTRI\u0160KO: dimni\u0161ki po\u017ear na \u010cre\u0161njevcu, prometna nesre\u010da na avtocesti, na Urhu vozilo s cesti\u0161\u010da, bistri\u0161ki policisti zasegli oro\u017eje"}]},{"@type":"WebSite","@id":"https:\/\/novice.si\/page\/#website","url":"https:\/\/novice.si\/page\/","name":"Novice.si","description":"","publisher":{"@id":"https:\/\/novice.si\/page\/#organization"},"potentialAction":[{"@type":"SearchAction","target":{"@type":"EntryPoint","urlTemplate":"https:\/\/novice.si\/page\/?s={search_term_string}"},"query-input":{"@type":"PropertyValueSpecification","valueRequired":true,"valueName":"search_term_string"}}],"inLanguage":"sl-SI"},{"@type":"Organization","@id":"https:\/\/novice.si\/page\/#organization","name":"Novice.si","url":"https:\/\/novice.si\/page\/","logo":{"@type":"ImageObject","inLanguage":"sl-SI","@id":"https:\/\/novice.si\/page\/#\/schema\/logo\/image\/","url":"https:\/\/novice.si\/page\/wp-content\/uploads\/2023\/03\/novice_si.png","contentUrl":"https:\/\/novice.si\/page\/wp-content\/uploads\/2023\/03\/novice_si.png","width":576,"height":200,"caption":"Novice.si"},"image":{"@id":"https:\/\/novice.si\/page\/#\/schema\/logo\/image\/"}},{"@type":"Person","@id":"https:\/\/novice.si\/page\/#\/schema\/person\/96b32396deedcde3f7f776c306b4be21","name":"Uredni\u0161tvo Bistri\u0161kih novic","image":{"@type":"ImageObject","inLanguage":"sl-SI","@id":"https:\/\/secure.gravatar.com\/avatar\/26c56c4b10cdb3a21e86442e5f2845a4eafdd0f3605def77ec6cff4aaef32ea4?s=96&d=mm&r=g","url":"https:\/\/secure.gravatar.com\/avatar\/26c56c4b10cdb3a21e86442e5f2845a4eafdd0f3605def77ec6cff4aaef32ea4?s=96&d=mm&r=g","contentUrl":"https:\/\/secure.gravatar.com\/avatar\/26c56c4b10cdb3a21e86442e5f2845a4eafdd0f3605def77ec6cff4aaef32ea4?s=96&d=mm&r=g","caption":"Uredni\u0161tvo Bistri\u0161kih novic"},"url":"https:\/\/novice.si\/page\/author\/bojana\/"}]}},"_links":{"self":[{"href":"https:\/\/novice.si\/page\/wp-json\/wp\/v2\/posts\/159931","targetHints":{"allow":["GET"]}}],"collection":[{"href":"https:\/\/novice.si\/page\/wp-json\/wp\/v2\/posts"}],"about":[{"href":"https:\/\/novice.si\/page\/wp-json\/wp\/v2\/types\/post"}],"author":[{"embeddable":true,"href":"https:\/\/novice.si\/page\/wp-json\/wp\/v2\/users\/8"}],"replies":[{"embeddable":true,"href":"https:\/\/novice.si\/page\/wp-json\/wp\/v2\/comments?post=159931"}],"version-history":[{"count":1,"href":"https:\/\/novice.si\/page\/wp-json\/wp\/v2\/posts\/159931\/revisions"}],"predecessor-version":[{"id":159933,"href":"https:\/\/novice.si\/page\/wp-json\/wp\/v2\/posts\/159931\/revisions\/159933"}],"wp:featuredmedia":[{"embeddable":true,"href":"https:\/\/novice.si\/page\/wp-json\/wp\/v2\/media\/159932"}],"wp:attachment":[{"href":"https:\/\/novice.si\/page\/wp-json\/wp\/v2\/media?parent=159931"}],"wp:term":[{"taxonomy":"category","embeddable":true,"href":"https:\/\/novice.si\/page\/wp-json\/wp\/v2\/categories?post=159931"},{"taxonomy":"post_tag","embeddable":true,"href":"https:\/\/novice.si\/page\/wp-json\/wp\/v2\/tags?post=159931"}],"curies":[{"name":"wp","href":"https:\/\/api.w.org\/{rel}","templated":true}]}}