{"id":159868,"date":"2023-02-15T14:25:42","date_gmt":"2023-02-15T13:25:42","guid":{"rendered":"https:\/\/novice.si\/page\/?p=159868"},"modified":"2023-02-15T14:25:42","modified_gmt":"2023-02-15T13:25:42","slug":"informativni-dnevi-kam-naprej-kako-so-izbirali-drugi","status":"publish","type":"post","link":"https:\/\/novice.si\/page\/informativni-dnevi-kam-naprej-kako-so-izbirali-drugi\/","title":{"rendered":"INFORMATIVNI DNEVI: Kam naprej? Kako so izbirali drugi?"},"content":{"rendered":"<p>Konec tedna, 17. in 18. februarja, bodo informativni dnevi. Prilo\u017enost za deveto\u0161olce in maturante, da na srednjih \u0161olah in fakultetah pridobijo \u010dim ve\u010d informacij.<br \/>\nKako pa so svojo izobra\u017eevalno pot izbrali in prehodili prepoznavni posamezniki <strong>iz Bistri\u0161kega?<\/strong> Kaj svetujejo mladim?<\/p>\n<p><strong>Jure \u010cretnik, direktor divizije livarni\u0161tva v skupini Impol ter direktor dru\u017ebe Impol LLT:<br \/>\n<\/strong>\u00bbVe\u010djih dilem pred vpisom v srednjo \u0161olo in tudi kasneje na fakulteto pri meni ni bilo. Po karakterju sem bolj tehni\u010dni tip. Tako sem se brez ve\u010djih oklevanj odlo\u010dil za izobra\u017eevanje v smeri strojni\u0161tva. \u017de v srednji \u0161oli, zlasti pa v \u010dasu \u0161tudija, sem v skupini Impol, v diviziji stiskalni\u0161tva sodeloval pri vzdr\u017eevalnih delih in investicijskih projektih. Tam sem nabral prve izku\u0161nje in svoj poklic dodobra spoznal \u017ee pred zaklju\u010dkom \u0161olanja. Prilo\u017enosti nabiranja prakti\u010dnih izku\u0161enj je bilo med \u0161tudijem neomejeno.<br \/>\nPo vseh teh letih lahko trdim, da je bila odlo\u010ditev prava. Vsem, ki se \u0161e odlo\u010dajo za poklic, svetujem, da sledijo lastnim interesom in \u017eeljam, pred sabo pa naj imajo poklic, ki si ga \u017eelijo opravljati.\u00ab<\/p>\n<figure id=\"attachment_159870\" aria-describedby=\"caption-attachment-159870\" style=\"width: 300px\" class=\"wp-caption alignnone\"><a href=\"https:\/\/novice.si\/page\/wp-content\/uploads\/2023\/02\/Jure-Cretnik1_resize.jpg\" data-gallery><img loading=\"lazy\" decoding=\"async\" class=\"size-medium wp-image-159870\" src=\"https:\/\/novice.si\/page\/wp-content\/uploads\/2023\/02\/Jure-Cretnik1_resize-300x208.jpg\" alt=\"\" width=\"300\" height=\"208\" srcset=\"https:\/\/novice.si\/page\/wp-content\/uploads\/2023\/02\/Jure-Cretnik1_resize-300x208.jpg 300w, https:\/\/novice.si\/page\/wp-content\/uploads\/2023\/02\/Jure-Cretnik1_resize-768x533.jpg 768w, https:\/\/novice.si\/page\/wp-content\/uploads\/2023\/02\/Jure-Cretnik1_resize-100x70.jpg 100w, https:\/\/novice.si\/page\/wp-content\/uploads\/2023\/02\/Jure-Cretnik1_resize-218x150.jpg 218w, https:\/\/novice.si\/page\/wp-content\/uploads\/2023\/02\/Jure-Cretnik1_resize-696x483.jpg 696w, https:\/\/novice.si\/page\/wp-content\/uploads\/2023\/02\/Jure-Cretnik1_resize-605x420.jpg 605w, https:\/\/novice.si\/page\/wp-content\/uploads\/2023\/02\/Jure-Cretnik1_resize-24x17.jpg 24w, https:\/\/novice.si\/page\/wp-content\/uploads\/2023\/02\/Jure-Cretnik1_resize-36x25.jpg 36w, https:\/\/novice.si\/page\/wp-content\/uploads\/2023\/02\/Jure-Cretnik1_resize-48x33.jpg 48w, https:\/\/novice.si\/page\/wp-content\/uploads\/2023\/02\/Jure-Cretnik1_resize.jpg 1000w\" sizes=\"auto, (max-width: 300px) 100vw, 300px\" \/><\/a><figcaption id=\"caption-attachment-159870\" class=\"wp-caption-text\">Jure \u010cretnik<\/figcaption><\/figure>\n<p><strong>Nadja Stegne, ravnateljica Osnovne \u0161ol Pohorskega odreda Slovenska Bistrica:<\/strong><strong><br \/>\n<\/strong>\u00bbOdlo\u010ditev, da se po kon\u010dani osnovni \u0161oli vpi\u0161em na gimnazijo, je bila pravzaprav enostavna. Ve\u010dji izziv je bila odlo\u010ditev za \u0161tudij. Ker me je veselilo delo na razli\u010dnih podro\u010djih, sem se ste\u017eka odlo\u010dila, a na koncu izbrala \u0161tudij glasbe.<br \/>\n\u017de pred \u0161tudijem sem bila mo\u010dno vpeta v dogajanje na kulturnem podro\u010dju in na nek na\u010din me je pedago\u0161ko delo u\u010diteljice, ki sem ga kasneje opravljala kot \u0161tudentka, vodilo naprej.<br \/>\nMed izobra\u017eevanjem me je navdihnilo mnogo stvari \u2013 novo okolje, novi so\u0161olci, ki so z leti postali pravi prijatelji, profesorji in predavatelji, ki so poleg podajanja znanja znali navdu\u0161evati in motivirati \u2013 najbolj\u0161i pa so bili tisti, ki so znali pri posameznikih poiskati mo\u010dna podro\u010dja \u2013 jih nekako oblikovati in usmeriti na nadaljnjo pot.<br \/>\nMladim bi svetovala, naj nenehno i\u0161\u010dejo, raziskujejo, spra\u0161ujejo, se u\u010dijo in nikdar ne obupajo. Pomembno je namre\u010d, da vemo, kaj si \u017eelimo postati; da stremimo k svoji poti, k tistemu, kar v nas vzbudi zanimanje, kar nas navdu\u0161uje. Le tako bomo svoje delo opravljali z veseljem in zanosom.\u00ab<\/p>\n<figure id=\"attachment_159872\" aria-describedby=\"caption-attachment-159872\" style=\"width: 300px\" class=\"wp-caption alignnone\"><a href=\"https:\/\/novice.si\/page\/wp-content\/uploads\/2023\/02\/Nadja-Stegne1_resize.jpg\" data-gallery><img loading=\"lazy\" decoding=\"async\" class=\"size-medium wp-image-159872\" src=\"https:\/\/novice.si\/page\/wp-content\/uploads\/2023\/02\/Nadja-Stegne1_resize-300x264.jpg\" alt=\"\" width=\"300\" height=\"264\" srcset=\"https:\/\/novice.si\/page\/wp-content\/uploads\/2023\/02\/Nadja-Stegne1_resize-300x264.jpg 300w, https:\/\/novice.si\/page\/wp-content\/uploads\/2023\/02\/Nadja-Stegne1_resize-768x676.jpg 768w, https:\/\/novice.si\/page\/wp-content\/uploads\/2023\/02\/Nadja-Stegne1_resize-696x613.jpg 696w, https:\/\/novice.si\/page\/wp-content\/uploads\/2023\/02\/Nadja-Stegne1_resize-477x420.jpg 477w, https:\/\/novice.si\/page\/wp-content\/uploads\/2023\/02\/Nadja-Stegne1_resize-24x21.jpg 24w, https:\/\/novice.si\/page\/wp-content\/uploads\/2023\/02\/Nadja-Stegne1_resize-36x32.jpg 36w, https:\/\/novice.si\/page\/wp-content\/uploads\/2023\/02\/Nadja-Stegne1_resize-48x42.jpg 48w, https:\/\/novice.si\/page\/wp-content\/uploads\/2023\/02\/Nadja-Stegne1_resize.jpg 795w\" sizes=\"auto, (max-width: 300px) 100vw, 300px\" \/><\/a><figcaption id=\"caption-attachment-159872\" class=\"wp-caption-text\">Nadja Stegne<\/figcaption><\/figure>\n<p><strong>Nina Poto\u010dnik, direktorica dru\u017ebe Kadring:<br \/>\n<\/strong>\u00bbOdlo\u010dila sem se za poklic komunikologije predvsem zaradi zanimivega programa, ki ga je fakulteta ponujala. Kmalu je sledilo razo\u010daranje, saj je program bil prete\u017eno teoreti\u010dno naravnan in ni bilo veliko stika z realnimi znanji, ki jih oseba potrebuje na delovnem mestu. Slednje se je precej popravilo zadnje leto \u0161tudija, ko sem bila na izmenjavi v tujini, kjer je bil pristop k podajanju znanja povsem druga\u010den in bistveno bolj uporaben.<br \/>\nBodo\u010dim dijakom in \u0161tudentom bi svetovala to, da se pri izbiri \u0161tudija predvsem osredoto\u010dijo na to, kaj bi v \u017eivljenju radi po\u010deli, saj je navsezadnje to precej bolj pomembno, kot pa je pomembno relativno kratko \u0161tudentsko obdobje.\u00ab<\/p>\n<figure id=\"attachment_159874\" aria-describedby=\"caption-attachment-159874\" style=\"width: 300px\" class=\"wp-caption alignnone\"><a href=\"https:\/\/novice.si\/page\/wp-content\/uploads\/2023\/02\/Nina-Potocnik2_resize.jpg\" data-gallery><img loading=\"lazy\" decoding=\"async\" class=\"size-medium wp-image-159874\" src=\"https:\/\/novice.si\/page\/wp-content\/uploads\/2023\/02\/Nina-Potocnik2_resize-300x244.jpg\" alt=\"\" width=\"300\" height=\"244\" srcset=\"https:\/\/novice.si\/page\/wp-content\/uploads\/2023\/02\/Nina-Potocnik2_resize-300x244.jpg 300w, https:\/\/novice.si\/page\/wp-content\/uploads\/2023\/02\/Nina-Potocnik2_resize-768x624.jpg 768w, https:\/\/novice.si\/page\/wp-content\/uploads\/2023\/02\/Nina-Potocnik2_resize-696x566.jpg 696w, https:\/\/novice.si\/page\/wp-content\/uploads\/2023\/02\/Nina-Potocnik2_resize-517x420.jpg 517w, https:\/\/novice.si\/page\/wp-content\/uploads\/2023\/02\/Nina-Potocnik2_resize-24x20.jpg 24w, https:\/\/novice.si\/page\/wp-content\/uploads\/2023\/02\/Nina-Potocnik2_resize-36x29.jpg 36w, https:\/\/novice.si\/page\/wp-content\/uploads\/2023\/02\/Nina-Potocnik2_resize-48x39.jpg 48w, https:\/\/novice.si\/page\/wp-content\/uploads\/2023\/02\/Nina-Potocnik2_resize.jpg 861w\" sizes=\"auto, (max-width: 300px) 100vw, 300px\" \/><\/a><figcaption id=\"caption-attachment-159874\" class=\"wp-caption-text\">Nina Poto\u010dnik<\/figcaption><\/figure>\n<p><strong>Marko \u017digart, mag., profesor fizike na Srednji \u0161oli Slovenska Bistrica:<br \/>\n<\/strong>\u00bbNa na\u0161i srednji \u0161oli se skrbno pripravljamo na informativne dneve, z mislijo na dijake, pred kako pomembno odlo\u010ditvijo so.<br \/>\nTudi sam sem bil vsaj dvakrat pred podobno izbiro. Najprej sem se odlo\u010dal med takratno Naravoslovno gimnazijo in Srednjo elektro in ra\u010dunalni\u0161ko \u0161olo. V duhu \u010dasa, ko se je pri\u010denjalo razcvetati ra\u010dunalni\u0161tvo in elektronika, sem izbral slednjo. \u010ce bi lahko takrat izbral gimnazijo v doma\u010dem kraju, bi se odlo\u010dil zanjo.<br \/>\nKasneje sem se po kon\u010dani srednji tehni\u0161ki \u0161oli odlo\u010dal med \u0161tudijem elektronike in fizike. Na koncu sem poslu\u0161al srce, ki je bilo za astronomijo. Danes sem u\u010ditelj fizike in delo u\u010ditelja zelo rad opravljam.<br \/>\nPri izbiri nove \u0161ole mladim \u017eelim: da se boste v njej dobro po\u010dutili, da vam bo izobra\u017eevanje nudilo dovolj izzivov, da boste lahko razvijali svoja mo\u010dna podro\u010dja in odkrivali nova, ki jih trenutno \u0161e ne poznate.\u00ab<\/p>\n<figure id=\"attachment_159871\" aria-describedby=\"caption-attachment-159871\" style=\"width: 300px\" class=\"wp-caption alignnone\"><a href=\"https:\/\/novice.si\/page\/wp-content\/uploads\/2023\/02\/Marko-Zigart-SSSB2_resize.jpg\" data-gallery><img loading=\"lazy\" decoding=\"async\" class=\"size-medium wp-image-159871\" src=\"https:\/\/novice.si\/page\/wp-content\/uploads\/2023\/02\/Marko-Zigart-SSSB2_resize-300x225.jpg\" alt=\"\" width=\"300\" height=\"225\" srcset=\"https:\/\/novice.si\/page\/wp-content\/uploads\/2023\/02\/Marko-Zigart-SSSB2_resize-300x225.jpg 300w, https:\/\/novice.si\/page\/wp-content\/uploads\/2023\/02\/Marko-Zigart-SSSB2_resize-768x576.jpg 768w, https:\/\/novice.si\/page\/wp-content\/uploads\/2023\/02\/Marko-Zigart-SSSB2_resize-80x60.jpg 80w, https:\/\/novice.si\/page\/wp-content\/uploads\/2023\/02\/Marko-Zigart-SSSB2_resize-265x198.jpg 265w, https:\/\/novice.si\/page\/wp-content\/uploads\/2023\/02\/Marko-Zigart-SSSB2_resize-696x522.jpg 696w, https:\/\/novice.si\/page\/wp-content\/uploads\/2023\/02\/Marko-Zigart-SSSB2_resize-560x420.jpg 560w, https:\/\/novice.si\/page\/wp-content\/uploads\/2023\/02\/Marko-Zigart-SSSB2_resize-24x18.jpg 24w, https:\/\/novice.si\/page\/wp-content\/uploads\/2023\/02\/Marko-Zigart-SSSB2_resize-36x27.jpg 36w, https:\/\/novice.si\/page\/wp-content\/uploads\/2023\/02\/Marko-Zigart-SSSB2_resize-48x36.jpg 48w, https:\/\/novice.si\/page\/wp-content\/uploads\/2023\/02\/Marko-Zigart-SSSB2_resize.jpg 933w\" sizes=\"auto, (max-width: 300px) 100vw, 300px\" \/><\/a><figcaption id=\"caption-attachment-159871\" class=\"wp-caption-text\">Marko \u017digart z biv\u0161im dijakom Klemnom Ker\u0161i\u010dem, bronastim na olimpijadi iz astrofizike in ko-zmologije, in zdaj\u0161njim dijakom Damjanom Dovnikom, njegovim naslednikom<\/figcaption><\/figure>\n<p><strong>Tanja Premzl Auer, \u0161ivilja, \u0160iviljski salon Tanja, Pragersko:<br \/>\n<\/strong>\u00bbMeni osebno ta odlo\u010ditev ni povzro\u010dala nobenih te\u017eav, saj sem \u017ee od osnovno\u0161olskih dni ustvarjala in \u0161ivala. Vpis v srednjo tekstilno \u0161olo je bila samoumevna, tam sem dobila osnovno znanje o tekstilu in krojenju obla\u010dil. Prakti\u010dno znanje pa sem pridobila v prvi slu\u017ebi, in sicer pri obrtniku, kjer sem bila zaposlena dve leti. Na samostojno pot sem zakorakala 1. novembra 1992, tako da \u017ee polnih 30 let ustvarjam, \u0161ivam po meri v svoji obrtni delavnici.<br \/>\nPo izobrazbi sem tekstilni tehnik, leta 2004 pa sem postala mojster \u0161ivilja &#8211; kroja\u010d.<br \/>\nPri mojem poklicu je pomembno to, da ima\u0161 ro\u010dne spretnosti, potrpe\u017eljivost, vztrajnost in veselje do ustvarjanja. Poklic \u0161ivilje \u017ee nekaj let ni ve\u010d zanimiv, sedenje za \u0161ivalnim strojem ni najbolj privla\u010dno za mlade \u2026 Jaz pa se po 32 letih dela \u0161e zmeraj z istim veseljem odpravim v delavnico, pa ni pomembno, ali \u0161ivam novo obleko ali popravljam obla\u010dila.\u00ab<\/p>\n<figure id=\"attachment_159875\" aria-describedby=\"caption-attachment-159875\" style=\"width: 300px\" class=\"wp-caption alignnone\"><a href=\"https:\/\/novice.si\/page\/wp-content\/uploads\/2023\/02\/Tanja-Premzl-Auer2_resize.jpg\" data-gallery><img loading=\"lazy\" decoding=\"async\" class=\"size-medium wp-image-159875\" src=\"https:\/\/novice.si\/page\/wp-content\/uploads\/2023\/02\/Tanja-Premzl-Auer2_resize-300x211.jpg\" alt=\"\" width=\"300\" height=\"211\" srcset=\"https:\/\/novice.si\/page\/wp-content\/uploads\/2023\/02\/Tanja-Premzl-Auer2_resize-300x211.jpg 300w, https:\/\/novice.si\/page\/wp-content\/uploads\/2023\/02\/Tanja-Premzl-Auer2_resize-768x540.jpg 768w, https:\/\/novice.si\/page\/wp-content\/uploads\/2023\/02\/Tanja-Premzl-Auer2_resize-100x70.jpg 100w, https:\/\/novice.si\/page\/wp-content\/uploads\/2023\/02\/Tanja-Premzl-Auer2_resize-696x489.jpg 696w, https:\/\/novice.si\/page\/wp-content\/uploads\/2023\/02\/Tanja-Premzl-Auer2_resize-598x420.jpg 598w, https:\/\/novice.si\/page\/wp-content\/uploads\/2023\/02\/Tanja-Premzl-Auer2_resize-24x17.jpg 24w, https:\/\/novice.si\/page\/wp-content\/uploads\/2023\/02\/Tanja-Premzl-Auer2_resize-36x25.jpg 36w, https:\/\/novice.si\/page\/wp-content\/uploads\/2023\/02\/Tanja-Premzl-Auer2_resize-48x34.jpg 48w, https:\/\/novice.si\/page\/wp-content\/uploads\/2023\/02\/Tanja-Premzl-Auer2_resize.jpg 996w\" sizes=\"auto, (max-width: 300px) 100vw, 300px\" \/><\/a><figcaption id=\"caption-attachment-159875\" class=\"wp-caption-text\">Tanja Premzl Auer<\/figcaption><\/figure>\n<p><strong>Aleksander Dovar, dipl. in\u017e. elektrotehnike, vodja avtomatizacije v <\/strong><strong>Aluminium Kety Emmi, sicer \u010dlan glasbene skupine Gemaj in Godbe na pihala Kud Janko \u017divko Polj\u010dane:<br \/>\n<\/strong>\u00bbOb vpisu v srednjo \u0161olo nisem imel to\u010dne predstave, kaj \u017eelim postati. Takrat me je zanimala glasba, pa tudi elektronika. Na mojo odlo\u010ditev so vplivale tudi odlo\u010ditve so\u0161olcev. Odlo\u010dil sem se za tehni\u010dno smer. Tematika v srednji \u0161oli mi je bila vsaj malo znana, najve\u010d sem odnesel od prakti\u010dnega pouka. Prakso sem pridobival z razli\u010dnimi deli preko \u0161tudentskega servisa, ki niso bila samo v smeri mojega \u0161olanja.<br \/>\nPridobivanje delovnih izku\u0161enj \u017ee v \u010dasu \u0161olanja je klju\u010dno, saj te izku\u0161nje utrjujejo in ti hkrati dajejo usmeritve za naprej. Cilj lahko dose\u017ee\u0161 samo takrat, ko si ga postavi\u0161.\u00ab<\/p>\n<figure id=\"attachment_159869\" aria-describedby=\"caption-attachment-159869\" style=\"width: 300px\" class=\"wp-caption alignnone\"><a href=\"https:\/\/novice.si\/page\/wp-content\/uploads\/2023\/02\/Aleksander-Dovar_resize.jpg\" data-gallery><img loading=\"lazy\" decoding=\"async\" class=\"size-medium wp-image-159869\" src=\"https:\/\/novice.si\/page\/wp-content\/uploads\/2023\/02\/Aleksander-Dovar_resize-300x225.jpg\" alt=\"\" width=\"300\" height=\"225\" srcset=\"https:\/\/novice.si\/page\/wp-content\/uploads\/2023\/02\/Aleksander-Dovar_resize-300x225.jpg 300w, https:\/\/novice.si\/page\/wp-content\/uploads\/2023\/02\/Aleksander-Dovar_resize-768x577.jpg 768w, https:\/\/novice.si\/page\/wp-content\/uploads\/2023\/02\/Aleksander-Dovar_resize-80x60.jpg 80w, https:\/\/novice.si\/page\/wp-content\/uploads\/2023\/02\/Aleksander-Dovar_resize-265x198.jpg 265w, https:\/\/novice.si\/page\/wp-content\/uploads\/2023\/02\/Aleksander-Dovar_resize-696x523.jpg 696w, https:\/\/novice.si\/page\/wp-content\/uploads\/2023\/02\/Aleksander-Dovar_resize-559x420.jpg 559w, https:\/\/novice.si\/page\/wp-content\/uploads\/2023\/02\/Aleksander-Dovar_resize-24x18.jpg 24w, https:\/\/novice.si\/page\/wp-content\/uploads\/2023\/02\/Aleksander-Dovar_resize-36x27.jpg 36w, https:\/\/novice.si\/page\/wp-content\/uploads\/2023\/02\/Aleksander-Dovar_resize-48x36.jpg 48w, https:\/\/novice.si\/page\/wp-content\/uploads\/2023\/02\/Aleksander-Dovar_resize.jpg 932w\" sizes=\"auto, (max-width: 300px) 100vw, 300px\" \/><\/a><figcaption id=\"caption-attachment-159869\" class=\"wp-caption-text\">Aleksander Dovar<\/figcaption><\/figure>\n<p><strong>Nejka Kapun, jezikovna trenerka za nem\u0161\u010dino in angle\u0161\u010dino, Odsko\u010dnica:<br \/>\n<\/strong>\u00bbDileme pri izbiri srednje \u0161ole ni bilo, ko pa sem se udele\u017eila \u0161e informativnega dne, je bilo jasno, da bom naslednja \u0161tiri leta obiskovala II. gimnazijo Maribor. Ker sem imela zelo rada jezike, sem se odlo\u010dila za \u0161tudij prevajalstva. \u0160tudij mi je dal neko \u0161irino, sem pa ugotovila, da le prevajanje ne bo \u00bbdovolj\u00ab in da me zanima tudi pou\u010devanje, vendar bolj v smislu jezikovne \u0161ole. Zato sem se med pisanjem magistrske naloge dodatno vpisala tudi na pedago\u0161ko-andrago\u0161ko izobra\u017eevanje.<br \/>\nVsem, ki se \u0161e odlo\u010date, priporo\u010dam, da se udele\u017eite informativnih dni, saj dobite informacije s prve roke, spoznate dijake oz. predstavnike \u0161tudentov, ambient, atmosfero &#8230; Super pa je, da se zavedamo, da se u\u010denje nikoli ne kon\u010da, in da lahko z radovednostjo in vztrajnostjo odpremo ali ustvarimo marsikatera vrata.\u00ab<\/p>\n<figure id=\"attachment_159873\" aria-describedby=\"caption-attachment-159873\" style=\"width: 300px\" class=\"wp-caption alignnone\"><a href=\"https:\/\/novice.si\/page\/wp-content\/uploads\/2023\/02\/Nejka-Kapun2_resize.jpg\" data-gallery><img loading=\"lazy\" decoding=\"async\" class=\"size-medium wp-image-159873\" src=\"https:\/\/novice.si\/page\/wp-content\/uploads\/2023\/02\/Nejka-Kapun2_resize-300x300.jpg\" alt=\"\" width=\"300\" height=\"300\" srcset=\"https:\/\/novice.si\/page\/wp-content\/uploads\/2023\/02\/Nejka-Kapun2_resize-300x300.jpg 300w, https:\/\/novice.si\/page\/wp-content\/uploads\/2023\/02\/Nejka-Kapun2_resize-150x150.jpg 150w, https:\/\/novice.si\/page\/wp-content\/uploads\/2023\/02\/Nejka-Kapun2_resize-696x698.jpg 696w, https:\/\/novice.si\/page\/wp-content\/uploads\/2023\/02\/Nejka-Kapun2_resize-419x420.jpg 419w, https:\/\/novice.si\/page\/wp-content\/uploads\/2023\/02\/Nejka-Kapun2_resize-24x24.jpg 24w, https:\/\/novice.si\/page\/wp-content\/uploads\/2023\/02\/Nejka-Kapun2_resize-36x36.jpg 36w, https:\/\/novice.si\/page\/wp-content\/uploads\/2023\/02\/Nejka-Kapun2_resize-48x48.jpg 48w, https:\/\/novice.si\/page\/wp-content\/uploads\/2023\/02\/Nejka-Kapun2_resize.jpg 698w\" sizes=\"auto, (max-width: 300px) 100vw, 300px\" \/><\/a><figcaption id=\"caption-attachment-159873\" class=\"wp-caption-text\">Nejka Kapun<\/figcaption><\/figure>\n<p>(Pripravila: B. Petelin\u0161ek, foto osebni arhiv anketirancev)<\/p>\n","protected":false},"excerpt":{"rendered":"<p>Konec tedna, 17. in 18. februarja, bodo informativni dnevi. Prilo\u017enost za deveto\u0161olce in maturante, da na srednjih \u0161olah in fakultetah pridobijo \u010dim ve\u010d informacij. Kako pa so svojo izobra\u017eevalno pot izbrali in prehodili prepoznavni posamezniki iz Bistri\u0161kega? Kaj svetujejo mladim? Jure \u010cretnik, direktor divizije livarni\u0161tva v skupini Impol ter direktor dru\u017ebe Impol LLT: \u00bbVe\u010djih dilem [&hellip;]<\/p>\n","protected":false},"author":8,"featured_media":159869,"comment_status":"closed","ping_status":"closed","sticky":false,"template":"","format":"standard","meta":{"footnotes":""},"categories":[14,32],"tags":[17090,17085,7948,17086,6286,17087,17089,17088],"class_list":{"0":"post-159868","1":"post","2":"type-post","3":"status-publish","4":"format-standard","5":"has-post-thumbnail","7":"category-aktualno","8":"category-bistrisko","9":"tag-cretnik","10":"tag-dovar","11":"tag-informativni-dnevi","12":"tag-kapun","13":"tag-potocnik","14":"tag-premzl","15":"tag-stegne","16":"tag-zigart"},"yoast_head":"<!-- This site is optimized with the Yoast SEO plugin v27.4 - https:\/\/yoast.com\/product\/yoast-seo-wordpress\/ -->\n<title>INFORMATIVNI DNEVI: Kam naprej? Kako so izbirali drugi? - Novice.si<\/title>\n<meta name=\"robots\" content=\"index, follow, max-snippet:-1, max-image-preview:large, max-video-preview:-1\" \/>\n<link rel=\"canonical\" href=\"https:\/\/novice.si\/page\/informativni-dnevi-kam-naprej-kako-so-izbirali-drugi\/\" \/>\n<meta property=\"og:locale\" content=\"sl_SI\" \/>\n<meta property=\"og:type\" content=\"article\" \/>\n<meta property=\"og:title\" content=\"INFORMATIVNI DNEVI: Kam naprej? Kako so izbirali drugi? - Novice.si\" \/>\n<meta property=\"og:description\" content=\"Konec tedna, 17. in 18. februarja, bodo informativni dnevi. Prilo\u017enost za deveto\u0161olce in maturante, da na srednjih \u0161olah in fakultetah pridobijo \u010dim ve\u010d informacij. Kako pa so svojo izobra\u017eevalno pot izbrali in prehodili prepoznavni posamezniki iz Bistri\u0161kega? Kaj svetujejo mladim? Jure \u010cretnik, direktor divizije livarni\u0161tva v skupini Impol ter direktor dru\u017ebe Impol LLT: \u00bbVe\u010djih dilem [&hellip;]\" \/>\n<meta property=\"og:url\" content=\"https:\/\/novice.si\/page\/informativni-dnevi-kam-naprej-kako-so-izbirali-drugi\/\" \/>\n<meta property=\"og:site_name\" content=\"Novice.si\" \/>\n<meta property=\"article:published_time\" content=\"2023-02-15T13:25:42+00:00\" \/>\n<meta property=\"og:image\" content=\"https:\/\/novice.si\/page\/wp-content\/uploads\/2023\/02\/Aleksander-Dovar_resize.jpg\" \/>\n\t<meta property=\"og:image:width\" content=\"932\" \/>\n\t<meta property=\"og:image:height\" content=\"700\" \/>\n\t<meta property=\"og:image:type\" content=\"image\/jpeg\" \/>\n<meta name=\"author\" content=\"Uredni\u0161tvo Bistri\u0161kih novic\" \/>\n<meta name=\"twitter:card\" content=\"summary_large_image\" \/>\n<meta name=\"twitter:label1\" content=\"Written by\" \/>\n\t<meta name=\"twitter:data1\" content=\"Uredni\u0161tvo Bistri\u0161kih novic\" \/>\n\t<meta name=\"twitter:label2\" content=\"Est. reading time\" \/>\n\t<meta name=\"twitter:data2\" content=\"8 minut\" \/>\n<script type=\"application\/ld+json\" class=\"yoast-schema-graph\">{\"@context\":\"https:\\\/\\\/schema.org\",\"@graph\":[{\"@type\":\"Article\",\"@id\":\"https:\\\/\\\/novice.si\\\/page\\\/informativni-dnevi-kam-naprej-kako-so-izbirali-drugi\\\/#article\",\"isPartOf\":{\"@id\":\"https:\\\/\\\/novice.si\\\/page\\\/informativni-dnevi-kam-naprej-kako-so-izbirali-drugi\\\/\"},\"author\":{\"name\":\"Uredni\u0161tvo Bistri\u0161kih novic\",\"@id\":\"https:\\\/\\\/novice.si\\\/page\\\/#\\\/schema\\\/person\\\/96b32396deedcde3f7f776c306b4be21\"},\"headline\":\"INFORMATIVNI DNEVI: Kam naprej? Kako so izbirali drugi?\",\"datePublished\":\"2023-02-15T13:25:42+00:00\",\"mainEntityOfPage\":{\"@id\":\"https:\\\/\\\/novice.si\\\/page\\\/informativni-dnevi-kam-naprej-kako-so-izbirali-drugi\\\/\"},\"wordCount\":1227,\"publisher\":{\"@id\":\"https:\\\/\\\/novice.si\\\/page\\\/#organization\"},\"image\":{\"@id\":\"https:\\\/\\\/novice.si\\\/page\\\/informativni-dnevi-kam-naprej-kako-so-izbirali-drugi\\\/#primaryimage\"},\"thumbnailUrl\":\"https:\\\/\\\/novice.si\\\/page\\\/wp-content\\\/uploads\\\/2023\\\/02\\\/Aleksander-Dovar_resize.jpg\",\"keywords\":[\"\u010cretnik\",\"Dovar\",\"informativni dnevi\",\"Kapun\",\"Poto\u010dnik\",\"Premzl\",\"Stegne\",\"\u017digart\"],\"articleSection\":[\"Aktualno\",\"Bistri\u0161ko\"],\"inLanguage\":\"sl-SI\"},{\"@type\":\"WebPage\",\"@id\":\"https:\\\/\\\/novice.si\\\/page\\\/informativni-dnevi-kam-naprej-kako-so-izbirali-drugi\\\/\",\"url\":\"https:\\\/\\\/novice.si\\\/page\\\/informativni-dnevi-kam-naprej-kako-so-izbirali-drugi\\\/\",\"name\":\"INFORMATIVNI DNEVI: Kam naprej? Kako so izbirali drugi? - Novice.si\",\"isPartOf\":{\"@id\":\"https:\\\/\\\/novice.si\\\/page\\\/#website\"},\"primaryImageOfPage\":{\"@id\":\"https:\\\/\\\/novice.si\\\/page\\\/informativni-dnevi-kam-naprej-kako-so-izbirali-drugi\\\/#primaryimage\"},\"image\":{\"@id\":\"https:\\\/\\\/novice.si\\\/page\\\/informativni-dnevi-kam-naprej-kako-so-izbirali-drugi\\\/#primaryimage\"},\"thumbnailUrl\":\"https:\\\/\\\/novice.si\\\/page\\\/wp-content\\\/uploads\\\/2023\\\/02\\\/Aleksander-Dovar_resize.jpg\",\"datePublished\":\"2023-02-15T13:25:42+00:00\",\"breadcrumb\":{\"@id\":\"https:\\\/\\\/novice.si\\\/page\\\/informativni-dnevi-kam-naprej-kako-so-izbirali-drugi\\\/#breadcrumb\"},\"inLanguage\":\"sl-SI\",\"potentialAction\":[{\"@type\":\"ReadAction\",\"target\":[\"https:\\\/\\\/novice.si\\\/page\\\/informativni-dnevi-kam-naprej-kako-so-izbirali-drugi\\\/\"]}]},{\"@type\":\"ImageObject\",\"inLanguage\":\"sl-SI\",\"@id\":\"https:\\\/\\\/novice.si\\\/page\\\/informativni-dnevi-kam-naprej-kako-so-izbirali-drugi\\\/#primaryimage\",\"url\":\"https:\\\/\\\/novice.si\\\/page\\\/wp-content\\\/uploads\\\/2023\\\/02\\\/Aleksander-Dovar_resize.jpg\",\"contentUrl\":\"https:\\\/\\\/novice.si\\\/page\\\/wp-content\\\/uploads\\\/2023\\\/02\\\/Aleksander-Dovar_resize.jpg\",\"width\":932,\"height\":700,\"caption\":\"Aleksander Dovar\"},{\"@type\":\"BreadcrumbList\",\"@id\":\"https:\\\/\\\/novice.si\\\/page\\\/informativni-dnevi-kam-naprej-kako-so-izbirali-drugi\\\/#breadcrumb\",\"itemListElement\":[{\"@type\":\"ListItem\",\"position\":1,\"name\":\"Home\",\"item\":\"https:\\\/\\\/novice.si\\\/page\\\/\"},{\"@type\":\"ListItem\",\"position\":2,\"name\":\"INFORMATIVNI DNEVI: Kam naprej? Kako so izbirali drugi?\"}]},{\"@type\":\"WebSite\",\"@id\":\"https:\\\/\\\/novice.si\\\/page\\\/#website\",\"url\":\"https:\\\/\\\/novice.si\\\/page\\\/\",\"name\":\"Novice.si\",\"description\":\"\",\"publisher\":{\"@id\":\"https:\\\/\\\/novice.si\\\/page\\\/#organization\"},\"potentialAction\":[{\"@type\":\"SearchAction\",\"target\":{\"@type\":\"EntryPoint\",\"urlTemplate\":\"https:\\\/\\\/novice.si\\\/page\\\/?s={search_term_string}\"},\"query-input\":{\"@type\":\"PropertyValueSpecification\",\"valueRequired\":true,\"valueName\":\"search_term_string\"}}],\"inLanguage\":\"sl-SI\"},{\"@type\":\"Organization\",\"@id\":\"https:\\\/\\\/novice.si\\\/page\\\/#organization\",\"name\":\"Novice.si\",\"url\":\"https:\\\/\\\/novice.si\\\/page\\\/\",\"logo\":{\"@type\":\"ImageObject\",\"inLanguage\":\"sl-SI\",\"@id\":\"https:\\\/\\\/novice.si\\\/page\\\/#\\\/schema\\\/logo\\\/image\\\/\",\"url\":\"https:\\\/\\\/novice.si\\\/page\\\/wp-content\\\/uploads\\\/2023\\\/03\\\/novice_si.png\",\"contentUrl\":\"https:\\\/\\\/novice.si\\\/page\\\/wp-content\\\/uploads\\\/2023\\\/03\\\/novice_si.png\",\"width\":576,\"height\":200,\"caption\":\"Novice.si\"},\"image\":{\"@id\":\"https:\\\/\\\/novice.si\\\/page\\\/#\\\/schema\\\/logo\\\/image\\\/\"}},{\"@type\":\"Person\",\"@id\":\"https:\\\/\\\/novice.si\\\/page\\\/#\\\/schema\\\/person\\\/96b32396deedcde3f7f776c306b4be21\",\"name\":\"Uredni\u0161tvo Bistri\u0161kih novic\",\"image\":{\"@type\":\"ImageObject\",\"inLanguage\":\"sl-SI\",\"@id\":\"https:\\\/\\\/secure.gravatar.com\\\/avatar\\\/26c56c4b10cdb3a21e86442e5f2845a4eafdd0f3605def77ec6cff4aaef32ea4?s=96&d=mm&r=g\",\"url\":\"https:\\\/\\\/secure.gravatar.com\\\/avatar\\\/26c56c4b10cdb3a21e86442e5f2845a4eafdd0f3605def77ec6cff4aaef32ea4?s=96&d=mm&r=g\",\"contentUrl\":\"https:\\\/\\\/secure.gravatar.com\\\/avatar\\\/26c56c4b10cdb3a21e86442e5f2845a4eafdd0f3605def77ec6cff4aaef32ea4?s=96&d=mm&r=g\",\"caption\":\"Uredni\u0161tvo Bistri\u0161kih novic\"},\"url\":\"https:\\\/\\\/novice.si\\\/page\\\/author\\\/bojana\\\/\"}]}<\/script>\n<!-- \/ Yoast SEO plugin. -->","yoast_head_json":{"title":"INFORMATIVNI DNEVI: Kam naprej? Kako so izbirali drugi? - Novice.si","robots":{"index":"index","follow":"follow","max-snippet":"max-snippet:-1","max-image-preview":"max-image-preview:large","max-video-preview":"max-video-preview:-1"},"canonical":"https:\/\/novice.si\/page\/informativni-dnevi-kam-naprej-kako-so-izbirali-drugi\/","og_locale":"sl_SI","og_type":"article","og_title":"INFORMATIVNI DNEVI: Kam naprej? Kako so izbirali drugi? - Novice.si","og_description":"Konec tedna, 17. in 18. februarja, bodo informativni dnevi. Prilo\u017enost za deveto\u0161olce in maturante, da na srednjih \u0161olah in fakultetah pridobijo \u010dim ve\u010d informacij. Kako pa so svojo izobra\u017eevalno pot izbrali in prehodili prepoznavni posamezniki iz Bistri\u0161kega? Kaj svetujejo mladim? Jure \u010cretnik, direktor divizije livarni\u0161tva v skupini Impol ter direktor dru\u017ebe Impol LLT: \u00bbVe\u010djih dilem [&hellip;]","og_url":"https:\/\/novice.si\/page\/informativni-dnevi-kam-naprej-kako-so-izbirali-drugi\/","og_site_name":"Novice.si","article_published_time":"2023-02-15T13:25:42+00:00","og_image":[{"width":932,"height":700,"url":"https:\/\/novice.si\/page\/wp-content\/uploads\/2023\/02\/Aleksander-Dovar_resize.jpg","type":"image\/jpeg"}],"author":"Uredni\u0161tvo Bistri\u0161kih novic","twitter_card":"summary_large_image","twitter_misc":{"Written by":"Uredni\u0161tvo Bistri\u0161kih novic","Est. reading time":"8 minut"},"schema":{"@context":"https:\/\/schema.org","@graph":[{"@type":"Article","@id":"https:\/\/novice.si\/page\/informativni-dnevi-kam-naprej-kako-so-izbirali-drugi\/#article","isPartOf":{"@id":"https:\/\/novice.si\/page\/informativni-dnevi-kam-naprej-kako-so-izbirali-drugi\/"},"author":{"name":"Uredni\u0161tvo Bistri\u0161kih novic","@id":"https:\/\/novice.si\/page\/#\/schema\/person\/96b32396deedcde3f7f776c306b4be21"},"headline":"INFORMATIVNI DNEVI: Kam naprej? Kako so izbirali drugi?","datePublished":"2023-02-15T13:25:42+00:00","mainEntityOfPage":{"@id":"https:\/\/novice.si\/page\/informativni-dnevi-kam-naprej-kako-so-izbirali-drugi\/"},"wordCount":1227,"publisher":{"@id":"https:\/\/novice.si\/page\/#organization"},"image":{"@id":"https:\/\/novice.si\/page\/informativni-dnevi-kam-naprej-kako-so-izbirali-drugi\/#primaryimage"},"thumbnailUrl":"https:\/\/novice.si\/page\/wp-content\/uploads\/2023\/02\/Aleksander-Dovar_resize.jpg","keywords":["\u010cretnik","Dovar","informativni dnevi","Kapun","Poto\u010dnik","Premzl","Stegne","\u017digart"],"articleSection":["Aktualno","Bistri\u0161ko"],"inLanguage":"sl-SI"},{"@type":"WebPage","@id":"https:\/\/novice.si\/page\/informativni-dnevi-kam-naprej-kako-so-izbirali-drugi\/","url":"https:\/\/novice.si\/page\/informativni-dnevi-kam-naprej-kako-so-izbirali-drugi\/","name":"INFORMATIVNI DNEVI: Kam naprej? Kako so izbirali drugi? - Novice.si","isPartOf":{"@id":"https:\/\/novice.si\/page\/#website"},"primaryImageOfPage":{"@id":"https:\/\/novice.si\/page\/informativni-dnevi-kam-naprej-kako-so-izbirali-drugi\/#primaryimage"},"image":{"@id":"https:\/\/novice.si\/page\/informativni-dnevi-kam-naprej-kako-so-izbirali-drugi\/#primaryimage"},"thumbnailUrl":"https:\/\/novice.si\/page\/wp-content\/uploads\/2023\/02\/Aleksander-Dovar_resize.jpg","datePublished":"2023-02-15T13:25:42+00:00","breadcrumb":{"@id":"https:\/\/novice.si\/page\/informativni-dnevi-kam-naprej-kako-so-izbirali-drugi\/#breadcrumb"},"inLanguage":"sl-SI","potentialAction":[{"@type":"ReadAction","target":["https:\/\/novice.si\/page\/informativni-dnevi-kam-naprej-kako-so-izbirali-drugi\/"]}]},{"@type":"ImageObject","inLanguage":"sl-SI","@id":"https:\/\/novice.si\/page\/informativni-dnevi-kam-naprej-kako-so-izbirali-drugi\/#primaryimage","url":"https:\/\/novice.si\/page\/wp-content\/uploads\/2023\/02\/Aleksander-Dovar_resize.jpg","contentUrl":"https:\/\/novice.si\/page\/wp-content\/uploads\/2023\/02\/Aleksander-Dovar_resize.jpg","width":932,"height":700,"caption":"Aleksander Dovar"},{"@type":"BreadcrumbList","@id":"https:\/\/novice.si\/page\/informativni-dnevi-kam-naprej-kako-so-izbirali-drugi\/#breadcrumb","itemListElement":[{"@type":"ListItem","position":1,"name":"Home","item":"https:\/\/novice.si\/page\/"},{"@type":"ListItem","position":2,"name":"INFORMATIVNI DNEVI: Kam naprej? Kako so izbirali drugi?"}]},{"@type":"WebSite","@id":"https:\/\/novice.si\/page\/#website","url":"https:\/\/novice.si\/page\/","name":"Novice.si","description":"","publisher":{"@id":"https:\/\/novice.si\/page\/#organization"},"potentialAction":[{"@type":"SearchAction","target":{"@type":"EntryPoint","urlTemplate":"https:\/\/novice.si\/page\/?s={search_term_string}"},"query-input":{"@type":"PropertyValueSpecification","valueRequired":true,"valueName":"search_term_string"}}],"inLanguage":"sl-SI"},{"@type":"Organization","@id":"https:\/\/novice.si\/page\/#organization","name":"Novice.si","url":"https:\/\/novice.si\/page\/","logo":{"@type":"ImageObject","inLanguage":"sl-SI","@id":"https:\/\/novice.si\/page\/#\/schema\/logo\/image\/","url":"https:\/\/novice.si\/page\/wp-content\/uploads\/2023\/03\/novice_si.png","contentUrl":"https:\/\/novice.si\/page\/wp-content\/uploads\/2023\/03\/novice_si.png","width":576,"height":200,"caption":"Novice.si"},"image":{"@id":"https:\/\/novice.si\/page\/#\/schema\/logo\/image\/"}},{"@type":"Person","@id":"https:\/\/novice.si\/page\/#\/schema\/person\/96b32396deedcde3f7f776c306b4be21","name":"Uredni\u0161tvo Bistri\u0161kih novic","image":{"@type":"ImageObject","inLanguage":"sl-SI","@id":"https:\/\/secure.gravatar.com\/avatar\/26c56c4b10cdb3a21e86442e5f2845a4eafdd0f3605def77ec6cff4aaef32ea4?s=96&d=mm&r=g","url":"https:\/\/secure.gravatar.com\/avatar\/26c56c4b10cdb3a21e86442e5f2845a4eafdd0f3605def77ec6cff4aaef32ea4?s=96&d=mm&r=g","contentUrl":"https:\/\/secure.gravatar.com\/avatar\/26c56c4b10cdb3a21e86442e5f2845a4eafdd0f3605def77ec6cff4aaef32ea4?s=96&d=mm&r=g","caption":"Uredni\u0161tvo Bistri\u0161kih novic"},"url":"https:\/\/novice.si\/page\/author\/bojana\/"}]}},"_links":{"self":[{"href":"https:\/\/novice.si\/page\/wp-json\/wp\/v2\/posts\/159868","targetHints":{"allow":["GET"]}}],"collection":[{"href":"https:\/\/novice.si\/page\/wp-json\/wp\/v2\/posts"}],"about":[{"href":"https:\/\/novice.si\/page\/wp-json\/wp\/v2\/types\/post"}],"author":[{"embeddable":true,"href":"https:\/\/novice.si\/page\/wp-json\/wp\/v2\/users\/8"}],"replies":[{"embeddable":true,"href":"https:\/\/novice.si\/page\/wp-json\/wp\/v2\/comments?post=159868"}],"version-history":[{"count":1,"href":"https:\/\/novice.si\/page\/wp-json\/wp\/v2\/posts\/159868\/revisions"}],"predecessor-version":[{"id":159877,"href":"https:\/\/novice.si\/page\/wp-json\/wp\/v2\/posts\/159868\/revisions\/159877"}],"wp:featuredmedia":[{"embeddable":true,"href":"https:\/\/novice.si\/page\/wp-json\/wp\/v2\/media\/159869"}],"wp:attachment":[{"href":"https:\/\/novice.si\/page\/wp-json\/wp\/v2\/media?parent=159868"}],"wp:term":[{"taxonomy":"category","embeddable":true,"href":"https:\/\/novice.si\/page\/wp-json\/wp\/v2\/categories?post=159868"},{"taxonomy":"post_tag","embeddable":true,"href":"https:\/\/novice.si\/page\/wp-json\/wp\/v2\/tags?post=159868"}],"curies":[{"name":"wp","href":"https:\/\/api.w.org\/{rel}","templated":true}]}}