{"id":159538,"date":"2023-02-04T19:20:15","date_gmt":"2023-02-04T18:20:15","guid":{"rendered":"https:\/\/novice.si\/page\/?p=159538"},"modified":"2023-02-04T19:20:15","modified_gmt":"2023-02-04T18:20:15","slug":"konjiski-maraton-bo-znova-drzavno-prvenstvo","status":"publish","type":"post","link":"https:\/\/novice.si\/page\/konjiski-maraton-bo-znova-drzavno-prvenstvo\/","title":{"rendered":"Konji\u0161ki maraton bo znova dr\u017eavno prvenstvo"},"content":{"rendered":"<p><a href=\"https:\/\/novice.si\/page\/wp-content\/uploads\/2023\/02\/konjiski-maraton-obisk-RR-2_resize.jpg\" data-gallery><img loading=\"lazy\" decoding=\"async\" class=\"size-medium wp-image-159539 alignleft\" src=\"https:\/\/novice.si\/page\/wp-content\/uploads\/2023\/02\/konjiski-maraton-obisk-RR-2_resize-300x222.jpg\" alt=\"\" width=\"300\" height=\"222\" srcset=\"https:\/\/novice.si\/page\/wp-content\/uploads\/2023\/02\/konjiski-maraton-obisk-RR-2_resize-300x222.jpg 300w, https:\/\/novice.si\/page\/wp-content\/uploads\/2023\/02\/konjiski-maraton-obisk-RR-2_resize-768x567.jpg 768w, https:\/\/novice.si\/page\/wp-content\/uploads\/2023\/02\/konjiski-maraton-obisk-RR-2_resize-80x60.jpg 80w, https:\/\/novice.si\/page\/wp-content\/uploads\/2023\/02\/konjiski-maraton-obisk-RR-2_resize-696x514.jpg 696w, https:\/\/novice.si\/page\/wp-content\/uploads\/2023\/02\/konjiski-maraton-obisk-RR-2_resize-569x420.jpg 569w, https:\/\/novice.si\/page\/wp-content\/uploads\/2023\/02\/konjiski-maraton-obisk-RR-2_resize-24x18.jpg 24w, https:\/\/novice.si\/page\/wp-content\/uploads\/2023\/02\/konjiski-maraton-obisk-RR-2_resize-36x27.jpg 36w, https:\/\/novice.si\/page\/wp-content\/uploads\/2023\/02\/konjiski-maraton-obisk-RR-2_resize-48x35.jpg 48w, https:\/\/novice.si\/page\/wp-content\/uploads\/2023\/02\/konjiski-maraton-obisk-RR-2_resize.jpg 800w\" sizes=\"auto, (max-width: 300px) 100vw, 300px\" \/><\/a>Do 11. Konji\u0161kega maratona je \u0161e skoraj osem mesecev. To pa ne pomeni, da organizatorji sedijo kri\u017eem rok. Znova so poskrbeli, da bo tudi leto\u0161nji dogodek imel poleg rekreativnega precej mo\u010dan tekmovalni pomen. Pred dnevi\u00a0sta predsednika organizacijskega odbora <strong>Antona Nonerja<\/strong> v Slovenskih Konjicah obiskala novi predsednik Atletske zveze Slovenije (AZS) <strong>Primo\u017e Fegu\u0161<\/strong> in direktor AZS <strong>Nejc Jera\u0161a<\/strong>. Podpisali so pogodbo, s katero je AZS Konji\u010danom znova zaupala organizacijo dr\u017eavnega prvenstva v cestnih tekih na 10 kilometrov. Na\u010drtovano je, da bodo teka\u010di znova imeli na voljo tudi preizku\u0161nji na 5 in 21 kilometrov. <em>Dalj\u0161i prispevek je objavljen v lokalnem \u010dasopisu NOVICE.<\/em> (JM)<\/p>\n","protected":false},"excerpt":{"rendered":"<p>Do 11. Konji\u0161kega maratona je \u0161e skoraj osem mesecev. To pa ne pomeni, da organizatorji sedijo kri\u017eem rok. Znova so poskrbeli, da bo tudi leto\u0161nji dogodek imel poleg rekreativnega precej mo\u010dan tekmovalni pomen. Pred dnevi\u00a0sta predsednika organizacijskega odbora Antona Nonerja v Slovenskih Konjicah obiskala novi predsednik Atletske zveze Slovenije (AZS) Primo\u017e Fegu\u0161 in direktor AZS [&hellip;]<\/p>\n","protected":false},"author":7,"featured_media":159539,"comment_status":"closed","ping_status":"closed","sticky":false,"template":"","format":"standard","meta":{"footnotes":""},"categories":[14,16,68],"tags":[4150,351],"class_list":{"0":"post-159538","1":"post","2":"type-post","3":"status-publish","4":"format-standard","5":"has-post-thumbnail","7":"category-aktualno","8":"category-konjisko","9":"category-sport","10":"tag-anton-noner","11":"tag-konjiski-maraton"},"yoast_head":"<!-- This site is optimized with the Yoast SEO plugin v27.4 - https:\/\/yoast.com\/product\/yoast-seo-wordpress\/ -->\n<title>Konji\u0161ki maraton bo znova dr\u017eavno prvenstvo - Novice.si<\/title>\n<meta name=\"robots\" content=\"index, follow, max-snippet:-1, max-image-preview:large, max-video-preview:-1\" \/>\n<link rel=\"canonical\" href=\"https:\/\/novice.si\/page\/konjiski-maraton-bo-znova-drzavno-prvenstvo\/\" \/>\n<meta property=\"og:locale\" content=\"sl_SI\" \/>\n<meta property=\"og:type\" content=\"article\" \/>\n<meta property=\"og:title\" content=\"Konji\u0161ki maraton bo znova dr\u017eavno prvenstvo - Novice.si\" \/>\n<meta property=\"og:description\" content=\"Do 11. Konji\u0161kega maratona je \u0161e skoraj osem mesecev. To pa ne pomeni, da organizatorji sedijo kri\u017eem rok. Znova so poskrbeli, da bo tudi leto\u0161nji dogodek imel poleg rekreativnega precej mo\u010dan tekmovalni pomen. Pred dnevi\u00a0sta predsednika organizacijskega odbora Antona Nonerja v Slovenskih Konjicah obiskala novi predsednik Atletske zveze Slovenije (AZS) Primo\u017e Fegu\u0161 in direktor AZS [&hellip;]\" \/>\n<meta property=\"og:url\" content=\"https:\/\/novice.si\/page\/konjiski-maraton-bo-znova-drzavno-prvenstvo\/\" \/>\n<meta property=\"og:site_name\" content=\"Novice.si\" \/>\n<meta property=\"article:published_time\" content=\"2023-02-04T18:20:15+00:00\" \/>\n<meta property=\"og:image\" content=\"https:\/\/novice.si\/page\/wp-content\/uploads\/2023\/02\/konjiski-maraton-obisk-RR-2_resize.jpg\" \/>\n\t<meta property=\"og:image:width\" content=\"800\" \/>\n\t<meta property=\"og:image:height\" content=\"591\" \/>\n\t<meta property=\"og:image:type\" content=\"image\/jpeg\" \/>\n<meta name=\"author\" content=\"Uredni\u0161tvo Novic\" \/>\n<meta name=\"twitter:card\" content=\"summary_large_image\" \/>\n<meta name=\"twitter:label1\" content=\"Written by\" \/>\n\t<meta name=\"twitter:data1\" content=\"Uredni\u0161tvo Novic\" \/>\n\t<meta name=\"twitter:label2\" content=\"Est. reading time\" \/>\n\t<meta name=\"twitter:data2\" content=\"1 minuta\" \/>\n<script type=\"application\/ld+json\" class=\"yoast-schema-graph\">{\"@context\":\"https:\\\/\\\/schema.org\",\"@graph\":[{\"@type\":\"Article\",\"@id\":\"https:\\\/\\\/novice.si\\\/page\\\/konjiski-maraton-bo-znova-drzavno-prvenstvo\\\/#article\",\"isPartOf\":{\"@id\":\"https:\\\/\\\/novice.si\\\/page\\\/konjiski-maraton-bo-znova-drzavno-prvenstvo\\\/\"},\"author\":{\"name\":\"Uredni\u0161tvo Novic\",\"@id\":\"https:\\\/\\\/novice.si\\\/page\\\/#\\\/schema\\\/person\\\/a877dbb8680d441357ce27663beb35ca\"},\"headline\":\"Konji\u0161ki maraton bo znova dr\u017eavno prvenstvo\",\"datePublished\":\"2023-02-04T18:20:15+00:00\",\"mainEntityOfPage\":{\"@id\":\"https:\\\/\\\/novice.si\\\/page\\\/konjiski-maraton-bo-znova-drzavno-prvenstvo\\\/\"},\"wordCount\":117,\"publisher\":{\"@id\":\"https:\\\/\\\/novice.si\\\/page\\\/#organization\"},\"image\":{\"@id\":\"https:\\\/\\\/novice.si\\\/page\\\/konjiski-maraton-bo-znova-drzavno-prvenstvo\\\/#primaryimage\"},\"thumbnailUrl\":\"https:\\\/\\\/novice.si\\\/page\\\/wp-content\\\/uploads\\\/2023\\\/02\\\/konjiski-maraton-obisk-RR-2_resize.jpg\",\"keywords\":[\"Anton Noner\",\"Konji\u0161ki maraton\"],\"articleSection\":[\"Aktualno\",\"Konji\u0161ko\",\"\u0160port\"],\"inLanguage\":\"sl-SI\"},{\"@type\":\"WebPage\",\"@id\":\"https:\\\/\\\/novice.si\\\/page\\\/konjiski-maraton-bo-znova-drzavno-prvenstvo\\\/\",\"url\":\"https:\\\/\\\/novice.si\\\/page\\\/konjiski-maraton-bo-znova-drzavno-prvenstvo\\\/\",\"name\":\"Konji\u0161ki maraton bo znova dr\u017eavno prvenstvo - Novice.si\",\"isPartOf\":{\"@id\":\"https:\\\/\\\/novice.si\\\/page\\\/#website\"},\"primaryImageOfPage\":{\"@id\":\"https:\\\/\\\/novice.si\\\/page\\\/konjiski-maraton-bo-znova-drzavno-prvenstvo\\\/#primaryimage\"},\"image\":{\"@id\":\"https:\\\/\\\/novice.si\\\/page\\\/konjiski-maraton-bo-znova-drzavno-prvenstvo\\\/#primaryimage\"},\"thumbnailUrl\":\"https:\\\/\\\/novice.si\\\/page\\\/wp-content\\\/uploads\\\/2023\\\/02\\\/konjiski-maraton-obisk-RR-2_resize.jpg\",\"datePublished\":\"2023-02-04T18:20:15+00:00\",\"breadcrumb\":{\"@id\":\"https:\\\/\\\/novice.si\\\/page\\\/konjiski-maraton-bo-znova-drzavno-prvenstvo\\\/#breadcrumb\"},\"inLanguage\":\"sl-SI\",\"potentialAction\":[{\"@type\":\"ReadAction\",\"target\":[\"https:\\\/\\\/novice.si\\\/page\\\/konjiski-maraton-bo-znova-drzavno-prvenstvo\\\/\"]}]},{\"@type\":\"ImageObject\",\"inLanguage\":\"sl-SI\",\"@id\":\"https:\\\/\\\/novice.si\\\/page\\\/konjiski-maraton-bo-znova-drzavno-prvenstvo\\\/#primaryimage\",\"url\":\"https:\\\/\\\/novice.si\\\/page\\\/wp-content\\\/uploads\\\/2023\\\/02\\\/konjiski-maraton-obisk-RR-2_resize.jpg\",\"contentUrl\":\"https:\\\/\\\/novice.si\\\/page\\\/wp-content\\\/uploads\\\/2023\\\/02\\\/konjiski-maraton-obisk-RR-2_resize.jpg\",\"width\":800,\"height\":591},{\"@type\":\"BreadcrumbList\",\"@id\":\"https:\\\/\\\/novice.si\\\/page\\\/konjiski-maraton-bo-znova-drzavno-prvenstvo\\\/#breadcrumb\",\"itemListElement\":[{\"@type\":\"ListItem\",\"position\":1,\"name\":\"Home\",\"item\":\"https:\\\/\\\/novice.si\\\/page\\\/\"},{\"@type\":\"ListItem\",\"position\":2,\"name\":\"Konji\u0161ki maraton bo znova dr\u017eavno prvenstvo\"}]},{\"@type\":\"WebSite\",\"@id\":\"https:\\\/\\\/novice.si\\\/page\\\/#website\",\"url\":\"https:\\\/\\\/novice.si\\\/page\\\/\",\"name\":\"Novice.si\",\"description\":\"\",\"publisher\":{\"@id\":\"https:\\\/\\\/novice.si\\\/page\\\/#organization\"},\"potentialAction\":[{\"@type\":\"SearchAction\",\"target\":{\"@type\":\"EntryPoint\",\"urlTemplate\":\"https:\\\/\\\/novice.si\\\/page\\\/?s={search_term_string}\"},\"query-input\":{\"@type\":\"PropertyValueSpecification\",\"valueRequired\":true,\"valueName\":\"search_term_string\"}}],\"inLanguage\":\"sl-SI\"},{\"@type\":\"Organization\",\"@id\":\"https:\\\/\\\/novice.si\\\/page\\\/#organization\",\"name\":\"Novice.si\",\"url\":\"https:\\\/\\\/novice.si\\\/page\\\/\",\"logo\":{\"@type\":\"ImageObject\",\"inLanguage\":\"sl-SI\",\"@id\":\"https:\\\/\\\/novice.si\\\/page\\\/#\\\/schema\\\/logo\\\/image\\\/\",\"url\":\"https:\\\/\\\/novice.si\\\/page\\\/wp-content\\\/uploads\\\/2023\\\/03\\\/novice_si.png\",\"contentUrl\":\"https:\\\/\\\/novice.si\\\/page\\\/wp-content\\\/uploads\\\/2023\\\/03\\\/novice_si.png\",\"width\":576,\"height\":200,\"caption\":\"Novice.si\"},\"image\":{\"@id\":\"https:\\\/\\\/novice.si\\\/page\\\/#\\\/schema\\\/logo\\\/image\\\/\"}},{\"@type\":\"Person\",\"@id\":\"https:\\\/\\\/novice.si\\\/page\\\/#\\\/schema\\\/person\\\/a877dbb8680d441357ce27663beb35ca\",\"name\":\"Uredni\u0161tvo Novic\",\"image\":{\"@type\":\"ImageObject\",\"inLanguage\":\"sl-SI\",\"@id\":\"https:\\\/\\\/secure.gravatar.com\\\/avatar\\\/f19c0ae874706cc9ba19d2f6da5f74a5a5ee7674f283fed29ce0ad16a9f1893e?s=96&d=mm&r=g\",\"url\":\"https:\\\/\\\/secure.gravatar.com\\\/avatar\\\/f19c0ae874706cc9ba19d2f6da5f74a5a5ee7674f283fed29ce0ad16a9f1893e?s=96&d=mm&r=g\",\"contentUrl\":\"https:\\\/\\\/secure.gravatar.com\\\/avatar\\\/f19c0ae874706cc9ba19d2f6da5f74a5a5ee7674f283fed29ce0ad16a9f1893e?s=96&d=mm&r=g\",\"caption\":\"Uredni\u0161tvo Novic\"},\"url\":\"https:\\\/\\\/novice.si\\\/page\\\/author\\\/jure\\\/\"}]}<\/script>\n<!-- \/ Yoast SEO plugin. -->","yoast_head_json":{"title":"Konji\u0161ki maraton bo znova dr\u017eavno prvenstvo - Novice.si","robots":{"index":"index","follow":"follow","max-snippet":"max-snippet:-1","max-image-preview":"max-image-preview:large","max-video-preview":"max-video-preview:-1"},"canonical":"https:\/\/novice.si\/page\/konjiski-maraton-bo-znova-drzavno-prvenstvo\/","og_locale":"sl_SI","og_type":"article","og_title":"Konji\u0161ki maraton bo znova dr\u017eavno prvenstvo - Novice.si","og_description":"Do 11. Konji\u0161kega maratona je \u0161e skoraj osem mesecev. To pa ne pomeni, da organizatorji sedijo kri\u017eem rok. Znova so poskrbeli, da bo tudi leto\u0161nji dogodek imel poleg rekreativnega precej mo\u010dan tekmovalni pomen. Pred dnevi\u00a0sta predsednika organizacijskega odbora Antona Nonerja v Slovenskih Konjicah obiskala novi predsednik Atletske zveze Slovenije (AZS) Primo\u017e Fegu\u0161 in direktor AZS [&hellip;]","og_url":"https:\/\/novice.si\/page\/konjiski-maraton-bo-znova-drzavno-prvenstvo\/","og_site_name":"Novice.si","article_published_time":"2023-02-04T18:20:15+00:00","og_image":[{"width":800,"height":591,"url":"https:\/\/novice.si\/page\/wp-content\/uploads\/2023\/02\/konjiski-maraton-obisk-RR-2_resize.jpg","type":"image\/jpeg"}],"author":"Uredni\u0161tvo Novic","twitter_card":"summary_large_image","twitter_misc":{"Written by":"Uredni\u0161tvo Novic","Est. reading time":"1 minuta"},"schema":{"@context":"https:\/\/schema.org","@graph":[{"@type":"Article","@id":"https:\/\/novice.si\/page\/konjiski-maraton-bo-znova-drzavno-prvenstvo\/#article","isPartOf":{"@id":"https:\/\/novice.si\/page\/konjiski-maraton-bo-znova-drzavno-prvenstvo\/"},"author":{"name":"Uredni\u0161tvo Novic","@id":"https:\/\/novice.si\/page\/#\/schema\/person\/a877dbb8680d441357ce27663beb35ca"},"headline":"Konji\u0161ki maraton bo znova dr\u017eavno prvenstvo","datePublished":"2023-02-04T18:20:15+00:00","mainEntityOfPage":{"@id":"https:\/\/novice.si\/page\/konjiski-maraton-bo-znova-drzavno-prvenstvo\/"},"wordCount":117,"publisher":{"@id":"https:\/\/novice.si\/page\/#organization"},"image":{"@id":"https:\/\/novice.si\/page\/konjiski-maraton-bo-znova-drzavno-prvenstvo\/#primaryimage"},"thumbnailUrl":"https:\/\/novice.si\/page\/wp-content\/uploads\/2023\/02\/konjiski-maraton-obisk-RR-2_resize.jpg","keywords":["Anton Noner","Konji\u0161ki maraton"],"articleSection":["Aktualno","Konji\u0161ko","\u0160port"],"inLanguage":"sl-SI"},{"@type":"WebPage","@id":"https:\/\/novice.si\/page\/konjiski-maraton-bo-znova-drzavno-prvenstvo\/","url":"https:\/\/novice.si\/page\/konjiski-maraton-bo-znova-drzavno-prvenstvo\/","name":"Konji\u0161ki maraton bo znova dr\u017eavno prvenstvo - Novice.si","isPartOf":{"@id":"https:\/\/novice.si\/page\/#website"},"primaryImageOfPage":{"@id":"https:\/\/novice.si\/page\/konjiski-maraton-bo-znova-drzavno-prvenstvo\/#primaryimage"},"image":{"@id":"https:\/\/novice.si\/page\/konjiski-maraton-bo-znova-drzavno-prvenstvo\/#primaryimage"},"thumbnailUrl":"https:\/\/novice.si\/page\/wp-content\/uploads\/2023\/02\/konjiski-maraton-obisk-RR-2_resize.jpg","datePublished":"2023-02-04T18:20:15+00:00","breadcrumb":{"@id":"https:\/\/novice.si\/page\/konjiski-maraton-bo-znova-drzavno-prvenstvo\/#breadcrumb"},"inLanguage":"sl-SI","potentialAction":[{"@type":"ReadAction","target":["https:\/\/novice.si\/page\/konjiski-maraton-bo-znova-drzavno-prvenstvo\/"]}]},{"@type":"ImageObject","inLanguage":"sl-SI","@id":"https:\/\/novice.si\/page\/konjiski-maraton-bo-znova-drzavno-prvenstvo\/#primaryimage","url":"https:\/\/novice.si\/page\/wp-content\/uploads\/2023\/02\/konjiski-maraton-obisk-RR-2_resize.jpg","contentUrl":"https:\/\/novice.si\/page\/wp-content\/uploads\/2023\/02\/konjiski-maraton-obisk-RR-2_resize.jpg","width":800,"height":591},{"@type":"BreadcrumbList","@id":"https:\/\/novice.si\/page\/konjiski-maraton-bo-znova-drzavno-prvenstvo\/#breadcrumb","itemListElement":[{"@type":"ListItem","position":1,"name":"Home","item":"https:\/\/novice.si\/page\/"},{"@type":"ListItem","position":2,"name":"Konji\u0161ki maraton bo znova dr\u017eavno prvenstvo"}]},{"@type":"WebSite","@id":"https:\/\/novice.si\/page\/#website","url":"https:\/\/novice.si\/page\/","name":"Novice.si","description":"","publisher":{"@id":"https:\/\/novice.si\/page\/#organization"},"potentialAction":[{"@type":"SearchAction","target":{"@type":"EntryPoint","urlTemplate":"https:\/\/novice.si\/page\/?s={search_term_string}"},"query-input":{"@type":"PropertyValueSpecification","valueRequired":true,"valueName":"search_term_string"}}],"inLanguage":"sl-SI"},{"@type":"Organization","@id":"https:\/\/novice.si\/page\/#organization","name":"Novice.si","url":"https:\/\/novice.si\/page\/","logo":{"@type":"ImageObject","inLanguage":"sl-SI","@id":"https:\/\/novice.si\/page\/#\/schema\/logo\/image\/","url":"https:\/\/novice.si\/page\/wp-content\/uploads\/2023\/03\/novice_si.png","contentUrl":"https:\/\/novice.si\/page\/wp-content\/uploads\/2023\/03\/novice_si.png","width":576,"height":200,"caption":"Novice.si"},"image":{"@id":"https:\/\/novice.si\/page\/#\/schema\/logo\/image\/"}},{"@type":"Person","@id":"https:\/\/novice.si\/page\/#\/schema\/person\/a877dbb8680d441357ce27663beb35ca","name":"Uredni\u0161tvo Novic","image":{"@type":"ImageObject","inLanguage":"sl-SI","@id":"https:\/\/secure.gravatar.com\/avatar\/f19c0ae874706cc9ba19d2f6da5f74a5a5ee7674f283fed29ce0ad16a9f1893e?s=96&d=mm&r=g","url":"https:\/\/secure.gravatar.com\/avatar\/f19c0ae874706cc9ba19d2f6da5f74a5a5ee7674f283fed29ce0ad16a9f1893e?s=96&d=mm&r=g","contentUrl":"https:\/\/secure.gravatar.com\/avatar\/f19c0ae874706cc9ba19d2f6da5f74a5a5ee7674f283fed29ce0ad16a9f1893e?s=96&d=mm&r=g","caption":"Uredni\u0161tvo Novic"},"url":"https:\/\/novice.si\/page\/author\/jure\/"}]}},"_links":{"self":[{"href":"https:\/\/novice.si\/page\/wp-json\/wp\/v2\/posts\/159538","targetHints":{"allow":["GET"]}}],"collection":[{"href":"https:\/\/novice.si\/page\/wp-json\/wp\/v2\/posts"}],"about":[{"href":"https:\/\/novice.si\/page\/wp-json\/wp\/v2\/types\/post"}],"author":[{"embeddable":true,"href":"https:\/\/novice.si\/page\/wp-json\/wp\/v2\/users\/7"}],"replies":[{"embeddable":true,"href":"https:\/\/novice.si\/page\/wp-json\/wp\/v2\/comments?post=159538"}],"version-history":[{"count":1,"href":"https:\/\/novice.si\/page\/wp-json\/wp\/v2\/posts\/159538\/revisions"}],"predecessor-version":[{"id":159540,"href":"https:\/\/novice.si\/page\/wp-json\/wp\/v2\/posts\/159538\/revisions\/159540"}],"wp:featuredmedia":[{"embeddable":true,"href":"https:\/\/novice.si\/page\/wp-json\/wp\/v2\/media\/159539"}],"wp:attachment":[{"href":"https:\/\/novice.si\/page\/wp-json\/wp\/v2\/media?parent=159538"}],"wp:term":[{"taxonomy":"category","embeddable":true,"href":"https:\/\/novice.si\/page\/wp-json\/wp\/v2\/categories?post=159538"},{"taxonomy":"post_tag","embeddable":true,"href":"https:\/\/novice.si\/page\/wp-json\/wp\/v2\/tags?post=159538"}],"curies":[{"name":"wp","href":"https:\/\/api.w.org\/{rel}","templated":true}]}}