{"id":159526,"date":"2023-02-03T16:00:10","date_gmt":"2023-02-03T15:00:10","guid":{"rendered":"https:\/\/novice.si\/page\/?p=159526"},"modified":"2023-02-03T16:00:10","modified_gmt":"2023-02-03T15:00:10","slug":"sentjur-sds-in-nsi-protestirata-zaradi-ministrice-vrecko-zupan-se-ne-bo-uklonil","status":"publish","type":"post","link":"https:\/\/novice.si\/page\/sentjur-sds-in-nsi-protestirata-zaradi-ministrice-vrecko-zupan-se-ne-bo-uklonil\/","title":{"rendered":"\u0160ENTJUR SDS in NSi protestirata zaradi ministrice Vre\u010dko, \u017eupan se ne bo uklonil"},"content":{"rendered":"<p>Zgodba iz Lukovice se ponavlja v \u0160entjurju. SDS in NSi sta na \u0161entjurskega \u017eupana <strong>Marka <a href=\"https:\/\/novice.si\/page\/wp-content\/uploads\/2023\/02\/asta-vrecko-ministrica.jpg\" data-gallery><img loading=\"lazy\" decoding=\"async\" class=\"size-medium wp-image-159527 alignleft\" src=\"https:\/\/novice.si\/page\/wp-content\/uploads\/2023\/02\/asta-vrecko-ministrica-300x200.jpg\" alt=\"\" width=\"300\" height=\"200\" srcset=\"https:\/\/novice.si\/page\/wp-content\/uploads\/2023\/02\/asta-vrecko-ministrica-300x200.jpg 300w, https:\/\/novice.si\/page\/wp-content\/uploads\/2023\/02\/asta-vrecko-ministrica-768x511.jpg 768w, https:\/\/novice.si\/page\/wp-content\/uploads\/2023\/02\/asta-vrecko-ministrica-696x463.jpg 696w, https:\/\/novice.si\/page\/wp-content\/uploads\/2023\/02\/asta-vrecko-ministrica-631x420.jpg 631w, https:\/\/novice.si\/page\/wp-content\/uploads\/2023\/02\/asta-vrecko-ministrica-24x16.jpg 24w, https:\/\/novice.si\/page\/wp-content\/uploads\/2023\/02\/asta-vrecko-ministrica-36x24.jpg 36w, https:\/\/novice.si\/page\/wp-content\/uploads\/2023\/02\/asta-vrecko-ministrica-48x32.jpg 48w, https:\/\/novice.si\/page\/wp-content\/uploads\/2023\/02\/asta-vrecko-ministrica.jpg 900w\" sizes=\"auto, (max-width: 300px) 100vw, 300px\" \/><\/a> Diacija<\/strong> naslovili protestno pismo, v njem pa nasprotujeta izbiri kulturne ministrice dr.<strong> Aste Vre\u010dko<\/strong> za slavnostno govornico na nedeljski osrednji ob\u010dinski slovesnosti ob kulturnem prazniku, ki bo v Ipav\u010devem kulturnem centru.<\/p>\n<p>Glavni o\u010ditki se nana\u0161ajo na njeno pobudo za ukinitev Muzeja novej\u0161e zgodovine Slovenije in Muzeja slovenske osamosvojitve in ustanovitev skupnega javnega zavoda, kar je bil tudi glavni razlog za predlog interpelacije NSi, kjer pa SDS ni primaknila podpisov svojih poslancev.<\/p>\n<p>\u017dupan Diaci odgovarja, da je ministrica \u2013 ki je, mimogrede, po rodu \u0160entjur\u010danka &#8211;<a href=\"https:\/\/novice.si\/page\/wp-content\/uploads\/2022\/10\/Diaci-GOS-6-scaled.jpg\" data-gallery><img loading=\"lazy\" decoding=\"async\" class=\"size-medium wp-image-155768 alignright\" src=\"https:\/\/novice.si\/page\/wp-content\/uploads\/2022\/10\/Diaci-GOS-6-300x225.jpg\" alt=\"\" width=\"300\" height=\"225\" srcset=\"https:\/\/novice.si\/page\/wp-content\/uploads\/2022\/10\/Diaci-GOS-6-300x225.jpg 300w, https:\/\/novice.si\/page\/wp-content\/uploads\/2022\/10\/Diaci-GOS-6-1024x768.jpg 1024w, https:\/\/novice.si\/page\/wp-content\/uploads\/2022\/10\/Diaci-GOS-6-768x576.jpg 768w, https:\/\/novice.si\/page\/wp-content\/uploads\/2022\/10\/Diaci-GOS-6-1536x1152.jpg 1536w, https:\/\/novice.si\/page\/wp-content\/uploads\/2022\/10\/Diaci-GOS-6-2048x1536.jpg 2048w, https:\/\/novice.si\/page\/wp-content\/uploads\/2022\/10\/Diaci-GOS-6-80x60.jpg 80w, https:\/\/novice.si\/page\/wp-content\/uploads\/2022\/10\/Diaci-GOS-6-265x198.jpg 265w, https:\/\/novice.si\/page\/wp-content\/uploads\/2022\/10\/Diaci-GOS-6-696x522.jpg 696w, https:\/\/novice.si\/page\/wp-content\/uploads\/2022\/10\/Diaci-GOS-6-1068x801.jpg 1068w, https:\/\/novice.si\/page\/wp-content\/uploads\/2022\/10\/Diaci-GOS-6-560x420.jpg 560w, https:\/\/novice.si\/page\/wp-content\/uploads\/2022\/10\/Diaci-GOS-6-24x18.jpg 24w, https:\/\/novice.si\/page\/wp-content\/uploads\/2022\/10\/Diaci-GOS-6-36x27.jpg 36w, https:\/\/novice.si\/page\/wp-content\/uploads\/2022\/10\/Diaci-GOS-6-48x36.jpg 48w\" sizes=\"auto, (max-width: 300px) 100vw, 300px\" \/><\/a> udele\u017ebo na proslavi potrdila \u017ee decembra. Prireditev je namenjena doma\u010dim kulturnim ustvarjalcem, \u0161entjurska ob\u010dina pa da nima ni\u010desar z ukinitvijo in ustanavljanjem muzejev, niti ni bila pozvana, da izrazi svoje mnenje. Za problematiziranje ministri\u010dinega nastopa zato ni razlogov.<\/p>\n<p>Priznanja JSKD v nedeljo prejmejo godci Mladinske folklorne skupine Lintvar, ljudski pevci Paridolske korenine z godcem <strong>Vikijem Novakom<\/strong>, Me\u0161ani pevski zbor Zarja \u0160entvid pri Planini ter zborovodja <strong>Matev\u017e Pu\u0161nik<\/strong>.<\/p>\n<p>P\u0160<\/p>\n","protected":false},"excerpt":{"rendered":"<p>Zgodba iz Lukovice se ponavlja v \u0160entjurju. SDS in NSi sta na \u0161entjurskega \u017eupana Marka Diacija naslovili protestno pismo, v njem pa nasprotujeta izbiri kulturne ministrice dr. Aste Vre\u010dko za slavnostno govornico na nedeljski osrednji ob\u010dinski slovesnosti ob kulturnem prazniku, ki bo v Ipav\u010devem kulturnem centru. Glavni o\u010ditki se nana\u0161ajo na njeno pobudo za ukinitev [&hellip;]<\/p>\n","protected":false},"author":33,"featured_media":159529,"comment_status":"closed","ping_status":"closed","sticky":false,"template":"","format":"standard","meta":{"footnotes":""},"categories":[57],"tags":[16989,16990,4468,4240,4887,16991,16992,3983],"class_list":{"0":"post-159526","1":"post","2":"type-post","3":"status-publish","4":"format-standard","5":"has-post-thumbnail","7":"category-sentjursko","8":"tag-asta-veecko","9":"tag-jskd","10":"tag-kulturni-praznik","11":"tag-marko-diaci","12":"tag-nsi","13":"tag-podelitev-nagrad","14":"tag-protestno-pismo","15":"tag-sds"},"yoast_head":"<!-- This site is optimized with the Yoast SEO plugin v27.4 - https:\/\/yoast.com\/product\/yoast-seo-wordpress\/ -->\n<title>\u0160ENTJUR SDS in NSi protestirata zaradi ministrice Vre\u010dko, \u017eupan se ne bo uklonil - Novice.si<\/title>\n<meta name=\"robots\" content=\"index, follow, max-snippet:-1, max-image-preview:large, max-video-preview:-1\" \/>\n<link rel=\"canonical\" href=\"https:\/\/novice.si\/page\/sentjur-sds-in-nsi-protestirata-zaradi-ministrice-vrecko-zupan-se-ne-bo-uklonil\/\" \/>\n<meta property=\"og:locale\" content=\"sl_SI\" \/>\n<meta property=\"og:type\" content=\"article\" \/>\n<meta property=\"og:title\" content=\"\u0160ENTJUR SDS in NSi protestirata zaradi ministrice Vre\u010dko, \u017eupan se ne bo uklonil - Novice.si\" \/>\n<meta property=\"og:description\" content=\"Zgodba iz Lukovice se ponavlja v \u0160entjurju. SDS in NSi sta na \u0161entjurskega \u017eupana Marka Diacija naslovili protestno pismo, v njem pa nasprotujeta izbiri kulturne ministrice dr. Aste Vre\u010dko za slavnostno govornico na nedeljski osrednji ob\u010dinski slovesnosti ob kulturnem prazniku, ki bo v Ipav\u010devem kulturnem centru. Glavni o\u010ditki se nana\u0161ajo na njeno pobudo za ukinitev [&hellip;]\" \/>\n<meta property=\"og:url\" content=\"https:\/\/novice.si\/page\/sentjur-sds-in-nsi-protestirata-zaradi-ministrice-vrecko-zupan-se-ne-bo-uklonil\/\" \/>\n<meta property=\"og:site_name\" content=\"Novice.si\" \/>\n<meta property=\"article:published_time\" content=\"2023-02-03T15:00:10+00:00\" \/>\n<meta property=\"og:image\" content=\"https:\/\/novice.si\/page\/wp-content\/uploads\/2023\/02\/Asta-Vrecko-1-scaled.jpg\" \/>\n\t<meta property=\"og:image:width\" content=\"2560\" \/>\n\t<meta property=\"og:image:height\" content=\"1706\" \/>\n\t<meta property=\"og:image:type\" content=\"image\/jpeg\" \/>\n<meta name=\"author\" content=\"Uredni\u0161tvo Celjana\" \/>\n<meta name=\"twitter:card\" content=\"summary_large_image\" \/>\n<meta name=\"twitter:label1\" content=\"Written by\" \/>\n\t<meta name=\"twitter:data1\" content=\"Uredni\u0161tvo Celjana\" \/>\n\t<meta name=\"twitter:label2\" content=\"Est. reading time\" \/>\n\t<meta name=\"twitter:data2\" content=\"2 minuti\" \/>\n<script type=\"application\/ld+json\" class=\"yoast-schema-graph\">{\"@context\":\"https:\\\/\\\/schema.org\",\"@graph\":[{\"@type\":\"Article\",\"@id\":\"https:\\\/\\\/novice.si\\\/page\\\/sentjur-sds-in-nsi-protestirata-zaradi-ministrice-vrecko-zupan-se-ne-bo-uklonil\\\/#article\",\"isPartOf\":{\"@id\":\"https:\\\/\\\/novice.si\\\/page\\\/sentjur-sds-in-nsi-protestirata-zaradi-ministrice-vrecko-zupan-se-ne-bo-uklonil\\\/\"},\"author\":{\"name\":\"Uredni\u0161tvo Celjana\",\"@id\":\"https:\\\/\\\/novice.si\\\/page\\\/#\\\/schema\\\/person\\\/57f25c9642a9541c7349c65d32032c3e\"},\"headline\":\"\u0160ENTJUR SDS in NSi protestirata zaradi ministrice Vre\u010dko, \u017eupan se ne bo uklonil\",\"datePublished\":\"2023-02-03T15:00:10+00:00\",\"mainEntityOfPage\":{\"@id\":\"https:\\\/\\\/novice.si\\\/page\\\/sentjur-sds-in-nsi-protestirata-zaradi-ministrice-vrecko-zupan-se-ne-bo-uklonil\\\/\"},\"wordCount\":195,\"publisher\":{\"@id\":\"https:\\\/\\\/novice.si\\\/page\\\/#organization\"},\"image\":{\"@id\":\"https:\\\/\\\/novice.si\\\/page\\\/sentjur-sds-in-nsi-protestirata-zaradi-ministrice-vrecko-zupan-se-ne-bo-uklonil\\\/#primaryimage\"},\"thumbnailUrl\":\"https:\\\/\\\/novice.si\\\/page\\\/wp-content\\\/uploads\\\/2023\\\/02\\\/Asta-Vrecko-1-scaled.jpg\",\"keywords\":[\"Asta Vee\u010dko\",\"JSKD\",\"kulturni praznik\",\"marko diaci\",\"NSi\",\"podelitev nagrad\",\"protestno pismo\",\"SDS\"],\"articleSection\":[\"\u0160entjursko\"],\"inLanguage\":\"sl-SI\"},{\"@type\":\"WebPage\",\"@id\":\"https:\\\/\\\/novice.si\\\/page\\\/sentjur-sds-in-nsi-protestirata-zaradi-ministrice-vrecko-zupan-se-ne-bo-uklonil\\\/\",\"url\":\"https:\\\/\\\/novice.si\\\/page\\\/sentjur-sds-in-nsi-protestirata-zaradi-ministrice-vrecko-zupan-se-ne-bo-uklonil\\\/\",\"name\":\"\u0160ENTJUR SDS in NSi protestirata zaradi ministrice Vre\u010dko, \u017eupan se ne bo uklonil - Novice.si\",\"isPartOf\":{\"@id\":\"https:\\\/\\\/novice.si\\\/page\\\/#website\"},\"primaryImageOfPage\":{\"@id\":\"https:\\\/\\\/novice.si\\\/page\\\/sentjur-sds-in-nsi-protestirata-zaradi-ministrice-vrecko-zupan-se-ne-bo-uklonil\\\/#primaryimage\"},\"image\":{\"@id\":\"https:\\\/\\\/novice.si\\\/page\\\/sentjur-sds-in-nsi-protestirata-zaradi-ministrice-vrecko-zupan-se-ne-bo-uklonil\\\/#primaryimage\"},\"thumbnailUrl\":\"https:\\\/\\\/novice.si\\\/page\\\/wp-content\\\/uploads\\\/2023\\\/02\\\/Asta-Vrecko-1-scaled.jpg\",\"datePublished\":\"2023-02-03T15:00:10+00:00\",\"breadcrumb\":{\"@id\":\"https:\\\/\\\/novice.si\\\/page\\\/sentjur-sds-in-nsi-protestirata-zaradi-ministrice-vrecko-zupan-se-ne-bo-uklonil\\\/#breadcrumb\"},\"inLanguage\":\"sl-SI\",\"potentialAction\":[{\"@type\":\"ReadAction\",\"target\":[\"https:\\\/\\\/novice.si\\\/page\\\/sentjur-sds-in-nsi-protestirata-zaradi-ministrice-vrecko-zupan-se-ne-bo-uklonil\\\/\"]}]},{\"@type\":\"ImageObject\",\"inLanguage\":\"sl-SI\",\"@id\":\"https:\\\/\\\/novice.si\\\/page\\\/sentjur-sds-in-nsi-protestirata-zaradi-ministrice-vrecko-zupan-se-ne-bo-uklonil\\\/#primaryimage\",\"url\":\"https:\\\/\\\/novice.si\\\/page\\\/wp-content\\\/uploads\\\/2023\\\/02\\\/Asta-Vrecko-1-scaled.jpg\",\"contentUrl\":\"https:\\\/\\\/novice.si\\\/page\\\/wp-content\\\/uploads\\\/2023\\\/02\\\/Asta-Vrecko-1-scaled.jpg\",\"width\":2560,\"height\":1706},{\"@type\":\"BreadcrumbList\",\"@id\":\"https:\\\/\\\/novice.si\\\/page\\\/sentjur-sds-in-nsi-protestirata-zaradi-ministrice-vrecko-zupan-se-ne-bo-uklonil\\\/#breadcrumb\",\"itemListElement\":[{\"@type\":\"ListItem\",\"position\":1,\"name\":\"Home\",\"item\":\"https:\\\/\\\/novice.si\\\/page\\\/\"},{\"@type\":\"ListItem\",\"position\":2,\"name\":\"\u0160ENTJUR SDS in NSi protestirata zaradi ministrice Vre\u010dko, \u017eupan se ne bo uklonil\"}]},{\"@type\":\"WebSite\",\"@id\":\"https:\\\/\\\/novice.si\\\/page\\\/#website\",\"url\":\"https:\\\/\\\/novice.si\\\/page\\\/\",\"name\":\"Novice.si\",\"description\":\"\",\"publisher\":{\"@id\":\"https:\\\/\\\/novice.si\\\/page\\\/#organization\"},\"potentialAction\":[{\"@type\":\"SearchAction\",\"target\":{\"@type\":\"EntryPoint\",\"urlTemplate\":\"https:\\\/\\\/novice.si\\\/page\\\/?s={search_term_string}\"},\"query-input\":{\"@type\":\"PropertyValueSpecification\",\"valueRequired\":true,\"valueName\":\"search_term_string\"}}],\"inLanguage\":\"sl-SI\"},{\"@type\":\"Organization\",\"@id\":\"https:\\\/\\\/novice.si\\\/page\\\/#organization\",\"name\":\"Novice.si\",\"url\":\"https:\\\/\\\/novice.si\\\/page\\\/\",\"logo\":{\"@type\":\"ImageObject\",\"inLanguage\":\"sl-SI\",\"@id\":\"https:\\\/\\\/novice.si\\\/page\\\/#\\\/schema\\\/logo\\\/image\\\/\",\"url\":\"https:\\\/\\\/novice.si\\\/page\\\/wp-content\\\/uploads\\\/2023\\\/03\\\/novice_si.png\",\"contentUrl\":\"https:\\\/\\\/novice.si\\\/page\\\/wp-content\\\/uploads\\\/2023\\\/03\\\/novice_si.png\",\"width\":576,\"height\":200,\"caption\":\"Novice.si\"},\"image\":{\"@id\":\"https:\\\/\\\/novice.si\\\/page\\\/#\\\/schema\\\/logo\\\/image\\\/\"}},{\"@type\":\"Person\",\"@id\":\"https:\\\/\\\/novice.si\\\/page\\\/#\\\/schema\\\/person\\\/57f25c9642a9541c7349c65d32032c3e\",\"name\":\"Uredni\u0161tvo Celjana\",\"image\":{\"@type\":\"ImageObject\",\"inLanguage\":\"sl-SI\",\"@id\":\"https:\\\/\\\/secure.gravatar.com\\\/avatar\\\/78e52bc4279b65f6df6345e0ef0f7b792d361361f230cf4ffecfe0afe6d5629c?s=96&d=mm&r=g\",\"url\":\"https:\\\/\\\/secure.gravatar.com\\\/avatar\\\/78e52bc4279b65f6df6345e0ef0f7b792d361361f230cf4ffecfe0afe6d5629c?s=96&d=mm&r=g\",\"contentUrl\":\"https:\\\/\\\/secure.gravatar.com\\\/avatar\\\/78e52bc4279b65f6df6345e0ef0f7b792d361361f230cf4ffecfe0afe6d5629c?s=96&d=mm&r=g\",\"caption\":\"Uredni\u0161tvo Celjana\"},\"url\":\"https:\\\/\\\/novice.si\\\/page\\\/author\\\/primoz\\\/\"}]}<\/script>\n<!-- \/ Yoast SEO plugin. -->","yoast_head_json":{"title":"\u0160ENTJUR SDS in NSi protestirata zaradi ministrice Vre\u010dko, \u017eupan se ne bo uklonil - Novice.si","robots":{"index":"index","follow":"follow","max-snippet":"max-snippet:-1","max-image-preview":"max-image-preview:large","max-video-preview":"max-video-preview:-1"},"canonical":"https:\/\/novice.si\/page\/sentjur-sds-in-nsi-protestirata-zaradi-ministrice-vrecko-zupan-se-ne-bo-uklonil\/","og_locale":"sl_SI","og_type":"article","og_title":"\u0160ENTJUR SDS in NSi protestirata zaradi ministrice Vre\u010dko, \u017eupan se ne bo uklonil - Novice.si","og_description":"Zgodba iz Lukovice se ponavlja v \u0160entjurju. SDS in NSi sta na \u0161entjurskega \u017eupana Marka Diacija naslovili protestno pismo, v njem pa nasprotujeta izbiri kulturne ministrice dr. Aste Vre\u010dko za slavnostno govornico na nedeljski osrednji ob\u010dinski slovesnosti ob kulturnem prazniku, ki bo v Ipav\u010devem kulturnem centru. Glavni o\u010ditki se nana\u0161ajo na njeno pobudo za ukinitev [&hellip;]","og_url":"https:\/\/novice.si\/page\/sentjur-sds-in-nsi-protestirata-zaradi-ministrice-vrecko-zupan-se-ne-bo-uklonil\/","og_site_name":"Novice.si","article_published_time":"2023-02-03T15:00:10+00:00","og_image":[{"width":2560,"height":1706,"url":"https:\/\/novice.si\/page\/wp-content\/uploads\/2023\/02\/Asta-Vrecko-1-scaled.jpg","type":"image\/jpeg"}],"author":"Uredni\u0161tvo Celjana","twitter_card":"summary_large_image","twitter_misc":{"Written by":"Uredni\u0161tvo Celjana","Est. reading time":"2 minuti"},"schema":{"@context":"https:\/\/schema.org","@graph":[{"@type":"Article","@id":"https:\/\/novice.si\/page\/sentjur-sds-in-nsi-protestirata-zaradi-ministrice-vrecko-zupan-se-ne-bo-uklonil\/#article","isPartOf":{"@id":"https:\/\/novice.si\/page\/sentjur-sds-in-nsi-protestirata-zaradi-ministrice-vrecko-zupan-se-ne-bo-uklonil\/"},"author":{"name":"Uredni\u0161tvo Celjana","@id":"https:\/\/novice.si\/page\/#\/schema\/person\/57f25c9642a9541c7349c65d32032c3e"},"headline":"\u0160ENTJUR SDS in NSi protestirata zaradi ministrice Vre\u010dko, \u017eupan se ne bo uklonil","datePublished":"2023-02-03T15:00:10+00:00","mainEntityOfPage":{"@id":"https:\/\/novice.si\/page\/sentjur-sds-in-nsi-protestirata-zaradi-ministrice-vrecko-zupan-se-ne-bo-uklonil\/"},"wordCount":195,"publisher":{"@id":"https:\/\/novice.si\/page\/#organization"},"image":{"@id":"https:\/\/novice.si\/page\/sentjur-sds-in-nsi-protestirata-zaradi-ministrice-vrecko-zupan-se-ne-bo-uklonil\/#primaryimage"},"thumbnailUrl":"https:\/\/novice.si\/page\/wp-content\/uploads\/2023\/02\/Asta-Vrecko-1-scaled.jpg","keywords":["Asta Vee\u010dko","JSKD","kulturni praznik","marko diaci","NSi","podelitev nagrad","protestno pismo","SDS"],"articleSection":["\u0160entjursko"],"inLanguage":"sl-SI"},{"@type":"WebPage","@id":"https:\/\/novice.si\/page\/sentjur-sds-in-nsi-protestirata-zaradi-ministrice-vrecko-zupan-se-ne-bo-uklonil\/","url":"https:\/\/novice.si\/page\/sentjur-sds-in-nsi-protestirata-zaradi-ministrice-vrecko-zupan-se-ne-bo-uklonil\/","name":"\u0160ENTJUR SDS in NSi protestirata zaradi ministrice Vre\u010dko, \u017eupan se ne bo uklonil - Novice.si","isPartOf":{"@id":"https:\/\/novice.si\/page\/#website"},"primaryImageOfPage":{"@id":"https:\/\/novice.si\/page\/sentjur-sds-in-nsi-protestirata-zaradi-ministrice-vrecko-zupan-se-ne-bo-uklonil\/#primaryimage"},"image":{"@id":"https:\/\/novice.si\/page\/sentjur-sds-in-nsi-protestirata-zaradi-ministrice-vrecko-zupan-se-ne-bo-uklonil\/#primaryimage"},"thumbnailUrl":"https:\/\/novice.si\/page\/wp-content\/uploads\/2023\/02\/Asta-Vrecko-1-scaled.jpg","datePublished":"2023-02-03T15:00:10+00:00","breadcrumb":{"@id":"https:\/\/novice.si\/page\/sentjur-sds-in-nsi-protestirata-zaradi-ministrice-vrecko-zupan-se-ne-bo-uklonil\/#breadcrumb"},"inLanguage":"sl-SI","potentialAction":[{"@type":"ReadAction","target":["https:\/\/novice.si\/page\/sentjur-sds-in-nsi-protestirata-zaradi-ministrice-vrecko-zupan-se-ne-bo-uklonil\/"]}]},{"@type":"ImageObject","inLanguage":"sl-SI","@id":"https:\/\/novice.si\/page\/sentjur-sds-in-nsi-protestirata-zaradi-ministrice-vrecko-zupan-se-ne-bo-uklonil\/#primaryimage","url":"https:\/\/novice.si\/page\/wp-content\/uploads\/2023\/02\/Asta-Vrecko-1-scaled.jpg","contentUrl":"https:\/\/novice.si\/page\/wp-content\/uploads\/2023\/02\/Asta-Vrecko-1-scaled.jpg","width":2560,"height":1706},{"@type":"BreadcrumbList","@id":"https:\/\/novice.si\/page\/sentjur-sds-in-nsi-protestirata-zaradi-ministrice-vrecko-zupan-se-ne-bo-uklonil\/#breadcrumb","itemListElement":[{"@type":"ListItem","position":1,"name":"Home","item":"https:\/\/novice.si\/page\/"},{"@type":"ListItem","position":2,"name":"\u0160ENTJUR SDS in NSi protestirata zaradi ministrice Vre\u010dko, \u017eupan se ne bo uklonil"}]},{"@type":"WebSite","@id":"https:\/\/novice.si\/page\/#website","url":"https:\/\/novice.si\/page\/","name":"Novice.si","description":"","publisher":{"@id":"https:\/\/novice.si\/page\/#organization"},"potentialAction":[{"@type":"SearchAction","target":{"@type":"EntryPoint","urlTemplate":"https:\/\/novice.si\/page\/?s={search_term_string}"},"query-input":{"@type":"PropertyValueSpecification","valueRequired":true,"valueName":"search_term_string"}}],"inLanguage":"sl-SI"},{"@type":"Organization","@id":"https:\/\/novice.si\/page\/#organization","name":"Novice.si","url":"https:\/\/novice.si\/page\/","logo":{"@type":"ImageObject","inLanguage":"sl-SI","@id":"https:\/\/novice.si\/page\/#\/schema\/logo\/image\/","url":"https:\/\/novice.si\/page\/wp-content\/uploads\/2023\/03\/novice_si.png","contentUrl":"https:\/\/novice.si\/page\/wp-content\/uploads\/2023\/03\/novice_si.png","width":576,"height":200,"caption":"Novice.si"},"image":{"@id":"https:\/\/novice.si\/page\/#\/schema\/logo\/image\/"}},{"@type":"Person","@id":"https:\/\/novice.si\/page\/#\/schema\/person\/57f25c9642a9541c7349c65d32032c3e","name":"Uredni\u0161tvo Celjana","image":{"@type":"ImageObject","inLanguage":"sl-SI","@id":"https:\/\/secure.gravatar.com\/avatar\/78e52bc4279b65f6df6345e0ef0f7b792d361361f230cf4ffecfe0afe6d5629c?s=96&d=mm&r=g","url":"https:\/\/secure.gravatar.com\/avatar\/78e52bc4279b65f6df6345e0ef0f7b792d361361f230cf4ffecfe0afe6d5629c?s=96&d=mm&r=g","contentUrl":"https:\/\/secure.gravatar.com\/avatar\/78e52bc4279b65f6df6345e0ef0f7b792d361361f230cf4ffecfe0afe6d5629c?s=96&d=mm&r=g","caption":"Uredni\u0161tvo Celjana"},"url":"https:\/\/novice.si\/page\/author\/primoz\/"}]}},"_links":{"self":[{"href":"https:\/\/novice.si\/page\/wp-json\/wp\/v2\/posts\/159526","targetHints":{"allow":["GET"]}}],"collection":[{"href":"https:\/\/novice.si\/page\/wp-json\/wp\/v2\/posts"}],"about":[{"href":"https:\/\/novice.si\/page\/wp-json\/wp\/v2\/types\/post"}],"author":[{"embeddable":true,"href":"https:\/\/novice.si\/page\/wp-json\/wp\/v2\/users\/33"}],"replies":[{"embeddable":true,"href":"https:\/\/novice.si\/page\/wp-json\/wp\/v2\/comments?post=159526"}],"version-history":[{"count":1,"href":"https:\/\/novice.si\/page\/wp-json\/wp\/v2\/posts\/159526\/revisions"}],"predecessor-version":[{"id":159530,"href":"https:\/\/novice.si\/page\/wp-json\/wp\/v2\/posts\/159526\/revisions\/159530"}],"wp:featuredmedia":[{"embeddable":true,"href":"https:\/\/novice.si\/page\/wp-json\/wp\/v2\/media\/159529"}],"wp:attachment":[{"href":"https:\/\/novice.si\/page\/wp-json\/wp\/v2\/media?parent=159526"}],"wp:term":[{"taxonomy":"category","embeddable":true,"href":"https:\/\/novice.si\/page\/wp-json\/wp\/v2\/categories?post=159526"},{"taxonomy":"post_tag","embeddable":true,"href":"https:\/\/novice.si\/page\/wp-json\/wp\/v2\/tags?post=159526"}],"curies":[{"name":"wp","href":"https:\/\/api.w.org\/{rel}","templated":true}]}}