{"id":159472,"date":"2023-02-02T09:06:20","date_gmt":"2023-02-02T08:06:20","guid":{"rendered":"https:\/\/novice.si\/page\/?p=159472"},"modified":"2023-02-02T09:06:20","modified_gmt":"2023-02-02T08:06:20","slug":"v-zrecah-bodo-letos-kulturnikom-podelili-stiri-priznanja","status":"publish","type":"post","link":"https:\/\/novice.si\/page\/v-zrecah-bodo-letos-kulturnikom-podelili-stiri-priznanja\/","title":{"rendered":"V Zre\u010dah bodo letos kulturnikom podelili \u0161tiri priznanja"},"content":{"rendered":"<p><a href=\"https:\/\/novice.si\/page\/wp-content\/uploads\/2017\/09\/zrece.jpg\" data-gallery><img loading=\"lazy\" decoding=\"async\" class=\"size-medium wp-image-65729\" src=\"https:\/\/novice.si\/page\/wp-content\/uploads\/2017\/09\/zrece-300x151.jpg\" alt=\"\" width=\"300\" height=\"151\" srcset=\"https:\/\/novice.si\/page\/wp-content\/uploads\/2017\/09\/zrece-300x151.jpg 300w, https:\/\/novice.si\/page\/wp-content\/uploads\/2017\/09\/zrece-24x12.jpg 24w, https:\/\/novice.si\/page\/wp-content\/uploads\/2017\/09\/zrece-36x18.jpg 36w, https:\/\/novice.si\/page\/wp-content\/uploads\/2017\/09\/zrece-48x24.jpg 48w, https:\/\/novice.si\/page\/wp-content\/uploads\/2017\/09\/zrece.jpg 650w\" sizes=\"auto, (max-width: 300px) 100vw, 300px\" \/><\/a><\/p>\n<p>Znana so imena leto\u0161njih zre\u0161kih ob\u010dinskih nagrajencev na podro\u010dju kulture. Skupaj so \u0161tirje.<br \/>\nV Zre\u010dah se bodo poklonili <strong>Metki Potnik<\/strong> \u2013 priznanje in nagrado bo prejela za dolgoletno uspe\u0161no organizacijsko in ustvarjalno delo na podro\u010dju zborovskega petja. Nagrajenec je tudi <strong>Andrej Arbajter<\/strong>, in sicer za dolgoletno uspe\u0161no organizacijsko delo, umetni\u0161ko vodenje Kulturno umetni\u0161kega dru\u0161tva Jurij Vodovnik Skomarje in povezovalne vloge v kraju. <strong>Ansambel Glas<\/strong> je med nagrajenci zaradi uspe\u0161nega dela na podro\u010dju glasbenega ustvarjanja v zadnjih nekaj letih. <strong>Vilmi Ceglar<\/strong>, nekdanji u\u010diteljici in zborovodkinji ve\u010d zborov, pa bodo priznanje in nagrado podelili za\u00a0 \u017eivljenjsko delo na podro\u010dju zborovskega ustvarjanja.<br \/>\nOsrednja ob\u010dinska slovesnost ob slovenskem kulturnem prazniku bo v Zre\u010dah v nedeljo, 5. februarja, v kulturnem domu pri Termah Zre\u010de. <em>Ve\u010d o prejemnikih priznanj danes v lokalnem \u010dasopisu NOVICE.<\/em> (Jure Mernik)<\/p>\n","protected":false},"excerpt":{"rendered":"<p>Znana so imena leto\u0161njih zre\u0161kih ob\u010dinskih nagrajencev na podro\u010dju kulture. Skupaj so \u0161tirje. V Zre\u010dah se bodo poklonili Metki Potnik \u2013 priznanje in nagrado bo prejela za dolgoletno uspe\u0161no organizacijsko in ustvarjalno delo na podro\u010dju zborovskega petja. Nagrajenec je tudi Andrej Arbajter, in sicer za dolgoletno uspe\u0161no organizacijsko delo, umetni\u0161ko vodenje Kulturno umetni\u0161kega dru\u0161tva Jurij [&hellip;]<\/p>\n","protected":false},"author":7,"featured_media":65729,"comment_status":"closed","ping_status":"closed","sticky":false,"template":"","format":"standard","meta":{"footnotes":""},"categories":[14,16],"tags":[7727,146],"class_list":{"0":"post-159472","1":"post","2":"type-post","3":"status-publish","4":"format-standard","5":"has-post-thumbnail","7":"category-aktualno","8":"category-konjisko","9":"tag-nagrajenci-na-kulturnem-podrocju","10":"tag-zrece"},"yoast_head":"<!-- This site is optimized with the Yoast SEO plugin v27.4 - https:\/\/yoast.com\/product\/yoast-seo-wordpress\/ -->\n<title>V Zre\u010dah bodo letos kulturnikom podelili \u0161tiri priznanja - Novice.si<\/title>\n<meta name=\"robots\" content=\"index, follow, max-snippet:-1, max-image-preview:large, max-video-preview:-1\" \/>\n<link rel=\"canonical\" href=\"https:\/\/novice.si\/page\/v-zrecah-bodo-letos-kulturnikom-podelili-stiri-priznanja\/\" \/>\n<meta property=\"og:locale\" content=\"sl_SI\" \/>\n<meta property=\"og:type\" content=\"article\" \/>\n<meta property=\"og:title\" content=\"V Zre\u010dah bodo letos kulturnikom podelili \u0161tiri priznanja - Novice.si\" \/>\n<meta property=\"og:description\" content=\"Znana so imena leto\u0161njih zre\u0161kih ob\u010dinskih nagrajencev na podro\u010dju kulture. Skupaj so \u0161tirje. V Zre\u010dah se bodo poklonili Metki Potnik \u2013 priznanje in nagrado bo prejela za dolgoletno uspe\u0161no organizacijsko in ustvarjalno delo na podro\u010dju zborovskega petja. Nagrajenec je tudi Andrej Arbajter, in sicer za dolgoletno uspe\u0161no organizacijsko delo, umetni\u0161ko vodenje Kulturno umetni\u0161kega dru\u0161tva Jurij [&hellip;]\" \/>\n<meta property=\"og:url\" content=\"https:\/\/novice.si\/page\/v-zrecah-bodo-letos-kulturnikom-podelili-stiri-priznanja\/\" \/>\n<meta property=\"og:site_name\" content=\"Novice.si\" \/>\n<meta property=\"article:published_time\" content=\"2023-02-02T08:06:20+00:00\" \/>\n<meta property=\"og:image\" content=\"https:\/\/novice.si\/page\/wp-content\/uploads\/2017\/09\/zrece.jpg\" \/>\n\t<meta property=\"og:image:width\" content=\"650\" \/>\n\t<meta property=\"og:image:height\" content=\"327\" \/>\n\t<meta property=\"og:image:type\" content=\"image\/jpeg\" \/>\n<meta name=\"author\" content=\"Uredni\u0161tvo Novic\" \/>\n<meta name=\"twitter:card\" content=\"summary_large_image\" \/>\n<meta name=\"twitter:label1\" content=\"Written by\" \/>\n\t<meta name=\"twitter:data1\" content=\"Uredni\u0161tvo Novic\" \/>\n\t<meta name=\"twitter:label2\" content=\"Est. reading time\" \/>\n\t<meta name=\"twitter:data2\" content=\"1 minuta\" \/>\n<script type=\"application\/ld+json\" class=\"yoast-schema-graph\">{\"@context\":\"https:\\\/\\\/schema.org\",\"@graph\":[{\"@type\":\"Article\",\"@id\":\"https:\\\/\\\/novice.si\\\/page\\\/v-zrecah-bodo-letos-kulturnikom-podelili-stiri-priznanja\\\/#article\",\"isPartOf\":{\"@id\":\"https:\\\/\\\/novice.si\\\/page\\\/v-zrecah-bodo-letos-kulturnikom-podelili-stiri-priznanja\\\/\"},\"author\":{\"name\":\"Uredni\u0161tvo Novic\",\"@id\":\"https:\\\/\\\/novice.si\\\/page\\\/#\\\/schema\\\/person\\\/a877dbb8680d441357ce27663beb35ca\"},\"headline\":\"V Zre\u010dah bodo letos kulturnikom podelili \u0161tiri priznanja\",\"datePublished\":\"2023-02-02T08:06:20+00:00\",\"mainEntityOfPage\":{\"@id\":\"https:\\\/\\\/novice.si\\\/page\\\/v-zrecah-bodo-letos-kulturnikom-podelili-stiri-priznanja\\\/\"},\"wordCount\":155,\"publisher\":{\"@id\":\"https:\\\/\\\/novice.si\\\/page\\\/#organization\"},\"image\":{\"@id\":\"https:\\\/\\\/novice.si\\\/page\\\/v-zrecah-bodo-letos-kulturnikom-podelili-stiri-priznanja\\\/#primaryimage\"},\"thumbnailUrl\":\"https:\\\/\\\/novice.si\\\/page\\\/wp-content\\\/uploads\\\/2017\\\/09\\\/zrece.jpg\",\"keywords\":[\"nagrajenci na kulturnem podro\u010dju\",\"Zre\u010de\"],\"articleSection\":[\"Aktualno\",\"Konji\u0161ko\"],\"inLanguage\":\"sl-SI\"},{\"@type\":\"WebPage\",\"@id\":\"https:\\\/\\\/novice.si\\\/page\\\/v-zrecah-bodo-letos-kulturnikom-podelili-stiri-priznanja\\\/\",\"url\":\"https:\\\/\\\/novice.si\\\/page\\\/v-zrecah-bodo-letos-kulturnikom-podelili-stiri-priznanja\\\/\",\"name\":\"V Zre\u010dah bodo letos kulturnikom podelili \u0161tiri priznanja - Novice.si\",\"isPartOf\":{\"@id\":\"https:\\\/\\\/novice.si\\\/page\\\/#website\"},\"primaryImageOfPage\":{\"@id\":\"https:\\\/\\\/novice.si\\\/page\\\/v-zrecah-bodo-letos-kulturnikom-podelili-stiri-priznanja\\\/#primaryimage\"},\"image\":{\"@id\":\"https:\\\/\\\/novice.si\\\/page\\\/v-zrecah-bodo-letos-kulturnikom-podelili-stiri-priznanja\\\/#primaryimage\"},\"thumbnailUrl\":\"https:\\\/\\\/novice.si\\\/page\\\/wp-content\\\/uploads\\\/2017\\\/09\\\/zrece.jpg\",\"datePublished\":\"2023-02-02T08:06:20+00:00\",\"breadcrumb\":{\"@id\":\"https:\\\/\\\/novice.si\\\/page\\\/v-zrecah-bodo-letos-kulturnikom-podelili-stiri-priznanja\\\/#breadcrumb\"},\"inLanguage\":\"sl-SI\",\"potentialAction\":[{\"@type\":\"ReadAction\",\"target\":[\"https:\\\/\\\/novice.si\\\/page\\\/v-zrecah-bodo-letos-kulturnikom-podelili-stiri-priznanja\\\/\"]}]},{\"@type\":\"ImageObject\",\"inLanguage\":\"sl-SI\",\"@id\":\"https:\\\/\\\/novice.si\\\/page\\\/v-zrecah-bodo-letos-kulturnikom-podelili-stiri-priznanja\\\/#primaryimage\",\"url\":\"https:\\\/\\\/novice.si\\\/page\\\/wp-content\\\/uploads\\\/2017\\\/09\\\/zrece.jpg\",\"contentUrl\":\"https:\\\/\\\/novice.si\\\/page\\\/wp-content\\\/uploads\\\/2017\\\/09\\\/zrece.jpg\",\"width\":650,\"height\":327,\"caption\":\"Zre\u010de so tudi edina ob\u010dina savinjske regije, ki je na lestvici med prvimi 50 ob\u010dinami, kjer se najbolje \u017eivi.\"},{\"@type\":\"BreadcrumbList\",\"@id\":\"https:\\\/\\\/novice.si\\\/page\\\/v-zrecah-bodo-letos-kulturnikom-podelili-stiri-priznanja\\\/#breadcrumb\",\"itemListElement\":[{\"@type\":\"ListItem\",\"position\":1,\"name\":\"Home\",\"item\":\"https:\\\/\\\/novice.si\\\/page\\\/\"},{\"@type\":\"ListItem\",\"position\":2,\"name\":\"V Zre\u010dah bodo letos kulturnikom podelili \u0161tiri priznanja\"}]},{\"@type\":\"WebSite\",\"@id\":\"https:\\\/\\\/novice.si\\\/page\\\/#website\",\"url\":\"https:\\\/\\\/novice.si\\\/page\\\/\",\"name\":\"Novice.si\",\"description\":\"\",\"publisher\":{\"@id\":\"https:\\\/\\\/novice.si\\\/page\\\/#organization\"},\"potentialAction\":[{\"@type\":\"SearchAction\",\"target\":{\"@type\":\"EntryPoint\",\"urlTemplate\":\"https:\\\/\\\/novice.si\\\/page\\\/?s={search_term_string}\"},\"query-input\":{\"@type\":\"PropertyValueSpecification\",\"valueRequired\":true,\"valueName\":\"search_term_string\"}}],\"inLanguage\":\"sl-SI\"},{\"@type\":\"Organization\",\"@id\":\"https:\\\/\\\/novice.si\\\/page\\\/#organization\",\"name\":\"Novice.si\",\"url\":\"https:\\\/\\\/novice.si\\\/page\\\/\",\"logo\":{\"@type\":\"ImageObject\",\"inLanguage\":\"sl-SI\",\"@id\":\"https:\\\/\\\/novice.si\\\/page\\\/#\\\/schema\\\/logo\\\/image\\\/\",\"url\":\"https:\\\/\\\/novice.si\\\/page\\\/wp-content\\\/uploads\\\/2023\\\/03\\\/novice_si.png\",\"contentUrl\":\"https:\\\/\\\/novice.si\\\/page\\\/wp-content\\\/uploads\\\/2023\\\/03\\\/novice_si.png\",\"width\":576,\"height\":200,\"caption\":\"Novice.si\"},\"image\":{\"@id\":\"https:\\\/\\\/novice.si\\\/page\\\/#\\\/schema\\\/logo\\\/image\\\/\"}},{\"@type\":\"Person\",\"@id\":\"https:\\\/\\\/novice.si\\\/page\\\/#\\\/schema\\\/person\\\/a877dbb8680d441357ce27663beb35ca\",\"name\":\"Uredni\u0161tvo Novic\",\"image\":{\"@type\":\"ImageObject\",\"inLanguage\":\"sl-SI\",\"@id\":\"https:\\\/\\\/secure.gravatar.com\\\/avatar\\\/f19c0ae874706cc9ba19d2f6da5f74a5a5ee7674f283fed29ce0ad16a9f1893e?s=96&d=mm&r=g\",\"url\":\"https:\\\/\\\/secure.gravatar.com\\\/avatar\\\/f19c0ae874706cc9ba19d2f6da5f74a5a5ee7674f283fed29ce0ad16a9f1893e?s=96&d=mm&r=g\",\"contentUrl\":\"https:\\\/\\\/secure.gravatar.com\\\/avatar\\\/f19c0ae874706cc9ba19d2f6da5f74a5a5ee7674f283fed29ce0ad16a9f1893e?s=96&d=mm&r=g\",\"caption\":\"Uredni\u0161tvo Novic\"},\"url\":\"https:\\\/\\\/novice.si\\\/page\\\/author\\\/jure\\\/\"}]}<\/script>\n<!-- \/ Yoast SEO plugin. -->","yoast_head_json":{"title":"V Zre\u010dah bodo letos kulturnikom podelili \u0161tiri priznanja - Novice.si","robots":{"index":"index","follow":"follow","max-snippet":"max-snippet:-1","max-image-preview":"max-image-preview:large","max-video-preview":"max-video-preview:-1"},"canonical":"https:\/\/novice.si\/page\/v-zrecah-bodo-letos-kulturnikom-podelili-stiri-priznanja\/","og_locale":"sl_SI","og_type":"article","og_title":"V Zre\u010dah bodo letos kulturnikom podelili \u0161tiri priznanja - Novice.si","og_description":"Znana so imena leto\u0161njih zre\u0161kih ob\u010dinskih nagrajencev na podro\u010dju kulture. Skupaj so \u0161tirje. V Zre\u010dah se bodo poklonili Metki Potnik \u2013 priznanje in nagrado bo prejela za dolgoletno uspe\u0161no organizacijsko in ustvarjalno delo na podro\u010dju zborovskega petja. Nagrajenec je tudi Andrej Arbajter, in sicer za dolgoletno uspe\u0161no organizacijsko delo, umetni\u0161ko vodenje Kulturno umetni\u0161kega dru\u0161tva Jurij [&hellip;]","og_url":"https:\/\/novice.si\/page\/v-zrecah-bodo-letos-kulturnikom-podelili-stiri-priznanja\/","og_site_name":"Novice.si","article_published_time":"2023-02-02T08:06:20+00:00","og_image":[{"width":650,"height":327,"url":"https:\/\/novice.si\/page\/wp-content\/uploads\/2017\/09\/zrece.jpg","type":"image\/jpeg"}],"author":"Uredni\u0161tvo Novic","twitter_card":"summary_large_image","twitter_misc":{"Written by":"Uredni\u0161tvo Novic","Est. reading time":"1 minuta"},"schema":{"@context":"https:\/\/schema.org","@graph":[{"@type":"Article","@id":"https:\/\/novice.si\/page\/v-zrecah-bodo-letos-kulturnikom-podelili-stiri-priznanja\/#article","isPartOf":{"@id":"https:\/\/novice.si\/page\/v-zrecah-bodo-letos-kulturnikom-podelili-stiri-priznanja\/"},"author":{"name":"Uredni\u0161tvo Novic","@id":"https:\/\/novice.si\/page\/#\/schema\/person\/a877dbb8680d441357ce27663beb35ca"},"headline":"V Zre\u010dah bodo letos kulturnikom podelili \u0161tiri priznanja","datePublished":"2023-02-02T08:06:20+00:00","mainEntityOfPage":{"@id":"https:\/\/novice.si\/page\/v-zrecah-bodo-letos-kulturnikom-podelili-stiri-priznanja\/"},"wordCount":155,"publisher":{"@id":"https:\/\/novice.si\/page\/#organization"},"image":{"@id":"https:\/\/novice.si\/page\/v-zrecah-bodo-letos-kulturnikom-podelili-stiri-priznanja\/#primaryimage"},"thumbnailUrl":"https:\/\/novice.si\/page\/wp-content\/uploads\/2017\/09\/zrece.jpg","keywords":["nagrajenci na kulturnem podro\u010dju","Zre\u010de"],"articleSection":["Aktualno","Konji\u0161ko"],"inLanguage":"sl-SI"},{"@type":"WebPage","@id":"https:\/\/novice.si\/page\/v-zrecah-bodo-letos-kulturnikom-podelili-stiri-priznanja\/","url":"https:\/\/novice.si\/page\/v-zrecah-bodo-letos-kulturnikom-podelili-stiri-priznanja\/","name":"V Zre\u010dah bodo letos kulturnikom podelili \u0161tiri priznanja - Novice.si","isPartOf":{"@id":"https:\/\/novice.si\/page\/#website"},"primaryImageOfPage":{"@id":"https:\/\/novice.si\/page\/v-zrecah-bodo-letos-kulturnikom-podelili-stiri-priznanja\/#primaryimage"},"image":{"@id":"https:\/\/novice.si\/page\/v-zrecah-bodo-letos-kulturnikom-podelili-stiri-priznanja\/#primaryimage"},"thumbnailUrl":"https:\/\/novice.si\/page\/wp-content\/uploads\/2017\/09\/zrece.jpg","datePublished":"2023-02-02T08:06:20+00:00","breadcrumb":{"@id":"https:\/\/novice.si\/page\/v-zrecah-bodo-letos-kulturnikom-podelili-stiri-priznanja\/#breadcrumb"},"inLanguage":"sl-SI","potentialAction":[{"@type":"ReadAction","target":["https:\/\/novice.si\/page\/v-zrecah-bodo-letos-kulturnikom-podelili-stiri-priznanja\/"]}]},{"@type":"ImageObject","inLanguage":"sl-SI","@id":"https:\/\/novice.si\/page\/v-zrecah-bodo-letos-kulturnikom-podelili-stiri-priznanja\/#primaryimage","url":"https:\/\/novice.si\/page\/wp-content\/uploads\/2017\/09\/zrece.jpg","contentUrl":"https:\/\/novice.si\/page\/wp-content\/uploads\/2017\/09\/zrece.jpg","width":650,"height":327,"caption":"Zre\u010de so tudi edina ob\u010dina savinjske regije, ki je na lestvici med prvimi 50 ob\u010dinami, kjer se najbolje \u017eivi."},{"@type":"BreadcrumbList","@id":"https:\/\/novice.si\/page\/v-zrecah-bodo-letos-kulturnikom-podelili-stiri-priznanja\/#breadcrumb","itemListElement":[{"@type":"ListItem","position":1,"name":"Home","item":"https:\/\/novice.si\/page\/"},{"@type":"ListItem","position":2,"name":"V Zre\u010dah bodo letos kulturnikom podelili \u0161tiri priznanja"}]},{"@type":"WebSite","@id":"https:\/\/novice.si\/page\/#website","url":"https:\/\/novice.si\/page\/","name":"Novice.si","description":"","publisher":{"@id":"https:\/\/novice.si\/page\/#organization"},"potentialAction":[{"@type":"SearchAction","target":{"@type":"EntryPoint","urlTemplate":"https:\/\/novice.si\/page\/?s={search_term_string}"},"query-input":{"@type":"PropertyValueSpecification","valueRequired":true,"valueName":"search_term_string"}}],"inLanguage":"sl-SI"},{"@type":"Organization","@id":"https:\/\/novice.si\/page\/#organization","name":"Novice.si","url":"https:\/\/novice.si\/page\/","logo":{"@type":"ImageObject","inLanguage":"sl-SI","@id":"https:\/\/novice.si\/page\/#\/schema\/logo\/image\/","url":"https:\/\/novice.si\/page\/wp-content\/uploads\/2023\/03\/novice_si.png","contentUrl":"https:\/\/novice.si\/page\/wp-content\/uploads\/2023\/03\/novice_si.png","width":576,"height":200,"caption":"Novice.si"},"image":{"@id":"https:\/\/novice.si\/page\/#\/schema\/logo\/image\/"}},{"@type":"Person","@id":"https:\/\/novice.si\/page\/#\/schema\/person\/a877dbb8680d441357ce27663beb35ca","name":"Uredni\u0161tvo Novic","image":{"@type":"ImageObject","inLanguage":"sl-SI","@id":"https:\/\/secure.gravatar.com\/avatar\/f19c0ae874706cc9ba19d2f6da5f74a5a5ee7674f283fed29ce0ad16a9f1893e?s=96&d=mm&r=g","url":"https:\/\/secure.gravatar.com\/avatar\/f19c0ae874706cc9ba19d2f6da5f74a5a5ee7674f283fed29ce0ad16a9f1893e?s=96&d=mm&r=g","contentUrl":"https:\/\/secure.gravatar.com\/avatar\/f19c0ae874706cc9ba19d2f6da5f74a5a5ee7674f283fed29ce0ad16a9f1893e?s=96&d=mm&r=g","caption":"Uredni\u0161tvo Novic"},"url":"https:\/\/novice.si\/page\/author\/jure\/"}]}},"_links":{"self":[{"href":"https:\/\/novice.si\/page\/wp-json\/wp\/v2\/posts\/159472","targetHints":{"allow":["GET"]}}],"collection":[{"href":"https:\/\/novice.si\/page\/wp-json\/wp\/v2\/posts"}],"about":[{"href":"https:\/\/novice.si\/page\/wp-json\/wp\/v2\/types\/post"}],"author":[{"embeddable":true,"href":"https:\/\/novice.si\/page\/wp-json\/wp\/v2\/users\/7"}],"replies":[{"embeddable":true,"href":"https:\/\/novice.si\/page\/wp-json\/wp\/v2\/comments?post=159472"}],"version-history":[{"count":1,"href":"https:\/\/novice.si\/page\/wp-json\/wp\/v2\/posts\/159472\/revisions"}],"predecessor-version":[{"id":159474,"href":"https:\/\/novice.si\/page\/wp-json\/wp\/v2\/posts\/159472\/revisions\/159474"}],"wp:featuredmedia":[{"embeddable":true,"href":"https:\/\/novice.si\/page\/wp-json\/wp\/v2\/media\/65729"}],"wp:attachment":[{"href":"https:\/\/novice.si\/page\/wp-json\/wp\/v2\/media?parent=159472"}],"wp:term":[{"taxonomy":"category","embeddable":true,"href":"https:\/\/novice.si\/page\/wp-json\/wp\/v2\/categories?post=159472"},{"taxonomy":"post_tag","embeddable":true,"href":"https:\/\/novice.si\/page\/wp-json\/wp\/v2\/tags?post=159472"}],"curies":[{"name":"wp","href":"https:\/\/api.w.org\/{rel}","templated":true}]}}