{"id":159444,"date":"2023-02-01T11:58:17","date_gmt":"2023-02-01T10:58:17","guid":{"rendered":"https:\/\/novice.si\/page\/?p=159444"},"modified":"2023-02-01T11:58:17","modified_gmt":"2023-02-01T10:58:17","slug":"celje-na-sojenju-abramovu-televizijski-zaplet","status":"publish","type":"post","link":"https:\/\/novice.si\/page\/celje-na-sojenju-abramovu-televizijski-zaplet\/","title":{"rendered":"CELJE Na sojenju Abramovu televizijski zaplet"},"content":{"rendered":"<p>Na sojenju 34-letnemu <strong>Sebastienu Abramovu<\/strong>, obto\u017eenemu umora nekdanje partnerke <strong>Sare Veber<\/strong> leta 2015 v Pernovem pri \u017dalcu, je dopoldne pri\u0161lo do nepri\u010dakovanega zapleta. Obramba je zahtevala preverbo morebitne sodne oku\u017eenosti kazenskega senata, sklicujo\u010d se na oddajo na komercialni televiziji, kjer je bilo pred dnevi govora o izlo\u010devanju nezakonitih dokazov.<\/p>\n<p><a href=\"https:\/\/novice.si\/page\/wp-content\/uploads\/2023\/02\/abramo-v-feb23-1-scaled.jpg\" data-gallery><img loading=\"lazy\" decoding=\"async\" class=\"size-medium wp-image-159447 alignleft\" src=\"https:\/\/novice.si\/page\/wp-content\/uploads\/2023\/02\/abramo-v-feb23-1-225x300.jpg\" alt=\"\" width=\"225\" height=\"300\" srcset=\"https:\/\/novice.si\/page\/wp-content\/uploads\/2023\/02\/abramo-v-feb23-1-225x300.jpg 225w, https:\/\/novice.si\/page\/wp-content\/uploads\/2023\/02\/abramo-v-feb23-1-768x1024.jpg 768w, https:\/\/novice.si\/page\/wp-content\/uploads\/2023\/02\/abramo-v-feb23-1-1152x1536.jpg 1152w, https:\/\/novice.si\/page\/wp-content\/uploads\/2023\/02\/abramo-v-feb23-1-1536x2048.jpg 1536w, https:\/\/novice.si\/page\/wp-content\/uploads\/2023\/02\/abramo-v-feb23-1-696x928.jpg 696w, https:\/\/novice.si\/page\/wp-content\/uploads\/2023\/02\/abramo-v-feb23-1-1068x1424.jpg 1068w, https:\/\/novice.si\/page\/wp-content\/uploads\/2023\/02\/abramo-v-feb23-1-315x420.jpg 315w, https:\/\/novice.si\/page\/wp-content\/uploads\/2023\/02\/abramo-v-feb23-1-18x24.jpg 18w, https:\/\/novice.si\/page\/wp-content\/uploads\/2023\/02\/abramo-v-feb23-1-27x36.jpg 27w, https:\/\/novice.si\/page\/wp-content\/uploads\/2023\/02\/abramo-v-feb23-1-36x48.jpg 36w, https:\/\/novice.si\/page\/wp-content\/uploads\/2023\/02\/abramo-v-feb23-1-scaled.jpg 1920w\" sizes=\"auto, (max-width: 225px) 100vw, 225px\" \/><\/a>V oddaji sta sodelovala tudi vodja celjskega to\u017eilstva in pravni zastopnik star\u0161ev pokojne Vebrove. Zagovornik Abramova <strong>Michael Rotter<\/strong> je poroto nameraval povpra\u0161ati, ali so spremljali oddajo in se morda seznanili z dokazi, ki so bili izlo\u010deni v tem postopku.<\/p>\n<p>Podrobnosti ni \u017eelel pojasnjevati, saj da bi potlej oku\u017eil tudi sodnico, ki bo zdaj preverila sodno prakso v tak\u0161nih primerih. Izpra\u0161evanje porotnikov na sodi\u0161\u010du sicer ni ni\u010d nenavadnega. To je kar praviloma po\u010denjal odvetnik <strong>Franci Matoz<\/strong>, zagovornik <strong>Janeza Jan\u0161e<\/strong>, ki ga je zanimala politi\u010dna aktivno ali opredeljenost porotnikov in njihovih o\u017ejih svojcev. Je pa to storil preden so prebrali obto\u017enico, ne pa sredi glavne obravnave.<\/p>\n<p>Glavna obravnava je zdaj prekinjena in se bo nadaljevala 20. februarja, ko bodo zasli\u0161ane pri\u010de, ki so danes \u010dakale pred vrati.<\/p>\n<p>P\u0160<\/p>\n","protected":false},"excerpt":{"rendered":"<p>Na sojenju 34-letnemu Sebastienu Abramovu, obto\u017eenemu umora nekdanje partnerke Sare Veber leta 2015 v Pernovem pri \u017dalcu, je dopoldne pri\u0161lo do nepri\u010dakovanega zapleta. Obramba je zahtevala preverbo morebitne sodne oku\u017eenosti kazenskega senata, sklicujo\u010d se na oddajo na komercialni televiziji, kjer je bilo pred dnevi govora o izlo\u010devanju nezakonitih dokazov. V oddaji sta sodelovala tudi vodja [&hellip;]<\/p>\n","protected":false},"author":33,"featured_media":159445,"comment_status":"closed","ping_status":"closed","sticky":false,"template":"","format":"standard","meta":{"footnotes":""},"categories":[14,17,29],"tags":[4975,3791,16119,4648,4646,10203],"class_list":{"0":"post-159444","1":"post","2":"type-post","3":"status-publish","4":"format-standard","5":"has-post-thumbnail","7":"category-aktualno","8":"category-celjsko","9":"category-kronika","10":"tag-franci-matoz","11":"tag-janez-jansa","12":"tag-michael-rotter","13":"tag-sara-veber","14":"tag-sebastien-abramov","15":"tag-umor-v-pernovem"},"yoast_head":"<!-- This site is optimized with the Yoast SEO plugin v27.4 - https:\/\/yoast.com\/product\/yoast-seo-wordpress\/ -->\n<title>CELJE Na sojenju Abramovu televizijski zaplet - Novice.si<\/title>\n<meta name=\"robots\" content=\"index, follow, max-snippet:-1, max-image-preview:large, max-video-preview:-1\" \/>\n<link rel=\"canonical\" href=\"https:\/\/novice.si\/page\/celje-na-sojenju-abramovu-televizijski-zaplet\/\" \/>\n<meta property=\"og:locale\" content=\"sl_SI\" \/>\n<meta property=\"og:type\" content=\"article\" \/>\n<meta property=\"og:title\" content=\"CELJE Na sojenju Abramovu televizijski zaplet - Novice.si\" \/>\n<meta property=\"og:description\" content=\"Na sojenju 34-letnemu Sebastienu Abramovu, obto\u017eenemu umora nekdanje partnerke Sare Veber leta 2015 v Pernovem pri \u017dalcu, je dopoldne pri\u0161lo do nepri\u010dakovanega zapleta. Obramba je zahtevala preverbo morebitne sodne oku\u017eenosti kazenskega senata, sklicujo\u010d se na oddajo na komercialni televiziji, kjer je bilo pred dnevi govora o izlo\u010devanju nezakonitih dokazov. V oddaji sta sodelovala tudi vodja [&hellip;]\" \/>\n<meta property=\"og:url\" content=\"https:\/\/novice.si\/page\/celje-na-sojenju-abramovu-televizijski-zaplet\/\" \/>\n<meta property=\"og:site_name\" content=\"Novice.si\" \/>\n<meta property=\"article:published_time\" content=\"2023-02-01T10:58:17+00:00\" \/>\n<meta property=\"og:image\" content=\"https:\/\/novice.si\/page\/wp-content\/uploads\/2023\/02\/abramo-v-feb23-2-scaled.jpg\" \/>\n\t<meta property=\"og:image:width\" content=\"2560\" \/>\n\t<meta property=\"og:image:height\" content=\"1920\" \/>\n\t<meta property=\"og:image:type\" content=\"image\/jpeg\" \/>\n<meta name=\"author\" content=\"Uredni\u0161tvo Celjana\" \/>\n<meta name=\"twitter:card\" content=\"summary_large_image\" \/>\n<meta name=\"twitter:label1\" content=\"Written by\" \/>\n\t<meta name=\"twitter:data1\" content=\"Uredni\u0161tvo Celjana\" \/>\n\t<meta name=\"twitter:label2\" content=\"Est. reading time\" \/>\n\t<meta name=\"twitter:data2\" content=\"2 minuti\" \/>\n<script type=\"application\/ld+json\" class=\"yoast-schema-graph\">{\"@context\":\"https:\\\/\\\/schema.org\",\"@graph\":[{\"@type\":\"Article\",\"@id\":\"https:\\\/\\\/novice.si\\\/page\\\/celje-na-sojenju-abramovu-televizijski-zaplet\\\/#article\",\"isPartOf\":{\"@id\":\"https:\\\/\\\/novice.si\\\/page\\\/celje-na-sojenju-abramovu-televizijski-zaplet\\\/\"},\"author\":{\"name\":\"Uredni\u0161tvo Celjana\",\"@id\":\"https:\\\/\\\/novice.si\\\/page\\\/#\\\/schema\\\/person\\\/57f25c9642a9541c7349c65d32032c3e\"},\"headline\":\"CELJE Na sojenju Abramovu televizijski zaplet\",\"datePublished\":\"2023-02-01T10:58:17+00:00\",\"mainEntityOfPage\":{\"@id\":\"https:\\\/\\\/novice.si\\\/page\\\/celje-na-sojenju-abramovu-televizijski-zaplet\\\/\"},\"wordCount\":199,\"publisher\":{\"@id\":\"https:\\\/\\\/novice.si\\\/page\\\/#organization\"},\"image\":{\"@id\":\"https:\\\/\\\/novice.si\\\/page\\\/celje-na-sojenju-abramovu-televizijski-zaplet\\\/#primaryimage\"},\"thumbnailUrl\":\"https:\\\/\\\/novice.si\\\/page\\\/wp-content\\\/uploads\\\/2023\\\/02\\\/abramo-v-feb23-2-scaled.jpg\",\"keywords\":[\"Franci Matoz\",\"janez jan\u0161a\",\"michael rotter\",\"sara veber\",\"sebastien abramov\",\"umor v Pernovem\"],\"articleSection\":[\"Aktualno\",\"Celjsko\",\"Kronika\"],\"inLanguage\":\"sl-SI\"},{\"@type\":\"WebPage\",\"@id\":\"https:\\\/\\\/novice.si\\\/page\\\/celje-na-sojenju-abramovu-televizijski-zaplet\\\/\",\"url\":\"https:\\\/\\\/novice.si\\\/page\\\/celje-na-sojenju-abramovu-televizijski-zaplet\\\/\",\"name\":\"CELJE Na sojenju Abramovu televizijski zaplet - Novice.si\",\"isPartOf\":{\"@id\":\"https:\\\/\\\/novice.si\\\/page\\\/#website\"},\"primaryImageOfPage\":{\"@id\":\"https:\\\/\\\/novice.si\\\/page\\\/celje-na-sojenju-abramovu-televizijski-zaplet\\\/#primaryimage\"},\"image\":{\"@id\":\"https:\\\/\\\/novice.si\\\/page\\\/celje-na-sojenju-abramovu-televizijski-zaplet\\\/#primaryimage\"},\"thumbnailUrl\":\"https:\\\/\\\/novice.si\\\/page\\\/wp-content\\\/uploads\\\/2023\\\/02\\\/abramo-v-feb23-2-scaled.jpg\",\"datePublished\":\"2023-02-01T10:58:17+00:00\",\"breadcrumb\":{\"@id\":\"https:\\\/\\\/novice.si\\\/page\\\/celje-na-sojenju-abramovu-televizijski-zaplet\\\/#breadcrumb\"},\"inLanguage\":\"sl-SI\",\"potentialAction\":[{\"@type\":\"ReadAction\",\"target\":[\"https:\\\/\\\/novice.si\\\/page\\\/celje-na-sojenju-abramovu-televizijski-zaplet\\\/\"]}]},{\"@type\":\"ImageObject\",\"inLanguage\":\"sl-SI\",\"@id\":\"https:\\\/\\\/novice.si\\\/page\\\/celje-na-sojenju-abramovu-televizijski-zaplet\\\/#primaryimage\",\"url\":\"https:\\\/\\\/novice.si\\\/page\\\/wp-content\\\/uploads\\\/2023\\\/02\\\/abramo-v-feb23-2-scaled.jpg\",\"contentUrl\":\"https:\\\/\\\/novice.si\\\/page\\\/wp-content\\\/uploads\\\/2023\\\/02\\\/abramo-v-feb23-2-scaled.jpg\",\"width\":2560,\"height\":1920},{\"@type\":\"BreadcrumbList\",\"@id\":\"https:\\\/\\\/novice.si\\\/page\\\/celje-na-sojenju-abramovu-televizijski-zaplet\\\/#breadcrumb\",\"itemListElement\":[{\"@type\":\"ListItem\",\"position\":1,\"name\":\"Home\",\"item\":\"https:\\\/\\\/novice.si\\\/page\\\/\"},{\"@type\":\"ListItem\",\"position\":2,\"name\":\"CELJE Na sojenju Abramovu televizijski zaplet\"}]},{\"@type\":\"WebSite\",\"@id\":\"https:\\\/\\\/novice.si\\\/page\\\/#website\",\"url\":\"https:\\\/\\\/novice.si\\\/page\\\/\",\"name\":\"Novice.si\",\"description\":\"\",\"publisher\":{\"@id\":\"https:\\\/\\\/novice.si\\\/page\\\/#organization\"},\"potentialAction\":[{\"@type\":\"SearchAction\",\"target\":{\"@type\":\"EntryPoint\",\"urlTemplate\":\"https:\\\/\\\/novice.si\\\/page\\\/?s={search_term_string}\"},\"query-input\":{\"@type\":\"PropertyValueSpecification\",\"valueRequired\":true,\"valueName\":\"search_term_string\"}}],\"inLanguage\":\"sl-SI\"},{\"@type\":\"Organization\",\"@id\":\"https:\\\/\\\/novice.si\\\/page\\\/#organization\",\"name\":\"Novice.si\",\"url\":\"https:\\\/\\\/novice.si\\\/page\\\/\",\"logo\":{\"@type\":\"ImageObject\",\"inLanguage\":\"sl-SI\",\"@id\":\"https:\\\/\\\/novice.si\\\/page\\\/#\\\/schema\\\/logo\\\/image\\\/\",\"url\":\"https:\\\/\\\/novice.si\\\/page\\\/wp-content\\\/uploads\\\/2023\\\/03\\\/novice_si.png\",\"contentUrl\":\"https:\\\/\\\/novice.si\\\/page\\\/wp-content\\\/uploads\\\/2023\\\/03\\\/novice_si.png\",\"width\":576,\"height\":200,\"caption\":\"Novice.si\"},\"image\":{\"@id\":\"https:\\\/\\\/novice.si\\\/page\\\/#\\\/schema\\\/logo\\\/image\\\/\"}},{\"@type\":\"Person\",\"@id\":\"https:\\\/\\\/novice.si\\\/page\\\/#\\\/schema\\\/person\\\/57f25c9642a9541c7349c65d32032c3e\",\"name\":\"Uredni\u0161tvo Celjana\",\"image\":{\"@type\":\"ImageObject\",\"inLanguage\":\"sl-SI\",\"@id\":\"https:\\\/\\\/secure.gravatar.com\\\/avatar\\\/78e52bc4279b65f6df6345e0ef0f7b792d361361f230cf4ffecfe0afe6d5629c?s=96&d=mm&r=g\",\"url\":\"https:\\\/\\\/secure.gravatar.com\\\/avatar\\\/78e52bc4279b65f6df6345e0ef0f7b792d361361f230cf4ffecfe0afe6d5629c?s=96&d=mm&r=g\",\"contentUrl\":\"https:\\\/\\\/secure.gravatar.com\\\/avatar\\\/78e52bc4279b65f6df6345e0ef0f7b792d361361f230cf4ffecfe0afe6d5629c?s=96&d=mm&r=g\",\"caption\":\"Uredni\u0161tvo Celjana\"},\"url\":\"https:\\\/\\\/novice.si\\\/page\\\/author\\\/primoz\\\/\"}]}<\/script>\n<!-- \/ Yoast SEO plugin. -->","yoast_head_json":{"title":"CELJE Na sojenju Abramovu televizijski zaplet - Novice.si","robots":{"index":"index","follow":"follow","max-snippet":"max-snippet:-1","max-image-preview":"max-image-preview:large","max-video-preview":"max-video-preview:-1"},"canonical":"https:\/\/novice.si\/page\/celje-na-sojenju-abramovu-televizijski-zaplet\/","og_locale":"sl_SI","og_type":"article","og_title":"CELJE Na sojenju Abramovu televizijski zaplet - Novice.si","og_description":"Na sojenju 34-letnemu Sebastienu Abramovu, obto\u017eenemu umora nekdanje partnerke Sare Veber leta 2015 v Pernovem pri \u017dalcu, je dopoldne pri\u0161lo do nepri\u010dakovanega zapleta. Obramba je zahtevala preverbo morebitne sodne oku\u017eenosti kazenskega senata, sklicujo\u010d se na oddajo na komercialni televiziji, kjer je bilo pred dnevi govora o izlo\u010devanju nezakonitih dokazov. V oddaji sta sodelovala tudi vodja [&hellip;]","og_url":"https:\/\/novice.si\/page\/celje-na-sojenju-abramovu-televizijski-zaplet\/","og_site_name":"Novice.si","article_published_time":"2023-02-01T10:58:17+00:00","og_image":[{"width":2560,"height":1920,"url":"https:\/\/novice.si\/page\/wp-content\/uploads\/2023\/02\/abramo-v-feb23-2-scaled.jpg","type":"image\/jpeg"}],"author":"Uredni\u0161tvo Celjana","twitter_card":"summary_large_image","twitter_misc":{"Written by":"Uredni\u0161tvo Celjana","Est. reading time":"2 minuti"},"schema":{"@context":"https:\/\/schema.org","@graph":[{"@type":"Article","@id":"https:\/\/novice.si\/page\/celje-na-sojenju-abramovu-televizijski-zaplet\/#article","isPartOf":{"@id":"https:\/\/novice.si\/page\/celje-na-sojenju-abramovu-televizijski-zaplet\/"},"author":{"name":"Uredni\u0161tvo Celjana","@id":"https:\/\/novice.si\/page\/#\/schema\/person\/57f25c9642a9541c7349c65d32032c3e"},"headline":"CELJE Na sojenju Abramovu televizijski zaplet","datePublished":"2023-02-01T10:58:17+00:00","mainEntityOfPage":{"@id":"https:\/\/novice.si\/page\/celje-na-sojenju-abramovu-televizijski-zaplet\/"},"wordCount":199,"publisher":{"@id":"https:\/\/novice.si\/page\/#organization"},"image":{"@id":"https:\/\/novice.si\/page\/celje-na-sojenju-abramovu-televizijski-zaplet\/#primaryimage"},"thumbnailUrl":"https:\/\/novice.si\/page\/wp-content\/uploads\/2023\/02\/abramo-v-feb23-2-scaled.jpg","keywords":["Franci Matoz","janez jan\u0161a","michael rotter","sara veber","sebastien abramov","umor v Pernovem"],"articleSection":["Aktualno","Celjsko","Kronika"],"inLanguage":"sl-SI"},{"@type":"WebPage","@id":"https:\/\/novice.si\/page\/celje-na-sojenju-abramovu-televizijski-zaplet\/","url":"https:\/\/novice.si\/page\/celje-na-sojenju-abramovu-televizijski-zaplet\/","name":"CELJE Na sojenju Abramovu televizijski zaplet - Novice.si","isPartOf":{"@id":"https:\/\/novice.si\/page\/#website"},"primaryImageOfPage":{"@id":"https:\/\/novice.si\/page\/celje-na-sojenju-abramovu-televizijski-zaplet\/#primaryimage"},"image":{"@id":"https:\/\/novice.si\/page\/celje-na-sojenju-abramovu-televizijski-zaplet\/#primaryimage"},"thumbnailUrl":"https:\/\/novice.si\/page\/wp-content\/uploads\/2023\/02\/abramo-v-feb23-2-scaled.jpg","datePublished":"2023-02-01T10:58:17+00:00","breadcrumb":{"@id":"https:\/\/novice.si\/page\/celje-na-sojenju-abramovu-televizijski-zaplet\/#breadcrumb"},"inLanguage":"sl-SI","potentialAction":[{"@type":"ReadAction","target":["https:\/\/novice.si\/page\/celje-na-sojenju-abramovu-televizijski-zaplet\/"]}]},{"@type":"ImageObject","inLanguage":"sl-SI","@id":"https:\/\/novice.si\/page\/celje-na-sojenju-abramovu-televizijski-zaplet\/#primaryimage","url":"https:\/\/novice.si\/page\/wp-content\/uploads\/2023\/02\/abramo-v-feb23-2-scaled.jpg","contentUrl":"https:\/\/novice.si\/page\/wp-content\/uploads\/2023\/02\/abramo-v-feb23-2-scaled.jpg","width":2560,"height":1920},{"@type":"BreadcrumbList","@id":"https:\/\/novice.si\/page\/celje-na-sojenju-abramovu-televizijski-zaplet\/#breadcrumb","itemListElement":[{"@type":"ListItem","position":1,"name":"Home","item":"https:\/\/novice.si\/page\/"},{"@type":"ListItem","position":2,"name":"CELJE Na sojenju Abramovu televizijski zaplet"}]},{"@type":"WebSite","@id":"https:\/\/novice.si\/page\/#website","url":"https:\/\/novice.si\/page\/","name":"Novice.si","description":"","publisher":{"@id":"https:\/\/novice.si\/page\/#organization"},"potentialAction":[{"@type":"SearchAction","target":{"@type":"EntryPoint","urlTemplate":"https:\/\/novice.si\/page\/?s={search_term_string}"},"query-input":{"@type":"PropertyValueSpecification","valueRequired":true,"valueName":"search_term_string"}}],"inLanguage":"sl-SI"},{"@type":"Organization","@id":"https:\/\/novice.si\/page\/#organization","name":"Novice.si","url":"https:\/\/novice.si\/page\/","logo":{"@type":"ImageObject","inLanguage":"sl-SI","@id":"https:\/\/novice.si\/page\/#\/schema\/logo\/image\/","url":"https:\/\/novice.si\/page\/wp-content\/uploads\/2023\/03\/novice_si.png","contentUrl":"https:\/\/novice.si\/page\/wp-content\/uploads\/2023\/03\/novice_si.png","width":576,"height":200,"caption":"Novice.si"},"image":{"@id":"https:\/\/novice.si\/page\/#\/schema\/logo\/image\/"}},{"@type":"Person","@id":"https:\/\/novice.si\/page\/#\/schema\/person\/57f25c9642a9541c7349c65d32032c3e","name":"Uredni\u0161tvo Celjana","image":{"@type":"ImageObject","inLanguage":"sl-SI","@id":"https:\/\/secure.gravatar.com\/avatar\/78e52bc4279b65f6df6345e0ef0f7b792d361361f230cf4ffecfe0afe6d5629c?s=96&d=mm&r=g","url":"https:\/\/secure.gravatar.com\/avatar\/78e52bc4279b65f6df6345e0ef0f7b792d361361f230cf4ffecfe0afe6d5629c?s=96&d=mm&r=g","contentUrl":"https:\/\/secure.gravatar.com\/avatar\/78e52bc4279b65f6df6345e0ef0f7b792d361361f230cf4ffecfe0afe6d5629c?s=96&d=mm&r=g","caption":"Uredni\u0161tvo Celjana"},"url":"https:\/\/novice.si\/page\/author\/primoz\/"}]}},"_links":{"self":[{"href":"https:\/\/novice.si\/page\/wp-json\/wp\/v2\/posts\/159444","targetHints":{"allow":["GET"]}}],"collection":[{"href":"https:\/\/novice.si\/page\/wp-json\/wp\/v2\/posts"}],"about":[{"href":"https:\/\/novice.si\/page\/wp-json\/wp\/v2\/types\/post"}],"author":[{"embeddable":true,"href":"https:\/\/novice.si\/page\/wp-json\/wp\/v2\/users\/33"}],"replies":[{"embeddable":true,"href":"https:\/\/novice.si\/page\/wp-json\/wp\/v2\/comments?post=159444"}],"version-history":[{"count":1,"href":"https:\/\/novice.si\/page\/wp-json\/wp\/v2\/posts\/159444\/revisions"}],"predecessor-version":[{"id":159448,"href":"https:\/\/novice.si\/page\/wp-json\/wp\/v2\/posts\/159444\/revisions\/159448"}],"wp:featuredmedia":[{"embeddable":true,"href":"https:\/\/novice.si\/page\/wp-json\/wp\/v2\/media\/159445"}],"wp:attachment":[{"href":"https:\/\/novice.si\/page\/wp-json\/wp\/v2\/media?parent=159444"}],"wp:term":[{"taxonomy":"category","embeddable":true,"href":"https:\/\/novice.si\/page\/wp-json\/wp\/v2\/categories?post=159444"},{"taxonomy":"post_tag","embeddable":true,"href":"https:\/\/novice.si\/page\/wp-json\/wp\/v2\/tags?post=159444"}],"curies":[{"name":"wp","href":"https:\/\/api.w.org\/{rel}","templated":true}]}}