{"id":159392,"date":"2023-01-30T07:34:18","date_gmt":"2023-01-30T06:34:18","guid":{"rendered":"https:\/\/novice.si\/page\/?p=159392"},"modified":"2023-01-29T19:28:53","modified_gmt":"2023-01-29T18:28:53","slug":"knjiga-tedna-celjske-mohorjeve-rimljan-s-slovenskim-srcem","status":"publish","type":"post","link":"https:\/\/novice.si\/page\/knjiga-tedna-celjske-mohorjeve-rimljan-s-slovenskim-srcem\/","title":{"rendered":"Knjiga tedna Celjske Mohorjeve: RIMLJAN S SLOVENSKIM SRCEM*"},"content":{"rendered":"<p style=\"text-align: right\"><a href=\"https:\/\/novice.si\/page\/wp-content\/uploads\/2023\/01\/rimljan-s-slovenskim-srcem.jpg\" data-gallery><img loading=\"lazy\" decoding=\"async\" class=\"size-medium wp-image-159393 alignleft\" src=\"https:\/\/novice.si\/page\/wp-content\/uploads\/2023\/01\/rimljan-s-slovenskim-srcem-300x200.jpg\" alt=\"\" width=\"300\" height=\"200\" srcset=\"https:\/\/novice.si\/page\/wp-content\/uploads\/2023\/01\/rimljan-s-slovenskim-srcem-300x200.jpg 300w, https:\/\/novice.si\/page\/wp-content\/uploads\/2023\/01\/rimljan-s-slovenskim-srcem-768x512.jpg 768w, https:\/\/novice.si\/page\/wp-content\/uploads\/2023\/01\/rimljan-s-slovenskim-srcem-696x464.jpg 696w, https:\/\/novice.si\/page\/wp-content\/uploads\/2023\/01\/rimljan-s-slovenskim-srcem-630x420.jpg 630w, https:\/\/novice.si\/page\/wp-content\/uploads\/2023\/01\/rimljan-s-slovenskim-srcem-24x16.jpg 24w, https:\/\/novice.si\/page\/wp-content\/uploads\/2023\/01\/rimljan-s-slovenskim-srcem-36x24.jpg 36w, https:\/\/novice.si\/page\/wp-content\/uploads\/2023\/01\/rimljan-s-slovenskim-srcem-48x32.jpg 48w, https:\/\/novice.si\/page\/wp-content\/uploads\/2023\/01\/rimljan-s-slovenskim-srcem.jpg 800w\" sizes=\"auto, (max-width: 300px) 100vw, 300px\" \/><\/a><strong>* oglasno sporo\u010dilo<\/strong><\/p>\n<p>Ob stoletnici rojstva dddr. Maksimilijana Jezernika (1922\u20132015)<\/p>\n<p>Knjiga je posve\u010dena duhovniku, teologu, filozofu, misiologu, pravniku, univerzitetnemu predavatelju, rektorju Pape\u0161kega slovenskega zavoda \u00bbSlovenik\u00ab v Rimu, voditelju tamkaj\u0161nje slovenske skupnosti ter velikemu dobrotniku doma\u010de \u017eupnije Ponikva msgr. dddr. Maksimilijanu Jezerniku (Gornja Ponikva pri \u017dalcu, 22. februar 1922\u2013Celje, 21. april 2015). Lu\u010d sveta je ugledala ob stoletnici njegovega rojstva po zaslugi prelatove ne\u010dakinje Andreje \u0160torman Vreg.<\/p>\n<p>Naro\u010dila lahko oddate na www.mohorjeva.org, po elektronski po\u0161ti knjigarna-ce@celjska-mohorjeva.si ali po telefonu na 03 490 14 20.<\/p>\n<p>Celjska Mohorjeva dru\u017eba vam \u017eeli prijetno branje!<\/p>\n<p style=\"text-align: right\"><strong>* oglasno sporo\u010dilo<\/strong><\/p>\n","protected":false},"excerpt":{"rendered":"<p>* oglasno sporo\u010dilo Ob stoletnici rojstva dddr. Maksimilijana Jezernika (1922\u20132015) Knjiga je posve\u010dena duhovniku, teologu, filozofu, misiologu, pravniku, univerzitetnemu predavatelju, rektorju Pape\u0161kega slovenskega zavoda \u00bbSlovenik\u00ab v Rimu, voditelju tamkaj\u0161nje slovenske skupnosti ter velikemu dobrotniku doma\u010de \u017eupnije Ponikva msgr. dddr. Maksimilijanu Jezerniku (Gornja Ponikva pri \u017dalcu, 22. februar 1922\u2013Celje, 21. april 2015). Lu\u010d sveta je ugledala [&hellip;]<\/p>\n","protected":false},"author":14,"featured_media":159393,"comment_status":"closed","ping_status":"closed","sticky":false,"template":"","format":"standard","meta":{"footnotes":""},"categories":[2544],"tags":[16965,2593,16964,14349,1230,16963],"class_list":{"0":"post-159392","1":"post","2":"type-post","3":"status-publish","4":"format-standard","5":"has-post-thumbnail","7":"category-oglasna-sporocila","8":"tag-andreja-storman-jug","9":"tag-celjska-mohorjeva","10":"tag-maksimilijan-jezernik","11":"tag-mohorjeva-druzbe","12":"tag-ponikva","13":"tag-rimljan-s-slovenskim-srcem"},"yoast_head":"<!-- This site is optimized with the Yoast SEO plugin v27.4 - https:\/\/yoast.com\/product\/yoast-seo-wordpress\/ -->\n<title>Knjiga tedna Celjske Mohorjeve: RIMLJAN S SLOVENSKIM SRCEM* - Novice.si<\/title>\n<meta name=\"robots\" content=\"index, follow, max-snippet:-1, max-image-preview:large, max-video-preview:-1\" \/>\n<link rel=\"canonical\" href=\"https:\/\/novice.si\/page\/knjiga-tedna-celjske-mohorjeve-rimljan-s-slovenskim-srcem\/\" \/>\n<meta property=\"og:locale\" content=\"sl_SI\" \/>\n<meta property=\"og:type\" content=\"article\" \/>\n<meta property=\"og:title\" content=\"Knjiga tedna Celjske Mohorjeve: RIMLJAN S SLOVENSKIM SRCEM* - Novice.si\" \/>\n<meta property=\"og:description\" content=\"* oglasno sporo\u010dilo Ob stoletnici rojstva dddr. Maksimilijana Jezernika (1922\u20132015) Knjiga je posve\u010dena duhovniku, teologu, filozofu, misiologu, pravniku, univerzitetnemu predavatelju, rektorju Pape\u0161kega slovenskega zavoda \u00bbSlovenik\u00ab v Rimu, voditelju tamkaj\u0161nje slovenske skupnosti ter velikemu dobrotniku doma\u010de \u017eupnije Ponikva msgr. dddr. Maksimilijanu Jezerniku (Gornja Ponikva pri \u017dalcu, 22. februar 1922\u2013Celje, 21. april 2015). Lu\u010d sveta je ugledala [&hellip;]\" \/>\n<meta property=\"og:url\" content=\"https:\/\/novice.si\/page\/knjiga-tedna-celjske-mohorjeve-rimljan-s-slovenskim-srcem\/\" \/>\n<meta property=\"og:site_name\" content=\"Novice.si\" \/>\n<meta property=\"article:published_time\" content=\"2023-01-30T06:34:18+00:00\" \/>\n<meta property=\"og:image\" content=\"https:\/\/novice.si\/page\/wp-content\/uploads\/2023\/01\/rimljan-s-slovenskim-srcem.jpg\" \/>\n\t<meta property=\"og:image:width\" content=\"800\" \/>\n\t<meta property=\"og:image:height\" content=\"533\" \/>\n\t<meta property=\"og:image:type\" content=\"image\/jpeg\" \/>\n<meta name=\"author\" content=\"Uredni\u0161tvo Celjana\" \/>\n<meta name=\"twitter:card\" content=\"summary_large_image\" \/>\n<meta name=\"twitter:label1\" content=\"Written by\" \/>\n\t<meta name=\"twitter:data1\" content=\"Uredni\u0161tvo Celjana\" \/>\n\t<meta name=\"twitter:label2\" content=\"Est. reading time\" \/>\n\t<meta name=\"twitter:data2\" content=\"1 minuta\" \/>\n<script type=\"application\/ld+json\" class=\"yoast-schema-graph\">{\"@context\":\"https:\\\/\\\/schema.org\",\"@graph\":[{\"@type\":\"Article\",\"@id\":\"https:\\\/\\\/novice.si\\\/page\\\/knjiga-tedna-celjske-mohorjeve-rimljan-s-slovenskim-srcem\\\/#article\",\"isPartOf\":{\"@id\":\"https:\\\/\\\/novice.si\\\/page\\\/knjiga-tedna-celjske-mohorjeve-rimljan-s-slovenskim-srcem\\\/\"},\"author\":{\"name\":\"Uredni\u0161tvo Celjana\",\"@id\":\"https:\\\/\\\/novice.si\\\/page\\\/#\\\/schema\\\/person\\\/a9db4b6feec0e2914c4b6bba66880105\"},\"headline\":\"Knjiga tedna Celjske Mohorjeve: RIMLJAN S SLOVENSKIM SRCEM*\",\"datePublished\":\"2023-01-30T06:34:18+00:00\",\"mainEntityOfPage\":{\"@id\":\"https:\\\/\\\/novice.si\\\/page\\\/knjiga-tedna-celjske-mohorjeve-rimljan-s-slovenskim-srcem\\\/\"},\"wordCount\":105,\"publisher\":{\"@id\":\"https:\\\/\\\/novice.si\\\/page\\\/#organization\"},\"image\":{\"@id\":\"https:\\\/\\\/novice.si\\\/page\\\/knjiga-tedna-celjske-mohorjeve-rimljan-s-slovenskim-srcem\\\/#primaryimage\"},\"thumbnailUrl\":\"https:\\\/\\\/novice.si\\\/page\\\/wp-content\\\/uploads\\\/2023\\\/01\\\/rimljan-s-slovenskim-srcem.jpg\",\"keywords\":[\"Andreja \u0160torman Jug\",\"celjska mohorjeva\",\"Maksimilijan Jezernik\",\"Mohorjeva dru\u017ebe\",\"Ponikva\",\"Rimljan s slovenskim srcem\"],\"articleSection\":[\"Oglasna sporo\u010dila\"],\"inLanguage\":\"sl-SI\"},{\"@type\":\"WebPage\",\"@id\":\"https:\\\/\\\/novice.si\\\/page\\\/knjiga-tedna-celjske-mohorjeve-rimljan-s-slovenskim-srcem\\\/\",\"url\":\"https:\\\/\\\/novice.si\\\/page\\\/knjiga-tedna-celjske-mohorjeve-rimljan-s-slovenskim-srcem\\\/\",\"name\":\"Knjiga tedna Celjske Mohorjeve: RIMLJAN S SLOVENSKIM SRCEM* - Novice.si\",\"isPartOf\":{\"@id\":\"https:\\\/\\\/novice.si\\\/page\\\/#website\"},\"primaryImageOfPage\":{\"@id\":\"https:\\\/\\\/novice.si\\\/page\\\/knjiga-tedna-celjske-mohorjeve-rimljan-s-slovenskim-srcem\\\/#primaryimage\"},\"image\":{\"@id\":\"https:\\\/\\\/novice.si\\\/page\\\/knjiga-tedna-celjske-mohorjeve-rimljan-s-slovenskim-srcem\\\/#primaryimage\"},\"thumbnailUrl\":\"https:\\\/\\\/novice.si\\\/page\\\/wp-content\\\/uploads\\\/2023\\\/01\\\/rimljan-s-slovenskim-srcem.jpg\",\"datePublished\":\"2023-01-30T06:34:18+00:00\",\"breadcrumb\":{\"@id\":\"https:\\\/\\\/novice.si\\\/page\\\/knjiga-tedna-celjske-mohorjeve-rimljan-s-slovenskim-srcem\\\/#breadcrumb\"},\"inLanguage\":\"sl-SI\",\"potentialAction\":[{\"@type\":\"ReadAction\",\"target\":[\"https:\\\/\\\/novice.si\\\/page\\\/knjiga-tedna-celjske-mohorjeve-rimljan-s-slovenskim-srcem\\\/\"]}]},{\"@type\":\"ImageObject\",\"inLanguage\":\"sl-SI\",\"@id\":\"https:\\\/\\\/novice.si\\\/page\\\/knjiga-tedna-celjske-mohorjeve-rimljan-s-slovenskim-srcem\\\/#primaryimage\",\"url\":\"https:\\\/\\\/novice.si\\\/page\\\/wp-content\\\/uploads\\\/2023\\\/01\\\/rimljan-s-slovenskim-srcem.jpg\",\"contentUrl\":\"https:\\\/\\\/novice.si\\\/page\\\/wp-content\\\/uploads\\\/2023\\\/01\\\/rimljan-s-slovenskim-srcem.jpg\",\"width\":800,\"height\":533},{\"@type\":\"BreadcrumbList\",\"@id\":\"https:\\\/\\\/novice.si\\\/page\\\/knjiga-tedna-celjske-mohorjeve-rimljan-s-slovenskim-srcem\\\/#breadcrumb\",\"itemListElement\":[{\"@type\":\"ListItem\",\"position\":1,\"name\":\"Home\",\"item\":\"https:\\\/\\\/novice.si\\\/page\\\/\"},{\"@type\":\"ListItem\",\"position\":2,\"name\":\"Knjiga tedna Celjske Mohorjeve: RIMLJAN S SLOVENSKIM SRCEM*\"}]},{\"@type\":\"WebSite\",\"@id\":\"https:\\\/\\\/novice.si\\\/page\\\/#website\",\"url\":\"https:\\\/\\\/novice.si\\\/page\\\/\",\"name\":\"Novice.si\",\"description\":\"\",\"publisher\":{\"@id\":\"https:\\\/\\\/novice.si\\\/page\\\/#organization\"},\"potentialAction\":[{\"@type\":\"SearchAction\",\"target\":{\"@type\":\"EntryPoint\",\"urlTemplate\":\"https:\\\/\\\/novice.si\\\/page\\\/?s={search_term_string}\"},\"query-input\":{\"@type\":\"PropertyValueSpecification\",\"valueRequired\":true,\"valueName\":\"search_term_string\"}}],\"inLanguage\":\"sl-SI\"},{\"@type\":\"Organization\",\"@id\":\"https:\\\/\\\/novice.si\\\/page\\\/#organization\",\"name\":\"Novice.si\",\"url\":\"https:\\\/\\\/novice.si\\\/page\\\/\",\"logo\":{\"@type\":\"ImageObject\",\"inLanguage\":\"sl-SI\",\"@id\":\"https:\\\/\\\/novice.si\\\/page\\\/#\\\/schema\\\/logo\\\/image\\\/\",\"url\":\"https:\\\/\\\/novice.si\\\/page\\\/wp-content\\\/uploads\\\/2023\\\/03\\\/novice_si.png\",\"contentUrl\":\"https:\\\/\\\/novice.si\\\/page\\\/wp-content\\\/uploads\\\/2023\\\/03\\\/novice_si.png\",\"width\":576,\"height\":200,\"caption\":\"Novice.si\"},\"image\":{\"@id\":\"https:\\\/\\\/novice.si\\\/page\\\/#\\\/schema\\\/logo\\\/image\\\/\"}},{\"@type\":\"Person\",\"@id\":\"https:\\\/\\\/novice.si\\\/page\\\/#\\\/schema\\\/person\\\/a9db4b6feec0e2914c4b6bba66880105\",\"name\":\"Uredni\u0161tvo Celjana\",\"image\":{\"@type\":\"ImageObject\",\"inLanguage\":\"sl-SI\",\"@id\":\"https:\\\/\\\/secure.gravatar.com\\\/avatar\\\/81f0c61a80bf0defdd4c23615cef66d8ec18f810ee16ce148367f5a1a180cf17?s=96&d=mm&r=g\",\"url\":\"https:\\\/\\\/secure.gravatar.com\\\/avatar\\\/81f0c61a80bf0defdd4c23615cef66d8ec18f810ee16ce148367f5a1a180cf17?s=96&d=mm&r=g\",\"contentUrl\":\"https:\\\/\\\/secure.gravatar.com\\\/avatar\\\/81f0c61a80bf0defdd4c23615cef66d8ec18f810ee16ce148367f5a1a180cf17?s=96&d=mm&r=g\",\"caption\":\"Uredni\u0161tvo Celjana\"},\"url\":\"https:\\\/\\\/novice.si\\\/page\\\/author\\\/uros\\\/\"}]}<\/script>\n<!-- \/ Yoast SEO plugin. -->","yoast_head_json":{"title":"Knjiga tedna Celjske Mohorjeve: RIMLJAN S SLOVENSKIM SRCEM* - Novice.si","robots":{"index":"index","follow":"follow","max-snippet":"max-snippet:-1","max-image-preview":"max-image-preview:large","max-video-preview":"max-video-preview:-1"},"canonical":"https:\/\/novice.si\/page\/knjiga-tedna-celjske-mohorjeve-rimljan-s-slovenskim-srcem\/","og_locale":"sl_SI","og_type":"article","og_title":"Knjiga tedna Celjske Mohorjeve: RIMLJAN S SLOVENSKIM SRCEM* - Novice.si","og_description":"* oglasno sporo\u010dilo Ob stoletnici rojstva dddr. Maksimilijana Jezernika (1922\u20132015) Knjiga je posve\u010dena duhovniku, teologu, filozofu, misiologu, pravniku, univerzitetnemu predavatelju, rektorju Pape\u0161kega slovenskega zavoda \u00bbSlovenik\u00ab v Rimu, voditelju tamkaj\u0161nje slovenske skupnosti ter velikemu dobrotniku doma\u010de \u017eupnije Ponikva msgr. dddr. Maksimilijanu Jezerniku (Gornja Ponikva pri \u017dalcu, 22. februar 1922\u2013Celje, 21. april 2015). Lu\u010d sveta je ugledala [&hellip;]","og_url":"https:\/\/novice.si\/page\/knjiga-tedna-celjske-mohorjeve-rimljan-s-slovenskim-srcem\/","og_site_name":"Novice.si","article_published_time":"2023-01-30T06:34:18+00:00","og_image":[{"width":800,"height":533,"url":"https:\/\/novice.si\/page\/wp-content\/uploads\/2023\/01\/rimljan-s-slovenskim-srcem.jpg","type":"image\/jpeg"}],"author":"Uredni\u0161tvo Celjana","twitter_card":"summary_large_image","twitter_misc":{"Written by":"Uredni\u0161tvo Celjana","Est. reading time":"1 minuta"},"schema":{"@context":"https:\/\/schema.org","@graph":[{"@type":"Article","@id":"https:\/\/novice.si\/page\/knjiga-tedna-celjske-mohorjeve-rimljan-s-slovenskim-srcem\/#article","isPartOf":{"@id":"https:\/\/novice.si\/page\/knjiga-tedna-celjske-mohorjeve-rimljan-s-slovenskim-srcem\/"},"author":{"name":"Uredni\u0161tvo Celjana","@id":"https:\/\/novice.si\/page\/#\/schema\/person\/a9db4b6feec0e2914c4b6bba66880105"},"headline":"Knjiga tedna Celjske Mohorjeve: RIMLJAN S SLOVENSKIM SRCEM*","datePublished":"2023-01-30T06:34:18+00:00","mainEntityOfPage":{"@id":"https:\/\/novice.si\/page\/knjiga-tedna-celjske-mohorjeve-rimljan-s-slovenskim-srcem\/"},"wordCount":105,"publisher":{"@id":"https:\/\/novice.si\/page\/#organization"},"image":{"@id":"https:\/\/novice.si\/page\/knjiga-tedna-celjske-mohorjeve-rimljan-s-slovenskim-srcem\/#primaryimage"},"thumbnailUrl":"https:\/\/novice.si\/page\/wp-content\/uploads\/2023\/01\/rimljan-s-slovenskim-srcem.jpg","keywords":["Andreja \u0160torman Jug","celjska mohorjeva","Maksimilijan Jezernik","Mohorjeva dru\u017ebe","Ponikva","Rimljan s slovenskim srcem"],"articleSection":["Oglasna sporo\u010dila"],"inLanguage":"sl-SI"},{"@type":"WebPage","@id":"https:\/\/novice.si\/page\/knjiga-tedna-celjske-mohorjeve-rimljan-s-slovenskim-srcem\/","url":"https:\/\/novice.si\/page\/knjiga-tedna-celjske-mohorjeve-rimljan-s-slovenskim-srcem\/","name":"Knjiga tedna Celjske Mohorjeve: RIMLJAN S SLOVENSKIM SRCEM* - Novice.si","isPartOf":{"@id":"https:\/\/novice.si\/page\/#website"},"primaryImageOfPage":{"@id":"https:\/\/novice.si\/page\/knjiga-tedna-celjske-mohorjeve-rimljan-s-slovenskim-srcem\/#primaryimage"},"image":{"@id":"https:\/\/novice.si\/page\/knjiga-tedna-celjske-mohorjeve-rimljan-s-slovenskim-srcem\/#primaryimage"},"thumbnailUrl":"https:\/\/novice.si\/page\/wp-content\/uploads\/2023\/01\/rimljan-s-slovenskim-srcem.jpg","datePublished":"2023-01-30T06:34:18+00:00","breadcrumb":{"@id":"https:\/\/novice.si\/page\/knjiga-tedna-celjske-mohorjeve-rimljan-s-slovenskim-srcem\/#breadcrumb"},"inLanguage":"sl-SI","potentialAction":[{"@type":"ReadAction","target":["https:\/\/novice.si\/page\/knjiga-tedna-celjske-mohorjeve-rimljan-s-slovenskim-srcem\/"]}]},{"@type":"ImageObject","inLanguage":"sl-SI","@id":"https:\/\/novice.si\/page\/knjiga-tedna-celjske-mohorjeve-rimljan-s-slovenskim-srcem\/#primaryimage","url":"https:\/\/novice.si\/page\/wp-content\/uploads\/2023\/01\/rimljan-s-slovenskim-srcem.jpg","contentUrl":"https:\/\/novice.si\/page\/wp-content\/uploads\/2023\/01\/rimljan-s-slovenskim-srcem.jpg","width":800,"height":533},{"@type":"BreadcrumbList","@id":"https:\/\/novice.si\/page\/knjiga-tedna-celjske-mohorjeve-rimljan-s-slovenskim-srcem\/#breadcrumb","itemListElement":[{"@type":"ListItem","position":1,"name":"Home","item":"https:\/\/novice.si\/page\/"},{"@type":"ListItem","position":2,"name":"Knjiga tedna Celjske Mohorjeve: RIMLJAN S SLOVENSKIM SRCEM*"}]},{"@type":"WebSite","@id":"https:\/\/novice.si\/page\/#website","url":"https:\/\/novice.si\/page\/","name":"Novice.si","description":"","publisher":{"@id":"https:\/\/novice.si\/page\/#organization"},"potentialAction":[{"@type":"SearchAction","target":{"@type":"EntryPoint","urlTemplate":"https:\/\/novice.si\/page\/?s={search_term_string}"},"query-input":{"@type":"PropertyValueSpecification","valueRequired":true,"valueName":"search_term_string"}}],"inLanguage":"sl-SI"},{"@type":"Organization","@id":"https:\/\/novice.si\/page\/#organization","name":"Novice.si","url":"https:\/\/novice.si\/page\/","logo":{"@type":"ImageObject","inLanguage":"sl-SI","@id":"https:\/\/novice.si\/page\/#\/schema\/logo\/image\/","url":"https:\/\/novice.si\/page\/wp-content\/uploads\/2023\/03\/novice_si.png","contentUrl":"https:\/\/novice.si\/page\/wp-content\/uploads\/2023\/03\/novice_si.png","width":576,"height":200,"caption":"Novice.si"},"image":{"@id":"https:\/\/novice.si\/page\/#\/schema\/logo\/image\/"}},{"@type":"Person","@id":"https:\/\/novice.si\/page\/#\/schema\/person\/a9db4b6feec0e2914c4b6bba66880105","name":"Uredni\u0161tvo Celjana","image":{"@type":"ImageObject","inLanguage":"sl-SI","@id":"https:\/\/secure.gravatar.com\/avatar\/81f0c61a80bf0defdd4c23615cef66d8ec18f810ee16ce148367f5a1a180cf17?s=96&d=mm&r=g","url":"https:\/\/secure.gravatar.com\/avatar\/81f0c61a80bf0defdd4c23615cef66d8ec18f810ee16ce148367f5a1a180cf17?s=96&d=mm&r=g","contentUrl":"https:\/\/secure.gravatar.com\/avatar\/81f0c61a80bf0defdd4c23615cef66d8ec18f810ee16ce148367f5a1a180cf17?s=96&d=mm&r=g","caption":"Uredni\u0161tvo Celjana"},"url":"https:\/\/novice.si\/page\/author\/uros\/"}]}},"_links":{"self":[{"href":"https:\/\/novice.si\/page\/wp-json\/wp\/v2\/posts\/159392","targetHints":{"allow":["GET"]}}],"collection":[{"href":"https:\/\/novice.si\/page\/wp-json\/wp\/v2\/posts"}],"about":[{"href":"https:\/\/novice.si\/page\/wp-json\/wp\/v2\/types\/post"}],"author":[{"embeddable":true,"href":"https:\/\/novice.si\/page\/wp-json\/wp\/v2\/users\/14"}],"replies":[{"embeddable":true,"href":"https:\/\/novice.si\/page\/wp-json\/wp\/v2\/comments?post=159392"}],"version-history":[{"count":1,"href":"https:\/\/novice.si\/page\/wp-json\/wp\/v2\/posts\/159392\/revisions"}],"predecessor-version":[{"id":159394,"href":"https:\/\/novice.si\/page\/wp-json\/wp\/v2\/posts\/159392\/revisions\/159394"}],"wp:featuredmedia":[{"embeddable":true,"href":"https:\/\/novice.si\/page\/wp-json\/wp\/v2\/media\/159393"}],"wp:attachment":[{"href":"https:\/\/novice.si\/page\/wp-json\/wp\/v2\/media?parent=159392"}],"wp:term":[{"taxonomy":"category","embeddable":true,"href":"https:\/\/novice.si\/page\/wp-json\/wp\/v2\/categories?post=159392"},{"taxonomy":"post_tag","embeddable":true,"href":"https:\/\/novice.si\/page\/wp-json\/wp\/v2\/tags?post=159392"}],"curies":[{"name":"wp","href":"https:\/\/api.w.org\/{rel}","templated":true}]}}