{"id":159388,"date":"2023-01-29T17:12:12","date_gmt":"2023-01-29T16:12:12","guid":{"rendered":"https:\/\/novice.si\/page\/?p=159388"},"modified":"2023-01-29T17:12:12","modified_gmt":"2023-01-29T16:12:12","slug":"timi-zajc-poletel-do-drugega-mesta","status":"publish","type":"post","link":"https:\/\/novice.si\/page\/timi-zajc-poletel-do-drugega-mesta\/","title":{"rendered":"Timi Zajc poletel do drugega mesta!"},"content":{"rendered":"<p class=\"T\"><a href=\"https:\/\/novice.si\/page\/wp-content\/uploads\/2023\/01\/Zajc_Timi-2022-foto-Matevz-Persin_resize.jpg\" data-gallery><img loading=\"lazy\" decoding=\"async\" class=\"size-medium wp-image-159389 alignleft\" src=\"https:\/\/novice.si\/page\/wp-content\/uploads\/2023\/01\/Zajc_Timi-2022-foto-Matevz-Persin_resize-300x200.jpg\" alt=\"\" width=\"300\" height=\"200\" srcset=\"https:\/\/novice.si\/page\/wp-content\/uploads\/2023\/01\/Zajc_Timi-2022-foto-Matevz-Persin_resize-300x200.jpg 300w, https:\/\/novice.si\/page\/wp-content\/uploads\/2023\/01\/Zajc_Timi-2022-foto-Matevz-Persin_resize-768x511.jpg 768w, https:\/\/novice.si\/page\/wp-content\/uploads\/2023\/01\/Zajc_Timi-2022-foto-Matevz-Persin_resize-696x463.jpg 696w, https:\/\/novice.si\/page\/wp-content\/uploads\/2023\/01\/Zajc_Timi-2022-foto-Matevz-Persin_resize-632x420.jpg 632w, https:\/\/novice.si\/page\/wp-content\/uploads\/2023\/01\/Zajc_Timi-2022-foto-Matevz-Persin_resize-24x16.jpg 24w, https:\/\/novice.si\/page\/wp-content\/uploads\/2023\/01\/Zajc_Timi-2022-foto-Matevz-Persin_resize-36x24.jpg 36w, https:\/\/novice.si\/page\/wp-content\/uploads\/2023\/01\/Zajc_Timi-2022-foto-Matevz-Persin_resize-48x32.jpg 48w, https:\/\/novice.si\/page\/wp-content\/uploads\/2023\/01\/Zajc_Timi-2022-foto-Matevz-Persin_resize.jpg 800w\" sizes=\"auto, (max-width: 300px) 100vw, 300px\" \/><\/a>Skakalci na smu\u010deh so prvi\u010d v tej zimi leteli. Na velikanki v avstrijskem Kulmu je za najbolj\u0161i slovenski dose\u017eek v dveh tekmovalnih dneh poskrbel <b>Timi Zajc<\/b>. Tekmovalec iz Hram\u0161 je danes zasedel 2. mesto, kar so bile njegove desete stopni\u010dke na posami\u010dnih tekmah za svetovni pokal. Sobotno tekmo je Zajc kon\u010dal na 6. mestu, kar pomeni, da je trenutno tretji v skupnem se\u0161tevku posebne razvrstitve v poletih. (Jure Mernik)<br \/>\nFoto: Matev\u017e Per\u0161in<\/p>\n","protected":false},"excerpt":{"rendered":"<p>Skakalci na smu\u010deh so prvi\u010d v tej zimi leteli. Na velikanki v avstrijskem Kulmu je za najbolj\u0161i slovenski dose\u017eek v dveh tekmovalnih dneh poskrbel Timi Zajc. Tekmovalec iz Hram\u0161 je danes zasedel 2. mesto, kar so bile njegove desete stopni\u010dke na posami\u010dnih tekmah za svetovni pokal. Sobotno tekmo je Zajc kon\u010dal na 6. mestu, kar [&hellip;]<\/p>\n","protected":false},"author":7,"featured_media":159389,"comment_status":"closed","ping_status":"closed","sticky":false,"template":"","format":"standard","meta":{"footnotes":""},"categories":[14,17,68],"tags":[7974,4857],"class_list":{"0":"post-159388","1":"post","2":"type-post","3":"status-publish","4":"format-standard","5":"has-post-thumbnail","7":"category-aktualno","8":"category-celjsko","9":"category-sport","10":"tag-kulm","11":"tag-timi-zajc"},"yoast_head":"<!-- This site is optimized with the Yoast SEO plugin v27.4 - https:\/\/yoast.com\/product\/yoast-seo-wordpress\/ -->\n<title>Timi Zajc poletel do drugega mesta! - Novice.si<\/title>\n<meta name=\"robots\" content=\"index, follow, max-snippet:-1, max-image-preview:large, max-video-preview:-1\" \/>\n<link rel=\"canonical\" href=\"https:\/\/novice.si\/page\/timi-zajc-poletel-do-drugega-mesta\/\" \/>\n<meta property=\"og:locale\" content=\"sl_SI\" \/>\n<meta property=\"og:type\" content=\"article\" \/>\n<meta property=\"og:title\" content=\"Timi Zajc poletel do drugega mesta! - Novice.si\" \/>\n<meta property=\"og:description\" content=\"Skakalci na smu\u010deh so prvi\u010d v tej zimi leteli. Na velikanki v avstrijskem Kulmu je za najbolj\u0161i slovenski dose\u017eek v dveh tekmovalnih dneh poskrbel Timi Zajc. Tekmovalec iz Hram\u0161 je danes zasedel 2. mesto, kar so bile njegove desete stopni\u010dke na posami\u010dnih tekmah za svetovni pokal. Sobotno tekmo je Zajc kon\u010dal na 6. mestu, kar [&hellip;]\" \/>\n<meta property=\"og:url\" content=\"https:\/\/novice.si\/page\/timi-zajc-poletel-do-drugega-mesta\/\" \/>\n<meta property=\"og:site_name\" content=\"Novice.si\" \/>\n<meta property=\"article:published_time\" content=\"2023-01-29T16:12:12+00:00\" \/>\n<meta property=\"og:image\" content=\"https:\/\/novice.si\/page\/wp-content\/uploads\/2023\/01\/Zajc_Timi-2022-foto-Matevz-Persin_resize.jpg\" \/>\n\t<meta property=\"og:image:width\" content=\"800\" \/>\n\t<meta property=\"og:image:height\" content=\"532\" \/>\n\t<meta property=\"og:image:type\" content=\"image\/jpeg\" \/>\n<meta name=\"author\" content=\"Uredni\u0161tvo Novic\" \/>\n<meta name=\"twitter:card\" content=\"summary_large_image\" \/>\n<meta name=\"twitter:label1\" content=\"Written by\" \/>\n\t<meta name=\"twitter:data1\" content=\"Uredni\u0161tvo Novic\" \/>\n\t<meta name=\"twitter:label2\" content=\"Est. reading time\" \/>\n\t<meta name=\"twitter:data2\" content=\"1 minuta\" \/>\n<script type=\"application\/ld+json\" class=\"yoast-schema-graph\">{\"@context\":\"https:\\\/\\\/schema.org\",\"@graph\":[{\"@type\":\"Article\",\"@id\":\"https:\\\/\\\/novice.si\\\/page\\\/timi-zajc-poletel-do-drugega-mesta\\\/#article\",\"isPartOf\":{\"@id\":\"https:\\\/\\\/novice.si\\\/page\\\/timi-zajc-poletel-do-drugega-mesta\\\/\"},\"author\":{\"name\":\"Uredni\u0161tvo Novic\",\"@id\":\"https:\\\/\\\/novice.si\\\/page\\\/#\\\/schema\\\/person\\\/a877dbb8680d441357ce27663beb35ca\"},\"headline\":\"Timi Zajc poletel do drugega mesta!\",\"datePublished\":\"2023-01-29T16:12:12+00:00\",\"mainEntityOfPage\":{\"@id\":\"https:\\\/\\\/novice.si\\\/page\\\/timi-zajc-poletel-do-drugega-mesta\\\/\"},\"wordCount\":84,\"publisher\":{\"@id\":\"https:\\\/\\\/novice.si\\\/page\\\/#organization\"},\"image\":{\"@id\":\"https:\\\/\\\/novice.si\\\/page\\\/timi-zajc-poletel-do-drugega-mesta\\\/#primaryimage\"},\"thumbnailUrl\":\"https:\\\/\\\/novice.si\\\/page\\\/wp-content\\\/uploads\\\/2023\\\/01\\\/Zajc_Timi-2022-foto-Matevz-Persin_resize.jpg\",\"keywords\":[\"Kulm\",\"TImi Zajc\"],\"articleSection\":[\"Aktualno\",\"Celjsko\",\"\u0160port\"],\"inLanguage\":\"sl-SI\"},{\"@type\":\"WebPage\",\"@id\":\"https:\\\/\\\/novice.si\\\/page\\\/timi-zajc-poletel-do-drugega-mesta\\\/\",\"url\":\"https:\\\/\\\/novice.si\\\/page\\\/timi-zajc-poletel-do-drugega-mesta\\\/\",\"name\":\"Timi Zajc poletel do drugega mesta! - Novice.si\",\"isPartOf\":{\"@id\":\"https:\\\/\\\/novice.si\\\/page\\\/#website\"},\"primaryImageOfPage\":{\"@id\":\"https:\\\/\\\/novice.si\\\/page\\\/timi-zajc-poletel-do-drugega-mesta\\\/#primaryimage\"},\"image\":{\"@id\":\"https:\\\/\\\/novice.si\\\/page\\\/timi-zajc-poletel-do-drugega-mesta\\\/#primaryimage\"},\"thumbnailUrl\":\"https:\\\/\\\/novice.si\\\/page\\\/wp-content\\\/uploads\\\/2023\\\/01\\\/Zajc_Timi-2022-foto-Matevz-Persin_resize.jpg\",\"datePublished\":\"2023-01-29T16:12:12+00:00\",\"breadcrumb\":{\"@id\":\"https:\\\/\\\/novice.si\\\/page\\\/timi-zajc-poletel-do-drugega-mesta\\\/#breadcrumb\"},\"inLanguage\":\"sl-SI\",\"potentialAction\":[{\"@type\":\"ReadAction\",\"target\":[\"https:\\\/\\\/novice.si\\\/page\\\/timi-zajc-poletel-do-drugega-mesta\\\/\"]}]},{\"@type\":\"ImageObject\",\"inLanguage\":\"sl-SI\",\"@id\":\"https:\\\/\\\/novice.si\\\/page\\\/timi-zajc-poletel-do-drugega-mesta\\\/#primaryimage\",\"url\":\"https:\\\/\\\/novice.si\\\/page\\\/wp-content\\\/uploads\\\/2023\\\/01\\\/Zajc_Timi-2022-foto-Matevz-Persin_resize.jpg\",\"contentUrl\":\"https:\\\/\\\/novice.si\\\/page\\\/wp-content\\\/uploads\\\/2023\\\/01\\\/Zajc_Timi-2022-foto-Matevz-Persin_resize.jpg\",\"width\":800,\"height\":532},{\"@type\":\"BreadcrumbList\",\"@id\":\"https:\\\/\\\/novice.si\\\/page\\\/timi-zajc-poletel-do-drugega-mesta\\\/#breadcrumb\",\"itemListElement\":[{\"@type\":\"ListItem\",\"position\":1,\"name\":\"Home\",\"item\":\"https:\\\/\\\/novice.si\\\/page\\\/\"},{\"@type\":\"ListItem\",\"position\":2,\"name\":\"Timi Zajc poletel do drugega mesta!\"}]},{\"@type\":\"WebSite\",\"@id\":\"https:\\\/\\\/novice.si\\\/page\\\/#website\",\"url\":\"https:\\\/\\\/novice.si\\\/page\\\/\",\"name\":\"Novice.si\",\"description\":\"\",\"publisher\":{\"@id\":\"https:\\\/\\\/novice.si\\\/page\\\/#organization\"},\"potentialAction\":[{\"@type\":\"SearchAction\",\"target\":{\"@type\":\"EntryPoint\",\"urlTemplate\":\"https:\\\/\\\/novice.si\\\/page\\\/?s={search_term_string}\"},\"query-input\":{\"@type\":\"PropertyValueSpecification\",\"valueRequired\":true,\"valueName\":\"search_term_string\"}}],\"inLanguage\":\"sl-SI\"},{\"@type\":\"Organization\",\"@id\":\"https:\\\/\\\/novice.si\\\/page\\\/#organization\",\"name\":\"Novice.si\",\"url\":\"https:\\\/\\\/novice.si\\\/page\\\/\",\"logo\":{\"@type\":\"ImageObject\",\"inLanguage\":\"sl-SI\",\"@id\":\"https:\\\/\\\/novice.si\\\/page\\\/#\\\/schema\\\/logo\\\/image\\\/\",\"url\":\"https:\\\/\\\/novice.si\\\/page\\\/wp-content\\\/uploads\\\/2023\\\/03\\\/novice_si.png\",\"contentUrl\":\"https:\\\/\\\/novice.si\\\/page\\\/wp-content\\\/uploads\\\/2023\\\/03\\\/novice_si.png\",\"width\":576,\"height\":200,\"caption\":\"Novice.si\"},\"image\":{\"@id\":\"https:\\\/\\\/novice.si\\\/page\\\/#\\\/schema\\\/logo\\\/image\\\/\"}},{\"@type\":\"Person\",\"@id\":\"https:\\\/\\\/novice.si\\\/page\\\/#\\\/schema\\\/person\\\/a877dbb8680d441357ce27663beb35ca\",\"name\":\"Uredni\u0161tvo Novic\",\"image\":{\"@type\":\"ImageObject\",\"inLanguage\":\"sl-SI\",\"@id\":\"https:\\\/\\\/secure.gravatar.com\\\/avatar\\\/f19c0ae874706cc9ba19d2f6da5f74a5a5ee7674f283fed29ce0ad16a9f1893e?s=96&d=mm&r=g\",\"url\":\"https:\\\/\\\/secure.gravatar.com\\\/avatar\\\/f19c0ae874706cc9ba19d2f6da5f74a5a5ee7674f283fed29ce0ad16a9f1893e?s=96&d=mm&r=g\",\"contentUrl\":\"https:\\\/\\\/secure.gravatar.com\\\/avatar\\\/f19c0ae874706cc9ba19d2f6da5f74a5a5ee7674f283fed29ce0ad16a9f1893e?s=96&d=mm&r=g\",\"caption\":\"Uredni\u0161tvo Novic\"},\"url\":\"https:\\\/\\\/novice.si\\\/page\\\/author\\\/jure\\\/\"}]}<\/script>\n<!-- \/ Yoast SEO plugin. -->","yoast_head_json":{"title":"Timi Zajc poletel do drugega mesta! - Novice.si","robots":{"index":"index","follow":"follow","max-snippet":"max-snippet:-1","max-image-preview":"max-image-preview:large","max-video-preview":"max-video-preview:-1"},"canonical":"https:\/\/novice.si\/page\/timi-zajc-poletel-do-drugega-mesta\/","og_locale":"sl_SI","og_type":"article","og_title":"Timi Zajc poletel do drugega mesta! - Novice.si","og_description":"Skakalci na smu\u010deh so prvi\u010d v tej zimi leteli. Na velikanki v avstrijskem Kulmu je za najbolj\u0161i slovenski dose\u017eek v dveh tekmovalnih dneh poskrbel Timi Zajc. Tekmovalec iz Hram\u0161 je danes zasedel 2. mesto, kar so bile njegove desete stopni\u010dke na posami\u010dnih tekmah za svetovni pokal. Sobotno tekmo je Zajc kon\u010dal na 6. mestu, kar [&hellip;]","og_url":"https:\/\/novice.si\/page\/timi-zajc-poletel-do-drugega-mesta\/","og_site_name":"Novice.si","article_published_time":"2023-01-29T16:12:12+00:00","og_image":[{"width":800,"height":532,"url":"https:\/\/novice.si\/page\/wp-content\/uploads\/2023\/01\/Zajc_Timi-2022-foto-Matevz-Persin_resize.jpg","type":"image\/jpeg"}],"author":"Uredni\u0161tvo Novic","twitter_card":"summary_large_image","twitter_misc":{"Written by":"Uredni\u0161tvo Novic","Est. reading time":"1 minuta"},"schema":{"@context":"https:\/\/schema.org","@graph":[{"@type":"Article","@id":"https:\/\/novice.si\/page\/timi-zajc-poletel-do-drugega-mesta\/#article","isPartOf":{"@id":"https:\/\/novice.si\/page\/timi-zajc-poletel-do-drugega-mesta\/"},"author":{"name":"Uredni\u0161tvo Novic","@id":"https:\/\/novice.si\/page\/#\/schema\/person\/a877dbb8680d441357ce27663beb35ca"},"headline":"Timi Zajc poletel do drugega mesta!","datePublished":"2023-01-29T16:12:12+00:00","mainEntityOfPage":{"@id":"https:\/\/novice.si\/page\/timi-zajc-poletel-do-drugega-mesta\/"},"wordCount":84,"publisher":{"@id":"https:\/\/novice.si\/page\/#organization"},"image":{"@id":"https:\/\/novice.si\/page\/timi-zajc-poletel-do-drugega-mesta\/#primaryimage"},"thumbnailUrl":"https:\/\/novice.si\/page\/wp-content\/uploads\/2023\/01\/Zajc_Timi-2022-foto-Matevz-Persin_resize.jpg","keywords":["Kulm","TImi Zajc"],"articleSection":["Aktualno","Celjsko","\u0160port"],"inLanguage":"sl-SI"},{"@type":"WebPage","@id":"https:\/\/novice.si\/page\/timi-zajc-poletel-do-drugega-mesta\/","url":"https:\/\/novice.si\/page\/timi-zajc-poletel-do-drugega-mesta\/","name":"Timi Zajc poletel do drugega mesta! - Novice.si","isPartOf":{"@id":"https:\/\/novice.si\/page\/#website"},"primaryImageOfPage":{"@id":"https:\/\/novice.si\/page\/timi-zajc-poletel-do-drugega-mesta\/#primaryimage"},"image":{"@id":"https:\/\/novice.si\/page\/timi-zajc-poletel-do-drugega-mesta\/#primaryimage"},"thumbnailUrl":"https:\/\/novice.si\/page\/wp-content\/uploads\/2023\/01\/Zajc_Timi-2022-foto-Matevz-Persin_resize.jpg","datePublished":"2023-01-29T16:12:12+00:00","breadcrumb":{"@id":"https:\/\/novice.si\/page\/timi-zajc-poletel-do-drugega-mesta\/#breadcrumb"},"inLanguage":"sl-SI","potentialAction":[{"@type":"ReadAction","target":["https:\/\/novice.si\/page\/timi-zajc-poletel-do-drugega-mesta\/"]}]},{"@type":"ImageObject","inLanguage":"sl-SI","@id":"https:\/\/novice.si\/page\/timi-zajc-poletel-do-drugega-mesta\/#primaryimage","url":"https:\/\/novice.si\/page\/wp-content\/uploads\/2023\/01\/Zajc_Timi-2022-foto-Matevz-Persin_resize.jpg","contentUrl":"https:\/\/novice.si\/page\/wp-content\/uploads\/2023\/01\/Zajc_Timi-2022-foto-Matevz-Persin_resize.jpg","width":800,"height":532},{"@type":"BreadcrumbList","@id":"https:\/\/novice.si\/page\/timi-zajc-poletel-do-drugega-mesta\/#breadcrumb","itemListElement":[{"@type":"ListItem","position":1,"name":"Home","item":"https:\/\/novice.si\/page\/"},{"@type":"ListItem","position":2,"name":"Timi Zajc poletel do drugega mesta!"}]},{"@type":"WebSite","@id":"https:\/\/novice.si\/page\/#website","url":"https:\/\/novice.si\/page\/","name":"Novice.si","description":"","publisher":{"@id":"https:\/\/novice.si\/page\/#organization"},"potentialAction":[{"@type":"SearchAction","target":{"@type":"EntryPoint","urlTemplate":"https:\/\/novice.si\/page\/?s={search_term_string}"},"query-input":{"@type":"PropertyValueSpecification","valueRequired":true,"valueName":"search_term_string"}}],"inLanguage":"sl-SI"},{"@type":"Organization","@id":"https:\/\/novice.si\/page\/#organization","name":"Novice.si","url":"https:\/\/novice.si\/page\/","logo":{"@type":"ImageObject","inLanguage":"sl-SI","@id":"https:\/\/novice.si\/page\/#\/schema\/logo\/image\/","url":"https:\/\/novice.si\/page\/wp-content\/uploads\/2023\/03\/novice_si.png","contentUrl":"https:\/\/novice.si\/page\/wp-content\/uploads\/2023\/03\/novice_si.png","width":576,"height":200,"caption":"Novice.si"},"image":{"@id":"https:\/\/novice.si\/page\/#\/schema\/logo\/image\/"}},{"@type":"Person","@id":"https:\/\/novice.si\/page\/#\/schema\/person\/a877dbb8680d441357ce27663beb35ca","name":"Uredni\u0161tvo Novic","image":{"@type":"ImageObject","inLanguage":"sl-SI","@id":"https:\/\/secure.gravatar.com\/avatar\/f19c0ae874706cc9ba19d2f6da5f74a5a5ee7674f283fed29ce0ad16a9f1893e?s=96&d=mm&r=g","url":"https:\/\/secure.gravatar.com\/avatar\/f19c0ae874706cc9ba19d2f6da5f74a5a5ee7674f283fed29ce0ad16a9f1893e?s=96&d=mm&r=g","contentUrl":"https:\/\/secure.gravatar.com\/avatar\/f19c0ae874706cc9ba19d2f6da5f74a5a5ee7674f283fed29ce0ad16a9f1893e?s=96&d=mm&r=g","caption":"Uredni\u0161tvo Novic"},"url":"https:\/\/novice.si\/page\/author\/jure\/"}]}},"_links":{"self":[{"href":"https:\/\/novice.si\/page\/wp-json\/wp\/v2\/posts\/159388","targetHints":{"allow":["GET"]}}],"collection":[{"href":"https:\/\/novice.si\/page\/wp-json\/wp\/v2\/posts"}],"about":[{"href":"https:\/\/novice.si\/page\/wp-json\/wp\/v2\/types\/post"}],"author":[{"embeddable":true,"href":"https:\/\/novice.si\/page\/wp-json\/wp\/v2\/users\/7"}],"replies":[{"embeddable":true,"href":"https:\/\/novice.si\/page\/wp-json\/wp\/v2\/comments?post=159388"}],"version-history":[{"count":1,"href":"https:\/\/novice.si\/page\/wp-json\/wp\/v2\/posts\/159388\/revisions"}],"predecessor-version":[{"id":159390,"href":"https:\/\/novice.si\/page\/wp-json\/wp\/v2\/posts\/159388\/revisions\/159390"}],"wp:featuredmedia":[{"embeddable":true,"href":"https:\/\/novice.si\/page\/wp-json\/wp\/v2\/media\/159389"}],"wp:attachment":[{"href":"https:\/\/novice.si\/page\/wp-json\/wp\/v2\/media?parent=159388"}],"wp:term":[{"taxonomy":"category","embeddable":true,"href":"https:\/\/novice.si\/page\/wp-json\/wp\/v2\/categories?post=159388"},{"taxonomy":"post_tag","embeddable":true,"href":"https:\/\/novice.si\/page\/wp-json\/wp\/v2\/tags?post=159388"}],"curies":[{"name":"wp","href":"https:\/\/api.w.org\/{rel}","templated":true}]}}