{"id":159343,"date":"2023-01-28T07:00:08","date_gmt":"2023-01-28T06:00:08","guid":{"rendered":"https:\/\/novice.si\/page\/?p=159343"},"modified":"2023-01-28T07:23:39","modified_gmt":"2023-01-28T06:23:39","slug":"knjige-zdravijo-duso","status":"publish","type":"post","link":"https:\/\/novice.si\/page\/knjige-zdravijo-duso\/","title":{"rendered":"Knjige zdravijo du\u0161o***"},"content":{"rendered":"<p style=\"text-align: right;\"><strong>*** oglasno sporo\u010dilo<\/strong><\/p>\n<p>V Osrednji knji\u017enici Celje \u017ee nekaj let zaznavamo vedno ve\u010djo socialno izklju\u010denost dolo\u010denih skupin ljudi,  tako imenovanih ranljivih dru\u017ebenih skupin, med katerimi v na\u0161em okolju zaznavamo predvsem starej\u0161e osebe, osebe z motnjami v du\u0161evnem razvoju, slepe in slabovidne, osebe z okvaro sluha, gibalno ovirane osebe, dolgotrajno bolne osebe, (dolgotrajno) brezposelne osebe, brezdomce in ostale. <\/p>\n<p>Splo\u0161ne knji\u017enice svoje delovanje namenjajo \u0161irokemu krogu prebivalcev in niso le osrednje kulturne in izobra\u017eevalne ustanove, temve\u010d predstavljajo tudi pomembno socialno spleti\u0161\u010de. Zato v okviru razli\u010dnih projektov, aktivnosti in programov sku\u0161ajo omogo\u010diti \u010dim ve\u010djo socialno vklju\u010denost ranljivih skupin v dru\u017ebo.<br \/>\n<figure id=\"attachment_159350\" aria-describedby=\"caption-attachment-159350\" style=\"width: 696px\" class=\"wp-caption aligncenter\"><a href=\"https:\/\/novice.si\/page\/wp-content\/uploads\/2023\/01\/2023_knjiga_OS_02.jpg\" data-gallery><img loading=\"lazy\" decoding=\"async\" src=\"https:\/\/novice.si\/page\/wp-content\/uploads\/2023\/01\/2023_knjiga_OS_02-1024x768.jpg\" alt=\"\" width=\"696\" height=\"522\" class=\"size-large wp-image-159350\" srcset=\"https:\/\/novice.si\/page\/wp-content\/uploads\/2023\/01\/2023_knjiga_OS_02-1024x768.jpg 1024w, https:\/\/novice.si\/page\/wp-content\/uploads\/2023\/01\/2023_knjiga_OS_02-300x225.jpg 300w, https:\/\/novice.si\/page\/wp-content\/uploads\/2023\/01\/2023_knjiga_OS_02-768x576.jpg 768w, https:\/\/novice.si\/page\/wp-content\/uploads\/2023\/01\/2023_knjiga_OS_02-80x60.jpg 80w, https:\/\/novice.si\/page\/wp-content\/uploads\/2023\/01\/2023_knjiga_OS_02-265x198.jpg 265w, https:\/\/novice.si\/page\/wp-content\/uploads\/2023\/01\/2023_knjiga_OS_02-696x522.jpg 696w, https:\/\/novice.si\/page\/wp-content\/uploads\/2023\/01\/2023_knjiga_OS_02-1068x801.jpg 1068w, https:\/\/novice.si\/page\/wp-content\/uploads\/2023\/01\/2023_knjiga_OS_02-560x420.jpg 560w, https:\/\/novice.si\/page\/wp-content\/uploads\/2023\/01\/2023_knjiga_OS_02-24x18.jpg 24w, https:\/\/novice.si\/page\/wp-content\/uploads\/2023\/01\/2023_knjiga_OS_02-36x27.jpg 36w, https:\/\/novice.si\/page\/wp-content\/uploads\/2023\/01\/2023_knjiga_OS_02-48x36.jpg 48w, https:\/\/novice.si\/page\/wp-content\/uploads\/2023\/01\/2023_knjiga_OS_02.jpg 1152w\" sizes=\"auto, (max-width: 696px) 100vw, 696px\" \/><\/a><figcaption id=\"caption-attachment-159350\" class=\"wp-caption-text\">Bralno-pogovorna urica s \u0160ENTOM v lapidariju, maj 2020<\/figcaption><\/figure><\/p>\n<p>Skrb za ranljive skupine uporabnikov dolo\u010da Ustava Republike Slovenije in \u0161tevilni dokumenti mednarodnih organizacij, kot na primer Konvencija o \u010dlovekovih pravicah  (UNESCO).  Tudi Zakon o knji\u017eni\u010darstvu (2001) v 16. \u010dlenu splo\u0161nim knji\u017enicam nalaga skrb za izvajanje storitev za ljudi s posebnimi potrebami. Prav tako nad razvojem teh storitev bdi Sekcija za knji\u017enice za ljudi s posebnimi potrebami pri Mednarodnem zdru\u017eenju knji\u017enic (IFLA).<br \/>\nV Osrednji knji\u017enici Celje od leta 2012 izvajamo osrednji projekt krepitve socialne vloge knji\u017enice med ranljivimi skupinami uporabnikov v okviru na\u010drtnega izvajanja biblioterapevtskega programa. Ideja za izvajanje aktivnosti je nastala na pobudo sodelavke Polone Bajc Napret, sedanje direktorice knji\u017enice. V program sem vklju\u010den od samega za\u010detka, od ideje, razvoja (ki \u0161e vedno traja) do izvedbe same. V okviru biblioterapevtskega programa, ki ga imenujemo Bralno-pogovorne urice, izvajamo biblioterapijo v sodelovanju s skupino, terapevtom in knji\u017eni\u010darjem ali skupino in knji\u017eni\u010darjem.<\/p>\n<p>Bralno-pogovorne urice so bile sprva namenjene predvsem  uporabnikom posebej ranljivih skupin. Gre za osebe, ki so se zna\u0161le v tako te\u017ekih \u017eivljenjskih okoli\u0161\u010dinah, da jih ne zmorejo ve\u010d obvladovati same, ampak potrebujejo strokovno pomo\u010d zaradi zasvojenosti, bolezni, starosti, osamljenosti &#8230; Z razvojem dejavnosti pa smo ponudili storitev tudi ostalim \u010dlanom in ne\u010dlanom knji\u017enice, ki si \u017eelijo le dru\u017eenja, pogovora, novih spoznanj, oziroma kakovostnej\u0161ega pre\u017eivljanja prostega \u010dasa.<br \/>\nZ za\u010detkom izvajanja bibliopedago\u0161ke dejavnosti smo si v knji\u017enici zadali dva cilja: pomagati k ve\u010dji socialni vklju\u010denosti ranljivih skupin v dru\u017ebo ter se povezovati in krepiti sodelovanje z institucijami, dru\u0161tvi, klubi in drugimi organizacijami,  ki se strokovno ukvarjajo s tovrstno problematiko.<\/p>\n<p><strong>Potek bralno-pogovorne urice<\/strong><br \/>\nV okviru priprave na uro najprej izberemo knjigo (na primer \u017eivljenjepisni roman), nato ob prebiranju dolo\u010denega poglavja, odstavka ali misli spoznavamo glavnega junaka, osrednji dogodek, zgodbo ali problem, v katerem se liki znajdejo. Sledi obse\u017een pogovor, v katerem soo\u010damo razli\u010dna mnenja, prihajamo do skupnih zaklju\u010dkov, primerjamo prebrano vsebino z lastnimi izku\u0161njami, do\u017eivetji \u2026 Vodeni proces Bralno-pogovorne urice, ki vklju\u010duje (avto)refleksijo prebranega literarnega dela in aktualizacijo na osebno izku\u0161njo, udele\u017eencu pomaga, da uspe\u0161neje premaguje in re\u0161uje lastne te\u017eave, pridobiva na samozavesti in je bolj vodljiv pri sprejemnju ostalih terapij. Program se izvaja enkrat mese\u010dno po eno uro, ob v naprej dolo\u010denih datumih in urah.<br \/>\n<figure id=\"attachment_159351\" aria-describedby=\"caption-attachment-159351\" style=\"width: 696px\" class=\"wp-caption aligncenter\"><a href=\"https:\/\/novice.si\/page\/wp-content\/uploads\/2023\/01\/2023_knjiga_OS_01.jpg\" data-gallery><img loading=\"lazy\" decoding=\"async\" src=\"https:\/\/novice.si\/page\/wp-content\/uploads\/2023\/01\/2023_knjiga_OS_01-1024x668.jpg\" alt=\"\" width=\"696\" height=\"454\" class=\"size-large wp-image-159351\" srcset=\"https:\/\/novice.si\/page\/wp-content\/uploads\/2023\/01\/2023_knjiga_OS_01-1024x668.jpg 1024w, https:\/\/novice.si\/page\/wp-content\/uploads\/2023\/01\/2023_knjiga_OS_01-300x196.jpg 300w, https:\/\/novice.si\/page\/wp-content\/uploads\/2023\/01\/2023_knjiga_OS_01-768x501.jpg 768w, https:\/\/novice.si\/page\/wp-content\/uploads\/2023\/01\/2023_knjiga_OS_01-696x454.jpg 696w, https:\/\/novice.si\/page\/wp-content\/uploads\/2023\/01\/2023_knjiga_OS_01-1068x697.jpg 1068w, https:\/\/novice.si\/page\/wp-content\/uploads\/2023\/01\/2023_knjiga_OS_01-644x420.jpg 644w, https:\/\/novice.si\/page\/wp-content\/uploads\/2023\/01\/2023_knjiga_OS_01-24x16.jpg 24w, https:\/\/novice.si\/page\/wp-content\/uploads\/2023\/01\/2023_knjiga_OS_01-36x23.jpg 36w, https:\/\/novice.si\/page\/wp-content\/uploads\/2023\/01\/2023_knjiga_OS_01-48x31.jpg 48w, https:\/\/novice.si\/page\/wp-content\/uploads\/2023\/01\/2023_knjiga_OS_01.jpg 1332w\" sizes=\"auto, (max-width: 696px) 100vw, 696px\" \/><\/a><figcaption id=\"caption-attachment-159351\" class=\"wp-caption-text\">Bralno-pogovorna urica v knji\u017enici na Oddelku Glasba\/film, november 2019<\/figcaption><\/figure><\/p>\n<p><strong>Razvoj Bralno-pogovornih uric od leta 2012 do danes<\/strong><br \/>\nPrva Bralno-pogovorna urica je bila izvedena na za\u010detku leta 2012 in sicer v  Dnevnem centru  \u0160ENT Celje,  v dogovoru s socialno delavko. Na prvem sre\u010danju je bila prisotna skupina 12 uporabnikov in socialna delavka, skupino pa sva vodila s sodelavko Polono Bajc Napret. Glede na njihov dober odziv in interes za sodelovanje, smo se dogovorili za nadaljnja  sre\u010danja, ki trajajo \u0161e danes. Na za\u010detku smo se dobivali v dnevnim centru \u0160ENT-a, pozneje pa smo se dogovorili, da je skupina pri\u0161la nekajkrat letno tudi v knji\u017enico, v poletnih mesecih pa smo sre\u010danja izvajali v zunanjem lapidariju knji\u017enice, kar je prineslo dobrodo\u0161lo spremembo v dinamiko sre\u010devanj.<br \/>\nOb sodelovanju z dru\u0161tvom \u0160ENT smo program leta 2013 za\u010deli izvajati tudi v Domu Lipa \u0160tore. Bralno-pogovorna urica je bila takoj dobro sprejeta in se z dvema skupinama uspe\u0161no izvaja \u0161e danes. O dobrem sodelovanju in izvajanju Bralno-pogovornih uric v Domu Lipa je bilo objavljenih tudi nekaj \u010dlankov v internem glasilu Domski list.<\/p>\n<p>Leta 2013 se je programu pridru\u017eila \u0161e ena partnerska organizacija, Dru\u0161tvo DREN, kjer so zasnovali skupino, v kateri izvajajo raznovrstne aktivnosti pri delu s starostniki. V dogovoru s socialno slu\u017ebo in vodstvom dru\u0161tva smo Bralno-pogovorno urico sprva izvajali le dvakrat letno, od leta 2016 naprej pa se sre\u010dujemo vsak mesec za eno uro v prostorih medgeneracijskega centra Javnega zavoda SOCIO, kjer se zbirajo \u010dlani dru\u0161tva. Z leti smo sodelovanje \u0161e nadgradili, tako da urica poteka enkrat v prostorih dru\u0161tva, drugi\u010d pa v knji\u017enici, v toplej\u0161ih dnevih pa v zunanjem lapidariju. O medsebojnem sodelovanju med dru\u0161tvom in knji\u017enico je bil objavljen tudi \u010dlanek v internem glasilu Dru\u0161tva DREN Celje.<br \/>\nDejavnost smo leta 2014 raz\u0161irili tudi na zaveti\u0161\u010de za brezdomce. S socialno delavko sva se dogovorila za poskusno izvedbo Bralno-pogovorne urice enkrat mese\u010dno za eno uro v prostorih zaveti\u0161\u010da. Po nekaj mesecih se je \u017eal izkazalo, da ni bilo dovolj interesa za obstanek skupine. Razlog je bil predvsem v specifiki hitrih priseljevanj in odseljevanj stanovalcev, tako da se je te\u017eko oblikovala dokaj stalna skupina. Programa v zaveti\u0161\u010du zato ne izvajamo ve\u010d.<br \/>\n<figure id=\"attachment_159349\" aria-describedby=\"caption-attachment-159349\" style=\"width: 720px\" class=\"wp-caption aligncenter\"><a href=\"https:\/\/novice.si\/page\/wp-content\/uploads\/2023\/01\/2023_knjiga_OS_03.jpg\" data-gallery><img loading=\"lazy\" decoding=\"async\" src=\"https:\/\/novice.si\/page\/wp-content\/uploads\/2023\/01\/2023_knjiga_OS_03.jpg\" alt=\"\" width=\"720\" height=\"539\" class=\"size-full wp-image-159349\" srcset=\"https:\/\/novice.si\/page\/wp-content\/uploads\/2023\/01\/2023_knjiga_OS_03.jpg 720w, https:\/\/novice.si\/page\/wp-content\/uploads\/2023\/01\/2023_knjiga_OS_03-300x225.jpg 300w, https:\/\/novice.si\/page\/wp-content\/uploads\/2023\/01\/2023_knjiga_OS_03-80x60.jpg 80w, https:\/\/novice.si\/page\/wp-content\/uploads\/2023\/01\/2023_knjiga_OS_03-265x198.jpg 265w, https:\/\/novice.si\/page\/wp-content\/uploads\/2023\/01\/2023_knjiga_OS_03-696x521.jpg 696w, https:\/\/novice.si\/page\/wp-content\/uploads\/2023\/01\/2023_knjiga_OS_03-561x420.jpg 561w, https:\/\/novice.si\/page\/wp-content\/uploads\/2023\/01\/2023_knjiga_OS_03-24x18.jpg 24w, https:\/\/novice.si\/page\/wp-content\/uploads\/2023\/01\/2023_knjiga_OS_03-36x27.jpg 36w, https:\/\/novice.si\/page\/wp-content\/uploads\/2023\/01\/2023_knjiga_OS_03-48x36.jpg 48w\" sizes=\"auto, (max-width: 720px) 100vw, 720px\" \/><\/a><figcaption id=\"caption-attachment-159349\" class=\"wp-caption-text\">Bralno-pogovorna urica v lapidariju, julij, 2021<\/figcaption><\/figure><\/p>\n<p>Na podlagi ve\u010dletnega sodelovanja med Domom ob Savinji in knji\u017eni\u010dno storitvijo Knji\u017enica na obisku, v okviru katere so knji\u017eni\u010darji v dom dostavljali knji\u017eni\u010dno gradivo, se je program Bralno-pogovornih uric leta 2014 v dogovoru s terapevtkama delovne terapije, pozneje pa \u0161e socialnima delavkama doma za\u010del tudi v Domu ob Savinji. Sre\u010danja s skupinami stanovalcev uspe\u0161no potekajo \u0161e danes.  Uspe\u0161no  sodelovanje je bilo opisano v nekaj  \u010dlankih v internem \u010dasopisu Doma ob Savinji. <\/p>\n<p>Glede na to, da sva s sodelavko Polonco Bajc Napret v tem \u010dasu  pridobila veliko teoreti\u010dnega in prakti\u010dnega znanja s podro\u010dja biblioterapije, izku\u0161enj, pozitivnega odziva sodelujo\u010dih institucij ter poznavanja literature, ki ima pomembno vlogo pri izboru gradiva za posamezno skupino, sva se odlo\u010dila, da oblikujemo tudi skupino, sestavljeno iz aktivnih obiskovalcev knji\u017enice, s \u010dimer smo Bralno-pogovorno urico za\u010deli izvajati tudi v knji\u017enici. Pripravili smo zlo\u017eenko z osnovnimi informacijami, ki je na razpolago na oddelkih ter objavljena na knji\u017eni\u010dni spletni strani. Odziv je bil \u017ee na za\u010detku dober in v kratkem \u010dasu se je na dejavnost prijavila skupina pribli\u017eno petnajstih \u010dlanov. Prva bralno-pogovorna urica, namenjena obiskovalcem knji\u017enice, je bila izvedena v \u010detrtek, 19. 10. 2017, ob 17.30 na oddelku Glasba-film. Udele\u017eilo se je je deset \u010dlanov. Njihove povratne informacije so nam dale vedeti, da so s programom zelo zadovoljni in da si \u017eelijo nadaljevanja. Od takrat naprej se program uspe\u0161no izvaja enkrat  mese\u010dno v knji\u017enici, ob toplej\u0161ih dnevih pa tudi v lapidariju. Posamezno sre\u010danje traja 60 minut. <\/p>\n<p>Junija 218 sem se udele\u017eil intervizijskega sre\u010danja vodij skupin na Dru\u0161tvu ZIMZELEN v \u017dalcu. Tam sem udele\u017eencem sestanka predstavil potek  izvajanja  Bralno-pogovornih uric,  ki jih \u017ee izvajam na Dru\u0161tvu DREN, Domu ob Savinji, Domu Lipa in v knji\u017enici. Predsednica dru\u0161tva je bila takoj  zainteresirana za vklju\u010ditev v program, saj so ravnokar ustanavljali bralno skupino v okviru \u017ealske socialne mre\u017ee. Dogovorila sva se za ob\u010dasno sodelovanje. Prvo Bralno-pogovorno urico sem izvedel novembra 2018 in ob\u010dasni obiski trajajo do danes. <\/p>\n<p>Dodatno vrednost in dimenzijo sodelovanja ter prilo\u017enost za rast programa Bralno-pogovornih uric predstavljajo tudi intervizijska sre\u010danja, ki se ve\u010dkrat letno izvajajo v okviru dejavnosti Doma ob Savinji in dru\u0161tev DREN ter Zimzelen. Na njih si vodje skupin izmenjamo izku\u0161nje, se pogovorimo o svojem delu, odpravljamo pomanjkljivosti, i\u0161\u010demo ustrezne re\u0161itve in se dogovarjamo o nadaljnjem poteku aktivnosti s skupinami uporabnikov.<br \/>\n<figure id=\"attachment_159348\" aria-describedby=\"caption-attachment-159348\" style=\"width: 696px\" class=\"wp-caption aligncenter\"><a href=\"https:\/\/novice.si\/page\/wp-content\/uploads\/2023\/01\/2023_knjiga_OS_04.jpg\" data-gallery><img loading=\"lazy\" decoding=\"async\" src=\"https:\/\/novice.si\/page\/wp-content\/uploads\/2023\/01\/2023_knjiga_OS_04-1024x498.jpg\" alt=\"\" width=\"696\" height=\"338\" class=\"size-large wp-image-159348\" srcset=\"https:\/\/novice.si\/page\/wp-content\/uploads\/2023\/01\/2023_knjiga_OS_04-1024x498.jpg 1024w, https:\/\/novice.si\/page\/wp-content\/uploads\/2023\/01\/2023_knjiga_OS_04-300x146.jpg 300w, https:\/\/novice.si\/page\/wp-content\/uploads\/2023\/01\/2023_knjiga_OS_04-768x373.jpg 768w, https:\/\/novice.si\/page\/wp-content\/uploads\/2023\/01\/2023_knjiga_OS_04-696x338.jpg 696w, https:\/\/novice.si\/page\/wp-content\/uploads\/2023\/01\/2023_knjiga_OS_04-1068x519.jpg 1068w, https:\/\/novice.si\/page\/wp-content\/uploads\/2023\/01\/2023_knjiga_OS_04-864x420.jpg 864w, https:\/\/novice.si\/page\/wp-content\/uploads\/2023\/01\/2023_knjiga_OS_04-24x12.jpg 24w, https:\/\/novice.si\/page\/wp-content\/uploads\/2023\/01\/2023_knjiga_OS_04-36x17.jpg 36w, https:\/\/novice.si\/page\/wp-content\/uploads\/2023\/01\/2023_knjiga_OS_04-48x23.jpg 48w, https:\/\/novice.si\/page\/wp-content\/uploads\/2023\/01\/2023_knjiga_OS_04.jpg 1317w\" sizes=\"auto, (max-width: 696px) 100vw, 696px\" \/><\/a><figcaption id=\"caption-attachment-159348\" class=\"wp-caption-text\">Ob svetovnem dnevu poezije 21.03.2019 je bil gost bralno-pogovorne urice na\u0161 sodelavec Kristian Ko\u017eelj, ki je predstavil svojo pesni\u0161ko zbirko Muzej zaklju\u010deni razmerij.<\/figcaption><\/figure><\/p>\n<p>Program Bralno-pogovorne urice se je tako raz\u0161iril na \u0161est in\u0161titucij. Cilj, ki sva si ga s soustanoviteljico in predlagateljico programa zastavila leta 2012 je bil dose\u017een in prese\u017een, \u010desar smo v Osrednji knji\u017enici Celje izjemno veseli.<\/p>\n<p>Dobrih deset let uspe\u0161nega  izvajanja biblioterapevtskega programa Bralno-pogovorne urice je za nami. Trenutno se program uspe\u0161no izvaja s \u0161estimi skupinami uporabnikov na razli\u010dnih lokacijah: \u0160ENT, Dom Lipa \u0160tore, Dom ob Savinji, Dru\u0161tvo DREN (Medgeneracijski center Socio), Zimzelen \u017dalec in v knji\u017enici.<br \/>\nIzkazalo se je, da je tak\u0161na aktivnost knji\u017enice v na\u0161em okolju zelo potrebna in da gre za  uspe\u0161en socialni program, ki ga izvajamo v skladu s poslanstvom splo\u0161nih knji\u017enic.<br \/>\nTematika oziroma izbor knjig, ki jih obravnavamo na sre\u010danjih, je zelo raznolik, najve\u010dkrat pa pose\u017eemo po resni\u010dnih, \u017eivljenjskih zgodbah, ki so se med \u010dlani vseh \u0161estih skupin izkazale za zelo priljubljene. Seveda pa ne manjka tudi kak\u0161na lahkotna zgodba za du\u0161o, pa tudi humorja ne manjka.<br \/>\nNa podlagi povratnih informacij smo v dejavnost ves \u010das izvajali zastavljenem za\u010detnem okviru, ki pa se razvijal na podlagi povratnih informacij uporabnikov skupine, strokovnih delavcev v institucijah in dru\u0161tvih ter na podlagi izobra\u017eevanj, usposabljanj, obiska delavnic ter ob\u010dasnega sodelovanja s Knji\u017enico Velenje.<br \/>\nProgram izjemno naklonjeno sprejemajo strokovne slu\u017ebe partnerskih organizacij,  kar se odra\u017ea  med drugim tudi v veliki udele\u017ebi zadovoljnih uporabnikov in interesu za nadaljnje  medsebojne aktivnosti. Udele\u017eba skupin uporabnikov je zelo dobra, v povpre\u010dju se sre\u010danja udele\u017ei 10 uporabnikov. Glede na starostno strukturo je sestava skupin sila raznolika, od mladih pa do upokojencev, ki jih je najve\u010d.<br \/>\nCilji za prihodnje pa ostajajo enaki: nadaljevati z dejavnostjo v zastavljeni in preizku\u0161eni obliki in jo nadalje razvijati, \u0161iriti in ustvarjati nove partnerske vezi in gojiti dobre medinstitucionalne odnose tudi v naslednjih desetletjih.<br \/>\n<figure id=\"attachment_159347\" aria-describedby=\"caption-attachment-159347\" style=\"width: 696px\" class=\"wp-caption aligncenter\"><a href=\"https:\/\/novice.si\/page\/wp-content\/uploads\/2023\/01\/2023_knjiga_OS_05.jpg\" data-gallery><img loading=\"lazy\" decoding=\"async\" src=\"https:\/\/novice.si\/page\/wp-content\/uploads\/2023\/01\/2023_knjiga_OS_05-1024x576.jpg\" alt=\"\" width=\"696\" height=\"392\" class=\"size-large wp-image-159347\" srcset=\"https:\/\/novice.si\/page\/wp-content\/uploads\/2023\/01\/2023_knjiga_OS_05-1024x576.jpg 1024w, https:\/\/novice.si\/page\/wp-content\/uploads\/2023\/01\/2023_knjiga_OS_05-300x169.jpg 300w, https:\/\/novice.si\/page\/wp-content\/uploads\/2023\/01\/2023_knjiga_OS_05-768x432.jpg 768w, https:\/\/novice.si\/page\/wp-content\/uploads\/2023\/01\/2023_knjiga_OS_05-1536x864.jpg 1536w, https:\/\/novice.si\/page\/wp-content\/uploads\/2023\/01\/2023_knjiga_OS_05-696x392.jpg 696w, https:\/\/novice.si\/page\/wp-content\/uploads\/2023\/01\/2023_knjiga_OS_05-1068x601.jpg 1068w, https:\/\/novice.si\/page\/wp-content\/uploads\/2023\/01\/2023_knjiga_OS_05-747x420.jpg 747w, https:\/\/novice.si\/page\/wp-content\/uploads\/2023\/01\/2023_knjiga_OS_05-24x14.jpg 24w, https:\/\/novice.si\/page\/wp-content\/uploads\/2023\/01\/2023_knjiga_OS_05-36x20.jpg 36w, https:\/\/novice.si\/page\/wp-content\/uploads\/2023\/01\/2023_knjiga_OS_05-48x27.jpg 48w, https:\/\/novice.si\/page\/wp-content\/uploads\/2023\/01\/2023_knjiga_OS_05.jpg 2000w\" sizes=\"auto, (max-width: 696px) 100vw, 696px\" \/><\/a><figcaption id=\"caption-attachment-159347\" class=\"wp-caption-text\">Intervizijsko sre\u010danje vodij skupin v knji\u017enici:  maj, 2022<\/figcaption><\/figure><\/p>\n<p style=\"text-align: right;\"><strong>*** oglasno sporo\u010dilo<\/strong><\/p>\n","protected":false},"excerpt":{"rendered":"<p>*** oglasno sporo\u010dilo V Osrednji knji\u017enici Celje \u017ee nekaj let zaznavamo vedno ve\u010djo socialno izklju\u010denost dolo\u010denih skupin ljudi, tako imenovanih ranljivih dru\u017ebenih skupin, med katerimi v na\u0161em okolju zaznavamo predvsem starej\u0161e osebe, osebe z motnjami v du\u0161evnem razvoju, slepe in slabovidne, osebe z okvaro sluha, gibalno ovirane osebe, dolgotrajno bolne osebe, (dolgotrajno) brezposelne osebe, brezdomce [&hellip;]<\/p>\n","protected":false},"author":10,"featured_media":159351,"comment_status":"closed","ping_status":"closed","sticky":false,"template":"","format":"standard","meta":{"footnotes":""},"categories":[14,142,17,2544],"tags":[16950,16953,16955,7407,16956,16952,16958,16959,14178,16951,16954,16957,16960],"class_list":{"0":"post-159343","1":"post","2":"type-post","3":"status-publish","4":"format-standard","5":"has-post-thumbnail","7":"category-aktualno","8":"category-celjan","9":"category-celjsko","10":"category-oglasna-sporocila","11":"tag-bralno-pogovorne-urice","12":"tag-dnevni-center-sent-celje","13":"tag-dom-lupa","14":"tag-dom-ob-savinji","15":"tag-domski-list","16":"tag-drustvo-dren","17":"tag-ifla","18":"tag-medgeneracijski-center-socio","19":"tag-osrednja-knjiznica-celje","20":"tag-pogovorne-urice","21":"tag-sent","22":"tag-unesco","23":"tag-zimzelen-zalec"},"yoast_head":"<!-- This site is optimized with the Yoast SEO plugin v27.4 - https:\/\/yoast.com\/product\/yoast-seo-wordpress\/ -->\n<title>Knjige zdravijo du\u0161o*** - Novice.si<\/title>\n<meta name=\"robots\" content=\"index, follow, max-snippet:-1, max-image-preview:large, max-video-preview:-1\" \/>\n<link rel=\"canonical\" href=\"https:\/\/novice.si\/page\/knjige-zdravijo-duso\/\" \/>\n<meta property=\"og:locale\" content=\"sl_SI\" \/>\n<meta property=\"og:type\" content=\"article\" \/>\n<meta property=\"og:title\" content=\"Knjige zdravijo du\u0161o*** - Novice.si\" \/>\n<meta property=\"og:description\" content=\"*** oglasno sporo\u010dilo V Osrednji knji\u017enici Celje \u017ee nekaj let zaznavamo vedno ve\u010djo socialno izklju\u010denost dolo\u010denih skupin ljudi, tako imenovanih ranljivih dru\u017ebenih skupin, med katerimi v na\u0161em okolju zaznavamo predvsem starej\u0161e osebe, osebe z motnjami v du\u0161evnem razvoju, slepe in slabovidne, osebe z okvaro sluha, gibalno ovirane osebe, dolgotrajno bolne osebe, (dolgotrajno) brezposelne osebe, brezdomce [&hellip;]\" \/>\n<meta property=\"og:url\" content=\"https:\/\/novice.si\/page\/knjige-zdravijo-duso\/\" \/>\n<meta property=\"og:site_name\" content=\"Novice.si\" \/>\n<meta property=\"article:published_time\" content=\"2023-01-28T06:00:08+00:00\" \/>\n<meta property=\"article:modified_time\" content=\"2023-01-28T06:23:39+00:00\" \/>\n<meta property=\"og:image\" content=\"https:\/\/novice.si\/page\/wp-content\/uploads\/2023\/01\/2023_knjiga_OS_01.jpg\" \/>\n\t<meta property=\"og:image:width\" content=\"1332\" \/>\n\t<meta property=\"og:image:height\" content=\"869\" \/>\n\t<meta property=\"og:image:type\" content=\"image\/jpeg\" \/>\n<meta name=\"author\" content=\"Iztok Krajnc\" \/>\n<meta name=\"twitter:card\" content=\"summary_large_image\" \/>\n<meta name=\"twitter:label1\" content=\"Written by\" \/>\n\t<meta name=\"twitter:data1\" content=\"Iztok Krajnc\" \/>\n\t<meta name=\"twitter:label2\" content=\"Est. reading time\" \/>\n\t<meta name=\"twitter:data2\" content=\"10 minut\" \/>\n<script type=\"application\/ld+json\" class=\"yoast-schema-graph\">{\"@context\":\"https:\\\/\\\/schema.org\",\"@graph\":[{\"@type\":\"Article\",\"@id\":\"https:\\\/\\\/novice.si\\\/page\\\/knjige-zdravijo-duso\\\/#article\",\"isPartOf\":{\"@id\":\"https:\\\/\\\/novice.si\\\/page\\\/knjige-zdravijo-duso\\\/\"},\"author\":{\"name\":\"Iztok Krajnc\",\"@id\":\"https:\\\/\\\/novice.si\\\/page\\\/#\\\/schema\\\/person\\\/92fda8564875f655675c886e4df22216\"},\"headline\":\"Knjige zdravijo du\u0161o***\",\"datePublished\":\"2023-01-28T06:00:08+00:00\",\"dateModified\":\"2023-01-28T06:23:39+00:00\",\"mainEntityOfPage\":{\"@id\":\"https:\\\/\\\/novice.si\\\/page\\\/knjige-zdravijo-duso\\\/\"},\"wordCount\":1711,\"publisher\":{\"@id\":\"https:\\\/\\\/novice.si\\\/page\\\/#organization\"},\"image\":{\"@id\":\"https:\\\/\\\/novice.si\\\/page\\\/knjige-zdravijo-duso\\\/#primaryimage\"},\"thumbnailUrl\":\"https:\\\/\\\/novice.si\\\/page\\\/wp-content\\\/uploads\\\/2023\\\/01\\\/2023_knjiga_OS_01.jpg\",\"keywords\":[\"bralno-pogovorne urice\",\"dnevni center \u0161ent celje\",\"dom lupa\",\"Dom ob Savinji\",\"domski list\",\"dru\u0161tvo dren\",\"ifla\",\"medgeneracijski center socio\",\"Osrednja knji\u017enica Celje\",\"pogovorne urice\",\"\u0161ent\",\"unesco\",\"zimzelen \u017ealec\"],\"articleSection\":[\"Aktualno\",\"Celjan\",\"Celjsko\",\"Oglasna sporo\u010dila\"],\"inLanguage\":\"sl-SI\"},{\"@type\":\"WebPage\",\"@id\":\"https:\\\/\\\/novice.si\\\/page\\\/knjige-zdravijo-duso\\\/\",\"url\":\"https:\\\/\\\/novice.si\\\/page\\\/knjige-zdravijo-duso\\\/\",\"name\":\"Knjige zdravijo du\u0161o*** - Novice.si\",\"isPartOf\":{\"@id\":\"https:\\\/\\\/novice.si\\\/page\\\/#website\"},\"primaryImageOfPage\":{\"@id\":\"https:\\\/\\\/novice.si\\\/page\\\/knjige-zdravijo-duso\\\/#primaryimage\"},\"image\":{\"@id\":\"https:\\\/\\\/novice.si\\\/page\\\/knjige-zdravijo-duso\\\/#primaryimage\"},\"thumbnailUrl\":\"https:\\\/\\\/novice.si\\\/page\\\/wp-content\\\/uploads\\\/2023\\\/01\\\/2023_knjiga_OS_01.jpg\",\"datePublished\":\"2023-01-28T06:00:08+00:00\",\"dateModified\":\"2023-01-28T06:23:39+00:00\",\"breadcrumb\":{\"@id\":\"https:\\\/\\\/novice.si\\\/page\\\/knjige-zdravijo-duso\\\/#breadcrumb\"},\"inLanguage\":\"sl-SI\",\"potentialAction\":[{\"@type\":\"ReadAction\",\"target\":[\"https:\\\/\\\/novice.si\\\/page\\\/knjige-zdravijo-duso\\\/\"]}]},{\"@type\":\"ImageObject\",\"inLanguage\":\"sl-SI\",\"@id\":\"https:\\\/\\\/novice.si\\\/page\\\/knjige-zdravijo-duso\\\/#primaryimage\",\"url\":\"https:\\\/\\\/novice.si\\\/page\\\/wp-content\\\/uploads\\\/2023\\\/01\\\/2023_knjiga_OS_01.jpg\",\"contentUrl\":\"https:\\\/\\\/novice.si\\\/page\\\/wp-content\\\/uploads\\\/2023\\\/01\\\/2023_knjiga_OS_01.jpg\",\"width\":1332,\"height\":869,\"caption\":\"Bralno-pogovorna urica v knji\u017enici na Oddelku Glasba\\\/film, november 2019\"},{\"@type\":\"BreadcrumbList\",\"@id\":\"https:\\\/\\\/novice.si\\\/page\\\/knjige-zdravijo-duso\\\/#breadcrumb\",\"itemListElement\":[{\"@type\":\"ListItem\",\"position\":1,\"name\":\"Home\",\"item\":\"https:\\\/\\\/novice.si\\\/page\\\/\"},{\"@type\":\"ListItem\",\"position\":2,\"name\":\"Knjige zdravijo du\u0161o***\"}]},{\"@type\":\"WebSite\",\"@id\":\"https:\\\/\\\/novice.si\\\/page\\\/#website\",\"url\":\"https:\\\/\\\/novice.si\\\/page\\\/\",\"name\":\"Novice.si\",\"description\":\"\",\"publisher\":{\"@id\":\"https:\\\/\\\/novice.si\\\/page\\\/#organization\"},\"potentialAction\":[{\"@type\":\"SearchAction\",\"target\":{\"@type\":\"EntryPoint\",\"urlTemplate\":\"https:\\\/\\\/novice.si\\\/page\\\/?s={search_term_string}\"},\"query-input\":{\"@type\":\"PropertyValueSpecification\",\"valueRequired\":true,\"valueName\":\"search_term_string\"}}],\"inLanguage\":\"sl-SI\"},{\"@type\":\"Organization\",\"@id\":\"https:\\\/\\\/novice.si\\\/page\\\/#organization\",\"name\":\"Novice.si\",\"url\":\"https:\\\/\\\/novice.si\\\/page\\\/\",\"logo\":{\"@type\":\"ImageObject\",\"inLanguage\":\"sl-SI\",\"@id\":\"https:\\\/\\\/novice.si\\\/page\\\/#\\\/schema\\\/logo\\\/image\\\/\",\"url\":\"https:\\\/\\\/novice.si\\\/page\\\/wp-content\\\/uploads\\\/2023\\\/03\\\/novice_si.png\",\"contentUrl\":\"https:\\\/\\\/novice.si\\\/page\\\/wp-content\\\/uploads\\\/2023\\\/03\\\/novice_si.png\",\"width\":576,\"height\":200,\"caption\":\"Novice.si\"},\"image\":{\"@id\":\"https:\\\/\\\/novice.si\\\/page\\\/#\\\/schema\\\/logo\\\/image\\\/\"}},{\"@type\":\"Person\",\"@id\":\"https:\\\/\\\/novice.si\\\/page\\\/#\\\/schema\\\/person\\\/92fda8564875f655675c886e4df22216\",\"name\":\"Iztok Krajnc\",\"image\":{\"@type\":\"ImageObject\",\"inLanguage\":\"sl-SI\",\"@id\":\"https:\\\/\\\/secure.gravatar.com\\\/avatar\\\/2790ff125f883a5a9cb934a574322d28ea850f8f4494d77b487c1950e0096015?s=96&d=mm&r=g\",\"url\":\"https:\\\/\\\/secure.gravatar.com\\\/avatar\\\/2790ff125f883a5a9cb934a574322d28ea850f8f4494d77b487c1950e0096015?s=96&d=mm&r=g\",\"contentUrl\":\"https:\\\/\\\/secure.gravatar.com\\\/avatar\\\/2790ff125f883a5a9cb934a574322d28ea850f8f4494d77b487c1950e0096015?s=96&d=mm&r=g\",\"caption\":\"Iztok Krajnc\"},\"url\":\"https:\\\/\\\/novice.si\\\/page\\\/author\\\/iztok\\\/\"}]}<\/script>\n<!-- \/ Yoast SEO plugin. -->","yoast_head_json":{"title":"Knjige zdravijo du\u0161o*** - Novice.si","robots":{"index":"index","follow":"follow","max-snippet":"max-snippet:-1","max-image-preview":"max-image-preview:large","max-video-preview":"max-video-preview:-1"},"canonical":"https:\/\/novice.si\/page\/knjige-zdravijo-duso\/","og_locale":"sl_SI","og_type":"article","og_title":"Knjige zdravijo du\u0161o*** - Novice.si","og_description":"*** oglasno sporo\u010dilo V Osrednji knji\u017enici Celje \u017ee nekaj let zaznavamo vedno ve\u010djo socialno izklju\u010denost dolo\u010denih skupin ljudi, tako imenovanih ranljivih dru\u017ebenih skupin, med katerimi v na\u0161em okolju zaznavamo predvsem starej\u0161e osebe, osebe z motnjami v du\u0161evnem razvoju, slepe in slabovidne, osebe z okvaro sluha, gibalno ovirane osebe, dolgotrajno bolne osebe, (dolgotrajno) brezposelne osebe, brezdomce [&hellip;]","og_url":"https:\/\/novice.si\/page\/knjige-zdravijo-duso\/","og_site_name":"Novice.si","article_published_time":"2023-01-28T06:00:08+00:00","article_modified_time":"2023-01-28T06:23:39+00:00","og_image":[{"width":1332,"height":869,"url":"https:\/\/novice.si\/page\/wp-content\/uploads\/2023\/01\/2023_knjiga_OS_01.jpg","type":"image\/jpeg"}],"author":"Iztok Krajnc","twitter_card":"summary_large_image","twitter_misc":{"Written by":"Iztok Krajnc","Est. reading time":"10 minut"},"schema":{"@context":"https:\/\/schema.org","@graph":[{"@type":"Article","@id":"https:\/\/novice.si\/page\/knjige-zdravijo-duso\/#article","isPartOf":{"@id":"https:\/\/novice.si\/page\/knjige-zdravijo-duso\/"},"author":{"name":"Iztok Krajnc","@id":"https:\/\/novice.si\/page\/#\/schema\/person\/92fda8564875f655675c886e4df22216"},"headline":"Knjige zdravijo du\u0161o***","datePublished":"2023-01-28T06:00:08+00:00","dateModified":"2023-01-28T06:23:39+00:00","mainEntityOfPage":{"@id":"https:\/\/novice.si\/page\/knjige-zdravijo-duso\/"},"wordCount":1711,"publisher":{"@id":"https:\/\/novice.si\/page\/#organization"},"image":{"@id":"https:\/\/novice.si\/page\/knjige-zdravijo-duso\/#primaryimage"},"thumbnailUrl":"https:\/\/novice.si\/page\/wp-content\/uploads\/2023\/01\/2023_knjiga_OS_01.jpg","keywords":["bralno-pogovorne urice","dnevni center \u0161ent celje","dom lupa","Dom ob Savinji","domski list","dru\u0161tvo dren","ifla","medgeneracijski center socio","Osrednja knji\u017enica Celje","pogovorne urice","\u0161ent","unesco","zimzelen \u017ealec"],"articleSection":["Aktualno","Celjan","Celjsko","Oglasna sporo\u010dila"],"inLanguage":"sl-SI"},{"@type":"WebPage","@id":"https:\/\/novice.si\/page\/knjige-zdravijo-duso\/","url":"https:\/\/novice.si\/page\/knjige-zdravijo-duso\/","name":"Knjige zdravijo du\u0161o*** - Novice.si","isPartOf":{"@id":"https:\/\/novice.si\/page\/#website"},"primaryImageOfPage":{"@id":"https:\/\/novice.si\/page\/knjige-zdravijo-duso\/#primaryimage"},"image":{"@id":"https:\/\/novice.si\/page\/knjige-zdravijo-duso\/#primaryimage"},"thumbnailUrl":"https:\/\/novice.si\/page\/wp-content\/uploads\/2023\/01\/2023_knjiga_OS_01.jpg","datePublished":"2023-01-28T06:00:08+00:00","dateModified":"2023-01-28T06:23:39+00:00","breadcrumb":{"@id":"https:\/\/novice.si\/page\/knjige-zdravijo-duso\/#breadcrumb"},"inLanguage":"sl-SI","potentialAction":[{"@type":"ReadAction","target":["https:\/\/novice.si\/page\/knjige-zdravijo-duso\/"]}]},{"@type":"ImageObject","inLanguage":"sl-SI","@id":"https:\/\/novice.si\/page\/knjige-zdravijo-duso\/#primaryimage","url":"https:\/\/novice.si\/page\/wp-content\/uploads\/2023\/01\/2023_knjiga_OS_01.jpg","contentUrl":"https:\/\/novice.si\/page\/wp-content\/uploads\/2023\/01\/2023_knjiga_OS_01.jpg","width":1332,"height":869,"caption":"Bralno-pogovorna urica v knji\u017enici na Oddelku Glasba\/film, november 2019"},{"@type":"BreadcrumbList","@id":"https:\/\/novice.si\/page\/knjige-zdravijo-duso\/#breadcrumb","itemListElement":[{"@type":"ListItem","position":1,"name":"Home","item":"https:\/\/novice.si\/page\/"},{"@type":"ListItem","position":2,"name":"Knjige zdravijo du\u0161o***"}]},{"@type":"WebSite","@id":"https:\/\/novice.si\/page\/#website","url":"https:\/\/novice.si\/page\/","name":"Novice.si","description":"","publisher":{"@id":"https:\/\/novice.si\/page\/#organization"},"potentialAction":[{"@type":"SearchAction","target":{"@type":"EntryPoint","urlTemplate":"https:\/\/novice.si\/page\/?s={search_term_string}"},"query-input":{"@type":"PropertyValueSpecification","valueRequired":true,"valueName":"search_term_string"}}],"inLanguage":"sl-SI"},{"@type":"Organization","@id":"https:\/\/novice.si\/page\/#organization","name":"Novice.si","url":"https:\/\/novice.si\/page\/","logo":{"@type":"ImageObject","inLanguage":"sl-SI","@id":"https:\/\/novice.si\/page\/#\/schema\/logo\/image\/","url":"https:\/\/novice.si\/page\/wp-content\/uploads\/2023\/03\/novice_si.png","contentUrl":"https:\/\/novice.si\/page\/wp-content\/uploads\/2023\/03\/novice_si.png","width":576,"height":200,"caption":"Novice.si"},"image":{"@id":"https:\/\/novice.si\/page\/#\/schema\/logo\/image\/"}},{"@type":"Person","@id":"https:\/\/novice.si\/page\/#\/schema\/person\/92fda8564875f655675c886e4df22216","name":"Iztok Krajnc","image":{"@type":"ImageObject","inLanguage":"sl-SI","@id":"https:\/\/secure.gravatar.com\/avatar\/2790ff125f883a5a9cb934a574322d28ea850f8f4494d77b487c1950e0096015?s=96&d=mm&r=g","url":"https:\/\/secure.gravatar.com\/avatar\/2790ff125f883a5a9cb934a574322d28ea850f8f4494d77b487c1950e0096015?s=96&d=mm&r=g","contentUrl":"https:\/\/secure.gravatar.com\/avatar\/2790ff125f883a5a9cb934a574322d28ea850f8f4494d77b487c1950e0096015?s=96&d=mm&r=g","caption":"Iztok Krajnc"},"url":"https:\/\/novice.si\/page\/author\/iztok\/"}]}},"_links":{"self":[{"href":"https:\/\/novice.si\/page\/wp-json\/wp\/v2\/posts\/159343","targetHints":{"allow":["GET"]}}],"collection":[{"href":"https:\/\/novice.si\/page\/wp-json\/wp\/v2\/posts"}],"about":[{"href":"https:\/\/novice.si\/page\/wp-json\/wp\/v2\/types\/post"}],"author":[{"embeddable":true,"href":"https:\/\/novice.si\/page\/wp-json\/wp\/v2\/users\/10"}],"replies":[{"embeddable":true,"href":"https:\/\/novice.si\/page\/wp-json\/wp\/v2\/comments?post=159343"}],"version-history":[{"count":8,"href":"https:\/\/novice.si\/page\/wp-json\/wp\/v2\/posts\/159343\/revisions"}],"predecessor-version":[{"id":159356,"href":"https:\/\/novice.si\/page\/wp-json\/wp\/v2\/posts\/159343\/revisions\/159356"}],"wp:featuredmedia":[{"embeddable":true,"href":"https:\/\/novice.si\/page\/wp-json\/wp\/v2\/media\/159351"}],"wp:attachment":[{"href":"https:\/\/novice.si\/page\/wp-json\/wp\/v2\/media?parent=159343"}],"wp:term":[{"taxonomy":"category","embeddable":true,"href":"https:\/\/novice.si\/page\/wp-json\/wp\/v2\/categories?post=159343"},{"taxonomy":"post_tag","embeddable":true,"href":"https:\/\/novice.si\/page\/wp-json\/wp\/v2\/tags?post=159343"}],"curies":[{"name":"wp","href":"https:\/\/api.w.org\/{rel}","templated":true}]}}