{"id":159338,"date":"2023-01-27T13:09:45","date_gmt":"2023-01-27T12:09:45","guid":{"rendered":"https:\/\/novice.si\/page\/?p=159338"},"modified":"2023-01-27T13:09:45","modified_gmt":"2023-01-27T12:09:45","slug":"celje-nasilen-pacient-napadel-in-ranil-radiologa-in-sestro","status":"publish","type":"post","link":"https:\/\/novice.si\/page\/celje-nasilen-pacient-napadel-in-ranil-radiologa-in-sestro\/","title":{"rendered":"CELJE Nasilen pacient napadel in ranil radiologa in sestro"},"content":{"rendered":"<p>Policija \u0161e preiskuje okoli\u0161\u010dine sredinega fizi\u010dnega napada pacienta v celjskem urgentnem centru, ko je v \u010dakalnici kirur\u0161ke urgence ranil radiolo\u0161kega in\u017eenirja in medicinsko sestro.<\/p>\n<p>V celj<a href=\"https:\/\/novice.si\/page\/wp-content\/uploads\/2023\/01\/SBC-Komadina-Kovacic-3-scaled.jpg\" data-gallery><img loading=\"lazy\" decoding=\"async\" class=\"size-medium wp-image-159340 alignleft\" src=\"https:\/\/novice.si\/page\/wp-content\/uploads\/2023\/01\/SBC-Komadina-Kovacic-3-300x225.jpg\" alt=\"\" width=\"300\" height=\"225\" srcset=\"https:\/\/novice.si\/page\/wp-content\/uploads\/2023\/01\/SBC-Komadina-Kovacic-3-300x225.jpg 300w, https:\/\/novice.si\/page\/wp-content\/uploads\/2023\/01\/SBC-Komadina-Kovacic-3-1024x768.jpg 1024w, https:\/\/novice.si\/page\/wp-content\/uploads\/2023\/01\/SBC-Komadina-Kovacic-3-768x576.jpg 768w, https:\/\/novice.si\/page\/wp-content\/uploads\/2023\/01\/SBC-Komadina-Kovacic-3-1536x1152.jpg 1536w, https:\/\/novice.si\/page\/wp-content\/uploads\/2023\/01\/SBC-Komadina-Kovacic-3-2048x1536.jpg 2048w, https:\/\/novice.si\/page\/wp-content\/uploads\/2023\/01\/SBC-Komadina-Kovacic-3-80x60.jpg 80w, https:\/\/novice.si\/page\/wp-content\/uploads\/2023\/01\/SBC-Komadina-Kovacic-3-265x198.jpg 265w, https:\/\/novice.si\/page\/wp-content\/uploads\/2023\/01\/SBC-Komadina-Kovacic-3-696x522.jpg 696w, https:\/\/novice.si\/page\/wp-content\/uploads\/2023\/01\/SBC-Komadina-Kovacic-3-1068x801.jpg 1068w, https:\/\/novice.si\/page\/wp-content\/uploads\/2023\/01\/SBC-Komadina-Kovacic-3-560x420.jpg 560w, https:\/\/novice.si\/page\/wp-content\/uploads\/2023\/01\/SBC-Komadina-Kovacic-3-24x18.jpg 24w, https:\/\/novice.si\/page\/wp-content\/uploads\/2023\/01\/SBC-Komadina-Kovacic-3-36x27.jpg 36w, https:\/\/novice.si\/page\/wp-content\/uploads\/2023\/01\/SBC-Komadina-Kovacic-3-48x36.jpg 48w\" sizes=\"auto, (max-width: 300px) 100vw, 300px\" \/><\/a>ski bolni\u0161nici so dopoldne navedli nekaj podrobnosti, pri tem pa izpostavili, da bolni\u0161ni\u010dne \u010dakalnice nikakor niso prostor, kjer bi re\u0161evali tegobe slovenskega zdravstva, predvsem pa jih v zvezi z dogodkom skrbijo privo\u0161\u010dljivi komentarji na dru\u017ebenih omre\u017ejih.<\/p>\n<p>\u00bbPacient je nekaj po \u0161esti uri \u010dakal na urgentno obravnavo. O\u010ditno s tretmajem ni bil zadovoljen, natan\u010dnega razloga ne poznamo, saj z njim nismo komunicirali\u00ab, opisuje vr\u0161ilec dol\u017enosti direktorja bolni\u0161nice dr. <strong>Dragan Kova\u010di\u010d<\/strong>. Zdravnika je s \u010delom udaril v nos, sestri je po\u0161kodoval prste in ji povzro\u010dil hud stres, kar je posledi\u010dno privedlo do infarkta, ki bi zanjo lahko bil usoden. Zadr\u017eali so jo v bolni\u0161ni\u010dni oskrbi.<\/p>\n<p>V bolni\u0161nici so prepri\u010dani, da bi morali vsako nasilje odlo\u010dno obsoditi, izpostavljene skupine<a href=\"https:\/\/novice.si\/page\/wp-content\/uploads\/2022\/10\/SBCokt2012-017-scaled.jpg\" data-gallery><img loading=\"lazy\" decoding=\"async\" class=\"size-medium wp-image-155533 alignright\" src=\"https:\/\/novice.si\/page\/wp-content\/uploads\/2022\/10\/SBCokt2012-017-300x225.jpg\" alt=\"SB Celje\" width=\"300\" height=\"225\" srcset=\"https:\/\/novice.si\/page\/wp-content\/uploads\/2022\/10\/SBCokt2012-017-300x225.jpg 300w, https:\/\/novice.si\/page\/wp-content\/uploads\/2022\/10\/SBCokt2012-017-1024x768.jpg 1024w, https:\/\/novice.si\/page\/wp-content\/uploads\/2022\/10\/SBCokt2012-017-768x576.jpg 768w, https:\/\/novice.si\/page\/wp-content\/uploads\/2022\/10\/SBCokt2012-017-1536x1152.jpg 1536w, https:\/\/novice.si\/page\/wp-content\/uploads\/2022\/10\/SBCokt2012-017-2048x1536.jpg 2048w, https:\/\/novice.si\/page\/wp-content\/uploads\/2022\/10\/SBCokt2012-017-80x60.jpg 80w, https:\/\/novice.si\/page\/wp-content\/uploads\/2022\/10\/SBCokt2012-017-265x198.jpg 265w, https:\/\/novice.si\/page\/wp-content\/uploads\/2022\/10\/SBCokt2012-017-696x522.jpg 696w, https:\/\/novice.si\/page\/wp-content\/uploads\/2022\/10\/SBCokt2012-017-1068x801.jpg 1068w, https:\/\/novice.si\/page\/wp-content\/uploads\/2022\/10\/SBCokt2012-017-560x420.jpg 560w, https:\/\/novice.si\/page\/wp-content\/uploads\/2022\/10\/SBCokt2012-017-24x18.jpg 24w, https:\/\/novice.si\/page\/wp-content\/uploads\/2022\/10\/SBCokt2012-017-36x27.jpg 36w, https:\/\/novice.si\/page\/wp-content\/uploads\/2022\/10\/SBCokt2012-017-48x36.jpg 48w\" sizes=\"auto, (max-width: 300px) 100vw, 300px\" \/><\/a> pa zavarovati. Vr\u0161ilec dol\u017enosti strokovnega direktorja celjske bolni\u0161nice dr. <strong>Radko Komadina<\/strong> izpostavlja, da je bolnik v \u010dakalnico urgentne kirurgije pri\u0161el s te\u017eavo, ki bi jo lahko odpravil pri svojem zdravniku.<\/p>\n<p>S tem pa v ospredje prihaja \u0161ir\u0161a problematika delovanja urgentnih centrov. \u00bbSku\u0161amo razumeti, da ljudje obisk urgentnega centra dojemajo kot neke vrste psevdo-zdravstveni dom, kar ta nikakor ni. To temelji na ugotovitvah tistih, ki v dr\u017eavi vodijo projekt urgentnih centrov. Kar 70 odstotkov tam obravnavanih ljudi je na napa\u010dnem mestu. Seveda pa razumemo, da potem, ko zbolijo ali se po\u0161kodujejo, i\u0161\u010dejo pomo\u010d na tistih to\u010dkah, ki so namenjene pacientom z infarkti, iz prometnih nesre\u010d, s septi\u010dnimi \u0161oki in podobno.\u00ab<\/p>\n<p>P\u0160<\/p>\n","protected":false},"excerpt":{"rendered":"<p>Policija \u0161e preiskuje okoli\u0161\u010dine sredinega fizi\u010dnega napada pacienta v celjskem urgentnem centru, ko je v \u010dakalnici kirur\u0161ke urgence ranil radiolo\u0161kega in\u017eenirja in medicinsko sestro. V celjski bolni\u0161nici so dopoldne navedli nekaj podrobnosti, pri tem pa izpostavili, da bolni\u0161ni\u010dne \u010dakalnice nikakor niso prostor, kjer bi re\u0161evali tegobe slovenskega zdravstva, predvsem pa jih v zvezi z dogodkom [&hellip;]<\/p>\n","protected":false},"author":33,"featured_media":159341,"comment_status":"closed","ping_status":"closed","sticky":false,"template":"","format":"standard","meta":{"footnotes":""},"categories":[14,17,29],"tags":[10747,16949,16948,13496,3733,16947],"class_list":{"0":"post-159338","1":"post","2":"type-post","3":"status-publish","4":"format-standard","5":"has-post-thumbnail","7":"category-aktualno","8":"category-celjsko","9":"category-kronika","10":"tag-dragan-kovacic","11":"tag-napad-na-zdravstvena-delavca","12":"tag-nasilni-pacient","13":"tag-radko-komadina","14":"tag-sbc","15":"tag-urgenca"},"yoast_head":"<!-- This site is optimized with the Yoast SEO plugin v27.4 - https:\/\/yoast.com\/product\/yoast-seo-wordpress\/ -->\n<title>CELJE Nasilen pacient napadel in ranil radiologa in sestro - Novice.si<\/title>\n<meta name=\"robots\" content=\"index, follow, max-snippet:-1, max-image-preview:large, max-video-preview:-1\" \/>\n<link rel=\"canonical\" href=\"https:\/\/novice.si\/page\/celje-nasilen-pacient-napadel-in-ranil-radiologa-in-sestro\/\" \/>\n<meta property=\"og:locale\" content=\"sl_SI\" \/>\n<meta property=\"og:type\" content=\"article\" \/>\n<meta property=\"og:title\" content=\"CELJE Nasilen pacient napadel in ranil radiologa in sestro - Novice.si\" \/>\n<meta property=\"og:description\" content=\"Policija \u0161e preiskuje okoli\u0161\u010dine sredinega fizi\u010dnega napada pacienta v celjskem urgentnem centru, ko je v \u010dakalnici kirur\u0161ke urgence ranil radiolo\u0161kega in\u017eenirja in medicinsko sestro. V celjski bolni\u0161nici so dopoldne navedli nekaj podrobnosti, pri tem pa izpostavili, da bolni\u0161ni\u010dne \u010dakalnice nikakor niso prostor, kjer bi re\u0161evali tegobe slovenskega zdravstva, predvsem pa jih v zvezi z dogodkom [&hellip;]\" \/>\n<meta property=\"og:url\" content=\"https:\/\/novice.si\/page\/celje-nasilen-pacient-napadel-in-ranil-radiologa-in-sestro\/\" \/>\n<meta property=\"og:site_name\" content=\"Novice.si\" \/>\n<meta property=\"article:published_time\" content=\"2023-01-27T12:09:45+00:00\" \/>\n<meta property=\"og:image\" content=\"https:\/\/novice.si\/page\/wp-content\/uploads\/2023\/01\/SBC-Komadina-Kovacic-1-scaled.jpg\" \/>\n\t<meta property=\"og:image:width\" content=\"2560\" \/>\n\t<meta property=\"og:image:height\" content=\"1920\" \/>\n\t<meta property=\"og:image:type\" content=\"image\/jpeg\" \/>\n<meta name=\"author\" content=\"Uredni\u0161tvo Celjana\" \/>\n<meta name=\"twitter:card\" content=\"summary_large_image\" \/>\n<meta name=\"twitter:label1\" content=\"Written by\" \/>\n\t<meta name=\"twitter:data1\" content=\"Uredni\u0161tvo Celjana\" \/>\n\t<meta name=\"twitter:label2\" content=\"Est. reading time\" \/>\n\t<meta name=\"twitter:data2\" content=\"2 minuti\" \/>\n<script type=\"application\/ld+json\" class=\"yoast-schema-graph\">{\"@context\":\"https:\\\/\\\/schema.org\",\"@graph\":[{\"@type\":\"Article\",\"@id\":\"https:\\\/\\\/novice.si\\\/page\\\/celje-nasilen-pacient-napadel-in-ranil-radiologa-in-sestro\\\/#article\",\"isPartOf\":{\"@id\":\"https:\\\/\\\/novice.si\\\/page\\\/celje-nasilen-pacient-napadel-in-ranil-radiologa-in-sestro\\\/\"},\"author\":{\"name\":\"Uredni\u0161tvo Celjana\",\"@id\":\"https:\\\/\\\/novice.si\\\/page\\\/#\\\/schema\\\/person\\\/57f25c9642a9541c7349c65d32032c3e\"},\"headline\":\"CELJE Nasilen pacient napadel in ranil radiologa in sestro\",\"datePublished\":\"2023-01-27T12:09:45+00:00\",\"mainEntityOfPage\":{\"@id\":\"https:\\\/\\\/novice.si\\\/page\\\/celje-nasilen-pacient-napadel-in-ranil-radiologa-in-sestro\\\/\"},\"wordCount\":300,\"publisher\":{\"@id\":\"https:\\\/\\\/novice.si\\\/page\\\/#organization\"},\"image\":{\"@id\":\"https:\\\/\\\/novice.si\\\/page\\\/celje-nasilen-pacient-napadel-in-ranil-radiologa-in-sestro\\\/#primaryimage\"},\"thumbnailUrl\":\"https:\\\/\\\/novice.si\\\/page\\\/wp-content\\\/uploads\\\/2023\\\/01\\\/SBC-Komadina-Kovacic-1-scaled.jpg\",\"keywords\":[\"dragan kova\u010di\u0107\",\"napad na zdravstvena delavca\",\"nasilni pacient\",\"Radko Komadina\",\"SBC\",\"urgenca\"],\"articleSection\":[\"Aktualno\",\"Celjsko\",\"Kronika\"],\"inLanguage\":\"sl-SI\"},{\"@type\":\"WebPage\",\"@id\":\"https:\\\/\\\/novice.si\\\/page\\\/celje-nasilen-pacient-napadel-in-ranil-radiologa-in-sestro\\\/\",\"url\":\"https:\\\/\\\/novice.si\\\/page\\\/celje-nasilen-pacient-napadel-in-ranil-radiologa-in-sestro\\\/\",\"name\":\"CELJE Nasilen pacient napadel in ranil radiologa in sestro - Novice.si\",\"isPartOf\":{\"@id\":\"https:\\\/\\\/novice.si\\\/page\\\/#website\"},\"primaryImageOfPage\":{\"@id\":\"https:\\\/\\\/novice.si\\\/page\\\/celje-nasilen-pacient-napadel-in-ranil-radiologa-in-sestro\\\/#primaryimage\"},\"image\":{\"@id\":\"https:\\\/\\\/novice.si\\\/page\\\/celje-nasilen-pacient-napadel-in-ranil-radiologa-in-sestro\\\/#primaryimage\"},\"thumbnailUrl\":\"https:\\\/\\\/novice.si\\\/page\\\/wp-content\\\/uploads\\\/2023\\\/01\\\/SBC-Komadina-Kovacic-1-scaled.jpg\",\"datePublished\":\"2023-01-27T12:09:45+00:00\",\"breadcrumb\":{\"@id\":\"https:\\\/\\\/novice.si\\\/page\\\/celje-nasilen-pacient-napadel-in-ranil-radiologa-in-sestro\\\/#breadcrumb\"},\"inLanguage\":\"sl-SI\",\"potentialAction\":[{\"@type\":\"ReadAction\",\"target\":[\"https:\\\/\\\/novice.si\\\/page\\\/celje-nasilen-pacient-napadel-in-ranil-radiologa-in-sestro\\\/\"]}]},{\"@type\":\"ImageObject\",\"inLanguage\":\"sl-SI\",\"@id\":\"https:\\\/\\\/novice.si\\\/page\\\/celje-nasilen-pacient-napadel-in-ranil-radiologa-in-sestro\\\/#primaryimage\",\"url\":\"https:\\\/\\\/novice.si\\\/page\\\/wp-content\\\/uploads\\\/2023\\\/01\\\/SBC-Komadina-Kovacic-1-scaled.jpg\",\"contentUrl\":\"https:\\\/\\\/novice.si\\\/page\\\/wp-content\\\/uploads\\\/2023\\\/01\\\/SBC-Komadina-Kovacic-1-scaled.jpg\",\"width\":2560,\"height\":1920},{\"@type\":\"BreadcrumbList\",\"@id\":\"https:\\\/\\\/novice.si\\\/page\\\/celje-nasilen-pacient-napadel-in-ranil-radiologa-in-sestro\\\/#breadcrumb\",\"itemListElement\":[{\"@type\":\"ListItem\",\"position\":1,\"name\":\"Home\",\"item\":\"https:\\\/\\\/novice.si\\\/page\\\/\"},{\"@type\":\"ListItem\",\"position\":2,\"name\":\"CELJE Nasilen pacient napadel in ranil radiologa in sestro\"}]},{\"@type\":\"WebSite\",\"@id\":\"https:\\\/\\\/novice.si\\\/page\\\/#website\",\"url\":\"https:\\\/\\\/novice.si\\\/page\\\/\",\"name\":\"Novice.si\",\"description\":\"\",\"publisher\":{\"@id\":\"https:\\\/\\\/novice.si\\\/page\\\/#organization\"},\"potentialAction\":[{\"@type\":\"SearchAction\",\"target\":{\"@type\":\"EntryPoint\",\"urlTemplate\":\"https:\\\/\\\/novice.si\\\/page\\\/?s={search_term_string}\"},\"query-input\":{\"@type\":\"PropertyValueSpecification\",\"valueRequired\":true,\"valueName\":\"search_term_string\"}}],\"inLanguage\":\"sl-SI\"},{\"@type\":\"Organization\",\"@id\":\"https:\\\/\\\/novice.si\\\/page\\\/#organization\",\"name\":\"Novice.si\",\"url\":\"https:\\\/\\\/novice.si\\\/page\\\/\",\"logo\":{\"@type\":\"ImageObject\",\"inLanguage\":\"sl-SI\",\"@id\":\"https:\\\/\\\/novice.si\\\/page\\\/#\\\/schema\\\/logo\\\/image\\\/\",\"url\":\"https:\\\/\\\/novice.si\\\/page\\\/wp-content\\\/uploads\\\/2023\\\/03\\\/novice_si.png\",\"contentUrl\":\"https:\\\/\\\/novice.si\\\/page\\\/wp-content\\\/uploads\\\/2023\\\/03\\\/novice_si.png\",\"width\":576,\"height\":200,\"caption\":\"Novice.si\"},\"image\":{\"@id\":\"https:\\\/\\\/novice.si\\\/page\\\/#\\\/schema\\\/logo\\\/image\\\/\"}},{\"@type\":\"Person\",\"@id\":\"https:\\\/\\\/novice.si\\\/page\\\/#\\\/schema\\\/person\\\/57f25c9642a9541c7349c65d32032c3e\",\"name\":\"Uredni\u0161tvo Celjana\",\"image\":{\"@type\":\"ImageObject\",\"inLanguage\":\"sl-SI\",\"@id\":\"https:\\\/\\\/secure.gravatar.com\\\/avatar\\\/78e52bc4279b65f6df6345e0ef0f7b792d361361f230cf4ffecfe0afe6d5629c?s=96&d=mm&r=g\",\"url\":\"https:\\\/\\\/secure.gravatar.com\\\/avatar\\\/78e52bc4279b65f6df6345e0ef0f7b792d361361f230cf4ffecfe0afe6d5629c?s=96&d=mm&r=g\",\"contentUrl\":\"https:\\\/\\\/secure.gravatar.com\\\/avatar\\\/78e52bc4279b65f6df6345e0ef0f7b792d361361f230cf4ffecfe0afe6d5629c?s=96&d=mm&r=g\",\"caption\":\"Uredni\u0161tvo Celjana\"},\"url\":\"https:\\\/\\\/novice.si\\\/page\\\/author\\\/primoz\\\/\"}]}<\/script>\n<!-- \/ Yoast SEO plugin. -->","yoast_head_json":{"title":"CELJE Nasilen pacient napadel in ranil radiologa in sestro - Novice.si","robots":{"index":"index","follow":"follow","max-snippet":"max-snippet:-1","max-image-preview":"max-image-preview:large","max-video-preview":"max-video-preview:-1"},"canonical":"https:\/\/novice.si\/page\/celje-nasilen-pacient-napadel-in-ranil-radiologa-in-sestro\/","og_locale":"sl_SI","og_type":"article","og_title":"CELJE Nasilen pacient napadel in ranil radiologa in sestro - Novice.si","og_description":"Policija \u0161e preiskuje okoli\u0161\u010dine sredinega fizi\u010dnega napada pacienta v celjskem urgentnem centru, ko je v \u010dakalnici kirur\u0161ke urgence ranil radiolo\u0161kega in\u017eenirja in medicinsko sestro. V celjski bolni\u0161nici so dopoldne navedli nekaj podrobnosti, pri tem pa izpostavili, da bolni\u0161ni\u010dne \u010dakalnice nikakor niso prostor, kjer bi re\u0161evali tegobe slovenskega zdravstva, predvsem pa jih v zvezi z dogodkom [&hellip;]","og_url":"https:\/\/novice.si\/page\/celje-nasilen-pacient-napadel-in-ranil-radiologa-in-sestro\/","og_site_name":"Novice.si","article_published_time":"2023-01-27T12:09:45+00:00","og_image":[{"width":2560,"height":1920,"url":"https:\/\/novice.si\/page\/wp-content\/uploads\/2023\/01\/SBC-Komadina-Kovacic-1-scaled.jpg","type":"image\/jpeg"}],"author":"Uredni\u0161tvo Celjana","twitter_card":"summary_large_image","twitter_misc":{"Written by":"Uredni\u0161tvo Celjana","Est. reading time":"2 minuti"},"schema":{"@context":"https:\/\/schema.org","@graph":[{"@type":"Article","@id":"https:\/\/novice.si\/page\/celje-nasilen-pacient-napadel-in-ranil-radiologa-in-sestro\/#article","isPartOf":{"@id":"https:\/\/novice.si\/page\/celje-nasilen-pacient-napadel-in-ranil-radiologa-in-sestro\/"},"author":{"name":"Uredni\u0161tvo Celjana","@id":"https:\/\/novice.si\/page\/#\/schema\/person\/57f25c9642a9541c7349c65d32032c3e"},"headline":"CELJE Nasilen pacient napadel in ranil radiologa in sestro","datePublished":"2023-01-27T12:09:45+00:00","mainEntityOfPage":{"@id":"https:\/\/novice.si\/page\/celje-nasilen-pacient-napadel-in-ranil-radiologa-in-sestro\/"},"wordCount":300,"publisher":{"@id":"https:\/\/novice.si\/page\/#organization"},"image":{"@id":"https:\/\/novice.si\/page\/celje-nasilen-pacient-napadel-in-ranil-radiologa-in-sestro\/#primaryimage"},"thumbnailUrl":"https:\/\/novice.si\/page\/wp-content\/uploads\/2023\/01\/SBC-Komadina-Kovacic-1-scaled.jpg","keywords":["dragan kova\u010di\u0107","napad na zdravstvena delavca","nasilni pacient","Radko Komadina","SBC","urgenca"],"articleSection":["Aktualno","Celjsko","Kronika"],"inLanguage":"sl-SI"},{"@type":"WebPage","@id":"https:\/\/novice.si\/page\/celje-nasilen-pacient-napadel-in-ranil-radiologa-in-sestro\/","url":"https:\/\/novice.si\/page\/celje-nasilen-pacient-napadel-in-ranil-radiologa-in-sestro\/","name":"CELJE Nasilen pacient napadel in ranil radiologa in sestro - Novice.si","isPartOf":{"@id":"https:\/\/novice.si\/page\/#website"},"primaryImageOfPage":{"@id":"https:\/\/novice.si\/page\/celje-nasilen-pacient-napadel-in-ranil-radiologa-in-sestro\/#primaryimage"},"image":{"@id":"https:\/\/novice.si\/page\/celje-nasilen-pacient-napadel-in-ranil-radiologa-in-sestro\/#primaryimage"},"thumbnailUrl":"https:\/\/novice.si\/page\/wp-content\/uploads\/2023\/01\/SBC-Komadina-Kovacic-1-scaled.jpg","datePublished":"2023-01-27T12:09:45+00:00","breadcrumb":{"@id":"https:\/\/novice.si\/page\/celje-nasilen-pacient-napadel-in-ranil-radiologa-in-sestro\/#breadcrumb"},"inLanguage":"sl-SI","potentialAction":[{"@type":"ReadAction","target":["https:\/\/novice.si\/page\/celje-nasilen-pacient-napadel-in-ranil-radiologa-in-sestro\/"]}]},{"@type":"ImageObject","inLanguage":"sl-SI","@id":"https:\/\/novice.si\/page\/celje-nasilen-pacient-napadel-in-ranil-radiologa-in-sestro\/#primaryimage","url":"https:\/\/novice.si\/page\/wp-content\/uploads\/2023\/01\/SBC-Komadina-Kovacic-1-scaled.jpg","contentUrl":"https:\/\/novice.si\/page\/wp-content\/uploads\/2023\/01\/SBC-Komadina-Kovacic-1-scaled.jpg","width":2560,"height":1920},{"@type":"BreadcrumbList","@id":"https:\/\/novice.si\/page\/celje-nasilen-pacient-napadel-in-ranil-radiologa-in-sestro\/#breadcrumb","itemListElement":[{"@type":"ListItem","position":1,"name":"Home","item":"https:\/\/novice.si\/page\/"},{"@type":"ListItem","position":2,"name":"CELJE Nasilen pacient napadel in ranil radiologa in sestro"}]},{"@type":"WebSite","@id":"https:\/\/novice.si\/page\/#website","url":"https:\/\/novice.si\/page\/","name":"Novice.si","description":"","publisher":{"@id":"https:\/\/novice.si\/page\/#organization"},"potentialAction":[{"@type":"SearchAction","target":{"@type":"EntryPoint","urlTemplate":"https:\/\/novice.si\/page\/?s={search_term_string}"},"query-input":{"@type":"PropertyValueSpecification","valueRequired":true,"valueName":"search_term_string"}}],"inLanguage":"sl-SI"},{"@type":"Organization","@id":"https:\/\/novice.si\/page\/#organization","name":"Novice.si","url":"https:\/\/novice.si\/page\/","logo":{"@type":"ImageObject","inLanguage":"sl-SI","@id":"https:\/\/novice.si\/page\/#\/schema\/logo\/image\/","url":"https:\/\/novice.si\/page\/wp-content\/uploads\/2023\/03\/novice_si.png","contentUrl":"https:\/\/novice.si\/page\/wp-content\/uploads\/2023\/03\/novice_si.png","width":576,"height":200,"caption":"Novice.si"},"image":{"@id":"https:\/\/novice.si\/page\/#\/schema\/logo\/image\/"}},{"@type":"Person","@id":"https:\/\/novice.si\/page\/#\/schema\/person\/57f25c9642a9541c7349c65d32032c3e","name":"Uredni\u0161tvo Celjana","image":{"@type":"ImageObject","inLanguage":"sl-SI","@id":"https:\/\/secure.gravatar.com\/avatar\/78e52bc4279b65f6df6345e0ef0f7b792d361361f230cf4ffecfe0afe6d5629c?s=96&d=mm&r=g","url":"https:\/\/secure.gravatar.com\/avatar\/78e52bc4279b65f6df6345e0ef0f7b792d361361f230cf4ffecfe0afe6d5629c?s=96&d=mm&r=g","contentUrl":"https:\/\/secure.gravatar.com\/avatar\/78e52bc4279b65f6df6345e0ef0f7b792d361361f230cf4ffecfe0afe6d5629c?s=96&d=mm&r=g","caption":"Uredni\u0161tvo Celjana"},"url":"https:\/\/novice.si\/page\/author\/primoz\/"}]}},"_links":{"self":[{"href":"https:\/\/novice.si\/page\/wp-json\/wp\/v2\/posts\/159338","targetHints":{"allow":["GET"]}}],"collection":[{"href":"https:\/\/novice.si\/page\/wp-json\/wp\/v2\/posts"}],"about":[{"href":"https:\/\/novice.si\/page\/wp-json\/wp\/v2\/types\/post"}],"author":[{"embeddable":true,"href":"https:\/\/novice.si\/page\/wp-json\/wp\/v2\/users\/33"}],"replies":[{"embeddable":true,"href":"https:\/\/novice.si\/page\/wp-json\/wp\/v2\/comments?post=159338"}],"version-history":[{"count":1,"href":"https:\/\/novice.si\/page\/wp-json\/wp\/v2\/posts\/159338\/revisions"}],"predecessor-version":[{"id":159342,"href":"https:\/\/novice.si\/page\/wp-json\/wp\/v2\/posts\/159338\/revisions\/159342"}],"wp:featuredmedia":[{"embeddable":true,"href":"https:\/\/novice.si\/page\/wp-json\/wp\/v2\/media\/159341"}],"wp:attachment":[{"href":"https:\/\/novice.si\/page\/wp-json\/wp\/v2\/media?parent=159338"}],"wp:term":[{"taxonomy":"category","embeddable":true,"href":"https:\/\/novice.si\/page\/wp-json\/wp\/v2\/categories?post=159338"},{"taxonomy":"post_tag","embeddable":true,"href":"https:\/\/novice.si\/page\/wp-json\/wp\/v2\/tags?post=159338"}],"curies":[{"name":"wp","href":"https:\/\/api.w.org\/{rel}","templated":true}]}}