{"id":159274,"date":"2023-01-30T10:19:08","date_gmt":"2023-01-30T09:19:08","guid":{"rendered":"https:\/\/novice.si\/page\/?p=159274"},"modified":"2023-01-25T16:21:12","modified_gmt":"2023-01-25T15:21:12","slug":"nominirani-za-prestizno-mednarodno-nagrado","status":"publish","type":"post","link":"https:\/\/novice.si\/page\/nominirani-za-prestizno-mednarodno-nagrado\/","title":{"rendered":"Nominirani za presti\u017eno mednarodno nagrado"},"content":{"rendered":"<p><em><strong><a href=\"https:\/\/novice.si\/page\/wp-content\/uploads\/2023\/01\/posel-1149.jpg\" data-gallery><img loading=\"lazy\" decoding=\"async\" class=\"size-medium wp-image-159275 alignleft\" src=\"https:\/\/novice.si\/page\/wp-content\/uploads\/2023\/01\/posel-1149-300x250.jpg\" alt=\"Kronoterm\" width=\"300\" height=\"250\" srcset=\"https:\/\/novice.si\/page\/wp-content\/uploads\/2023\/01\/posel-1149-300x250.jpg 300w, https:\/\/novice.si\/page\/wp-content\/uploads\/2023\/01\/posel-1149-768x639.jpg 768w, https:\/\/novice.si\/page\/wp-content\/uploads\/2023\/01\/posel-1149-696x579.jpg 696w, https:\/\/novice.si\/page\/wp-content\/uploads\/2023\/01\/posel-1149-505x420.jpg 505w, https:\/\/novice.si\/page\/wp-content\/uploads\/2023\/01\/posel-1149-24x20.jpg 24w, https:\/\/novice.si\/page\/wp-content\/uploads\/2023\/01\/posel-1149-36x30.jpg 36w, https:\/\/novice.si\/page\/wp-content\/uploads\/2023\/01\/posel-1149-48x40.jpg 48w, https:\/\/novice.si\/page\/wp-content\/uploads\/2023\/01\/posel-1149.jpg 945w\" sizes=\"auto, (max-width: 300px) 100vw, 300px\" \/><\/a>Toplotna \u010drpalka.<\/strong> Za presti\u017eno trajnostno nagrado Green Product Award 2023.<\/em><\/p>\n<p>Kakovosti, inovacij in razvojnih uspehov podjetja Kronoterm ne prepoznavajo zgolj njihove stranke, temve\u010d tudi slovenski in mednarodni strokovnjaki. Njihova toplotna \u010drpalka Adapt je prejela \u017ee ogromno razli\u010dnih nagrad in priznanj, tokrat pa je nominirana za presti\u017eno mednarodno nagrado Green Product Award 2023. Strokovna \u017eirija je izmed ve\u010d kot 1.300 kandidatov iz 40 dr\u017eav izbrala 100 nominirancev v 12 kategorijah.<\/p>\n<p><strong>Kategorija stavbne komponente<\/strong><\/p>\n<p>Za mednarodno presti\u017eno nagrado Green Product Award 2023 je bila toplotna \u010drpalka s strani strokovne komisije izbrana v kategoriji stavbne komponente. \u00bbToplotna \u010drpalka Adapt je dober primer kakovosti in strasti, s katerima na\u0161i nominiranci prispevajo k bolj trajnostni prihodnosti,\u00ab je o toplotni \u010drpalki dejal Nils Bader, direktor nagrade Green Product Award.<\/p>\n<p>Podrobnosti o nominaciji in tem izjemnem dose\u017eku, pa si lahko preberete v aktualni \u0161tevilki Celjana, ki vas \u0161e vedno \u010daka na prodajnih mestih.<\/p>\n","protected":false},"excerpt":{"rendered":"<p>Toplotna \u010drpalka. Za presti\u017eno trajnostno nagrado Green Product Award 2023. Kakovosti, inovacij in razvojnih uspehov podjetja Kronoterm ne prepoznavajo zgolj njihove stranke, temve\u010d tudi slovenski in mednarodni strokovnjaki. Njihova toplotna \u010drpalka Adapt je prejela \u017ee ogromno razli\u010dnih nagrad in priznanj, tokrat pa je nominirana za presti\u017eno mednarodno nagrado Green Product Award 2023. Strokovna \u017eirija je [&hellip;]<\/p>\n","protected":false},"author":55,"featured_media":159275,"comment_status":"closed","ping_status":"closed","sticky":false,"template":"","format":"standard","meta":{"footnotes":""},"categories":[14,142,17],"tags":[],"class_list":{"0":"post-159274","1":"post","2":"type-post","3":"status-publish","4":"format-standard","5":"has-post-thumbnail","7":"category-aktualno","8":"category-celjan","9":"category-celjsko"},"yoast_head":"<!-- This site is optimized with the Yoast SEO plugin v27.4 - https:\/\/yoast.com\/product\/yoast-seo-wordpress\/ -->\n<title>Nominirani za presti\u017eno mednarodno nagrado - Novice.si<\/title>\n<meta name=\"robots\" content=\"index, follow, max-snippet:-1, max-image-preview:large, max-video-preview:-1\" \/>\n<link rel=\"canonical\" href=\"https:\/\/novice.si\/page\/nominirani-za-prestizno-mednarodno-nagrado\/\" \/>\n<meta property=\"og:locale\" content=\"sl_SI\" \/>\n<meta property=\"og:type\" content=\"article\" \/>\n<meta property=\"og:title\" content=\"Nominirani za presti\u017eno mednarodno nagrado - Novice.si\" \/>\n<meta property=\"og:description\" content=\"Toplotna \u010drpalka. Za presti\u017eno trajnostno nagrado Green Product Award 2023. Kakovosti, inovacij in razvojnih uspehov podjetja Kronoterm ne prepoznavajo zgolj njihove stranke, temve\u010d tudi slovenski in mednarodni strokovnjaki. Njihova toplotna \u010drpalka Adapt je prejela \u017ee ogromno razli\u010dnih nagrad in priznanj, tokrat pa je nominirana za presti\u017eno mednarodno nagrado Green Product Award 2023. Strokovna \u017eirija je [&hellip;]\" \/>\n<meta property=\"og:url\" content=\"https:\/\/novice.si\/page\/nominirani-za-prestizno-mednarodno-nagrado\/\" \/>\n<meta property=\"og:site_name\" content=\"Novice.si\" \/>\n<meta property=\"article:published_time\" content=\"2023-01-30T09:19:08+00:00\" \/>\n<meta property=\"og:image\" content=\"https:\/\/novice.si\/page\/wp-content\/uploads\/2023\/01\/posel-1149.jpg\" \/>\n\t<meta property=\"og:image:width\" content=\"945\" \/>\n\t<meta property=\"og:image:height\" content=\"786\" \/>\n\t<meta property=\"og:image:type\" content=\"image\/jpeg\" \/>\n<meta name=\"author\" content=\"Uredni\u0161tvo Celjana\" \/>\n<meta name=\"twitter:card\" content=\"summary_large_image\" \/>\n<meta name=\"twitter:label1\" content=\"Written by\" \/>\n\t<meta name=\"twitter:data1\" content=\"Uredni\u0161tvo Celjana\" \/>\n\t<meta name=\"twitter:label2\" content=\"Est. reading time\" \/>\n\t<meta name=\"twitter:data2\" content=\"2 minuti\" \/>\n<script type=\"application\/ld+json\" class=\"yoast-schema-graph\">{\"@context\":\"https:\\\/\\\/schema.org\",\"@graph\":[{\"@type\":\"Article\",\"@id\":\"https:\\\/\\\/novice.si\\\/page\\\/nominirani-za-prestizno-mednarodno-nagrado\\\/#article\",\"isPartOf\":{\"@id\":\"https:\\\/\\\/novice.si\\\/page\\\/nominirani-za-prestizno-mednarodno-nagrado\\\/\"},\"author\":{\"name\":\"Uredni\u0161tvo Celjana\",\"@id\":\"https:\\\/\\\/novice.si\\\/page\\\/#\\\/schema\\\/person\\\/a49f233ef2777ec7b2e8d0662325bb48\"},\"headline\":\"Nominirani za presti\u017eno mednarodno nagrado\",\"datePublished\":\"2023-01-30T09:19:08+00:00\",\"mainEntityOfPage\":{\"@id\":\"https:\\\/\\\/novice.si\\\/page\\\/nominirani-za-prestizno-mednarodno-nagrado\\\/\"},\"wordCount\":152,\"publisher\":{\"@id\":\"https:\\\/\\\/novice.si\\\/page\\\/#organization\"},\"image\":{\"@id\":\"https:\\\/\\\/novice.si\\\/page\\\/nominirani-za-prestizno-mednarodno-nagrado\\\/#primaryimage\"},\"thumbnailUrl\":\"https:\\\/\\\/novice.si\\\/page\\\/wp-content\\\/uploads\\\/2023\\\/01\\\/posel-1149.jpg\",\"articleSection\":[\"Aktualno\",\"Celjan\",\"Celjsko\"],\"inLanguage\":\"sl-SI\"},{\"@type\":\"WebPage\",\"@id\":\"https:\\\/\\\/novice.si\\\/page\\\/nominirani-za-prestizno-mednarodno-nagrado\\\/\",\"url\":\"https:\\\/\\\/novice.si\\\/page\\\/nominirani-za-prestizno-mednarodno-nagrado\\\/\",\"name\":\"Nominirani za presti\u017eno mednarodno nagrado - Novice.si\",\"isPartOf\":{\"@id\":\"https:\\\/\\\/novice.si\\\/page\\\/#website\"},\"primaryImageOfPage\":{\"@id\":\"https:\\\/\\\/novice.si\\\/page\\\/nominirani-za-prestizno-mednarodno-nagrado\\\/#primaryimage\"},\"image\":{\"@id\":\"https:\\\/\\\/novice.si\\\/page\\\/nominirani-za-prestizno-mednarodno-nagrado\\\/#primaryimage\"},\"thumbnailUrl\":\"https:\\\/\\\/novice.si\\\/page\\\/wp-content\\\/uploads\\\/2023\\\/01\\\/posel-1149.jpg\",\"datePublished\":\"2023-01-30T09:19:08+00:00\",\"breadcrumb\":{\"@id\":\"https:\\\/\\\/novice.si\\\/page\\\/nominirani-za-prestizno-mednarodno-nagrado\\\/#breadcrumb\"},\"inLanguage\":\"sl-SI\",\"potentialAction\":[{\"@type\":\"ReadAction\",\"target\":[\"https:\\\/\\\/novice.si\\\/page\\\/nominirani-za-prestizno-mednarodno-nagrado\\\/\"]}]},{\"@type\":\"ImageObject\",\"inLanguage\":\"sl-SI\",\"@id\":\"https:\\\/\\\/novice.si\\\/page\\\/nominirani-za-prestizno-mednarodno-nagrado\\\/#primaryimage\",\"url\":\"https:\\\/\\\/novice.si\\\/page\\\/wp-content\\\/uploads\\\/2023\\\/01\\\/posel-1149.jpg\",\"contentUrl\":\"https:\\\/\\\/novice.si\\\/page\\\/wp-content\\\/uploads\\\/2023\\\/01\\\/posel-1149.jpg\",\"width\":945,\"height\":786,\"caption\":\"Kronoterm\"},{\"@type\":\"BreadcrumbList\",\"@id\":\"https:\\\/\\\/novice.si\\\/page\\\/nominirani-za-prestizno-mednarodno-nagrado\\\/#breadcrumb\",\"itemListElement\":[{\"@type\":\"ListItem\",\"position\":1,\"name\":\"Home\",\"item\":\"https:\\\/\\\/novice.si\\\/page\\\/\"},{\"@type\":\"ListItem\",\"position\":2,\"name\":\"Nominirani za presti\u017eno mednarodno nagrado\"}]},{\"@type\":\"WebSite\",\"@id\":\"https:\\\/\\\/novice.si\\\/page\\\/#website\",\"url\":\"https:\\\/\\\/novice.si\\\/page\\\/\",\"name\":\"Novice.si\",\"description\":\"\",\"publisher\":{\"@id\":\"https:\\\/\\\/novice.si\\\/page\\\/#organization\"},\"potentialAction\":[{\"@type\":\"SearchAction\",\"target\":{\"@type\":\"EntryPoint\",\"urlTemplate\":\"https:\\\/\\\/novice.si\\\/page\\\/?s={search_term_string}\"},\"query-input\":{\"@type\":\"PropertyValueSpecification\",\"valueRequired\":true,\"valueName\":\"search_term_string\"}}],\"inLanguage\":\"sl-SI\"},{\"@type\":\"Organization\",\"@id\":\"https:\\\/\\\/novice.si\\\/page\\\/#organization\",\"name\":\"Novice.si\",\"url\":\"https:\\\/\\\/novice.si\\\/page\\\/\",\"logo\":{\"@type\":\"ImageObject\",\"inLanguage\":\"sl-SI\",\"@id\":\"https:\\\/\\\/novice.si\\\/page\\\/#\\\/schema\\\/logo\\\/image\\\/\",\"url\":\"https:\\\/\\\/novice.si\\\/page\\\/wp-content\\\/uploads\\\/2023\\\/03\\\/novice_si.png\",\"contentUrl\":\"https:\\\/\\\/novice.si\\\/page\\\/wp-content\\\/uploads\\\/2023\\\/03\\\/novice_si.png\",\"width\":576,\"height\":200,\"caption\":\"Novice.si\"},\"image\":{\"@id\":\"https:\\\/\\\/novice.si\\\/page\\\/#\\\/schema\\\/logo\\\/image\\\/\"}},{\"@type\":\"Person\",\"@id\":\"https:\\\/\\\/novice.si\\\/page\\\/#\\\/schema\\\/person\\\/a49f233ef2777ec7b2e8d0662325bb48\",\"name\":\"Uredni\u0161tvo Celjana\",\"image\":{\"@type\":\"ImageObject\",\"inLanguage\":\"sl-SI\",\"@id\":\"https:\\\/\\\/secure.gravatar.com\\\/avatar\\\/7f7863e616af8f92806c638dd1db3f1a238d83d1cc2ec3100afc06fbb7eb303f?s=96&d=mm&r=g\",\"url\":\"https:\\\/\\\/secure.gravatar.com\\\/avatar\\\/7f7863e616af8f92806c638dd1db3f1a238d83d1cc2ec3100afc06fbb7eb303f?s=96&d=mm&r=g\",\"contentUrl\":\"https:\\\/\\\/secure.gravatar.com\\\/avatar\\\/7f7863e616af8f92806c638dd1db3f1a238d83d1cc2ec3100afc06fbb7eb303f?s=96&d=mm&r=g\",\"caption\":\"Uredni\u0161tvo Celjana\"},\"url\":\"https:\\\/\\\/novice.si\\\/page\\\/author\\\/maja\\\/\"}]}<\/script>\n<!-- \/ Yoast SEO plugin. -->","yoast_head_json":{"title":"Nominirani za presti\u017eno mednarodno nagrado - Novice.si","robots":{"index":"index","follow":"follow","max-snippet":"max-snippet:-1","max-image-preview":"max-image-preview:large","max-video-preview":"max-video-preview:-1"},"canonical":"https:\/\/novice.si\/page\/nominirani-za-prestizno-mednarodno-nagrado\/","og_locale":"sl_SI","og_type":"article","og_title":"Nominirani za presti\u017eno mednarodno nagrado - Novice.si","og_description":"Toplotna \u010drpalka. Za presti\u017eno trajnostno nagrado Green Product Award 2023. Kakovosti, inovacij in razvojnih uspehov podjetja Kronoterm ne prepoznavajo zgolj njihove stranke, temve\u010d tudi slovenski in mednarodni strokovnjaki. Njihova toplotna \u010drpalka Adapt je prejela \u017ee ogromno razli\u010dnih nagrad in priznanj, tokrat pa je nominirana za presti\u017eno mednarodno nagrado Green Product Award 2023. Strokovna \u017eirija je [&hellip;]","og_url":"https:\/\/novice.si\/page\/nominirani-za-prestizno-mednarodno-nagrado\/","og_site_name":"Novice.si","article_published_time":"2023-01-30T09:19:08+00:00","og_image":[{"width":945,"height":786,"url":"https:\/\/novice.si\/page\/wp-content\/uploads\/2023\/01\/posel-1149.jpg","type":"image\/jpeg"}],"author":"Uredni\u0161tvo Celjana","twitter_card":"summary_large_image","twitter_misc":{"Written by":"Uredni\u0161tvo Celjana","Est. reading time":"2 minuti"},"schema":{"@context":"https:\/\/schema.org","@graph":[{"@type":"Article","@id":"https:\/\/novice.si\/page\/nominirani-za-prestizno-mednarodno-nagrado\/#article","isPartOf":{"@id":"https:\/\/novice.si\/page\/nominirani-za-prestizno-mednarodno-nagrado\/"},"author":{"name":"Uredni\u0161tvo Celjana","@id":"https:\/\/novice.si\/page\/#\/schema\/person\/a49f233ef2777ec7b2e8d0662325bb48"},"headline":"Nominirani za presti\u017eno mednarodno nagrado","datePublished":"2023-01-30T09:19:08+00:00","mainEntityOfPage":{"@id":"https:\/\/novice.si\/page\/nominirani-za-prestizno-mednarodno-nagrado\/"},"wordCount":152,"publisher":{"@id":"https:\/\/novice.si\/page\/#organization"},"image":{"@id":"https:\/\/novice.si\/page\/nominirani-za-prestizno-mednarodno-nagrado\/#primaryimage"},"thumbnailUrl":"https:\/\/novice.si\/page\/wp-content\/uploads\/2023\/01\/posel-1149.jpg","articleSection":["Aktualno","Celjan","Celjsko"],"inLanguage":"sl-SI"},{"@type":"WebPage","@id":"https:\/\/novice.si\/page\/nominirani-za-prestizno-mednarodno-nagrado\/","url":"https:\/\/novice.si\/page\/nominirani-za-prestizno-mednarodno-nagrado\/","name":"Nominirani za presti\u017eno mednarodno nagrado - Novice.si","isPartOf":{"@id":"https:\/\/novice.si\/page\/#website"},"primaryImageOfPage":{"@id":"https:\/\/novice.si\/page\/nominirani-za-prestizno-mednarodno-nagrado\/#primaryimage"},"image":{"@id":"https:\/\/novice.si\/page\/nominirani-za-prestizno-mednarodno-nagrado\/#primaryimage"},"thumbnailUrl":"https:\/\/novice.si\/page\/wp-content\/uploads\/2023\/01\/posel-1149.jpg","datePublished":"2023-01-30T09:19:08+00:00","breadcrumb":{"@id":"https:\/\/novice.si\/page\/nominirani-za-prestizno-mednarodno-nagrado\/#breadcrumb"},"inLanguage":"sl-SI","potentialAction":[{"@type":"ReadAction","target":["https:\/\/novice.si\/page\/nominirani-za-prestizno-mednarodno-nagrado\/"]}]},{"@type":"ImageObject","inLanguage":"sl-SI","@id":"https:\/\/novice.si\/page\/nominirani-za-prestizno-mednarodno-nagrado\/#primaryimage","url":"https:\/\/novice.si\/page\/wp-content\/uploads\/2023\/01\/posel-1149.jpg","contentUrl":"https:\/\/novice.si\/page\/wp-content\/uploads\/2023\/01\/posel-1149.jpg","width":945,"height":786,"caption":"Kronoterm"},{"@type":"BreadcrumbList","@id":"https:\/\/novice.si\/page\/nominirani-za-prestizno-mednarodno-nagrado\/#breadcrumb","itemListElement":[{"@type":"ListItem","position":1,"name":"Home","item":"https:\/\/novice.si\/page\/"},{"@type":"ListItem","position":2,"name":"Nominirani za presti\u017eno mednarodno nagrado"}]},{"@type":"WebSite","@id":"https:\/\/novice.si\/page\/#website","url":"https:\/\/novice.si\/page\/","name":"Novice.si","description":"","publisher":{"@id":"https:\/\/novice.si\/page\/#organization"},"potentialAction":[{"@type":"SearchAction","target":{"@type":"EntryPoint","urlTemplate":"https:\/\/novice.si\/page\/?s={search_term_string}"},"query-input":{"@type":"PropertyValueSpecification","valueRequired":true,"valueName":"search_term_string"}}],"inLanguage":"sl-SI"},{"@type":"Organization","@id":"https:\/\/novice.si\/page\/#organization","name":"Novice.si","url":"https:\/\/novice.si\/page\/","logo":{"@type":"ImageObject","inLanguage":"sl-SI","@id":"https:\/\/novice.si\/page\/#\/schema\/logo\/image\/","url":"https:\/\/novice.si\/page\/wp-content\/uploads\/2023\/03\/novice_si.png","contentUrl":"https:\/\/novice.si\/page\/wp-content\/uploads\/2023\/03\/novice_si.png","width":576,"height":200,"caption":"Novice.si"},"image":{"@id":"https:\/\/novice.si\/page\/#\/schema\/logo\/image\/"}},{"@type":"Person","@id":"https:\/\/novice.si\/page\/#\/schema\/person\/a49f233ef2777ec7b2e8d0662325bb48","name":"Uredni\u0161tvo Celjana","image":{"@type":"ImageObject","inLanguage":"sl-SI","@id":"https:\/\/secure.gravatar.com\/avatar\/7f7863e616af8f92806c638dd1db3f1a238d83d1cc2ec3100afc06fbb7eb303f?s=96&d=mm&r=g","url":"https:\/\/secure.gravatar.com\/avatar\/7f7863e616af8f92806c638dd1db3f1a238d83d1cc2ec3100afc06fbb7eb303f?s=96&d=mm&r=g","contentUrl":"https:\/\/secure.gravatar.com\/avatar\/7f7863e616af8f92806c638dd1db3f1a238d83d1cc2ec3100afc06fbb7eb303f?s=96&d=mm&r=g","caption":"Uredni\u0161tvo Celjana"},"url":"https:\/\/novice.si\/page\/author\/maja\/"}]}},"_links":{"self":[{"href":"https:\/\/novice.si\/page\/wp-json\/wp\/v2\/posts\/159274","targetHints":{"allow":["GET"]}}],"collection":[{"href":"https:\/\/novice.si\/page\/wp-json\/wp\/v2\/posts"}],"about":[{"href":"https:\/\/novice.si\/page\/wp-json\/wp\/v2\/types\/post"}],"author":[{"embeddable":true,"href":"https:\/\/novice.si\/page\/wp-json\/wp\/v2\/users\/55"}],"replies":[{"embeddable":true,"href":"https:\/\/novice.si\/page\/wp-json\/wp\/v2\/comments?post=159274"}],"version-history":[{"count":1,"href":"https:\/\/novice.si\/page\/wp-json\/wp\/v2\/posts\/159274\/revisions"}],"predecessor-version":[{"id":159276,"href":"https:\/\/novice.si\/page\/wp-json\/wp\/v2\/posts\/159274\/revisions\/159276"}],"wp:featuredmedia":[{"embeddable":true,"href":"https:\/\/novice.si\/page\/wp-json\/wp\/v2\/media\/159275"}],"wp:attachment":[{"href":"https:\/\/novice.si\/page\/wp-json\/wp\/v2\/media?parent=159274"}],"wp:term":[{"taxonomy":"category","embeddable":true,"href":"https:\/\/novice.si\/page\/wp-json\/wp\/v2\/categories?post=159274"},{"taxonomy":"post_tag","embeddable":true,"href":"https:\/\/novice.si\/page\/wp-json\/wp\/v2\/tags?post=159274"}],"curies":[{"name":"wp","href":"https:\/\/api.w.org\/{rel}","templated":true}]}}