{"id":159261,"date":"2023-01-25T16:08:49","date_gmt":"2023-01-25T15:08:49","guid":{"rendered":"https:\/\/novice.si\/page\/?p=159261"},"modified":"2023-01-25T16:08:49","modified_gmt":"2023-01-25T15:08:49","slug":"kovac-ponosen-na-judoistko-tino-trstenjak","status":"publish","type":"post","link":"https:\/\/novice.si\/page\/kovac-ponosen-na-judoistko-tino-trstenjak\/","title":{"rendered":"Kova\u010d ponosen na judoistko Tino Trstenjak"},"content":{"rendered":"<p><em><a href=\"https:\/\/novice.si\/page\/wp-content\/uploads\/2023\/01\/Cz-sprejem-tine-trstenjak-1.jpg\" data-gallery><img loading=\"lazy\" decoding=\"async\" class=\"size-medium wp-image-159262 alignleft\" src=\"https:\/\/novice.si\/page\/wp-content\/uploads\/2023\/01\/Cz-sprejem-tine-trstenjak-1-300x200.jpg\" alt=\"Tina Trstenjak sprejem\" width=\"300\" height=\"200\" srcset=\"https:\/\/novice.si\/page\/wp-content\/uploads\/2023\/01\/Cz-sprejem-tine-trstenjak-1-300x200.jpg 300w, https:\/\/novice.si\/page\/wp-content\/uploads\/2023\/01\/Cz-sprejem-tine-trstenjak-1-1024x682.jpg 1024w, https:\/\/novice.si\/page\/wp-content\/uploads\/2023\/01\/Cz-sprejem-tine-trstenjak-1-768x512.jpg 768w, https:\/\/novice.si\/page\/wp-content\/uploads\/2023\/01\/Cz-sprejem-tine-trstenjak-1-1536x1024.jpg 1536w, https:\/\/novice.si\/page\/wp-content\/uploads\/2023\/01\/Cz-sprejem-tine-trstenjak-1-696x464.jpg 696w, https:\/\/novice.si\/page\/wp-content\/uploads\/2023\/01\/Cz-sprejem-tine-trstenjak-1-1068x712.jpg 1068w, https:\/\/novice.si\/page\/wp-content\/uploads\/2023\/01\/Cz-sprejem-tine-trstenjak-1-630x420.jpg 630w, https:\/\/novice.si\/page\/wp-content\/uploads\/2023\/01\/Cz-sprejem-tine-trstenjak-1-24x16.jpg 24w, https:\/\/novice.si\/page\/wp-content\/uploads\/2023\/01\/Cz-sprejem-tine-trstenjak-1-36x24.jpg 36w, https:\/\/novice.si\/page\/wp-content\/uploads\/2023\/01\/Cz-sprejem-tine-trstenjak-1-48x32.jpg 48w, https:\/\/novice.si\/page\/wp-content\/uploads\/2023\/01\/Cz-sprejem-tine-trstenjak-1.jpg 2000w\" sizes=\"auto, (max-width: 300px) 100vw, 300px\" \/><\/a>V Celju smo lahko zelo ponosni na 32-letno judoistko <strong>Tino Trstenjak<\/strong>, ki nas je v zadnjih desetih letih s svojimi vrhunskimi \u0161portnimi uspehi navdu\u0161evala in povezovala.<\/em><\/p>\n<p>Zaradi svoje borbenosti, neomajne volje, trdega dela, odrekanja in tudi zaradi svoje sr\u010dnosti ter skromnosti je postala ena najbolj\u0161ih in najbolj priljubljenih slovenskih \u0161portnic.<\/p>\n<p><strong>Sprejema ni pri\u010dakovala<\/strong><\/p>\n<p>Ob zaklju\u010dku njene \u0161portne kariere jo je sprejel \u017eupan <strong>Matija Kova\u010d<\/strong>, ki ji je iskreno \u010destital in se ji zahvalil, ker je s svojimi izjemnimi \u0161portnimi dose\u017eki razveseljevala ob\u010danke in ob\u010dane ter nosila ime na\u0161ega mesta po svetu.<\/p>\n<p>Podaril ji je priznanje, sliko cesarice Barbare in \u0161opek ter ji seveda za\u017eelel veliko uspehov tudi v prihodnje. Ve\u010d o sprejemu in vseh njenih uspehih, pa v aktualnem Celjanu, ki je ravno danes pri\u0161el na prodajna mesta.<\/p>\n","protected":false},"excerpt":{"rendered":"<p>V Celju smo lahko zelo ponosni na 32-letno judoistko Tino Trstenjak, ki nas je v zadnjih desetih letih s svojimi vrhunskimi \u0161portnimi uspehi navdu\u0161evala in povezovala. Zaradi svoje borbenosti, neomajne volje, trdega dela, odrekanja in tudi zaradi svoje sr\u010dnosti ter skromnosti je postala ena najbolj\u0161ih in najbolj priljubljenih slovenskih \u0161portnic. Sprejema ni pri\u010dakovala Ob zaklju\u010dku [&hellip;]<\/p>\n","protected":false},"author":55,"featured_media":159262,"comment_status":"closed","ping_status":"closed","sticky":false,"template":"","format":"standard","meta":{"footnotes":""},"categories":[14,142,17,68],"tags":[],"class_list":{"0":"post-159261","1":"post","2":"type-post","3":"status-publish","4":"format-standard","5":"has-post-thumbnail","7":"category-aktualno","8":"category-celjan","9":"category-celjsko","10":"category-sport"},"yoast_head":"<!-- This site is optimized with the Yoast SEO plugin v27.4 - https:\/\/yoast.com\/product\/yoast-seo-wordpress\/ -->\n<title>Kova\u010d ponosen na judoistko Tino Trstenjak - Novice.si<\/title>\n<meta name=\"robots\" content=\"index, follow, max-snippet:-1, max-image-preview:large, max-video-preview:-1\" \/>\n<link rel=\"canonical\" href=\"https:\/\/novice.si\/page\/kovac-ponosen-na-judoistko-tino-trstenjak\/\" \/>\n<meta property=\"og:locale\" content=\"sl_SI\" \/>\n<meta property=\"og:type\" content=\"article\" \/>\n<meta property=\"og:title\" content=\"Kova\u010d ponosen na judoistko Tino Trstenjak - Novice.si\" \/>\n<meta property=\"og:description\" content=\"V Celju smo lahko zelo ponosni na 32-letno judoistko Tino Trstenjak, ki nas je v zadnjih desetih letih s svojimi vrhunskimi \u0161portnimi uspehi navdu\u0161evala in povezovala. Zaradi svoje borbenosti, neomajne volje, trdega dela, odrekanja in tudi zaradi svoje sr\u010dnosti ter skromnosti je postala ena najbolj\u0161ih in najbolj priljubljenih slovenskih \u0161portnic. Sprejema ni pri\u010dakovala Ob zaklju\u010dku [&hellip;]\" \/>\n<meta property=\"og:url\" content=\"https:\/\/novice.si\/page\/kovac-ponosen-na-judoistko-tino-trstenjak\/\" \/>\n<meta property=\"og:site_name\" content=\"Novice.si\" \/>\n<meta property=\"article:published_time\" content=\"2023-01-25T15:08:49+00:00\" \/>\n<meta property=\"og:image\" content=\"https:\/\/novice.si\/page\/wp-content\/uploads\/2023\/01\/Cz-sprejem-tine-trstenjak-1.jpg\" \/>\n\t<meta property=\"og:image:width\" content=\"2000\" \/>\n\t<meta property=\"og:image:height\" content=\"1333\" \/>\n\t<meta property=\"og:image:type\" content=\"image\/jpeg\" \/>\n<meta name=\"author\" content=\"Uredni\u0161tvo Celjana\" \/>\n<meta name=\"twitter:card\" content=\"summary_large_image\" \/>\n<meta name=\"twitter:label1\" content=\"Written by\" \/>\n\t<meta name=\"twitter:data1\" content=\"Uredni\u0161tvo Celjana\" \/>\n\t<meta name=\"twitter:label2\" content=\"Est. reading time\" \/>\n\t<meta name=\"twitter:data2\" content=\"1 minuta\" \/>\n<script type=\"application\/ld+json\" class=\"yoast-schema-graph\">{\"@context\":\"https:\\\/\\\/schema.org\",\"@graph\":[{\"@type\":\"Article\",\"@id\":\"https:\\\/\\\/novice.si\\\/page\\\/kovac-ponosen-na-judoistko-tino-trstenjak\\\/#article\",\"isPartOf\":{\"@id\":\"https:\\\/\\\/novice.si\\\/page\\\/kovac-ponosen-na-judoistko-tino-trstenjak\\\/\"},\"author\":{\"name\":\"Uredni\u0161tvo Celjana\",\"@id\":\"https:\\\/\\\/novice.si\\\/page\\\/#\\\/schema\\\/person\\\/a49f233ef2777ec7b2e8d0662325bb48\"},\"headline\":\"Kova\u010d ponosen na judoistko Tino Trstenjak\",\"datePublished\":\"2023-01-25T15:08:49+00:00\",\"mainEntityOfPage\":{\"@id\":\"https:\\\/\\\/novice.si\\\/page\\\/kovac-ponosen-na-judoistko-tino-trstenjak\\\/\"},\"wordCount\":145,\"publisher\":{\"@id\":\"https:\\\/\\\/novice.si\\\/page\\\/#organization\"},\"image\":{\"@id\":\"https:\\\/\\\/novice.si\\\/page\\\/kovac-ponosen-na-judoistko-tino-trstenjak\\\/#primaryimage\"},\"thumbnailUrl\":\"https:\\\/\\\/novice.si\\\/page\\\/wp-content\\\/uploads\\\/2023\\\/01\\\/Cz-sprejem-tine-trstenjak-1.jpg\",\"articleSection\":[\"Aktualno\",\"Celjan\",\"Celjsko\",\"\u0160port\"],\"inLanguage\":\"sl-SI\"},{\"@type\":\"WebPage\",\"@id\":\"https:\\\/\\\/novice.si\\\/page\\\/kovac-ponosen-na-judoistko-tino-trstenjak\\\/\",\"url\":\"https:\\\/\\\/novice.si\\\/page\\\/kovac-ponosen-na-judoistko-tino-trstenjak\\\/\",\"name\":\"Kova\u010d ponosen na judoistko Tino Trstenjak - Novice.si\",\"isPartOf\":{\"@id\":\"https:\\\/\\\/novice.si\\\/page\\\/#website\"},\"primaryImageOfPage\":{\"@id\":\"https:\\\/\\\/novice.si\\\/page\\\/kovac-ponosen-na-judoistko-tino-trstenjak\\\/#primaryimage\"},\"image\":{\"@id\":\"https:\\\/\\\/novice.si\\\/page\\\/kovac-ponosen-na-judoistko-tino-trstenjak\\\/#primaryimage\"},\"thumbnailUrl\":\"https:\\\/\\\/novice.si\\\/page\\\/wp-content\\\/uploads\\\/2023\\\/01\\\/Cz-sprejem-tine-trstenjak-1.jpg\",\"datePublished\":\"2023-01-25T15:08:49+00:00\",\"breadcrumb\":{\"@id\":\"https:\\\/\\\/novice.si\\\/page\\\/kovac-ponosen-na-judoistko-tino-trstenjak\\\/#breadcrumb\"},\"inLanguage\":\"sl-SI\",\"potentialAction\":[{\"@type\":\"ReadAction\",\"target\":[\"https:\\\/\\\/novice.si\\\/page\\\/kovac-ponosen-na-judoistko-tino-trstenjak\\\/\"]}]},{\"@type\":\"ImageObject\",\"inLanguage\":\"sl-SI\",\"@id\":\"https:\\\/\\\/novice.si\\\/page\\\/kovac-ponosen-na-judoistko-tino-trstenjak\\\/#primaryimage\",\"url\":\"https:\\\/\\\/novice.si\\\/page\\\/wp-content\\\/uploads\\\/2023\\\/01\\\/Cz-sprejem-tine-trstenjak-1.jpg\",\"contentUrl\":\"https:\\\/\\\/novice.si\\\/page\\\/wp-content\\\/uploads\\\/2023\\\/01\\\/Cz-sprejem-tine-trstenjak-1.jpg\",\"width\":2000,\"height\":1333,\"caption\":\"Tina Trstenjak sprejem\"},{\"@type\":\"BreadcrumbList\",\"@id\":\"https:\\\/\\\/novice.si\\\/page\\\/kovac-ponosen-na-judoistko-tino-trstenjak\\\/#breadcrumb\",\"itemListElement\":[{\"@type\":\"ListItem\",\"position\":1,\"name\":\"Home\",\"item\":\"https:\\\/\\\/novice.si\\\/page\\\/\"},{\"@type\":\"ListItem\",\"position\":2,\"name\":\"Kova\u010d ponosen na judoistko Tino Trstenjak\"}]},{\"@type\":\"WebSite\",\"@id\":\"https:\\\/\\\/novice.si\\\/page\\\/#website\",\"url\":\"https:\\\/\\\/novice.si\\\/page\\\/\",\"name\":\"Novice.si\",\"description\":\"\",\"publisher\":{\"@id\":\"https:\\\/\\\/novice.si\\\/page\\\/#organization\"},\"potentialAction\":[{\"@type\":\"SearchAction\",\"target\":{\"@type\":\"EntryPoint\",\"urlTemplate\":\"https:\\\/\\\/novice.si\\\/page\\\/?s={search_term_string}\"},\"query-input\":{\"@type\":\"PropertyValueSpecification\",\"valueRequired\":true,\"valueName\":\"search_term_string\"}}],\"inLanguage\":\"sl-SI\"},{\"@type\":\"Organization\",\"@id\":\"https:\\\/\\\/novice.si\\\/page\\\/#organization\",\"name\":\"Novice.si\",\"url\":\"https:\\\/\\\/novice.si\\\/page\\\/\",\"logo\":{\"@type\":\"ImageObject\",\"inLanguage\":\"sl-SI\",\"@id\":\"https:\\\/\\\/novice.si\\\/page\\\/#\\\/schema\\\/logo\\\/image\\\/\",\"url\":\"https:\\\/\\\/novice.si\\\/page\\\/wp-content\\\/uploads\\\/2023\\\/03\\\/novice_si.png\",\"contentUrl\":\"https:\\\/\\\/novice.si\\\/page\\\/wp-content\\\/uploads\\\/2023\\\/03\\\/novice_si.png\",\"width\":576,\"height\":200,\"caption\":\"Novice.si\"},\"image\":{\"@id\":\"https:\\\/\\\/novice.si\\\/page\\\/#\\\/schema\\\/logo\\\/image\\\/\"}},{\"@type\":\"Person\",\"@id\":\"https:\\\/\\\/novice.si\\\/page\\\/#\\\/schema\\\/person\\\/a49f233ef2777ec7b2e8d0662325bb48\",\"name\":\"Uredni\u0161tvo Celjana\",\"image\":{\"@type\":\"ImageObject\",\"inLanguage\":\"sl-SI\",\"@id\":\"https:\\\/\\\/secure.gravatar.com\\\/avatar\\\/7f7863e616af8f92806c638dd1db3f1a238d83d1cc2ec3100afc06fbb7eb303f?s=96&d=mm&r=g\",\"url\":\"https:\\\/\\\/secure.gravatar.com\\\/avatar\\\/7f7863e616af8f92806c638dd1db3f1a238d83d1cc2ec3100afc06fbb7eb303f?s=96&d=mm&r=g\",\"contentUrl\":\"https:\\\/\\\/secure.gravatar.com\\\/avatar\\\/7f7863e616af8f92806c638dd1db3f1a238d83d1cc2ec3100afc06fbb7eb303f?s=96&d=mm&r=g\",\"caption\":\"Uredni\u0161tvo Celjana\"},\"url\":\"https:\\\/\\\/novice.si\\\/page\\\/author\\\/maja\\\/\"}]}<\/script>\n<!-- \/ Yoast SEO plugin. -->","yoast_head_json":{"title":"Kova\u010d ponosen na judoistko Tino Trstenjak - Novice.si","robots":{"index":"index","follow":"follow","max-snippet":"max-snippet:-1","max-image-preview":"max-image-preview:large","max-video-preview":"max-video-preview:-1"},"canonical":"https:\/\/novice.si\/page\/kovac-ponosen-na-judoistko-tino-trstenjak\/","og_locale":"sl_SI","og_type":"article","og_title":"Kova\u010d ponosen na judoistko Tino Trstenjak - Novice.si","og_description":"V Celju smo lahko zelo ponosni na 32-letno judoistko Tino Trstenjak, ki nas je v zadnjih desetih letih s svojimi vrhunskimi \u0161portnimi uspehi navdu\u0161evala in povezovala. Zaradi svoje borbenosti, neomajne volje, trdega dela, odrekanja in tudi zaradi svoje sr\u010dnosti ter skromnosti je postala ena najbolj\u0161ih in najbolj priljubljenih slovenskih \u0161portnic. Sprejema ni pri\u010dakovala Ob zaklju\u010dku [&hellip;]","og_url":"https:\/\/novice.si\/page\/kovac-ponosen-na-judoistko-tino-trstenjak\/","og_site_name":"Novice.si","article_published_time":"2023-01-25T15:08:49+00:00","og_image":[{"width":2000,"height":1333,"url":"https:\/\/novice.si\/page\/wp-content\/uploads\/2023\/01\/Cz-sprejem-tine-trstenjak-1.jpg","type":"image\/jpeg"}],"author":"Uredni\u0161tvo Celjana","twitter_card":"summary_large_image","twitter_misc":{"Written by":"Uredni\u0161tvo Celjana","Est. reading time":"1 minuta"},"schema":{"@context":"https:\/\/schema.org","@graph":[{"@type":"Article","@id":"https:\/\/novice.si\/page\/kovac-ponosen-na-judoistko-tino-trstenjak\/#article","isPartOf":{"@id":"https:\/\/novice.si\/page\/kovac-ponosen-na-judoistko-tino-trstenjak\/"},"author":{"name":"Uredni\u0161tvo Celjana","@id":"https:\/\/novice.si\/page\/#\/schema\/person\/a49f233ef2777ec7b2e8d0662325bb48"},"headline":"Kova\u010d ponosen na judoistko Tino Trstenjak","datePublished":"2023-01-25T15:08:49+00:00","mainEntityOfPage":{"@id":"https:\/\/novice.si\/page\/kovac-ponosen-na-judoistko-tino-trstenjak\/"},"wordCount":145,"publisher":{"@id":"https:\/\/novice.si\/page\/#organization"},"image":{"@id":"https:\/\/novice.si\/page\/kovac-ponosen-na-judoistko-tino-trstenjak\/#primaryimage"},"thumbnailUrl":"https:\/\/novice.si\/page\/wp-content\/uploads\/2023\/01\/Cz-sprejem-tine-trstenjak-1.jpg","articleSection":["Aktualno","Celjan","Celjsko","\u0160port"],"inLanguage":"sl-SI"},{"@type":"WebPage","@id":"https:\/\/novice.si\/page\/kovac-ponosen-na-judoistko-tino-trstenjak\/","url":"https:\/\/novice.si\/page\/kovac-ponosen-na-judoistko-tino-trstenjak\/","name":"Kova\u010d ponosen na judoistko Tino Trstenjak - Novice.si","isPartOf":{"@id":"https:\/\/novice.si\/page\/#website"},"primaryImageOfPage":{"@id":"https:\/\/novice.si\/page\/kovac-ponosen-na-judoistko-tino-trstenjak\/#primaryimage"},"image":{"@id":"https:\/\/novice.si\/page\/kovac-ponosen-na-judoistko-tino-trstenjak\/#primaryimage"},"thumbnailUrl":"https:\/\/novice.si\/page\/wp-content\/uploads\/2023\/01\/Cz-sprejem-tine-trstenjak-1.jpg","datePublished":"2023-01-25T15:08:49+00:00","breadcrumb":{"@id":"https:\/\/novice.si\/page\/kovac-ponosen-na-judoistko-tino-trstenjak\/#breadcrumb"},"inLanguage":"sl-SI","potentialAction":[{"@type":"ReadAction","target":["https:\/\/novice.si\/page\/kovac-ponosen-na-judoistko-tino-trstenjak\/"]}]},{"@type":"ImageObject","inLanguage":"sl-SI","@id":"https:\/\/novice.si\/page\/kovac-ponosen-na-judoistko-tino-trstenjak\/#primaryimage","url":"https:\/\/novice.si\/page\/wp-content\/uploads\/2023\/01\/Cz-sprejem-tine-trstenjak-1.jpg","contentUrl":"https:\/\/novice.si\/page\/wp-content\/uploads\/2023\/01\/Cz-sprejem-tine-trstenjak-1.jpg","width":2000,"height":1333,"caption":"Tina Trstenjak sprejem"},{"@type":"BreadcrumbList","@id":"https:\/\/novice.si\/page\/kovac-ponosen-na-judoistko-tino-trstenjak\/#breadcrumb","itemListElement":[{"@type":"ListItem","position":1,"name":"Home","item":"https:\/\/novice.si\/page\/"},{"@type":"ListItem","position":2,"name":"Kova\u010d ponosen na judoistko Tino Trstenjak"}]},{"@type":"WebSite","@id":"https:\/\/novice.si\/page\/#website","url":"https:\/\/novice.si\/page\/","name":"Novice.si","description":"","publisher":{"@id":"https:\/\/novice.si\/page\/#organization"},"potentialAction":[{"@type":"SearchAction","target":{"@type":"EntryPoint","urlTemplate":"https:\/\/novice.si\/page\/?s={search_term_string}"},"query-input":{"@type":"PropertyValueSpecification","valueRequired":true,"valueName":"search_term_string"}}],"inLanguage":"sl-SI"},{"@type":"Organization","@id":"https:\/\/novice.si\/page\/#organization","name":"Novice.si","url":"https:\/\/novice.si\/page\/","logo":{"@type":"ImageObject","inLanguage":"sl-SI","@id":"https:\/\/novice.si\/page\/#\/schema\/logo\/image\/","url":"https:\/\/novice.si\/page\/wp-content\/uploads\/2023\/03\/novice_si.png","contentUrl":"https:\/\/novice.si\/page\/wp-content\/uploads\/2023\/03\/novice_si.png","width":576,"height":200,"caption":"Novice.si"},"image":{"@id":"https:\/\/novice.si\/page\/#\/schema\/logo\/image\/"}},{"@type":"Person","@id":"https:\/\/novice.si\/page\/#\/schema\/person\/a49f233ef2777ec7b2e8d0662325bb48","name":"Uredni\u0161tvo Celjana","image":{"@type":"ImageObject","inLanguage":"sl-SI","@id":"https:\/\/secure.gravatar.com\/avatar\/7f7863e616af8f92806c638dd1db3f1a238d83d1cc2ec3100afc06fbb7eb303f?s=96&d=mm&r=g","url":"https:\/\/secure.gravatar.com\/avatar\/7f7863e616af8f92806c638dd1db3f1a238d83d1cc2ec3100afc06fbb7eb303f?s=96&d=mm&r=g","contentUrl":"https:\/\/secure.gravatar.com\/avatar\/7f7863e616af8f92806c638dd1db3f1a238d83d1cc2ec3100afc06fbb7eb303f?s=96&d=mm&r=g","caption":"Uredni\u0161tvo Celjana"},"url":"https:\/\/novice.si\/page\/author\/maja\/"}]}},"_links":{"self":[{"href":"https:\/\/novice.si\/page\/wp-json\/wp\/v2\/posts\/159261","targetHints":{"allow":["GET"]}}],"collection":[{"href":"https:\/\/novice.si\/page\/wp-json\/wp\/v2\/posts"}],"about":[{"href":"https:\/\/novice.si\/page\/wp-json\/wp\/v2\/types\/post"}],"author":[{"embeddable":true,"href":"https:\/\/novice.si\/page\/wp-json\/wp\/v2\/users\/55"}],"replies":[{"embeddable":true,"href":"https:\/\/novice.si\/page\/wp-json\/wp\/v2\/comments?post=159261"}],"version-history":[{"count":1,"href":"https:\/\/novice.si\/page\/wp-json\/wp\/v2\/posts\/159261\/revisions"}],"predecessor-version":[{"id":159263,"href":"https:\/\/novice.si\/page\/wp-json\/wp\/v2\/posts\/159261\/revisions\/159263"}],"wp:featuredmedia":[{"embeddable":true,"href":"https:\/\/novice.si\/page\/wp-json\/wp\/v2\/media\/159262"}],"wp:attachment":[{"href":"https:\/\/novice.si\/page\/wp-json\/wp\/v2\/media?parent=159261"}],"wp:term":[{"taxonomy":"category","embeddable":true,"href":"https:\/\/novice.si\/page\/wp-json\/wp\/v2\/categories?post=159261"},{"taxonomy":"post_tag","embeddable":true,"href":"https:\/\/novice.si\/page\/wp-json\/wp\/v2\/tags?post=159261"}],"curies":[{"name":"wp","href":"https:\/\/api.w.org\/{rel}","templated":true}]}}