{"id":159205,"date":"2023-01-21T17:20:05","date_gmt":"2023-01-21T16:20:05","guid":{"rendered":"https:\/\/novice.si\/page\/?p=159205"},"modified":"2023-01-22T17:24:01","modified_gmt":"2023-01-22T16:24:01","slug":"celjan-martin-cater-v-kitzbuhelu-zbral-12-tock","status":"publish","type":"post","link":"https:\/\/novice.si\/page\/celjan-martin-cater-v-kitzbuhelu-zbral-12-tock\/","title":{"rendered":"Celjan Martin \u010cater v Kitzb\u00fchelu zbral 12 to\u010dk"},"content":{"rendered":"<p><a href=\"https:\/\/novice.si\/page\/wp-content\/uploads\/2023\/01\/cater-martin-kitzbuhel-foto-GEPA.jpg\" data-gallery><img loading=\"lazy\" decoding=\"async\" class=\"size-medium wp-image-159206\" src=\"https:\/\/novice.si\/page\/wp-content\/uploads\/2023\/01\/cater-martin-kitzbuhel-foto-GEPA-300x198.jpg\" alt=\"\" width=\"300\" height=\"198\" srcset=\"https:\/\/novice.si\/page\/wp-content\/uploads\/2023\/01\/cater-martin-kitzbuhel-foto-GEPA-300x198.jpg 300w, https:\/\/novice.si\/page\/wp-content\/uploads\/2023\/01\/cater-martin-kitzbuhel-foto-GEPA-1024x676.jpg 1024w, https:\/\/novice.si\/page\/wp-content\/uploads\/2023\/01\/cater-martin-kitzbuhel-foto-GEPA-768x507.jpg 768w, https:\/\/novice.si\/page\/wp-content\/uploads\/2023\/01\/cater-martin-kitzbuhel-foto-GEPA-1536x1013.jpg 1536w, https:\/\/novice.si\/page\/wp-content\/uploads\/2023\/01\/cater-martin-kitzbuhel-foto-GEPA-696x459.jpg 696w, https:\/\/novice.si\/page\/wp-content\/uploads\/2023\/01\/cater-martin-kitzbuhel-foto-GEPA-741x486.jpg 741w, https:\/\/novice.si\/page\/wp-content\/uploads\/2023\/01\/cater-martin-kitzbuhel-foto-GEPA-1068x705.jpg 1068w, https:\/\/novice.si\/page\/wp-content\/uploads\/2023\/01\/cater-martin-kitzbuhel-foto-GEPA-637x420.jpg 637w, https:\/\/novice.si\/page\/wp-content\/uploads\/2023\/01\/cater-martin-kitzbuhel-foto-GEPA-24x16.jpg 24w, https:\/\/novice.si\/page\/wp-content\/uploads\/2023\/01\/cater-martin-kitzbuhel-foto-GEPA-36x24.jpg 36w, https:\/\/novice.si\/page\/wp-content\/uploads\/2023\/01\/cater-martin-kitzbuhel-foto-GEPA-48x32.jpg 48w, https:\/\/novice.si\/page\/wp-content\/uploads\/2023\/01\/cater-martin-kitzbuhel-foto-GEPA.jpg 2048w\" sizes=\"auto, (max-width: 300px) 100vw, 300px\" \/><\/a><\/p>\n<p>Po Wengnu je bila na sporedu \u0161e ena smuka\u0161ka klasika. V Kitzb\u00fchelu so alpski smu\u010darji letos odpeljali kar dva smuka za svetovni pokal, Celjan <strong>Martin \u010cater <\/strong>pa se je obakrat uvrstil med dobitnike to\u010dk. Prvo preizku\u0161njo je kon\u010dal na 24., dana\u0161njo drugo pa na 26. mestu. S tem je na svoj ra\u010dun dodal 12 to\u010dk in jih ima v tej sezoni skupaj 39, kar ga v smuka\u0161ki razvrstitvi trenutno uvr\u0161\u010da na 40. mesto. Sicer pa je za smuka\u010di \u017ee osem tekem v tej zimi, v lovu za uvrstitev med 25 najbolj\u0161ih, ki bodo lahko nastopili tudi na finalu, pa bodo imeli \u0161e dve prilo\u017enosti, obe v Aspnu na za\u010detku marca. (Jure Mernik)<br \/>\nFoto GEPA<\/p>\n","protected":false},"excerpt":{"rendered":"<p>Po Wengnu je bila na sporedu \u0161e ena smuka\u0161ka klasika. V Kitzb\u00fchelu so alpski smu\u010darji letos odpeljali kar dva smuka za svetovni pokal, Celjan Martin \u010cater pa se je obakrat uvrstil med dobitnike to\u010dk. Prvo preizku\u0161njo je kon\u010dal na 24., dana\u0161njo drugo pa na 26. mestu. S tem je na svoj ra\u010dun dodal 12 to\u010dk [&hellip;]<\/p>\n","protected":false},"author":7,"featured_media":159206,"comment_status":"closed","ping_status":"closed","sticky":false,"template":"","format":"standard","meta":{"footnotes":""},"categories":[14,17,68],"tags":[16911,7037],"class_list":{"0":"post-159205","1":"post","2":"type-post","3":"status-publish","4":"format-standard","5":"has-post-thumbnail","7":"category-aktualno","8":"category-celjsko","9":"category-sport","10":"tag-kitzbuhel","11":"tag-martin-cater"},"yoast_head":"<!-- This site is optimized with the Yoast SEO plugin v27.4 - https:\/\/yoast.com\/product\/yoast-seo-wordpress\/ -->\n<title>Celjan Martin \u010cater v Kitzb\u00fchelu zbral 12 to\u010dk - Novice.si<\/title>\n<meta name=\"robots\" content=\"index, follow, max-snippet:-1, max-image-preview:large, max-video-preview:-1\" \/>\n<link rel=\"canonical\" href=\"https:\/\/novice.si\/page\/celjan-martin-cater-v-kitzbuhelu-zbral-12-tock\/\" \/>\n<meta property=\"og:locale\" content=\"sl_SI\" \/>\n<meta property=\"og:type\" content=\"article\" \/>\n<meta property=\"og:title\" content=\"Celjan Martin \u010cater v Kitzb\u00fchelu zbral 12 to\u010dk - Novice.si\" \/>\n<meta property=\"og:description\" content=\"Po Wengnu je bila na sporedu \u0161e ena smuka\u0161ka klasika. V Kitzb\u00fchelu so alpski smu\u010darji letos odpeljali kar dva smuka za svetovni pokal, Celjan Martin \u010cater pa se je obakrat uvrstil med dobitnike to\u010dk. Prvo preizku\u0161njo je kon\u010dal na 24., dana\u0161njo drugo pa na 26. mestu. S tem je na svoj ra\u010dun dodal 12 to\u010dk [&hellip;]\" \/>\n<meta property=\"og:url\" content=\"https:\/\/novice.si\/page\/celjan-martin-cater-v-kitzbuhelu-zbral-12-tock\/\" \/>\n<meta property=\"og:site_name\" content=\"Novice.si\" \/>\n<meta property=\"article:published_time\" content=\"2023-01-21T16:20:05+00:00\" \/>\n<meta property=\"article:modified_time\" content=\"2023-01-22T16:24:01+00:00\" \/>\n<meta property=\"og:image\" content=\"https:\/\/novice.si\/page\/wp-content\/uploads\/2023\/01\/cater-martin-kitzbuhel-foto-GEPA.jpg\" \/>\n\t<meta property=\"og:image:width\" content=\"2048\" \/>\n\t<meta property=\"og:image:height\" content=\"1351\" \/>\n\t<meta property=\"og:image:type\" content=\"image\/jpeg\" \/>\n<meta name=\"author\" content=\"Uredni\u0161tvo Novic\" \/>\n<meta name=\"twitter:card\" content=\"summary_large_image\" \/>\n<meta name=\"twitter:label1\" content=\"Written by\" \/>\n\t<meta name=\"twitter:data1\" content=\"Uredni\u0161tvo Novic\" \/>\n\t<meta name=\"twitter:label2\" content=\"Est. reading time\" \/>\n\t<meta name=\"twitter:data2\" content=\"1 minuta\" \/>\n<script type=\"application\/ld+json\" class=\"yoast-schema-graph\">{\"@context\":\"https:\\\/\\\/schema.org\",\"@graph\":[{\"@type\":\"Article\",\"@id\":\"https:\\\/\\\/novice.si\\\/page\\\/celjan-martin-cater-v-kitzbuhelu-zbral-12-tock\\\/#article\",\"isPartOf\":{\"@id\":\"https:\\\/\\\/novice.si\\\/page\\\/celjan-martin-cater-v-kitzbuhelu-zbral-12-tock\\\/\"},\"author\":{\"name\":\"Uredni\u0161tvo Novic\",\"@id\":\"https:\\\/\\\/novice.si\\\/page\\\/#\\\/schema\\\/person\\\/a877dbb8680d441357ce27663beb35ca\"},\"headline\":\"Celjan Martin \u010cater v Kitzb\u00fchelu zbral 12 to\u010dk\",\"datePublished\":\"2023-01-21T16:20:05+00:00\",\"dateModified\":\"2023-01-22T16:24:01+00:00\",\"mainEntityOfPage\":{\"@id\":\"https:\\\/\\\/novice.si\\\/page\\\/celjan-martin-cater-v-kitzbuhelu-zbral-12-tock\\\/\"},\"wordCount\":132,\"publisher\":{\"@id\":\"https:\\\/\\\/novice.si\\\/page\\\/#organization\"},\"image\":{\"@id\":\"https:\\\/\\\/novice.si\\\/page\\\/celjan-martin-cater-v-kitzbuhelu-zbral-12-tock\\\/#primaryimage\"},\"thumbnailUrl\":\"https:\\\/\\\/novice.si\\\/page\\\/wp-content\\\/uploads\\\/2023\\\/01\\\/cater-martin-kitzbuhel-foto-GEPA.jpg\",\"keywords\":[\"Kitzb\u00fchel\",\"Martin \u010cater\"],\"articleSection\":[\"Aktualno\",\"Celjsko\",\"\u0160port\"],\"inLanguage\":\"sl-SI\"},{\"@type\":\"WebPage\",\"@id\":\"https:\\\/\\\/novice.si\\\/page\\\/celjan-martin-cater-v-kitzbuhelu-zbral-12-tock\\\/\",\"url\":\"https:\\\/\\\/novice.si\\\/page\\\/celjan-martin-cater-v-kitzbuhelu-zbral-12-tock\\\/\",\"name\":\"Celjan Martin \u010cater v Kitzb\u00fchelu zbral 12 to\u010dk - Novice.si\",\"isPartOf\":{\"@id\":\"https:\\\/\\\/novice.si\\\/page\\\/#website\"},\"primaryImageOfPage\":{\"@id\":\"https:\\\/\\\/novice.si\\\/page\\\/celjan-martin-cater-v-kitzbuhelu-zbral-12-tock\\\/#primaryimage\"},\"image\":{\"@id\":\"https:\\\/\\\/novice.si\\\/page\\\/celjan-martin-cater-v-kitzbuhelu-zbral-12-tock\\\/#primaryimage\"},\"thumbnailUrl\":\"https:\\\/\\\/novice.si\\\/page\\\/wp-content\\\/uploads\\\/2023\\\/01\\\/cater-martin-kitzbuhel-foto-GEPA.jpg\",\"datePublished\":\"2023-01-21T16:20:05+00:00\",\"dateModified\":\"2023-01-22T16:24:01+00:00\",\"breadcrumb\":{\"@id\":\"https:\\\/\\\/novice.si\\\/page\\\/celjan-martin-cater-v-kitzbuhelu-zbral-12-tock\\\/#breadcrumb\"},\"inLanguage\":\"sl-SI\",\"potentialAction\":[{\"@type\":\"ReadAction\",\"target\":[\"https:\\\/\\\/novice.si\\\/page\\\/celjan-martin-cater-v-kitzbuhelu-zbral-12-tock\\\/\"]}]},{\"@type\":\"ImageObject\",\"inLanguage\":\"sl-SI\",\"@id\":\"https:\\\/\\\/novice.si\\\/page\\\/celjan-martin-cater-v-kitzbuhelu-zbral-12-tock\\\/#primaryimage\",\"url\":\"https:\\\/\\\/novice.si\\\/page\\\/wp-content\\\/uploads\\\/2023\\\/01\\\/cater-martin-kitzbuhel-foto-GEPA.jpg\",\"contentUrl\":\"https:\\\/\\\/novice.si\\\/page\\\/wp-content\\\/uploads\\\/2023\\\/01\\\/cater-martin-kitzbuhel-foto-GEPA.jpg\",\"width\":2048,\"height\":1351,\"caption\":\"KITZBUEHEL,AUSTRIA,20.JAN.23 - ALPINE SKIING - FIS World Cup, Hahnenkamm-race, downhill, men. Image shows Martin Cater (SLO). Photo: GEPA pictures\\\/ Matic Klansek\"},{\"@type\":\"BreadcrumbList\",\"@id\":\"https:\\\/\\\/novice.si\\\/page\\\/celjan-martin-cater-v-kitzbuhelu-zbral-12-tock\\\/#breadcrumb\",\"itemListElement\":[{\"@type\":\"ListItem\",\"position\":1,\"name\":\"Home\",\"item\":\"https:\\\/\\\/novice.si\\\/page\\\/\"},{\"@type\":\"ListItem\",\"position\":2,\"name\":\"Celjan Martin \u010cater v Kitzb\u00fchelu zbral 12 to\u010dk\"}]},{\"@type\":\"WebSite\",\"@id\":\"https:\\\/\\\/novice.si\\\/page\\\/#website\",\"url\":\"https:\\\/\\\/novice.si\\\/page\\\/\",\"name\":\"Novice.si\",\"description\":\"\",\"publisher\":{\"@id\":\"https:\\\/\\\/novice.si\\\/page\\\/#organization\"},\"potentialAction\":[{\"@type\":\"SearchAction\",\"target\":{\"@type\":\"EntryPoint\",\"urlTemplate\":\"https:\\\/\\\/novice.si\\\/page\\\/?s={search_term_string}\"},\"query-input\":{\"@type\":\"PropertyValueSpecification\",\"valueRequired\":true,\"valueName\":\"search_term_string\"}}],\"inLanguage\":\"sl-SI\"},{\"@type\":\"Organization\",\"@id\":\"https:\\\/\\\/novice.si\\\/page\\\/#organization\",\"name\":\"Novice.si\",\"url\":\"https:\\\/\\\/novice.si\\\/page\\\/\",\"logo\":{\"@type\":\"ImageObject\",\"inLanguage\":\"sl-SI\",\"@id\":\"https:\\\/\\\/novice.si\\\/page\\\/#\\\/schema\\\/logo\\\/image\\\/\",\"url\":\"https:\\\/\\\/novice.si\\\/page\\\/wp-content\\\/uploads\\\/2023\\\/03\\\/novice_si.png\",\"contentUrl\":\"https:\\\/\\\/novice.si\\\/page\\\/wp-content\\\/uploads\\\/2023\\\/03\\\/novice_si.png\",\"width\":576,\"height\":200,\"caption\":\"Novice.si\"},\"image\":{\"@id\":\"https:\\\/\\\/novice.si\\\/page\\\/#\\\/schema\\\/logo\\\/image\\\/\"}},{\"@type\":\"Person\",\"@id\":\"https:\\\/\\\/novice.si\\\/page\\\/#\\\/schema\\\/person\\\/a877dbb8680d441357ce27663beb35ca\",\"name\":\"Uredni\u0161tvo Novic\",\"image\":{\"@type\":\"ImageObject\",\"inLanguage\":\"sl-SI\",\"@id\":\"https:\\\/\\\/secure.gravatar.com\\\/avatar\\\/f19c0ae874706cc9ba19d2f6da5f74a5a5ee7674f283fed29ce0ad16a9f1893e?s=96&d=mm&r=g\",\"url\":\"https:\\\/\\\/secure.gravatar.com\\\/avatar\\\/f19c0ae874706cc9ba19d2f6da5f74a5a5ee7674f283fed29ce0ad16a9f1893e?s=96&d=mm&r=g\",\"contentUrl\":\"https:\\\/\\\/secure.gravatar.com\\\/avatar\\\/f19c0ae874706cc9ba19d2f6da5f74a5a5ee7674f283fed29ce0ad16a9f1893e?s=96&d=mm&r=g\",\"caption\":\"Uredni\u0161tvo Novic\"},\"url\":\"https:\\\/\\\/novice.si\\\/page\\\/author\\\/jure\\\/\"}]}<\/script>\n<!-- \/ Yoast SEO plugin. -->","yoast_head_json":{"title":"Celjan Martin \u010cater v Kitzb\u00fchelu zbral 12 to\u010dk - Novice.si","robots":{"index":"index","follow":"follow","max-snippet":"max-snippet:-1","max-image-preview":"max-image-preview:large","max-video-preview":"max-video-preview:-1"},"canonical":"https:\/\/novice.si\/page\/celjan-martin-cater-v-kitzbuhelu-zbral-12-tock\/","og_locale":"sl_SI","og_type":"article","og_title":"Celjan Martin \u010cater v Kitzb\u00fchelu zbral 12 to\u010dk - Novice.si","og_description":"Po Wengnu je bila na sporedu \u0161e ena smuka\u0161ka klasika. V Kitzb\u00fchelu so alpski smu\u010darji letos odpeljali kar dva smuka za svetovni pokal, Celjan Martin \u010cater pa se je obakrat uvrstil med dobitnike to\u010dk. Prvo preizku\u0161njo je kon\u010dal na 24., dana\u0161njo drugo pa na 26. mestu. S tem je na svoj ra\u010dun dodal 12 to\u010dk [&hellip;]","og_url":"https:\/\/novice.si\/page\/celjan-martin-cater-v-kitzbuhelu-zbral-12-tock\/","og_site_name":"Novice.si","article_published_time":"2023-01-21T16:20:05+00:00","article_modified_time":"2023-01-22T16:24:01+00:00","og_image":[{"width":2048,"height":1351,"url":"https:\/\/novice.si\/page\/wp-content\/uploads\/2023\/01\/cater-martin-kitzbuhel-foto-GEPA.jpg","type":"image\/jpeg"}],"author":"Uredni\u0161tvo Novic","twitter_card":"summary_large_image","twitter_misc":{"Written by":"Uredni\u0161tvo Novic","Est. reading time":"1 minuta"},"schema":{"@context":"https:\/\/schema.org","@graph":[{"@type":"Article","@id":"https:\/\/novice.si\/page\/celjan-martin-cater-v-kitzbuhelu-zbral-12-tock\/#article","isPartOf":{"@id":"https:\/\/novice.si\/page\/celjan-martin-cater-v-kitzbuhelu-zbral-12-tock\/"},"author":{"name":"Uredni\u0161tvo Novic","@id":"https:\/\/novice.si\/page\/#\/schema\/person\/a877dbb8680d441357ce27663beb35ca"},"headline":"Celjan Martin \u010cater v Kitzb\u00fchelu zbral 12 to\u010dk","datePublished":"2023-01-21T16:20:05+00:00","dateModified":"2023-01-22T16:24:01+00:00","mainEntityOfPage":{"@id":"https:\/\/novice.si\/page\/celjan-martin-cater-v-kitzbuhelu-zbral-12-tock\/"},"wordCount":132,"publisher":{"@id":"https:\/\/novice.si\/page\/#organization"},"image":{"@id":"https:\/\/novice.si\/page\/celjan-martin-cater-v-kitzbuhelu-zbral-12-tock\/#primaryimage"},"thumbnailUrl":"https:\/\/novice.si\/page\/wp-content\/uploads\/2023\/01\/cater-martin-kitzbuhel-foto-GEPA.jpg","keywords":["Kitzb\u00fchel","Martin \u010cater"],"articleSection":["Aktualno","Celjsko","\u0160port"],"inLanguage":"sl-SI"},{"@type":"WebPage","@id":"https:\/\/novice.si\/page\/celjan-martin-cater-v-kitzbuhelu-zbral-12-tock\/","url":"https:\/\/novice.si\/page\/celjan-martin-cater-v-kitzbuhelu-zbral-12-tock\/","name":"Celjan Martin \u010cater v Kitzb\u00fchelu zbral 12 to\u010dk - Novice.si","isPartOf":{"@id":"https:\/\/novice.si\/page\/#website"},"primaryImageOfPage":{"@id":"https:\/\/novice.si\/page\/celjan-martin-cater-v-kitzbuhelu-zbral-12-tock\/#primaryimage"},"image":{"@id":"https:\/\/novice.si\/page\/celjan-martin-cater-v-kitzbuhelu-zbral-12-tock\/#primaryimage"},"thumbnailUrl":"https:\/\/novice.si\/page\/wp-content\/uploads\/2023\/01\/cater-martin-kitzbuhel-foto-GEPA.jpg","datePublished":"2023-01-21T16:20:05+00:00","dateModified":"2023-01-22T16:24:01+00:00","breadcrumb":{"@id":"https:\/\/novice.si\/page\/celjan-martin-cater-v-kitzbuhelu-zbral-12-tock\/#breadcrumb"},"inLanguage":"sl-SI","potentialAction":[{"@type":"ReadAction","target":["https:\/\/novice.si\/page\/celjan-martin-cater-v-kitzbuhelu-zbral-12-tock\/"]}]},{"@type":"ImageObject","inLanguage":"sl-SI","@id":"https:\/\/novice.si\/page\/celjan-martin-cater-v-kitzbuhelu-zbral-12-tock\/#primaryimage","url":"https:\/\/novice.si\/page\/wp-content\/uploads\/2023\/01\/cater-martin-kitzbuhel-foto-GEPA.jpg","contentUrl":"https:\/\/novice.si\/page\/wp-content\/uploads\/2023\/01\/cater-martin-kitzbuhel-foto-GEPA.jpg","width":2048,"height":1351,"caption":"KITZBUEHEL,AUSTRIA,20.JAN.23 - ALPINE SKIING - FIS World Cup, Hahnenkamm-race, downhill, men. Image shows Martin Cater (SLO). Photo: GEPA pictures\/ Matic Klansek"},{"@type":"BreadcrumbList","@id":"https:\/\/novice.si\/page\/celjan-martin-cater-v-kitzbuhelu-zbral-12-tock\/#breadcrumb","itemListElement":[{"@type":"ListItem","position":1,"name":"Home","item":"https:\/\/novice.si\/page\/"},{"@type":"ListItem","position":2,"name":"Celjan Martin \u010cater v Kitzb\u00fchelu zbral 12 to\u010dk"}]},{"@type":"WebSite","@id":"https:\/\/novice.si\/page\/#website","url":"https:\/\/novice.si\/page\/","name":"Novice.si","description":"","publisher":{"@id":"https:\/\/novice.si\/page\/#organization"},"potentialAction":[{"@type":"SearchAction","target":{"@type":"EntryPoint","urlTemplate":"https:\/\/novice.si\/page\/?s={search_term_string}"},"query-input":{"@type":"PropertyValueSpecification","valueRequired":true,"valueName":"search_term_string"}}],"inLanguage":"sl-SI"},{"@type":"Organization","@id":"https:\/\/novice.si\/page\/#organization","name":"Novice.si","url":"https:\/\/novice.si\/page\/","logo":{"@type":"ImageObject","inLanguage":"sl-SI","@id":"https:\/\/novice.si\/page\/#\/schema\/logo\/image\/","url":"https:\/\/novice.si\/page\/wp-content\/uploads\/2023\/03\/novice_si.png","contentUrl":"https:\/\/novice.si\/page\/wp-content\/uploads\/2023\/03\/novice_si.png","width":576,"height":200,"caption":"Novice.si"},"image":{"@id":"https:\/\/novice.si\/page\/#\/schema\/logo\/image\/"}},{"@type":"Person","@id":"https:\/\/novice.si\/page\/#\/schema\/person\/a877dbb8680d441357ce27663beb35ca","name":"Uredni\u0161tvo Novic","image":{"@type":"ImageObject","inLanguage":"sl-SI","@id":"https:\/\/secure.gravatar.com\/avatar\/f19c0ae874706cc9ba19d2f6da5f74a5a5ee7674f283fed29ce0ad16a9f1893e?s=96&d=mm&r=g","url":"https:\/\/secure.gravatar.com\/avatar\/f19c0ae874706cc9ba19d2f6da5f74a5a5ee7674f283fed29ce0ad16a9f1893e?s=96&d=mm&r=g","contentUrl":"https:\/\/secure.gravatar.com\/avatar\/f19c0ae874706cc9ba19d2f6da5f74a5a5ee7674f283fed29ce0ad16a9f1893e?s=96&d=mm&r=g","caption":"Uredni\u0161tvo Novic"},"url":"https:\/\/novice.si\/page\/author\/jure\/"}]}},"_links":{"self":[{"href":"https:\/\/novice.si\/page\/wp-json\/wp\/v2\/posts\/159205","targetHints":{"allow":["GET"]}}],"collection":[{"href":"https:\/\/novice.si\/page\/wp-json\/wp\/v2\/posts"}],"about":[{"href":"https:\/\/novice.si\/page\/wp-json\/wp\/v2\/types\/post"}],"author":[{"embeddable":true,"href":"https:\/\/novice.si\/page\/wp-json\/wp\/v2\/users\/7"}],"replies":[{"embeddable":true,"href":"https:\/\/novice.si\/page\/wp-json\/wp\/v2\/comments?post=159205"}],"version-history":[{"count":1,"href":"https:\/\/novice.si\/page\/wp-json\/wp\/v2\/posts\/159205\/revisions"}],"predecessor-version":[{"id":159207,"href":"https:\/\/novice.si\/page\/wp-json\/wp\/v2\/posts\/159205\/revisions\/159207"}],"wp:featuredmedia":[{"embeddable":true,"href":"https:\/\/novice.si\/page\/wp-json\/wp\/v2\/media\/159206"}],"wp:attachment":[{"href":"https:\/\/novice.si\/page\/wp-json\/wp\/v2\/media?parent=159205"}],"wp:term":[{"taxonomy":"category","embeddable":true,"href":"https:\/\/novice.si\/page\/wp-json\/wp\/v2\/categories?post=159205"},{"taxonomy":"post_tag","embeddable":true,"href":"https:\/\/novice.si\/page\/wp-json\/wp\/v2\/tags?post=159205"}],"curies":[{"name":"wp","href":"https:\/\/api.w.org\/{rel}","templated":true}]}}