{"id":159193,"date":"2023-01-20T18:45:39","date_gmt":"2023-01-20T17:45:39","guid":{"rendered":"https:\/\/novice.si\/page\/?p=159193"},"modified":"2023-01-22T16:56:21","modified_gmt":"2023-01-22T15:56:21","slug":"slovenski-rokometasi-na-svetovnem-prvenstvu-brez-cetrtfinala","status":"publish","type":"post","link":"https:\/\/novice.si\/page\/slovenski-rokometasi-na-svetovnem-prvenstvu-brez-cetrtfinala\/","title":{"rendered":"Slovenski rokometa\u0161i na svetovnem prvenstvu brez \u010detrtfinala"},"content":{"rendered":"<p><a href=\"https:\/\/novice.si\/page\/wp-content\/uploads\/2023\/01\/MAL0531.jpg\" data-gallery><img loading=\"lazy\" decoding=\"async\" class=\"size-medium wp-image-159194\" src=\"https:\/\/novice.si\/page\/wp-content\/uploads\/2023\/01\/MAL0531-300x200.jpg\" alt=\"\" width=\"300\" height=\"200\" srcset=\"https:\/\/novice.si\/page\/wp-content\/uploads\/2023\/01\/MAL0531-300x200.jpg 300w, https:\/\/novice.si\/page\/wp-content\/uploads\/2023\/01\/MAL0531-1024x683.jpg 1024w, https:\/\/novice.si\/page\/wp-content\/uploads\/2023\/01\/MAL0531-768x512.jpg 768w, https:\/\/novice.si\/page\/wp-content\/uploads\/2023\/01\/MAL0531-1536x1024.jpg 1536w, https:\/\/novice.si\/page\/wp-content\/uploads\/2023\/01\/MAL0531-2048x1365.jpg 2048w, https:\/\/novice.si\/page\/wp-content\/uploads\/2023\/01\/MAL0531-696x464.jpg 696w, https:\/\/novice.si\/page\/wp-content\/uploads\/2023\/01\/MAL0531-1068x712.jpg 1068w, https:\/\/novice.si\/page\/wp-content\/uploads\/2023\/01\/MAL0531-630x420.jpg 630w, https:\/\/novice.si\/page\/wp-content\/uploads\/2023\/01\/MAL0531-24x16.jpg 24w, https:\/\/novice.si\/page\/wp-content\/uploads\/2023\/01\/MAL0531-36x24.jpg 36w, https:\/\/novice.si\/page\/wp-content\/uploads\/2023\/01\/MAL0531-48x32.jpg 48w\" sizes=\"auto, (max-width: 300px) 100vw, 300px\" \/><\/a><\/p>\n<p>Slovenska mo\u0161ka rokometna reprezentanca je na drugi tekmi drugega dela svetovnega prvenstva na \u0160vedskem in Poljskem v Krakovu izgubila proti \u0160paniji s 26:31 in nima ve\u010d mo\u017enosti za preboj v \u010detrtfinale. Slovenija se bo sicer v nedeljo pomerila \u0161e s \u010crno goro.<br \/>\nIzbranci slovenskega selektorja <strong>Uro\u0161a Zormana<\/strong> so torej do\u017eiveli drugi poraz na tokratnem prvenstvu. V skupinskem delu so jih premagali Francozi. Slovenci pa so doslej zmagali trikrat, in sicer proti Savdski Arabiji, Poljski in Iranu. Slovenske barve branijo tudi trije aktualni \u010dlani Celja Pivovarne La\u0161ko: <strong>Aleks Vlah, Stefan \u017dabi\u0107 <\/strong>in<strong> Tadej Mazej<\/strong>. (Jure Mernik)<br \/>\nFoto: IHF<\/p>\n<p>&nbsp;<\/p>\n","protected":false},"excerpt":{"rendered":"<p>Slovenska mo\u0161ka rokometna reprezentanca je na drugi tekmi drugega dela svetovnega prvenstva na \u0160vedskem in Poljskem v Krakovu izgubila proti \u0160paniji s 26:31 in nima ve\u010d mo\u017enosti za preboj v \u010detrtfinale. Slovenija se bo sicer v nedeljo pomerila \u0161e s \u010crno goro. Izbranci slovenskega selektorja Uro\u0161a Zormana so torej do\u017eiveli drugi poraz na tokratnem prvenstvu. [&hellip;]<\/p>\n","protected":false},"author":7,"featured_media":159194,"comment_status":"closed","ping_status":"closed","sticky":false,"template":"","format":"standard","meta":{"footnotes":""},"categories":[14,17,68],"tags":[479,137],"class_list":{"0":"post-159193","1":"post","2":"type-post","3":"status-publish","4":"format-standard","5":"has-post-thumbnail","7":"category-aktualno","8":"category-celjsko","9":"category-sport","10":"tag-rokomet","11":"tag-svetovno-prvenstvo"},"yoast_head":"<!-- This site is optimized with the Yoast SEO plugin v27.4 - https:\/\/yoast.com\/product\/yoast-seo-wordpress\/ -->\n<title>Slovenski rokometa\u0161i na svetovnem prvenstvu brez \u010detrtfinala - Novice.si<\/title>\n<meta name=\"robots\" content=\"index, follow, max-snippet:-1, max-image-preview:large, max-video-preview:-1\" \/>\n<link rel=\"canonical\" href=\"https:\/\/novice.si\/page\/slovenski-rokometasi-na-svetovnem-prvenstvu-brez-cetrtfinala\/\" \/>\n<meta property=\"og:locale\" content=\"sl_SI\" \/>\n<meta property=\"og:type\" content=\"article\" \/>\n<meta property=\"og:title\" content=\"Slovenski rokometa\u0161i na svetovnem prvenstvu brez \u010detrtfinala - Novice.si\" \/>\n<meta property=\"og:description\" content=\"Slovenska mo\u0161ka rokometna reprezentanca je na drugi tekmi drugega dela svetovnega prvenstva na \u0160vedskem in Poljskem v Krakovu izgubila proti \u0160paniji s 26:31 in nima ve\u010d mo\u017enosti za preboj v \u010detrtfinale. Slovenija se bo sicer v nedeljo pomerila \u0161e s \u010crno goro. Izbranci slovenskega selektorja Uro\u0161a Zormana so torej do\u017eiveli drugi poraz na tokratnem prvenstvu. [&hellip;]\" \/>\n<meta property=\"og:url\" content=\"https:\/\/novice.si\/page\/slovenski-rokometasi-na-svetovnem-prvenstvu-brez-cetrtfinala\/\" \/>\n<meta property=\"og:site_name\" content=\"Novice.si\" \/>\n<meta property=\"article:published_time\" content=\"2023-01-20T17:45:39+00:00\" \/>\n<meta property=\"article:modified_time\" content=\"2023-01-22T15:56:21+00:00\" \/>\n<meta property=\"og:image\" content=\"https:\/\/novice.si\/page\/wp-content\/uploads\/2023\/01\/MAL0531-1024x683.jpg\" \/>\n\t<meta property=\"og:image:width\" content=\"1024\" \/>\n\t<meta property=\"og:image:height\" content=\"683\" \/>\n\t<meta property=\"og:image:type\" content=\"image\/jpeg\" \/>\n<meta name=\"author\" content=\"Uredni\u0161tvo Novic\" \/>\n<meta name=\"twitter:card\" content=\"summary_large_image\" \/>\n<meta name=\"twitter:label1\" content=\"Written by\" \/>\n\t<meta name=\"twitter:data1\" content=\"Uredni\u0161tvo Novic\" \/>\n\t<meta name=\"twitter:label2\" content=\"Est. reading time\" \/>\n\t<meta name=\"twitter:data2\" content=\"1 minuta\" \/>\n<script type=\"application\/ld+json\" class=\"yoast-schema-graph\">{\"@context\":\"https:\\\/\\\/schema.org\",\"@graph\":[{\"@type\":\"Article\",\"@id\":\"https:\\\/\\\/novice.si\\\/page\\\/slovenski-rokometasi-na-svetovnem-prvenstvu-brez-cetrtfinala\\\/#article\",\"isPartOf\":{\"@id\":\"https:\\\/\\\/novice.si\\\/page\\\/slovenski-rokometasi-na-svetovnem-prvenstvu-brez-cetrtfinala\\\/\"},\"author\":{\"name\":\"Uredni\u0161tvo Novic\",\"@id\":\"https:\\\/\\\/novice.si\\\/page\\\/#\\\/schema\\\/person\\\/a877dbb8680d441357ce27663beb35ca\"},\"headline\":\"Slovenski rokometa\u0161i na svetovnem prvenstvu brez \u010detrtfinala\",\"datePublished\":\"2023-01-20T17:45:39+00:00\",\"dateModified\":\"2023-01-22T15:56:21+00:00\",\"mainEntityOfPage\":{\"@id\":\"https:\\\/\\\/novice.si\\\/page\\\/slovenski-rokometasi-na-svetovnem-prvenstvu-brez-cetrtfinala\\\/\"},\"wordCount\":110,\"publisher\":{\"@id\":\"https:\\\/\\\/novice.si\\\/page\\\/#organization\"},\"image\":{\"@id\":\"https:\\\/\\\/novice.si\\\/page\\\/slovenski-rokometasi-na-svetovnem-prvenstvu-brez-cetrtfinala\\\/#primaryimage\"},\"thumbnailUrl\":\"https:\\\/\\\/novice.si\\\/page\\\/wp-content\\\/uploads\\\/2023\\\/01\\\/MAL0531.jpg\",\"keywords\":[\"rokomet\",\"svetovno prvenstvo\"],\"articleSection\":[\"Aktualno\",\"Celjsko\",\"\u0160port\"],\"inLanguage\":\"sl-SI\"},{\"@type\":\"WebPage\",\"@id\":\"https:\\\/\\\/novice.si\\\/page\\\/slovenski-rokometasi-na-svetovnem-prvenstvu-brez-cetrtfinala\\\/\",\"url\":\"https:\\\/\\\/novice.si\\\/page\\\/slovenski-rokometasi-na-svetovnem-prvenstvu-brez-cetrtfinala\\\/\",\"name\":\"Slovenski rokometa\u0161i na svetovnem prvenstvu brez \u010detrtfinala - Novice.si\",\"isPartOf\":{\"@id\":\"https:\\\/\\\/novice.si\\\/page\\\/#website\"},\"primaryImageOfPage\":{\"@id\":\"https:\\\/\\\/novice.si\\\/page\\\/slovenski-rokometasi-na-svetovnem-prvenstvu-brez-cetrtfinala\\\/#primaryimage\"},\"image\":{\"@id\":\"https:\\\/\\\/novice.si\\\/page\\\/slovenski-rokometasi-na-svetovnem-prvenstvu-brez-cetrtfinala\\\/#primaryimage\"},\"thumbnailUrl\":\"https:\\\/\\\/novice.si\\\/page\\\/wp-content\\\/uploads\\\/2023\\\/01\\\/MAL0531.jpg\",\"datePublished\":\"2023-01-20T17:45:39+00:00\",\"dateModified\":\"2023-01-22T15:56:21+00:00\",\"breadcrumb\":{\"@id\":\"https:\\\/\\\/novice.si\\\/page\\\/slovenski-rokometasi-na-svetovnem-prvenstvu-brez-cetrtfinala\\\/#breadcrumb\"},\"inLanguage\":\"sl-SI\",\"potentialAction\":[{\"@type\":\"ReadAction\",\"target\":[\"https:\\\/\\\/novice.si\\\/page\\\/slovenski-rokometasi-na-svetovnem-prvenstvu-brez-cetrtfinala\\\/\"]}]},{\"@type\":\"ImageObject\",\"inLanguage\":\"sl-SI\",\"@id\":\"https:\\\/\\\/novice.si\\\/page\\\/slovenski-rokometasi-na-svetovnem-prvenstvu-brez-cetrtfinala\\\/#primaryimage\",\"url\":\"https:\\\/\\\/novice.si\\\/page\\\/wp-content\\\/uploads\\\/2023\\\/01\\\/MAL0531.jpg\",\"contentUrl\":\"https:\\\/\\\/novice.si\\\/page\\\/wp-content\\\/uploads\\\/2023\\\/01\\\/MAL0531.jpg\",\"width\":2400,\"height\":1600,\"caption\":\"Slovenia vs Saudi Arabia, IHF 2023 Men's World Championship - POLAND, SWEDEN, Katowice, 12.01.2023, Mandatory Credit \u00a9 Anze Malovrh \\\/ kolektiff\"},{\"@type\":\"BreadcrumbList\",\"@id\":\"https:\\\/\\\/novice.si\\\/page\\\/slovenski-rokometasi-na-svetovnem-prvenstvu-brez-cetrtfinala\\\/#breadcrumb\",\"itemListElement\":[{\"@type\":\"ListItem\",\"position\":1,\"name\":\"Home\",\"item\":\"https:\\\/\\\/novice.si\\\/page\\\/\"},{\"@type\":\"ListItem\",\"position\":2,\"name\":\"Slovenski rokometa\u0161i na svetovnem prvenstvu brez \u010detrtfinala\"}]},{\"@type\":\"WebSite\",\"@id\":\"https:\\\/\\\/novice.si\\\/page\\\/#website\",\"url\":\"https:\\\/\\\/novice.si\\\/page\\\/\",\"name\":\"Novice.si\",\"description\":\"\",\"publisher\":{\"@id\":\"https:\\\/\\\/novice.si\\\/page\\\/#organization\"},\"potentialAction\":[{\"@type\":\"SearchAction\",\"target\":{\"@type\":\"EntryPoint\",\"urlTemplate\":\"https:\\\/\\\/novice.si\\\/page\\\/?s={search_term_string}\"},\"query-input\":{\"@type\":\"PropertyValueSpecification\",\"valueRequired\":true,\"valueName\":\"search_term_string\"}}],\"inLanguage\":\"sl-SI\"},{\"@type\":\"Organization\",\"@id\":\"https:\\\/\\\/novice.si\\\/page\\\/#organization\",\"name\":\"Novice.si\",\"url\":\"https:\\\/\\\/novice.si\\\/page\\\/\",\"logo\":{\"@type\":\"ImageObject\",\"inLanguage\":\"sl-SI\",\"@id\":\"https:\\\/\\\/novice.si\\\/page\\\/#\\\/schema\\\/logo\\\/image\\\/\",\"url\":\"https:\\\/\\\/novice.si\\\/page\\\/wp-content\\\/uploads\\\/2023\\\/03\\\/novice_si.png\",\"contentUrl\":\"https:\\\/\\\/novice.si\\\/page\\\/wp-content\\\/uploads\\\/2023\\\/03\\\/novice_si.png\",\"width\":576,\"height\":200,\"caption\":\"Novice.si\"},\"image\":{\"@id\":\"https:\\\/\\\/novice.si\\\/page\\\/#\\\/schema\\\/logo\\\/image\\\/\"}},{\"@type\":\"Person\",\"@id\":\"https:\\\/\\\/novice.si\\\/page\\\/#\\\/schema\\\/person\\\/a877dbb8680d441357ce27663beb35ca\",\"name\":\"Uredni\u0161tvo Novic\",\"image\":{\"@type\":\"ImageObject\",\"inLanguage\":\"sl-SI\",\"@id\":\"https:\\\/\\\/secure.gravatar.com\\\/avatar\\\/f19c0ae874706cc9ba19d2f6da5f74a5a5ee7674f283fed29ce0ad16a9f1893e?s=96&d=mm&r=g\",\"url\":\"https:\\\/\\\/secure.gravatar.com\\\/avatar\\\/f19c0ae874706cc9ba19d2f6da5f74a5a5ee7674f283fed29ce0ad16a9f1893e?s=96&d=mm&r=g\",\"contentUrl\":\"https:\\\/\\\/secure.gravatar.com\\\/avatar\\\/f19c0ae874706cc9ba19d2f6da5f74a5a5ee7674f283fed29ce0ad16a9f1893e?s=96&d=mm&r=g\",\"caption\":\"Uredni\u0161tvo Novic\"},\"url\":\"https:\\\/\\\/novice.si\\\/page\\\/author\\\/jure\\\/\"}]}<\/script>\n<!-- \/ Yoast SEO plugin. -->","yoast_head_json":{"title":"Slovenski rokometa\u0161i na svetovnem prvenstvu brez \u010detrtfinala - Novice.si","robots":{"index":"index","follow":"follow","max-snippet":"max-snippet:-1","max-image-preview":"max-image-preview:large","max-video-preview":"max-video-preview:-1"},"canonical":"https:\/\/novice.si\/page\/slovenski-rokometasi-na-svetovnem-prvenstvu-brez-cetrtfinala\/","og_locale":"sl_SI","og_type":"article","og_title":"Slovenski rokometa\u0161i na svetovnem prvenstvu brez \u010detrtfinala - Novice.si","og_description":"Slovenska mo\u0161ka rokometna reprezentanca je na drugi tekmi drugega dela svetovnega prvenstva na \u0160vedskem in Poljskem v Krakovu izgubila proti \u0160paniji s 26:31 in nima ve\u010d mo\u017enosti za preboj v \u010detrtfinale. Slovenija se bo sicer v nedeljo pomerila \u0161e s \u010crno goro. Izbranci slovenskega selektorja Uro\u0161a Zormana so torej do\u017eiveli drugi poraz na tokratnem prvenstvu. [&hellip;]","og_url":"https:\/\/novice.si\/page\/slovenski-rokometasi-na-svetovnem-prvenstvu-brez-cetrtfinala\/","og_site_name":"Novice.si","article_published_time":"2023-01-20T17:45:39+00:00","article_modified_time":"2023-01-22T15:56:21+00:00","og_image":[{"width":1024,"height":683,"url":"https:\/\/novice.si\/page\/wp-content\/uploads\/2023\/01\/MAL0531-1024x683.jpg","type":"image\/jpeg"}],"author":"Uredni\u0161tvo Novic","twitter_card":"summary_large_image","twitter_misc":{"Written by":"Uredni\u0161tvo Novic","Est. reading time":"1 minuta"},"schema":{"@context":"https:\/\/schema.org","@graph":[{"@type":"Article","@id":"https:\/\/novice.si\/page\/slovenski-rokometasi-na-svetovnem-prvenstvu-brez-cetrtfinala\/#article","isPartOf":{"@id":"https:\/\/novice.si\/page\/slovenski-rokometasi-na-svetovnem-prvenstvu-brez-cetrtfinala\/"},"author":{"name":"Uredni\u0161tvo Novic","@id":"https:\/\/novice.si\/page\/#\/schema\/person\/a877dbb8680d441357ce27663beb35ca"},"headline":"Slovenski rokometa\u0161i na svetovnem prvenstvu brez \u010detrtfinala","datePublished":"2023-01-20T17:45:39+00:00","dateModified":"2023-01-22T15:56:21+00:00","mainEntityOfPage":{"@id":"https:\/\/novice.si\/page\/slovenski-rokometasi-na-svetovnem-prvenstvu-brez-cetrtfinala\/"},"wordCount":110,"publisher":{"@id":"https:\/\/novice.si\/page\/#organization"},"image":{"@id":"https:\/\/novice.si\/page\/slovenski-rokometasi-na-svetovnem-prvenstvu-brez-cetrtfinala\/#primaryimage"},"thumbnailUrl":"https:\/\/novice.si\/page\/wp-content\/uploads\/2023\/01\/MAL0531.jpg","keywords":["rokomet","svetovno prvenstvo"],"articleSection":["Aktualno","Celjsko","\u0160port"],"inLanguage":"sl-SI"},{"@type":"WebPage","@id":"https:\/\/novice.si\/page\/slovenski-rokometasi-na-svetovnem-prvenstvu-brez-cetrtfinala\/","url":"https:\/\/novice.si\/page\/slovenski-rokometasi-na-svetovnem-prvenstvu-brez-cetrtfinala\/","name":"Slovenski rokometa\u0161i na svetovnem prvenstvu brez \u010detrtfinala - Novice.si","isPartOf":{"@id":"https:\/\/novice.si\/page\/#website"},"primaryImageOfPage":{"@id":"https:\/\/novice.si\/page\/slovenski-rokometasi-na-svetovnem-prvenstvu-brez-cetrtfinala\/#primaryimage"},"image":{"@id":"https:\/\/novice.si\/page\/slovenski-rokometasi-na-svetovnem-prvenstvu-brez-cetrtfinala\/#primaryimage"},"thumbnailUrl":"https:\/\/novice.si\/page\/wp-content\/uploads\/2023\/01\/MAL0531.jpg","datePublished":"2023-01-20T17:45:39+00:00","dateModified":"2023-01-22T15:56:21+00:00","breadcrumb":{"@id":"https:\/\/novice.si\/page\/slovenski-rokometasi-na-svetovnem-prvenstvu-brez-cetrtfinala\/#breadcrumb"},"inLanguage":"sl-SI","potentialAction":[{"@type":"ReadAction","target":["https:\/\/novice.si\/page\/slovenski-rokometasi-na-svetovnem-prvenstvu-brez-cetrtfinala\/"]}]},{"@type":"ImageObject","inLanguage":"sl-SI","@id":"https:\/\/novice.si\/page\/slovenski-rokometasi-na-svetovnem-prvenstvu-brez-cetrtfinala\/#primaryimage","url":"https:\/\/novice.si\/page\/wp-content\/uploads\/2023\/01\/MAL0531.jpg","contentUrl":"https:\/\/novice.si\/page\/wp-content\/uploads\/2023\/01\/MAL0531.jpg","width":2400,"height":1600,"caption":"Slovenia vs Saudi Arabia, IHF 2023 Men's World Championship - POLAND, SWEDEN, Katowice, 12.01.2023, Mandatory Credit \u00a9 Anze Malovrh \/ kolektiff"},{"@type":"BreadcrumbList","@id":"https:\/\/novice.si\/page\/slovenski-rokometasi-na-svetovnem-prvenstvu-brez-cetrtfinala\/#breadcrumb","itemListElement":[{"@type":"ListItem","position":1,"name":"Home","item":"https:\/\/novice.si\/page\/"},{"@type":"ListItem","position":2,"name":"Slovenski rokometa\u0161i na svetovnem prvenstvu brez \u010detrtfinala"}]},{"@type":"WebSite","@id":"https:\/\/novice.si\/page\/#website","url":"https:\/\/novice.si\/page\/","name":"Novice.si","description":"","publisher":{"@id":"https:\/\/novice.si\/page\/#organization"},"potentialAction":[{"@type":"SearchAction","target":{"@type":"EntryPoint","urlTemplate":"https:\/\/novice.si\/page\/?s={search_term_string}"},"query-input":{"@type":"PropertyValueSpecification","valueRequired":true,"valueName":"search_term_string"}}],"inLanguage":"sl-SI"},{"@type":"Organization","@id":"https:\/\/novice.si\/page\/#organization","name":"Novice.si","url":"https:\/\/novice.si\/page\/","logo":{"@type":"ImageObject","inLanguage":"sl-SI","@id":"https:\/\/novice.si\/page\/#\/schema\/logo\/image\/","url":"https:\/\/novice.si\/page\/wp-content\/uploads\/2023\/03\/novice_si.png","contentUrl":"https:\/\/novice.si\/page\/wp-content\/uploads\/2023\/03\/novice_si.png","width":576,"height":200,"caption":"Novice.si"},"image":{"@id":"https:\/\/novice.si\/page\/#\/schema\/logo\/image\/"}},{"@type":"Person","@id":"https:\/\/novice.si\/page\/#\/schema\/person\/a877dbb8680d441357ce27663beb35ca","name":"Uredni\u0161tvo Novic","image":{"@type":"ImageObject","inLanguage":"sl-SI","@id":"https:\/\/secure.gravatar.com\/avatar\/f19c0ae874706cc9ba19d2f6da5f74a5a5ee7674f283fed29ce0ad16a9f1893e?s=96&d=mm&r=g","url":"https:\/\/secure.gravatar.com\/avatar\/f19c0ae874706cc9ba19d2f6da5f74a5a5ee7674f283fed29ce0ad16a9f1893e?s=96&d=mm&r=g","contentUrl":"https:\/\/secure.gravatar.com\/avatar\/f19c0ae874706cc9ba19d2f6da5f74a5a5ee7674f283fed29ce0ad16a9f1893e?s=96&d=mm&r=g","caption":"Uredni\u0161tvo Novic"},"url":"https:\/\/novice.si\/page\/author\/jure\/"}]}},"_links":{"self":[{"href":"https:\/\/novice.si\/page\/wp-json\/wp\/v2\/posts\/159193","targetHints":{"allow":["GET"]}}],"collection":[{"href":"https:\/\/novice.si\/page\/wp-json\/wp\/v2\/posts"}],"about":[{"href":"https:\/\/novice.si\/page\/wp-json\/wp\/v2\/types\/post"}],"author":[{"embeddable":true,"href":"https:\/\/novice.si\/page\/wp-json\/wp\/v2\/users\/7"}],"replies":[{"embeddable":true,"href":"https:\/\/novice.si\/page\/wp-json\/wp\/v2\/comments?post=159193"}],"version-history":[{"count":1,"href":"https:\/\/novice.si\/page\/wp-json\/wp\/v2\/posts\/159193\/revisions"}],"predecessor-version":[{"id":159195,"href":"https:\/\/novice.si\/page\/wp-json\/wp\/v2\/posts\/159193\/revisions\/159195"}],"wp:featuredmedia":[{"embeddable":true,"href":"https:\/\/novice.si\/page\/wp-json\/wp\/v2\/media\/159194"}],"wp:attachment":[{"href":"https:\/\/novice.si\/page\/wp-json\/wp\/v2\/media?parent=159193"}],"wp:term":[{"taxonomy":"category","embeddable":true,"href":"https:\/\/novice.si\/page\/wp-json\/wp\/v2\/categories?post=159193"},{"taxonomy":"post_tag","embeddable":true,"href":"https:\/\/novice.si\/page\/wp-json\/wp\/v2\/tags?post=159193"}],"curies":[{"name":"wp","href":"https:\/\/api.w.org\/{rel}","templated":true}]}}