{"id":159160,"date":"2023-01-20T14:27:28","date_gmt":"2023-01-20T13:27:28","guid":{"rendered":"https:\/\/novice.si\/page\/?p=159160"},"modified":"2023-01-20T14:27:28","modified_gmt":"2023-01-20T13:27:28","slug":"celje-prvi-teden-vpisali-15-oseb-brez-zdravnika","status":"publish","type":"post","link":"https:\/\/novice.si\/page\/celje-prvi-teden-vpisali-15-oseb-brez-zdravnika\/","title":{"rendered":"CELJE Prvi teden vpisali 15 oseb brez zdravnika"},"content":{"rendered":"<p>V Zdravstvenem domu Celje so prvi teden delovanja ambulante za bolnike, ki nimajo izbranega zdravnika, vpisali 15 neopredeljenih pacientov.<\/p>\n<p><a href=\"https:\/\/novice.si\/page\/wp-content\/uploads\/2018\/03\/zdravstveni-dom.jpg\" data-gallery><img loading=\"lazy\" decoding=\"async\" class=\"size-medium wp-image-75479 alignleft\" src=\"https:\/\/novice.si\/page\/wp-content\/uploads\/2018\/03\/zdravstveni-dom-300x200.jpg\" alt=\"\" width=\"300\" height=\"200\" srcset=\"https:\/\/novice.si\/page\/wp-content\/uploads\/2018\/03\/zdravstveni-dom-300x200.jpg 300w, https:\/\/novice.si\/page\/wp-content\/uploads\/2018\/03\/zdravstveni-dom-768x512.jpg 768w, https:\/\/novice.si\/page\/wp-content\/uploads\/2018\/03\/zdravstveni-dom.jpg 1024w, https:\/\/novice.si\/page\/wp-content\/uploads\/2018\/03\/zdravstveni-dom-696x464.jpg 696w, https:\/\/novice.si\/page\/wp-content\/uploads\/2018\/03\/zdravstveni-dom-631x420.jpg 631w, https:\/\/novice.si\/page\/wp-content\/uploads\/2018\/03\/zdravstveni-dom-24x16.jpg 24w, https:\/\/novice.si\/page\/wp-content\/uploads\/2018\/03\/zdravstveni-dom-36x24.jpg 36w, https:\/\/novice.si\/page\/wp-content\/uploads\/2018\/03\/zdravstveni-dom-48x32.jpg 48w\" sizes=\"auto, (max-width: 300px) 100vw, 300px\" \/><\/a>Prvi dan, v ponedeljek, so vpisali zgolj enega, nato se je zaradi pove\u010dane prepoznavnosti pove\u010dal tudi vpis. Na Celjskem je nekaj manj kot 3000 ljudi brez osebnega zdravnika, od tega je polovica tujcev.<\/p>\n<p>Zainteresirane so seznanili, da jim samo zavoljo vpisovanja ni potrebno prihajati v ambulanto, temve\u010d naj to storijo le v primeru obolevnosti oziroma ko potrebujejo recept, bolni\u0161ki stale\u017e ali napotnico. Do konca meseca bo ambulanta za neopredeljene delovala po ustaljenem urniku, nato ga bodo glede na potrebe prilagodili.<\/p>\n<p>P\u0160<\/p>\n","protected":false},"excerpt":{"rendered":"<p>V Zdravstvenem domu Celje so prvi teden delovanja ambulante za bolnike, ki nimajo izbranega zdravnika, vpisali 15 neopredeljenih pacientov. Prvi dan, v ponedeljek, so vpisali zgolj enega, nato se je zaradi pove\u010dane prepoznavnosti pove\u010dal tudi vpis. Na Celjskem je nekaj manj kot 3000 ljudi brez osebnega zdravnika, od tega je polovica tujcev. Zainteresirane so seznanili, [&hellip;]<\/p>\n","protected":false},"author":33,"featured_media":75479,"comment_status":"closed","ping_status":"closed","sticky":false,"template":"","format":"standard","meta":{"footnotes":""},"categories":[17],"tags":[16829,16908,16907,4706],"class_list":{"0":"post-159160","1":"post","2":"type-post","3":"status-publish","4":"format-standard","5":"has-post-thumbnail","7":"category-celjsko","8":"tag-ambulanta-za-neopredeljene","9":"tag-statistika-tedna","10":"tag-vpis-pacientov-brez-osebnega-zdravnika","11":"tag-zdravstveni-dom-celje"},"yoast_head":"<!-- This site is optimized with the Yoast SEO plugin v27.4 - https:\/\/yoast.com\/product\/yoast-seo-wordpress\/ -->\n<title>CELJE Prvi teden vpisali 15 oseb brez zdravnika - Novice.si<\/title>\n<meta name=\"robots\" content=\"index, follow, max-snippet:-1, max-image-preview:large, max-video-preview:-1\" \/>\n<link rel=\"canonical\" href=\"https:\/\/novice.si\/page\/celje-prvi-teden-vpisali-15-oseb-brez-zdravnika\/\" \/>\n<meta property=\"og:locale\" content=\"sl_SI\" \/>\n<meta property=\"og:type\" content=\"article\" \/>\n<meta property=\"og:title\" content=\"CELJE Prvi teden vpisali 15 oseb brez zdravnika - Novice.si\" \/>\n<meta property=\"og:description\" content=\"V Zdravstvenem domu Celje so prvi teden delovanja ambulante za bolnike, ki nimajo izbranega zdravnika, vpisali 15 neopredeljenih pacientov. Prvi dan, v ponedeljek, so vpisali zgolj enega, nato se je zaradi pove\u010dane prepoznavnosti pove\u010dal tudi vpis. Na Celjskem je nekaj manj kot 3000 ljudi brez osebnega zdravnika, od tega je polovica tujcev. Zainteresirane so seznanili, [&hellip;]\" \/>\n<meta property=\"og:url\" content=\"https:\/\/novice.si\/page\/celje-prvi-teden-vpisali-15-oseb-brez-zdravnika\/\" \/>\n<meta property=\"og:site_name\" content=\"Novice.si\" \/>\n<meta property=\"article:published_time\" content=\"2023-01-20T13:27:28+00:00\" \/>\n<meta property=\"og:image\" content=\"https:\/\/novice.si\/page\/wp-content\/uploads\/2018\/03\/zdravstveni-dom.jpg\" \/>\n\t<meta property=\"og:image:width\" content=\"1024\" \/>\n\t<meta property=\"og:image:height\" content=\"682\" \/>\n\t<meta property=\"og:image:type\" content=\"image\/jpeg\" \/>\n<meta name=\"author\" content=\"Uredni\u0161tvo Celjana\" \/>\n<meta name=\"twitter:card\" content=\"summary_large_image\" \/>\n<meta name=\"twitter:label1\" content=\"Written by\" \/>\n\t<meta name=\"twitter:data1\" content=\"Uredni\u0161tvo Celjana\" \/>\n\t<meta name=\"twitter:label2\" content=\"Est. reading time\" \/>\n\t<meta name=\"twitter:data2\" content=\"1 minuta\" \/>\n<script type=\"application\/ld+json\" class=\"yoast-schema-graph\">{\"@context\":\"https:\\\/\\\/schema.org\",\"@graph\":[{\"@type\":\"Article\",\"@id\":\"https:\\\/\\\/novice.si\\\/page\\\/celje-prvi-teden-vpisali-15-oseb-brez-zdravnika\\\/#article\",\"isPartOf\":{\"@id\":\"https:\\\/\\\/novice.si\\\/page\\\/celje-prvi-teden-vpisali-15-oseb-brez-zdravnika\\\/\"},\"author\":{\"name\":\"Uredni\u0161tvo Celjana\",\"@id\":\"https:\\\/\\\/novice.si\\\/page\\\/#\\\/schema\\\/person\\\/57f25c9642a9541c7349c65d32032c3e\"},\"headline\":\"CELJE Prvi teden vpisali 15 oseb brez zdravnika\",\"datePublished\":\"2023-01-20T13:27:28+00:00\",\"mainEntityOfPage\":{\"@id\":\"https:\\\/\\\/novice.si\\\/page\\\/celje-prvi-teden-vpisali-15-oseb-brez-zdravnika\\\/\"},\"wordCount\":108,\"publisher\":{\"@id\":\"https:\\\/\\\/novice.si\\\/page\\\/#organization\"},\"image\":{\"@id\":\"https:\\\/\\\/novice.si\\\/page\\\/celje-prvi-teden-vpisali-15-oseb-brez-zdravnika\\\/#primaryimage\"},\"thumbnailUrl\":\"https:\\\/\\\/novice.si\\\/page\\\/wp-content\\\/uploads\\\/2018\\\/03\\\/zdravstveni-dom.jpg\",\"keywords\":[\"ambulanta za neopredeljene\",\"statistika tedna\",\"vpis pacientov brez osebnega zdravnika\",\"Zdravstveni dom Celje\"],\"articleSection\":[\"Celjsko\"],\"inLanguage\":\"sl-SI\"},{\"@type\":\"WebPage\",\"@id\":\"https:\\\/\\\/novice.si\\\/page\\\/celje-prvi-teden-vpisali-15-oseb-brez-zdravnika\\\/\",\"url\":\"https:\\\/\\\/novice.si\\\/page\\\/celje-prvi-teden-vpisali-15-oseb-brez-zdravnika\\\/\",\"name\":\"CELJE Prvi teden vpisali 15 oseb brez zdravnika - Novice.si\",\"isPartOf\":{\"@id\":\"https:\\\/\\\/novice.si\\\/page\\\/#website\"},\"primaryImageOfPage\":{\"@id\":\"https:\\\/\\\/novice.si\\\/page\\\/celje-prvi-teden-vpisali-15-oseb-brez-zdravnika\\\/#primaryimage\"},\"image\":{\"@id\":\"https:\\\/\\\/novice.si\\\/page\\\/celje-prvi-teden-vpisali-15-oseb-brez-zdravnika\\\/#primaryimage\"},\"thumbnailUrl\":\"https:\\\/\\\/novice.si\\\/page\\\/wp-content\\\/uploads\\\/2018\\\/03\\\/zdravstveni-dom.jpg\",\"datePublished\":\"2023-01-20T13:27:28+00:00\",\"breadcrumb\":{\"@id\":\"https:\\\/\\\/novice.si\\\/page\\\/celje-prvi-teden-vpisali-15-oseb-brez-zdravnika\\\/#breadcrumb\"},\"inLanguage\":\"sl-SI\",\"potentialAction\":[{\"@type\":\"ReadAction\",\"target\":[\"https:\\\/\\\/novice.si\\\/page\\\/celje-prvi-teden-vpisali-15-oseb-brez-zdravnika\\\/\"]}]},{\"@type\":\"ImageObject\",\"inLanguage\":\"sl-SI\",\"@id\":\"https:\\\/\\\/novice.si\\\/page\\\/celje-prvi-teden-vpisali-15-oseb-brez-zdravnika\\\/#primaryimage\",\"url\":\"https:\\\/\\\/novice.si\\\/page\\\/wp-content\\\/uploads\\\/2018\\\/03\\\/zdravstveni-dom.jpg\",\"contentUrl\":\"https:\\\/\\\/novice.si\\\/page\\\/wp-content\\\/uploads\\\/2018\\\/03\\\/zdravstveni-dom.jpg\",\"width\":1024,\"height\":682},{\"@type\":\"BreadcrumbList\",\"@id\":\"https:\\\/\\\/novice.si\\\/page\\\/celje-prvi-teden-vpisali-15-oseb-brez-zdravnika\\\/#breadcrumb\",\"itemListElement\":[{\"@type\":\"ListItem\",\"position\":1,\"name\":\"Home\",\"item\":\"https:\\\/\\\/novice.si\\\/page\\\/\"},{\"@type\":\"ListItem\",\"position\":2,\"name\":\"CELJE Prvi teden vpisali 15 oseb brez zdravnika\"}]},{\"@type\":\"WebSite\",\"@id\":\"https:\\\/\\\/novice.si\\\/page\\\/#website\",\"url\":\"https:\\\/\\\/novice.si\\\/page\\\/\",\"name\":\"Novice.si\",\"description\":\"\",\"publisher\":{\"@id\":\"https:\\\/\\\/novice.si\\\/page\\\/#organization\"},\"potentialAction\":[{\"@type\":\"SearchAction\",\"target\":{\"@type\":\"EntryPoint\",\"urlTemplate\":\"https:\\\/\\\/novice.si\\\/page\\\/?s={search_term_string}\"},\"query-input\":{\"@type\":\"PropertyValueSpecification\",\"valueRequired\":true,\"valueName\":\"search_term_string\"}}],\"inLanguage\":\"sl-SI\"},{\"@type\":\"Organization\",\"@id\":\"https:\\\/\\\/novice.si\\\/page\\\/#organization\",\"name\":\"Novice.si\",\"url\":\"https:\\\/\\\/novice.si\\\/page\\\/\",\"logo\":{\"@type\":\"ImageObject\",\"inLanguage\":\"sl-SI\",\"@id\":\"https:\\\/\\\/novice.si\\\/page\\\/#\\\/schema\\\/logo\\\/image\\\/\",\"url\":\"https:\\\/\\\/novice.si\\\/page\\\/wp-content\\\/uploads\\\/2023\\\/03\\\/novice_si.png\",\"contentUrl\":\"https:\\\/\\\/novice.si\\\/page\\\/wp-content\\\/uploads\\\/2023\\\/03\\\/novice_si.png\",\"width\":576,\"height\":200,\"caption\":\"Novice.si\"},\"image\":{\"@id\":\"https:\\\/\\\/novice.si\\\/page\\\/#\\\/schema\\\/logo\\\/image\\\/\"}},{\"@type\":\"Person\",\"@id\":\"https:\\\/\\\/novice.si\\\/page\\\/#\\\/schema\\\/person\\\/57f25c9642a9541c7349c65d32032c3e\",\"name\":\"Uredni\u0161tvo Celjana\",\"image\":{\"@type\":\"ImageObject\",\"inLanguage\":\"sl-SI\",\"@id\":\"https:\\\/\\\/secure.gravatar.com\\\/avatar\\\/78e52bc4279b65f6df6345e0ef0f7b792d361361f230cf4ffecfe0afe6d5629c?s=96&d=mm&r=g\",\"url\":\"https:\\\/\\\/secure.gravatar.com\\\/avatar\\\/78e52bc4279b65f6df6345e0ef0f7b792d361361f230cf4ffecfe0afe6d5629c?s=96&d=mm&r=g\",\"contentUrl\":\"https:\\\/\\\/secure.gravatar.com\\\/avatar\\\/78e52bc4279b65f6df6345e0ef0f7b792d361361f230cf4ffecfe0afe6d5629c?s=96&d=mm&r=g\",\"caption\":\"Uredni\u0161tvo Celjana\"},\"url\":\"https:\\\/\\\/novice.si\\\/page\\\/author\\\/primoz\\\/\"}]}<\/script>\n<!-- \/ Yoast SEO plugin. -->","yoast_head_json":{"title":"CELJE Prvi teden vpisali 15 oseb brez zdravnika - Novice.si","robots":{"index":"index","follow":"follow","max-snippet":"max-snippet:-1","max-image-preview":"max-image-preview:large","max-video-preview":"max-video-preview:-1"},"canonical":"https:\/\/novice.si\/page\/celje-prvi-teden-vpisali-15-oseb-brez-zdravnika\/","og_locale":"sl_SI","og_type":"article","og_title":"CELJE Prvi teden vpisali 15 oseb brez zdravnika - Novice.si","og_description":"V Zdravstvenem domu Celje so prvi teden delovanja ambulante za bolnike, ki nimajo izbranega zdravnika, vpisali 15 neopredeljenih pacientov. Prvi dan, v ponedeljek, so vpisali zgolj enega, nato se je zaradi pove\u010dane prepoznavnosti pove\u010dal tudi vpis. Na Celjskem je nekaj manj kot 3000 ljudi brez osebnega zdravnika, od tega je polovica tujcev. Zainteresirane so seznanili, [&hellip;]","og_url":"https:\/\/novice.si\/page\/celje-prvi-teden-vpisali-15-oseb-brez-zdravnika\/","og_site_name":"Novice.si","article_published_time":"2023-01-20T13:27:28+00:00","og_image":[{"width":1024,"height":682,"url":"https:\/\/novice.si\/page\/wp-content\/uploads\/2018\/03\/zdravstveni-dom.jpg","type":"image\/jpeg"}],"author":"Uredni\u0161tvo Celjana","twitter_card":"summary_large_image","twitter_misc":{"Written by":"Uredni\u0161tvo Celjana","Est. reading time":"1 minuta"},"schema":{"@context":"https:\/\/schema.org","@graph":[{"@type":"Article","@id":"https:\/\/novice.si\/page\/celje-prvi-teden-vpisali-15-oseb-brez-zdravnika\/#article","isPartOf":{"@id":"https:\/\/novice.si\/page\/celje-prvi-teden-vpisali-15-oseb-brez-zdravnika\/"},"author":{"name":"Uredni\u0161tvo Celjana","@id":"https:\/\/novice.si\/page\/#\/schema\/person\/57f25c9642a9541c7349c65d32032c3e"},"headline":"CELJE Prvi teden vpisali 15 oseb brez zdravnika","datePublished":"2023-01-20T13:27:28+00:00","mainEntityOfPage":{"@id":"https:\/\/novice.si\/page\/celje-prvi-teden-vpisali-15-oseb-brez-zdravnika\/"},"wordCount":108,"publisher":{"@id":"https:\/\/novice.si\/page\/#organization"},"image":{"@id":"https:\/\/novice.si\/page\/celje-prvi-teden-vpisali-15-oseb-brez-zdravnika\/#primaryimage"},"thumbnailUrl":"https:\/\/novice.si\/page\/wp-content\/uploads\/2018\/03\/zdravstveni-dom.jpg","keywords":["ambulanta za neopredeljene","statistika tedna","vpis pacientov brez osebnega zdravnika","Zdravstveni dom Celje"],"articleSection":["Celjsko"],"inLanguage":"sl-SI"},{"@type":"WebPage","@id":"https:\/\/novice.si\/page\/celje-prvi-teden-vpisali-15-oseb-brez-zdravnika\/","url":"https:\/\/novice.si\/page\/celje-prvi-teden-vpisali-15-oseb-brez-zdravnika\/","name":"CELJE Prvi teden vpisali 15 oseb brez zdravnika - Novice.si","isPartOf":{"@id":"https:\/\/novice.si\/page\/#website"},"primaryImageOfPage":{"@id":"https:\/\/novice.si\/page\/celje-prvi-teden-vpisali-15-oseb-brez-zdravnika\/#primaryimage"},"image":{"@id":"https:\/\/novice.si\/page\/celje-prvi-teden-vpisali-15-oseb-brez-zdravnika\/#primaryimage"},"thumbnailUrl":"https:\/\/novice.si\/page\/wp-content\/uploads\/2018\/03\/zdravstveni-dom.jpg","datePublished":"2023-01-20T13:27:28+00:00","breadcrumb":{"@id":"https:\/\/novice.si\/page\/celje-prvi-teden-vpisali-15-oseb-brez-zdravnika\/#breadcrumb"},"inLanguage":"sl-SI","potentialAction":[{"@type":"ReadAction","target":["https:\/\/novice.si\/page\/celje-prvi-teden-vpisali-15-oseb-brez-zdravnika\/"]}]},{"@type":"ImageObject","inLanguage":"sl-SI","@id":"https:\/\/novice.si\/page\/celje-prvi-teden-vpisali-15-oseb-brez-zdravnika\/#primaryimage","url":"https:\/\/novice.si\/page\/wp-content\/uploads\/2018\/03\/zdravstveni-dom.jpg","contentUrl":"https:\/\/novice.si\/page\/wp-content\/uploads\/2018\/03\/zdravstveni-dom.jpg","width":1024,"height":682},{"@type":"BreadcrumbList","@id":"https:\/\/novice.si\/page\/celje-prvi-teden-vpisali-15-oseb-brez-zdravnika\/#breadcrumb","itemListElement":[{"@type":"ListItem","position":1,"name":"Home","item":"https:\/\/novice.si\/page\/"},{"@type":"ListItem","position":2,"name":"CELJE Prvi teden vpisali 15 oseb brez zdravnika"}]},{"@type":"WebSite","@id":"https:\/\/novice.si\/page\/#website","url":"https:\/\/novice.si\/page\/","name":"Novice.si","description":"","publisher":{"@id":"https:\/\/novice.si\/page\/#organization"},"potentialAction":[{"@type":"SearchAction","target":{"@type":"EntryPoint","urlTemplate":"https:\/\/novice.si\/page\/?s={search_term_string}"},"query-input":{"@type":"PropertyValueSpecification","valueRequired":true,"valueName":"search_term_string"}}],"inLanguage":"sl-SI"},{"@type":"Organization","@id":"https:\/\/novice.si\/page\/#organization","name":"Novice.si","url":"https:\/\/novice.si\/page\/","logo":{"@type":"ImageObject","inLanguage":"sl-SI","@id":"https:\/\/novice.si\/page\/#\/schema\/logo\/image\/","url":"https:\/\/novice.si\/page\/wp-content\/uploads\/2023\/03\/novice_si.png","contentUrl":"https:\/\/novice.si\/page\/wp-content\/uploads\/2023\/03\/novice_si.png","width":576,"height":200,"caption":"Novice.si"},"image":{"@id":"https:\/\/novice.si\/page\/#\/schema\/logo\/image\/"}},{"@type":"Person","@id":"https:\/\/novice.si\/page\/#\/schema\/person\/57f25c9642a9541c7349c65d32032c3e","name":"Uredni\u0161tvo Celjana","image":{"@type":"ImageObject","inLanguage":"sl-SI","@id":"https:\/\/secure.gravatar.com\/avatar\/78e52bc4279b65f6df6345e0ef0f7b792d361361f230cf4ffecfe0afe6d5629c?s=96&d=mm&r=g","url":"https:\/\/secure.gravatar.com\/avatar\/78e52bc4279b65f6df6345e0ef0f7b792d361361f230cf4ffecfe0afe6d5629c?s=96&d=mm&r=g","contentUrl":"https:\/\/secure.gravatar.com\/avatar\/78e52bc4279b65f6df6345e0ef0f7b792d361361f230cf4ffecfe0afe6d5629c?s=96&d=mm&r=g","caption":"Uredni\u0161tvo Celjana"},"url":"https:\/\/novice.si\/page\/author\/primoz\/"}]}},"_links":{"self":[{"href":"https:\/\/novice.si\/page\/wp-json\/wp\/v2\/posts\/159160","targetHints":{"allow":["GET"]}}],"collection":[{"href":"https:\/\/novice.si\/page\/wp-json\/wp\/v2\/posts"}],"about":[{"href":"https:\/\/novice.si\/page\/wp-json\/wp\/v2\/types\/post"}],"author":[{"embeddable":true,"href":"https:\/\/novice.si\/page\/wp-json\/wp\/v2\/users\/33"}],"replies":[{"embeddable":true,"href":"https:\/\/novice.si\/page\/wp-json\/wp\/v2\/comments?post=159160"}],"version-history":[{"count":1,"href":"https:\/\/novice.si\/page\/wp-json\/wp\/v2\/posts\/159160\/revisions"}],"predecessor-version":[{"id":159161,"href":"https:\/\/novice.si\/page\/wp-json\/wp\/v2\/posts\/159160\/revisions\/159161"}],"wp:featuredmedia":[{"embeddable":true,"href":"https:\/\/novice.si\/page\/wp-json\/wp\/v2\/media\/75479"}],"wp:attachment":[{"href":"https:\/\/novice.si\/page\/wp-json\/wp\/v2\/media?parent=159160"}],"wp:term":[{"taxonomy":"category","embeddable":true,"href":"https:\/\/novice.si\/page\/wp-json\/wp\/v2\/categories?post=159160"},{"taxonomy":"post_tag","embeddable":true,"href":"https:\/\/novice.si\/page\/wp-json\/wp\/v2\/tags?post=159160"}],"curies":[{"name":"wp","href":"https:\/\/api.w.org\/{rel}","templated":true}]}}