{"id":159151,"date":"2023-01-22T17:26:04","date_gmt":"2023-01-22T16:26:04","guid":{"rendered":"https:\/\/novice.si\/page\/?p=159151"},"modified":"2023-01-22T17:25:00","modified_gmt":"2023-01-22T16:25:00","slug":"zivljenjska-doba-semen","status":"publish","type":"post","link":"https:\/\/novice.si\/page\/zivljenjska-doba-semen\/","title":{"rendered":"\u017divljenjska doba semen"},"content":{"rendered":"<p>Doma vsako pomlad vrti\u010dkarji potegnejo zakladnico raznih semen na dan. Vendar imajo tudi semena svojo \u017eivljenjsko dobo. Za tista, ki ste jih prihranili od lanskega pridelka, ni dvoma, da so kaljiva, starej\u0161a pa morda ne bodo uspe\u0161no vzklila. Za najpogostej\u0161o zelenjavo v na\u0161ih vrtovih, smo preverili koliko let so posamezna semena \u0161e uporabna.<\/p>\n<p>Semena \u010debule, \u010drnega korena, pastinaka in peter\u0161ilja so uporabna 1 leto.<\/p>\n<p>Dve leti je \u017eivljenjska doba semen paprike, okre, pora in sladke koruze.<\/p>\n<p>Tri leta vzdr\u017eijo semena brokolija, gomoljne zelene, graha, fi\u017eola, kitajskega zelja, kolerabe, koren\u010dka, \u0161pina\u010de, \u0161pargljev in zelene.<\/p>\n<p>Po \u0161tirih letih \u0161e kalijo semena brsti\u010dnega ohrovta, bu\u010d, cikorije, cveta\u010de, gor\u010dice, jaj\u010devca, koroma\u010da, lubenice, ohrovta, paradi\u017enika, rde\u010de pese, repe in zelja.<\/p>\n<p>Pet let so uporabna semena endivije, kumaric, listnatega ohrovta, mu\u0161katne bu\u010de, redkvice in solate.<\/p>\n<p><a href=\"https:\/\/novice.si\/page\/wp-content\/uploads\/2023\/01\/seed_fsf.jpg\" data-gallery><img loading=\"lazy\" decoding=\"async\" class=\"alignnone size-medium wp-image-159152\" src=\"https:\/\/novice.si\/page\/wp-content\/uploads\/2023\/01\/seed_fsf-300x148.jpg\" alt=\"\" width=\"300\" height=\"148\" srcset=\"https:\/\/novice.si\/page\/wp-content\/uploads\/2023\/01\/seed_fsf-300x148.jpg 300w, https:\/\/novice.si\/page\/wp-content\/uploads\/2023\/01\/seed_fsf-768x379.jpg 768w, https:\/\/novice.si\/page\/wp-content\/uploads\/2023\/01\/seed_fsf-324x160.jpg 324w, https:\/\/novice.si\/page\/wp-content\/uploads\/2023\/01\/seed_fsf-533x261.jpg 533w, https:\/\/novice.si\/page\/wp-content\/uploads\/2023\/01\/seed_fsf-696x344.jpg 696w, https:\/\/novice.si\/page\/wp-content\/uploads\/2023\/01\/seed_fsf-24x12.jpg 24w, https:\/\/novice.si\/page\/wp-content\/uploads\/2023\/01\/seed_fsf-36x18.jpg 36w, https:\/\/novice.si\/page\/wp-content\/uploads\/2023\/01\/seed_fsf-48x24.jpg 48w, https:\/\/novice.si\/page\/wp-content\/uploads\/2023\/01\/seed_fsf.jpg 810w\" sizes=\"auto, (max-width: 300px) 100vw, 300px\" \/><\/a><\/p>\n","protected":false},"excerpt":{"rendered":"<p>Doma vsako pomlad vrti\u010dkarji potegnejo zakladnico raznih semen na dan. Vendar imajo tudi semena svojo \u017eivljenjsko dobo. Za tista, ki ste jih prihranili od lanskega pridelka, ni dvoma, da so kaljiva, starej\u0161a pa morda ne bodo uspe\u0161no vzklila. Za najpogostej\u0161o zelenjavo v na\u0161ih vrtovih, smo preverili koliko let so posamezna semena \u0161e uporabna. Semena \u010debule, [&hellip;]<\/p>\n","protected":false},"author":27,"featured_media":159152,"comment_status":"closed","ping_status":"closed","sticky":false,"template":"","format":"standard","meta":{"footnotes":""},"categories":[10],"tags":[2111,87,4933,5109,16905],"class_list":{"0":"post-159151","1":"post","2":"type-post","3":"status-publish","4":"format-standard","5":"has-post-thumbnail","7":"category-vrtnarimo","8":"tag-semena","9":"tag-vrt","10":"tag-vrtickarji","11":"tag-zelenjava","12":"tag-zivljenjska-doba-semen"},"yoast_head":"<!-- This site is optimized with the Yoast SEO plugin v27.4 - https:\/\/yoast.com\/product\/yoast-seo-wordpress\/ -->\n<title>\u017divljenjska doba semen - Novice.si<\/title>\n<meta name=\"robots\" content=\"index, follow, max-snippet:-1, max-image-preview:large, max-video-preview:-1\" \/>\n<link rel=\"canonical\" href=\"https:\/\/novice.si\/page\/zivljenjska-doba-semen\/\" \/>\n<meta property=\"og:locale\" content=\"sl_SI\" \/>\n<meta property=\"og:type\" content=\"article\" \/>\n<meta property=\"og:title\" content=\"\u017divljenjska doba semen - Novice.si\" \/>\n<meta property=\"og:description\" content=\"Doma vsako pomlad vrti\u010dkarji potegnejo zakladnico raznih semen na dan. Vendar imajo tudi semena svojo \u017eivljenjsko dobo. Za tista, ki ste jih prihranili od lanskega pridelka, ni dvoma, da so kaljiva, starej\u0161a pa morda ne bodo uspe\u0161no vzklila. Za najpogostej\u0161o zelenjavo v na\u0161ih vrtovih, smo preverili koliko let so posamezna semena \u0161e uporabna. Semena \u010debule, [&hellip;]\" \/>\n<meta property=\"og:url\" content=\"https:\/\/novice.si\/page\/zivljenjska-doba-semen\/\" \/>\n<meta property=\"og:site_name\" content=\"Novice.si\" \/>\n<meta property=\"article:published_time\" content=\"2023-01-22T16:26:04+00:00\" \/>\n<meta property=\"og:image\" content=\"https:\/\/novice.si\/page\/wp-content\/uploads\/2023\/01\/seed_fsf.jpg\" \/>\n\t<meta property=\"og:image:width\" content=\"810\" \/>\n\t<meta property=\"og:image:height\" content=\"400\" \/>\n\t<meta property=\"og:image:type\" content=\"image\/jpeg\" \/>\n<meta name=\"author\" content=\"Lu\u010dka Klajne\" \/>\n<meta name=\"twitter:card\" content=\"summary_large_image\" \/>\n<meta name=\"twitter:label1\" content=\"Written by\" \/>\n\t<meta name=\"twitter:data1\" content=\"Lu\u010dka Klajne\" \/>\n\t<meta name=\"twitter:label2\" content=\"Est. reading time\" \/>\n\t<meta name=\"twitter:data2\" content=\"1 minuta\" \/>\n<script type=\"application\/ld+json\" class=\"yoast-schema-graph\">{\"@context\":\"https:\\\/\\\/schema.org\",\"@graph\":[{\"@type\":\"Article\",\"@id\":\"https:\\\/\\\/novice.si\\\/page\\\/zivljenjska-doba-semen\\\/#article\",\"isPartOf\":{\"@id\":\"https:\\\/\\\/novice.si\\\/page\\\/zivljenjska-doba-semen\\\/\"},\"author\":{\"name\":\"Lu\u010dka Klajne\",\"@id\":\"https:\\\/\\\/novice.si\\\/page\\\/#\\\/schema\\\/person\\\/8e4432eb5dd09cc370447b8711e9c86f\"},\"headline\":\"\u017divljenjska doba semen\",\"datePublished\":\"2023-01-22T16:26:04+00:00\",\"mainEntityOfPage\":{\"@id\":\"https:\\\/\\\/novice.si\\\/page\\\/zivljenjska-doba-semen\\\/\"},\"wordCount\":150,\"publisher\":{\"@id\":\"https:\\\/\\\/novice.si\\\/page\\\/#organization\"},\"image\":{\"@id\":\"https:\\\/\\\/novice.si\\\/page\\\/zivljenjska-doba-semen\\\/#primaryimage\"},\"thumbnailUrl\":\"https:\\\/\\\/novice.si\\\/page\\\/wp-content\\\/uploads\\\/2023\\\/01\\\/seed_fsf.jpg\",\"keywords\":[\"semena\",\"vrt\",\"vrti\u010dkarji\",\"zelenjava\",\"\u017eivljenjska doba semen\"],\"articleSection\":[\"Vrtnarimo\"],\"inLanguage\":\"sl-SI\"},{\"@type\":\"WebPage\",\"@id\":\"https:\\\/\\\/novice.si\\\/page\\\/zivljenjska-doba-semen\\\/\",\"url\":\"https:\\\/\\\/novice.si\\\/page\\\/zivljenjska-doba-semen\\\/\",\"name\":\"\u017divljenjska doba semen - Novice.si\",\"isPartOf\":{\"@id\":\"https:\\\/\\\/novice.si\\\/page\\\/#website\"},\"primaryImageOfPage\":{\"@id\":\"https:\\\/\\\/novice.si\\\/page\\\/zivljenjska-doba-semen\\\/#primaryimage\"},\"image\":{\"@id\":\"https:\\\/\\\/novice.si\\\/page\\\/zivljenjska-doba-semen\\\/#primaryimage\"},\"thumbnailUrl\":\"https:\\\/\\\/novice.si\\\/page\\\/wp-content\\\/uploads\\\/2023\\\/01\\\/seed_fsf.jpg\",\"datePublished\":\"2023-01-22T16:26:04+00:00\",\"breadcrumb\":{\"@id\":\"https:\\\/\\\/novice.si\\\/page\\\/zivljenjska-doba-semen\\\/#breadcrumb\"},\"inLanguage\":\"sl-SI\",\"potentialAction\":[{\"@type\":\"ReadAction\",\"target\":[\"https:\\\/\\\/novice.si\\\/page\\\/zivljenjska-doba-semen\\\/\"]}]},{\"@type\":\"ImageObject\",\"inLanguage\":\"sl-SI\",\"@id\":\"https:\\\/\\\/novice.si\\\/page\\\/zivljenjska-doba-semen\\\/#primaryimage\",\"url\":\"https:\\\/\\\/novice.si\\\/page\\\/wp-content\\\/uploads\\\/2023\\\/01\\\/seed_fsf.jpg\",\"contentUrl\":\"https:\\\/\\\/novice.si\\\/page\\\/wp-content\\\/uploads\\\/2023\\\/01\\\/seed_fsf.jpg\",\"width\":810,\"height\":400},{\"@type\":\"BreadcrumbList\",\"@id\":\"https:\\\/\\\/novice.si\\\/page\\\/zivljenjska-doba-semen\\\/#breadcrumb\",\"itemListElement\":[{\"@type\":\"ListItem\",\"position\":1,\"name\":\"Home\",\"item\":\"https:\\\/\\\/novice.si\\\/page\\\/\"},{\"@type\":\"ListItem\",\"position\":2,\"name\":\"\u017divljenjska doba semen\"}]},{\"@type\":\"WebSite\",\"@id\":\"https:\\\/\\\/novice.si\\\/page\\\/#website\",\"url\":\"https:\\\/\\\/novice.si\\\/page\\\/\",\"name\":\"Novice.si\",\"description\":\"\",\"publisher\":{\"@id\":\"https:\\\/\\\/novice.si\\\/page\\\/#organization\"},\"potentialAction\":[{\"@type\":\"SearchAction\",\"target\":{\"@type\":\"EntryPoint\",\"urlTemplate\":\"https:\\\/\\\/novice.si\\\/page\\\/?s={search_term_string}\"},\"query-input\":{\"@type\":\"PropertyValueSpecification\",\"valueRequired\":true,\"valueName\":\"search_term_string\"}}],\"inLanguage\":\"sl-SI\"},{\"@type\":\"Organization\",\"@id\":\"https:\\\/\\\/novice.si\\\/page\\\/#organization\",\"name\":\"Novice.si\",\"url\":\"https:\\\/\\\/novice.si\\\/page\\\/\",\"logo\":{\"@type\":\"ImageObject\",\"inLanguage\":\"sl-SI\",\"@id\":\"https:\\\/\\\/novice.si\\\/page\\\/#\\\/schema\\\/logo\\\/image\\\/\",\"url\":\"https:\\\/\\\/novice.si\\\/page\\\/wp-content\\\/uploads\\\/2023\\\/03\\\/novice_si.png\",\"contentUrl\":\"https:\\\/\\\/novice.si\\\/page\\\/wp-content\\\/uploads\\\/2023\\\/03\\\/novice_si.png\",\"width\":576,\"height\":200,\"caption\":\"Novice.si\"},\"image\":{\"@id\":\"https:\\\/\\\/novice.si\\\/page\\\/#\\\/schema\\\/logo\\\/image\\\/\"}},{\"@type\":\"Person\",\"@id\":\"https:\\\/\\\/novice.si\\\/page\\\/#\\\/schema\\\/person\\\/8e4432eb5dd09cc370447b8711e9c86f\",\"name\":\"Lu\u010dka Klajne\",\"image\":{\"@type\":\"ImageObject\",\"inLanguage\":\"sl-SI\",\"@id\":\"https:\\\/\\\/secure.gravatar.com\\\/avatar\\\/6267bb297ed80573819e1e9c2957010967706b03fec9d1e96664865ce9b19def?s=96&d=mm&r=g\",\"url\":\"https:\\\/\\\/secure.gravatar.com\\\/avatar\\\/6267bb297ed80573819e1e9c2957010967706b03fec9d1e96664865ce9b19def?s=96&d=mm&r=g\",\"contentUrl\":\"https:\\\/\\\/secure.gravatar.com\\\/avatar\\\/6267bb297ed80573819e1e9c2957010967706b03fec9d1e96664865ce9b19def?s=96&d=mm&r=g\",\"caption\":\"Lu\u010dka Klajne\"},\"url\":\"https:\\\/\\\/novice.si\\\/page\\\/author\\\/lucka\\\/\"}]}<\/script>\n<!-- \/ Yoast SEO plugin. -->","yoast_head_json":{"title":"\u017divljenjska doba semen - Novice.si","robots":{"index":"index","follow":"follow","max-snippet":"max-snippet:-1","max-image-preview":"max-image-preview:large","max-video-preview":"max-video-preview:-1"},"canonical":"https:\/\/novice.si\/page\/zivljenjska-doba-semen\/","og_locale":"sl_SI","og_type":"article","og_title":"\u017divljenjska doba semen - Novice.si","og_description":"Doma vsako pomlad vrti\u010dkarji potegnejo zakladnico raznih semen na dan. Vendar imajo tudi semena svojo \u017eivljenjsko dobo. Za tista, ki ste jih prihranili od lanskega pridelka, ni dvoma, da so kaljiva, starej\u0161a pa morda ne bodo uspe\u0161no vzklila. Za najpogostej\u0161o zelenjavo v na\u0161ih vrtovih, smo preverili koliko let so posamezna semena \u0161e uporabna. Semena \u010debule, [&hellip;]","og_url":"https:\/\/novice.si\/page\/zivljenjska-doba-semen\/","og_site_name":"Novice.si","article_published_time":"2023-01-22T16:26:04+00:00","og_image":[{"width":810,"height":400,"url":"https:\/\/novice.si\/page\/wp-content\/uploads\/2023\/01\/seed_fsf.jpg","type":"image\/jpeg"}],"author":"Lu\u010dka Klajne","twitter_card":"summary_large_image","twitter_misc":{"Written by":"Lu\u010dka Klajne","Est. reading time":"1 minuta"},"schema":{"@context":"https:\/\/schema.org","@graph":[{"@type":"Article","@id":"https:\/\/novice.si\/page\/zivljenjska-doba-semen\/#article","isPartOf":{"@id":"https:\/\/novice.si\/page\/zivljenjska-doba-semen\/"},"author":{"name":"Lu\u010dka Klajne","@id":"https:\/\/novice.si\/page\/#\/schema\/person\/8e4432eb5dd09cc370447b8711e9c86f"},"headline":"\u017divljenjska doba semen","datePublished":"2023-01-22T16:26:04+00:00","mainEntityOfPage":{"@id":"https:\/\/novice.si\/page\/zivljenjska-doba-semen\/"},"wordCount":150,"publisher":{"@id":"https:\/\/novice.si\/page\/#organization"},"image":{"@id":"https:\/\/novice.si\/page\/zivljenjska-doba-semen\/#primaryimage"},"thumbnailUrl":"https:\/\/novice.si\/page\/wp-content\/uploads\/2023\/01\/seed_fsf.jpg","keywords":["semena","vrt","vrti\u010dkarji","zelenjava","\u017eivljenjska doba semen"],"articleSection":["Vrtnarimo"],"inLanguage":"sl-SI"},{"@type":"WebPage","@id":"https:\/\/novice.si\/page\/zivljenjska-doba-semen\/","url":"https:\/\/novice.si\/page\/zivljenjska-doba-semen\/","name":"\u017divljenjska doba semen - Novice.si","isPartOf":{"@id":"https:\/\/novice.si\/page\/#website"},"primaryImageOfPage":{"@id":"https:\/\/novice.si\/page\/zivljenjska-doba-semen\/#primaryimage"},"image":{"@id":"https:\/\/novice.si\/page\/zivljenjska-doba-semen\/#primaryimage"},"thumbnailUrl":"https:\/\/novice.si\/page\/wp-content\/uploads\/2023\/01\/seed_fsf.jpg","datePublished":"2023-01-22T16:26:04+00:00","breadcrumb":{"@id":"https:\/\/novice.si\/page\/zivljenjska-doba-semen\/#breadcrumb"},"inLanguage":"sl-SI","potentialAction":[{"@type":"ReadAction","target":["https:\/\/novice.si\/page\/zivljenjska-doba-semen\/"]}]},{"@type":"ImageObject","inLanguage":"sl-SI","@id":"https:\/\/novice.si\/page\/zivljenjska-doba-semen\/#primaryimage","url":"https:\/\/novice.si\/page\/wp-content\/uploads\/2023\/01\/seed_fsf.jpg","contentUrl":"https:\/\/novice.si\/page\/wp-content\/uploads\/2023\/01\/seed_fsf.jpg","width":810,"height":400},{"@type":"BreadcrumbList","@id":"https:\/\/novice.si\/page\/zivljenjska-doba-semen\/#breadcrumb","itemListElement":[{"@type":"ListItem","position":1,"name":"Home","item":"https:\/\/novice.si\/page\/"},{"@type":"ListItem","position":2,"name":"\u017divljenjska doba semen"}]},{"@type":"WebSite","@id":"https:\/\/novice.si\/page\/#website","url":"https:\/\/novice.si\/page\/","name":"Novice.si","description":"","publisher":{"@id":"https:\/\/novice.si\/page\/#organization"},"potentialAction":[{"@type":"SearchAction","target":{"@type":"EntryPoint","urlTemplate":"https:\/\/novice.si\/page\/?s={search_term_string}"},"query-input":{"@type":"PropertyValueSpecification","valueRequired":true,"valueName":"search_term_string"}}],"inLanguage":"sl-SI"},{"@type":"Organization","@id":"https:\/\/novice.si\/page\/#organization","name":"Novice.si","url":"https:\/\/novice.si\/page\/","logo":{"@type":"ImageObject","inLanguage":"sl-SI","@id":"https:\/\/novice.si\/page\/#\/schema\/logo\/image\/","url":"https:\/\/novice.si\/page\/wp-content\/uploads\/2023\/03\/novice_si.png","contentUrl":"https:\/\/novice.si\/page\/wp-content\/uploads\/2023\/03\/novice_si.png","width":576,"height":200,"caption":"Novice.si"},"image":{"@id":"https:\/\/novice.si\/page\/#\/schema\/logo\/image\/"}},{"@type":"Person","@id":"https:\/\/novice.si\/page\/#\/schema\/person\/8e4432eb5dd09cc370447b8711e9c86f","name":"Lu\u010dka Klajne","image":{"@type":"ImageObject","inLanguage":"sl-SI","@id":"https:\/\/secure.gravatar.com\/avatar\/6267bb297ed80573819e1e9c2957010967706b03fec9d1e96664865ce9b19def?s=96&d=mm&r=g","url":"https:\/\/secure.gravatar.com\/avatar\/6267bb297ed80573819e1e9c2957010967706b03fec9d1e96664865ce9b19def?s=96&d=mm&r=g","contentUrl":"https:\/\/secure.gravatar.com\/avatar\/6267bb297ed80573819e1e9c2957010967706b03fec9d1e96664865ce9b19def?s=96&d=mm&r=g","caption":"Lu\u010dka Klajne"},"url":"https:\/\/novice.si\/page\/author\/lucka\/"}]}},"_links":{"self":[{"href":"https:\/\/novice.si\/page\/wp-json\/wp\/v2\/posts\/159151","targetHints":{"allow":["GET"]}}],"collection":[{"href":"https:\/\/novice.si\/page\/wp-json\/wp\/v2\/posts"}],"about":[{"href":"https:\/\/novice.si\/page\/wp-json\/wp\/v2\/types\/post"}],"author":[{"embeddable":true,"href":"https:\/\/novice.si\/page\/wp-json\/wp\/v2\/users\/27"}],"replies":[{"embeddable":true,"href":"https:\/\/novice.si\/page\/wp-json\/wp\/v2\/comments?post=159151"}],"version-history":[{"count":1,"href":"https:\/\/novice.si\/page\/wp-json\/wp\/v2\/posts\/159151\/revisions"}],"predecessor-version":[{"id":159153,"href":"https:\/\/novice.si\/page\/wp-json\/wp\/v2\/posts\/159151\/revisions\/159153"}],"wp:featuredmedia":[{"embeddable":true,"href":"https:\/\/novice.si\/page\/wp-json\/wp\/v2\/media\/159152"}],"wp:attachment":[{"href":"https:\/\/novice.si\/page\/wp-json\/wp\/v2\/media?parent=159151"}],"wp:term":[{"taxonomy":"category","embeddable":true,"href":"https:\/\/novice.si\/page\/wp-json\/wp\/v2\/categories?post=159151"},{"taxonomy":"post_tag","embeddable":true,"href":"https:\/\/novice.si\/page\/wp-json\/wp\/v2\/tags?post=159151"}],"curies":[{"name":"wp","href":"https:\/\/api.w.org\/{rel}","templated":true}]}}