{"id":159106,"date":"2023-01-19T10:34:22","date_gmt":"2023-01-19T09:34:22","guid":{"rendered":"https:\/\/novice.si\/page\/?p=159106"},"modified":"2023-01-19T10:34:22","modified_gmt":"2023-01-19T09:34:22","slug":"jutri-predstavitev-nove-monografije-o-preobrazbi-slovenske-bistrice","status":"publish","type":"post","link":"https:\/\/novice.si\/page\/jutri-predstavitev-nove-monografije-o-preobrazbi-slovenske-bistrice\/","title":{"rendered":"Jutri predstavitev nove monografije o preobrazbi Slovenske Bistrice"},"content":{"rendered":"<p>Iz\u0161la je monografija <strong><em>Preobrazbe mesta &#8211; zgodovinska, arhitekturna in umetnostna dedi\u0161\u010dina Slovenske Bistrice.<\/em><\/strong> Predstavlja prvi sistemati\u010dni pregled arhitekturne dedi\u0161\u010dine v tem kraju in prina\u0161a nova spoznanja o zgodovini mesta, umetni\u0161kih delih, stavbah in ljudeh. Knjigo bo jutri, <strong>20. januarja<\/strong>, zve\u010der v Slom\u0161kovem domu v Slovenski Bistrici predstavila avtorica <strong>dr. Simona Kostanj\u0161ek Brglez.<\/strong> Dogodek je namenjen vsem zainteresiranim, prireja ga Zgodovinsko dru\u0161tvo dr. Jo\u017eeta Koropca Slovenska Bistrica.<\/p>\n\r\n                <style type=\"text\/css\">\r\n                    \r\n                    #tdi_1  .td-doubleSlider-2 .td-item1 {\r\n                        background: url(https:\/\/novice.si\/page\/wp-content\/uploads\/2023\/01\/preobrazbe-1_resize-80x60.jpg) 0 0 no-repeat;\r\n                    }\r\n                    #tdi_1  .td-doubleSlider-2 .td-item2 {\r\n                        background: url(https:\/\/novice.si\/page\/wp-content\/uploads\/2023\/01\/Danasnji-Trg-Alfonza-Sarha_resize-80x60.jpg) 0 0 no-repeat;\r\n                    }\r\n                    #tdi_1  .td-doubleSlider-2 .td-item3 {\r\n                        background: url(https:\/\/novice.si\/page\/wp-content\/uploads\/2023\/01\/Herakles-in-Hermez-v-uvozu-gradu_resize-80x60.jpg) 0 0 no-repeat;\r\n                    }\r\n                    #tdi_1  .td-doubleSlider-2 .td-item4 {\r\n                        background: url(https:\/\/novice.si\/page\/wp-content\/uploads\/2023\/01\/Juhartov-dvor-iz-leta-1918_resize-80x60.jpg) 0 0 no-repeat;\r\n                    }\r\n                    #tdi_1  .td-doubleSlider-2 .td-item5 {\r\n                        background: url(https:\/\/novice.si\/page\/wp-content\/uploads\/2023\/01\/Personifikaciji-Azije-in-Amerike-na-oboku-Ksaverjeve-kapele-zupnijske-cerkve_resize-80x60.jpg) 0 0 no-repeat;\r\n                    }\r\n                    #tdi_1  .td-doubleSlider-2 .td-item6 {\r\n                        background: url(https:\/\/novice.si\/page\/wp-content\/uploads\/2023\/01\/Simona-Kostanjsek-Brglez1_resize-80x60.jpg) 0 0 no-repeat;\r\n                    }\r\n                    #tdi_1  .td-doubleSlider-2 .td-item7 {\r\n                        background: url(https:\/\/novice.si\/page\/wp-content\/uploads\/2023\/01\/vabilo_resize-80x60.jpg) 0 0 no-repeat;\r\n                    }\r\n                <\/style>\r\n\r\n                <div id=\"tdi_1\" class=\"td-gallery td-slide-on-2-columns\">\r\n                    <div class=\"post_td_gallery\">\r\n                        <div class=\"td-gallery-slide-top\">\r\n                           <div class=\"td-gallery-title\"><\/div>\r\n\r\n                            <div class=\"td-gallery-controls-wrapper\">\r\n                                <div class=\"td-gallery-slide-count\"><span class=\"td-gallery-slide-item-focus\">1<\/span> od 7<\/div>\r\n                                <div class=\"td-gallery-slide-prev-next-but\">\r\n                                    <i class = \"td-icon-left doubleSliderPrevButton\"><\/i>\r\n                                    <i class = \"td-icon-right doubleSliderNextButton\"><\/i>\r\n                                <\/div>\r\n                            <\/div>\r\n                        <\/div>\r\n\r\n                        <div class = \"td-doubleSlider-1 \">\r\n                            <div class = \"td-slider\">\r\n                                \r\n                    <div class = \"td-slide-item td-item1\">\r\n                        <figure class=\"td-slide-galery-figure td-slide-popup-gallery\">\r\n                            <a class=\"slide-gallery-image-link\" href=\"https:\/\/novice.si\/page\/wp-content\/uploads\/2023\/01\/preobrazbe-1_resize.jpg\" title=\"preobrazbe 1_resize\"  data-caption=\"\"  data-description=\"\" data-gallery>\r\n                                <img decoding=\"async\" src=\"https:\/\/novice.si\/page\/wp-content\/uploads\/2023\/01\/preobrazbe-1_resize-649x420.jpg\" srcset=\"https:\/\/novice.si\/page\/wp-content\/uploads\/2023\/01\/preobrazbe-1_resize-649x420.jpg 649w, https:\/\/novice.si\/page\/wp-content\/uploads\/2023\/01\/preobrazbe-1_resize-300x194.jpg 300w, https:\/\/novice.si\/page\/wp-content\/uploads\/2023\/01\/preobrazbe-1_resize-768x497.jpg 768w, https:\/\/novice.si\/page\/wp-content\/uploads\/2023\/01\/preobrazbe-1_resize-696x450.jpg 696w, https:\/\/novice.si\/page\/wp-content\/uploads\/2023\/01\/preobrazbe-1_resize-24x16.jpg 24w, https:\/\/novice.si\/page\/wp-content\/uploads\/2023\/01\/preobrazbe-1_resize-36x23.jpg 36w, https:\/\/novice.si\/page\/wp-content\/uploads\/2023\/01\/preobrazbe-1_resize-48x31.jpg 48w, https:\/\/novice.si\/page\/wp-content\/uploads\/2023\/01\/preobrazbe-1_resize.jpg 1000w\" sizes=\"(max-width: 649px) 100vw, 649px\" alt=\"\">\r\n                            <\/a>\r\n                            \r\n                        <\/figure>\r\n                    <\/div>\r\n                    <div class = \"td-slide-item td-item2\">\r\n                        <figure class=\"td-slide-galery-figure td-slide-popup-gallery\">\r\n                            <a class=\"slide-gallery-image-link\" href=\"https:\/\/novice.si\/page\/wp-content\/uploads\/2023\/01\/Danasnji-Trg-Alfonza-Sarha_resize.jpg\" title=\"Dana\u0161nji Trg Alfonza \u0160arha_resize\"  data-caption=\"V monografiji je predstavljenih ve\u010d kot sto zgradb in pribli\u017eno trikrat toliko z njimi in mestom povezanih ljudi. Dana\u0161nji Trg Alfonza \u0160arha\"  data-description=\"\" data-gallery>\r\n                                <img decoding=\"async\" src=\"https:\/\/novice.si\/page\/wp-content\/uploads\/2023\/01\/Danasnji-Trg-Alfonza-Sarha_resize-673x420.jpg\" srcset=\"https:\/\/novice.si\/page\/wp-content\/uploads\/2023\/01\/Danasnji-Trg-Alfonza-Sarha_resize-673x420.jpg 673w, https:\/\/novice.si\/page\/wp-content\/uploads\/2023\/01\/Danasnji-Trg-Alfonza-Sarha_resize-300x187.jpg 300w, https:\/\/novice.si\/page\/wp-content\/uploads\/2023\/01\/Danasnji-Trg-Alfonza-Sarha_resize-768x479.jpg 768w, https:\/\/novice.si\/page\/wp-content\/uploads\/2023\/01\/Danasnji-Trg-Alfonza-Sarha_resize-696x434.jpg 696w, https:\/\/novice.si\/page\/wp-content\/uploads\/2023\/01\/Danasnji-Trg-Alfonza-Sarha_resize-24x15.jpg 24w, https:\/\/novice.si\/page\/wp-content\/uploads\/2023\/01\/Danasnji-Trg-Alfonza-Sarha_resize-36x22.jpg 36w, https:\/\/novice.si\/page\/wp-content\/uploads\/2023\/01\/Danasnji-Trg-Alfonza-Sarha_resize-48x30.jpg 48w, https:\/\/novice.si\/page\/wp-content\/uploads\/2023\/01\/Danasnji-Trg-Alfonza-Sarha_resize.jpg 1000w\" sizes=\"(max-width: 673px) 100vw, 673px\" alt=\"\">\r\n                            <\/a>\r\n                            <figcaption class = \"td-slide-caption td-gallery-slide-content\"><div class = \"td-gallery-slide-copywrite\">V monografiji je predstavljenih ve\u010d kot sto zgradb in pribli\u017eno trikrat toliko z njimi in mestom povezanih ljudi. Dana\u0161nji Trg Alfonza \u0160arha<\/div><\/figcaption>\r\n                        <\/figure>\r\n                    <\/div>\r\n                    <div class = \"td-slide-item td-item3\">\r\n                        <figure class=\"td-slide-galery-figure td-slide-popup-gallery\">\r\n                            <a class=\"slide-gallery-image-link\" href=\"https:\/\/novice.si\/page\/wp-content\/uploads\/2023\/01\/Herakles-in-Hermez-v-uvozu-gradu_resize.jpg\" title=\"Herakles in Hermez v uvozu gradu_resize\"  data-caption=\"Herakles in Hermez v uvozu gradu\"  data-description=\"\" data-gallery>\r\n                                <img decoding=\"async\" src=\"https:\/\/novice.si\/page\/wp-content\/uploads\/2023\/01\/Herakles-in-Hermez-v-uvozu-gradu_resize-630x420.jpg\" srcset=\"https:\/\/novice.si\/page\/wp-content\/uploads\/2023\/01\/Herakles-in-Hermez-v-uvozu-gradu_resize-630x420.jpg 630w, https:\/\/novice.si\/page\/wp-content\/uploads\/2023\/01\/Herakles-in-Hermez-v-uvozu-gradu_resize-300x200.jpg 300w, https:\/\/novice.si\/page\/wp-content\/uploads\/2023\/01\/Herakles-in-Hermez-v-uvozu-gradu_resize-768x512.jpg 768w, https:\/\/novice.si\/page\/wp-content\/uploads\/2023\/01\/Herakles-in-Hermez-v-uvozu-gradu_resize-696x464.jpg 696w, https:\/\/novice.si\/page\/wp-content\/uploads\/2023\/01\/Herakles-in-Hermez-v-uvozu-gradu_resize-24x16.jpg 24w, https:\/\/novice.si\/page\/wp-content\/uploads\/2023\/01\/Herakles-in-Hermez-v-uvozu-gradu_resize-36x24.jpg 36w, https:\/\/novice.si\/page\/wp-content\/uploads\/2023\/01\/Herakles-in-Hermez-v-uvozu-gradu_resize-48x32.jpg 48w, https:\/\/novice.si\/page\/wp-content\/uploads\/2023\/01\/Herakles-in-Hermez-v-uvozu-gradu_resize.jpg 1000w\" sizes=\"(max-width: 630px) 100vw, 630px\" alt=\"\">\r\n                            <\/a>\r\n                            <figcaption class = \"td-slide-caption td-gallery-slide-content\"><div class = \"td-gallery-slide-copywrite\">Herakles in Hermez v uvozu gradu<\/div><\/figcaption>\r\n                        <\/figure>\r\n                    <\/div>\r\n                    <div class = \"td-slide-item td-item4\">\r\n                        <figure class=\"td-slide-galery-figure td-slide-popup-gallery\">\r\n                            <a class=\"slide-gallery-image-link\" href=\"https:\/\/novice.si\/page\/wp-content\/uploads\/2023\/01\/Juhartov-dvor-iz-leta-1918_resize.jpg\" title=\"Juhartov dvor iz leta 1918_resize\"  data-caption=\"Juhartov dvor iz leta 1918\"  data-description=\"\" data-gallery>\r\n                                <img decoding=\"async\" src=\"https:\/\/novice.si\/page\/wp-content\/uploads\/2023\/01\/Juhartov-dvor-iz-leta-1918_resize-630x420.jpg\" srcset=\"https:\/\/novice.si\/page\/wp-content\/uploads\/2023\/01\/Juhartov-dvor-iz-leta-1918_resize-630x420.jpg 630w, https:\/\/novice.si\/page\/wp-content\/uploads\/2023\/01\/Juhartov-dvor-iz-leta-1918_resize-300x200.jpg 300w, https:\/\/novice.si\/page\/wp-content\/uploads\/2023\/01\/Juhartov-dvor-iz-leta-1918_resize-768x512.jpg 768w, https:\/\/novice.si\/page\/wp-content\/uploads\/2023\/01\/Juhartov-dvor-iz-leta-1918_resize-696x464.jpg 696w, https:\/\/novice.si\/page\/wp-content\/uploads\/2023\/01\/Juhartov-dvor-iz-leta-1918_resize-24x16.jpg 24w, https:\/\/novice.si\/page\/wp-content\/uploads\/2023\/01\/Juhartov-dvor-iz-leta-1918_resize-36x24.jpg 36w, https:\/\/novice.si\/page\/wp-content\/uploads\/2023\/01\/Juhartov-dvor-iz-leta-1918_resize-48x32.jpg 48w, https:\/\/novice.si\/page\/wp-content\/uploads\/2023\/01\/Juhartov-dvor-iz-leta-1918_resize.jpg 1000w\" sizes=\"(max-width: 630px) 100vw, 630px\" alt=\"\">\r\n                            <\/a>\r\n                            <figcaption class = \"td-slide-caption td-gallery-slide-content\"><div class = \"td-gallery-slide-copywrite\">Juhartov dvor iz leta 1918<\/div><\/figcaption>\r\n                        <\/figure>\r\n                    <\/div>\r\n                    <div class = \"td-slide-item td-item5\">\r\n                        <figure class=\"td-slide-galery-figure td-slide-popup-gallery\">\r\n                            <a class=\"slide-gallery-image-link\" href=\"https:\/\/novice.si\/page\/wp-content\/uploads\/2023\/01\/Personifikaciji-Azije-in-Amerike-na-oboku-Ksaverjeve-kapele-zupnijske-cerkve_resize.jpg\" title=\"Personifikaciji Azije in Amerike na oboku Ksaverjeve kapele \u017eupnijske cerkve_resize\"  data-caption=\"Personifikaciji Azije in Amerike na oboku Ksaverjeve kapele \u017eupnijske cerkve\"  data-description=\"\" data-gallery>\r\n                                <img decoding=\"async\" src=\"https:\/\/novice.si\/page\/wp-content\/uploads\/2023\/01\/Personifikaciji-Azije-in-Amerike-na-oboku-Ksaverjeve-kapele-zupnijske-cerkve_resize-630x420.jpg\" srcset=\"https:\/\/novice.si\/page\/wp-content\/uploads\/2023\/01\/Personifikaciji-Azije-in-Amerike-na-oboku-Ksaverjeve-kapele-zupnijske-cerkve_resize-630x420.jpg 630w, https:\/\/novice.si\/page\/wp-content\/uploads\/2023\/01\/Personifikaciji-Azije-in-Amerike-na-oboku-Ksaverjeve-kapele-zupnijske-cerkve_resize-300x200.jpg 300w, https:\/\/novice.si\/page\/wp-content\/uploads\/2023\/01\/Personifikaciji-Azije-in-Amerike-na-oboku-Ksaverjeve-kapele-zupnijske-cerkve_resize-768x512.jpg 768w, https:\/\/novice.si\/page\/wp-content\/uploads\/2023\/01\/Personifikaciji-Azije-in-Amerike-na-oboku-Ksaverjeve-kapele-zupnijske-cerkve_resize-696x464.jpg 696w, https:\/\/novice.si\/page\/wp-content\/uploads\/2023\/01\/Personifikaciji-Azije-in-Amerike-na-oboku-Ksaverjeve-kapele-zupnijske-cerkve_resize-24x16.jpg 24w, https:\/\/novice.si\/page\/wp-content\/uploads\/2023\/01\/Personifikaciji-Azije-in-Amerike-na-oboku-Ksaverjeve-kapele-zupnijske-cerkve_resize-36x24.jpg 36w, https:\/\/novice.si\/page\/wp-content\/uploads\/2023\/01\/Personifikaciji-Azije-in-Amerike-na-oboku-Ksaverjeve-kapele-zupnijske-cerkve_resize-48x32.jpg 48w, https:\/\/novice.si\/page\/wp-content\/uploads\/2023\/01\/Personifikaciji-Azije-in-Amerike-na-oboku-Ksaverjeve-kapele-zupnijske-cerkve_resize.jpg 1000w\" sizes=\"(max-width: 630px) 100vw, 630px\" alt=\"\">\r\n                            <\/a>\r\n                            <figcaption class = \"td-slide-caption td-gallery-slide-content\"><div class = \"td-gallery-slide-copywrite\">Personifikaciji Azije in Amerike na oboku Ksaverjeve kapele \u017eupnijske cerkve<\/div><\/figcaption>\r\n                        <\/figure>\r\n                    <\/div>\r\n                    <div class = \"td-slide-item td-item6\">\r\n                        <figure class=\"td-slide-galery-figure td-slide-popup-gallery\">\r\n                            <a class=\"slide-gallery-image-link\" href=\"https:\/\/novice.si\/page\/wp-content\/uploads\/2023\/01\/Simona-Kostanjsek-Brglez1_resize.jpg\" title=\"Simona Kostanjsek Brglez1_resize\"  data-caption=\"Avtorica monografije, dr. Simona Kostanj\u0161ek Brglez \"  data-description=\"\" data-gallery>\r\n                                <img decoding=\"async\" src=\"https:\/\/novice.si\/page\/wp-content\/uploads\/2023\/01\/Simona-Kostanjsek-Brglez1_resize-590x420.jpg\" srcset=\"https:\/\/novice.si\/page\/wp-content\/uploads\/2023\/01\/Simona-Kostanjsek-Brglez1_resize-590x420.jpg 590w, https:\/\/novice.si\/page\/wp-content\/uploads\/2023\/01\/Simona-Kostanjsek-Brglez1_resize-300x213.jpg 300w, https:\/\/novice.si\/page\/wp-content\/uploads\/2023\/01\/Simona-Kostanjsek-Brglez1_resize-768x546.jpg 768w, https:\/\/novice.si\/page\/wp-content\/uploads\/2023\/01\/Simona-Kostanjsek-Brglez1_resize-100x70.jpg 100w, https:\/\/novice.si\/page\/wp-content\/uploads\/2023\/01\/Simona-Kostanjsek-Brglez1_resize-696x495.jpg 696w, https:\/\/novice.si\/page\/wp-content\/uploads\/2023\/01\/Simona-Kostanjsek-Brglez1_resize-24x17.jpg 24w, https:\/\/novice.si\/page\/wp-content\/uploads\/2023\/01\/Simona-Kostanjsek-Brglez1_resize-36x26.jpg 36w, https:\/\/novice.si\/page\/wp-content\/uploads\/2023\/01\/Simona-Kostanjsek-Brglez1_resize-48x34.jpg 48w, https:\/\/novice.si\/page\/wp-content\/uploads\/2023\/01\/Simona-Kostanjsek-Brglez1_resize.jpg 984w\" sizes=\"(max-width: 590px) 100vw, 590px\" alt=\"\">\r\n                            <\/a>\r\n                            <figcaption class = \"td-slide-caption td-gallery-slide-content\"><div class = \"td-gallery-slide-copywrite\">Avtorica monografije, dr. Simona Kostanj\u0161ek Brglez <\/div><\/figcaption>\r\n                        <\/figure>\r\n                    <\/div>\r\n                    <div class = \"td-slide-item td-item7\">\r\n                        <figure class=\"td-slide-galery-figure td-slide-popup-gallery\">\r\n                            <a class=\"slide-gallery-image-link\" href=\"https:\/\/novice.si\/page\/wp-content\/uploads\/2023\/01\/vabilo_resize.jpg\" title=\"vabilo_resize\"  data-caption=\"\"  data-description=\"\" data-gallery>\r\n                                <img decoding=\"async\" src=\"https:\/\/novice.si\/page\/wp-content\/uploads\/2023\/01\/vabilo_resize-298x420.jpg\" srcset=\"https:\/\/novice.si\/page\/wp-content\/uploads\/2023\/01\/vabilo_resize-298x420.jpg 298w, https:\/\/novice.si\/page\/wp-content\/uploads\/2023\/01\/vabilo_resize-213x300.jpg 213w, https:\/\/novice.si\/page\/wp-content\/uploads\/2023\/01\/vabilo_resize-17x24.jpg 17w, https:\/\/novice.si\/page\/wp-content\/uploads\/2023\/01\/vabilo_resize-26x36.jpg 26w, https:\/\/novice.si\/page\/wp-content\/uploads\/2023\/01\/vabilo_resize-34x48.jpg 34w, https:\/\/novice.si\/page\/wp-content\/uploads\/2023\/01\/vabilo_resize.jpg 496w\" sizes=\"(max-width: 298px) 100vw, 298px\" alt=\"\">\r\n                            <\/a>\r\n                            \r\n                        <\/figure>\r\n                    <\/div>\r\n                            <\/div>\r\n                        <\/div>\r\n\r\n                        <div class = \"td-doubleSlider-2\">\r\n                            <div class = \"td-slider\">\r\n                                \r\n                    <div class = \"td-button td-item1\">\r\n                        <div class = \"td-border\"><\/div>\r\n                    <\/div>\r\n                    <div class = \"td-button td-item2\">\r\n                        <div class = \"td-border\"><\/div>\r\n                    <\/div>\r\n                    <div class = \"td-button td-item3\">\r\n                        <div class = \"td-border\"><\/div>\r\n                    <\/div>\r\n                    <div class = \"td-button td-item4\">\r\n                        <div class = \"td-border\"><\/div>\r\n                    <\/div>\r\n                    <div class = \"td-button td-item5\">\r\n                        <div class = \"td-border\"><\/div>\r\n                    <\/div>\r\n                    <div class = \"td-button td-item6\">\r\n                        <div class = \"td-border\"><\/div>\r\n                    <\/div>\r\n                    <div class = \"td-button td-item7\">\r\n                        <div class = \"td-border\"><\/div>\r\n                    <\/div>\r\n                            <\/div>\r\n                        <\/div>\r\n\r\n                    <\/div>\r\n\r\n                <\/div>\r\n                \n<p>\u00bbMonografija na 432 straneh prina\u0161a najpomembnej\u0161e podatke o zgodovini mesta, o razvoju in pa o arhitekturnih in umetnostnih spomenikih. Nastajala je postopoma, kar vrsto let,\u00ab pojasni avtorica. Zajetih je ve\u010d kot sto zgradb in pribli\u017eno trikrat toliko z njimi in mestom povezanih ljudi. Poudarek je na umetnostnozgodovinski predstavitvi stavbnega fonda v obdobju med 18. stoletjem in drugo polovico 20. stoletja ter na kiparskih in slikarskih delih, grafikah in risbah mesta, obravnavane pa so tudi razglednice in fotografije, vklju\u010dno s fotografi in zalo\u017eniki.<\/p>\n<p>Da gre za res obse\u017eno delo, pove podatek, da monografija presega A4 format in je debela skoraj pet centimetrov. Iz\u0161la je v nakladi 500 izvodov, a ne bo naprodaj. Mogo\u010de jo bo dobiti na jutri\u0161nji predstavitvi ali kasneje prelistati v lokalnih knji\u017enicah.<\/p>\n<p>\u0160e to: avtorica knjige dr. Simona Kostanj\u0161ek Brglez zna na zanimiv in preprost na\u010din predstaviti nova dognanja svojih raziskovanj. Njeno predanost umetnostni zgodovini so na Bistri\u0161kem pred \u010dasom nagradili z izborom za <em>Naj osebnost Bistri\u0161kih novic 2021<\/em>. (B. Petelin\u0161ek)<\/p>\n<p>&nbsp;<\/p>\n","protected":false},"excerpt":{"rendered":"<p>Iz\u0161la je monografija Preobrazbe mesta &#8211; zgodovinska, arhitekturna in umetnostna dedi\u0161\u010dina Slovenske Bistrice. Predstavlja prvi sistemati\u010dni pregled arhitekturne dedi\u0161\u010dine v tem kraju in prina\u0161a nova spoznanja o zgodovini mesta, umetni\u0161kih delih, stavbah in ljudeh. Knjigo bo jutri, 20. januarja, zve\u010der v Slom\u0161kovem domu v Slovenski Bistrici predstavila avtorica dr. Simona Kostanj\u0161ek Brglez. Dogodek je namenjen [&hellip;]<\/p>\n","protected":false},"author":8,"featured_media":159111,"comment_status":"closed","ping_status":"closed","sticky":false,"template":"","format":"standard","meta":{"footnotes":""},"categories":[14,32],"tags":[1543,16892,14779,16893],"class_list":{"0":"post-159106","1":"post","2":"type-post","3":"status-publish","4":"format-standard","5":"has-post-thumbnail","7":"category-aktualno","8":"category-bistrisko","9":"tag-monografija","10":"tag-preobrazbe-mesta","11":"tag-simona-kostanjsek-brglez","12":"tag-zgodovinsko-drustvo"},"yoast_head":"<!-- This site is optimized with the Yoast SEO plugin v27.4 - https:\/\/yoast.com\/product\/yoast-seo-wordpress\/ -->\n<title>Jutri predstavitev nove monografije o preobrazbi Slovenske Bistrice - Novice.si<\/title>\n<meta name=\"robots\" content=\"index, follow, max-snippet:-1, max-image-preview:large, max-video-preview:-1\" \/>\n<link rel=\"canonical\" href=\"https:\/\/novice.si\/page\/jutri-predstavitev-nove-monografije-o-preobrazbi-slovenske-bistrice\/\" \/>\n<meta property=\"og:locale\" content=\"sl_SI\" \/>\n<meta property=\"og:type\" content=\"article\" \/>\n<meta property=\"og:title\" content=\"Jutri predstavitev nove monografije o preobrazbi Slovenske Bistrice - Novice.si\" \/>\n<meta property=\"og:description\" content=\"Iz\u0161la je monografija Preobrazbe mesta &#8211; zgodovinska, arhitekturna in umetnostna dedi\u0161\u010dina Slovenske Bistrice. Predstavlja prvi sistemati\u010dni pregled arhitekturne dedi\u0161\u010dine v tem kraju in prina\u0161a nova spoznanja o zgodovini mesta, umetni\u0161kih delih, stavbah in ljudeh. Knjigo bo jutri, 20. januarja, zve\u010der v Slom\u0161kovem domu v Slovenski Bistrici predstavila avtorica dr. Simona Kostanj\u0161ek Brglez. Dogodek je namenjen [&hellip;]\" \/>\n<meta property=\"og:url\" content=\"https:\/\/novice.si\/page\/jutri-predstavitev-nove-monografije-o-preobrazbi-slovenske-bistrice\/\" \/>\n<meta property=\"og:site_name\" content=\"Novice.si\" \/>\n<meta property=\"article:published_time\" content=\"2023-01-19T09:34:22+00:00\" \/>\n<meta property=\"og:image\" content=\"https:\/\/novice.si\/page\/wp-content\/uploads\/2023\/01\/preobrazbe-1_resize.jpg\" \/>\n\t<meta property=\"og:image:width\" content=\"1000\" \/>\n\t<meta property=\"og:image:height\" content=\"647\" \/>\n\t<meta property=\"og:image:type\" content=\"image\/jpeg\" \/>\n<meta name=\"author\" content=\"Uredni\u0161tvo Bistri\u0161kih novic\" \/>\n<meta name=\"twitter:card\" content=\"summary_large_image\" \/>\n<meta name=\"twitter:label1\" content=\"Written by\" \/>\n\t<meta name=\"twitter:data1\" content=\"Uredni\u0161tvo Bistri\u0161kih novic\" \/>\n\t<meta name=\"twitter:label2\" content=\"Est. reading time\" \/>\n\t<meta name=\"twitter:data2\" content=\"2 minuti\" \/>\n<script type=\"application\/ld+json\" class=\"yoast-schema-graph\">{\"@context\":\"https:\\\/\\\/schema.org\",\"@graph\":[{\"@type\":\"Article\",\"@id\":\"https:\\\/\\\/novice.si\\\/page\\\/jutri-predstavitev-nove-monografije-o-preobrazbi-slovenske-bistrice\\\/#article\",\"isPartOf\":{\"@id\":\"https:\\\/\\\/novice.si\\\/page\\\/jutri-predstavitev-nove-monografije-o-preobrazbi-slovenske-bistrice\\\/\"},\"author\":{\"name\":\"Uredni\u0161tvo Bistri\u0161kih novic\",\"@id\":\"https:\\\/\\\/novice.si\\\/page\\\/#\\\/schema\\\/person\\\/96b32396deedcde3f7f776c306b4be21\"},\"headline\":\"Jutri predstavitev nove monografije o preobrazbi Slovenske Bistrice\",\"datePublished\":\"2023-01-19T09:34:22+00:00\",\"mainEntityOfPage\":{\"@id\":\"https:\\\/\\\/novice.si\\\/page\\\/jutri-predstavitev-nove-monografije-o-preobrazbi-slovenske-bistrice\\\/\"},\"wordCount\":269,\"publisher\":{\"@id\":\"https:\\\/\\\/novice.si\\\/page\\\/#organization\"},\"image\":{\"@id\":\"https:\\\/\\\/novice.si\\\/page\\\/jutri-predstavitev-nove-monografije-o-preobrazbi-slovenske-bistrice\\\/#primaryimage\"},\"thumbnailUrl\":\"https:\\\/\\\/novice.si\\\/page\\\/wp-content\\\/uploads\\\/2023\\\/01\\\/preobrazbe-1_resize.jpg\",\"keywords\":[\"monografija\",\"Preobrazbe mesta\",\"Simona Kostanj\u0161ek Brglez\",\"zgodovinsko dru\u0161tvo\"],\"articleSection\":[\"Aktualno\",\"Bistri\u0161ko\"],\"inLanguage\":\"sl-SI\"},{\"@type\":\"WebPage\",\"@id\":\"https:\\\/\\\/novice.si\\\/page\\\/jutri-predstavitev-nove-monografije-o-preobrazbi-slovenske-bistrice\\\/\",\"url\":\"https:\\\/\\\/novice.si\\\/page\\\/jutri-predstavitev-nove-monografije-o-preobrazbi-slovenske-bistrice\\\/\",\"name\":\"Jutri predstavitev nove monografije o preobrazbi Slovenske Bistrice - Novice.si\",\"isPartOf\":{\"@id\":\"https:\\\/\\\/novice.si\\\/page\\\/#website\"},\"primaryImageOfPage\":{\"@id\":\"https:\\\/\\\/novice.si\\\/page\\\/jutri-predstavitev-nove-monografije-o-preobrazbi-slovenske-bistrice\\\/#primaryimage\"},\"image\":{\"@id\":\"https:\\\/\\\/novice.si\\\/page\\\/jutri-predstavitev-nove-monografije-o-preobrazbi-slovenske-bistrice\\\/#primaryimage\"},\"thumbnailUrl\":\"https:\\\/\\\/novice.si\\\/page\\\/wp-content\\\/uploads\\\/2023\\\/01\\\/preobrazbe-1_resize.jpg\",\"datePublished\":\"2023-01-19T09:34:22+00:00\",\"breadcrumb\":{\"@id\":\"https:\\\/\\\/novice.si\\\/page\\\/jutri-predstavitev-nove-monografije-o-preobrazbi-slovenske-bistrice\\\/#breadcrumb\"},\"inLanguage\":\"sl-SI\",\"potentialAction\":[{\"@type\":\"ReadAction\",\"target\":[\"https:\\\/\\\/novice.si\\\/page\\\/jutri-predstavitev-nove-monografije-o-preobrazbi-slovenske-bistrice\\\/\"]}]},{\"@type\":\"ImageObject\",\"inLanguage\":\"sl-SI\",\"@id\":\"https:\\\/\\\/novice.si\\\/page\\\/jutri-predstavitev-nove-monografije-o-preobrazbi-slovenske-bistrice\\\/#primaryimage\",\"url\":\"https:\\\/\\\/novice.si\\\/page\\\/wp-content\\\/uploads\\\/2023\\\/01\\\/preobrazbe-1_resize.jpg\",\"contentUrl\":\"https:\\\/\\\/novice.si\\\/page\\\/wp-content\\\/uploads\\\/2023\\\/01\\\/preobrazbe-1_resize.jpg\",\"width\":1000,\"height\":647},{\"@type\":\"BreadcrumbList\",\"@id\":\"https:\\\/\\\/novice.si\\\/page\\\/jutri-predstavitev-nove-monografije-o-preobrazbi-slovenske-bistrice\\\/#breadcrumb\",\"itemListElement\":[{\"@type\":\"ListItem\",\"position\":1,\"name\":\"Home\",\"item\":\"https:\\\/\\\/novice.si\\\/page\\\/\"},{\"@type\":\"ListItem\",\"position\":2,\"name\":\"Jutri predstavitev nove monografije o preobrazbi Slovenske Bistrice\"}]},{\"@type\":\"WebSite\",\"@id\":\"https:\\\/\\\/novice.si\\\/page\\\/#website\",\"url\":\"https:\\\/\\\/novice.si\\\/page\\\/\",\"name\":\"Novice.si\",\"description\":\"\",\"publisher\":{\"@id\":\"https:\\\/\\\/novice.si\\\/page\\\/#organization\"},\"potentialAction\":[{\"@type\":\"SearchAction\",\"target\":{\"@type\":\"EntryPoint\",\"urlTemplate\":\"https:\\\/\\\/novice.si\\\/page\\\/?s={search_term_string}\"},\"query-input\":{\"@type\":\"PropertyValueSpecification\",\"valueRequired\":true,\"valueName\":\"search_term_string\"}}],\"inLanguage\":\"sl-SI\"},{\"@type\":\"Organization\",\"@id\":\"https:\\\/\\\/novice.si\\\/page\\\/#organization\",\"name\":\"Novice.si\",\"url\":\"https:\\\/\\\/novice.si\\\/page\\\/\",\"logo\":{\"@type\":\"ImageObject\",\"inLanguage\":\"sl-SI\",\"@id\":\"https:\\\/\\\/novice.si\\\/page\\\/#\\\/schema\\\/logo\\\/image\\\/\",\"url\":\"https:\\\/\\\/novice.si\\\/page\\\/wp-content\\\/uploads\\\/2023\\\/03\\\/novice_si.png\",\"contentUrl\":\"https:\\\/\\\/novice.si\\\/page\\\/wp-content\\\/uploads\\\/2023\\\/03\\\/novice_si.png\",\"width\":576,\"height\":200,\"caption\":\"Novice.si\"},\"image\":{\"@id\":\"https:\\\/\\\/novice.si\\\/page\\\/#\\\/schema\\\/logo\\\/image\\\/\"}},{\"@type\":\"Person\",\"@id\":\"https:\\\/\\\/novice.si\\\/page\\\/#\\\/schema\\\/person\\\/96b32396deedcde3f7f776c306b4be21\",\"name\":\"Uredni\u0161tvo Bistri\u0161kih novic\",\"image\":{\"@type\":\"ImageObject\",\"inLanguage\":\"sl-SI\",\"@id\":\"https:\\\/\\\/secure.gravatar.com\\\/avatar\\\/26c56c4b10cdb3a21e86442e5f2845a4eafdd0f3605def77ec6cff4aaef32ea4?s=96&d=mm&r=g\",\"url\":\"https:\\\/\\\/secure.gravatar.com\\\/avatar\\\/26c56c4b10cdb3a21e86442e5f2845a4eafdd0f3605def77ec6cff4aaef32ea4?s=96&d=mm&r=g\",\"contentUrl\":\"https:\\\/\\\/secure.gravatar.com\\\/avatar\\\/26c56c4b10cdb3a21e86442e5f2845a4eafdd0f3605def77ec6cff4aaef32ea4?s=96&d=mm&r=g\",\"caption\":\"Uredni\u0161tvo Bistri\u0161kih novic\"},\"url\":\"https:\\\/\\\/novice.si\\\/page\\\/author\\\/bojana\\\/\"}]}<\/script>\n<!-- \/ Yoast SEO plugin. -->","yoast_head_json":{"title":"Jutri predstavitev nove monografije o preobrazbi Slovenske Bistrice - Novice.si","robots":{"index":"index","follow":"follow","max-snippet":"max-snippet:-1","max-image-preview":"max-image-preview:large","max-video-preview":"max-video-preview:-1"},"canonical":"https:\/\/novice.si\/page\/jutri-predstavitev-nove-monografije-o-preobrazbi-slovenske-bistrice\/","og_locale":"sl_SI","og_type":"article","og_title":"Jutri predstavitev nove monografije o preobrazbi Slovenske Bistrice - Novice.si","og_description":"Iz\u0161la je monografija Preobrazbe mesta &#8211; zgodovinska, arhitekturna in umetnostna dedi\u0161\u010dina Slovenske Bistrice. Predstavlja prvi sistemati\u010dni pregled arhitekturne dedi\u0161\u010dine v tem kraju in prina\u0161a nova spoznanja o zgodovini mesta, umetni\u0161kih delih, stavbah in ljudeh. Knjigo bo jutri, 20. januarja, zve\u010der v Slom\u0161kovem domu v Slovenski Bistrici predstavila avtorica dr. Simona Kostanj\u0161ek Brglez. Dogodek je namenjen [&hellip;]","og_url":"https:\/\/novice.si\/page\/jutri-predstavitev-nove-monografije-o-preobrazbi-slovenske-bistrice\/","og_site_name":"Novice.si","article_published_time":"2023-01-19T09:34:22+00:00","og_image":[{"width":1000,"height":647,"url":"https:\/\/novice.si\/page\/wp-content\/uploads\/2023\/01\/preobrazbe-1_resize.jpg","type":"image\/jpeg"}],"author":"Uredni\u0161tvo Bistri\u0161kih novic","twitter_card":"summary_large_image","twitter_misc":{"Written by":"Uredni\u0161tvo Bistri\u0161kih novic","Est. reading time":"2 minuti"},"schema":{"@context":"https:\/\/schema.org","@graph":[{"@type":"Article","@id":"https:\/\/novice.si\/page\/jutri-predstavitev-nove-monografije-o-preobrazbi-slovenske-bistrice\/#article","isPartOf":{"@id":"https:\/\/novice.si\/page\/jutri-predstavitev-nove-monografije-o-preobrazbi-slovenske-bistrice\/"},"author":{"name":"Uredni\u0161tvo Bistri\u0161kih novic","@id":"https:\/\/novice.si\/page\/#\/schema\/person\/96b32396deedcde3f7f776c306b4be21"},"headline":"Jutri predstavitev nove monografije o preobrazbi Slovenske Bistrice","datePublished":"2023-01-19T09:34:22+00:00","mainEntityOfPage":{"@id":"https:\/\/novice.si\/page\/jutri-predstavitev-nove-monografije-o-preobrazbi-slovenske-bistrice\/"},"wordCount":269,"publisher":{"@id":"https:\/\/novice.si\/page\/#organization"},"image":{"@id":"https:\/\/novice.si\/page\/jutri-predstavitev-nove-monografije-o-preobrazbi-slovenske-bistrice\/#primaryimage"},"thumbnailUrl":"https:\/\/novice.si\/page\/wp-content\/uploads\/2023\/01\/preobrazbe-1_resize.jpg","keywords":["monografija","Preobrazbe mesta","Simona Kostanj\u0161ek Brglez","zgodovinsko dru\u0161tvo"],"articleSection":["Aktualno","Bistri\u0161ko"],"inLanguage":"sl-SI"},{"@type":"WebPage","@id":"https:\/\/novice.si\/page\/jutri-predstavitev-nove-monografije-o-preobrazbi-slovenske-bistrice\/","url":"https:\/\/novice.si\/page\/jutri-predstavitev-nove-monografije-o-preobrazbi-slovenske-bistrice\/","name":"Jutri predstavitev nove monografije o preobrazbi Slovenske Bistrice - Novice.si","isPartOf":{"@id":"https:\/\/novice.si\/page\/#website"},"primaryImageOfPage":{"@id":"https:\/\/novice.si\/page\/jutri-predstavitev-nove-monografije-o-preobrazbi-slovenske-bistrice\/#primaryimage"},"image":{"@id":"https:\/\/novice.si\/page\/jutri-predstavitev-nove-monografije-o-preobrazbi-slovenske-bistrice\/#primaryimage"},"thumbnailUrl":"https:\/\/novice.si\/page\/wp-content\/uploads\/2023\/01\/preobrazbe-1_resize.jpg","datePublished":"2023-01-19T09:34:22+00:00","breadcrumb":{"@id":"https:\/\/novice.si\/page\/jutri-predstavitev-nove-monografije-o-preobrazbi-slovenske-bistrice\/#breadcrumb"},"inLanguage":"sl-SI","potentialAction":[{"@type":"ReadAction","target":["https:\/\/novice.si\/page\/jutri-predstavitev-nove-monografije-o-preobrazbi-slovenske-bistrice\/"]}]},{"@type":"ImageObject","inLanguage":"sl-SI","@id":"https:\/\/novice.si\/page\/jutri-predstavitev-nove-monografije-o-preobrazbi-slovenske-bistrice\/#primaryimage","url":"https:\/\/novice.si\/page\/wp-content\/uploads\/2023\/01\/preobrazbe-1_resize.jpg","contentUrl":"https:\/\/novice.si\/page\/wp-content\/uploads\/2023\/01\/preobrazbe-1_resize.jpg","width":1000,"height":647},{"@type":"BreadcrumbList","@id":"https:\/\/novice.si\/page\/jutri-predstavitev-nove-monografije-o-preobrazbi-slovenske-bistrice\/#breadcrumb","itemListElement":[{"@type":"ListItem","position":1,"name":"Home","item":"https:\/\/novice.si\/page\/"},{"@type":"ListItem","position":2,"name":"Jutri predstavitev nove monografije o preobrazbi Slovenske Bistrice"}]},{"@type":"WebSite","@id":"https:\/\/novice.si\/page\/#website","url":"https:\/\/novice.si\/page\/","name":"Novice.si","description":"","publisher":{"@id":"https:\/\/novice.si\/page\/#organization"},"potentialAction":[{"@type":"SearchAction","target":{"@type":"EntryPoint","urlTemplate":"https:\/\/novice.si\/page\/?s={search_term_string}"},"query-input":{"@type":"PropertyValueSpecification","valueRequired":true,"valueName":"search_term_string"}}],"inLanguage":"sl-SI"},{"@type":"Organization","@id":"https:\/\/novice.si\/page\/#organization","name":"Novice.si","url":"https:\/\/novice.si\/page\/","logo":{"@type":"ImageObject","inLanguage":"sl-SI","@id":"https:\/\/novice.si\/page\/#\/schema\/logo\/image\/","url":"https:\/\/novice.si\/page\/wp-content\/uploads\/2023\/03\/novice_si.png","contentUrl":"https:\/\/novice.si\/page\/wp-content\/uploads\/2023\/03\/novice_si.png","width":576,"height":200,"caption":"Novice.si"},"image":{"@id":"https:\/\/novice.si\/page\/#\/schema\/logo\/image\/"}},{"@type":"Person","@id":"https:\/\/novice.si\/page\/#\/schema\/person\/96b32396deedcde3f7f776c306b4be21","name":"Uredni\u0161tvo Bistri\u0161kih novic","image":{"@type":"ImageObject","inLanguage":"sl-SI","@id":"https:\/\/secure.gravatar.com\/avatar\/26c56c4b10cdb3a21e86442e5f2845a4eafdd0f3605def77ec6cff4aaef32ea4?s=96&d=mm&r=g","url":"https:\/\/secure.gravatar.com\/avatar\/26c56c4b10cdb3a21e86442e5f2845a4eafdd0f3605def77ec6cff4aaef32ea4?s=96&d=mm&r=g","contentUrl":"https:\/\/secure.gravatar.com\/avatar\/26c56c4b10cdb3a21e86442e5f2845a4eafdd0f3605def77ec6cff4aaef32ea4?s=96&d=mm&r=g","caption":"Uredni\u0161tvo Bistri\u0161kih novic"},"url":"https:\/\/novice.si\/page\/author\/bojana\/"}]}},"_links":{"self":[{"href":"https:\/\/novice.si\/page\/wp-json\/wp\/v2\/posts\/159106","targetHints":{"allow":["GET"]}}],"collection":[{"href":"https:\/\/novice.si\/page\/wp-json\/wp\/v2\/posts"}],"about":[{"href":"https:\/\/novice.si\/page\/wp-json\/wp\/v2\/types\/post"}],"author":[{"embeddable":true,"href":"https:\/\/novice.si\/page\/wp-json\/wp\/v2\/users\/8"}],"replies":[{"embeddable":true,"href":"https:\/\/novice.si\/page\/wp-json\/wp\/v2\/comments?post=159106"}],"version-history":[{"count":1,"href":"https:\/\/novice.si\/page\/wp-json\/wp\/v2\/posts\/159106\/revisions"}],"predecessor-version":[{"id":159114,"href":"https:\/\/novice.si\/page\/wp-json\/wp\/v2\/posts\/159106\/revisions\/159114"}],"wp:featuredmedia":[{"embeddable":true,"href":"https:\/\/novice.si\/page\/wp-json\/wp\/v2\/media\/159111"}],"wp:attachment":[{"href":"https:\/\/novice.si\/page\/wp-json\/wp\/v2\/media?parent=159106"}],"wp:term":[{"taxonomy":"category","embeddable":true,"href":"https:\/\/novice.si\/page\/wp-json\/wp\/v2\/categories?post=159106"},{"taxonomy":"post_tag","embeddable":true,"href":"https:\/\/novice.si\/page\/wp-json\/wp\/v2\/tags?post=159106"}],"curies":[{"name":"wp","href":"https:\/\/api.w.org\/{rel}","templated":true}]}}