{"id":159087,"date":"2023-01-21T06:26:38","date_gmt":"2023-01-21T05:26:38","guid":{"rendered":"https:\/\/novice.si\/page\/?p=159087"},"modified":"2023-01-19T07:29:01","modified_gmt":"2023-01-19T06:29:01","slug":"ponovoletno-druzenje-muzealcev","status":"publish","type":"post","link":"https:\/\/novice.si\/page\/ponovoletno-druzenje-muzealcev\/","title":{"rendered":"Ponovoletno dru\u017eenje muzealcev"},"content":{"rendered":"<p><figure id=\"attachment_159088\" aria-describedby=\"caption-attachment-159088\" style=\"width: 300px\" class=\"wp-caption alignleft\"><a href=\"https:\/\/novice.si\/page\/wp-content\/uploads\/2023\/01\/Uho-muzealci-1149.jpg\" data-gallery><img loading=\"lazy\" decoding=\"async\" src=\"https:\/\/novice.si\/page\/wp-content\/uploads\/2023\/01\/Uho-muzealci-1149-300x225.jpg\" alt=\"\" width=\"300\" height=\"225\" class=\"size-medium wp-image-159088\" srcset=\"https:\/\/novice.si\/page\/wp-content\/uploads\/2023\/01\/Uho-muzealci-1149-300x225.jpg 300w, https:\/\/novice.si\/page\/wp-content\/uploads\/2023\/01\/Uho-muzealci-1149-1024x768.jpg 1024w, https:\/\/novice.si\/page\/wp-content\/uploads\/2023\/01\/Uho-muzealci-1149-768x576.jpg 768w, https:\/\/novice.si\/page\/wp-content\/uploads\/2023\/01\/Uho-muzealci-1149-1536x1152.jpg 1536w, https:\/\/novice.si\/page\/wp-content\/uploads\/2023\/01\/Uho-muzealci-1149-80x60.jpg 80w, https:\/\/novice.si\/page\/wp-content\/uploads\/2023\/01\/Uho-muzealci-1149-265x198.jpg 265w, https:\/\/novice.si\/page\/wp-content\/uploads\/2023\/01\/Uho-muzealci-1149-696x522.jpg 696w, https:\/\/novice.si\/page\/wp-content\/uploads\/2023\/01\/Uho-muzealci-1149-1068x801.jpg 1068w, https:\/\/novice.si\/page\/wp-content\/uploads\/2023\/01\/Uho-muzealci-1149-560x420.jpg 560w, https:\/\/novice.si\/page\/wp-content\/uploads\/2023\/01\/Uho-muzealci-1149-24x18.jpg 24w, https:\/\/novice.si\/page\/wp-content\/uploads\/2023\/01\/Uho-muzealci-1149-36x27.jpg 36w, https:\/\/novice.si\/page\/wp-content\/uploads\/2023\/01\/Uho-muzealci-1149-48x36.jpg 48w, https:\/\/novice.si\/page\/wp-content\/uploads\/2023\/01\/Uho-muzealci-1149.jpg 2048w\" sizes=\"auto, (max-width: 300px) 100vw, 300px\" \/><\/a><figcaption id=\"caption-attachment-159088\" class=\"wp-caption-text\">Foto Pokrajinski muzej Celje<\/figcaption><\/figure>\u017de tradicionalno ponovoletno dru\u017eenje obeh celjskih muzejev, Muzeja novej\u0161e zgodovine Celje in Pokrajinskega muzeja Celje, je letos gostil slednji. Kolege iz Muzeja novej\u0161e zgodovine Celje so popeljali po razstavi Zlo\u0161\u010deno do visokega sijaja, ki je na ogled samo \u0161e do februarja letos, ter po novi ob\u010dasni razstavi \u017dovne\u0161ki postanejo grofje Celjski. Prijetno dru\u017eenje so zaklju\u010dili z \u017eeljo po nadaljnjem dobrem in uspe\u0161nem sodelovanju.<\/p>\n","protected":false},"excerpt":{"rendered":"<p>\u017de tradicionalno ponovoletno dru\u017eenje obeh celjskih muzejev, Muzeja novej\u0161e zgodovine Celje in Pokrajinskega muzeja Celje, je letos gostil slednji. Kolege iz Muzeja novej\u0161e zgodovine Celje so popeljali po razstavi Zlo\u0161\u010deno do visokega sijaja, ki je na ogled samo \u0161e do februarja letos, ter po novi ob\u010dasni razstavi \u017dovne\u0161ki postanejo grofje Celjski. Prijetno dru\u017eenje so zaklju\u010dili [&hellip;]<\/p>\n","protected":false},"author":10,"featured_media":159088,"comment_status":"closed","ping_status":"closed","sticky":false,"template":"","format":"standard","meta":{"footnotes":""},"categories":[14,142,17,15],"tags":[16887,5865,1132,16533,16886],"class_list":{"0":"post-159087","1":"post","2":"type-post","3":"status-publish","4":"format-standard","5":"has-post-thumbnail","7":"category-aktualno","8":"category-celjan","9":"category-celjsko","10":"category-druzabno","11":"tag-muzealci","12":"tag-muzej-novejse-zgodovine-celje","13":"tag-pokrajinski-muzej-celje","14":"tag-zovneski","15":"tag-zovneski-postanejo-grofje-celjski"},"yoast_head":"<!-- This site is optimized with the Yoast SEO plugin v27.4 - https:\/\/yoast.com\/product\/yoast-seo-wordpress\/ -->\n<title>Ponovoletno dru\u017eenje muzealcev - Novice.si<\/title>\n<meta name=\"robots\" content=\"index, follow, max-snippet:-1, max-image-preview:large, max-video-preview:-1\" \/>\n<link rel=\"canonical\" href=\"https:\/\/novice.si\/page\/ponovoletno-druzenje-muzealcev\/\" \/>\n<meta property=\"og:locale\" content=\"sl_SI\" \/>\n<meta property=\"og:type\" content=\"article\" \/>\n<meta property=\"og:title\" content=\"Ponovoletno dru\u017eenje muzealcev - Novice.si\" \/>\n<meta property=\"og:description\" content=\"\u017de tradicionalno ponovoletno dru\u017eenje obeh celjskih muzejev, Muzeja novej\u0161e zgodovine Celje in Pokrajinskega muzeja Celje, je letos gostil slednji. Kolege iz Muzeja novej\u0161e zgodovine Celje so popeljali po razstavi Zlo\u0161\u010deno do visokega sijaja, ki je na ogled samo \u0161e do februarja letos, ter po novi ob\u010dasni razstavi \u017dovne\u0161ki postanejo grofje Celjski. Prijetno dru\u017eenje so zaklju\u010dili [&hellip;]\" \/>\n<meta property=\"og:url\" content=\"https:\/\/novice.si\/page\/ponovoletno-druzenje-muzealcev\/\" \/>\n<meta property=\"og:site_name\" content=\"Novice.si\" \/>\n<meta property=\"article:published_time\" content=\"2023-01-21T05:26:38+00:00\" \/>\n<meta property=\"og:image\" content=\"https:\/\/novice.si\/page\/wp-content\/uploads\/2023\/01\/Uho-muzealci-1149.jpg\" \/>\n\t<meta property=\"og:image:width\" content=\"2048\" \/>\n\t<meta property=\"og:image:height\" content=\"1536\" \/>\n\t<meta property=\"og:image:type\" content=\"image\/jpeg\" \/>\n<meta name=\"author\" content=\"Iztok Krajnc\" \/>\n<meta name=\"twitter:card\" content=\"summary_large_image\" \/>\n<meta name=\"twitter:label1\" content=\"Written by\" \/>\n\t<meta name=\"twitter:data1\" content=\"Iztok Krajnc\" \/>\n\t<meta name=\"twitter:label2\" content=\"Est. reading time\" \/>\n\t<meta name=\"twitter:data2\" content=\"1 minuta\" \/>\n<script type=\"application\/ld+json\" class=\"yoast-schema-graph\">{\"@context\":\"https:\\\/\\\/schema.org\",\"@graph\":[{\"@type\":\"Article\",\"@id\":\"https:\\\/\\\/novice.si\\\/page\\\/ponovoletno-druzenje-muzealcev\\\/#article\",\"isPartOf\":{\"@id\":\"https:\\\/\\\/novice.si\\\/page\\\/ponovoletno-druzenje-muzealcev\\\/\"},\"author\":{\"name\":\"Iztok Krajnc\",\"@id\":\"https:\\\/\\\/novice.si\\\/page\\\/#\\\/schema\\\/person\\\/92fda8564875f655675c886e4df22216\"},\"headline\":\"Ponovoletno dru\u017eenje muzealcev\",\"datePublished\":\"2023-01-21T05:26:38+00:00\",\"mainEntityOfPage\":{\"@id\":\"https:\\\/\\\/novice.si\\\/page\\\/ponovoletno-druzenje-muzealcev\\\/\"},\"wordCount\":87,\"publisher\":{\"@id\":\"https:\\\/\\\/novice.si\\\/page\\\/#organization\"},\"image\":{\"@id\":\"https:\\\/\\\/novice.si\\\/page\\\/ponovoletno-druzenje-muzealcev\\\/#primaryimage\"},\"thumbnailUrl\":\"https:\\\/\\\/novice.si\\\/page\\\/wp-content\\\/uploads\\\/2023\\\/01\\\/Uho-muzealci-1149.jpg\",\"keywords\":[\"muzealci\",\"Muzej novej\u0161e zgodovine Celje\",\"Pokrajinski muzej Celje\",\"\u017eovne\u0161ki\",\"\u017eovne\u0161ki postanejo grofje celjski\"],\"articleSection\":[\"Aktualno\",\"Celjan\",\"Celjsko\",\"Dru\u017eabno\"],\"inLanguage\":\"sl-SI\"},{\"@type\":\"WebPage\",\"@id\":\"https:\\\/\\\/novice.si\\\/page\\\/ponovoletno-druzenje-muzealcev\\\/\",\"url\":\"https:\\\/\\\/novice.si\\\/page\\\/ponovoletno-druzenje-muzealcev\\\/\",\"name\":\"Ponovoletno dru\u017eenje muzealcev - Novice.si\",\"isPartOf\":{\"@id\":\"https:\\\/\\\/novice.si\\\/page\\\/#website\"},\"primaryImageOfPage\":{\"@id\":\"https:\\\/\\\/novice.si\\\/page\\\/ponovoletno-druzenje-muzealcev\\\/#primaryimage\"},\"image\":{\"@id\":\"https:\\\/\\\/novice.si\\\/page\\\/ponovoletno-druzenje-muzealcev\\\/#primaryimage\"},\"thumbnailUrl\":\"https:\\\/\\\/novice.si\\\/page\\\/wp-content\\\/uploads\\\/2023\\\/01\\\/Uho-muzealci-1149.jpg\",\"datePublished\":\"2023-01-21T05:26:38+00:00\",\"breadcrumb\":{\"@id\":\"https:\\\/\\\/novice.si\\\/page\\\/ponovoletno-druzenje-muzealcev\\\/#breadcrumb\"},\"inLanguage\":\"sl-SI\",\"potentialAction\":[{\"@type\":\"ReadAction\",\"target\":[\"https:\\\/\\\/novice.si\\\/page\\\/ponovoletno-druzenje-muzealcev\\\/\"]}]},{\"@type\":\"ImageObject\",\"inLanguage\":\"sl-SI\",\"@id\":\"https:\\\/\\\/novice.si\\\/page\\\/ponovoletno-druzenje-muzealcev\\\/#primaryimage\",\"url\":\"https:\\\/\\\/novice.si\\\/page\\\/wp-content\\\/uploads\\\/2023\\\/01\\\/Uho-muzealci-1149.jpg\",\"contentUrl\":\"https:\\\/\\\/novice.si\\\/page\\\/wp-content\\\/uploads\\\/2023\\\/01\\\/Uho-muzealci-1149.jpg\",\"width\":2048,\"height\":1536,\"caption\":\"Foto Pokrajinski muzej Celje\"},{\"@type\":\"BreadcrumbList\",\"@id\":\"https:\\\/\\\/novice.si\\\/page\\\/ponovoletno-druzenje-muzealcev\\\/#breadcrumb\",\"itemListElement\":[{\"@type\":\"ListItem\",\"position\":1,\"name\":\"Home\",\"item\":\"https:\\\/\\\/novice.si\\\/page\\\/\"},{\"@type\":\"ListItem\",\"position\":2,\"name\":\"Ponovoletno dru\u017eenje muzealcev\"}]},{\"@type\":\"WebSite\",\"@id\":\"https:\\\/\\\/novice.si\\\/page\\\/#website\",\"url\":\"https:\\\/\\\/novice.si\\\/page\\\/\",\"name\":\"Novice.si\",\"description\":\"\",\"publisher\":{\"@id\":\"https:\\\/\\\/novice.si\\\/page\\\/#organization\"},\"potentialAction\":[{\"@type\":\"SearchAction\",\"target\":{\"@type\":\"EntryPoint\",\"urlTemplate\":\"https:\\\/\\\/novice.si\\\/page\\\/?s={search_term_string}\"},\"query-input\":{\"@type\":\"PropertyValueSpecification\",\"valueRequired\":true,\"valueName\":\"search_term_string\"}}],\"inLanguage\":\"sl-SI\"},{\"@type\":\"Organization\",\"@id\":\"https:\\\/\\\/novice.si\\\/page\\\/#organization\",\"name\":\"Novice.si\",\"url\":\"https:\\\/\\\/novice.si\\\/page\\\/\",\"logo\":{\"@type\":\"ImageObject\",\"inLanguage\":\"sl-SI\",\"@id\":\"https:\\\/\\\/novice.si\\\/page\\\/#\\\/schema\\\/logo\\\/image\\\/\",\"url\":\"https:\\\/\\\/novice.si\\\/page\\\/wp-content\\\/uploads\\\/2023\\\/03\\\/novice_si.png\",\"contentUrl\":\"https:\\\/\\\/novice.si\\\/page\\\/wp-content\\\/uploads\\\/2023\\\/03\\\/novice_si.png\",\"width\":576,\"height\":200,\"caption\":\"Novice.si\"},\"image\":{\"@id\":\"https:\\\/\\\/novice.si\\\/page\\\/#\\\/schema\\\/logo\\\/image\\\/\"}},{\"@type\":\"Person\",\"@id\":\"https:\\\/\\\/novice.si\\\/page\\\/#\\\/schema\\\/person\\\/92fda8564875f655675c886e4df22216\",\"name\":\"Iztok Krajnc\",\"image\":{\"@type\":\"ImageObject\",\"inLanguage\":\"sl-SI\",\"@id\":\"https:\\\/\\\/secure.gravatar.com\\\/avatar\\\/2790ff125f883a5a9cb934a574322d28ea850f8f4494d77b487c1950e0096015?s=96&d=mm&r=g\",\"url\":\"https:\\\/\\\/secure.gravatar.com\\\/avatar\\\/2790ff125f883a5a9cb934a574322d28ea850f8f4494d77b487c1950e0096015?s=96&d=mm&r=g\",\"contentUrl\":\"https:\\\/\\\/secure.gravatar.com\\\/avatar\\\/2790ff125f883a5a9cb934a574322d28ea850f8f4494d77b487c1950e0096015?s=96&d=mm&r=g\",\"caption\":\"Iztok Krajnc\"},\"url\":\"https:\\\/\\\/novice.si\\\/page\\\/author\\\/iztok\\\/\"}]}<\/script>\n<!-- \/ Yoast SEO plugin. -->","yoast_head_json":{"title":"Ponovoletno dru\u017eenje muzealcev - Novice.si","robots":{"index":"index","follow":"follow","max-snippet":"max-snippet:-1","max-image-preview":"max-image-preview:large","max-video-preview":"max-video-preview:-1"},"canonical":"https:\/\/novice.si\/page\/ponovoletno-druzenje-muzealcev\/","og_locale":"sl_SI","og_type":"article","og_title":"Ponovoletno dru\u017eenje muzealcev - Novice.si","og_description":"\u017de tradicionalno ponovoletno dru\u017eenje obeh celjskih muzejev, Muzeja novej\u0161e zgodovine Celje in Pokrajinskega muzeja Celje, je letos gostil slednji. Kolege iz Muzeja novej\u0161e zgodovine Celje so popeljali po razstavi Zlo\u0161\u010deno do visokega sijaja, ki je na ogled samo \u0161e do februarja letos, ter po novi ob\u010dasni razstavi \u017dovne\u0161ki postanejo grofje Celjski. Prijetno dru\u017eenje so zaklju\u010dili [&hellip;]","og_url":"https:\/\/novice.si\/page\/ponovoletno-druzenje-muzealcev\/","og_site_name":"Novice.si","article_published_time":"2023-01-21T05:26:38+00:00","og_image":[{"width":2048,"height":1536,"url":"https:\/\/novice.si\/page\/wp-content\/uploads\/2023\/01\/Uho-muzealci-1149.jpg","type":"image\/jpeg"}],"author":"Iztok Krajnc","twitter_card":"summary_large_image","twitter_misc":{"Written by":"Iztok Krajnc","Est. reading time":"1 minuta"},"schema":{"@context":"https:\/\/schema.org","@graph":[{"@type":"Article","@id":"https:\/\/novice.si\/page\/ponovoletno-druzenje-muzealcev\/#article","isPartOf":{"@id":"https:\/\/novice.si\/page\/ponovoletno-druzenje-muzealcev\/"},"author":{"name":"Iztok Krajnc","@id":"https:\/\/novice.si\/page\/#\/schema\/person\/92fda8564875f655675c886e4df22216"},"headline":"Ponovoletno dru\u017eenje muzealcev","datePublished":"2023-01-21T05:26:38+00:00","mainEntityOfPage":{"@id":"https:\/\/novice.si\/page\/ponovoletno-druzenje-muzealcev\/"},"wordCount":87,"publisher":{"@id":"https:\/\/novice.si\/page\/#organization"},"image":{"@id":"https:\/\/novice.si\/page\/ponovoletno-druzenje-muzealcev\/#primaryimage"},"thumbnailUrl":"https:\/\/novice.si\/page\/wp-content\/uploads\/2023\/01\/Uho-muzealci-1149.jpg","keywords":["muzealci","Muzej novej\u0161e zgodovine Celje","Pokrajinski muzej Celje","\u017eovne\u0161ki","\u017eovne\u0161ki postanejo grofje celjski"],"articleSection":["Aktualno","Celjan","Celjsko","Dru\u017eabno"],"inLanguage":"sl-SI"},{"@type":"WebPage","@id":"https:\/\/novice.si\/page\/ponovoletno-druzenje-muzealcev\/","url":"https:\/\/novice.si\/page\/ponovoletno-druzenje-muzealcev\/","name":"Ponovoletno dru\u017eenje muzealcev - Novice.si","isPartOf":{"@id":"https:\/\/novice.si\/page\/#website"},"primaryImageOfPage":{"@id":"https:\/\/novice.si\/page\/ponovoletno-druzenje-muzealcev\/#primaryimage"},"image":{"@id":"https:\/\/novice.si\/page\/ponovoletno-druzenje-muzealcev\/#primaryimage"},"thumbnailUrl":"https:\/\/novice.si\/page\/wp-content\/uploads\/2023\/01\/Uho-muzealci-1149.jpg","datePublished":"2023-01-21T05:26:38+00:00","breadcrumb":{"@id":"https:\/\/novice.si\/page\/ponovoletno-druzenje-muzealcev\/#breadcrumb"},"inLanguage":"sl-SI","potentialAction":[{"@type":"ReadAction","target":["https:\/\/novice.si\/page\/ponovoletno-druzenje-muzealcev\/"]}]},{"@type":"ImageObject","inLanguage":"sl-SI","@id":"https:\/\/novice.si\/page\/ponovoletno-druzenje-muzealcev\/#primaryimage","url":"https:\/\/novice.si\/page\/wp-content\/uploads\/2023\/01\/Uho-muzealci-1149.jpg","contentUrl":"https:\/\/novice.si\/page\/wp-content\/uploads\/2023\/01\/Uho-muzealci-1149.jpg","width":2048,"height":1536,"caption":"Foto Pokrajinski muzej Celje"},{"@type":"BreadcrumbList","@id":"https:\/\/novice.si\/page\/ponovoletno-druzenje-muzealcev\/#breadcrumb","itemListElement":[{"@type":"ListItem","position":1,"name":"Home","item":"https:\/\/novice.si\/page\/"},{"@type":"ListItem","position":2,"name":"Ponovoletno dru\u017eenje muzealcev"}]},{"@type":"WebSite","@id":"https:\/\/novice.si\/page\/#website","url":"https:\/\/novice.si\/page\/","name":"Novice.si","description":"","publisher":{"@id":"https:\/\/novice.si\/page\/#organization"},"potentialAction":[{"@type":"SearchAction","target":{"@type":"EntryPoint","urlTemplate":"https:\/\/novice.si\/page\/?s={search_term_string}"},"query-input":{"@type":"PropertyValueSpecification","valueRequired":true,"valueName":"search_term_string"}}],"inLanguage":"sl-SI"},{"@type":"Organization","@id":"https:\/\/novice.si\/page\/#organization","name":"Novice.si","url":"https:\/\/novice.si\/page\/","logo":{"@type":"ImageObject","inLanguage":"sl-SI","@id":"https:\/\/novice.si\/page\/#\/schema\/logo\/image\/","url":"https:\/\/novice.si\/page\/wp-content\/uploads\/2023\/03\/novice_si.png","contentUrl":"https:\/\/novice.si\/page\/wp-content\/uploads\/2023\/03\/novice_si.png","width":576,"height":200,"caption":"Novice.si"},"image":{"@id":"https:\/\/novice.si\/page\/#\/schema\/logo\/image\/"}},{"@type":"Person","@id":"https:\/\/novice.si\/page\/#\/schema\/person\/92fda8564875f655675c886e4df22216","name":"Iztok Krajnc","image":{"@type":"ImageObject","inLanguage":"sl-SI","@id":"https:\/\/secure.gravatar.com\/avatar\/2790ff125f883a5a9cb934a574322d28ea850f8f4494d77b487c1950e0096015?s=96&d=mm&r=g","url":"https:\/\/secure.gravatar.com\/avatar\/2790ff125f883a5a9cb934a574322d28ea850f8f4494d77b487c1950e0096015?s=96&d=mm&r=g","contentUrl":"https:\/\/secure.gravatar.com\/avatar\/2790ff125f883a5a9cb934a574322d28ea850f8f4494d77b487c1950e0096015?s=96&d=mm&r=g","caption":"Iztok Krajnc"},"url":"https:\/\/novice.si\/page\/author\/iztok\/"}]}},"_links":{"self":[{"href":"https:\/\/novice.si\/page\/wp-json\/wp\/v2\/posts\/159087","targetHints":{"allow":["GET"]}}],"collection":[{"href":"https:\/\/novice.si\/page\/wp-json\/wp\/v2\/posts"}],"about":[{"href":"https:\/\/novice.si\/page\/wp-json\/wp\/v2\/types\/post"}],"author":[{"embeddable":true,"href":"https:\/\/novice.si\/page\/wp-json\/wp\/v2\/users\/10"}],"replies":[{"embeddable":true,"href":"https:\/\/novice.si\/page\/wp-json\/wp\/v2\/comments?post=159087"}],"version-history":[{"count":2,"href":"https:\/\/novice.si\/page\/wp-json\/wp\/v2\/posts\/159087\/revisions"}],"predecessor-version":[{"id":159090,"href":"https:\/\/novice.si\/page\/wp-json\/wp\/v2\/posts\/159087\/revisions\/159090"}],"wp:featuredmedia":[{"embeddable":true,"href":"https:\/\/novice.si\/page\/wp-json\/wp\/v2\/media\/159088"}],"wp:attachment":[{"href":"https:\/\/novice.si\/page\/wp-json\/wp\/v2\/media?parent=159087"}],"wp:term":[{"taxonomy":"category","embeddable":true,"href":"https:\/\/novice.si\/page\/wp-json\/wp\/v2\/categories?post=159087"},{"taxonomy":"post_tag","embeddable":true,"href":"https:\/\/novice.si\/page\/wp-json\/wp\/v2\/tags?post=159087"}],"curies":[{"name":"wp","href":"https:\/\/api.w.org\/{rel}","templated":true}]}}