{"id":159075,"date":"2023-01-19T07:22:51","date_gmt":"2023-01-19T06:22:51","guid":{"rendered":"https:\/\/novice.si\/page\/?p=159075"},"modified":"2023-01-19T07:22:51","modified_gmt":"2023-01-19T06:22:51","slug":"dan-saksofona-v-glasbeni-soli-celje","status":"publish","type":"post","link":"https:\/\/novice.si\/page\/dan-saksofona-v-glasbeni-soli-celje\/","title":{"rendered":"Dan saksofona v Glasbeni \u0161oli Celje"},"content":{"rendered":"<p><figure id=\"attachment_159076\" aria-describedby=\"caption-attachment-159076\" style=\"width: 300px\" class=\"wp-caption alignleft\"><a href=\"https:\/\/novice.si\/page\/wp-content\/uploads\/2023\/01\/Uho-dan-saksofona-1149.jpg\" data-gallery><img loading=\"lazy\" decoding=\"async\" src=\"https:\/\/novice.si\/page\/wp-content\/uploads\/2023\/01\/Uho-dan-saksofona-1149-300x225.jpg\" alt=\"Foto Glasbena \u0161ola Celje\" width=\"300\" height=\"225\" class=\"size-medium wp-image-159076\" srcset=\"https:\/\/novice.si\/page\/wp-content\/uploads\/2023\/01\/Uho-dan-saksofona-1149-300x225.jpg 300w, https:\/\/novice.si\/page\/wp-content\/uploads\/2023\/01\/Uho-dan-saksofona-1149-1024x769.jpg 1024w, https:\/\/novice.si\/page\/wp-content\/uploads\/2023\/01\/Uho-dan-saksofona-1149-768x577.jpg 768w, https:\/\/novice.si\/page\/wp-content\/uploads\/2023\/01\/Uho-dan-saksofona-1149-1536x1154.jpg 1536w, https:\/\/novice.si\/page\/wp-content\/uploads\/2023\/01\/Uho-dan-saksofona-1149-80x60.jpg 80w, https:\/\/novice.si\/page\/wp-content\/uploads\/2023\/01\/Uho-dan-saksofona-1149-265x198.jpg 265w, https:\/\/novice.si\/page\/wp-content\/uploads\/2023\/01\/Uho-dan-saksofona-1149-696x523.jpg 696w, https:\/\/novice.si\/page\/wp-content\/uploads\/2023\/01\/Uho-dan-saksofona-1149-1068x802.jpg 1068w, https:\/\/novice.si\/page\/wp-content\/uploads\/2023\/01\/Uho-dan-saksofona-1149-559x420.jpg 559w, https:\/\/novice.si\/page\/wp-content\/uploads\/2023\/01\/Uho-dan-saksofona-1149-24x18.jpg 24w, https:\/\/novice.si\/page\/wp-content\/uploads\/2023\/01\/Uho-dan-saksofona-1149-36x27.jpg 36w, https:\/\/novice.si\/page\/wp-content\/uploads\/2023\/01\/Uho-dan-saksofona-1149-48x36.jpg 48w, https:\/\/novice.si\/page\/wp-content\/uploads\/2023\/01\/Uho-dan-saksofona-1149.jpg 1771w\" sizes=\"auto, (max-width: 300px) 100vw, 300px\" \/><\/a><figcaption id=\"caption-attachment-159076\" class=\"wp-caption-text\">Foto Glasbena \u0161ola Celje<\/figcaption><\/figure>Prvo januarsko soboto je na Glasbeni \u0161oli Celje potekal \u017ee tradicionalni Celjski dan saksofona. V goste so povabili Roya kvartet, ki ga sestavjajo \u0161tiri izvrstne saksofonistke iz treh de\u017eel, Petra Horvat, Weronika Patryka, Betka Bizjak Kotnik in Joanna Blejwas. V dopoldanskem \u010dasu so izvajale individualne in skupinske lekcije z u\u010denci saksofona Glasbene \u0161ole Celje, popoldne pa so za u\u010dence, ki so nastopili na zaklju\u010dnem nastopu, potekale vaje s klavirjem. Celjski dan saksofona so zaklju\u010dili s koncertom, kjer so najprej nastopili izbrani u\u010denci, zaklju\u010dile pa so ga \u010dlanice Roya kvarteta.<\/p>\n","protected":false},"excerpt":{"rendered":"<p>Prvo januarsko soboto je na Glasbeni \u0161oli Celje potekal \u017ee tradicionalni Celjski dan saksofona. V goste so povabili Roya kvartet, ki ga sestavjajo \u0161tiri izvrstne saksofonistke iz treh de\u017eel, Petra Horvat, Weronika Patryka, Betka Bizjak Kotnik in Joanna Blejwas. V dopoldanskem \u010dasu so izvajale individualne in skupinske lekcije z u\u010denci saksofona Glasbene \u0161ole Celje, popoldne [&hellip;]<\/p>\n","protected":false},"author":10,"featured_media":159076,"comment_status":"closed","ping_status":"closed","sticky":false,"template":"","format":"standard","meta":{"footnotes":""},"categories":[14,142,17,15],"tags":[16881,16877,2801,16882,16879,16878,16880],"class_list":{"0":"post-159075","1":"post","2":"type-post","3":"status-publish","4":"format-standard","5":"has-post-thumbnail","7":"category-aktualno","8":"category-celjan","9":"category-celjsko","10":"category-druzabno","11":"tag-betka-bizjak-kotnik","12":"tag-celjski-dan-saksofona","13":"tag-glasbena-sola-celje","14":"tag-joanna-blejwas","15":"tag-petra-horvat","16":"tag-roy-kvartet","17":"tag-weronika-patryka"},"yoast_head":"<!-- This site is optimized with the Yoast SEO plugin v27.4 - https:\/\/yoast.com\/product\/yoast-seo-wordpress\/ -->\n<title>Dan saksofona v Glasbeni \u0161oli Celje - Novice.si<\/title>\n<meta name=\"robots\" content=\"index, follow, max-snippet:-1, max-image-preview:large, max-video-preview:-1\" \/>\n<link rel=\"canonical\" href=\"https:\/\/novice.si\/page\/dan-saksofona-v-glasbeni-soli-celje\/\" \/>\n<meta property=\"og:locale\" content=\"sl_SI\" \/>\n<meta property=\"og:type\" content=\"article\" \/>\n<meta property=\"og:title\" content=\"Dan saksofona v Glasbeni \u0161oli Celje - Novice.si\" \/>\n<meta property=\"og:description\" content=\"Prvo januarsko soboto je na Glasbeni \u0161oli Celje potekal \u017ee tradicionalni Celjski dan saksofona. V goste so povabili Roya kvartet, ki ga sestavjajo \u0161tiri izvrstne saksofonistke iz treh de\u017eel, Petra Horvat, Weronika Patryka, Betka Bizjak Kotnik in Joanna Blejwas. V dopoldanskem \u010dasu so izvajale individualne in skupinske lekcije z u\u010denci saksofona Glasbene \u0161ole Celje, popoldne [&hellip;]\" \/>\n<meta property=\"og:url\" content=\"https:\/\/novice.si\/page\/dan-saksofona-v-glasbeni-soli-celje\/\" \/>\n<meta property=\"og:site_name\" content=\"Novice.si\" \/>\n<meta property=\"article:published_time\" content=\"2023-01-19T06:22:51+00:00\" \/>\n<meta property=\"og:image\" content=\"https:\/\/novice.si\/page\/wp-content\/uploads\/2023\/01\/Uho-dan-saksofona-1149.jpg\" \/>\n\t<meta property=\"og:image:width\" content=\"1771\" \/>\n\t<meta property=\"og:image:height\" content=\"1330\" \/>\n\t<meta property=\"og:image:type\" content=\"image\/jpeg\" \/>\n<meta name=\"author\" content=\"Iztok Krajnc\" \/>\n<meta name=\"twitter:card\" content=\"summary_large_image\" \/>\n<meta name=\"twitter:label1\" content=\"Written by\" \/>\n\t<meta name=\"twitter:data1\" content=\"Iztok Krajnc\" \/>\n\t<meta name=\"twitter:label2\" content=\"Est. reading time\" \/>\n\t<meta name=\"twitter:data2\" content=\"1 minuta\" \/>\n<script type=\"application\/ld+json\" class=\"yoast-schema-graph\">{\"@context\":\"https:\\\/\\\/schema.org\",\"@graph\":[{\"@type\":\"Article\",\"@id\":\"https:\\\/\\\/novice.si\\\/page\\\/dan-saksofona-v-glasbeni-soli-celje\\\/#article\",\"isPartOf\":{\"@id\":\"https:\\\/\\\/novice.si\\\/page\\\/dan-saksofona-v-glasbeni-soli-celje\\\/\"},\"author\":{\"name\":\"Iztok Krajnc\",\"@id\":\"https:\\\/\\\/novice.si\\\/page\\\/#\\\/schema\\\/person\\\/92fda8564875f655675c886e4df22216\"},\"headline\":\"Dan saksofona v Glasbeni \u0161oli Celje\",\"datePublished\":\"2023-01-19T06:22:51+00:00\",\"mainEntityOfPage\":{\"@id\":\"https:\\\/\\\/novice.si\\\/page\\\/dan-saksofona-v-glasbeni-soli-celje\\\/\"},\"wordCount\":113,\"publisher\":{\"@id\":\"https:\\\/\\\/novice.si\\\/page\\\/#organization\"},\"image\":{\"@id\":\"https:\\\/\\\/novice.si\\\/page\\\/dan-saksofona-v-glasbeni-soli-celje\\\/#primaryimage\"},\"thumbnailUrl\":\"https:\\\/\\\/novice.si\\\/page\\\/wp-content\\\/uploads\\\/2023\\\/01\\\/Uho-dan-saksofona-1149.jpg\",\"keywords\":[\"betka bizjak kotnik\",\"celjski dan saksofona\",\"glasbena sola celje\",\"joanna blejwas\",\"petra horvat\",\"roy kvartet\",\"weronika patryka\"],\"articleSection\":[\"Aktualno\",\"Celjan\",\"Celjsko\",\"Dru\u017eabno\"],\"inLanguage\":\"sl-SI\"},{\"@type\":\"WebPage\",\"@id\":\"https:\\\/\\\/novice.si\\\/page\\\/dan-saksofona-v-glasbeni-soli-celje\\\/\",\"url\":\"https:\\\/\\\/novice.si\\\/page\\\/dan-saksofona-v-glasbeni-soli-celje\\\/\",\"name\":\"Dan saksofona v Glasbeni \u0161oli Celje - Novice.si\",\"isPartOf\":{\"@id\":\"https:\\\/\\\/novice.si\\\/page\\\/#website\"},\"primaryImageOfPage\":{\"@id\":\"https:\\\/\\\/novice.si\\\/page\\\/dan-saksofona-v-glasbeni-soli-celje\\\/#primaryimage\"},\"image\":{\"@id\":\"https:\\\/\\\/novice.si\\\/page\\\/dan-saksofona-v-glasbeni-soli-celje\\\/#primaryimage\"},\"thumbnailUrl\":\"https:\\\/\\\/novice.si\\\/page\\\/wp-content\\\/uploads\\\/2023\\\/01\\\/Uho-dan-saksofona-1149.jpg\",\"datePublished\":\"2023-01-19T06:22:51+00:00\",\"breadcrumb\":{\"@id\":\"https:\\\/\\\/novice.si\\\/page\\\/dan-saksofona-v-glasbeni-soli-celje\\\/#breadcrumb\"},\"inLanguage\":\"sl-SI\",\"potentialAction\":[{\"@type\":\"ReadAction\",\"target\":[\"https:\\\/\\\/novice.si\\\/page\\\/dan-saksofona-v-glasbeni-soli-celje\\\/\"]}]},{\"@type\":\"ImageObject\",\"inLanguage\":\"sl-SI\",\"@id\":\"https:\\\/\\\/novice.si\\\/page\\\/dan-saksofona-v-glasbeni-soli-celje\\\/#primaryimage\",\"url\":\"https:\\\/\\\/novice.si\\\/page\\\/wp-content\\\/uploads\\\/2023\\\/01\\\/Uho-dan-saksofona-1149.jpg\",\"contentUrl\":\"https:\\\/\\\/novice.si\\\/page\\\/wp-content\\\/uploads\\\/2023\\\/01\\\/Uho-dan-saksofona-1149.jpg\",\"width\":1771,\"height\":1330,\"caption\":\"Foto Glasbena \u0161ola Celje\"},{\"@type\":\"BreadcrumbList\",\"@id\":\"https:\\\/\\\/novice.si\\\/page\\\/dan-saksofona-v-glasbeni-soli-celje\\\/#breadcrumb\",\"itemListElement\":[{\"@type\":\"ListItem\",\"position\":1,\"name\":\"Home\",\"item\":\"https:\\\/\\\/novice.si\\\/page\\\/\"},{\"@type\":\"ListItem\",\"position\":2,\"name\":\"Dan saksofona v Glasbeni \u0161oli Celje\"}]},{\"@type\":\"WebSite\",\"@id\":\"https:\\\/\\\/novice.si\\\/page\\\/#website\",\"url\":\"https:\\\/\\\/novice.si\\\/page\\\/\",\"name\":\"Novice.si\",\"description\":\"\",\"publisher\":{\"@id\":\"https:\\\/\\\/novice.si\\\/page\\\/#organization\"},\"potentialAction\":[{\"@type\":\"SearchAction\",\"target\":{\"@type\":\"EntryPoint\",\"urlTemplate\":\"https:\\\/\\\/novice.si\\\/page\\\/?s={search_term_string}\"},\"query-input\":{\"@type\":\"PropertyValueSpecification\",\"valueRequired\":true,\"valueName\":\"search_term_string\"}}],\"inLanguage\":\"sl-SI\"},{\"@type\":\"Organization\",\"@id\":\"https:\\\/\\\/novice.si\\\/page\\\/#organization\",\"name\":\"Novice.si\",\"url\":\"https:\\\/\\\/novice.si\\\/page\\\/\",\"logo\":{\"@type\":\"ImageObject\",\"inLanguage\":\"sl-SI\",\"@id\":\"https:\\\/\\\/novice.si\\\/page\\\/#\\\/schema\\\/logo\\\/image\\\/\",\"url\":\"https:\\\/\\\/novice.si\\\/page\\\/wp-content\\\/uploads\\\/2023\\\/03\\\/novice_si.png\",\"contentUrl\":\"https:\\\/\\\/novice.si\\\/page\\\/wp-content\\\/uploads\\\/2023\\\/03\\\/novice_si.png\",\"width\":576,\"height\":200,\"caption\":\"Novice.si\"},\"image\":{\"@id\":\"https:\\\/\\\/novice.si\\\/page\\\/#\\\/schema\\\/logo\\\/image\\\/\"}},{\"@type\":\"Person\",\"@id\":\"https:\\\/\\\/novice.si\\\/page\\\/#\\\/schema\\\/person\\\/92fda8564875f655675c886e4df22216\",\"name\":\"Iztok Krajnc\",\"image\":{\"@type\":\"ImageObject\",\"inLanguage\":\"sl-SI\",\"@id\":\"https:\\\/\\\/secure.gravatar.com\\\/avatar\\\/2790ff125f883a5a9cb934a574322d28ea850f8f4494d77b487c1950e0096015?s=96&d=mm&r=g\",\"url\":\"https:\\\/\\\/secure.gravatar.com\\\/avatar\\\/2790ff125f883a5a9cb934a574322d28ea850f8f4494d77b487c1950e0096015?s=96&d=mm&r=g\",\"contentUrl\":\"https:\\\/\\\/secure.gravatar.com\\\/avatar\\\/2790ff125f883a5a9cb934a574322d28ea850f8f4494d77b487c1950e0096015?s=96&d=mm&r=g\",\"caption\":\"Iztok Krajnc\"},\"url\":\"https:\\\/\\\/novice.si\\\/page\\\/author\\\/iztok\\\/\"}]}<\/script>\n<!-- \/ Yoast SEO plugin. -->","yoast_head_json":{"title":"Dan saksofona v Glasbeni \u0161oli Celje - Novice.si","robots":{"index":"index","follow":"follow","max-snippet":"max-snippet:-1","max-image-preview":"max-image-preview:large","max-video-preview":"max-video-preview:-1"},"canonical":"https:\/\/novice.si\/page\/dan-saksofona-v-glasbeni-soli-celje\/","og_locale":"sl_SI","og_type":"article","og_title":"Dan saksofona v Glasbeni \u0161oli Celje - Novice.si","og_description":"Prvo januarsko soboto je na Glasbeni \u0161oli Celje potekal \u017ee tradicionalni Celjski dan saksofona. V goste so povabili Roya kvartet, ki ga sestavjajo \u0161tiri izvrstne saksofonistke iz treh de\u017eel, Petra Horvat, Weronika Patryka, Betka Bizjak Kotnik in Joanna Blejwas. V dopoldanskem \u010dasu so izvajale individualne in skupinske lekcije z u\u010denci saksofona Glasbene \u0161ole Celje, popoldne [&hellip;]","og_url":"https:\/\/novice.si\/page\/dan-saksofona-v-glasbeni-soli-celje\/","og_site_name":"Novice.si","article_published_time":"2023-01-19T06:22:51+00:00","og_image":[{"width":1771,"height":1330,"url":"https:\/\/novice.si\/page\/wp-content\/uploads\/2023\/01\/Uho-dan-saksofona-1149.jpg","type":"image\/jpeg"}],"author":"Iztok Krajnc","twitter_card":"summary_large_image","twitter_misc":{"Written by":"Iztok Krajnc","Est. reading time":"1 minuta"},"schema":{"@context":"https:\/\/schema.org","@graph":[{"@type":"Article","@id":"https:\/\/novice.si\/page\/dan-saksofona-v-glasbeni-soli-celje\/#article","isPartOf":{"@id":"https:\/\/novice.si\/page\/dan-saksofona-v-glasbeni-soli-celje\/"},"author":{"name":"Iztok Krajnc","@id":"https:\/\/novice.si\/page\/#\/schema\/person\/92fda8564875f655675c886e4df22216"},"headline":"Dan saksofona v Glasbeni \u0161oli Celje","datePublished":"2023-01-19T06:22:51+00:00","mainEntityOfPage":{"@id":"https:\/\/novice.si\/page\/dan-saksofona-v-glasbeni-soli-celje\/"},"wordCount":113,"publisher":{"@id":"https:\/\/novice.si\/page\/#organization"},"image":{"@id":"https:\/\/novice.si\/page\/dan-saksofona-v-glasbeni-soli-celje\/#primaryimage"},"thumbnailUrl":"https:\/\/novice.si\/page\/wp-content\/uploads\/2023\/01\/Uho-dan-saksofona-1149.jpg","keywords":["betka bizjak kotnik","celjski dan saksofona","glasbena sola celje","joanna blejwas","petra horvat","roy kvartet","weronika patryka"],"articleSection":["Aktualno","Celjan","Celjsko","Dru\u017eabno"],"inLanguage":"sl-SI"},{"@type":"WebPage","@id":"https:\/\/novice.si\/page\/dan-saksofona-v-glasbeni-soli-celje\/","url":"https:\/\/novice.si\/page\/dan-saksofona-v-glasbeni-soli-celje\/","name":"Dan saksofona v Glasbeni \u0161oli Celje - Novice.si","isPartOf":{"@id":"https:\/\/novice.si\/page\/#website"},"primaryImageOfPage":{"@id":"https:\/\/novice.si\/page\/dan-saksofona-v-glasbeni-soli-celje\/#primaryimage"},"image":{"@id":"https:\/\/novice.si\/page\/dan-saksofona-v-glasbeni-soli-celje\/#primaryimage"},"thumbnailUrl":"https:\/\/novice.si\/page\/wp-content\/uploads\/2023\/01\/Uho-dan-saksofona-1149.jpg","datePublished":"2023-01-19T06:22:51+00:00","breadcrumb":{"@id":"https:\/\/novice.si\/page\/dan-saksofona-v-glasbeni-soli-celje\/#breadcrumb"},"inLanguage":"sl-SI","potentialAction":[{"@type":"ReadAction","target":["https:\/\/novice.si\/page\/dan-saksofona-v-glasbeni-soli-celje\/"]}]},{"@type":"ImageObject","inLanguage":"sl-SI","@id":"https:\/\/novice.si\/page\/dan-saksofona-v-glasbeni-soli-celje\/#primaryimage","url":"https:\/\/novice.si\/page\/wp-content\/uploads\/2023\/01\/Uho-dan-saksofona-1149.jpg","contentUrl":"https:\/\/novice.si\/page\/wp-content\/uploads\/2023\/01\/Uho-dan-saksofona-1149.jpg","width":1771,"height":1330,"caption":"Foto Glasbena \u0161ola Celje"},{"@type":"BreadcrumbList","@id":"https:\/\/novice.si\/page\/dan-saksofona-v-glasbeni-soli-celje\/#breadcrumb","itemListElement":[{"@type":"ListItem","position":1,"name":"Home","item":"https:\/\/novice.si\/page\/"},{"@type":"ListItem","position":2,"name":"Dan saksofona v Glasbeni \u0161oli Celje"}]},{"@type":"WebSite","@id":"https:\/\/novice.si\/page\/#website","url":"https:\/\/novice.si\/page\/","name":"Novice.si","description":"","publisher":{"@id":"https:\/\/novice.si\/page\/#organization"},"potentialAction":[{"@type":"SearchAction","target":{"@type":"EntryPoint","urlTemplate":"https:\/\/novice.si\/page\/?s={search_term_string}"},"query-input":{"@type":"PropertyValueSpecification","valueRequired":true,"valueName":"search_term_string"}}],"inLanguage":"sl-SI"},{"@type":"Organization","@id":"https:\/\/novice.si\/page\/#organization","name":"Novice.si","url":"https:\/\/novice.si\/page\/","logo":{"@type":"ImageObject","inLanguage":"sl-SI","@id":"https:\/\/novice.si\/page\/#\/schema\/logo\/image\/","url":"https:\/\/novice.si\/page\/wp-content\/uploads\/2023\/03\/novice_si.png","contentUrl":"https:\/\/novice.si\/page\/wp-content\/uploads\/2023\/03\/novice_si.png","width":576,"height":200,"caption":"Novice.si"},"image":{"@id":"https:\/\/novice.si\/page\/#\/schema\/logo\/image\/"}},{"@type":"Person","@id":"https:\/\/novice.si\/page\/#\/schema\/person\/92fda8564875f655675c886e4df22216","name":"Iztok Krajnc","image":{"@type":"ImageObject","inLanguage":"sl-SI","@id":"https:\/\/secure.gravatar.com\/avatar\/2790ff125f883a5a9cb934a574322d28ea850f8f4494d77b487c1950e0096015?s=96&d=mm&r=g","url":"https:\/\/secure.gravatar.com\/avatar\/2790ff125f883a5a9cb934a574322d28ea850f8f4494d77b487c1950e0096015?s=96&d=mm&r=g","contentUrl":"https:\/\/secure.gravatar.com\/avatar\/2790ff125f883a5a9cb934a574322d28ea850f8f4494d77b487c1950e0096015?s=96&d=mm&r=g","caption":"Iztok Krajnc"},"url":"https:\/\/novice.si\/page\/author\/iztok\/"}]}},"_links":{"self":[{"href":"https:\/\/novice.si\/page\/wp-json\/wp\/v2\/posts\/159075","targetHints":{"allow":["GET"]}}],"collection":[{"href":"https:\/\/novice.si\/page\/wp-json\/wp\/v2\/posts"}],"about":[{"href":"https:\/\/novice.si\/page\/wp-json\/wp\/v2\/types\/post"}],"author":[{"embeddable":true,"href":"https:\/\/novice.si\/page\/wp-json\/wp\/v2\/users\/10"}],"replies":[{"embeddable":true,"href":"https:\/\/novice.si\/page\/wp-json\/wp\/v2\/comments?post=159075"}],"version-history":[{"count":3,"href":"https:\/\/novice.si\/page\/wp-json\/wp\/v2\/posts\/159075\/revisions"}],"predecessor-version":[{"id":159079,"href":"https:\/\/novice.si\/page\/wp-json\/wp\/v2\/posts\/159075\/revisions\/159079"}],"wp:featuredmedia":[{"embeddable":true,"href":"https:\/\/novice.si\/page\/wp-json\/wp\/v2\/media\/159076"}],"wp:attachment":[{"href":"https:\/\/novice.si\/page\/wp-json\/wp\/v2\/media?parent=159075"}],"wp:term":[{"taxonomy":"category","embeddable":true,"href":"https:\/\/novice.si\/page\/wp-json\/wp\/v2\/categories?post=159075"},{"taxonomy":"post_tag","embeddable":true,"href":"https:\/\/novice.si\/page\/wp-json\/wp\/v2\/tags?post=159075"}],"curies":[{"name":"wp","href":"https:\/\/api.w.org\/{rel}","templated":true}]}}