{"id":159071,"date":"2023-01-23T09:14:13","date_gmt":"2023-01-23T08:14:13","guid":{"rendered":"https:\/\/novice.si\/page\/?p=159071"},"modified":"2023-01-18T17:16:06","modified_gmt":"2023-01-18T16:16:06","slug":"upad-stevila-rojstev-in-prebivalcev","status":"publish","type":"post","link":"https:\/\/novice.si\/page\/upad-stevila-rojstev-in-prebivalcev\/","title":{"rendered":"Upad \u0161tevila rojstev in prebivalcev"},"content":{"rendered":"<p><em><strong><a href=\"https:\/\/novice.si\/page\/wp-content\/uploads\/2023\/01\/Izpostavljeno-celjani-rojstva-prebivalstvo-pregled-1149.jpg\" data-gallery><img loading=\"lazy\" decoding=\"async\" class=\"size-medium wp-image-159072 alignleft\" src=\"https:\/\/novice.si\/page\/wp-content\/uploads\/2023\/01\/Izpostavljeno-celjani-rojstva-prebivalstvo-pregled-1149-300x200.jpg\" alt=\"rojstva\" width=\"300\" height=\"200\" srcset=\"https:\/\/novice.si\/page\/wp-content\/uploads\/2023\/01\/Izpostavljeno-celjani-rojstva-prebivalstvo-pregled-1149-300x200.jpg 300w, https:\/\/novice.si\/page\/wp-content\/uploads\/2023\/01\/Izpostavljeno-celjani-rojstva-prebivalstvo-pregled-1149-1024x682.jpg 1024w, https:\/\/novice.si\/page\/wp-content\/uploads\/2023\/01\/Izpostavljeno-celjani-rojstva-prebivalstvo-pregled-1149-768x512.jpg 768w, https:\/\/novice.si\/page\/wp-content\/uploads\/2023\/01\/Izpostavljeno-celjani-rojstva-prebivalstvo-pregled-1149-1536x1024.jpg 1536w, https:\/\/novice.si\/page\/wp-content\/uploads\/2023\/01\/Izpostavljeno-celjani-rojstva-prebivalstvo-pregled-1149-696x464.jpg 696w, https:\/\/novice.si\/page\/wp-content\/uploads\/2023\/01\/Izpostavljeno-celjani-rojstva-prebivalstvo-pregled-1149-1068x712.jpg 1068w, https:\/\/novice.si\/page\/wp-content\/uploads\/2023\/01\/Izpostavljeno-celjani-rojstva-prebivalstvo-pregled-1149-630x420.jpg 630w, https:\/\/novice.si\/page\/wp-content\/uploads\/2023\/01\/Izpostavljeno-celjani-rojstva-prebivalstvo-pregled-1149-24x16.jpg 24w, https:\/\/novice.si\/page\/wp-content\/uploads\/2023\/01\/Izpostavljeno-celjani-rojstva-prebivalstvo-pregled-1149-36x24.jpg 36w, https:\/\/novice.si\/page\/wp-content\/uploads\/2023\/01\/Izpostavljeno-celjani-rojstva-prebivalstvo-pregled-1149-48x32.jpg 48w, https:\/\/novice.si\/page\/wp-content\/uploads\/2023\/01\/Izpostavljeno-celjani-rojstva-prebivalstvo-pregled-1149.jpg 1772w\" sizes=\"auto, (max-width: 300px) 100vw, 300px\" \/><\/a>Rojstva.<\/strong> Leta 2022 se je v Celju rodilo 1.392 otrok. Lani pa je Celje \u0161telo 48.679 prebivalcev.<\/em><\/p>\n<p>Prebivalstvo Evropske unije se stara in na to nismo imuni niti Celjani. Na Statisti\u010dnem uradu Republike Slovenije (SURS) smo izbrskali podatke za Celje in ugotovili, da se je \u0161tevilo starej\u0161ih od 65 let v zadnjih petih letih dvignilo za ve\u010d kot 870 oseb, starej\u0161ih od 85 let pa za 138 ob\u010danov in ob\u010dank. Medtem pa skupina mladih med 20. in 24. letom dr\u017ei skoraj isti polo\u017eaj kot pred petimi leti. Med otroci do 14. leta je v zadnjih petih letih zaznati upad, z nekaj nihanji gor in dol, za skoraj 70 otrok.<\/p>\n<p><strong>Prebivalstvo lani prvi\u010d pod 49.000<\/strong><\/p>\n<p>\u0160tevilo prebivalcev je lani prvi\u010d po letu 2015 znova padlo pod \u0161tevilko 49.000. Med letoma 2009 in 2015 je bilo v kne\u017ejem mestu manj kot 49 tiso\u010d prebivalcev. Leta 2016 smo znova prebili mejo in odtlej je \u0161tevilo Celjank in Celjanov nara\u0161\u010dalo. Maksimum, oziroma rekord, je doseglo leta 2020, ko je Celje \u0161telo 49.540 prebivalcev. Od takrat do konca lanskega leta se je to \u0161tevilo zmanj\u0161alo za 861, in kot re\u010deno, padlo pod 49 tiso\u010d du\u0161.<\/p>\n<p>Ve\u010d o tem lahko preberete v aktualnem Celjanu, ki vas \u0161e vedno pri\u010dakuje na prodajnih mestih.<\/p>\n","protected":false},"excerpt":{"rendered":"<p>Rojstva. Leta 2022 se je v Celju rodilo 1.392 otrok. Lani pa je Celje \u0161telo 48.679 prebivalcev. Prebivalstvo Evropske unije se stara in na to nismo imuni niti Celjani. Na Statisti\u010dnem uradu Republike Slovenije (SURS) smo izbrskali podatke za Celje in ugotovili, da se je \u0161tevilo starej\u0161ih od 65 let v zadnjih petih letih dvignilo [&hellip;]<\/p>\n","protected":false},"author":55,"featured_media":159072,"comment_status":"closed","ping_status":"closed","sticky":false,"template":"","format":"standard","meta":{"footnotes":""},"categories":[14,142,17],"tags":[],"class_list":{"0":"post-159071","1":"post","2":"type-post","3":"status-publish","4":"format-standard","5":"has-post-thumbnail","7":"category-aktualno","8":"category-celjan","9":"category-celjsko"},"yoast_head":"<!-- This site is optimized with the Yoast SEO plugin v27.4 - https:\/\/yoast.com\/product\/yoast-seo-wordpress\/ -->\n<title>Upad \u0161tevila rojstev in prebivalcev - Novice.si<\/title>\n<meta name=\"robots\" content=\"index, follow, max-snippet:-1, max-image-preview:large, max-video-preview:-1\" \/>\n<link rel=\"canonical\" href=\"https:\/\/novice.si\/page\/upad-stevila-rojstev-in-prebivalcev\/\" \/>\n<meta property=\"og:locale\" content=\"sl_SI\" \/>\n<meta property=\"og:type\" content=\"article\" \/>\n<meta property=\"og:title\" content=\"Upad \u0161tevila rojstev in prebivalcev - Novice.si\" \/>\n<meta property=\"og:description\" content=\"Rojstva. Leta 2022 se je v Celju rodilo 1.392 otrok. Lani pa je Celje \u0161telo 48.679 prebivalcev. Prebivalstvo Evropske unije se stara in na to nismo imuni niti Celjani. Na Statisti\u010dnem uradu Republike Slovenije (SURS) smo izbrskali podatke za Celje in ugotovili, da se je \u0161tevilo starej\u0161ih od 65 let v zadnjih petih letih dvignilo [&hellip;]\" \/>\n<meta property=\"og:url\" content=\"https:\/\/novice.si\/page\/upad-stevila-rojstev-in-prebivalcev\/\" \/>\n<meta property=\"og:site_name\" content=\"Novice.si\" \/>\n<meta property=\"article:published_time\" content=\"2023-01-23T08:14:13+00:00\" \/>\n<meta property=\"og:image\" content=\"https:\/\/novice.si\/page\/wp-content\/uploads\/2023\/01\/Izpostavljeno-celjani-rojstva-prebivalstvo-pregled-1149.jpg\" \/>\n\t<meta property=\"og:image:width\" content=\"1772\" \/>\n\t<meta property=\"og:image:height\" content=\"1181\" \/>\n\t<meta property=\"og:image:type\" content=\"image\/jpeg\" \/>\n<meta name=\"author\" content=\"Uredni\u0161tvo Celjana\" \/>\n<meta name=\"twitter:card\" content=\"summary_large_image\" \/>\n<meta name=\"twitter:label1\" content=\"Written by\" \/>\n\t<meta name=\"twitter:data1\" content=\"Uredni\u0161tvo Celjana\" \/>\n\t<meta name=\"twitter:label2\" content=\"Est. reading time\" \/>\n\t<meta name=\"twitter:data2\" content=\"2 minuti\" \/>\n<script type=\"application\/ld+json\" class=\"yoast-schema-graph\">{\"@context\":\"https:\\\/\\\/schema.org\",\"@graph\":[{\"@type\":\"Article\",\"@id\":\"https:\\\/\\\/novice.si\\\/page\\\/upad-stevila-rojstev-in-prebivalcev\\\/#article\",\"isPartOf\":{\"@id\":\"https:\\\/\\\/novice.si\\\/page\\\/upad-stevila-rojstev-in-prebivalcev\\\/\"},\"author\":{\"name\":\"Uredni\u0161tvo Celjana\",\"@id\":\"https:\\\/\\\/novice.si\\\/page\\\/#\\\/schema\\\/person\\\/a49f233ef2777ec7b2e8d0662325bb48\"},\"headline\":\"Upad \u0161tevila rojstev in prebivalcev\",\"datePublished\":\"2023-01-23T08:14:13+00:00\",\"mainEntityOfPage\":{\"@id\":\"https:\\\/\\\/novice.si\\\/page\\\/upad-stevila-rojstev-in-prebivalcev\\\/\"},\"wordCount\":201,\"publisher\":{\"@id\":\"https:\\\/\\\/novice.si\\\/page\\\/#organization\"},\"image\":{\"@id\":\"https:\\\/\\\/novice.si\\\/page\\\/upad-stevila-rojstev-in-prebivalcev\\\/#primaryimage\"},\"thumbnailUrl\":\"https:\\\/\\\/novice.si\\\/page\\\/wp-content\\\/uploads\\\/2023\\\/01\\\/Izpostavljeno-celjani-rojstva-prebivalstvo-pregled-1149.jpg\",\"articleSection\":[\"Aktualno\",\"Celjan\",\"Celjsko\"],\"inLanguage\":\"sl-SI\"},{\"@type\":\"WebPage\",\"@id\":\"https:\\\/\\\/novice.si\\\/page\\\/upad-stevila-rojstev-in-prebivalcev\\\/\",\"url\":\"https:\\\/\\\/novice.si\\\/page\\\/upad-stevila-rojstev-in-prebivalcev\\\/\",\"name\":\"Upad \u0161tevila rojstev in prebivalcev - Novice.si\",\"isPartOf\":{\"@id\":\"https:\\\/\\\/novice.si\\\/page\\\/#website\"},\"primaryImageOfPage\":{\"@id\":\"https:\\\/\\\/novice.si\\\/page\\\/upad-stevila-rojstev-in-prebivalcev\\\/#primaryimage\"},\"image\":{\"@id\":\"https:\\\/\\\/novice.si\\\/page\\\/upad-stevila-rojstev-in-prebivalcev\\\/#primaryimage\"},\"thumbnailUrl\":\"https:\\\/\\\/novice.si\\\/page\\\/wp-content\\\/uploads\\\/2023\\\/01\\\/Izpostavljeno-celjani-rojstva-prebivalstvo-pregled-1149.jpg\",\"datePublished\":\"2023-01-23T08:14:13+00:00\",\"breadcrumb\":{\"@id\":\"https:\\\/\\\/novice.si\\\/page\\\/upad-stevila-rojstev-in-prebivalcev\\\/#breadcrumb\"},\"inLanguage\":\"sl-SI\",\"potentialAction\":[{\"@type\":\"ReadAction\",\"target\":[\"https:\\\/\\\/novice.si\\\/page\\\/upad-stevila-rojstev-in-prebivalcev\\\/\"]}]},{\"@type\":\"ImageObject\",\"inLanguage\":\"sl-SI\",\"@id\":\"https:\\\/\\\/novice.si\\\/page\\\/upad-stevila-rojstev-in-prebivalcev\\\/#primaryimage\",\"url\":\"https:\\\/\\\/novice.si\\\/page\\\/wp-content\\\/uploads\\\/2023\\\/01\\\/Izpostavljeno-celjani-rojstva-prebivalstvo-pregled-1149.jpg\",\"contentUrl\":\"https:\\\/\\\/novice.si\\\/page\\\/wp-content\\\/uploads\\\/2023\\\/01\\\/Izpostavljeno-celjani-rojstva-prebivalstvo-pregled-1149.jpg\",\"width\":1772,\"height\":1181},{\"@type\":\"BreadcrumbList\",\"@id\":\"https:\\\/\\\/novice.si\\\/page\\\/upad-stevila-rojstev-in-prebivalcev\\\/#breadcrumb\",\"itemListElement\":[{\"@type\":\"ListItem\",\"position\":1,\"name\":\"Home\",\"item\":\"https:\\\/\\\/novice.si\\\/page\\\/\"},{\"@type\":\"ListItem\",\"position\":2,\"name\":\"Upad \u0161tevila rojstev in prebivalcev\"}]},{\"@type\":\"WebSite\",\"@id\":\"https:\\\/\\\/novice.si\\\/page\\\/#website\",\"url\":\"https:\\\/\\\/novice.si\\\/page\\\/\",\"name\":\"Novice.si\",\"description\":\"\",\"publisher\":{\"@id\":\"https:\\\/\\\/novice.si\\\/page\\\/#organization\"},\"potentialAction\":[{\"@type\":\"SearchAction\",\"target\":{\"@type\":\"EntryPoint\",\"urlTemplate\":\"https:\\\/\\\/novice.si\\\/page\\\/?s={search_term_string}\"},\"query-input\":{\"@type\":\"PropertyValueSpecification\",\"valueRequired\":true,\"valueName\":\"search_term_string\"}}],\"inLanguage\":\"sl-SI\"},{\"@type\":\"Organization\",\"@id\":\"https:\\\/\\\/novice.si\\\/page\\\/#organization\",\"name\":\"Novice.si\",\"url\":\"https:\\\/\\\/novice.si\\\/page\\\/\",\"logo\":{\"@type\":\"ImageObject\",\"inLanguage\":\"sl-SI\",\"@id\":\"https:\\\/\\\/novice.si\\\/page\\\/#\\\/schema\\\/logo\\\/image\\\/\",\"url\":\"https:\\\/\\\/novice.si\\\/page\\\/wp-content\\\/uploads\\\/2023\\\/03\\\/novice_si.png\",\"contentUrl\":\"https:\\\/\\\/novice.si\\\/page\\\/wp-content\\\/uploads\\\/2023\\\/03\\\/novice_si.png\",\"width\":576,\"height\":200,\"caption\":\"Novice.si\"},\"image\":{\"@id\":\"https:\\\/\\\/novice.si\\\/page\\\/#\\\/schema\\\/logo\\\/image\\\/\"}},{\"@type\":\"Person\",\"@id\":\"https:\\\/\\\/novice.si\\\/page\\\/#\\\/schema\\\/person\\\/a49f233ef2777ec7b2e8d0662325bb48\",\"name\":\"Uredni\u0161tvo Celjana\",\"image\":{\"@type\":\"ImageObject\",\"inLanguage\":\"sl-SI\",\"@id\":\"https:\\\/\\\/secure.gravatar.com\\\/avatar\\\/7f7863e616af8f92806c638dd1db3f1a238d83d1cc2ec3100afc06fbb7eb303f?s=96&d=mm&r=g\",\"url\":\"https:\\\/\\\/secure.gravatar.com\\\/avatar\\\/7f7863e616af8f92806c638dd1db3f1a238d83d1cc2ec3100afc06fbb7eb303f?s=96&d=mm&r=g\",\"contentUrl\":\"https:\\\/\\\/secure.gravatar.com\\\/avatar\\\/7f7863e616af8f92806c638dd1db3f1a238d83d1cc2ec3100afc06fbb7eb303f?s=96&d=mm&r=g\",\"caption\":\"Uredni\u0161tvo Celjana\"},\"url\":\"https:\\\/\\\/novice.si\\\/page\\\/author\\\/maja\\\/\"}]}<\/script>\n<!-- \/ Yoast SEO plugin. -->","yoast_head_json":{"title":"Upad \u0161tevila rojstev in prebivalcev - Novice.si","robots":{"index":"index","follow":"follow","max-snippet":"max-snippet:-1","max-image-preview":"max-image-preview:large","max-video-preview":"max-video-preview:-1"},"canonical":"https:\/\/novice.si\/page\/upad-stevila-rojstev-in-prebivalcev\/","og_locale":"sl_SI","og_type":"article","og_title":"Upad \u0161tevila rojstev in prebivalcev - Novice.si","og_description":"Rojstva. Leta 2022 se je v Celju rodilo 1.392 otrok. Lani pa je Celje \u0161telo 48.679 prebivalcev. Prebivalstvo Evropske unije se stara in na to nismo imuni niti Celjani. Na Statisti\u010dnem uradu Republike Slovenije (SURS) smo izbrskali podatke za Celje in ugotovili, da se je \u0161tevilo starej\u0161ih od 65 let v zadnjih petih letih dvignilo [&hellip;]","og_url":"https:\/\/novice.si\/page\/upad-stevila-rojstev-in-prebivalcev\/","og_site_name":"Novice.si","article_published_time":"2023-01-23T08:14:13+00:00","og_image":[{"width":1772,"height":1181,"url":"https:\/\/novice.si\/page\/wp-content\/uploads\/2023\/01\/Izpostavljeno-celjani-rojstva-prebivalstvo-pregled-1149.jpg","type":"image\/jpeg"}],"author":"Uredni\u0161tvo Celjana","twitter_card":"summary_large_image","twitter_misc":{"Written by":"Uredni\u0161tvo Celjana","Est. reading time":"2 minuti"},"schema":{"@context":"https:\/\/schema.org","@graph":[{"@type":"Article","@id":"https:\/\/novice.si\/page\/upad-stevila-rojstev-in-prebivalcev\/#article","isPartOf":{"@id":"https:\/\/novice.si\/page\/upad-stevila-rojstev-in-prebivalcev\/"},"author":{"name":"Uredni\u0161tvo Celjana","@id":"https:\/\/novice.si\/page\/#\/schema\/person\/a49f233ef2777ec7b2e8d0662325bb48"},"headline":"Upad \u0161tevila rojstev in prebivalcev","datePublished":"2023-01-23T08:14:13+00:00","mainEntityOfPage":{"@id":"https:\/\/novice.si\/page\/upad-stevila-rojstev-in-prebivalcev\/"},"wordCount":201,"publisher":{"@id":"https:\/\/novice.si\/page\/#organization"},"image":{"@id":"https:\/\/novice.si\/page\/upad-stevila-rojstev-in-prebivalcev\/#primaryimage"},"thumbnailUrl":"https:\/\/novice.si\/page\/wp-content\/uploads\/2023\/01\/Izpostavljeno-celjani-rojstva-prebivalstvo-pregled-1149.jpg","articleSection":["Aktualno","Celjan","Celjsko"],"inLanguage":"sl-SI"},{"@type":"WebPage","@id":"https:\/\/novice.si\/page\/upad-stevila-rojstev-in-prebivalcev\/","url":"https:\/\/novice.si\/page\/upad-stevila-rojstev-in-prebivalcev\/","name":"Upad \u0161tevila rojstev in prebivalcev - Novice.si","isPartOf":{"@id":"https:\/\/novice.si\/page\/#website"},"primaryImageOfPage":{"@id":"https:\/\/novice.si\/page\/upad-stevila-rojstev-in-prebivalcev\/#primaryimage"},"image":{"@id":"https:\/\/novice.si\/page\/upad-stevila-rojstev-in-prebivalcev\/#primaryimage"},"thumbnailUrl":"https:\/\/novice.si\/page\/wp-content\/uploads\/2023\/01\/Izpostavljeno-celjani-rojstva-prebivalstvo-pregled-1149.jpg","datePublished":"2023-01-23T08:14:13+00:00","breadcrumb":{"@id":"https:\/\/novice.si\/page\/upad-stevila-rojstev-in-prebivalcev\/#breadcrumb"},"inLanguage":"sl-SI","potentialAction":[{"@type":"ReadAction","target":["https:\/\/novice.si\/page\/upad-stevila-rojstev-in-prebivalcev\/"]}]},{"@type":"ImageObject","inLanguage":"sl-SI","@id":"https:\/\/novice.si\/page\/upad-stevila-rojstev-in-prebivalcev\/#primaryimage","url":"https:\/\/novice.si\/page\/wp-content\/uploads\/2023\/01\/Izpostavljeno-celjani-rojstva-prebivalstvo-pregled-1149.jpg","contentUrl":"https:\/\/novice.si\/page\/wp-content\/uploads\/2023\/01\/Izpostavljeno-celjani-rojstva-prebivalstvo-pregled-1149.jpg","width":1772,"height":1181},{"@type":"BreadcrumbList","@id":"https:\/\/novice.si\/page\/upad-stevila-rojstev-in-prebivalcev\/#breadcrumb","itemListElement":[{"@type":"ListItem","position":1,"name":"Home","item":"https:\/\/novice.si\/page\/"},{"@type":"ListItem","position":2,"name":"Upad \u0161tevila rojstev in prebivalcev"}]},{"@type":"WebSite","@id":"https:\/\/novice.si\/page\/#website","url":"https:\/\/novice.si\/page\/","name":"Novice.si","description":"","publisher":{"@id":"https:\/\/novice.si\/page\/#organization"},"potentialAction":[{"@type":"SearchAction","target":{"@type":"EntryPoint","urlTemplate":"https:\/\/novice.si\/page\/?s={search_term_string}"},"query-input":{"@type":"PropertyValueSpecification","valueRequired":true,"valueName":"search_term_string"}}],"inLanguage":"sl-SI"},{"@type":"Organization","@id":"https:\/\/novice.si\/page\/#organization","name":"Novice.si","url":"https:\/\/novice.si\/page\/","logo":{"@type":"ImageObject","inLanguage":"sl-SI","@id":"https:\/\/novice.si\/page\/#\/schema\/logo\/image\/","url":"https:\/\/novice.si\/page\/wp-content\/uploads\/2023\/03\/novice_si.png","contentUrl":"https:\/\/novice.si\/page\/wp-content\/uploads\/2023\/03\/novice_si.png","width":576,"height":200,"caption":"Novice.si"},"image":{"@id":"https:\/\/novice.si\/page\/#\/schema\/logo\/image\/"}},{"@type":"Person","@id":"https:\/\/novice.si\/page\/#\/schema\/person\/a49f233ef2777ec7b2e8d0662325bb48","name":"Uredni\u0161tvo Celjana","image":{"@type":"ImageObject","inLanguage":"sl-SI","@id":"https:\/\/secure.gravatar.com\/avatar\/7f7863e616af8f92806c638dd1db3f1a238d83d1cc2ec3100afc06fbb7eb303f?s=96&d=mm&r=g","url":"https:\/\/secure.gravatar.com\/avatar\/7f7863e616af8f92806c638dd1db3f1a238d83d1cc2ec3100afc06fbb7eb303f?s=96&d=mm&r=g","contentUrl":"https:\/\/secure.gravatar.com\/avatar\/7f7863e616af8f92806c638dd1db3f1a238d83d1cc2ec3100afc06fbb7eb303f?s=96&d=mm&r=g","caption":"Uredni\u0161tvo Celjana"},"url":"https:\/\/novice.si\/page\/author\/maja\/"}]}},"_links":{"self":[{"href":"https:\/\/novice.si\/page\/wp-json\/wp\/v2\/posts\/159071","targetHints":{"allow":["GET"]}}],"collection":[{"href":"https:\/\/novice.si\/page\/wp-json\/wp\/v2\/posts"}],"about":[{"href":"https:\/\/novice.si\/page\/wp-json\/wp\/v2\/types\/post"}],"author":[{"embeddable":true,"href":"https:\/\/novice.si\/page\/wp-json\/wp\/v2\/users\/55"}],"replies":[{"embeddable":true,"href":"https:\/\/novice.si\/page\/wp-json\/wp\/v2\/comments?post=159071"}],"version-history":[{"count":1,"href":"https:\/\/novice.si\/page\/wp-json\/wp\/v2\/posts\/159071\/revisions"}],"predecessor-version":[{"id":159073,"href":"https:\/\/novice.si\/page\/wp-json\/wp\/v2\/posts\/159071\/revisions\/159073"}],"wp:featuredmedia":[{"embeddable":true,"href":"https:\/\/novice.si\/page\/wp-json\/wp\/v2\/media\/159072"}],"wp:attachment":[{"href":"https:\/\/novice.si\/page\/wp-json\/wp\/v2\/media?parent=159071"}],"wp:term":[{"taxonomy":"category","embeddable":true,"href":"https:\/\/novice.si\/page\/wp-json\/wp\/v2\/categories?post=159071"},{"taxonomy":"post_tag","embeddable":true,"href":"https:\/\/novice.si\/page\/wp-json\/wp\/v2\/tags?post=159071"}],"curies":[{"name":"wp","href":"https:\/\/api.w.org\/{rel}","templated":true}]}}