{"id":159063,"date":"2023-01-19T10:09:10","date_gmt":"2023-01-19T09:09:10","guid":{"rendered":"https:\/\/novice.si\/page\/?p=159063"},"modified":"2023-01-18T17:10:53","modified_gmt":"2023-01-18T16:10:53","slug":"konec-leta-celebus-prepeljal-najvec-potnikov-doslej","status":"publish","type":"post","link":"https:\/\/novice.si\/page\/konec-leta-celebus-prepeljal-najvec-potnikov-doslej\/","title":{"rendered":"Konec leta Celebus prepeljal najve\u010d potnikov doslej"},"content":{"rendered":"<p><em><a href=\"https:\/\/novice.si\/page\/wp-content\/uploads\/2023\/01\/Cz-celebus-scaled.jpg\" data-gallery><img loading=\"lazy\" decoding=\"async\" class=\"size-medium wp-image-159064 alignright\" src=\"https:\/\/novice.si\/page\/wp-content\/uploads\/2023\/01\/Cz-celebus-300x288.jpg\" alt=\"Celebus\" width=\"300\" height=\"288\" srcset=\"https:\/\/novice.si\/page\/wp-content\/uploads\/2023\/01\/Cz-celebus-300x288.jpg 300w, https:\/\/novice.si\/page\/wp-content\/uploads\/2023\/01\/Cz-celebus-1024x982.jpg 1024w, https:\/\/novice.si\/page\/wp-content\/uploads\/2023\/01\/Cz-celebus-768x736.jpg 768w, https:\/\/novice.si\/page\/wp-content\/uploads\/2023\/01\/Cz-celebus-1536x1473.jpg 1536w, https:\/\/novice.si\/page\/wp-content\/uploads\/2023\/01\/Cz-celebus-2048x1964.jpg 2048w, https:\/\/novice.si\/page\/wp-content\/uploads\/2023\/01\/Cz-celebus-696x667.jpg 696w, https:\/\/novice.si\/page\/wp-content\/uploads\/2023\/01\/Cz-celebus-1068x1024.jpg 1068w, https:\/\/novice.si\/page\/wp-content\/uploads\/2023\/01\/Cz-celebus-438x420.jpg 438w, https:\/\/novice.si\/page\/wp-content\/uploads\/2023\/01\/Cz-celebus-24x24.jpg 24w, https:\/\/novice.si\/page\/wp-content\/uploads\/2023\/01\/Cz-celebus-36x36.jpg 36w, https:\/\/novice.si\/page\/wp-content\/uploads\/2023\/01\/Cz-celebus-48x46.jpg 48w\" sizes=\"auto, (max-width: 300px) 100vw, 300px\" \/><\/a>Javni mestni avtobusni prevoz Celebus je ob koncu minulega leta dosegel pomemben mejnik v svojem \u0161tiriletnem delovanju: zabele\u017eil je najve\u010dje \u0161tevilo prepeljanih potnikov od vzpostavitve sistema leta 2019.<\/em><\/p>\n<p>Kot so sporo\u010dili iz Nomaga, ki je koncesionar javnega mestnega potni\u0161kega prometa v Celju, so Celebusi v decembru leta 2022 prepeljali 32.109 potnikov.<\/p>\n<p>Celebus je v minulem letu, \u0161e zlasti v zadnjih \u0161tirih mesecih, podiral rekorde, kar zadeva \u0161tevilo potnikov, mejnik, \u0161tevilo 30 tiso\u010d, pa dosegel in presegel zadnji mesec lanskega leta. Ob\u010dutnej\u0161a rast \u0161tevila potnikov se je sicer ponovno za\u010dela po rahljanju ukrepov za omejitev koronovirusa.<\/p>\n<p>Kaj vse je botrovalo tak\u0161nim \u0161tevilkam in kdaj je bil avtobusni potni\u0161ki prevoz v najve\u010dji krizi, pa v aktualnem Celjanu.<\/p>\n","protected":false},"excerpt":{"rendered":"<p>Javni mestni avtobusni prevoz Celebus je ob koncu minulega leta dosegel pomemben mejnik v svojem \u0161tiriletnem delovanju: zabele\u017eil je najve\u010dje \u0161tevilo prepeljanih potnikov od vzpostavitve sistema leta 2019. Kot so sporo\u010dili iz Nomaga, ki je koncesionar javnega mestnega potni\u0161kega prometa v Celju, so Celebusi v decembru leta 2022 prepeljali 32.109 potnikov. Celebus je v minulem [&hellip;]<\/p>\n","protected":false},"author":55,"featured_media":159064,"comment_status":"closed","ping_status":"closed","sticky":false,"template":"","format":"standard","meta":{"footnotes":""},"categories":[14,142,17],"tags":[],"class_list":{"0":"post-159063","1":"post","2":"type-post","3":"status-publish","4":"format-standard","5":"has-post-thumbnail","7":"category-aktualno","8":"category-celjan","9":"category-celjsko"},"yoast_head":"<!-- This site is optimized with the Yoast SEO plugin v27.4 - https:\/\/yoast.com\/product\/yoast-seo-wordpress\/ -->\n<title>Konec leta Celebus prepeljal najve\u010d potnikov doslej - Novice.si<\/title>\n<meta name=\"robots\" content=\"index, follow, max-snippet:-1, max-image-preview:large, max-video-preview:-1\" \/>\n<link rel=\"canonical\" href=\"https:\/\/novice.si\/page\/konec-leta-celebus-prepeljal-najvec-potnikov-doslej\/\" \/>\n<meta property=\"og:locale\" content=\"sl_SI\" \/>\n<meta property=\"og:type\" content=\"article\" \/>\n<meta property=\"og:title\" content=\"Konec leta Celebus prepeljal najve\u010d potnikov doslej - Novice.si\" \/>\n<meta property=\"og:description\" content=\"Javni mestni avtobusni prevoz Celebus je ob koncu minulega leta dosegel pomemben mejnik v svojem \u0161tiriletnem delovanju: zabele\u017eil je najve\u010dje \u0161tevilo prepeljanih potnikov od vzpostavitve sistema leta 2019. Kot so sporo\u010dili iz Nomaga, ki je koncesionar javnega mestnega potni\u0161kega prometa v Celju, so Celebusi v decembru leta 2022 prepeljali 32.109 potnikov. Celebus je v minulem [&hellip;]\" \/>\n<meta property=\"og:url\" content=\"https:\/\/novice.si\/page\/konec-leta-celebus-prepeljal-najvec-potnikov-doslej\/\" \/>\n<meta property=\"og:site_name\" content=\"Novice.si\" \/>\n<meta property=\"article:published_time\" content=\"2023-01-19T09:09:10+00:00\" \/>\n<meta property=\"og:image\" content=\"https:\/\/novice.si\/page\/wp-content\/uploads\/2023\/01\/Cz-celebus-scaled.jpg\" \/>\n\t<meta property=\"og:image:width\" content=\"2560\" \/>\n\t<meta property=\"og:image:height\" content=\"2455\" \/>\n\t<meta property=\"og:image:type\" content=\"image\/jpeg\" \/>\n<meta name=\"author\" content=\"Uredni\u0161tvo Celjana\" \/>\n<meta name=\"twitter:card\" content=\"summary_large_image\" \/>\n<meta name=\"twitter:label1\" content=\"Written by\" \/>\n\t<meta name=\"twitter:data1\" content=\"Uredni\u0161tvo Celjana\" \/>\n\t<meta name=\"twitter:label2\" content=\"Est. reading time\" \/>\n\t<meta name=\"twitter:data2\" content=\"1 minuta\" \/>\n<script type=\"application\/ld+json\" class=\"yoast-schema-graph\">{\"@context\":\"https:\\\/\\\/schema.org\",\"@graph\":[{\"@type\":\"Article\",\"@id\":\"https:\\\/\\\/novice.si\\\/page\\\/konec-leta-celebus-prepeljal-najvec-potnikov-doslej\\\/#article\",\"isPartOf\":{\"@id\":\"https:\\\/\\\/novice.si\\\/page\\\/konec-leta-celebus-prepeljal-najvec-potnikov-doslej\\\/\"},\"author\":{\"name\":\"Uredni\u0161tvo Celjana\",\"@id\":\"https:\\\/\\\/novice.si\\\/page\\\/#\\\/schema\\\/person\\\/a49f233ef2777ec7b2e8d0662325bb48\"},\"headline\":\"Konec leta Celebus prepeljal najve\u010d potnikov doslej\",\"datePublished\":\"2023-01-19T09:09:10+00:00\",\"mainEntityOfPage\":{\"@id\":\"https:\\\/\\\/novice.si\\\/page\\\/konec-leta-celebus-prepeljal-najvec-potnikov-doslej\\\/\"},\"wordCount\":128,\"publisher\":{\"@id\":\"https:\\\/\\\/novice.si\\\/page\\\/#organization\"},\"image\":{\"@id\":\"https:\\\/\\\/novice.si\\\/page\\\/konec-leta-celebus-prepeljal-najvec-potnikov-doslej\\\/#primaryimage\"},\"thumbnailUrl\":\"https:\\\/\\\/novice.si\\\/page\\\/wp-content\\\/uploads\\\/2023\\\/01\\\/Cz-celebus-scaled.jpg\",\"articleSection\":[\"Aktualno\",\"Celjan\",\"Celjsko\"],\"inLanguage\":\"sl-SI\"},{\"@type\":\"WebPage\",\"@id\":\"https:\\\/\\\/novice.si\\\/page\\\/konec-leta-celebus-prepeljal-najvec-potnikov-doslej\\\/\",\"url\":\"https:\\\/\\\/novice.si\\\/page\\\/konec-leta-celebus-prepeljal-najvec-potnikov-doslej\\\/\",\"name\":\"Konec leta Celebus prepeljal najve\u010d potnikov doslej - Novice.si\",\"isPartOf\":{\"@id\":\"https:\\\/\\\/novice.si\\\/page\\\/#website\"},\"primaryImageOfPage\":{\"@id\":\"https:\\\/\\\/novice.si\\\/page\\\/konec-leta-celebus-prepeljal-najvec-potnikov-doslej\\\/#primaryimage\"},\"image\":{\"@id\":\"https:\\\/\\\/novice.si\\\/page\\\/konec-leta-celebus-prepeljal-najvec-potnikov-doslej\\\/#primaryimage\"},\"thumbnailUrl\":\"https:\\\/\\\/novice.si\\\/page\\\/wp-content\\\/uploads\\\/2023\\\/01\\\/Cz-celebus-scaled.jpg\",\"datePublished\":\"2023-01-19T09:09:10+00:00\",\"breadcrumb\":{\"@id\":\"https:\\\/\\\/novice.si\\\/page\\\/konec-leta-celebus-prepeljal-najvec-potnikov-doslej\\\/#breadcrumb\"},\"inLanguage\":\"sl-SI\",\"potentialAction\":[{\"@type\":\"ReadAction\",\"target\":[\"https:\\\/\\\/novice.si\\\/page\\\/konec-leta-celebus-prepeljal-najvec-potnikov-doslej\\\/\"]}]},{\"@type\":\"ImageObject\",\"inLanguage\":\"sl-SI\",\"@id\":\"https:\\\/\\\/novice.si\\\/page\\\/konec-leta-celebus-prepeljal-najvec-potnikov-doslej\\\/#primaryimage\",\"url\":\"https:\\\/\\\/novice.si\\\/page\\\/wp-content\\\/uploads\\\/2023\\\/01\\\/Cz-celebus-scaled.jpg\",\"contentUrl\":\"https:\\\/\\\/novice.si\\\/page\\\/wp-content\\\/uploads\\\/2023\\\/01\\\/Cz-celebus-scaled.jpg\",\"width\":2560,\"height\":2455},{\"@type\":\"BreadcrumbList\",\"@id\":\"https:\\\/\\\/novice.si\\\/page\\\/konec-leta-celebus-prepeljal-najvec-potnikov-doslej\\\/#breadcrumb\",\"itemListElement\":[{\"@type\":\"ListItem\",\"position\":1,\"name\":\"Home\",\"item\":\"https:\\\/\\\/novice.si\\\/page\\\/\"},{\"@type\":\"ListItem\",\"position\":2,\"name\":\"Konec leta Celebus prepeljal najve\u010d potnikov doslej\"}]},{\"@type\":\"WebSite\",\"@id\":\"https:\\\/\\\/novice.si\\\/page\\\/#website\",\"url\":\"https:\\\/\\\/novice.si\\\/page\\\/\",\"name\":\"Novice.si\",\"description\":\"\",\"publisher\":{\"@id\":\"https:\\\/\\\/novice.si\\\/page\\\/#organization\"},\"potentialAction\":[{\"@type\":\"SearchAction\",\"target\":{\"@type\":\"EntryPoint\",\"urlTemplate\":\"https:\\\/\\\/novice.si\\\/page\\\/?s={search_term_string}\"},\"query-input\":{\"@type\":\"PropertyValueSpecification\",\"valueRequired\":true,\"valueName\":\"search_term_string\"}}],\"inLanguage\":\"sl-SI\"},{\"@type\":\"Organization\",\"@id\":\"https:\\\/\\\/novice.si\\\/page\\\/#organization\",\"name\":\"Novice.si\",\"url\":\"https:\\\/\\\/novice.si\\\/page\\\/\",\"logo\":{\"@type\":\"ImageObject\",\"inLanguage\":\"sl-SI\",\"@id\":\"https:\\\/\\\/novice.si\\\/page\\\/#\\\/schema\\\/logo\\\/image\\\/\",\"url\":\"https:\\\/\\\/novice.si\\\/page\\\/wp-content\\\/uploads\\\/2023\\\/03\\\/novice_si.png\",\"contentUrl\":\"https:\\\/\\\/novice.si\\\/page\\\/wp-content\\\/uploads\\\/2023\\\/03\\\/novice_si.png\",\"width\":576,\"height\":200,\"caption\":\"Novice.si\"},\"image\":{\"@id\":\"https:\\\/\\\/novice.si\\\/page\\\/#\\\/schema\\\/logo\\\/image\\\/\"}},{\"@type\":\"Person\",\"@id\":\"https:\\\/\\\/novice.si\\\/page\\\/#\\\/schema\\\/person\\\/a49f233ef2777ec7b2e8d0662325bb48\",\"name\":\"Uredni\u0161tvo Celjana\",\"image\":{\"@type\":\"ImageObject\",\"inLanguage\":\"sl-SI\",\"@id\":\"https:\\\/\\\/secure.gravatar.com\\\/avatar\\\/7f7863e616af8f92806c638dd1db3f1a238d83d1cc2ec3100afc06fbb7eb303f?s=96&d=mm&r=g\",\"url\":\"https:\\\/\\\/secure.gravatar.com\\\/avatar\\\/7f7863e616af8f92806c638dd1db3f1a238d83d1cc2ec3100afc06fbb7eb303f?s=96&d=mm&r=g\",\"contentUrl\":\"https:\\\/\\\/secure.gravatar.com\\\/avatar\\\/7f7863e616af8f92806c638dd1db3f1a238d83d1cc2ec3100afc06fbb7eb303f?s=96&d=mm&r=g\",\"caption\":\"Uredni\u0161tvo Celjana\"},\"url\":\"https:\\\/\\\/novice.si\\\/page\\\/author\\\/maja\\\/\"}]}<\/script>\n<!-- \/ Yoast SEO plugin. -->","yoast_head_json":{"title":"Konec leta Celebus prepeljal najve\u010d potnikov doslej - Novice.si","robots":{"index":"index","follow":"follow","max-snippet":"max-snippet:-1","max-image-preview":"max-image-preview:large","max-video-preview":"max-video-preview:-1"},"canonical":"https:\/\/novice.si\/page\/konec-leta-celebus-prepeljal-najvec-potnikov-doslej\/","og_locale":"sl_SI","og_type":"article","og_title":"Konec leta Celebus prepeljal najve\u010d potnikov doslej - Novice.si","og_description":"Javni mestni avtobusni prevoz Celebus je ob koncu minulega leta dosegel pomemben mejnik v svojem \u0161tiriletnem delovanju: zabele\u017eil je najve\u010dje \u0161tevilo prepeljanih potnikov od vzpostavitve sistema leta 2019. Kot so sporo\u010dili iz Nomaga, ki je koncesionar javnega mestnega potni\u0161kega prometa v Celju, so Celebusi v decembru leta 2022 prepeljali 32.109 potnikov. Celebus je v minulem [&hellip;]","og_url":"https:\/\/novice.si\/page\/konec-leta-celebus-prepeljal-najvec-potnikov-doslej\/","og_site_name":"Novice.si","article_published_time":"2023-01-19T09:09:10+00:00","og_image":[{"width":2560,"height":2455,"url":"https:\/\/novice.si\/page\/wp-content\/uploads\/2023\/01\/Cz-celebus-scaled.jpg","type":"image\/jpeg"}],"author":"Uredni\u0161tvo Celjana","twitter_card":"summary_large_image","twitter_misc":{"Written by":"Uredni\u0161tvo Celjana","Est. reading time":"1 minuta"},"schema":{"@context":"https:\/\/schema.org","@graph":[{"@type":"Article","@id":"https:\/\/novice.si\/page\/konec-leta-celebus-prepeljal-najvec-potnikov-doslej\/#article","isPartOf":{"@id":"https:\/\/novice.si\/page\/konec-leta-celebus-prepeljal-najvec-potnikov-doslej\/"},"author":{"name":"Uredni\u0161tvo Celjana","@id":"https:\/\/novice.si\/page\/#\/schema\/person\/a49f233ef2777ec7b2e8d0662325bb48"},"headline":"Konec leta Celebus prepeljal najve\u010d potnikov doslej","datePublished":"2023-01-19T09:09:10+00:00","mainEntityOfPage":{"@id":"https:\/\/novice.si\/page\/konec-leta-celebus-prepeljal-najvec-potnikov-doslej\/"},"wordCount":128,"publisher":{"@id":"https:\/\/novice.si\/page\/#organization"},"image":{"@id":"https:\/\/novice.si\/page\/konec-leta-celebus-prepeljal-najvec-potnikov-doslej\/#primaryimage"},"thumbnailUrl":"https:\/\/novice.si\/page\/wp-content\/uploads\/2023\/01\/Cz-celebus-scaled.jpg","articleSection":["Aktualno","Celjan","Celjsko"],"inLanguage":"sl-SI"},{"@type":"WebPage","@id":"https:\/\/novice.si\/page\/konec-leta-celebus-prepeljal-najvec-potnikov-doslej\/","url":"https:\/\/novice.si\/page\/konec-leta-celebus-prepeljal-najvec-potnikov-doslej\/","name":"Konec leta Celebus prepeljal najve\u010d potnikov doslej - Novice.si","isPartOf":{"@id":"https:\/\/novice.si\/page\/#website"},"primaryImageOfPage":{"@id":"https:\/\/novice.si\/page\/konec-leta-celebus-prepeljal-najvec-potnikov-doslej\/#primaryimage"},"image":{"@id":"https:\/\/novice.si\/page\/konec-leta-celebus-prepeljal-najvec-potnikov-doslej\/#primaryimage"},"thumbnailUrl":"https:\/\/novice.si\/page\/wp-content\/uploads\/2023\/01\/Cz-celebus-scaled.jpg","datePublished":"2023-01-19T09:09:10+00:00","breadcrumb":{"@id":"https:\/\/novice.si\/page\/konec-leta-celebus-prepeljal-najvec-potnikov-doslej\/#breadcrumb"},"inLanguage":"sl-SI","potentialAction":[{"@type":"ReadAction","target":["https:\/\/novice.si\/page\/konec-leta-celebus-prepeljal-najvec-potnikov-doslej\/"]}]},{"@type":"ImageObject","inLanguage":"sl-SI","@id":"https:\/\/novice.si\/page\/konec-leta-celebus-prepeljal-najvec-potnikov-doslej\/#primaryimage","url":"https:\/\/novice.si\/page\/wp-content\/uploads\/2023\/01\/Cz-celebus-scaled.jpg","contentUrl":"https:\/\/novice.si\/page\/wp-content\/uploads\/2023\/01\/Cz-celebus-scaled.jpg","width":2560,"height":2455},{"@type":"BreadcrumbList","@id":"https:\/\/novice.si\/page\/konec-leta-celebus-prepeljal-najvec-potnikov-doslej\/#breadcrumb","itemListElement":[{"@type":"ListItem","position":1,"name":"Home","item":"https:\/\/novice.si\/page\/"},{"@type":"ListItem","position":2,"name":"Konec leta Celebus prepeljal najve\u010d potnikov doslej"}]},{"@type":"WebSite","@id":"https:\/\/novice.si\/page\/#website","url":"https:\/\/novice.si\/page\/","name":"Novice.si","description":"","publisher":{"@id":"https:\/\/novice.si\/page\/#organization"},"potentialAction":[{"@type":"SearchAction","target":{"@type":"EntryPoint","urlTemplate":"https:\/\/novice.si\/page\/?s={search_term_string}"},"query-input":{"@type":"PropertyValueSpecification","valueRequired":true,"valueName":"search_term_string"}}],"inLanguage":"sl-SI"},{"@type":"Organization","@id":"https:\/\/novice.si\/page\/#organization","name":"Novice.si","url":"https:\/\/novice.si\/page\/","logo":{"@type":"ImageObject","inLanguage":"sl-SI","@id":"https:\/\/novice.si\/page\/#\/schema\/logo\/image\/","url":"https:\/\/novice.si\/page\/wp-content\/uploads\/2023\/03\/novice_si.png","contentUrl":"https:\/\/novice.si\/page\/wp-content\/uploads\/2023\/03\/novice_si.png","width":576,"height":200,"caption":"Novice.si"},"image":{"@id":"https:\/\/novice.si\/page\/#\/schema\/logo\/image\/"}},{"@type":"Person","@id":"https:\/\/novice.si\/page\/#\/schema\/person\/a49f233ef2777ec7b2e8d0662325bb48","name":"Uredni\u0161tvo Celjana","image":{"@type":"ImageObject","inLanguage":"sl-SI","@id":"https:\/\/secure.gravatar.com\/avatar\/7f7863e616af8f92806c638dd1db3f1a238d83d1cc2ec3100afc06fbb7eb303f?s=96&d=mm&r=g","url":"https:\/\/secure.gravatar.com\/avatar\/7f7863e616af8f92806c638dd1db3f1a238d83d1cc2ec3100afc06fbb7eb303f?s=96&d=mm&r=g","contentUrl":"https:\/\/secure.gravatar.com\/avatar\/7f7863e616af8f92806c638dd1db3f1a238d83d1cc2ec3100afc06fbb7eb303f?s=96&d=mm&r=g","caption":"Uredni\u0161tvo Celjana"},"url":"https:\/\/novice.si\/page\/author\/maja\/"}]}},"_links":{"self":[{"href":"https:\/\/novice.si\/page\/wp-json\/wp\/v2\/posts\/159063","targetHints":{"allow":["GET"]}}],"collection":[{"href":"https:\/\/novice.si\/page\/wp-json\/wp\/v2\/posts"}],"about":[{"href":"https:\/\/novice.si\/page\/wp-json\/wp\/v2\/types\/post"}],"author":[{"embeddable":true,"href":"https:\/\/novice.si\/page\/wp-json\/wp\/v2\/users\/55"}],"replies":[{"embeddable":true,"href":"https:\/\/novice.si\/page\/wp-json\/wp\/v2\/comments?post=159063"}],"version-history":[{"count":1,"href":"https:\/\/novice.si\/page\/wp-json\/wp\/v2\/posts\/159063\/revisions"}],"predecessor-version":[{"id":159065,"href":"https:\/\/novice.si\/page\/wp-json\/wp\/v2\/posts\/159063\/revisions\/159065"}],"wp:featuredmedia":[{"embeddable":true,"href":"https:\/\/novice.si\/page\/wp-json\/wp\/v2\/media\/159064"}],"wp:attachment":[{"href":"https:\/\/novice.si\/page\/wp-json\/wp\/v2\/media?parent=159063"}],"wp:term":[{"taxonomy":"category","embeddable":true,"href":"https:\/\/novice.si\/page\/wp-json\/wp\/v2\/categories?post=159063"},{"taxonomy":"post_tag","embeddable":true,"href":"https:\/\/novice.si\/page\/wp-json\/wp\/v2\/tags?post=159063"}],"curies":[{"name":"wp","href":"https:\/\/api.w.org\/{rel}","templated":true}]}}