{"id":159053,"date":"2023-01-18T17:00:25","date_gmt":"2023-01-18T16:00:25","guid":{"rendered":"https:\/\/novice.si\/page\/?p=159053"},"modified":"2023-01-18T14:58:43","modified_gmt":"2023-01-18T13:58:43","slug":"v-bistriskem-domu-za-starejse-znova-prisotne-okuzbe-s-covidom","status":"publish","type":"post","link":"https:\/\/novice.si\/page\/v-bistriskem-domu-za-starejse-znova-prisotne-okuzbe-s-covidom\/","title":{"rendered":"V bistri\u0161kem domu za starej\u0161e znova prisotne oku\u017ebe s covidom"},"content":{"rendered":"<p>V Enoti doma za starej\u0161e v Slovenski Bistrici so v tem tednu zaznali ve\u010d oku\u017eb s covidom. V\u010deraj je bilo potrjeno oku\u017eenih 5 stanovalcev in \u0161tirje zaposleni. Njihovo zdravstveno stanje je trenutno zadovoljivo in ve\u010djih te\u017eav ne zaznavajo.<br \/>\nStanovalci z oku\u017ebo so name\u0161\u010deni v svojih sobah, ki jih organizirajo kot rde\u010de cone. V celotnem domu pa dosledno izvajajo vse ukrepe za prepre\u010devanje \u0161irjenja oku\u017ebe. Enako pri\u010dakujejo tudi od obiskovalcev, \u0161e dodaja direktorica doma Ivanka Sor\u0161ak.<\/p>\n<p><a href=\"https:\/\/novice.si\/page\/wp-content\/uploads\/2021\/10\/covid-cepljenje_resize.jpeg\" data-gallery><img loading=\"lazy\" decoding=\"async\" class=\"alignnone size-medium wp-image-144021\" src=\"https:\/\/novice.si\/page\/wp-content\/uploads\/2021\/10\/covid-cepljenje_resize-300x169.jpeg\" alt=\"\" width=\"300\" height=\"169\" srcset=\"https:\/\/novice.si\/page\/wp-content\/uploads\/2021\/10\/covid-cepljenje_resize-300x169.jpeg 300w, https:\/\/novice.si\/page\/wp-content\/uploads\/2021\/10\/covid-cepljenje_resize-768x432.jpeg 768w, https:\/\/novice.si\/page\/wp-content\/uploads\/2021\/10\/covid-cepljenje_resize-696x391.jpeg 696w, https:\/\/novice.si\/page\/wp-content\/uploads\/2021\/10\/covid-cepljenje_resize-747x420.jpeg 747w, https:\/\/novice.si\/page\/wp-content\/uploads\/2021\/10\/covid-cepljenje_resize-24x13.jpeg 24w, https:\/\/novice.si\/page\/wp-content\/uploads\/2021\/10\/covid-cepljenje_resize-36x20.jpeg 36w, https:\/\/novice.si\/page\/wp-content\/uploads\/2021\/10\/covid-cepljenje_resize-48x27.jpeg 48w, https:\/\/novice.si\/page\/wp-content\/uploads\/2021\/10\/covid-cepljenje_resize.jpeg 1000w\" sizes=\"auto, (max-width: 300px) 100vw, 300px\" \/><\/a><\/p>\n<p>&nbsp;<\/p>\n","protected":false},"excerpt":{"rendered":"<p>V Enoti doma za starej\u0161e v Slovenski Bistrici so v tem tednu zaznali ve\u010d oku\u017eb s covidom. V\u010deraj je bilo potrjeno oku\u017eenih 5 stanovalcev in \u0161tirje zaposleni. Njihovo zdravstveno stanje je trenutno zadovoljivo in ve\u010djih te\u017eav ne zaznavajo. Stanovalci z oku\u017ebo so name\u0161\u010deni v svojih sobah, ki jih organizirajo kot rde\u010de cone. V celotnem domu [&hellip;]<\/p>\n","protected":false},"author":8,"featured_media":144021,"comment_status":"closed","ping_status":"closed","sticky":false,"template":"","format":"standard","meta":{"footnotes":""},"categories":[14,32],"tags":[10631,8106,8677,171],"class_list":{"0":"post-159053","1":"post","2":"type-post","3":"status-publish","4":"format-standard","5":"has-post-thumbnail","7":"category-aktualno","8":"category-bistrisko","9":"tag-covid","10":"tag-dom-za-starejse","11":"tag-okuzbe","12":"tag-slovenska-bistrica"},"yoast_head":"<!-- This site is optimized with the Yoast SEO plugin v27.4 - https:\/\/yoast.com\/product\/yoast-seo-wordpress\/ -->\n<title>V bistri\u0161kem domu za starej\u0161e znova prisotne oku\u017ebe s covidom - Novice.si<\/title>\n<meta name=\"robots\" content=\"index, follow, max-snippet:-1, max-image-preview:large, max-video-preview:-1\" \/>\n<link rel=\"canonical\" href=\"https:\/\/novice.si\/page\/v-bistriskem-domu-za-starejse-znova-prisotne-okuzbe-s-covidom\/\" \/>\n<meta property=\"og:locale\" content=\"sl_SI\" \/>\n<meta property=\"og:type\" content=\"article\" \/>\n<meta property=\"og:title\" content=\"V bistri\u0161kem domu za starej\u0161e znova prisotne oku\u017ebe s covidom - Novice.si\" \/>\n<meta property=\"og:description\" content=\"V Enoti doma za starej\u0161e v Slovenski Bistrici so v tem tednu zaznali ve\u010d oku\u017eb s covidom. V\u010deraj je bilo potrjeno oku\u017eenih 5 stanovalcev in \u0161tirje zaposleni. Njihovo zdravstveno stanje je trenutno zadovoljivo in ve\u010djih te\u017eav ne zaznavajo. Stanovalci z oku\u017ebo so name\u0161\u010deni v svojih sobah, ki jih organizirajo kot rde\u010de cone. V celotnem domu [&hellip;]\" \/>\n<meta property=\"og:url\" content=\"https:\/\/novice.si\/page\/v-bistriskem-domu-za-starejse-znova-prisotne-okuzbe-s-covidom\/\" \/>\n<meta property=\"og:site_name\" content=\"Novice.si\" \/>\n<meta property=\"article:published_time\" content=\"2023-01-18T16:00:25+00:00\" \/>\n<meta property=\"og:image\" content=\"https:\/\/novice.si\/page\/wp-content\/uploads\/2021\/10\/covid-cepljenje_resize.jpeg\" \/>\n\t<meta property=\"og:image:width\" content=\"1000\" \/>\n\t<meta property=\"og:image:height\" content=\"562\" \/>\n\t<meta property=\"og:image:type\" content=\"image\/jpeg\" \/>\n<meta name=\"author\" content=\"Uredni\u0161tvo Bistri\u0161kih novic\" \/>\n<meta name=\"twitter:card\" content=\"summary_large_image\" \/>\n<meta name=\"twitter:label1\" content=\"Written by\" \/>\n\t<meta name=\"twitter:data1\" content=\"Uredni\u0161tvo Bistri\u0161kih novic\" \/>\n\t<meta name=\"twitter:label2\" content=\"Est. reading time\" \/>\n\t<meta name=\"twitter:data2\" content=\"1 minuta\" \/>\n<script type=\"application\/ld+json\" class=\"yoast-schema-graph\">{\"@context\":\"https:\\\/\\\/schema.org\",\"@graph\":[{\"@type\":\"Article\",\"@id\":\"https:\\\/\\\/novice.si\\\/page\\\/v-bistriskem-domu-za-starejse-znova-prisotne-okuzbe-s-covidom\\\/#article\",\"isPartOf\":{\"@id\":\"https:\\\/\\\/novice.si\\\/page\\\/v-bistriskem-domu-za-starejse-znova-prisotne-okuzbe-s-covidom\\\/\"},\"author\":{\"name\":\"Uredni\u0161tvo Bistri\u0161kih novic\",\"@id\":\"https:\\\/\\\/novice.si\\\/page\\\/#\\\/schema\\\/person\\\/96b32396deedcde3f7f776c306b4be21\"},\"headline\":\"V bistri\u0161kem domu za starej\u0161e znova prisotne oku\u017ebe s covidom\",\"datePublished\":\"2023-01-18T16:00:25+00:00\",\"mainEntityOfPage\":{\"@id\":\"https:\\\/\\\/novice.si\\\/page\\\/v-bistriskem-domu-za-starejse-znova-prisotne-okuzbe-s-covidom\\\/\"},\"wordCount\":101,\"publisher\":{\"@id\":\"https:\\\/\\\/novice.si\\\/page\\\/#organization\"},\"image\":{\"@id\":\"https:\\\/\\\/novice.si\\\/page\\\/v-bistriskem-domu-za-starejse-znova-prisotne-okuzbe-s-covidom\\\/#primaryimage\"},\"thumbnailUrl\":\"https:\\\/\\\/novice.si\\\/page\\\/wp-content\\\/uploads\\\/2021\\\/10\\\/covid-cepljenje_resize.jpeg\",\"keywords\":[\"covid\",\"dom za starej\u0161e\",\"oku\u017ebe\",\"Slovenska Bistrica\"],\"articleSection\":[\"Aktualno\",\"Bistri\u0161ko\"],\"inLanguage\":\"sl-SI\"},{\"@type\":\"WebPage\",\"@id\":\"https:\\\/\\\/novice.si\\\/page\\\/v-bistriskem-domu-za-starejse-znova-prisotne-okuzbe-s-covidom\\\/\",\"url\":\"https:\\\/\\\/novice.si\\\/page\\\/v-bistriskem-domu-za-starejse-znova-prisotne-okuzbe-s-covidom\\\/\",\"name\":\"V bistri\u0161kem domu za starej\u0161e znova prisotne oku\u017ebe s covidom - Novice.si\",\"isPartOf\":{\"@id\":\"https:\\\/\\\/novice.si\\\/page\\\/#website\"},\"primaryImageOfPage\":{\"@id\":\"https:\\\/\\\/novice.si\\\/page\\\/v-bistriskem-domu-za-starejse-znova-prisotne-okuzbe-s-covidom\\\/#primaryimage\"},\"image\":{\"@id\":\"https:\\\/\\\/novice.si\\\/page\\\/v-bistriskem-domu-za-starejse-znova-prisotne-okuzbe-s-covidom\\\/#primaryimage\"},\"thumbnailUrl\":\"https:\\\/\\\/novice.si\\\/page\\\/wp-content\\\/uploads\\\/2021\\\/10\\\/covid-cepljenje_resize.jpeg\",\"datePublished\":\"2023-01-18T16:00:25+00:00\",\"breadcrumb\":{\"@id\":\"https:\\\/\\\/novice.si\\\/page\\\/v-bistriskem-domu-za-starejse-znova-prisotne-okuzbe-s-covidom\\\/#breadcrumb\"},\"inLanguage\":\"sl-SI\",\"potentialAction\":[{\"@type\":\"ReadAction\",\"target\":[\"https:\\\/\\\/novice.si\\\/page\\\/v-bistriskem-domu-za-starejse-znova-prisotne-okuzbe-s-covidom\\\/\"]}]},{\"@type\":\"ImageObject\",\"inLanguage\":\"sl-SI\",\"@id\":\"https:\\\/\\\/novice.si\\\/page\\\/v-bistriskem-domu-za-starejse-znova-prisotne-okuzbe-s-covidom\\\/#primaryimage\",\"url\":\"https:\\\/\\\/novice.si\\\/page\\\/wp-content\\\/uploads\\\/2021\\\/10\\\/covid-cepljenje_resize.jpeg\",\"contentUrl\":\"https:\\\/\\\/novice.si\\\/page\\\/wp-content\\\/uploads\\\/2021\\\/10\\\/covid-cepljenje_resize.jpeg\",\"width\":1000,\"height\":562},{\"@type\":\"BreadcrumbList\",\"@id\":\"https:\\\/\\\/novice.si\\\/page\\\/v-bistriskem-domu-za-starejse-znova-prisotne-okuzbe-s-covidom\\\/#breadcrumb\",\"itemListElement\":[{\"@type\":\"ListItem\",\"position\":1,\"name\":\"Home\",\"item\":\"https:\\\/\\\/novice.si\\\/page\\\/\"},{\"@type\":\"ListItem\",\"position\":2,\"name\":\"V bistri\u0161kem domu za starej\u0161e znova prisotne oku\u017ebe s covidom\"}]},{\"@type\":\"WebSite\",\"@id\":\"https:\\\/\\\/novice.si\\\/page\\\/#website\",\"url\":\"https:\\\/\\\/novice.si\\\/page\\\/\",\"name\":\"Novice.si\",\"description\":\"\",\"publisher\":{\"@id\":\"https:\\\/\\\/novice.si\\\/page\\\/#organization\"},\"potentialAction\":[{\"@type\":\"SearchAction\",\"target\":{\"@type\":\"EntryPoint\",\"urlTemplate\":\"https:\\\/\\\/novice.si\\\/page\\\/?s={search_term_string}\"},\"query-input\":{\"@type\":\"PropertyValueSpecification\",\"valueRequired\":true,\"valueName\":\"search_term_string\"}}],\"inLanguage\":\"sl-SI\"},{\"@type\":\"Organization\",\"@id\":\"https:\\\/\\\/novice.si\\\/page\\\/#organization\",\"name\":\"Novice.si\",\"url\":\"https:\\\/\\\/novice.si\\\/page\\\/\",\"logo\":{\"@type\":\"ImageObject\",\"inLanguage\":\"sl-SI\",\"@id\":\"https:\\\/\\\/novice.si\\\/page\\\/#\\\/schema\\\/logo\\\/image\\\/\",\"url\":\"https:\\\/\\\/novice.si\\\/page\\\/wp-content\\\/uploads\\\/2023\\\/03\\\/novice_si.png\",\"contentUrl\":\"https:\\\/\\\/novice.si\\\/page\\\/wp-content\\\/uploads\\\/2023\\\/03\\\/novice_si.png\",\"width\":576,\"height\":200,\"caption\":\"Novice.si\"},\"image\":{\"@id\":\"https:\\\/\\\/novice.si\\\/page\\\/#\\\/schema\\\/logo\\\/image\\\/\"}},{\"@type\":\"Person\",\"@id\":\"https:\\\/\\\/novice.si\\\/page\\\/#\\\/schema\\\/person\\\/96b32396deedcde3f7f776c306b4be21\",\"name\":\"Uredni\u0161tvo Bistri\u0161kih novic\",\"image\":{\"@type\":\"ImageObject\",\"inLanguage\":\"sl-SI\",\"@id\":\"https:\\\/\\\/secure.gravatar.com\\\/avatar\\\/26c56c4b10cdb3a21e86442e5f2845a4eafdd0f3605def77ec6cff4aaef32ea4?s=96&d=mm&r=g\",\"url\":\"https:\\\/\\\/secure.gravatar.com\\\/avatar\\\/26c56c4b10cdb3a21e86442e5f2845a4eafdd0f3605def77ec6cff4aaef32ea4?s=96&d=mm&r=g\",\"contentUrl\":\"https:\\\/\\\/secure.gravatar.com\\\/avatar\\\/26c56c4b10cdb3a21e86442e5f2845a4eafdd0f3605def77ec6cff4aaef32ea4?s=96&d=mm&r=g\",\"caption\":\"Uredni\u0161tvo Bistri\u0161kih novic\"},\"url\":\"https:\\\/\\\/novice.si\\\/page\\\/author\\\/bojana\\\/\"}]}<\/script>\n<!-- \/ Yoast SEO plugin. -->","yoast_head_json":{"title":"V bistri\u0161kem domu za starej\u0161e znova prisotne oku\u017ebe s covidom - Novice.si","robots":{"index":"index","follow":"follow","max-snippet":"max-snippet:-1","max-image-preview":"max-image-preview:large","max-video-preview":"max-video-preview:-1"},"canonical":"https:\/\/novice.si\/page\/v-bistriskem-domu-za-starejse-znova-prisotne-okuzbe-s-covidom\/","og_locale":"sl_SI","og_type":"article","og_title":"V bistri\u0161kem domu za starej\u0161e znova prisotne oku\u017ebe s covidom - Novice.si","og_description":"V Enoti doma za starej\u0161e v Slovenski Bistrici so v tem tednu zaznali ve\u010d oku\u017eb s covidom. V\u010deraj je bilo potrjeno oku\u017eenih 5 stanovalcev in \u0161tirje zaposleni. Njihovo zdravstveno stanje je trenutno zadovoljivo in ve\u010djih te\u017eav ne zaznavajo. Stanovalci z oku\u017ebo so name\u0161\u010deni v svojih sobah, ki jih organizirajo kot rde\u010de cone. V celotnem domu [&hellip;]","og_url":"https:\/\/novice.si\/page\/v-bistriskem-domu-za-starejse-znova-prisotne-okuzbe-s-covidom\/","og_site_name":"Novice.si","article_published_time":"2023-01-18T16:00:25+00:00","og_image":[{"width":1000,"height":562,"url":"https:\/\/novice.si\/page\/wp-content\/uploads\/2021\/10\/covid-cepljenje_resize.jpeg","type":"image\/jpeg"}],"author":"Uredni\u0161tvo Bistri\u0161kih novic","twitter_card":"summary_large_image","twitter_misc":{"Written by":"Uredni\u0161tvo Bistri\u0161kih novic","Est. reading time":"1 minuta"},"schema":{"@context":"https:\/\/schema.org","@graph":[{"@type":"Article","@id":"https:\/\/novice.si\/page\/v-bistriskem-domu-za-starejse-znova-prisotne-okuzbe-s-covidom\/#article","isPartOf":{"@id":"https:\/\/novice.si\/page\/v-bistriskem-domu-za-starejse-znova-prisotne-okuzbe-s-covidom\/"},"author":{"name":"Uredni\u0161tvo Bistri\u0161kih novic","@id":"https:\/\/novice.si\/page\/#\/schema\/person\/96b32396deedcde3f7f776c306b4be21"},"headline":"V bistri\u0161kem domu za starej\u0161e znova prisotne oku\u017ebe s covidom","datePublished":"2023-01-18T16:00:25+00:00","mainEntityOfPage":{"@id":"https:\/\/novice.si\/page\/v-bistriskem-domu-za-starejse-znova-prisotne-okuzbe-s-covidom\/"},"wordCount":101,"publisher":{"@id":"https:\/\/novice.si\/page\/#organization"},"image":{"@id":"https:\/\/novice.si\/page\/v-bistriskem-domu-za-starejse-znova-prisotne-okuzbe-s-covidom\/#primaryimage"},"thumbnailUrl":"https:\/\/novice.si\/page\/wp-content\/uploads\/2021\/10\/covid-cepljenje_resize.jpeg","keywords":["covid","dom za starej\u0161e","oku\u017ebe","Slovenska Bistrica"],"articleSection":["Aktualno","Bistri\u0161ko"],"inLanguage":"sl-SI"},{"@type":"WebPage","@id":"https:\/\/novice.si\/page\/v-bistriskem-domu-za-starejse-znova-prisotne-okuzbe-s-covidom\/","url":"https:\/\/novice.si\/page\/v-bistriskem-domu-za-starejse-znova-prisotne-okuzbe-s-covidom\/","name":"V bistri\u0161kem domu za starej\u0161e znova prisotne oku\u017ebe s covidom - Novice.si","isPartOf":{"@id":"https:\/\/novice.si\/page\/#website"},"primaryImageOfPage":{"@id":"https:\/\/novice.si\/page\/v-bistriskem-domu-za-starejse-znova-prisotne-okuzbe-s-covidom\/#primaryimage"},"image":{"@id":"https:\/\/novice.si\/page\/v-bistriskem-domu-za-starejse-znova-prisotne-okuzbe-s-covidom\/#primaryimage"},"thumbnailUrl":"https:\/\/novice.si\/page\/wp-content\/uploads\/2021\/10\/covid-cepljenje_resize.jpeg","datePublished":"2023-01-18T16:00:25+00:00","breadcrumb":{"@id":"https:\/\/novice.si\/page\/v-bistriskem-domu-za-starejse-znova-prisotne-okuzbe-s-covidom\/#breadcrumb"},"inLanguage":"sl-SI","potentialAction":[{"@type":"ReadAction","target":["https:\/\/novice.si\/page\/v-bistriskem-domu-za-starejse-znova-prisotne-okuzbe-s-covidom\/"]}]},{"@type":"ImageObject","inLanguage":"sl-SI","@id":"https:\/\/novice.si\/page\/v-bistriskem-domu-za-starejse-znova-prisotne-okuzbe-s-covidom\/#primaryimage","url":"https:\/\/novice.si\/page\/wp-content\/uploads\/2021\/10\/covid-cepljenje_resize.jpeg","contentUrl":"https:\/\/novice.si\/page\/wp-content\/uploads\/2021\/10\/covid-cepljenje_resize.jpeg","width":1000,"height":562},{"@type":"BreadcrumbList","@id":"https:\/\/novice.si\/page\/v-bistriskem-domu-za-starejse-znova-prisotne-okuzbe-s-covidom\/#breadcrumb","itemListElement":[{"@type":"ListItem","position":1,"name":"Home","item":"https:\/\/novice.si\/page\/"},{"@type":"ListItem","position":2,"name":"V bistri\u0161kem domu za starej\u0161e znova prisotne oku\u017ebe s covidom"}]},{"@type":"WebSite","@id":"https:\/\/novice.si\/page\/#website","url":"https:\/\/novice.si\/page\/","name":"Novice.si","description":"","publisher":{"@id":"https:\/\/novice.si\/page\/#organization"},"potentialAction":[{"@type":"SearchAction","target":{"@type":"EntryPoint","urlTemplate":"https:\/\/novice.si\/page\/?s={search_term_string}"},"query-input":{"@type":"PropertyValueSpecification","valueRequired":true,"valueName":"search_term_string"}}],"inLanguage":"sl-SI"},{"@type":"Organization","@id":"https:\/\/novice.si\/page\/#organization","name":"Novice.si","url":"https:\/\/novice.si\/page\/","logo":{"@type":"ImageObject","inLanguage":"sl-SI","@id":"https:\/\/novice.si\/page\/#\/schema\/logo\/image\/","url":"https:\/\/novice.si\/page\/wp-content\/uploads\/2023\/03\/novice_si.png","contentUrl":"https:\/\/novice.si\/page\/wp-content\/uploads\/2023\/03\/novice_si.png","width":576,"height":200,"caption":"Novice.si"},"image":{"@id":"https:\/\/novice.si\/page\/#\/schema\/logo\/image\/"}},{"@type":"Person","@id":"https:\/\/novice.si\/page\/#\/schema\/person\/96b32396deedcde3f7f776c306b4be21","name":"Uredni\u0161tvo Bistri\u0161kih novic","image":{"@type":"ImageObject","inLanguage":"sl-SI","@id":"https:\/\/secure.gravatar.com\/avatar\/26c56c4b10cdb3a21e86442e5f2845a4eafdd0f3605def77ec6cff4aaef32ea4?s=96&d=mm&r=g","url":"https:\/\/secure.gravatar.com\/avatar\/26c56c4b10cdb3a21e86442e5f2845a4eafdd0f3605def77ec6cff4aaef32ea4?s=96&d=mm&r=g","contentUrl":"https:\/\/secure.gravatar.com\/avatar\/26c56c4b10cdb3a21e86442e5f2845a4eafdd0f3605def77ec6cff4aaef32ea4?s=96&d=mm&r=g","caption":"Uredni\u0161tvo Bistri\u0161kih novic"},"url":"https:\/\/novice.si\/page\/author\/bojana\/"}]}},"_links":{"self":[{"href":"https:\/\/novice.si\/page\/wp-json\/wp\/v2\/posts\/159053","targetHints":{"allow":["GET"]}}],"collection":[{"href":"https:\/\/novice.si\/page\/wp-json\/wp\/v2\/posts"}],"about":[{"href":"https:\/\/novice.si\/page\/wp-json\/wp\/v2\/types\/post"}],"author":[{"embeddable":true,"href":"https:\/\/novice.si\/page\/wp-json\/wp\/v2\/users\/8"}],"replies":[{"embeddable":true,"href":"https:\/\/novice.si\/page\/wp-json\/wp\/v2\/comments?post=159053"}],"version-history":[{"count":1,"href":"https:\/\/novice.si\/page\/wp-json\/wp\/v2\/posts\/159053\/revisions"}],"predecessor-version":[{"id":159054,"href":"https:\/\/novice.si\/page\/wp-json\/wp\/v2\/posts\/159053\/revisions\/159054"}],"wp:featuredmedia":[{"embeddable":true,"href":"https:\/\/novice.si\/page\/wp-json\/wp\/v2\/media\/144021"}],"wp:attachment":[{"href":"https:\/\/novice.si\/page\/wp-json\/wp\/v2\/media?parent=159053"}],"wp:term":[{"taxonomy":"category","embeddable":true,"href":"https:\/\/novice.si\/page\/wp-json\/wp\/v2\/categories?post=159053"},{"taxonomy":"post_tag","embeddable":true,"href":"https:\/\/novice.si\/page\/wp-json\/wp\/v2\/tags?post=159053"}],"curies":[{"name":"wp","href":"https:\/\/api.w.org\/{rel}","templated":true}]}}