{"id":159049,"date":"2023-01-18T13:01:46","date_gmt":"2023-01-18T12:01:46","guid":{"rendered":"https:\/\/novice.si\/page\/?p=159049"},"modified":"2023-01-18T13:01:46","modified_gmt":"2023-01-18T12:01:46","slug":"na-bistriskem-izbirajo-naj-osebnost-leta-2022","status":"publish","type":"post","link":"https:\/\/novice.si\/page\/na-bistriskem-izbirajo-naj-osebnost-leta-2022\/","title":{"rendered":"Na Bistri\u0161kem izbirajo Naj osebnost leta 2022"},"content":{"rendered":"<p>Lokalni \u010dasopis Bistri\u0161ke novice \u017ee enajsto leto prireja izbor <em>Naj osebnost leta. <\/em>V uredni\u0161tvu so v za\u010detku decembra med prispelimi predlogi izbrali osem nominirancev za ta presti\u017eni naslov. Nato so glasovanje prepustili bralcem.<\/p>\n<p><a href=\"https:\/\/novice.si\/page\/wp-content\/uploads\/2023\/01\/naj-os-1_resize.jpg\" data-gallery><img loading=\"lazy\" decoding=\"async\" class=\"alignnone size-medium wp-image-159050\" src=\"https:\/\/novice.si\/page\/wp-content\/uploads\/2023\/01\/naj-os-1_resize-300x214.jpg\" alt=\"\" width=\"300\" height=\"214\" srcset=\"https:\/\/novice.si\/page\/wp-content\/uploads\/2023\/01\/naj-os-1_resize-300x214.jpg 300w, https:\/\/novice.si\/page\/wp-content\/uploads\/2023\/01\/naj-os-1_resize-768x548.jpg 768w, https:\/\/novice.si\/page\/wp-content\/uploads\/2023\/01\/naj-os-1_resize-100x70.jpg 100w, https:\/\/novice.si\/page\/wp-content\/uploads\/2023\/01\/naj-os-1_resize-696x497.jpg 696w, https:\/\/novice.si\/page\/wp-content\/uploads\/2023\/01\/naj-os-1_resize-589x420.jpg 589w, https:\/\/novice.si\/page\/wp-content\/uploads\/2023\/01\/naj-os-1_resize-24x17.jpg 24w, https:\/\/novice.si\/page\/wp-content\/uploads\/2023\/01\/naj-os-1_resize-36x26.jpg 36w, https:\/\/novice.si\/page\/wp-content\/uploads\/2023\/01\/naj-os-1_resize-48x34.jpg 48w, https:\/\/novice.si\/page\/wp-content\/uploads\/2023\/01\/naj-os-1_resize.jpg 981w\" sizes=\"auto, (max-width: 300px) 100vw, 300px\" \/><\/a><\/p>\n<p>Kdo so nominiranci za tokratni izbor?<br \/>\nMed nominiranci za naslov Naj osebnost Bistri\u0161kih novic 2022 so: triatlonec in humanitarni delavec <strong>Bogomir Dolenc<\/strong>, glavni organizator kiparsko-slikarskega simpozija Forma viva Makole <strong>Ivan Dvor\u0161ak,<\/strong> predsednik KS Vrhole \u2013 Preloge <strong>Matej Gori\u010dan<\/strong>, predsednica Planinskega dru\u0161tva Slovenska Bistrica <strong>Breda Juri\u010d,<\/strong> direktorica Obmo\u010dne obrtno-podjetni\u0161ke zbornice Sl. Bistrica <strong>Olga Kampu\u0161,<\/strong> predsednik PGD Sl. Bistrica <strong>Janko Mlakar<\/strong>, eden najprepoznavnej\u0161ih evropskih projektantov in graditeljev mostov <strong>Marjan Pipenbaher<\/strong> in pa <strong>Milan Smrekar<\/strong>, predani gasilec, ki je sodeloval na ve\u010d kot 2000 intervencijah.<\/p>\n<p>Oseba, ki bo prejela najve\u010d glasov, bo postala <em>Naj osebnost leta.<\/em> Glasovanje je mogo\u010de z glasovnico iz \u010dasopisa Bistri\u0161ke novice ali pa na portalu (<a href=\"https:\/\/osebnost.eu\/\">https:\/\/osebnost.eu\/<\/a> oz. <a href=\"https:\/\/novice.si\">https:\/\/novice.si<\/a>), in sicer do 24. januarja 2023. (B. Petelin\u0161ek)<\/p>\n","protected":false},"excerpt":{"rendered":"<p>Lokalni \u010dasopis Bistri\u0161ke novice \u017ee enajsto leto prireja izbor Naj osebnost leta. V uredni\u0161tvu so v za\u010detku decembra med prispelimi predlogi izbrali osem nominirancev za ta presti\u017eni naslov. Nato so glasovanje prepustili bralcem. Kdo so nominiranci za tokratni izbor? Med nominiranci za naslov Naj osebnost Bistri\u0161kih novic 2022 so: triatlonec in humanitarni delavec Bogomir Dolenc, [&hellip;]<\/p>\n","protected":false},"author":8,"featured_media":159051,"comment_status":"closed","ping_status":"closed","sticky":false,"template":"","format":"standard","meta":{"footnotes":""},"categories":[14,32],"tags":[16876,2577,7735,1239,171],"class_list":{"0":"post-159049","1":"post","2":"type-post","3":"status-publish","4":"format-standard","5":"has-post-thumbnail","7":"category-aktualno","8":"category-bistrisko","9":"tag-16876","10":"tag-bistriske-novice","11":"tag-naj-osebnost","12":"tag-nominiranci","13":"tag-slovenska-bistrica"},"yoast_head":"<!-- This site is optimized with the Yoast SEO plugin v27.4 - https:\/\/yoast.com\/product\/yoast-seo-wordpress\/ -->\n<title>Na Bistri\u0161kem izbirajo Naj osebnost leta 2022 - Novice.si<\/title>\n<meta name=\"robots\" content=\"index, follow, max-snippet:-1, max-image-preview:large, max-video-preview:-1\" \/>\n<link rel=\"canonical\" href=\"https:\/\/novice.si\/page\/na-bistriskem-izbirajo-naj-osebnost-leta-2022\/\" \/>\n<meta property=\"og:locale\" content=\"sl_SI\" \/>\n<meta property=\"og:type\" content=\"article\" \/>\n<meta property=\"og:title\" content=\"Na Bistri\u0161kem izbirajo Naj osebnost leta 2022 - Novice.si\" \/>\n<meta property=\"og:description\" content=\"Lokalni \u010dasopis Bistri\u0161ke novice \u017ee enajsto leto prireja izbor Naj osebnost leta. V uredni\u0161tvu so v za\u010detku decembra med prispelimi predlogi izbrali osem nominirancev za ta presti\u017eni naslov. Nato so glasovanje prepustili bralcem. Kdo so nominiranci za tokratni izbor? Med nominiranci za naslov Naj osebnost Bistri\u0161kih novic 2022 so: triatlonec in humanitarni delavec Bogomir Dolenc, [&hellip;]\" \/>\n<meta property=\"og:url\" content=\"https:\/\/novice.si\/page\/na-bistriskem-izbirajo-naj-osebnost-leta-2022\/\" \/>\n<meta property=\"og:site_name\" content=\"Novice.si\" \/>\n<meta property=\"article:published_time\" content=\"2023-01-18T12:01:46+00:00\" \/>\n<meta property=\"og:image\" content=\"https:\/\/novice.si\/page\/wp-content\/uploads\/2023\/01\/naj-os-4_resize.jpg\" \/>\n\t<meta property=\"og:image:width\" content=\"756\" \/>\n\t<meta property=\"og:image:height\" content=\"700\" \/>\n\t<meta property=\"og:image:type\" content=\"image\/jpeg\" \/>\n<meta name=\"author\" content=\"Uredni\u0161tvo Bistri\u0161kih novic\" \/>\n<meta name=\"twitter:card\" content=\"summary_large_image\" \/>\n<meta name=\"twitter:label1\" content=\"Written by\" \/>\n\t<meta name=\"twitter:data1\" content=\"Uredni\u0161tvo Bistri\u0161kih novic\" \/>\n\t<meta name=\"twitter:label2\" content=\"Est. reading time\" \/>\n\t<meta name=\"twitter:data2\" content=\"2 minuti\" \/>\n<script type=\"application\/ld+json\" class=\"yoast-schema-graph\">{\"@context\":\"https:\\\/\\\/schema.org\",\"@graph\":[{\"@type\":\"Article\",\"@id\":\"https:\\\/\\\/novice.si\\\/page\\\/na-bistriskem-izbirajo-naj-osebnost-leta-2022\\\/#article\",\"isPartOf\":{\"@id\":\"https:\\\/\\\/novice.si\\\/page\\\/na-bistriskem-izbirajo-naj-osebnost-leta-2022\\\/\"},\"author\":{\"name\":\"Uredni\u0161tvo Bistri\u0161kih novic\",\"@id\":\"https:\\\/\\\/novice.si\\\/page\\\/#\\\/schema\\\/person\\\/96b32396deedcde3f7f776c306b4be21\"},\"headline\":\"Na Bistri\u0161kem izbirajo Naj osebnost leta 2022\",\"datePublished\":\"2023-01-18T12:01:46+00:00\",\"mainEntityOfPage\":{\"@id\":\"https:\\\/\\\/novice.si\\\/page\\\/na-bistriskem-izbirajo-naj-osebnost-leta-2022\\\/\"},\"wordCount\":170,\"publisher\":{\"@id\":\"https:\\\/\\\/novice.si\\\/page\\\/#organization\"},\"image\":{\"@id\":\"https:\\\/\\\/novice.si\\\/page\\\/na-bistriskem-izbirajo-naj-osebnost-leta-2022\\\/#primaryimage\"},\"thumbnailUrl\":\"https:\\\/\\\/novice.si\\\/page\\\/wp-content\\\/uploads\\\/2023\\\/01\\\/naj-os-4_resize.jpg\",\"keywords\":[\"2022\",\"bistriske novice\",\"naj osebnost\",\"nominiranci\",\"Slovenska Bistrica\"],\"articleSection\":[\"Aktualno\",\"Bistri\u0161ko\"],\"inLanguage\":\"sl-SI\"},{\"@type\":\"WebPage\",\"@id\":\"https:\\\/\\\/novice.si\\\/page\\\/na-bistriskem-izbirajo-naj-osebnost-leta-2022\\\/\",\"url\":\"https:\\\/\\\/novice.si\\\/page\\\/na-bistriskem-izbirajo-naj-osebnost-leta-2022\\\/\",\"name\":\"Na Bistri\u0161kem izbirajo Naj osebnost leta 2022 - Novice.si\",\"isPartOf\":{\"@id\":\"https:\\\/\\\/novice.si\\\/page\\\/#website\"},\"primaryImageOfPage\":{\"@id\":\"https:\\\/\\\/novice.si\\\/page\\\/na-bistriskem-izbirajo-naj-osebnost-leta-2022\\\/#primaryimage\"},\"image\":{\"@id\":\"https:\\\/\\\/novice.si\\\/page\\\/na-bistriskem-izbirajo-naj-osebnost-leta-2022\\\/#primaryimage\"},\"thumbnailUrl\":\"https:\\\/\\\/novice.si\\\/page\\\/wp-content\\\/uploads\\\/2023\\\/01\\\/naj-os-4_resize.jpg\",\"datePublished\":\"2023-01-18T12:01:46+00:00\",\"breadcrumb\":{\"@id\":\"https:\\\/\\\/novice.si\\\/page\\\/na-bistriskem-izbirajo-naj-osebnost-leta-2022\\\/#breadcrumb\"},\"inLanguage\":\"sl-SI\",\"potentialAction\":[{\"@type\":\"ReadAction\",\"target\":[\"https:\\\/\\\/novice.si\\\/page\\\/na-bistriskem-izbirajo-naj-osebnost-leta-2022\\\/\"]}]},{\"@type\":\"ImageObject\",\"inLanguage\":\"sl-SI\",\"@id\":\"https:\\\/\\\/novice.si\\\/page\\\/na-bistriskem-izbirajo-naj-osebnost-leta-2022\\\/#primaryimage\",\"url\":\"https:\\\/\\\/novice.si\\\/page\\\/wp-content\\\/uploads\\\/2023\\\/01\\\/naj-os-4_resize.jpg\",\"contentUrl\":\"https:\\\/\\\/novice.si\\\/page\\\/wp-content\\\/uploads\\\/2023\\\/01\\\/naj-os-4_resize.jpg\",\"width\":756,\"height\":700},{\"@type\":\"BreadcrumbList\",\"@id\":\"https:\\\/\\\/novice.si\\\/page\\\/na-bistriskem-izbirajo-naj-osebnost-leta-2022\\\/#breadcrumb\",\"itemListElement\":[{\"@type\":\"ListItem\",\"position\":1,\"name\":\"Home\",\"item\":\"https:\\\/\\\/novice.si\\\/page\\\/\"},{\"@type\":\"ListItem\",\"position\":2,\"name\":\"Na Bistri\u0161kem izbirajo Naj osebnost leta 2022\"}]},{\"@type\":\"WebSite\",\"@id\":\"https:\\\/\\\/novice.si\\\/page\\\/#website\",\"url\":\"https:\\\/\\\/novice.si\\\/page\\\/\",\"name\":\"Novice.si\",\"description\":\"\",\"publisher\":{\"@id\":\"https:\\\/\\\/novice.si\\\/page\\\/#organization\"},\"potentialAction\":[{\"@type\":\"SearchAction\",\"target\":{\"@type\":\"EntryPoint\",\"urlTemplate\":\"https:\\\/\\\/novice.si\\\/page\\\/?s={search_term_string}\"},\"query-input\":{\"@type\":\"PropertyValueSpecification\",\"valueRequired\":true,\"valueName\":\"search_term_string\"}}],\"inLanguage\":\"sl-SI\"},{\"@type\":\"Organization\",\"@id\":\"https:\\\/\\\/novice.si\\\/page\\\/#organization\",\"name\":\"Novice.si\",\"url\":\"https:\\\/\\\/novice.si\\\/page\\\/\",\"logo\":{\"@type\":\"ImageObject\",\"inLanguage\":\"sl-SI\",\"@id\":\"https:\\\/\\\/novice.si\\\/page\\\/#\\\/schema\\\/logo\\\/image\\\/\",\"url\":\"https:\\\/\\\/novice.si\\\/page\\\/wp-content\\\/uploads\\\/2023\\\/03\\\/novice_si.png\",\"contentUrl\":\"https:\\\/\\\/novice.si\\\/page\\\/wp-content\\\/uploads\\\/2023\\\/03\\\/novice_si.png\",\"width\":576,\"height\":200,\"caption\":\"Novice.si\"},\"image\":{\"@id\":\"https:\\\/\\\/novice.si\\\/page\\\/#\\\/schema\\\/logo\\\/image\\\/\"}},{\"@type\":\"Person\",\"@id\":\"https:\\\/\\\/novice.si\\\/page\\\/#\\\/schema\\\/person\\\/96b32396deedcde3f7f776c306b4be21\",\"name\":\"Uredni\u0161tvo Bistri\u0161kih novic\",\"image\":{\"@type\":\"ImageObject\",\"inLanguage\":\"sl-SI\",\"@id\":\"https:\\\/\\\/secure.gravatar.com\\\/avatar\\\/26c56c4b10cdb3a21e86442e5f2845a4eafdd0f3605def77ec6cff4aaef32ea4?s=96&d=mm&r=g\",\"url\":\"https:\\\/\\\/secure.gravatar.com\\\/avatar\\\/26c56c4b10cdb3a21e86442e5f2845a4eafdd0f3605def77ec6cff4aaef32ea4?s=96&d=mm&r=g\",\"contentUrl\":\"https:\\\/\\\/secure.gravatar.com\\\/avatar\\\/26c56c4b10cdb3a21e86442e5f2845a4eafdd0f3605def77ec6cff4aaef32ea4?s=96&d=mm&r=g\",\"caption\":\"Uredni\u0161tvo Bistri\u0161kih novic\"},\"url\":\"https:\\\/\\\/novice.si\\\/page\\\/author\\\/bojana\\\/\"}]}<\/script>\n<!-- \/ Yoast SEO plugin. -->","yoast_head_json":{"title":"Na Bistri\u0161kem izbirajo Naj osebnost leta 2022 - Novice.si","robots":{"index":"index","follow":"follow","max-snippet":"max-snippet:-1","max-image-preview":"max-image-preview:large","max-video-preview":"max-video-preview:-1"},"canonical":"https:\/\/novice.si\/page\/na-bistriskem-izbirajo-naj-osebnost-leta-2022\/","og_locale":"sl_SI","og_type":"article","og_title":"Na Bistri\u0161kem izbirajo Naj osebnost leta 2022 - Novice.si","og_description":"Lokalni \u010dasopis Bistri\u0161ke novice \u017ee enajsto leto prireja izbor Naj osebnost leta. V uredni\u0161tvu so v za\u010detku decembra med prispelimi predlogi izbrali osem nominirancev za ta presti\u017eni naslov. Nato so glasovanje prepustili bralcem. Kdo so nominiranci za tokratni izbor? Med nominiranci za naslov Naj osebnost Bistri\u0161kih novic 2022 so: triatlonec in humanitarni delavec Bogomir Dolenc, [&hellip;]","og_url":"https:\/\/novice.si\/page\/na-bistriskem-izbirajo-naj-osebnost-leta-2022\/","og_site_name":"Novice.si","article_published_time":"2023-01-18T12:01:46+00:00","og_image":[{"width":756,"height":700,"url":"https:\/\/novice.si\/page\/wp-content\/uploads\/2023\/01\/naj-os-4_resize.jpg","type":"image\/jpeg"}],"author":"Uredni\u0161tvo Bistri\u0161kih novic","twitter_card":"summary_large_image","twitter_misc":{"Written by":"Uredni\u0161tvo Bistri\u0161kih novic","Est. reading time":"2 minuti"},"schema":{"@context":"https:\/\/schema.org","@graph":[{"@type":"Article","@id":"https:\/\/novice.si\/page\/na-bistriskem-izbirajo-naj-osebnost-leta-2022\/#article","isPartOf":{"@id":"https:\/\/novice.si\/page\/na-bistriskem-izbirajo-naj-osebnost-leta-2022\/"},"author":{"name":"Uredni\u0161tvo Bistri\u0161kih novic","@id":"https:\/\/novice.si\/page\/#\/schema\/person\/96b32396deedcde3f7f776c306b4be21"},"headline":"Na Bistri\u0161kem izbirajo Naj osebnost leta 2022","datePublished":"2023-01-18T12:01:46+00:00","mainEntityOfPage":{"@id":"https:\/\/novice.si\/page\/na-bistriskem-izbirajo-naj-osebnost-leta-2022\/"},"wordCount":170,"publisher":{"@id":"https:\/\/novice.si\/page\/#organization"},"image":{"@id":"https:\/\/novice.si\/page\/na-bistriskem-izbirajo-naj-osebnost-leta-2022\/#primaryimage"},"thumbnailUrl":"https:\/\/novice.si\/page\/wp-content\/uploads\/2023\/01\/naj-os-4_resize.jpg","keywords":["2022","bistriske novice","naj osebnost","nominiranci","Slovenska Bistrica"],"articleSection":["Aktualno","Bistri\u0161ko"],"inLanguage":"sl-SI"},{"@type":"WebPage","@id":"https:\/\/novice.si\/page\/na-bistriskem-izbirajo-naj-osebnost-leta-2022\/","url":"https:\/\/novice.si\/page\/na-bistriskem-izbirajo-naj-osebnost-leta-2022\/","name":"Na Bistri\u0161kem izbirajo Naj osebnost leta 2022 - Novice.si","isPartOf":{"@id":"https:\/\/novice.si\/page\/#website"},"primaryImageOfPage":{"@id":"https:\/\/novice.si\/page\/na-bistriskem-izbirajo-naj-osebnost-leta-2022\/#primaryimage"},"image":{"@id":"https:\/\/novice.si\/page\/na-bistriskem-izbirajo-naj-osebnost-leta-2022\/#primaryimage"},"thumbnailUrl":"https:\/\/novice.si\/page\/wp-content\/uploads\/2023\/01\/naj-os-4_resize.jpg","datePublished":"2023-01-18T12:01:46+00:00","breadcrumb":{"@id":"https:\/\/novice.si\/page\/na-bistriskem-izbirajo-naj-osebnost-leta-2022\/#breadcrumb"},"inLanguage":"sl-SI","potentialAction":[{"@type":"ReadAction","target":["https:\/\/novice.si\/page\/na-bistriskem-izbirajo-naj-osebnost-leta-2022\/"]}]},{"@type":"ImageObject","inLanguage":"sl-SI","@id":"https:\/\/novice.si\/page\/na-bistriskem-izbirajo-naj-osebnost-leta-2022\/#primaryimage","url":"https:\/\/novice.si\/page\/wp-content\/uploads\/2023\/01\/naj-os-4_resize.jpg","contentUrl":"https:\/\/novice.si\/page\/wp-content\/uploads\/2023\/01\/naj-os-4_resize.jpg","width":756,"height":700},{"@type":"BreadcrumbList","@id":"https:\/\/novice.si\/page\/na-bistriskem-izbirajo-naj-osebnost-leta-2022\/#breadcrumb","itemListElement":[{"@type":"ListItem","position":1,"name":"Home","item":"https:\/\/novice.si\/page\/"},{"@type":"ListItem","position":2,"name":"Na Bistri\u0161kem izbirajo Naj osebnost leta 2022"}]},{"@type":"WebSite","@id":"https:\/\/novice.si\/page\/#website","url":"https:\/\/novice.si\/page\/","name":"Novice.si","description":"","publisher":{"@id":"https:\/\/novice.si\/page\/#organization"},"potentialAction":[{"@type":"SearchAction","target":{"@type":"EntryPoint","urlTemplate":"https:\/\/novice.si\/page\/?s={search_term_string}"},"query-input":{"@type":"PropertyValueSpecification","valueRequired":true,"valueName":"search_term_string"}}],"inLanguage":"sl-SI"},{"@type":"Organization","@id":"https:\/\/novice.si\/page\/#organization","name":"Novice.si","url":"https:\/\/novice.si\/page\/","logo":{"@type":"ImageObject","inLanguage":"sl-SI","@id":"https:\/\/novice.si\/page\/#\/schema\/logo\/image\/","url":"https:\/\/novice.si\/page\/wp-content\/uploads\/2023\/03\/novice_si.png","contentUrl":"https:\/\/novice.si\/page\/wp-content\/uploads\/2023\/03\/novice_si.png","width":576,"height":200,"caption":"Novice.si"},"image":{"@id":"https:\/\/novice.si\/page\/#\/schema\/logo\/image\/"}},{"@type":"Person","@id":"https:\/\/novice.si\/page\/#\/schema\/person\/96b32396deedcde3f7f776c306b4be21","name":"Uredni\u0161tvo Bistri\u0161kih novic","image":{"@type":"ImageObject","inLanguage":"sl-SI","@id":"https:\/\/secure.gravatar.com\/avatar\/26c56c4b10cdb3a21e86442e5f2845a4eafdd0f3605def77ec6cff4aaef32ea4?s=96&d=mm&r=g","url":"https:\/\/secure.gravatar.com\/avatar\/26c56c4b10cdb3a21e86442e5f2845a4eafdd0f3605def77ec6cff4aaef32ea4?s=96&d=mm&r=g","contentUrl":"https:\/\/secure.gravatar.com\/avatar\/26c56c4b10cdb3a21e86442e5f2845a4eafdd0f3605def77ec6cff4aaef32ea4?s=96&d=mm&r=g","caption":"Uredni\u0161tvo Bistri\u0161kih novic"},"url":"https:\/\/novice.si\/page\/author\/bojana\/"}]}},"_links":{"self":[{"href":"https:\/\/novice.si\/page\/wp-json\/wp\/v2\/posts\/159049","targetHints":{"allow":["GET"]}}],"collection":[{"href":"https:\/\/novice.si\/page\/wp-json\/wp\/v2\/posts"}],"about":[{"href":"https:\/\/novice.si\/page\/wp-json\/wp\/v2\/types\/post"}],"author":[{"embeddable":true,"href":"https:\/\/novice.si\/page\/wp-json\/wp\/v2\/users\/8"}],"replies":[{"embeddable":true,"href":"https:\/\/novice.si\/page\/wp-json\/wp\/v2\/comments?post=159049"}],"version-history":[{"count":1,"href":"https:\/\/novice.si\/page\/wp-json\/wp\/v2\/posts\/159049\/revisions"}],"predecessor-version":[{"id":159052,"href":"https:\/\/novice.si\/page\/wp-json\/wp\/v2\/posts\/159049\/revisions\/159052"}],"wp:featuredmedia":[{"embeddable":true,"href":"https:\/\/novice.si\/page\/wp-json\/wp\/v2\/media\/159051"}],"wp:attachment":[{"href":"https:\/\/novice.si\/page\/wp-json\/wp\/v2\/media?parent=159049"}],"wp:term":[{"taxonomy":"category","embeddable":true,"href":"https:\/\/novice.si\/page\/wp-json\/wp\/v2\/categories?post=159049"},{"taxonomy":"post_tag","embeddable":true,"href":"https:\/\/novice.si\/page\/wp-json\/wp\/v2\/tags?post=159049"}],"curies":[{"name":"wp","href":"https:\/\/api.w.org\/{rel}","templated":true}]}}