{"id":159037,"date":"2023-01-18T10:18:33","date_gmt":"2023-01-18T09:18:33","guid":{"rendered":"https:\/\/novice.si\/page\/?p=159037"},"modified":"2023-01-18T10:18:33","modified_gmt":"2023-01-18T09:18:33","slug":"med-zmagovalci-projekta-kreakcija-tudi-studenta-z-bistriskega","status":"publish","type":"post","link":"https:\/\/novice.si\/page\/med-zmagovalci-projekta-kreakcija-tudi-studenta-z-bistriskega\/","title":{"rendered":"Med zmagovalci projekta Kreakcija tudi \u0161tudenta z Bistri\u0161kega"},"content":{"rendered":"<p>Med avtorji najbolj\u0161ih komunikacijskih kampanj \u0161tudentov sta tudi Bistri\u010dan <strong>\u017dan Zafo\u0161nik<\/strong> in Makol\u010dan <strong>Jure Kodri\u010d.<\/strong> V projektu Kreacija sta s film\u010dkom <strong><em>Nasilje ni igra<\/em><\/strong> osvojila drugo mesto.<\/p>\n<p>Projekt Kreakcija (dru\u017ebeno-odgovorna in kreativna akcija) skupaj s Fakulteto za elektrotehniko, ra\u010dunalni\u0161tvo in informatiko v Mariboru pripravljajo na Policijski upravi Maribor, v sodelovanju s Slovenskim dru\u0161tvom za odnose z javnostmi. \u0160tudentje medijskih komunikacij so v sklopu Kreakcije pripravili projekte, s katerimi so naslovili enega izmed petih podro\u010dij, povezanih z mladimi in varnostjo.<\/p>\n<p>\u017dan Zafo\u0161nik in Jure Kodri\u010d sta so\u0161olca magistrskega \u0161tudija medijskih komunikacij. Kot sta povedala, je to njun prvi skupni projekt. Snemanje filma je potekalo dva dni, prete\u017eno v Slovenski Bistrici. Sama monta\u017ea s popravki pa je trajala \u0161e skoraj teden dni.<\/p>\n<p>\u00bbGre za projekt ozave\u0161\u010danja o nasilju med mladimi. Posnela sva kratek video, v katerem nagovarjava mlade, da nasilje ni re\u0161itev, da v nasilju nikoli ne najdemo zmagovalca, vedno samo pora\u017eenca,\u00ab je pojasnil <strong>Jure Kodri\u010d. <\/strong><\/p>\n\r\n                <style type=\"text\/css\">\r\n                    \r\n                    #tdi_1  .td-doubleSlider-2 .td-item1 {\r\n                        background: url(https:\/\/novice.si\/page\/wp-content\/uploads\/2023\/01\/jure-in-zan_resize-80x60.jpg) 0 0 no-repeat;\r\n                    }\r\n                    #tdi_1  .td-doubleSlider-2 .td-item2 {\r\n                        background: url(https:\/\/novice.si\/page\/wp-content\/uploads\/2023\/01\/Grafika_Kodric_Zafosnik_resize-80x60.jpg) 0 0 no-repeat;\r\n                    }\r\n                    #tdi_1  .td-doubleSlider-2 .td-item3 {\r\n                        background: url(https:\/\/novice.si\/page\/wp-content\/uploads\/2023\/01\/jure-in-zan-4_resize-80x60.jpg) 0 0 no-repeat;\r\n                    }\r\n                    #tdi_1  .td-doubleSlider-2 .td-item4 {\r\n                        background: url(https:\/\/novice.si\/page\/wp-content\/uploads\/2023\/01\/jure-in-zan-3_resize-80x60.jpg) 0 0 no-repeat;\r\n                    }\r\n                <\/style>\r\n\r\n                <div id=\"tdi_1\" class=\"td-gallery td-slide-on-2-columns\">\r\n                    <div class=\"post_td_gallery\">\r\n                        <div class=\"td-gallery-slide-top\">\r\n                           <div class=\"td-gallery-title\"><\/div>\r\n\r\n                            <div class=\"td-gallery-controls-wrapper\">\r\n                                <div class=\"td-gallery-slide-count\"><span class=\"td-gallery-slide-item-focus\">1<\/span> od 4<\/div>\r\n                                <div class=\"td-gallery-slide-prev-next-but\">\r\n                                    <i class = \"td-icon-left doubleSliderPrevButton\"><\/i>\r\n                                    <i class = \"td-icon-right doubleSliderNextButton\"><\/i>\r\n                                <\/div>\r\n                            <\/div>\r\n                        <\/div>\r\n\r\n                        <div class = \"td-doubleSlider-1 \">\r\n                            <div class = \"td-slider\">\r\n                                \r\n                    <div class = \"td-slide-item td-item1\">\r\n                        <figure class=\"td-slide-galery-figure td-slide-popup-gallery\">\r\n                            <a class=\"slide-gallery-image-link\" href=\"https:\/\/novice.si\/page\/wp-content\/uploads\/2023\/01\/jure-in-zan_resize.jpg\" title=\"jure in zan_resize\"  data-caption=\"Jure Kodri\u010d in \u017dan Zafo\u0161nik sta se s film\u010dkom o nasilju uvrstila med avtorje najbolj\u0161ih leto\u0161njih projektov Kreakcije.\"  data-description=\"\" data-gallery>\r\n                                <img decoding=\"async\" src=\"https:\/\/novice.si\/page\/wp-content\/uploads\/2023\/01\/jure-in-zan_resize-668x420.jpg\" srcset=\"https:\/\/novice.si\/page\/wp-content\/uploads\/2023\/01\/jure-in-zan_resize-668x420.jpg 668w, https:\/\/novice.si\/page\/wp-content\/uploads\/2023\/01\/jure-in-zan_resize-300x189.jpg 300w, https:\/\/novice.si\/page\/wp-content\/uploads\/2023\/01\/jure-in-zan_resize-768x483.jpg 768w, https:\/\/novice.si\/page\/wp-content\/uploads\/2023\/01\/jure-in-zan_resize-696x438.jpg 696w, https:\/\/novice.si\/page\/wp-content\/uploads\/2023\/01\/jure-in-zan_resize-24x15.jpg 24w, https:\/\/novice.si\/page\/wp-content\/uploads\/2023\/01\/jure-in-zan_resize-36x23.jpg 36w, https:\/\/novice.si\/page\/wp-content\/uploads\/2023\/01\/jure-in-zan_resize-48x30.jpg 48w, https:\/\/novice.si\/page\/wp-content\/uploads\/2023\/01\/jure-in-zan_resize.jpg 1000w\" sizes=\"(max-width: 668px) 100vw, 668px\" alt=\"\">\r\n                            <\/a>\r\n                            <figcaption class = \"td-slide-caption td-gallery-slide-content\"><div class = \"td-gallery-slide-copywrite\">Jure Kodri\u010d in \u017dan Zafo\u0161nik sta se s film\u010dkom o nasilju uvrstila med avtorje najbolj\u0161ih leto\u0161njih projektov Kreakcije.<\/div><\/figcaption>\r\n                        <\/figure>\r\n                    <\/div>\r\n                    <div class = \"td-slide-item td-item2\">\r\n                        <figure class=\"td-slide-galery-figure td-slide-popup-gallery\">\r\n                            <a class=\"slide-gallery-image-link\" href=\"https:\/\/novice.si\/page\/wp-content\/uploads\/2023\/01\/Grafika_Kodric_Zafosnik_resize.jpg\" title=\"Grafika_Kodric_Zafosnik_resize\"  data-caption=\"\"  data-description=\"\" data-gallery>\r\n                                <img decoding=\"async\" src=\"https:\/\/novice.si\/page\/wp-content\/uploads\/2023\/01\/Grafika_Kodric_Zafosnik_resize-596x420.jpg\" srcset=\"https:\/\/novice.si\/page\/wp-content\/uploads\/2023\/01\/Grafika_Kodric_Zafosnik_resize-596x420.jpg 596w, https:\/\/novice.si\/page\/wp-content\/uploads\/2023\/01\/Grafika_Kodric_Zafosnik_resize-300x211.jpg 300w, https:\/\/novice.si\/page\/wp-content\/uploads\/2023\/01\/Grafika_Kodric_Zafosnik_resize-768x541.jpg 768w, https:\/\/novice.si\/page\/wp-content\/uploads\/2023\/01\/Grafika_Kodric_Zafosnik_resize-100x70.jpg 100w, https:\/\/novice.si\/page\/wp-content\/uploads\/2023\/01\/Grafika_Kodric_Zafosnik_resize-696x491.jpg 696w, https:\/\/novice.si\/page\/wp-content\/uploads\/2023\/01\/Grafika_Kodric_Zafosnik_resize-24x17.jpg 24w, https:\/\/novice.si\/page\/wp-content\/uploads\/2023\/01\/Grafika_Kodric_Zafosnik_resize-36x25.jpg 36w, https:\/\/novice.si\/page\/wp-content\/uploads\/2023\/01\/Grafika_Kodric_Zafosnik_resize-48x34.jpg 48w, https:\/\/novice.si\/page\/wp-content\/uploads\/2023\/01\/Grafika_Kodric_Zafosnik_resize.jpg 993w\" sizes=\"(max-width: 596px) 100vw, 596px\" alt=\"\">\r\n                            <\/a>\r\n                            \r\n                        <\/figure>\r\n                    <\/div>\r\n                    <div class = \"td-slide-item td-item3\">\r\n                        <figure class=\"td-slide-galery-figure td-slide-popup-gallery\">\r\n                            <a class=\"slide-gallery-image-link\" href=\"https:\/\/novice.si\/page\/wp-content\/uploads\/2023\/01\/jure-in-zan-4_resize.jpg\" title=\"jure in zan 4_resize\"  data-caption=\"Vlogi v filmu sta odigrala Jan Kolar in Jan Sagadin. \"  data-description=\"\" data-gallery>\r\n                                <img decoding=\"async\" src=\"https:\/\/novice.si\/page\/wp-content\/uploads\/2023\/01\/jure-in-zan-4_resize-749x420.jpg\" srcset=\"https:\/\/novice.si\/page\/wp-content\/uploads\/2023\/01\/jure-in-zan-4_resize-749x420.jpg 749w, https:\/\/novice.si\/page\/wp-content\/uploads\/2023\/01\/jure-in-zan-4_resize-300x168.jpg 300w, https:\/\/novice.si\/page\/wp-content\/uploads\/2023\/01\/jure-in-zan-4_resize-768x431.jpg 768w, https:\/\/novice.si\/page\/wp-content\/uploads\/2023\/01\/jure-in-zan-4_resize-696x390.jpg 696w, https:\/\/novice.si\/page\/wp-content\/uploads\/2023\/01\/jure-in-zan-4_resize-24x13.jpg 24w, https:\/\/novice.si\/page\/wp-content\/uploads\/2023\/01\/jure-in-zan-4_resize-36x20.jpg 36w, https:\/\/novice.si\/page\/wp-content\/uploads\/2023\/01\/jure-in-zan-4_resize-48x27.jpg 48w, https:\/\/novice.si\/page\/wp-content\/uploads\/2023\/01\/jure-in-zan-4_resize.jpg 1000w\" sizes=\"(max-width: 749px) 100vw, 749px\" alt=\"\">\r\n                            <\/a>\r\n                            <figcaption class = \"td-slide-caption td-gallery-slide-content\"><div class = \"td-gallery-slide-copywrite\">Vlogi v filmu sta odigrala Jan Kolar in Jan Sagadin. <\/div><\/figcaption>\r\n                        <\/figure>\r\n                    <\/div>\r\n                    <div class = \"td-slide-item td-item4\">\r\n                        <figure class=\"td-slide-galery-figure td-slide-popup-gallery\">\r\n                            <a class=\"slide-gallery-image-link\" href=\"https:\/\/novice.si\/page\/wp-content\/uploads\/2023\/01\/jure-in-zan-3_resize.jpg\" title=\"jure in zan 3_resize\"  data-caption=\"Prizor iz filma.\"  data-description=\"\" data-gallery>\r\n                                <img decoding=\"async\" src=\"https:\/\/novice.si\/page\/wp-content\/uploads\/2023\/01\/jure-in-zan-3_resize-766x420.jpg\" srcset=\"https:\/\/novice.si\/page\/wp-content\/uploads\/2023\/01\/jure-in-zan-3_resize-766x420.jpg 766w, https:\/\/novice.si\/page\/wp-content\/uploads\/2023\/01\/jure-in-zan-3_resize-300x164.jpg 300w, https:\/\/novice.si\/page\/wp-content\/uploads\/2023\/01\/jure-in-zan-3_resize-768x421.jpg 768w, https:\/\/novice.si\/page\/wp-content\/uploads\/2023\/01\/jure-in-zan-3_resize-696x381.jpg 696w, https:\/\/novice.si\/page\/wp-content\/uploads\/2023\/01\/jure-in-zan-3_resize-24x13.jpg 24w, https:\/\/novice.si\/page\/wp-content\/uploads\/2023\/01\/jure-in-zan-3_resize-36x20.jpg 36w, https:\/\/novice.si\/page\/wp-content\/uploads\/2023\/01\/jure-in-zan-3_resize-48x26.jpg 48w, https:\/\/novice.si\/page\/wp-content\/uploads\/2023\/01\/jure-in-zan-3_resize.jpg 1000w\" sizes=\"(max-width: 766px) 100vw, 766px\" alt=\"\">\r\n                            <\/a>\r\n                            <figcaption class = \"td-slide-caption td-gallery-slide-content\"><div class = \"td-gallery-slide-copywrite\">Prizor iz filma.<\/div><\/figcaption>\r\n                        <\/figure>\r\n                    <\/div>\r\n                            <\/div>\r\n                        <\/div>\r\n\r\n                        <div class = \"td-doubleSlider-2\">\r\n                            <div class = \"td-slider\">\r\n                                \r\n                    <div class = \"td-button td-item1\">\r\n                        <div class = \"td-border\"><\/div>\r\n                    <\/div>\r\n                    <div class = \"td-button td-item2\">\r\n                        <div class = \"td-border\"><\/div>\r\n                    <\/div>\r\n                    <div class = \"td-button td-item3\">\r\n                        <div class = \"td-border\"><\/div>\r\n                    <\/div>\r\n                    <div class = \"td-button td-item4\">\r\n                        <div class = \"td-border\"><\/div>\r\n                    <\/div>\r\n                            <\/div>\r\n                        <\/div>\r\n\r\n                    <\/div>\r\n\r\n                <\/div>\r\n                \n<p><strong>O vsebini <\/strong><\/p>\n<p>\u00bbEden od karakterjev pride do drugega in ga za\u010dne brutalno pretepati. Nato pa se pojavi na sceni policija. Video se spremeni na dva dela, v enem spremljamo potovanje pretepenega v zdravstveni dom in njegovo zdravljenje, v drugem delu pa be\u017eanje nasilne\u017ea pred policijo, ki ga na koncu tudi dobijo, gre za zapahe in zgodba se kon\u010da,\u00ab strne vsebino Kodri\u010d. Vlogi v filmu sta odigrala Jan Kolar in Jan Sagadin.<\/p>\n<p><strong>O Kreakciji<\/strong><\/p>\n<p>Projekt Kreakcija so letos izvedli tretji\u010d. Prejeli so 13 kreativnih izdelkov, med katerimi je komisija izbrala 3 najbolj\u0161e. Avtorje slednjih bodo nagradili z udele\u017ebo na Slovenski konferenci za odnose z javnostmi. Zmagovalni projekti pa bodo predvajani tudi na mestnih avtobusih Marproma.<\/p>\n<p>\u0160tudente je na razglasitvi nagovoril tudi <strong>mag. Donald Rus,<\/strong> direktor PU Maribor in med drugim dejal: \u00bbKreakcija je projekt, ki daje tako enim in drugim &#8211; mladim daje prilo\u017enost, besedo, prostor, da uporabijo svojo &#8220;mo\u010d&#8221; ter vplivajo na sovrstnike, da naredijo nekaj dobrega, kar so seveda tudi \u017eelje policistov in prizadevanja, obenem pa nam policistom omogo\u010da, da bolje spoznamo mlade in njihov na\u010din razmi\u0161ljanja.\u00ab (B. Petelin\u0161ek)<\/p>\n","protected":false},"excerpt":{"rendered":"<p>Med avtorji najbolj\u0161ih komunikacijskih kampanj \u0161tudentov sta tudi Bistri\u010dan \u017dan Zafo\u0161nik in Makol\u010dan Jure Kodri\u010d. V projektu Kreacija sta s film\u010dkom Nasilje ni igra osvojila drugo mesto. Projekt Kreakcija (dru\u017ebeno-odgovorna in kreativna akcija) skupaj s Fakulteto za elektrotehniko, ra\u010dunalni\u0161tvo in informatiko v Mariboru pripravljajo na Policijski upravi Maribor, v sodelovanju s Slovenskim dru\u0161tvom za odnose [&hellip;]<\/p>\n","protected":false},"author":8,"featured_media":159039,"comment_status":"closed","ping_status":"closed","sticky":false,"template":"","format":"standard","meta":{"footnotes":""},"categories":[14,32],"tags":[14152,16418,16871,171,16872],"class_list":{"0":"post-159037","1":"post","2":"type-post","3":"status-publish","4":"format-standard","5":"has-post-thumbnail","7":"category-aktualno","8":"category-bistrisko","9":"tag-film","10":"tag-kodric","11":"tag-kreakcija","12":"tag-slovenska-bistrica","13":"tag-zafosnik"},"yoast_head":"<!-- This site is optimized with the Yoast SEO plugin v27.4 - https:\/\/yoast.com\/product\/yoast-seo-wordpress\/ -->\n<title>Med zmagovalci projekta Kreakcija tudi \u0161tudenta z Bistri\u0161kega - Novice.si<\/title>\n<meta name=\"robots\" content=\"index, follow, max-snippet:-1, max-image-preview:large, max-video-preview:-1\" \/>\n<link rel=\"canonical\" href=\"https:\/\/novice.si\/page\/med-zmagovalci-projekta-kreakcija-tudi-studenta-z-bistriskega\/\" \/>\n<meta property=\"og:locale\" content=\"sl_SI\" \/>\n<meta property=\"og:type\" content=\"article\" \/>\n<meta property=\"og:title\" content=\"Med zmagovalci projekta Kreakcija tudi \u0161tudenta z Bistri\u0161kega - Novice.si\" \/>\n<meta property=\"og:description\" content=\"Med avtorji najbolj\u0161ih komunikacijskih kampanj \u0161tudentov sta tudi Bistri\u010dan \u017dan Zafo\u0161nik in Makol\u010dan Jure Kodri\u010d. V projektu Kreacija sta s film\u010dkom Nasilje ni igra osvojila drugo mesto. Projekt Kreakcija (dru\u017ebeno-odgovorna in kreativna akcija) skupaj s Fakulteto za elektrotehniko, ra\u010dunalni\u0161tvo in informatiko v Mariboru pripravljajo na Policijski upravi Maribor, v sodelovanju s Slovenskim dru\u0161tvom za odnose [&hellip;]\" \/>\n<meta property=\"og:url\" content=\"https:\/\/novice.si\/page\/med-zmagovalci-projekta-kreakcija-tudi-studenta-z-bistriskega\/\" \/>\n<meta property=\"og:site_name\" content=\"Novice.si\" \/>\n<meta property=\"article:published_time\" content=\"2023-01-18T09:18:33+00:00\" \/>\n<meta property=\"og:image\" content=\"https:\/\/novice.si\/page\/wp-content\/uploads\/2023\/01\/jure-in-zan-4_resize.jpg\" \/>\n\t<meta property=\"og:image:width\" content=\"1000\" \/>\n\t<meta property=\"og:image:height\" content=\"561\" \/>\n\t<meta property=\"og:image:type\" content=\"image\/jpeg\" \/>\n<meta name=\"author\" content=\"Uredni\u0161tvo Bistri\u0161kih novic\" \/>\n<meta name=\"twitter:card\" content=\"summary_large_image\" \/>\n<meta name=\"twitter:label1\" content=\"Written by\" \/>\n\t<meta name=\"twitter:data1\" content=\"Uredni\u0161tvo Bistri\u0161kih novic\" \/>\n\t<meta name=\"twitter:label2\" content=\"Est. reading time\" \/>\n\t<meta name=\"twitter:data2\" content=\"2 minuti\" \/>\n<script type=\"application\/ld+json\" class=\"yoast-schema-graph\">{\"@context\":\"https:\\\/\\\/schema.org\",\"@graph\":[{\"@type\":\"Article\",\"@id\":\"https:\\\/\\\/novice.si\\\/page\\\/med-zmagovalci-projekta-kreakcija-tudi-studenta-z-bistriskega\\\/#article\",\"isPartOf\":{\"@id\":\"https:\\\/\\\/novice.si\\\/page\\\/med-zmagovalci-projekta-kreakcija-tudi-studenta-z-bistriskega\\\/\"},\"author\":{\"name\":\"Uredni\u0161tvo Bistri\u0161kih novic\",\"@id\":\"https:\\\/\\\/novice.si\\\/page\\\/#\\\/schema\\\/person\\\/96b32396deedcde3f7f776c306b4be21\"},\"headline\":\"Med zmagovalci projekta Kreakcija tudi \u0161tudenta z Bistri\u0161kega\",\"datePublished\":\"2023-01-18T09:18:33+00:00\",\"mainEntityOfPage\":{\"@id\":\"https:\\\/\\\/novice.si\\\/page\\\/med-zmagovalci-projekta-kreakcija-tudi-studenta-z-bistriskega\\\/\"},\"wordCount\":380,\"publisher\":{\"@id\":\"https:\\\/\\\/novice.si\\\/page\\\/#organization\"},\"image\":{\"@id\":\"https:\\\/\\\/novice.si\\\/page\\\/med-zmagovalci-projekta-kreakcija-tudi-studenta-z-bistriskega\\\/#primaryimage\"},\"thumbnailUrl\":\"https:\\\/\\\/novice.si\\\/page\\\/wp-content\\\/uploads\\\/2023\\\/01\\\/jure-in-zan-4_resize.jpg\",\"keywords\":[\"film\",\"Kodri\u010d\",\"Kreakcija\",\"Slovenska Bistrica\",\"Zafo\u0161nik\"],\"articleSection\":[\"Aktualno\",\"Bistri\u0161ko\"],\"inLanguage\":\"sl-SI\"},{\"@type\":\"WebPage\",\"@id\":\"https:\\\/\\\/novice.si\\\/page\\\/med-zmagovalci-projekta-kreakcija-tudi-studenta-z-bistriskega\\\/\",\"url\":\"https:\\\/\\\/novice.si\\\/page\\\/med-zmagovalci-projekta-kreakcija-tudi-studenta-z-bistriskega\\\/\",\"name\":\"Med zmagovalci projekta Kreakcija tudi \u0161tudenta z Bistri\u0161kega - Novice.si\",\"isPartOf\":{\"@id\":\"https:\\\/\\\/novice.si\\\/page\\\/#website\"},\"primaryImageOfPage\":{\"@id\":\"https:\\\/\\\/novice.si\\\/page\\\/med-zmagovalci-projekta-kreakcija-tudi-studenta-z-bistriskega\\\/#primaryimage\"},\"image\":{\"@id\":\"https:\\\/\\\/novice.si\\\/page\\\/med-zmagovalci-projekta-kreakcija-tudi-studenta-z-bistriskega\\\/#primaryimage\"},\"thumbnailUrl\":\"https:\\\/\\\/novice.si\\\/page\\\/wp-content\\\/uploads\\\/2023\\\/01\\\/jure-in-zan-4_resize.jpg\",\"datePublished\":\"2023-01-18T09:18:33+00:00\",\"breadcrumb\":{\"@id\":\"https:\\\/\\\/novice.si\\\/page\\\/med-zmagovalci-projekta-kreakcija-tudi-studenta-z-bistriskega\\\/#breadcrumb\"},\"inLanguage\":\"sl-SI\",\"potentialAction\":[{\"@type\":\"ReadAction\",\"target\":[\"https:\\\/\\\/novice.si\\\/page\\\/med-zmagovalci-projekta-kreakcija-tudi-studenta-z-bistriskega\\\/\"]}]},{\"@type\":\"ImageObject\",\"inLanguage\":\"sl-SI\",\"@id\":\"https:\\\/\\\/novice.si\\\/page\\\/med-zmagovalci-projekta-kreakcija-tudi-studenta-z-bistriskega\\\/#primaryimage\",\"url\":\"https:\\\/\\\/novice.si\\\/page\\\/wp-content\\\/uploads\\\/2023\\\/01\\\/jure-in-zan-4_resize.jpg\",\"contentUrl\":\"https:\\\/\\\/novice.si\\\/page\\\/wp-content\\\/uploads\\\/2023\\\/01\\\/jure-in-zan-4_resize.jpg\",\"width\":1000,\"height\":561,\"caption\":\"Vlogi v filmu sta odigrala Jan Kolar in Jan Sagadin.\"},{\"@type\":\"BreadcrumbList\",\"@id\":\"https:\\\/\\\/novice.si\\\/page\\\/med-zmagovalci-projekta-kreakcija-tudi-studenta-z-bistriskega\\\/#breadcrumb\",\"itemListElement\":[{\"@type\":\"ListItem\",\"position\":1,\"name\":\"Home\",\"item\":\"https:\\\/\\\/novice.si\\\/page\\\/\"},{\"@type\":\"ListItem\",\"position\":2,\"name\":\"Med zmagovalci projekta Kreakcija tudi \u0161tudenta z Bistri\u0161kega\"}]},{\"@type\":\"WebSite\",\"@id\":\"https:\\\/\\\/novice.si\\\/page\\\/#website\",\"url\":\"https:\\\/\\\/novice.si\\\/page\\\/\",\"name\":\"Novice.si\",\"description\":\"\",\"publisher\":{\"@id\":\"https:\\\/\\\/novice.si\\\/page\\\/#organization\"},\"potentialAction\":[{\"@type\":\"SearchAction\",\"target\":{\"@type\":\"EntryPoint\",\"urlTemplate\":\"https:\\\/\\\/novice.si\\\/page\\\/?s={search_term_string}\"},\"query-input\":{\"@type\":\"PropertyValueSpecification\",\"valueRequired\":true,\"valueName\":\"search_term_string\"}}],\"inLanguage\":\"sl-SI\"},{\"@type\":\"Organization\",\"@id\":\"https:\\\/\\\/novice.si\\\/page\\\/#organization\",\"name\":\"Novice.si\",\"url\":\"https:\\\/\\\/novice.si\\\/page\\\/\",\"logo\":{\"@type\":\"ImageObject\",\"inLanguage\":\"sl-SI\",\"@id\":\"https:\\\/\\\/novice.si\\\/page\\\/#\\\/schema\\\/logo\\\/image\\\/\",\"url\":\"https:\\\/\\\/novice.si\\\/page\\\/wp-content\\\/uploads\\\/2023\\\/03\\\/novice_si.png\",\"contentUrl\":\"https:\\\/\\\/novice.si\\\/page\\\/wp-content\\\/uploads\\\/2023\\\/03\\\/novice_si.png\",\"width\":576,\"height\":200,\"caption\":\"Novice.si\"},\"image\":{\"@id\":\"https:\\\/\\\/novice.si\\\/page\\\/#\\\/schema\\\/logo\\\/image\\\/\"}},{\"@type\":\"Person\",\"@id\":\"https:\\\/\\\/novice.si\\\/page\\\/#\\\/schema\\\/person\\\/96b32396deedcde3f7f776c306b4be21\",\"name\":\"Uredni\u0161tvo Bistri\u0161kih novic\",\"image\":{\"@type\":\"ImageObject\",\"inLanguage\":\"sl-SI\",\"@id\":\"https:\\\/\\\/secure.gravatar.com\\\/avatar\\\/26c56c4b10cdb3a21e86442e5f2845a4eafdd0f3605def77ec6cff4aaef32ea4?s=96&d=mm&r=g\",\"url\":\"https:\\\/\\\/secure.gravatar.com\\\/avatar\\\/26c56c4b10cdb3a21e86442e5f2845a4eafdd0f3605def77ec6cff4aaef32ea4?s=96&d=mm&r=g\",\"contentUrl\":\"https:\\\/\\\/secure.gravatar.com\\\/avatar\\\/26c56c4b10cdb3a21e86442e5f2845a4eafdd0f3605def77ec6cff4aaef32ea4?s=96&d=mm&r=g\",\"caption\":\"Uredni\u0161tvo Bistri\u0161kih novic\"},\"url\":\"https:\\\/\\\/novice.si\\\/page\\\/author\\\/bojana\\\/\"}]}<\/script>\n<!-- \/ Yoast SEO plugin. -->","yoast_head_json":{"title":"Med zmagovalci projekta Kreakcija tudi \u0161tudenta z Bistri\u0161kega - Novice.si","robots":{"index":"index","follow":"follow","max-snippet":"max-snippet:-1","max-image-preview":"max-image-preview:large","max-video-preview":"max-video-preview:-1"},"canonical":"https:\/\/novice.si\/page\/med-zmagovalci-projekta-kreakcija-tudi-studenta-z-bistriskega\/","og_locale":"sl_SI","og_type":"article","og_title":"Med zmagovalci projekta Kreakcija tudi \u0161tudenta z Bistri\u0161kega - Novice.si","og_description":"Med avtorji najbolj\u0161ih komunikacijskih kampanj \u0161tudentov sta tudi Bistri\u010dan \u017dan Zafo\u0161nik in Makol\u010dan Jure Kodri\u010d. V projektu Kreacija sta s film\u010dkom Nasilje ni igra osvojila drugo mesto. Projekt Kreakcija (dru\u017ebeno-odgovorna in kreativna akcija) skupaj s Fakulteto za elektrotehniko, ra\u010dunalni\u0161tvo in informatiko v Mariboru pripravljajo na Policijski upravi Maribor, v sodelovanju s Slovenskim dru\u0161tvom za odnose [&hellip;]","og_url":"https:\/\/novice.si\/page\/med-zmagovalci-projekta-kreakcija-tudi-studenta-z-bistriskega\/","og_site_name":"Novice.si","article_published_time":"2023-01-18T09:18:33+00:00","og_image":[{"width":1000,"height":561,"url":"https:\/\/novice.si\/page\/wp-content\/uploads\/2023\/01\/jure-in-zan-4_resize.jpg","type":"image\/jpeg"}],"author":"Uredni\u0161tvo Bistri\u0161kih novic","twitter_card":"summary_large_image","twitter_misc":{"Written by":"Uredni\u0161tvo Bistri\u0161kih novic","Est. reading time":"2 minuti"},"schema":{"@context":"https:\/\/schema.org","@graph":[{"@type":"Article","@id":"https:\/\/novice.si\/page\/med-zmagovalci-projekta-kreakcija-tudi-studenta-z-bistriskega\/#article","isPartOf":{"@id":"https:\/\/novice.si\/page\/med-zmagovalci-projekta-kreakcija-tudi-studenta-z-bistriskega\/"},"author":{"name":"Uredni\u0161tvo Bistri\u0161kih novic","@id":"https:\/\/novice.si\/page\/#\/schema\/person\/96b32396deedcde3f7f776c306b4be21"},"headline":"Med zmagovalci projekta Kreakcija tudi \u0161tudenta z Bistri\u0161kega","datePublished":"2023-01-18T09:18:33+00:00","mainEntityOfPage":{"@id":"https:\/\/novice.si\/page\/med-zmagovalci-projekta-kreakcija-tudi-studenta-z-bistriskega\/"},"wordCount":380,"publisher":{"@id":"https:\/\/novice.si\/page\/#organization"},"image":{"@id":"https:\/\/novice.si\/page\/med-zmagovalci-projekta-kreakcija-tudi-studenta-z-bistriskega\/#primaryimage"},"thumbnailUrl":"https:\/\/novice.si\/page\/wp-content\/uploads\/2023\/01\/jure-in-zan-4_resize.jpg","keywords":["film","Kodri\u010d","Kreakcija","Slovenska Bistrica","Zafo\u0161nik"],"articleSection":["Aktualno","Bistri\u0161ko"],"inLanguage":"sl-SI"},{"@type":"WebPage","@id":"https:\/\/novice.si\/page\/med-zmagovalci-projekta-kreakcija-tudi-studenta-z-bistriskega\/","url":"https:\/\/novice.si\/page\/med-zmagovalci-projekta-kreakcija-tudi-studenta-z-bistriskega\/","name":"Med zmagovalci projekta Kreakcija tudi \u0161tudenta z Bistri\u0161kega - Novice.si","isPartOf":{"@id":"https:\/\/novice.si\/page\/#website"},"primaryImageOfPage":{"@id":"https:\/\/novice.si\/page\/med-zmagovalci-projekta-kreakcija-tudi-studenta-z-bistriskega\/#primaryimage"},"image":{"@id":"https:\/\/novice.si\/page\/med-zmagovalci-projekta-kreakcija-tudi-studenta-z-bistriskega\/#primaryimage"},"thumbnailUrl":"https:\/\/novice.si\/page\/wp-content\/uploads\/2023\/01\/jure-in-zan-4_resize.jpg","datePublished":"2023-01-18T09:18:33+00:00","breadcrumb":{"@id":"https:\/\/novice.si\/page\/med-zmagovalci-projekta-kreakcija-tudi-studenta-z-bistriskega\/#breadcrumb"},"inLanguage":"sl-SI","potentialAction":[{"@type":"ReadAction","target":["https:\/\/novice.si\/page\/med-zmagovalci-projekta-kreakcija-tudi-studenta-z-bistriskega\/"]}]},{"@type":"ImageObject","inLanguage":"sl-SI","@id":"https:\/\/novice.si\/page\/med-zmagovalci-projekta-kreakcija-tudi-studenta-z-bistriskega\/#primaryimage","url":"https:\/\/novice.si\/page\/wp-content\/uploads\/2023\/01\/jure-in-zan-4_resize.jpg","contentUrl":"https:\/\/novice.si\/page\/wp-content\/uploads\/2023\/01\/jure-in-zan-4_resize.jpg","width":1000,"height":561,"caption":"Vlogi v filmu sta odigrala Jan Kolar in Jan Sagadin."},{"@type":"BreadcrumbList","@id":"https:\/\/novice.si\/page\/med-zmagovalci-projekta-kreakcija-tudi-studenta-z-bistriskega\/#breadcrumb","itemListElement":[{"@type":"ListItem","position":1,"name":"Home","item":"https:\/\/novice.si\/page\/"},{"@type":"ListItem","position":2,"name":"Med zmagovalci projekta Kreakcija tudi \u0161tudenta z Bistri\u0161kega"}]},{"@type":"WebSite","@id":"https:\/\/novice.si\/page\/#website","url":"https:\/\/novice.si\/page\/","name":"Novice.si","description":"","publisher":{"@id":"https:\/\/novice.si\/page\/#organization"},"potentialAction":[{"@type":"SearchAction","target":{"@type":"EntryPoint","urlTemplate":"https:\/\/novice.si\/page\/?s={search_term_string}"},"query-input":{"@type":"PropertyValueSpecification","valueRequired":true,"valueName":"search_term_string"}}],"inLanguage":"sl-SI"},{"@type":"Organization","@id":"https:\/\/novice.si\/page\/#organization","name":"Novice.si","url":"https:\/\/novice.si\/page\/","logo":{"@type":"ImageObject","inLanguage":"sl-SI","@id":"https:\/\/novice.si\/page\/#\/schema\/logo\/image\/","url":"https:\/\/novice.si\/page\/wp-content\/uploads\/2023\/03\/novice_si.png","contentUrl":"https:\/\/novice.si\/page\/wp-content\/uploads\/2023\/03\/novice_si.png","width":576,"height":200,"caption":"Novice.si"},"image":{"@id":"https:\/\/novice.si\/page\/#\/schema\/logo\/image\/"}},{"@type":"Person","@id":"https:\/\/novice.si\/page\/#\/schema\/person\/96b32396deedcde3f7f776c306b4be21","name":"Uredni\u0161tvo Bistri\u0161kih novic","image":{"@type":"ImageObject","inLanguage":"sl-SI","@id":"https:\/\/secure.gravatar.com\/avatar\/26c56c4b10cdb3a21e86442e5f2845a4eafdd0f3605def77ec6cff4aaef32ea4?s=96&d=mm&r=g","url":"https:\/\/secure.gravatar.com\/avatar\/26c56c4b10cdb3a21e86442e5f2845a4eafdd0f3605def77ec6cff4aaef32ea4?s=96&d=mm&r=g","contentUrl":"https:\/\/secure.gravatar.com\/avatar\/26c56c4b10cdb3a21e86442e5f2845a4eafdd0f3605def77ec6cff4aaef32ea4?s=96&d=mm&r=g","caption":"Uredni\u0161tvo Bistri\u0161kih novic"},"url":"https:\/\/novice.si\/page\/author\/bojana\/"}]}},"_links":{"self":[{"href":"https:\/\/novice.si\/page\/wp-json\/wp\/v2\/posts\/159037","targetHints":{"allow":["GET"]}}],"collection":[{"href":"https:\/\/novice.si\/page\/wp-json\/wp\/v2\/posts"}],"about":[{"href":"https:\/\/novice.si\/page\/wp-json\/wp\/v2\/types\/post"}],"author":[{"embeddable":true,"href":"https:\/\/novice.si\/page\/wp-json\/wp\/v2\/users\/8"}],"replies":[{"embeddable":true,"href":"https:\/\/novice.si\/page\/wp-json\/wp\/v2\/comments?post=159037"}],"version-history":[{"count":1,"href":"https:\/\/novice.si\/page\/wp-json\/wp\/v2\/posts\/159037\/revisions"}],"predecessor-version":[{"id":159043,"href":"https:\/\/novice.si\/page\/wp-json\/wp\/v2\/posts\/159037\/revisions\/159043"}],"wp:featuredmedia":[{"embeddable":true,"href":"https:\/\/novice.si\/page\/wp-json\/wp\/v2\/media\/159039"}],"wp:attachment":[{"href":"https:\/\/novice.si\/page\/wp-json\/wp\/v2\/media?parent=159037"}],"wp:term":[{"taxonomy":"category","embeddable":true,"href":"https:\/\/novice.si\/page\/wp-json\/wp\/v2\/categories?post=159037"},{"taxonomy":"post_tag","embeddable":true,"href":"https:\/\/novice.si\/page\/wp-json\/wp\/v2\/tags?post=159037"}],"curies":[{"name":"wp","href":"https:\/\/api.w.org\/{rel}","templated":true}]}}