{"id":158991,"date":"2023-01-17T10:26:29","date_gmt":"2023-01-17T09:26:29","guid":{"rendered":"https:\/\/novice.si\/page\/?p=158991"},"modified":"2023-01-17T10:28:47","modified_gmt":"2023-01-17T09:28:47","slug":"ambulante-za-neopredeljene-v-slovenskih-konjicah-za-zdaj-ne-bo","status":"publish","type":"post","link":"https:\/\/novice.si\/page\/ambulante-za-neopredeljene-v-slovenskih-konjicah-za-zdaj-ne-bo\/","title":{"rendered":"Ambulante za neopredeljene v Slovenskih Konjicah za zdaj ne bo"},"content":{"rendered":"<p><strong>Posebne ambulante za osebe brez izbranega zdravnika v Slovenskih Konjicah za zdaj ne bodo vzpostavili, saj pravijo, da zdravniki niso pripravljeni prevzeti \u0161e dodatnih obremenitev.<\/strong><\/p>\n<p><a href=\"https:\/\/novice.si\/page\/wp-content\/uploads\/2016\/04\/zdravstveni-dom-konjice-2016_resize.jpg\" data-gallery><img loading=\"lazy\" decoding=\"async\" class=\"size-medium wp-image-38565 alignleft\" src=\"https:\/\/novice.si\/page\/wp-content\/uploads\/2016\/04\/zdravstveni-dom-konjice-2016_resize-300x200.jpg\" alt=\"\" width=\"300\" height=\"200\" srcset=\"https:\/\/novice.si\/page\/wp-content\/uploads\/2016\/04\/zdravstveni-dom-konjice-2016_resize-300x200.jpg 300w, https:\/\/novice.si\/page\/wp-content\/uploads\/2016\/04\/zdravstveni-dom-konjice-2016_resize-768x512.jpg 768w, https:\/\/novice.si\/page\/wp-content\/uploads\/2016\/04\/zdravstveni-dom-konjice-2016_resize-696x464.jpg 696w, https:\/\/novice.si\/page\/wp-content\/uploads\/2016\/04\/zdravstveni-dom-konjice-2016_resize-630x420.jpg 630w, https:\/\/novice.si\/page\/wp-content\/uploads\/2016\/04\/zdravstveni-dom-konjice-2016_resize-24x16.jpg 24w, https:\/\/novice.si\/page\/wp-content\/uploads\/2016\/04\/zdravstveni-dom-konjice-2016_resize-36x24.jpg 36w, https:\/\/novice.si\/page\/wp-content\/uploads\/2016\/04\/zdravstveni-dom-konjice-2016_resize-48x32.jpg 48w, https:\/\/novice.si\/page\/wp-content\/uploads\/2016\/04\/zdravstveni-dom-konjice-2016_resize.jpg 800w\" sizes=\"auto, (max-width: 300px) 100vw, 300px\" \/><\/a>Ministrstvo za zdravje je tudi v konji\u0161kem zdravstvenem domu predvidelo vzpostavitev posebne ambulante za osebe, ki nimajo izbranega osebnega zdravnika. Zdravstveni delavci se bodo v delo teh ambulant vklju\u010devali prostovoljno, a za zdaj je interesa med njimi (pre)malo. Tudi na konji\u0161kem obmo\u010dju.<br \/>\nV Zdravstvenem domu Slovenske Konjice ambulante, kjer bi obravnavali osebe brez izbranega zdravnika, za zdaj ne bo, saj zanjo ni pogojev, je za lokalni \u010dasopis NOVICE dejal direktor <strong>Dejan Verhov\u0161ek<\/strong>.<\/p>\n<p><strong>Preve\u010d bi bili obremenjeni, pravijo<\/strong><\/p>\n<p>\u00bbZdravnike bi poleg rednega dela v ambulanti in de\u017eurni slu\u017ebi obremenili \u0161e z vklju\u010devanjem v dodatno ambulanto za neopredeljene. Zdravniki z na\u0161ega obmo\u010dja tega ne \u017eelijo sprejeti in se niso pripravljeni vklju\u010devati ter sprejeti \u0161e dodatnih obremenitev, kljub temu da je delo v tak\u0161ni ambulanti finan\u010dno zelo stimulirano,\u00ab je pojasnil Verhov\u0161ek.<br \/>\nSkupaj z zdravniki so se odlo\u010dili, dodaja, da si pustijo nekaj \u010dasa, da prejmejo dodatne usmeritve in da \u0161e enkrat preu\u010dijo mo\u017enost vzpostavitve tak\u0161ne ambulante. \u00bb\u017dal pa \u010dasovno trenutno ne morem konkretizirati, kdaj bi lahko to bilo. \u010ce seveda sploh bo.\u00ab<\/p>\n<p><strong>Tiso\u010d oseb brez zdravnika<\/strong><\/p>\n<p>Oseb brez izbranega osebnega zdravnika je po podatkih direktorja zdravstvenega doma na Konji\u0161kem, Zre\u0161kem in Vitanjskem okoli tiso\u010d, vklju\u010dno s tujci in osebami, ki si zdravnika izberejo \u0161ele tedaj, ko ga potrebujejo. Ve\u010djih te\u017eav z izbiro osebnega zdravnika, kot jih imajo denimo v ve\u010djih mestih, kjer se soo\u010dajo s precej\u0161njim odlivom zdravni\u0161kega kadra, pri nas ne zaznavajo. (N. K.)<br \/>\nPodrobneje o tem pi\u0161emo v zadnji \u0161tevilki NOVIC.<\/p>\n<p>&nbsp;<\/p>\n<p>&nbsp;<\/p>\n","protected":false},"excerpt":{"rendered":"<p>Posebne ambulante za osebe brez izbranega zdravnika v Slovenskih Konjicah za zdaj ne bodo vzpostavili, saj pravijo, da zdravniki niso pripravljeni prevzeti \u0161e dodatnih obremenitev. Ministrstvo za zdravje je tudi v konji\u0161kem zdravstvenem domu predvidelo vzpostavitev posebne ambulante za osebe, ki nimajo izbranega osebnega zdravnika. Zdravstveni delavci se bodo v delo teh ambulant vklju\u010devali prostovoljno, [&hellip;]<\/p>\n","protected":false},"author":12,"featured_media":97766,"comment_status":"closed","ping_status":"closed","sticky":false,"template":"","format":"standard","meta":{"footnotes":""},"categories":[14,868,16,141,3108],"tags":[],"class_list":{"0":"post-158991","1":"post","2":"type-post","3":"status-publish","4":"format-standard","5":"has-post-thumbnail","7":"category-aktualno","8":"category-casopisi","9":"category-konjisko","10":"category-novice","11":"category-radio-rogla"},"yoast_head":"<!-- This site is optimized with the Yoast SEO plugin v27.4 - https:\/\/yoast.com\/product\/yoast-seo-wordpress\/ -->\n<title>Ambulante za neopredeljene v Slovenskih Konjicah za zdaj ne bo - Novice.si<\/title>\n<meta name=\"robots\" content=\"index, follow, max-snippet:-1, max-image-preview:large, max-video-preview:-1\" \/>\n<link rel=\"canonical\" href=\"https:\/\/novice.si\/page\/ambulante-za-neopredeljene-v-slovenskih-konjicah-za-zdaj-ne-bo\/\" \/>\n<meta property=\"og:locale\" content=\"sl_SI\" \/>\n<meta property=\"og:type\" content=\"article\" \/>\n<meta property=\"og:title\" content=\"Ambulante za neopredeljene v Slovenskih Konjicah za zdaj ne bo - Novice.si\" \/>\n<meta property=\"og:description\" content=\"Posebne ambulante za osebe brez izbranega zdravnika v Slovenskih Konjicah za zdaj ne bodo vzpostavili, saj pravijo, da zdravniki niso pripravljeni prevzeti \u0161e dodatnih obremenitev. Ministrstvo za zdravje je tudi v konji\u0161kem zdravstvenem domu predvidelo vzpostavitev posebne ambulante za osebe, ki nimajo izbranega osebnega zdravnika. Zdravstveni delavci se bodo v delo teh ambulant vklju\u010devali prostovoljno, [&hellip;]\" \/>\n<meta property=\"og:url\" content=\"https:\/\/novice.si\/page\/ambulante-za-neopredeljene-v-slovenskih-konjicah-za-zdaj-ne-bo\/\" \/>\n<meta property=\"og:site_name\" content=\"Novice.si\" \/>\n<meta property=\"article:published_time\" content=\"2023-01-17T09:26:29+00:00\" \/>\n<meta property=\"article:modified_time\" content=\"2023-01-17T09:28:47+00:00\" \/>\n<meta property=\"og:image\" content=\"https:\/\/novice.si\/page\/wp-content\/uploads\/2019\/01\/zdravstveni-dom-konjice-2019_resize.jpg\" \/>\n\t<meta property=\"og:image:width\" content=\"800\" \/>\n\t<meta property=\"og:image:height\" content=\"533\" \/>\n\t<meta property=\"og:image:type\" content=\"image\/jpeg\" \/>\n<meta name=\"author\" content=\"Uredni\u0161tvo Celjana\" \/>\n<meta name=\"twitter:card\" content=\"summary_large_image\" \/>\n<meta name=\"twitter:label1\" content=\"Written by\" \/>\n\t<meta name=\"twitter:data1\" content=\"Uredni\u0161tvo Celjana\" \/>\n\t<meta name=\"twitter:label2\" content=\"Est. reading time\" \/>\n\t<meta name=\"twitter:data2\" content=\"2 minuti\" \/>\n<script type=\"application\/ld+json\" class=\"yoast-schema-graph\">{\"@context\":\"https:\\\/\\\/schema.org\",\"@graph\":[{\"@type\":\"Article\",\"@id\":\"https:\\\/\\\/novice.si\\\/page\\\/ambulante-za-neopredeljene-v-slovenskih-konjicah-za-zdaj-ne-bo\\\/#article\",\"isPartOf\":{\"@id\":\"https:\\\/\\\/novice.si\\\/page\\\/ambulante-za-neopredeljene-v-slovenskih-konjicah-za-zdaj-ne-bo\\\/\"},\"author\":{\"name\":\"Uredni\u0161tvo Celjana\",\"@id\":\"https:\\\/\\\/novice.si\\\/page\\\/#\\\/schema\\\/person\\\/51903923b50fefb075bc1cd24fe4d065\"},\"headline\":\"Ambulante za neopredeljene v Slovenskih Konjicah za zdaj ne bo\",\"datePublished\":\"2023-01-17T09:26:29+00:00\",\"dateModified\":\"2023-01-17T09:28:47+00:00\",\"mainEntityOfPage\":{\"@id\":\"https:\\\/\\\/novice.si\\\/page\\\/ambulante-za-neopredeljene-v-slovenskih-konjicah-za-zdaj-ne-bo\\\/\"},\"wordCount\":306,\"publisher\":{\"@id\":\"https:\\\/\\\/novice.si\\\/page\\\/#organization\"},\"image\":{\"@id\":\"https:\\\/\\\/novice.si\\\/page\\\/ambulante-za-neopredeljene-v-slovenskih-konjicah-za-zdaj-ne-bo\\\/#primaryimage\"},\"thumbnailUrl\":\"https:\\\/\\\/novice.si\\\/page\\\/wp-content\\\/uploads\\\/2019\\\/01\\\/zdravstveni-dom-konjice-2019_resize.jpg\",\"articleSection\":[\"Aktualno\",\"\u010casopisi\",\"Konji\u0161ko\",\"Novice\",\"Radio Rogla\"],\"inLanguage\":\"sl-SI\"},{\"@type\":\"WebPage\",\"@id\":\"https:\\\/\\\/novice.si\\\/page\\\/ambulante-za-neopredeljene-v-slovenskih-konjicah-za-zdaj-ne-bo\\\/\",\"url\":\"https:\\\/\\\/novice.si\\\/page\\\/ambulante-za-neopredeljene-v-slovenskih-konjicah-za-zdaj-ne-bo\\\/\",\"name\":\"Ambulante za neopredeljene v Slovenskih Konjicah za zdaj ne bo - Novice.si\",\"isPartOf\":{\"@id\":\"https:\\\/\\\/novice.si\\\/page\\\/#website\"},\"primaryImageOfPage\":{\"@id\":\"https:\\\/\\\/novice.si\\\/page\\\/ambulante-za-neopredeljene-v-slovenskih-konjicah-za-zdaj-ne-bo\\\/#primaryimage\"},\"image\":{\"@id\":\"https:\\\/\\\/novice.si\\\/page\\\/ambulante-za-neopredeljene-v-slovenskih-konjicah-za-zdaj-ne-bo\\\/#primaryimage\"},\"thumbnailUrl\":\"https:\\\/\\\/novice.si\\\/page\\\/wp-content\\\/uploads\\\/2019\\\/01\\\/zdravstveni-dom-konjice-2019_resize.jpg\",\"datePublished\":\"2023-01-17T09:26:29+00:00\",\"dateModified\":\"2023-01-17T09:28:47+00:00\",\"breadcrumb\":{\"@id\":\"https:\\\/\\\/novice.si\\\/page\\\/ambulante-za-neopredeljene-v-slovenskih-konjicah-za-zdaj-ne-bo\\\/#breadcrumb\"},\"inLanguage\":\"sl-SI\",\"potentialAction\":[{\"@type\":\"ReadAction\",\"target\":[\"https:\\\/\\\/novice.si\\\/page\\\/ambulante-za-neopredeljene-v-slovenskih-konjicah-za-zdaj-ne-bo\\\/\"]}]},{\"@type\":\"ImageObject\",\"inLanguage\":\"sl-SI\",\"@id\":\"https:\\\/\\\/novice.si\\\/page\\\/ambulante-za-neopredeljene-v-slovenskih-konjicah-za-zdaj-ne-bo\\\/#primaryimage\",\"url\":\"https:\\\/\\\/novice.si\\\/page\\\/wp-content\\\/uploads\\\/2019\\\/01\\\/zdravstveni-dom-konjice-2019_resize.jpg\",\"contentUrl\":\"https:\\\/\\\/novice.si\\\/page\\\/wp-content\\\/uploads\\\/2019\\\/01\\\/zdravstveni-dom-konjice-2019_resize.jpg\",\"width\":800,\"height\":533},{\"@type\":\"BreadcrumbList\",\"@id\":\"https:\\\/\\\/novice.si\\\/page\\\/ambulante-za-neopredeljene-v-slovenskih-konjicah-za-zdaj-ne-bo\\\/#breadcrumb\",\"itemListElement\":[{\"@type\":\"ListItem\",\"position\":1,\"name\":\"Home\",\"item\":\"https:\\\/\\\/novice.si\\\/page\\\/\"},{\"@type\":\"ListItem\",\"position\":2,\"name\":\"Ambulante za neopredeljene v Slovenskih Konjicah za zdaj ne bo\"}]},{\"@type\":\"WebSite\",\"@id\":\"https:\\\/\\\/novice.si\\\/page\\\/#website\",\"url\":\"https:\\\/\\\/novice.si\\\/page\\\/\",\"name\":\"Novice.si\",\"description\":\"\",\"publisher\":{\"@id\":\"https:\\\/\\\/novice.si\\\/page\\\/#organization\"},\"potentialAction\":[{\"@type\":\"SearchAction\",\"target\":{\"@type\":\"EntryPoint\",\"urlTemplate\":\"https:\\\/\\\/novice.si\\\/page\\\/?s={search_term_string}\"},\"query-input\":{\"@type\":\"PropertyValueSpecification\",\"valueRequired\":true,\"valueName\":\"search_term_string\"}}],\"inLanguage\":\"sl-SI\"},{\"@type\":\"Organization\",\"@id\":\"https:\\\/\\\/novice.si\\\/page\\\/#organization\",\"name\":\"Novice.si\",\"url\":\"https:\\\/\\\/novice.si\\\/page\\\/\",\"logo\":{\"@type\":\"ImageObject\",\"inLanguage\":\"sl-SI\",\"@id\":\"https:\\\/\\\/novice.si\\\/page\\\/#\\\/schema\\\/logo\\\/image\\\/\",\"url\":\"https:\\\/\\\/novice.si\\\/page\\\/wp-content\\\/uploads\\\/2023\\\/03\\\/novice_si.png\",\"contentUrl\":\"https:\\\/\\\/novice.si\\\/page\\\/wp-content\\\/uploads\\\/2023\\\/03\\\/novice_si.png\",\"width\":576,\"height\":200,\"caption\":\"Novice.si\"},\"image\":{\"@id\":\"https:\\\/\\\/novice.si\\\/page\\\/#\\\/schema\\\/logo\\\/image\\\/\"}},{\"@type\":\"Person\",\"@id\":\"https:\\\/\\\/novice.si\\\/page\\\/#\\\/schema\\\/person\\\/51903923b50fefb075bc1cd24fe4d065\",\"name\":\"Uredni\u0161tvo Celjana\",\"image\":{\"@type\":\"ImageObject\",\"inLanguage\":\"sl-SI\",\"@id\":\"https:\\\/\\\/secure.gravatar.com\\\/avatar\\\/b516f102aa90b53619e09722b8ea56721c99bfcb4f1035f9b333d99f52330226?s=96&d=mm&r=g\",\"url\":\"https:\\\/\\\/secure.gravatar.com\\\/avatar\\\/b516f102aa90b53619e09722b8ea56721c99bfcb4f1035f9b333d99f52330226?s=96&d=mm&r=g\",\"contentUrl\":\"https:\\\/\\\/secure.gravatar.com\\\/avatar\\\/b516f102aa90b53619e09722b8ea56721c99bfcb4f1035f9b333d99f52330226?s=96&d=mm&r=g\",\"caption\":\"Uredni\u0161tvo Celjana\"},\"url\":\"https:\\\/\\\/novice.si\\\/page\\\/author\\\/nejc\\\/\"}]}<\/script>\n<!-- \/ Yoast SEO plugin. -->","yoast_head_json":{"title":"Ambulante za neopredeljene v Slovenskih Konjicah za zdaj ne bo - Novice.si","robots":{"index":"index","follow":"follow","max-snippet":"max-snippet:-1","max-image-preview":"max-image-preview:large","max-video-preview":"max-video-preview:-1"},"canonical":"https:\/\/novice.si\/page\/ambulante-za-neopredeljene-v-slovenskih-konjicah-za-zdaj-ne-bo\/","og_locale":"sl_SI","og_type":"article","og_title":"Ambulante za neopredeljene v Slovenskih Konjicah za zdaj ne bo - Novice.si","og_description":"Posebne ambulante za osebe brez izbranega zdravnika v Slovenskih Konjicah za zdaj ne bodo vzpostavili, saj pravijo, da zdravniki niso pripravljeni prevzeti \u0161e dodatnih obremenitev. Ministrstvo za zdravje je tudi v konji\u0161kem zdravstvenem domu predvidelo vzpostavitev posebne ambulante za osebe, ki nimajo izbranega osebnega zdravnika. Zdravstveni delavci se bodo v delo teh ambulant vklju\u010devali prostovoljno, [&hellip;]","og_url":"https:\/\/novice.si\/page\/ambulante-za-neopredeljene-v-slovenskih-konjicah-za-zdaj-ne-bo\/","og_site_name":"Novice.si","article_published_time":"2023-01-17T09:26:29+00:00","article_modified_time":"2023-01-17T09:28:47+00:00","og_image":[{"width":800,"height":533,"url":"https:\/\/novice.si\/page\/wp-content\/uploads\/2019\/01\/zdravstveni-dom-konjice-2019_resize.jpg","type":"image\/jpeg"}],"author":"Uredni\u0161tvo Celjana","twitter_card":"summary_large_image","twitter_misc":{"Written by":"Uredni\u0161tvo Celjana","Est. reading time":"2 minuti"},"schema":{"@context":"https:\/\/schema.org","@graph":[{"@type":"Article","@id":"https:\/\/novice.si\/page\/ambulante-za-neopredeljene-v-slovenskih-konjicah-za-zdaj-ne-bo\/#article","isPartOf":{"@id":"https:\/\/novice.si\/page\/ambulante-za-neopredeljene-v-slovenskih-konjicah-za-zdaj-ne-bo\/"},"author":{"name":"Uredni\u0161tvo Celjana","@id":"https:\/\/novice.si\/page\/#\/schema\/person\/51903923b50fefb075bc1cd24fe4d065"},"headline":"Ambulante za neopredeljene v Slovenskih Konjicah za zdaj ne bo","datePublished":"2023-01-17T09:26:29+00:00","dateModified":"2023-01-17T09:28:47+00:00","mainEntityOfPage":{"@id":"https:\/\/novice.si\/page\/ambulante-za-neopredeljene-v-slovenskih-konjicah-za-zdaj-ne-bo\/"},"wordCount":306,"publisher":{"@id":"https:\/\/novice.si\/page\/#organization"},"image":{"@id":"https:\/\/novice.si\/page\/ambulante-za-neopredeljene-v-slovenskih-konjicah-za-zdaj-ne-bo\/#primaryimage"},"thumbnailUrl":"https:\/\/novice.si\/page\/wp-content\/uploads\/2019\/01\/zdravstveni-dom-konjice-2019_resize.jpg","articleSection":["Aktualno","\u010casopisi","Konji\u0161ko","Novice","Radio Rogla"],"inLanguage":"sl-SI"},{"@type":"WebPage","@id":"https:\/\/novice.si\/page\/ambulante-za-neopredeljene-v-slovenskih-konjicah-za-zdaj-ne-bo\/","url":"https:\/\/novice.si\/page\/ambulante-za-neopredeljene-v-slovenskih-konjicah-za-zdaj-ne-bo\/","name":"Ambulante za neopredeljene v Slovenskih Konjicah za zdaj ne bo - Novice.si","isPartOf":{"@id":"https:\/\/novice.si\/page\/#website"},"primaryImageOfPage":{"@id":"https:\/\/novice.si\/page\/ambulante-za-neopredeljene-v-slovenskih-konjicah-za-zdaj-ne-bo\/#primaryimage"},"image":{"@id":"https:\/\/novice.si\/page\/ambulante-za-neopredeljene-v-slovenskih-konjicah-za-zdaj-ne-bo\/#primaryimage"},"thumbnailUrl":"https:\/\/novice.si\/page\/wp-content\/uploads\/2019\/01\/zdravstveni-dom-konjice-2019_resize.jpg","datePublished":"2023-01-17T09:26:29+00:00","dateModified":"2023-01-17T09:28:47+00:00","breadcrumb":{"@id":"https:\/\/novice.si\/page\/ambulante-za-neopredeljene-v-slovenskih-konjicah-za-zdaj-ne-bo\/#breadcrumb"},"inLanguage":"sl-SI","potentialAction":[{"@type":"ReadAction","target":["https:\/\/novice.si\/page\/ambulante-za-neopredeljene-v-slovenskih-konjicah-za-zdaj-ne-bo\/"]}]},{"@type":"ImageObject","inLanguage":"sl-SI","@id":"https:\/\/novice.si\/page\/ambulante-za-neopredeljene-v-slovenskih-konjicah-za-zdaj-ne-bo\/#primaryimage","url":"https:\/\/novice.si\/page\/wp-content\/uploads\/2019\/01\/zdravstveni-dom-konjice-2019_resize.jpg","contentUrl":"https:\/\/novice.si\/page\/wp-content\/uploads\/2019\/01\/zdravstveni-dom-konjice-2019_resize.jpg","width":800,"height":533},{"@type":"BreadcrumbList","@id":"https:\/\/novice.si\/page\/ambulante-za-neopredeljene-v-slovenskih-konjicah-za-zdaj-ne-bo\/#breadcrumb","itemListElement":[{"@type":"ListItem","position":1,"name":"Home","item":"https:\/\/novice.si\/page\/"},{"@type":"ListItem","position":2,"name":"Ambulante za neopredeljene v Slovenskih Konjicah za zdaj ne bo"}]},{"@type":"WebSite","@id":"https:\/\/novice.si\/page\/#website","url":"https:\/\/novice.si\/page\/","name":"Novice.si","description":"","publisher":{"@id":"https:\/\/novice.si\/page\/#organization"},"potentialAction":[{"@type":"SearchAction","target":{"@type":"EntryPoint","urlTemplate":"https:\/\/novice.si\/page\/?s={search_term_string}"},"query-input":{"@type":"PropertyValueSpecification","valueRequired":true,"valueName":"search_term_string"}}],"inLanguage":"sl-SI"},{"@type":"Organization","@id":"https:\/\/novice.si\/page\/#organization","name":"Novice.si","url":"https:\/\/novice.si\/page\/","logo":{"@type":"ImageObject","inLanguage":"sl-SI","@id":"https:\/\/novice.si\/page\/#\/schema\/logo\/image\/","url":"https:\/\/novice.si\/page\/wp-content\/uploads\/2023\/03\/novice_si.png","contentUrl":"https:\/\/novice.si\/page\/wp-content\/uploads\/2023\/03\/novice_si.png","width":576,"height":200,"caption":"Novice.si"},"image":{"@id":"https:\/\/novice.si\/page\/#\/schema\/logo\/image\/"}},{"@type":"Person","@id":"https:\/\/novice.si\/page\/#\/schema\/person\/51903923b50fefb075bc1cd24fe4d065","name":"Uredni\u0161tvo Celjana","image":{"@type":"ImageObject","inLanguage":"sl-SI","@id":"https:\/\/secure.gravatar.com\/avatar\/b516f102aa90b53619e09722b8ea56721c99bfcb4f1035f9b333d99f52330226?s=96&d=mm&r=g","url":"https:\/\/secure.gravatar.com\/avatar\/b516f102aa90b53619e09722b8ea56721c99bfcb4f1035f9b333d99f52330226?s=96&d=mm&r=g","contentUrl":"https:\/\/secure.gravatar.com\/avatar\/b516f102aa90b53619e09722b8ea56721c99bfcb4f1035f9b333d99f52330226?s=96&d=mm&r=g","caption":"Uredni\u0161tvo Celjana"},"url":"https:\/\/novice.si\/page\/author\/nejc\/"}]}},"_links":{"self":[{"href":"https:\/\/novice.si\/page\/wp-json\/wp\/v2\/posts\/158991","targetHints":{"allow":["GET"]}}],"collection":[{"href":"https:\/\/novice.si\/page\/wp-json\/wp\/v2\/posts"}],"about":[{"href":"https:\/\/novice.si\/page\/wp-json\/wp\/v2\/types\/post"}],"author":[{"embeddable":true,"href":"https:\/\/novice.si\/page\/wp-json\/wp\/v2\/users\/12"}],"replies":[{"embeddable":true,"href":"https:\/\/novice.si\/page\/wp-json\/wp\/v2\/comments?post=158991"}],"version-history":[{"count":2,"href":"https:\/\/novice.si\/page\/wp-json\/wp\/v2\/posts\/158991\/revisions"}],"predecessor-version":[{"id":158995,"href":"https:\/\/novice.si\/page\/wp-json\/wp\/v2\/posts\/158991\/revisions\/158995"}],"wp:featuredmedia":[{"embeddable":true,"href":"https:\/\/novice.si\/page\/wp-json\/wp\/v2\/media\/97766"}],"wp:attachment":[{"href":"https:\/\/novice.si\/page\/wp-json\/wp\/v2\/media?parent=158991"}],"wp:term":[{"taxonomy":"category","embeddable":true,"href":"https:\/\/novice.si\/page\/wp-json\/wp\/v2\/categories?post=158991"},{"taxonomy":"post_tag","embeddable":true,"href":"https:\/\/novice.si\/page\/wp-json\/wp\/v2\/tags?post=158991"}],"curies":[{"name":"wp","href":"https:\/\/api.w.org\/{rel}","templated":true}]}}