{"id":158982,"date":"2023-01-16T20:39:21","date_gmt":"2023-01-16T19:39:21","guid":{"rendered":"https:\/\/novice.si\/page\/?p=158982"},"modified":"2023-01-16T20:39:21","modified_gmt":"2023-01-16T19:39:21","slug":"celje-slovenske-konjice-dodatne-price-na-sojenju-strasku","status":"publish","type":"post","link":"https:\/\/novice.si\/page\/celje-slovenske-konjice-dodatne-price-na-sojenju-strasku\/","title":{"rendered":"CELJE, SLOVENSKE KONJICE Dodatne pri\u010de na sojenju Stra\u0161ku"},"content":{"rendered":"<p>Sodi\u0161\u010de v Celju je zaradi ve\u010d kot \u0161estmese\u010dne prekinitve danes formalno znova za\u010delo sojenje Konji\u010danu <strong>Andreju Stra\u0161ku<\/strong> v zadevi Krolid, kjer se prav tako zagovarja zaradi poslovne goljufije.<\/p>\n<p>Stra\u0161ka je zato\u017eno klop posadil <strong>Zdravko Podolski<\/strong>, lastnik dru\u017ebe Krolid, ki je nekdanjemu Mesarst<a href=\"https:\/\/novice.si\/page\/wp-content\/uploads\/2023\/01\/Strasek-jan23-1-scaled.jpg\" data-gallery><img loading=\"lazy\" decoding=\"async\" class=\"size-medium wp-image-158983 alignleft\" src=\"https:\/\/novice.si\/page\/wp-content\/uploads\/2023\/01\/Strasek-jan23-1-300x225.jpg\" alt=\"\" width=\"300\" height=\"225\" srcset=\"https:\/\/novice.si\/page\/wp-content\/uploads\/2023\/01\/Strasek-jan23-1-300x225.jpg 300w, https:\/\/novice.si\/page\/wp-content\/uploads\/2023\/01\/Strasek-jan23-1-1024x768.jpg 1024w, https:\/\/novice.si\/page\/wp-content\/uploads\/2023\/01\/Strasek-jan23-1-768x576.jpg 768w, https:\/\/novice.si\/page\/wp-content\/uploads\/2023\/01\/Strasek-jan23-1-1536x1152.jpg 1536w, https:\/\/novice.si\/page\/wp-content\/uploads\/2023\/01\/Strasek-jan23-1-2048x1536.jpg 2048w, https:\/\/novice.si\/page\/wp-content\/uploads\/2023\/01\/Strasek-jan23-1-80x60.jpg 80w, https:\/\/novice.si\/page\/wp-content\/uploads\/2023\/01\/Strasek-jan23-1-265x198.jpg 265w, https:\/\/novice.si\/page\/wp-content\/uploads\/2023\/01\/Strasek-jan23-1-696x522.jpg 696w, https:\/\/novice.si\/page\/wp-content\/uploads\/2023\/01\/Strasek-jan23-1-1068x801.jpg 1068w, https:\/\/novice.si\/page\/wp-content\/uploads\/2023\/01\/Strasek-jan23-1-560x420.jpg 560w, https:\/\/novice.si\/page\/wp-content\/uploads\/2023\/01\/Strasek-jan23-1-24x18.jpg 24w, https:\/\/novice.si\/page\/wp-content\/uploads\/2023\/01\/Strasek-jan23-1-36x27.jpg 36w, https:\/\/novice.si\/page\/wp-content\/uploads\/2023\/01\/Strasek-jan23-1-48x36.jpg 48w\" sizes=\"auto, (max-width: 300px) 100vw, 300px\" \/><\/a>vu Stra\u0161ek pred \u0161estimi leti dobavilo komoro za su\u0161enje mesa, obto\u017eeni pa je kot odgovorna oseba ostal dol\u017ean \u0161tiri tiso\u010dake.<\/p>\n<p>Stra\u0161ek se brani, da bi znesek sicer poravnal, vendar mu dobavitelj ni \u017eelel izstaviti ra\u010duna na celotni znesek 13 tiso\u010dakov, devet tiso\u010d evrov pa so mu Konji\u010dani \u017ee pla\u010dali z gotovinskim avansom. Tega je na sede\u017e podjetja v Kri\u017eevce odnesel Stra\u0161kov zagreb\u0161ki poslovni partner in prijatelj Podolskega <strong>Spomenko Duvnjak<\/strong>. V Celju naj bi pri\u010dal konec februarja in pomagal razjasniti navedbe naro\u010dnika in dobavitelja, ki se povsem razlikujejo.<\/p>\n<p>Stra\u0161ek \u0161e dodaja, da so gotovino za komoro vzeli iz ban\u010dnega ra\u010duna podjetja, saj so pri\u010dakovali normalen posel, zaradi dviga pa so jih po strani gledali bankirji, ki so nadzorovali poslovanje mesarjev iz Dobrne\u017ea.<\/p>\n<p>P\u0160<\/p>\n","protected":false},"excerpt":{"rendered":"<p>Sodi\u0161\u010de v Celju je zaradi ve\u010d kot \u0161estmese\u010dne prekinitve danes formalno znova za\u010delo sojenje Konji\u010danu Andreju Stra\u0161ku v zadevi Krolid, kjer se prav tako zagovarja zaradi poslovne goljufije. Stra\u0161ka je zato\u017eno klop posadil Zdravko Podolski, lastnik dru\u017ebe Krolid, ki je nekdanjemu Mesarstvu Stra\u0161ek pred \u0161estimi leti dobavilo komoro za su\u0161enje mesa, obto\u017eeni pa je kot [&hellip;]<\/p>\n","protected":false},"author":33,"featured_media":158984,"comment_status":"closed","ping_status":"closed","sticky":false,"template":"","format":"standard","meta":{"footnotes":""},"categories":[14,17,16,29],"tags":[9729,15339,4579,356,16865,15340],"class_list":{"0":"post-158982","1":"post","2":"type-post","3":"status-publish","4":"format-standard","5":"has-post-thumbnail","7":"category-aktualno","8":"category-celjsko","9":"category-konjisko","10":"category-kronika","11":"tag-andrej-strasek","12":"tag-krolid","13":"tag-mesarstvo-strasek","14":"tag-sojenje","15":"tag-spomenko-duvnjak","16":"tag-zdravko-podolski"},"yoast_head":"<!-- This site is optimized with the Yoast SEO plugin v27.4 - https:\/\/yoast.com\/product\/yoast-seo-wordpress\/ -->\n<title>CELJE, SLOVENSKE KONJICE Dodatne pri\u010de na sojenju Stra\u0161ku - Novice.si<\/title>\n<meta name=\"robots\" content=\"index, follow, max-snippet:-1, max-image-preview:large, max-video-preview:-1\" \/>\n<link rel=\"canonical\" href=\"https:\/\/novice.si\/page\/celje-slovenske-konjice-dodatne-price-na-sojenju-strasku\/\" \/>\n<meta property=\"og:locale\" content=\"sl_SI\" \/>\n<meta property=\"og:type\" content=\"article\" \/>\n<meta property=\"og:title\" content=\"CELJE, SLOVENSKE KONJICE Dodatne pri\u010de na sojenju Stra\u0161ku - Novice.si\" \/>\n<meta property=\"og:description\" content=\"Sodi\u0161\u010de v Celju je zaradi ve\u010d kot \u0161estmese\u010dne prekinitve danes formalno znova za\u010delo sojenje Konji\u010danu Andreju Stra\u0161ku v zadevi Krolid, kjer se prav tako zagovarja zaradi poslovne goljufije. Stra\u0161ka je zato\u017eno klop posadil Zdravko Podolski, lastnik dru\u017ebe Krolid, ki je nekdanjemu Mesarstvu Stra\u0161ek pred \u0161estimi leti dobavilo komoro za su\u0161enje mesa, obto\u017eeni pa je kot [&hellip;]\" \/>\n<meta property=\"og:url\" content=\"https:\/\/novice.si\/page\/celje-slovenske-konjice-dodatne-price-na-sojenju-strasku\/\" \/>\n<meta property=\"og:site_name\" content=\"Novice.si\" \/>\n<meta property=\"article:published_time\" content=\"2023-01-16T19:39:21+00:00\" \/>\n<meta property=\"og:image\" content=\"https:\/\/novice.si\/page\/wp-content\/uploads\/2023\/01\/Strasek-jan23-2-scaled.jpg\" \/>\n\t<meta property=\"og:image:width\" content=\"2560\" \/>\n\t<meta property=\"og:image:height\" content=\"1920\" \/>\n\t<meta property=\"og:image:type\" content=\"image\/jpeg\" \/>\n<meta name=\"author\" content=\"Uredni\u0161tvo Celjana\" \/>\n<meta name=\"twitter:card\" content=\"summary_large_image\" \/>\n<meta name=\"twitter:label1\" content=\"Written by\" \/>\n\t<meta name=\"twitter:data1\" content=\"Uredni\u0161tvo Celjana\" \/>\n\t<meta name=\"twitter:label2\" content=\"Est. reading time\" \/>\n\t<meta name=\"twitter:data2\" content=\"2 minuti\" \/>\n<script type=\"application\/ld+json\" class=\"yoast-schema-graph\">{\"@context\":\"https:\\\/\\\/schema.org\",\"@graph\":[{\"@type\":\"Article\",\"@id\":\"https:\\\/\\\/novice.si\\\/page\\\/celje-slovenske-konjice-dodatne-price-na-sojenju-strasku\\\/#article\",\"isPartOf\":{\"@id\":\"https:\\\/\\\/novice.si\\\/page\\\/celje-slovenske-konjice-dodatne-price-na-sojenju-strasku\\\/\"},\"author\":{\"name\":\"Uredni\u0161tvo Celjana\",\"@id\":\"https:\\\/\\\/novice.si\\\/page\\\/#\\\/schema\\\/person\\\/57f25c9642a9541c7349c65d32032c3e\"},\"headline\":\"CELJE, SLOVENSKE KONJICE Dodatne pri\u010de na sojenju Stra\u0161ku\",\"datePublished\":\"2023-01-16T19:39:21+00:00\",\"mainEntityOfPage\":{\"@id\":\"https:\\\/\\\/novice.si\\\/page\\\/celje-slovenske-konjice-dodatne-price-na-sojenju-strasku\\\/\"},\"wordCount\":201,\"publisher\":{\"@id\":\"https:\\\/\\\/novice.si\\\/page\\\/#organization\"},\"image\":{\"@id\":\"https:\\\/\\\/novice.si\\\/page\\\/celje-slovenske-konjice-dodatne-price-na-sojenju-strasku\\\/#primaryimage\"},\"thumbnailUrl\":\"https:\\\/\\\/novice.si\\\/page\\\/wp-content\\\/uploads\\\/2023\\\/01\\\/Strasek-jan23-2-scaled.jpg\",\"keywords\":[\"andrej stra\u0161ek\",\"Krolid\",\"mesarstvo stra\u0161ek\",\"sojenje\",\"spomenko duvnjak\",\"zdravko podolski\"],\"articleSection\":[\"Aktualno\",\"Celjsko\",\"Konji\u0161ko\",\"Kronika\"],\"inLanguage\":\"sl-SI\"},{\"@type\":\"WebPage\",\"@id\":\"https:\\\/\\\/novice.si\\\/page\\\/celje-slovenske-konjice-dodatne-price-na-sojenju-strasku\\\/\",\"url\":\"https:\\\/\\\/novice.si\\\/page\\\/celje-slovenske-konjice-dodatne-price-na-sojenju-strasku\\\/\",\"name\":\"CELJE, SLOVENSKE KONJICE Dodatne pri\u010de na sojenju Stra\u0161ku - Novice.si\",\"isPartOf\":{\"@id\":\"https:\\\/\\\/novice.si\\\/page\\\/#website\"},\"primaryImageOfPage\":{\"@id\":\"https:\\\/\\\/novice.si\\\/page\\\/celje-slovenske-konjice-dodatne-price-na-sojenju-strasku\\\/#primaryimage\"},\"image\":{\"@id\":\"https:\\\/\\\/novice.si\\\/page\\\/celje-slovenske-konjice-dodatne-price-na-sojenju-strasku\\\/#primaryimage\"},\"thumbnailUrl\":\"https:\\\/\\\/novice.si\\\/page\\\/wp-content\\\/uploads\\\/2023\\\/01\\\/Strasek-jan23-2-scaled.jpg\",\"datePublished\":\"2023-01-16T19:39:21+00:00\",\"breadcrumb\":{\"@id\":\"https:\\\/\\\/novice.si\\\/page\\\/celje-slovenske-konjice-dodatne-price-na-sojenju-strasku\\\/#breadcrumb\"},\"inLanguage\":\"sl-SI\",\"potentialAction\":[{\"@type\":\"ReadAction\",\"target\":[\"https:\\\/\\\/novice.si\\\/page\\\/celje-slovenske-konjice-dodatne-price-na-sojenju-strasku\\\/\"]}]},{\"@type\":\"ImageObject\",\"inLanguage\":\"sl-SI\",\"@id\":\"https:\\\/\\\/novice.si\\\/page\\\/celje-slovenske-konjice-dodatne-price-na-sojenju-strasku\\\/#primaryimage\",\"url\":\"https:\\\/\\\/novice.si\\\/page\\\/wp-content\\\/uploads\\\/2023\\\/01\\\/Strasek-jan23-2-scaled.jpg\",\"contentUrl\":\"https:\\\/\\\/novice.si\\\/page\\\/wp-content\\\/uploads\\\/2023\\\/01\\\/Strasek-jan23-2-scaled.jpg\",\"width\":2560,\"height\":1920},{\"@type\":\"BreadcrumbList\",\"@id\":\"https:\\\/\\\/novice.si\\\/page\\\/celje-slovenske-konjice-dodatne-price-na-sojenju-strasku\\\/#breadcrumb\",\"itemListElement\":[{\"@type\":\"ListItem\",\"position\":1,\"name\":\"Home\",\"item\":\"https:\\\/\\\/novice.si\\\/page\\\/\"},{\"@type\":\"ListItem\",\"position\":2,\"name\":\"CELJE, SLOVENSKE KONJICE Dodatne pri\u010de na sojenju Stra\u0161ku\"}]},{\"@type\":\"WebSite\",\"@id\":\"https:\\\/\\\/novice.si\\\/page\\\/#website\",\"url\":\"https:\\\/\\\/novice.si\\\/page\\\/\",\"name\":\"Novice.si\",\"description\":\"\",\"publisher\":{\"@id\":\"https:\\\/\\\/novice.si\\\/page\\\/#organization\"},\"potentialAction\":[{\"@type\":\"SearchAction\",\"target\":{\"@type\":\"EntryPoint\",\"urlTemplate\":\"https:\\\/\\\/novice.si\\\/page\\\/?s={search_term_string}\"},\"query-input\":{\"@type\":\"PropertyValueSpecification\",\"valueRequired\":true,\"valueName\":\"search_term_string\"}}],\"inLanguage\":\"sl-SI\"},{\"@type\":\"Organization\",\"@id\":\"https:\\\/\\\/novice.si\\\/page\\\/#organization\",\"name\":\"Novice.si\",\"url\":\"https:\\\/\\\/novice.si\\\/page\\\/\",\"logo\":{\"@type\":\"ImageObject\",\"inLanguage\":\"sl-SI\",\"@id\":\"https:\\\/\\\/novice.si\\\/page\\\/#\\\/schema\\\/logo\\\/image\\\/\",\"url\":\"https:\\\/\\\/novice.si\\\/page\\\/wp-content\\\/uploads\\\/2023\\\/03\\\/novice_si.png\",\"contentUrl\":\"https:\\\/\\\/novice.si\\\/page\\\/wp-content\\\/uploads\\\/2023\\\/03\\\/novice_si.png\",\"width\":576,\"height\":200,\"caption\":\"Novice.si\"},\"image\":{\"@id\":\"https:\\\/\\\/novice.si\\\/page\\\/#\\\/schema\\\/logo\\\/image\\\/\"}},{\"@type\":\"Person\",\"@id\":\"https:\\\/\\\/novice.si\\\/page\\\/#\\\/schema\\\/person\\\/57f25c9642a9541c7349c65d32032c3e\",\"name\":\"Uredni\u0161tvo Celjana\",\"image\":{\"@type\":\"ImageObject\",\"inLanguage\":\"sl-SI\",\"@id\":\"https:\\\/\\\/secure.gravatar.com\\\/avatar\\\/78e52bc4279b65f6df6345e0ef0f7b792d361361f230cf4ffecfe0afe6d5629c?s=96&d=mm&r=g\",\"url\":\"https:\\\/\\\/secure.gravatar.com\\\/avatar\\\/78e52bc4279b65f6df6345e0ef0f7b792d361361f230cf4ffecfe0afe6d5629c?s=96&d=mm&r=g\",\"contentUrl\":\"https:\\\/\\\/secure.gravatar.com\\\/avatar\\\/78e52bc4279b65f6df6345e0ef0f7b792d361361f230cf4ffecfe0afe6d5629c?s=96&d=mm&r=g\",\"caption\":\"Uredni\u0161tvo Celjana\"},\"url\":\"https:\\\/\\\/novice.si\\\/page\\\/author\\\/primoz\\\/\"}]}<\/script>\n<!-- \/ Yoast SEO plugin. -->","yoast_head_json":{"title":"CELJE, SLOVENSKE KONJICE Dodatne pri\u010de na sojenju Stra\u0161ku - Novice.si","robots":{"index":"index","follow":"follow","max-snippet":"max-snippet:-1","max-image-preview":"max-image-preview:large","max-video-preview":"max-video-preview:-1"},"canonical":"https:\/\/novice.si\/page\/celje-slovenske-konjice-dodatne-price-na-sojenju-strasku\/","og_locale":"sl_SI","og_type":"article","og_title":"CELJE, SLOVENSKE KONJICE Dodatne pri\u010de na sojenju Stra\u0161ku - Novice.si","og_description":"Sodi\u0161\u010de v Celju je zaradi ve\u010d kot \u0161estmese\u010dne prekinitve danes formalno znova za\u010delo sojenje Konji\u010danu Andreju Stra\u0161ku v zadevi Krolid, kjer se prav tako zagovarja zaradi poslovne goljufije. Stra\u0161ka je zato\u017eno klop posadil Zdravko Podolski, lastnik dru\u017ebe Krolid, ki je nekdanjemu Mesarstvu Stra\u0161ek pred \u0161estimi leti dobavilo komoro za su\u0161enje mesa, obto\u017eeni pa je kot [&hellip;]","og_url":"https:\/\/novice.si\/page\/celje-slovenske-konjice-dodatne-price-na-sojenju-strasku\/","og_site_name":"Novice.si","article_published_time":"2023-01-16T19:39:21+00:00","og_image":[{"width":2560,"height":1920,"url":"https:\/\/novice.si\/page\/wp-content\/uploads\/2023\/01\/Strasek-jan23-2-scaled.jpg","type":"image\/jpeg"}],"author":"Uredni\u0161tvo Celjana","twitter_card":"summary_large_image","twitter_misc":{"Written by":"Uredni\u0161tvo Celjana","Est. reading time":"2 minuti"},"schema":{"@context":"https:\/\/schema.org","@graph":[{"@type":"Article","@id":"https:\/\/novice.si\/page\/celje-slovenske-konjice-dodatne-price-na-sojenju-strasku\/#article","isPartOf":{"@id":"https:\/\/novice.si\/page\/celje-slovenske-konjice-dodatne-price-na-sojenju-strasku\/"},"author":{"name":"Uredni\u0161tvo Celjana","@id":"https:\/\/novice.si\/page\/#\/schema\/person\/57f25c9642a9541c7349c65d32032c3e"},"headline":"CELJE, SLOVENSKE KONJICE Dodatne pri\u010de na sojenju Stra\u0161ku","datePublished":"2023-01-16T19:39:21+00:00","mainEntityOfPage":{"@id":"https:\/\/novice.si\/page\/celje-slovenske-konjice-dodatne-price-na-sojenju-strasku\/"},"wordCount":201,"publisher":{"@id":"https:\/\/novice.si\/page\/#organization"},"image":{"@id":"https:\/\/novice.si\/page\/celje-slovenske-konjice-dodatne-price-na-sojenju-strasku\/#primaryimage"},"thumbnailUrl":"https:\/\/novice.si\/page\/wp-content\/uploads\/2023\/01\/Strasek-jan23-2-scaled.jpg","keywords":["andrej stra\u0161ek","Krolid","mesarstvo stra\u0161ek","sojenje","spomenko duvnjak","zdravko podolski"],"articleSection":["Aktualno","Celjsko","Konji\u0161ko","Kronika"],"inLanguage":"sl-SI"},{"@type":"WebPage","@id":"https:\/\/novice.si\/page\/celje-slovenske-konjice-dodatne-price-na-sojenju-strasku\/","url":"https:\/\/novice.si\/page\/celje-slovenske-konjice-dodatne-price-na-sojenju-strasku\/","name":"CELJE, SLOVENSKE KONJICE Dodatne pri\u010de na sojenju Stra\u0161ku - Novice.si","isPartOf":{"@id":"https:\/\/novice.si\/page\/#website"},"primaryImageOfPage":{"@id":"https:\/\/novice.si\/page\/celje-slovenske-konjice-dodatne-price-na-sojenju-strasku\/#primaryimage"},"image":{"@id":"https:\/\/novice.si\/page\/celje-slovenske-konjice-dodatne-price-na-sojenju-strasku\/#primaryimage"},"thumbnailUrl":"https:\/\/novice.si\/page\/wp-content\/uploads\/2023\/01\/Strasek-jan23-2-scaled.jpg","datePublished":"2023-01-16T19:39:21+00:00","breadcrumb":{"@id":"https:\/\/novice.si\/page\/celje-slovenske-konjice-dodatne-price-na-sojenju-strasku\/#breadcrumb"},"inLanguage":"sl-SI","potentialAction":[{"@type":"ReadAction","target":["https:\/\/novice.si\/page\/celje-slovenske-konjice-dodatne-price-na-sojenju-strasku\/"]}]},{"@type":"ImageObject","inLanguage":"sl-SI","@id":"https:\/\/novice.si\/page\/celje-slovenske-konjice-dodatne-price-na-sojenju-strasku\/#primaryimage","url":"https:\/\/novice.si\/page\/wp-content\/uploads\/2023\/01\/Strasek-jan23-2-scaled.jpg","contentUrl":"https:\/\/novice.si\/page\/wp-content\/uploads\/2023\/01\/Strasek-jan23-2-scaled.jpg","width":2560,"height":1920},{"@type":"BreadcrumbList","@id":"https:\/\/novice.si\/page\/celje-slovenske-konjice-dodatne-price-na-sojenju-strasku\/#breadcrumb","itemListElement":[{"@type":"ListItem","position":1,"name":"Home","item":"https:\/\/novice.si\/page\/"},{"@type":"ListItem","position":2,"name":"CELJE, SLOVENSKE KONJICE Dodatne pri\u010de na sojenju Stra\u0161ku"}]},{"@type":"WebSite","@id":"https:\/\/novice.si\/page\/#website","url":"https:\/\/novice.si\/page\/","name":"Novice.si","description":"","publisher":{"@id":"https:\/\/novice.si\/page\/#organization"},"potentialAction":[{"@type":"SearchAction","target":{"@type":"EntryPoint","urlTemplate":"https:\/\/novice.si\/page\/?s={search_term_string}"},"query-input":{"@type":"PropertyValueSpecification","valueRequired":true,"valueName":"search_term_string"}}],"inLanguage":"sl-SI"},{"@type":"Organization","@id":"https:\/\/novice.si\/page\/#organization","name":"Novice.si","url":"https:\/\/novice.si\/page\/","logo":{"@type":"ImageObject","inLanguage":"sl-SI","@id":"https:\/\/novice.si\/page\/#\/schema\/logo\/image\/","url":"https:\/\/novice.si\/page\/wp-content\/uploads\/2023\/03\/novice_si.png","contentUrl":"https:\/\/novice.si\/page\/wp-content\/uploads\/2023\/03\/novice_si.png","width":576,"height":200,"caption":"Novice.si"},"image":{"@id":"https:\/\/novice.si\/page\/#\/schema\/logo\/image\/"}},{"@type":"Person","@id":"https:\/\/novice.si\/page\/#\/schema\/person\/57f25c9642a9541c7349c65d32032c3e","name":"Uredni\u0161tvo Celjana","image":{"@type":"ImageObject","inLanguage":"sl-SI","@id":"https:\/\/secure.gravatar.com\/avatar\/78e52bc4279b65f6df6345e0ef0f7b792d361361f230cf4ffecfe0afe6d5629c?s=96&d=mm&r=g","url":"https:\/\/secure.gravatar.com\/avatar\/78e52bc4279b65f6df6345e0ef0f7b792d361361f230cf4ffecfe0afe6d5629c?s=96&d=mm&r=g","contentUrl":"https:\/\/secure.gravatar.com\/avatar\/78e52bc4279b65f6df6345e0ef0f7b792d361361f230cf4ffecfe0afe6d5629c?s=96&d=mm&r=g","caption":"Uredni\u0161tvo Celjana"},"url":"https:\/\/novice.si\/page\/author\/primoz\/"}]}},"_links":{"self":[{"href":"https:\/\/novice.si\/page\/wp-json\/wp\/v2\/posts\/158982","targetHints":{"allow":["GET"]}}],"collection":[{"href":"https:\/\/novice.si\/page\/wp-json\/wp\/v2\/posts"}],"about":[{"href":"https:\/\/novice.si\/page\/wp-json\/wp\/v2\/types\/post"}],"author":[{"embeddable":true,"href":"https:\/\/novice.si\/page\/wp-json\/wp\/v2\/users\/33"}],"replies":[{"embeddable":true,"href":"https:\/\/novice.si\/page\/wp-json\/wp\/v2\/comments?post=158982"}],"version-history":[{"count":1,"href":"https:\/\/novice.si\/page\/wp-json\/wp\/v2\/posts\/158982\/revisions"}],"predecessor-version":[{"id":158986,"href":"https:\/\/novice.si\/page\/wp-json\/wp\/v2\/posts\/158982\/revisions\/158986"}],"wp:featuredmedia":[{"embeddable":true,"href":"https:\/\/novice.si\/page\/wp-json\/wp\/v2\/media\/158984"}],"wp:attachment":[{"href":"https:\/\/novice.si\/page\/wp-json\/wp\/v2\/media?parent=158982"}],"wp:term":[{"taxonomy":"category","embeddable":true,"href":"https:\/\/novice.si\/page\/wp-json\/wp\/v2\/categories?post=158982"},{"taxonomy":"post_tag","embeddable":true,"href":"https:\/\/novice.si\/page\/wp-json\/wp\/v2\/tags?post=158982"}],"curies":[{"name":"wp","href":"https:\/\/api.w.org\/{rel}","templated":true}]}}