{"id":158978,"date":"2023-01-16T14:44:54","date_gmt":"2023-01-16T13:44:54","guid":{"rendered":"https:\/\/novice.si\/page\/?p=158978"},"modified":"2023-01-16T14:44:54","modified_gmt":"2023-01-16T13:44:54","slug":"celje-tozilstvo-za-gregorja-ducmana-zahteva-30-let-zapora","status":"publish","type":"post","link":"https:\/\/novice.si\/page\/celje-tozilstvo-za-gregorja-ducmana-zahteva-30-let-zapora\/","title":{"rendered":"CELJE To\u017eilstvo za Gregorja Ducmana zahteva 30 let zapora"},"content":{"rendered":"<p>Celjsko okro\u017eno sodi\u0161\u010de je dopoldne sklenilo glavno obravnavo zoper 37-letnega <strong>Gregorja Ducmana<\/strong>.<\/p>\n<p>Predlanskega marca je v Zalogu pri \u0160empetru z no\u017eem umoril spe\u010do mati, o\u010detu pa je uspelo ube\u017eati.<\/p>\n<p>To\u017eilka <strong>Marija Sladi\u010d<\/strong> zahteva enotno kazen 30 let zapora, saj da pri obto\u017eencu niso na\u0161li znakov nepri\u0161tevnosti, medtem ko se obramba, ki jo zastopa <strong>Rosvita Gabrilo<\/strong>, o vi\u0161ini kazni ni opredelila, je pa opozor<a href=\"https:\/\/novice.si\/page\/wp-content\/uploads\/2023\/01\/Ducman-jan23-2-scaled.jpg\" data-gallery><img loading=\"lazy\" decoding=\"async\" class=\"size-medium wp-image-158980 alignleft\" src=\"https:\/\/novice.si\/page\/wp-content\/uploads\/2023\/01\/Ducman-jan23-2-300x225.jpg\" alt=\"\" width=\"300\" height=\"225\" srcset=\"https:\/\/novice.si\/page\/wp-content\/uploads\/2023\/01\/Ducman-jan23-2-300x225.jpg 300w, https:\/\/novice.si\/page\/wp-content\/uploads\/2023\/01\/Ducman-jan23-2-1024x768.jpg 1024w, https:\/\/novice.si\/page\/wp-content\/uploads\/2023\/01\/Ducman-jan23-2-768x576.jpg 768w, https:\/\/novice.si\/page\/wp-content\/uploads\/2023\/01\/Ducman-jan23-2-1536x1152.jpg 1536w, https:\/\/novice.si\/page\/wp-content\/uploads\/2023\/01\/Ducman-jan23-2-2048x1536.jpg 2048w, https:\/\/novice.si\/page\/wp-content\/uploads\/2023\/01\/Ducman-jan23-2-80x60.jpg 80w, https:\/\/novice.si\/page\/wp-content\/uploads\/2023\/01\/Ducman-jan23-2-265x198.jpg 265w, https:\/\/novice.si\/page\/wp-content\/uploads\/2023\/01\/Ducman-jan23-2-696x522.jpg 696w, https:\/\/novice.si\/page\/wp-content\/uploads\/2023\/01\/Ducman-jan23-2-1068x801.jpg 1068w, https:\/\/novice.si\/page\/wp-content\/uploads\/2023\/01\/Ducman-jan23-2-560x420.jpg 560w, https:\/\/novice.si\/page\/wp-content\/uploads\/2023\/01\/Ducman-jan23-2-24x18.jpg 24w, https:\/\/novice.si\/page\/wp-content\/uploads\/2023\/01\/Ducman-jan23-2-36x27.jpg 36w, https:\/\/novice.si\/page\/wp-content\/uploads\/2023\/01\/Ducman-jan23-2-48x36.jpg 48w\" sizes=\"auto, (max-width: 300px) 100vw, 300px\" \/><\/a>ila na neskladje med izvedenci psihiatri\u010dne stroke. Bili so anga\u017eirani trije.<\/p>\n<p>Sodbo bodo Ducmanu, ki vseskozi deluje precej odsotno, izrekli v \u010detrtek ob 9.uri.<\/p>\n<p>P\u0160<\/p>\n","protected":false},"excerpt":{"rendered":"<p>Celjsko okro\u017eno sodi\u0161\u010de je dopoldne sklenilo glavno obravnavo zoper 37-letnega Gregorja Ducmana. Predlanskega marca je v Zalogu pri \u0160empetru z no\u017eem umoril spe\u010do mati, o\u010detu pa je uspelo ube\u017eati. To\u017eilka Marija Sladi\u010d zahteva enotno kazen 30 let zapora, saj da pri obto\u017eencu niso na\u0161li znakov nepri\u0161tevnosti, medtem ko se obramba, ki jo zastopa Rosvita Gabrilo, [&hellip;]<\/p>\n","protected":false},"author":33,"featured_media":158979,"comment_status":"closed","ping_status":"closed","sticky":false,"template":"","format":"standard","meta":{"footnotes":""},"categories":[14,17,29],"tags":[11939,14624,4194,14623,356,13928],"class_list":{"0":"post-158978","1":"post","2":"type-post","3":"status-publish","4":"format-standard","5":"has-post-thumbnail","7":"category-aktualno","8":"category-celjsko","9":"category-kronika","10":"tag-gregor-ducman","11":"tag-marija-sladic","12":"tag-pred-sodbo","13":"tag-rosvita-gabrilo","14":"tag-sojenje","15":"tag-umor-v-zalogu-pri-sempetru"},"yoast_head":"<!-- This site is optimized with the Yoast SEO plugin v27.4 - https:\/\/yoast.com\/product\/yoast-seo-wordpress\/ -->\n<title>CELJE To\u017eilstvo za Gregorja Ducmana zahteva 30 let zapora - Novice.si<\/title>\n<meta name=\"robots\" content=\"index, follow, max-snippet:-1, max-image-preview:large, max-video-preview:-1\" \/>\n<link rel=\"canonical\" href=\"https:\/\/novice.si\/page\/celje-tozilstvo-za-gregorja-ducmana-zahteva-30-let-zapora\/\" \/>\n<meta property=\"og:locale\" content=\"sl_SI\" \/>\n<meta property=\"og:type\" content=\"article\" \/>\n<meta property=\"og:title\" content=\"CELJE To\u017eilstvo za Gregorja Ducmana zahteva 30 let zapora - Novice.si\" \/>\n<meta property=\"og:description\" content=\"Celjsko okro\u017eno sodi\u0161\u010de je dopoldne sklenilo glavno obravnavo zoper 37-letnega Gregorja Ducmana. Predlanskega marca je v Zalogu pri \u0160empetru z no\u017eem umoril spe\u010do mati, o\u010detu pa je uspelo ube\u017eati. To\u017eilka Marija Sladi\u010d zahteva enotno kazen 30 let zapora, saj da pri obto\u017eencu niso na\u0161li znakov nepri\u0161tevnosti, medtem ko se obramba, ki jo zastopa Rosvita Gabrilo, [&hellip;]\" \/>\n<meta property=\"og:url\" content=\"https:\/\/novice.si\/page\/celje-tozilstvo-za-gregorja-ducmana-zahteva-30-let-zapora\/\" \/>\n<meta property=\"og:site_name\" content=\"Novice.si\" \/>\n<meta property=\"article:published_time\" content=\"2023-01-16T13:44:54+00:00\" \/>\n<meta property=\"og:image\" content=\"https:\/\/novice.si\/page\/wp-content\/uploads\/2023\/01\/Ducman-jan23-6-scaled.jpg\" \/>\n\t<meta property=\"og:image:width\" content=\"1920\" \/>\n\t<meta property=\"og:image:height\" content=\"2560\" \/>\n\t<meta property=\"og:image:type\" content=\"image\/jpeg\" \/>\n<meta name=\"author\" content=\"Uredni\u0161tvo Celjana\" \/>\n<meta name=\"twitter:card\" content=\"summary_large_image\" \/>\n<meta name=\"twitter:label1\" content=\"Written by\" \/>\n\t<meta name=\"twitter:data1\" content=\"Uredni\u0161tvo Celjana\" \/>\n\t<meta name=\"twitter:label2\" content=\"Est. reading time\" \/>\n\t<meta name=\"twitter:data2\" content=\"1 minuta\" \/>\n<script type=\"application\/ld+json\" class=\"yoast-schema-graph\">{\"@context\":\"https:\\\/\\\/schema.org\",\"@graph\":[{\"@type\":\"Article\",\"@id\":\"https:\\\/\\\/novice.si\\\/page\\\/celje-tozilstvo-za-gregorja-ducmana-zahteva-30-let-zapora\\\/#article\",\"isPartOf\":{\"@id\":\"https:\\\/\\\/novice.si\\\/page\\\/celje-tozilstvo-za-gregorja-ducmana-zahteva-30-let-zapora\\\/\"},\"author\":{\"name\":\"Uredni\u0161tvo Celjana\",\"@id\":\"https:\\\/\\\/novice.si\\\/page\\\/#\\\/schema\\\/person\\\/57f25c9642a9541c7349c65d32032c3e\"},\"headline\":\"CELJE To\u017eilstvo za Gregorja Ducmana zahteva 30 let zapora\",\"datePublished\":\"2023-01-16T13:44:54+00:00\",\"mainEntityOfPage\":{\"@id\":\"https:\\\/\\\/novice.si\\\/page\\\/celje-tozilstvo-za-gregorja-ducmana-zahteva-30-let-zapora\\\/\"},\"wordCount\":109,\"publisher\":{\"@id\":\"https:\\\/\\\/novice.si\\\/page\\\/#organization\"},\"image\":{\"@id\":\"https:\\\/\\\/novice.si\\\/page\\\/celje-tozilstvo-za-gregorja-ducmana-zahteva-30-let-zapora\\\/#primaryimage\"},\"thumbnailUrl\":\"https:\\\/\\\/novice.si\\\/page\\\/wp-content\\\/uploads\\\/2023\\\/01\\\/Ducman-jan23-6-scaled.jpg\",\"keywords\":[\"Gregor Ducman\",\"marija sladi\u010d\",\"pred sodbo\",\"rosvita gabrilo\",\"sojenje\",\"umor v zalogu pri \u0161empetru\"],\"articleSection\":[\"Aktualno\",\"Celjsko\",\"Kronika\"],\"inLanguage\":\"sl-SI\"},{\"@type\":\"WebPage\",\"@id\":\"https:\\\/\\\/novice.si\\\/page\\\/celje-tozilstvo-za-gregorja-ducmana-zahteva-30-let-zapora\\\/\",\"url\":\"https:\\\/\\\/novice.si\\\/page\\\/celje-tozilstvo-za-gregorja-ducmana-zahteva-30-let-zapora\\\/\",\"name\":\"CELJE To\u017eilstvo za Gregorja Ducmana zahteva 30 let zapora - Novice.si\",\"isPartOf\":{\"@id\":\"https:\\\/\\\/novice.si\\\/page\\\/#website\"},\"primaryImageOfPage\":{\"@id\":\"https:\\\/\\\/novice.si\\\/page\\\/celje-tozilstvo-za-gregorja-ducmana-zahteva-30-let-zapora\\\/#primaryimage\"},\"image\":{\"@id\":\"https:\\\/\\\/novice.si\\\/page\\\/celje-tozilstvo-za-gregorja-ducmana-zahteva-30-let-zapora\\\/#primaryimage\"},\"thumbnailUrl\":\"https:\\\/\\\/novice.si\\\/page\\\/wp-content\\\/uploads\\\/2023\\\/01\\\/Ducman-jan23-6-scaled.jpg\",\"datePublished\":\"2023-01-16T13:44:54+00:00\",\"breadcrumb\":{\"@id\":\"https:\\\/\\\/novice.si\\\/page\\\/celje-tozilstvo-za-gregorja-ducmana-zahteva-30-let-zapora\\\/#breadcrumb\"},\"inLanguage\":\"sl-SI\",\"potentialAction\":[{\"@type\":\"ReadAction\",\"target\":[\"https:\\\/\\\/novice.si\\\/page\\\/celje-tozilstvo-za-gregorja-ducmana-zahteva-30-let-zapora\\\/\"]}]},{\"@type\":\"ImageObject\",\"inLanguage\":\"sl-SI\",\"@id\":\"https:\\\/\\\/novice.si\\\/page\\\/celje-tozilstvo-za-gregorja-ducmana-zahteva-30-let-zapora\\\/#primaryimage\",\"url\":\"https:\\\/\\\/novice.si\\\/page\\\/wp-content\\\/uploads\\\/2023\\\/01\\\/Ducman-jan23-6-scaled.jpg\",\"contentUrl\":\"https:\\\/\\\/novice.si\\\/page\\\/wp-content\\\/uploads\\\/2023\\\/01\\\/Ducman-jan23-6-scaled.jpg\",\"width\":1920,\"height\":2560},{\"@type\":\"BreadcrumbList\",\"@id\":\"https:\\\/\\\/novice.si\\\/page\\\/celje-tozilstvo-za-gregorja-ducmana-zahteva-30-let-zapora\\\/#breadcrumb\",\"itemListElement\":[{\"@type\":\"ListItem\",\"position\":1,\"name\":\"Home\",\"item\":\"https:\\\/\\\/novice.si\\\/page\\\/\"},{\"@type\":\"ListItem\",\"position\":2,\"name\":\"CELJE To\u017eilstvo za Gregorja Ducmana zahteva 30 let zapora\"}]},{\"@type\":\"WebSite\",\"@id\":\"https:\\\/\\\/novice.si\\\/page\\\/#website\",\"url\":\"https:\\\/\\\/novice.si\\\/page\\\/\",\"name\":\"Novice.si\",\"description\":\"\",\"publisher\":{\"@id\":\"https:\\\/\\\/novice.si\\\/page\\\/#organization\"},\"potentialAction\":[{\"@type\":\"SearchAction\",\"target\":{\"@type\":\"EntryPoint\",\"urlTemplate\":\"https:\\\/\\\/novice.si\\\/page\\\/?s={search_term_string}\"},\"query-input\":{\"@type\":\"PropertyValueSpecification\",\"valueRequired\":true,\"valueName\":\"search_term_string\"}}],\"inLanguage\":\"sl-SI\"},{\"@type\":\"Organization\",\"@id\":\"https:\\\/\\\/novice.si\\\/page\\\/#organization\",\"name\":\"Novice.si\",\"url\":\"https:\\\/\\\/novice.si\\\/page\\\/\",\"logo\":{\"@type\":\"ImageObject\",\"inLanguage\":\"sl-SI\",\"@id\":\"https:\\\/\\\/novice.si\\\/page\\\/#\\\/schema\\\/logo\\\/image\\\/\",\"url\":\"https:\\\/\\\/novice.si\\\/page\\\/wp-content\\\/uploads\\\/2023\\\/03\\\/novice_si.png\",\"contentUrl\":\"https:\\\/\\\/novice.si\\\/page\\\/wp-content\\\/uploads\\\/2023\\\/03\\\/novice_si.png\",\"width\":576,\"height\":200,\"caption\":\"Novice.si\"},\"image\":{\"@id\":\"https:\\\/\\\/novice.si\\\/page\\\/#\\\/schema\\\/logo\\\/image\\\/\"}},{\"@type\":\"Person\",\"@id\":\"https:\\\/\\\/novice.si\\\/page\\\/#\\\/schema\\\/person\\\/57f25c9642a9541c7349c65d32032c3e\",\"name\":\"Uredni\u0161tvo Celjana\",\"image\":{\"@type\":\"ImageObject\",\"inLanguage\":\"sl-SI\",\"@id\":\"https:\\\/\\\/secure.gravatar.com\\\/avatar\\\/78e52bc4279b65f6df6345e0ef0f7b792d361361f230cf4ffecfe0afe6d5629c?s=96&d=mm&r=g\",\"url\":\"https:\\\/\\\/secure.gravatar.com\\\/avatar\\\/78e52bc4279b65f6df6345e0ef0f7b792d361361f230cf4ffecfe0afe6d5629c?s=96&d=mm&r=g\",\"contentUrl\":\"https:\\\/\\\/secure.gravatar.com\\\/avatar\\\/78e52bc4279b65f6df6345e0ef0f7b792d361361f230cf4ffecfe0afe6d5629c?s=96&d=mm&r=g\",\"caption\":\"Uredni\u0161tvo Celjana\"},\"url\":\"https:\\\/\\\/novice.si\\\/page\\\/author\\\/primoz\\\/\"}]}<\/script>\n<!-- \/ Yoast SEO plugin. -->","yoast_head_json":{"title":"CELJE To\u017eilstvo za Gregorja Ducmana zahteva 30 let zapora - Novice.si","robots":{"index":"index","follow":"follow","max-snippet":"max-snippet:-1","max-image-preview":"max-image-preview:large","max-video-preview":"max-video-preview:-1"},"canonical":"https:\/\/novice.si\/page\/celje-tozilstvo-za-gregorja-ducmana-zahteva-30-let-zapora\/","og_locale":"sl_SI","og_type":"article","og_title":"CELJE To\u017eilstvo za Gregorja Ducmana zahteva 30 let zapora - Novice.si","og_description":"Celjsko okro\u017eno sodi\u0161\u010de je dopoldne sklenilo glavno obravnavo zoper 37-letnega Gregorja Ducmana. Predlanskega marca je v Zalogu pri \u0160empetru z no\u017eem umoril spe\u010do mati, o\u010detu pa je uspelo ube\u017eati. To\u017eilka Marija Sladi\u010d zahteva enotno kazen 30 let zapora, saj da pri obto\u017eencu niso na\u0161li znakov nepri\u0161tevnosti, medtem ko se obramba, ki jo zastopa Rosvita Gabrilo, [&hellip;]","og_url":"https:\/\/novice.si\/page\/celje-tozilstvo-za-gregorja-ducmana-zahteva-30-let-zapora\/","og_site_name":"Novice.si","article_published_time":"2023-01-16T13:44:54+00:00","og_image":[{"width":1920,"height":2560,"url":"https:\/\/novice.si\/page\/wp-content\/uploads\/2023\/01\/Ducman-jan23-6-scaled.jpg","type":"image\/jpeg"}],"author":"Uredni\u0161tvo Celjana","twitter_card":"summary_large_image","twitter_misc":{"Written by":"Uredni\u0161tvo Celjana","Est. reading time":"1 minuta"},"schema":{"@context":"https:\/\/schema.org","@graph":[{"@type":"Article","@id":"https:\/\/novice.si\/page\/celje-tozilstvo-za-gregorja-ducmana-zahteva-30-let-zapora\/#article","isPartOf":{"@id":"https:\/\/novice.si\/page\/celje-tozilstvo-za-gregorja-ducmana-zahteva-30-let-zapora\/"},"author":{"name":"Uredni\u0161tvo Celjana","@id":"https:\/\/novice.si\/page\/#\/schema\/person\/57f25c9642a9541c7349c65d32032c3e"},"headline":"CELJE To\u017eilstvo za Gregorja Ducmana zahteva 30 let zapora","datePublished":"2023-01-16T13:44:54+00:00","mainEntityOfPage":{"@id":"https:\/\/novice.si\/page\/celje-tozilstvo-za-gregorja-ducmana-zahteva-30-let-zapora\/"},"wordCount":109,"publisher":{"@id":"https:\/\/novice.si\/page\/#organization"},"image":{"@id":"https:\/\/novice.si\/page\/celje-tozilstvo-za-gregorja-ducmana-zahteva-30-let-zapora\/#primaryimage"},"thumbnailUrl":"https:\/\/novice.si\/page\/wp-content\/uploads\/2023\/01\/Ducman-jan23-6-scaled.jpg","keywords":["Gregor Ducman","marija sladi\u010d","pred sodbo","rosvita gabrilo","sojenje","umor v zalogu pri \u0161empetru"],"articleSection":["Aktualno","Celjsko","Kronika"],"inLanguage":"sl-SI"},{"@type":"WebPage","@id":"https:\/\/novice.si\/page\/celje-tozilstvo-za-gregorja-ducmana-zahteva-30-let-zapora\/","url":"https:\/\/novice.si\/page\/celje-tozilstvo-za-gregorja-ducmana-zahteva-30-let-zapora\/","name":"CELJE To\u017eilstvo za Gregorja Ducmana zahteva 30 let zapora - Novice.si","isPartOf":{"@id":"https:\/\/novice.si\/page\/#website"},"primaryImageOfPage":{"@id":"https:\/\/novice.si\/page\/celje-tozilstvo-za-gregorja-ducmana-zahteva-30-let-zapora\/#primaryimage"},"image":{"@id":"https:\/\/novice.si\/page\/celje-tozilstvo-za-gregorja-ducmana-zahteva-30-let-zapora\/#primaryimage"},"thumbnailUrl":"https:\/\/novice.si\/page\/wp-content\/uploads\/2023\/01\/Ducman-jan23-6-scaled.jpg","datePublished":"2023-01-16T13:44:54+00:00","breadcrumb":{"@id":"https:\/\/novice.si\/page\/celje-tozilstvo-za-gregorja-ducmana-zahteva-30-let-zapora\/#breadcrumb"},"inLanguage":"sl-SI","potentialAction":[{"@type":"ReadAction","target":["https:\/\/novice.si\/page\/celje-tozilstvo-za-gregorja-ducmana-zahteva-30-let-zapora\/"]}]},{"@type":"ImageObject","inLanguage":"sl-SI","@id":"https:\/\/novice.si\/page\/celje-tozilstvo-za-gregorja-ducmana-zahteva-30-let-zapora\/#primaryimage","url":"https:\/\/novice.si\/page\/wp-content\/uploads\/2023\/01\/Ducman-jan23-6-scaled.jpg","contentUrl":"https:\/\/novice.si\/page\/wp-content\/uploads\/2023\/01\/Ducman-jan23-6-scaled.jpg","width":1920,"height":2560},{"@type":"BreadcrumbList","@id":"https:\/\/novice.si\/page\/celje-tozilstvo-za-gregorja-ducmana-zahteva-30-let-zapora\/#breadcrumb","itemListElement":[{"@type":"ListItem","position":1,"name":"Home","item":"https:\/\/novice.si\/page\/"},{"@type":"ListItem","position":2,"name":"CELJE To\u017eilstvo za Gregorja Ducmana zahteva 30 let zapora"}]},{"@type":"WebSite","@id":"https:\/\/novice.si\/page\/#website","url":"https:\/\/novice.si\/page\/","name":"Novice.si","description":"","publisher":{"@id":"https:\/\/novice.si\/page\/#organization"},"potentialAction":[{"@type":"SearchAction","target":{"@type":"EntryPoint","urlTemplate":"https:\/\/novice.si\/page\/?s={search_term_string}"},"query-input":{"@type":"PropertyValueSpecification","valueRequired":true,"valueName":"search_term_string"}}],"inLanguage":"sl-SI"},{"@type":"Organization","@id":"https:\/\/novice.si\/page\/#organization","name":"Novice.si","url":"https:\/\/novice.si\/page\/","logo":{"@type":"ImageObject","inLanguage":"sl-SI","@id":"https:\/\/novice.si\/page\/#\/schema\/logo\/image\/","url":"https:\/\/novice.si\/page\/wp-content\/uploads\/2023\/03\/novice_si.png","contentUrl":"https:\/\/novice.si\/page\/wp-content\/uploads\/2023\/03\/novice_si.png","width":576,"height":200,"caption":"Novice.si"},"image":{"@id":"https:\/\/novice.si\/page\/#\/schema\/logo\/image\/"}},{"@type":"Person","@id":"https:\/\/novice.si\/page\/#\/schema\/person\/57f25c9642a9541c7349c65d32032c3e","name":"Uredni\u0161tvo Celjana","image":{"@type":"ImageObject","inLanguage":"sl-SI","@id":"https:\/\/secure.gravatar.com\/avatar\/78e52bc4279b65f6df6345e0ef0f7b792d361361f230cf4ffecfe0afe6d5629c?s=96&d=mm&r=g","url":"https:\/\/secure.gravatar.com\/avatar\/78e52bc4279b65f6df6345e0ef0f7b792d361361f230cf4ffecfe0afe6d5629c?s=96&d=mm&r=g","contentUrl":"https:\/\/secure.gravatar.com\/avatar\/78e52bc4279b65f6df6345e0ef0f7b792d361361f230cf4ffecfe0afe6d5629c?s=96&d=mm&r=g","caption":"Uredni\u0161tvo Celjana"},"url":"https:\/\/novice.si\/page\/author\/primoz\/"}]}},"_links":{"self":[{"href":"https:\/\/novice.si\/page\/wp-json\/wp\/v2\/posts\/158978","targetHints":{"allow":["GET"]}}],"collection":[{"href":"https:\/\/novice.si\/page\/wp-json\/wp\/v2\/posts"}],"about":[{"href":"https:\/\/novice.si\/page\/wp-json\/wp\/v2\/types\/post"}],"author":[{"embeddable":true,"href":"https:\/\/novice.si\/page\/wp-json\/wp\/v2\/users\/33"}],"replies":[{"embeddable":true,"href":"https:\/\/novice.si\/page\/wp-json\/wp\/v2\/comments?post=158978"}],"version-history":[{"count":1,"href":"https:\/\/novice.si\/page\/wp-json\/wp\/v2\/posts\/158978\/revisions"}],"predecessor-version":[{"id":158981,"href":"https:\/\/novice.si\/page\/wp-json\/wp\/v2\/posts\/158978\/revisions\/158981"}],"wp:featuredmedia":[{"embeddable":true,"href":"https:\/\/novice.si\/page\/wp-json\/wp\/v2\/media\/158979"}],"wp:attachment":[{"href":"https:\/\/novice.si\/page\/wp-json\/wp\/v2\/media?parent=158978"}],"wp:term":[{"taxonomy":"category","embeddable":true,"href":"https:\/\/novice.si\/page\/wp-json\/wp\/v2\/categories?post=158978"},{"taxonomy":"post_tag","embeddable":true,"href":"https:\/\/novice.si\/page\/wp-json\/wp\/v2\/tags?post=158978"}],"curies":[{"name":"wp","href":"https:\/\/api.w.org\/{rel}","templated":true}]}}