{"id":158914,"date":"2023-01-15T09:22:05","date_gmt":"2023-01-15T08:22:05","guid":{"rendered":"https:\/\/novice.si\/page\/?p=158914"},"modified":"2023-01-15T09:22:05","modified_gmt":"2023-01-15T08:22:05","slug":"iscejo-novega-direktorja-vitanjskega-centra-noordung","status":"publish","type":"post","link":"https:\/\/novice.si\/page\/iscejo-novega-direktorja-vitanjskega-centra-noordung\/","title":{"rendered":"I\u0161\u010dejo novega direktorja vitanjskega Centra Noordung"},"content":{"rendered":"<p><strong><a href=\"https:\/\/novice.si\/page\/direktor-vitanjskega-centra-noordung-dr-dominik-kobold-podal-odstopno-izjavo\/\">Kot smo poro\u010dali<\/a>, je direktor vitanjskega Centra Noordung dr. Dominik Kobold nekaj mesecev pred iztekom petletnega mandata podal odstopno izjavo.\u00a0<\/strong><\/p>\n<p><a href=\"https:\/\/novice.si\/page\/wp-content\/uploads\/2018\/04\/kobold-dominik.jpg\" data-gallery><img loading=\"lazy\" decoding=\"async\" class=\"size-medium wp-image-77008 alignleft\" src=\"https:\/\/novice.si\/page\/wp-content\/uploads\/2018\/04\/kobold-dominik-284x300.jpg\" alt=\"\" width=\"284\" height=\"300\" srcset=\"https:\/\/novice.si\/page\/wp-content\/uploads\/2018\/04\/kobold-dominik-284x300.jpg 284w, https:\/\/novice.si\/page\/wp-content\/uploads\/2018\/04\/kobold-dominik-768x812.jpg 768w, https:\/\/novice.si\/page\/wp-content\/uploads\/2018\/04\/kobold-dominik-969x1024.jpg 969w, https:\/\/novice.si\/page\/wp-content\/uploads\/2018\/04\/kobold-dominik-696x735.jpg 696w, https:\/\/novice.si\/page\/wp-content\/uploads\/2018\/04\/kobold-dominik-397x420.jpg 397w, https:\/\/novice.si\/page\/wp-content\/uploads\/2018\/04\/kobold-dominik-24x24.jpg 24w, https:\/\/novice.si\/page\/wp-content\/uploads\/2018\/04\/kobold-dominik-34x36.jpg 34w, https:\/\/novice.si\/page\/wp-content\/uploads\/2018\/04\/kobold-dominik-45x48.jpg 45w, https:\/\/novice.si\/page\/wp-content\/uploads\/2018\/04\/kobold-dominik.jpg 1005w\" sizes=\"auto, (max-width: 284px) 100vw, 284px\" \/><\/a>Polo\u017eaj direktorja zapu\u0161\u010da konec februarja, mandat bi mu potekel aprila. Medtem je Svet javnega zavoda minuli petek \u017ee objavil javni razpis za izbor novega direktorja Centra Noordung.<br \/>\nMed razpisnimi pogoji poleg visoke ravni izobrazbe zahtevajo \u0161e najmanj 10 let delovnih izku\u0161enj, od tega polovico na vodstvenih delovnih mestih. Kandidati morajo prijavo z vsemi dokazili in petletno vizijo delovanja zavoda oddati do 26. januarja, nato naj bi v kak\u0161nem mesecu dni izbrali novega direktorja. Ta bo pred nastopom petletnega mandata potreboval \u0161e soglasje Vlade in vitanjskega ob\u010dinskega sveta.<br \/>\nPodrobneje o tem pa v zadnji \u0161pevilki lokalnega \u010dasopisa NOVICE. (N. K.)<\/p>\n","protected":false},"excerpt":{"rendered":"<p>Kot smo poro\u010dali, je direktor vitanjskega Centra Noordung dr. Dominik Kobold nekaj mesecev pred iztekom petletnega mandata podal odstopno izjavo.\u00a0 Polo\u017eaj direktorja zapu\u0161\u010da konec februarja, mandat bi mu potekel aprila. Medtem je Svet javnega zavoda minuli petek \u017ee objavil javni razpis za izbor novega direktorja Centra Noordung. Med razpisnimi pogoji poleg visoke ravni izobrazbe zahtevajo [&hellip;]<\/p>\n","protected":false},"author":12,"featured_media":144179,"comment_status":"closed","ping_status":"closed","sticky":false,"template":"","format":"standard","meta":{"footnotes":""},"categories":[14,868,16,141,3108],"tags":[3543],"class_list":{"0":"post-158914","1":"post","2":"type-post","3":"status-publish","4":"format-standard","5":"has-post-thumbnail","7":"category-aktualno","8":"category-casopisi","9":"category-konjisko","10":"category-novice","11":"category-radio-rogla","12":"tag-center-noordung"},"yoast_head":"<!-- This site is optimized with the Yoast SEO plugin v27.4 - https:\/\/yoast.com\/product\/yoast-seo-wordpress\/ -->\n<title>I\u0161\u010dejo novega direktorja vitanjskega Centra Noordung - Novice.si<\/title>\n<meta name=\"robots\" content=\"index, follow, max-snippet:-1, max-image-preview:large, max-video-preview:-1\" \/>\n<link rel=\"canonical\" href=\"https:\/\/novice.si\/page\/iscejo-novega-direktorja-vitanjskega-centra-noordung\/\" \/>\n<meta property=\"og:locale\" content=\"sl_SI\" \/>\n<meta property=\"og:type\" content=\"article\" \/>\n<meta property=\"og:title\" content=\"I\u0161\u010dejo novega direktorja vitanjskega Centra Noordung - Novice.si\" \/>\n<meta property=\"og:description\" content=\"Kot smo poro\u010dali, je direktor vitanjskega Centra Noordung dr. Dominik Kobold nekaj mesecev pred iztekom petletnega mandata podal odstopno izjavo.\u00a0 Polo\u017eaj direktorja zapu\u0161\u010da konec februarja, mandat bi mu potekel aprila. Medtem je Svet javnega zavoda minuli petek \u017ee objavil javni razpis za izbor novega direktorja Centra Noordung. Med razpisnimi pogoji poleg visoke ravni izobrazbe zahtevajo [&hellip;]\" \/>\n<meta property=\"og:url\" content=\"https:\/\/novice.si\/page\/iscejo-novega-direktorja-vitanjskega-centra-noordung\/\" \/>\n<meta property=\"og:site_name\" content=\"Novice.si\" \/>\n<meta property=\"article:published_time\" content=\"2023-01-15T08:22:05+00:00\" \/>\n<meta property=\"og:image\" content=\"https:\/\/novice.si\/page\/wp-content\/uploads\/2021\/10\/kobold-dominik.jpg\" \/>\n\t<meta property=\"og:image:width\" content=\"1005\" \/>\n\t<meta property=\"og:image:height\" content=\"1062\" \/>\n\t<meta property=\"og:image:type\" content=\"image\/jpeg\" \/>\n<meta name=\"author\" content=\"Uredni\u0161tvo Celjana\" \/>\n<meta name=\"twitter:card\" content=\"summary_large_image\" \/>\n<meta name=\"twitter:label1\" content=\"Written by\" \/>\n\t<meta name=\"twitter:data1\" content=\"Uredni\u0161tvo Celjana\" \/>\n\t<meta name=\"twitter:label2\" content=\"Est. reading time\" \/>\n\t<meta name=\"twitter:data2\" content=\"1 minuta\" \/>\n<script type=\"application\/ld+json\" class=\"yoast-schema-graph\">{\"@context\":\"https:\\\/\\\/schema.org\",\"@graph\":[{\"@type\":\"Article\",\"@id\":\"https:\\\/\\\/novice.si\\\/page\\\/iscejo-novega-direktorja-vitanjskega-centra-noordung\\\/#article\",\"isPartOf\":{\"@id\":\"https:\\\/\\\/novice.si\\\/page\\\/iscejo-novega-direktorja-vitanjskega-centra-noordung\\\/\"},\"author\":{\"name\":\"Uredni\u0161tvo Celjana\",\"@id\":\"https:\\\/\\\/novice.si\\\/page\\\/#\\\/schema\\\/person\\\/51903923b50fefb075bc1cd24fe4d065\"},\"headline\":\"I\u0161\u010dejo novega direktorja vitanjskega Centra Noordung\",\"datePublished\":\"2023-01-15T08:22:05+00:00\",\"mainEntityOfPage\":{\"@id\":\"https:\\\/\\\/novice.si\\\/page\\\/iscejo-novega-direktorja-vitanjskega-centra-noordung\\\/\"},\"wordCount\":130,\"publisher\":{\"@id\":\"https:\\\/\\\/novice.si\\\/page\\\/#organization\"},\"image\":{\"@id\":\"https:\\\/\\\/novice.si\\\/page\\\/iscejo-novega-direktorja-vitanjskega-centra-noordung\\\/#primaryimage\"},\"thumbnailUrl\":\"https:\\\/\\\/novice.si\\\/page\\\/wp-content\\\/uploads\\\/2021\\\/10\\\/kobold-dominik.jpg\",\"keywords\":[\"Center Noordung\"],\"articleSection\":[\"Aktualno\",\"\u010casopisi\",\"Konji\u0161ko\",\"Novice\",\"Radio Rogla\"],\"inLanguage\":\"sl-SI\"},{\"@type\":\"WebPage\",\"@id\":\"https:\\\/\\\/novice.si\\\/page\\\/iscejo-novega-direktorja-vitanjskega-centra-noordung\\\/\",\"url\":\"https:\\\/\\\/novice.si\\\/page\\\/iscejo-novega-direktorja-vitanjskega-centra-noordung\\\/\",\"name\":\"I\u0161\u010dejo novega direktorja vitanjskega Centra Noordung - Novice.si\",\"isPartOf\":{\"@id\":\"https:\\\/\\\/novice.si\\\/page\\\/#website\"},\"primaryImageOfPage\":{\"@id\":\"https:\\\/\\\/novice.si\\\/page\\\/iscejo-novega-direktorja-vitanjskega-centra-noordung\\\/#primaryimage\"},\"image\":{\"@id\":\"https:\\\/\\\/novice.si\\\/page\\\/iscejo-novega-direktorja-vitanjskega-centra-noordung\\\/#primaryimage\"},\"thumbnailUrl\":\"https:\\\/\\\/novice.si\\\/page\\\/wp-content\\\/uploads\\\/2021\\\/10\\\/kobold-dominik.jpg\",\"datePublished\":\"2023-01-15T08:22:05+00:00\",\"breadcrumb\":{\"@id\":\"https:\\\/\\\/novice.si\\\/page\\\/iscejo-novega-direktorja-vitanjskega-centra-noordung\\\/#breadcrumb\"},\"inLanguage\":\"sl-SI\",\"potentialAction\":[{\"@type\":\"ReadAction\",\"target\":[\"https:\\\/\\\/novice.si\\\/page\\\/iscejo-novega-direktorja-vitanjskega-centra-noordung\\\/\"]}]},{\"@type\":\"ImageObject\",\"inLanguage\":\"sl-SI\",\"@id\":\"https:\\\/\\\/novice.si\\\/page\\\/iscejo-novega-direktorja-vitanjskega-centra-noordung\\\/#primaryimage\",\"url\":\"https:\\\/\\\/novice.si\\\/page\\\/wp-content\\\/uploads\\\/2021\\\/10\\\/kobold-dominik.jpg\",\"contentUrl\":\"https:\\\/\\\/novice.si\\\/page\\\/wp-content\\\/uploads\\\/2021\\\/10\\\/kobold-dominik.jpg\",\"width\":1005,\"height\":1062},{\"@type\":\"BreadcrumbList\",\"@id\":\"https:\\\/\\\/novice.si\\\/page\\\/iscejo-novega-direktorja-vitanjskega-centra-noordung\\\/#breadcrumb\",\"itemListElement\":[{\"@type\":\"ListItem\",\"position\":1,\"name\":\"Home\",\"item\":\"https:\\\/\\\/novice.si\\\/page\\\/\"},{\"@type\":\"ListItem\",\"position\":2,\"name\":\"I\u0161\u010dejo novega direktorja vitanjskega Centra Noordung\"}]},{\"@type\":\"WebSite\",\"@id\":\"https:\\\/\\\/novice.si\\\/page\\\/#website\",\"url\":\"https:\\\/\\\/novice.si\\\/page\\\/\",\"name\":\"Novice.si\",\"description\":\"\",\"publisher\":{\"@id\":\"https:\\\/\\\/novice.si\\\/page\\\/#organization\"},\"potentialAction\":[{\"@type\":\"SearchAction\",\"target\":{\"@type\":\"EntryPoint\",\"urlTemplate\":\"https:\\\/\\\/novice.si\\\/page\\\/?s={search_term_string}\"},\"query-input\":{\"@type\":\"PropertyValueSpecification\",\"valueRequired\":true,\"valueName\":\"search_term_string\"}}],\"inLanguage\":\"sl-SI\"},{\"@type\":\"Organization\",\"@id\":\"https:\\\/\\\/novice.si\\\/page\\\/#organization\",\"name\":\"Novice.si\",\"url\":\"https:\\\/\\\/novice.si\\\/page\\\/\",\"logo\":{\"@type\":\"ImageObject\",\"inLanguage\":\"sl-SI\",\"@id\":\"https:\\\/\\\/novice.si\\\/page\\\/#\\\/schema\\\/logo\\\/image\\\/\",\"url\":\"https:\\\/\\\/novice.si\\\/page\\\/wp-content\\\/uploads\\\/2023\\\/03\\\/novice_si.png\",\"contentUrl\":\"https:\\\/\\\/novice.si\\\/page\\\/wp-content\\\/uploads\\\/2023\\\/03\\\/novice_si.png\",\"width\":576,\"height\":200,\"caption\":\"Novice.si\"},\"image\":{\"@id\":\"https:\\\/\\\/novice.si\\\/page\\\/#\\\/schema\\\/logo\\\/image\\\/\"}},{\"@type\":\"Person\",\"@id\":\"https:\\\/\\\/novice.si\\\/page\\\/#\\\/schema\\\/person\\\/51903923b50fefb075bc1cd24fe4d065\",\"name\":\"Uredni\u0161tvo Celjana\",\"image\":{\"@type\":\"ImageObject\",\"inLanguage\":\"sl-SI\",\"@id\":\"https:\\\/\\\/secure.gravatar.com\\\/avatar\\\/b516f102aa90b53619e09722b8ea56721c99bfcb4f1035f9b333d99f52330226?s=96&d=mm&r=g\",\"url\":\"https:\\\/\\\/secure.gravatar.com\\\/avatar\\\/b516f102aa90b53619e09722b8ea56721c99bfcb4f1035f9b333d99f52330226?s=96&d=mm&r=g\",\"contentUrl\":\"https:\\\/\\\/secure.gravatar.com\\\/avatar\\\/b516f102aa90b53619e09722b8ea56721c99bfcb4f1035f9b333d99f52330226?s=96&d=mm&r=g\",\"caption\":\"Uredni\u0161tvo Celjana\"},\"url\":\"https:\\\/\\\/novice.si\\\/page\\\/author\\\/nejc\\\/\"}]}<\/script>\n<!-- \/ Yoast SEO plugin. -->","yoast_head_json":{"title":"I\u0161\u010dejo novega direktorja vitanjskega Centra Noordung - Novice.si","robots":{"index":"index","follow":"follow","max-snippet":"max-snippet:-1","max-image-preview":"max-image-preview:large","max-video-preview":"max-video-preview:-1"},"canonical":"https:\/\/novice.si\/page\/iscejo-novega-direktorja-vitanjskega-centra-noordung\/","og_locale":"sl_SI","og_type":"article","og_title":"I\u0161\u010dejo novega direktorja vitanjskega Centra Noordung - Novice.si","og_description":"Kot smo poro\u010dali, je direktor vitanjskega Centra Noordung dr. Dominik Kobold nekaj mesecev pred iztekom petletnega mandata podal odstopno izjavo.\u00a0 Polo\u017eaj direktorja zapu\u0161\u010da konec februarja, mandat bi mu potekel aprila. Medtem je Svet javnega zavoda minuli petek \u017ee objavil javni razpis za izbor novega direktorja Centra Noordung. Med razpisnimi pogoji poleg visoke ravni izobrazbe zahtevajo [&hellip;]","og_url":"https:\/\/novice.si\/page\/iscejo-novega-direktorja-vitanjskega-centra-noordung\/","og_site_name":"Novice.si","article_published_time":"2023-01-15T08:22:05+00:00","og_image":[{"width":1005,"height":1062,"url":"https:\/\/novice.si\/page\/wp-content\/uploads\/2021\/10\/kobold-dominik.jpg","type":"image\/jpeg"}],"author":"Uredni\u0161tvo Celjana","twitter_card":"summary_large_image","twitter_misc":{"Written by":"Uredni\u0161tvo Celjana","Est. reading time":"1 minuta"},"schema":{"@context":"https:\/\/schema.org","@graph":[{"@type":"Article","@id":"https:\/\/novice.si\/page\/iscejo-novega-direktorja-vitanjskega-centra-noordung\/#article","isPartOf":{"@id":"https:\/\/novice.si\/page\/iscejo-novega-direktorja-vitanjskega-centra-noordung\/"},"author":{"name":"Uredni\u0161tvo Celjana","@id":"https:\/\/novice.si\/page\/#\/schema\/person\/51903923b50fefb075bc1cd24fe4d065"},"headline":"I\u0161\u010dejo novega direktorja vitanjskega Centra Noordung","datePublished":"2023-01-15T08:22:05+00:00","mainEntityOfPage":{"@id":"https:\/\/novice.si\/page\/iscejo-novega-direktorja-vitanjskega-centra-noordung\/"},"wordCount":130,"publisher":{"@id":"https:\/\/novice.si\/page\/#organization"},"image":{"@id":"https:\/\/novice.si\/page\/iscejo-novega-direktorja-vitanjskega-centra-noordung\/#primaryimage"},"thumbnailUrl":"https:\/\/novice.si\/page\/wp-content\/uploads\/2021\/10\/kobold-dominik.jpg","keywords":["Center Noordung"],"articleSection":["Aktualno","\u010casopisi","Konji\u0161ko","Novice","Radio Rogla"],"inLanguage":"sl-SI"},{"@type":"WebPage","@id":"https:\/\/novice.si\/page\/iscejo-novega-direktorja-vitanjskega-centra-noordung\/","url":"https:\/\/novice.si\/page\/iscejo-novega-direktorja-vitanjskega-centra-noordung\/","name":"I\u0161\u010dejo novega direktorja vitanjskega Centra Noordung - Novice.si","isPartOf":{"@id":"https:\/\/novice.si\/page\/#website"},"primaryImageOfPage":{"@id":"https:\/\/novice.si\/page\/iscejo-novega-direktorja-vitanjskega-centra-noordung\/#primaryimage"},"image":{"@id":"https:\/\/novice.si\/page\/iscejo-novega-direktorja-vitanjskega-centra-noordung\/#primaryimage"},"thumbnailUrl":"https:\/\/novice.si\/page\/wp-content\/uploads\/2021\/10\/kobold-dominik.jpg","datePublished":"2023-01-15T08:22:05+00:00","breadcrumb":{"@id":"https:\/\/novice.si\/page\/iscejo-novega-direktorja-vitanjskega-centra-noordung\/#breadcrumb"},"inLanguage":"sl-SI","potentialAction":[{"@type":"ReadAction","target":["https:\/\/novice.si\/page\/iscejo-novega-direktorja-vitanjskega-centra-noordung\/"]}]},{"@type":"ImageObject","inLanguage":"sl-SI","@id":"https:\/\/novice.si\/page\/iscejo-novega-direktorja-vitanjskega-centra-noordung\/#primaryimage","url":"https:\/\/novice.si\/page\/wp-content\/uploads\/2021\/10\/kobold-dominik.jpg","contentUrl":"https:\/\/novice.si\/page\/wp-content\/uploads\/2021\/10\/kobold-dominik.jpg","width":1005,"height":1062},{"@type":"BreadcrumbList","@id":"https:\/\/novice.si\/page\/iscejo-novega-direktorja-vitanjskega-centra-noordung\/#breadcrumb","itemListElement":[{"@type":"ListItem","position":1,"name":"Home","item":"https:\/\/novice.si\/page\/"},{"@type":"ListItem","position":2,"name":"I\u0161\u010dejo novega direktorja vitanjskega Centra Noordung"}]},{"@type":"WebSite","@id":"https:\/\/novice.si\/page\/#website","url":"https:\/\/novice.si\/page\/","name":"Novice.si","description":"","publisher":{"@id":"https:\/\/novice.si\/page\/#organization"},"potentialAction":[{"@type":"SearchAction","target":{"@type":"EntryPoint","urlTemplate":"https:\/\/novice.si\/page\/?s={search_term_string}"},"query-input":{"@type":"PropertyValueSpecification","valueRequired":true,"valueName":"search_term_string"}}],"inLanguage":"sl-SI"},{"@type":"Organization","@id":"https:\/\/novice.si\/page\/#organization","name":"Novice.si","url":"https:\/\/novice.si\/page\/","logo":{"@type":"ImageObject","inLanguage":"sl-SI","@id":"https:\/\/novice.si\/page\/#\/schema\/logo\/image\/","url":"https:\/\/novice.si\/page\/wp-content\/uploads\/2023\/03\/novice_si.png","contentUrl":"https:\/\/novice.si\/page\/wp-content\/uploads\/2023\/03\/novice_si.png","width":576,"height":200,"caption":"Novice.si"},"image":{"@id":"https:\/\/novice.si\/page\/#\/schema\/logo\/image\/"}},{"@type":"Person","@id":"https:\/\/novice.si\/page\/#\/schema\/person\/51903923b50fefb075bc1cd24fe4d065","name":"Uredni\u0161tvo Celjana","image":{"@type":"ImageObject","inLanguage":"sl-SI","@id":"https:\/\/secure.gravatar.com\/avatar\/b516f102aa90b53619e09722b8ea56721c99bfcb4f1035f9b333d99f52330226?s=96&d=mm&r=g","url":"https:\/\/secure.gravatar.com\/avatar\/b516f102aa90b53619e09722b8ea56721c99bfcb4f1035f9b333d99f52330226?s=96&d=mm&r=g","contentUrl":"https:\/\/secure.gravatar.com\/avatar\/b516f102aa90b53619e09722b8ea56721c99bfcb4f1035f9b333d99f52330226?s=96&d=mm&r=g","caption":"Uredni\u0161tvo Celjana"},"url":"https:\/\/novice.si\/page\/author\/nejc\/"}]}},"_links":{"self":[{"href":"https:\/\/novice.si\/page\/wp-json\/wp\/v2\/posts\/158914","targetHints":{"allow":["GET"]}}],"collection":[{"href":"https:\/\/novice.si\/page\/wp-json\/wp\/v2\/posts"}],"about":[{"href":"https:\/\/novice.si\/page\/wp-json\/wp\/v2\/types\/post"}],"author":[{"embeddable":true,"href":"https:\/\/novice.si\/page\/wp-json\/wp\/v2\/users\/12"}],"replies":[{"embeddable":true,"href":"https:\/\/novice.si\/page\/wp-json\/wp\/v2\/comments?post=158914"}],"version-history":[{"count":1,"href":"https:\/\/novice.si\/page\/wp-json\/wp\/v2\/posts\/158914\/revisions"}],"predecessor-version":[{"id":158915,"href":"https:\/\/novice.si\/page\/wp-json\/wp\/v2\/posts\/158914\/revisions\/158915"}],"wp:featuredmedia":[{"embeddable":true,"href":"https:\/\/novice.si\/page\/wp-json\/wp\/v2\/media\/144179"}],"wp:attachment":[{"href":"https:\/\/novice.si\/page\/wp-json\/wp\/v2\/media?parent=158914"}],"wp:term":[{"taxonomy":"category","embeddable":true,"href":"https:\/\/novice.si\/page\/wp-json\/wp\/v2\/categories?post=158914"},{"taxonomy":"post_tag","embeddable":true,"href":"https:\/\/novice.si\/page\/wp-json\/wp\/v2\/tags?post=158914"}],"curies":[{"name":"wp","href":"https:\/\/api.w.org\/{rel}","templated":true}]}}