{"id":158879,"date":"2023-01-12T14:29:32","date_gmt":"2023-01-12T13:29:32","guid":{"rendered":"https:\/\/novice.si\/page\/?p=158879"},"modified":"2023-01-12T14:29:32","modified_gmt":"2023-01-12T13:29:32","slug":"celje-tukajsnji-sodniki-le-delno-zadovoljni-s-placnim-dogovorom","status":"publish","type":"post","link":"https:\/\/novice.si\/page\/celje-tukajsnji-sodniki-le-delno-zadovoljni-s-placnim-dogovorom\/","title":{"rendered":"CELJE Tukaj\u0161nji sodniki le delno zadovoljni s pla\u010dnim dogovorom"},"content":{"rendered":"<p>Sodniki celjskega okro\u017eja so z me\u0161animi ob\u010dutki sprejeli torkovo zagotovilo predsednika vlade <strong>Roberta Goloba<\/strong> o linearnem povi\u0161anju pla\u010d za 600 evrov do ureditve pla\u010dnega polo\u017eaja.<\/p>\n<p><a href=\"https:\/\/novice.si\/page\/wp-content\/uploads\/2018\/09\/Petra-Giacomelli.png\" data-gallery><img loading=\"lazy\" decoding=\"async\" class=\"size-medium wp-image-88188 alignleft\" src=\"https:\/\/novice.si\/page\/wp-content\/uploads\/2018\/09\/Petra-Giacomelli-300x196.png\" alt=\"\" width=\"300\" height=\"196\" srcset=\"https:\/\/novice.si\/page\/wp-content\/uploads\/2018\/09\/Petra-Giacomelli-300x196.png 300w, https:\/\/novice.si\/page\/wp-content\/uploads\/2018\/09\/Petra-Giacomelli-24x16.png 24w, https:\/\/novice.si\/page\/wp-content\/uploads\/2018\/09\/Petra-Giacomelli-36x24.png 36w, https:\/\/novice.si\/page\/wp-content\/uploads\/2018\/09\/Petra-Giacomelli-48x31.png 48w, https:\/\/novice.si\/page\/wp-content\/uploads\/2018\/09\/Petra-Giacomelli.png 601w\" sizes=\"auto, (max-width: 300px) 100vw, 300px\" \/><\/a>Obljuba je po njihovem lahko samo obetajo\u010d za\u010detek, ne pa sre\u010den konec, kakor se je na raz\u0161irjenem sodni\u0161kem ob\u010dnem zboru izrazil premier.<\/p>\n<p>V celjskem sodnem okro\u017eju se pla\u010de sodnikov ve\u010dinoma gibljejo med 2700 in 3500 evrov bruto. Zadnjih 15 let so sodniki prikraj\u0161ani za 50 odstotni dodatek na nezdru\u017eljivost funkcij. Gledano v celoti sodni\u0161ke pla\u010de za primerljivimi funkcionarskimi zaostajajo za osem do devet razredov.<\/p>\n<p>Kakor navaja predsednica celjskega okro\u017enega sodi\u0161\u010da <strong>Petra Giacomelli<\/strong>, bi z ustrezno ureditvijo materialno pla\u010dnega polo\u017eaja preostali dve veji oblasti izkazali, da je pravica do sodnega\u00a0 varstva v interesu vseh, ne le sodne veje.<\/p>\n<p>P\u0160<\/p>\n","protected":false},"excerpt":{"rendered":"<p>Sodniki celjskega okro\u017eja so z me\u0161animi ob\u010dutki sprejeli torkovo zagotovilo predsednika vlade Roberta Goloba o linearnem povi\u0161anju pla\u010d za 600 evrov do ureditve pla\u010dnega polo\u017eaja. Obljuba je po njihovem lahko samo obetajo\u010d za\u010detek, ne pa sre\u010den konec, kakor se je na raz\u0161irjenem sodni\u0161kem ob\u010dnem zboru izrazil premier. V celjskem sodnem okro\u017eju se pla\u010de sodnikov ve\u010dinoma [&hellip;]<\/p>\n","protected":false},"author":33,"featured_media":137626,"comment_status":"closed","ping_status":"closed","sticky":false,"template":"","format":"standard","meta":{"footnotes":""},"categories":[14,17,29],"tags":[16846,16845,4124,14994,16844],"class_list":{"0":"post-158879","1":"post","2":"type-post","3":"status-publish","4":"format-standard","5":"has-post-thumbnail","7":"category-aktualno","8":"category-celjsko","9":"category-kronika","10":"tag-dodatek-k-placam","11":"tag-obcni-zbor-sodnikov","12":"tag-petra-giacomelli","13":"tag-robert-golob","14":"tag-sidniske-place"},"yoast_head":"<!-- This site is optimized with the Yoast SEO plugin v27.4 - https:\/\/yoast.com\/product\/yoast-seo-wordpress\/ -->\n<title>CELJE Tukaj\u0161nji sodniki le delno zadovoljni s pla\u010dnim dogovorom - Novice.si<\/title>\n<meta name=\"robots\" content=\"index, follow, max-snippet:-1, max-image-preview:large, max-video-preview:-1\" \/>\n<link rel=\"canonical\" href=\"https:\/\/novice.si\/page\/celje-tukajsnji-sodniki-le-delno-zadovoljni-s-placnim-dogovorom\/\" \/>\n<meta property=\"og:locale\" content=\"sl_SI\" \/>\n<meta property=\"og:type\" content=\"article\" \/>\n<meta property=\"og:title\" content=\"CELJE Tukaj\u0161nji sodniki le delno zadovoljni s pla\u010dnim dogovorom - Novice.si\" \/>\n<meta property=\"og:description\" content=\"Sodniki celjskega okro\u017eja so z me\u0161animi ob\u010dutki sprejeli torkovo zagotovilo predsednika vlade Roberta Goloba o linearnem povi\u0161anju pla\u010d za 600 evrov do ureditve pla\u010dnega polo\u017eaja. Obljuba je po njihovem lahko samo obetajo\u010d za\u010detek, ne pa sre\u010den konec, kakor se je na raz\u0161irjenem sodni\u0161kem ob\u010dnem zboru izrazil premier. V celjskem sodnem okro\u017eju se pla\u010de sodnikov ve\u010dinoma [&hellip;]\" \/>\n<meta property=\"og:url\" content=\"https:\/\/novice.si\/page\/celje-tukajsnji-sodniki-le-delno-zadovoljni-s-placnim-dogovorom\/\" \/>\n<meta property=\"og:site_name\" content=\"Novice.si\" \/>\n<meta property=\"article:published_time\" content=\"2023-01-12T13:29:32+00:00\" \/>\n<meta property=\"og:image\" content=\"https:\/\/novice.si\/page\/wp-content\/uploads\/2021\/03\/sodisce-obnova-fasada-2-scaled.jpg\" \/>\n\t<meta property=\"og:image:width\" content=\"2560\" \/>\n\t<meta property=\"og:image:height\" content=\"1440\" \/>\n\t<meta property=\"og:image:type\" content=\"image\/jpeg\" \/>\n<meta name=\"author\" content=\"Uredni\u0161tvo Celjana\" \/>\n<meta name=\"twitter:card\" content=\"summary_large_image\" \/>\n<meta name=\"twitter:label1\" content=\"Written by\" \/>\n\t<meta name=\"twitter:data1\" content=\"Uredni\u0161tvo Celjana\" \/>\n\t<meta name=\"twitter:label2\" content=\"Est. reading time\" \/>\n\t<meta name=\"twitter:data2\" content=\"1 minuta\" \/>\n<script type=\"application\/ld+json\" class=\"yoast-schema-graph\">{\"@context\":\"https:\\\/\\\/schema.org\",\"@graph\":[{\"@type\":\"Article\",\"@id\":\"https:\\\/\\\/novice.si\\\/page\\\/celje-tukajsnji-sodniki-le-delno-zadovoljni-s-placnim-dogovorom\\\/#article\",\"isPartOf\":{\"@id\":\"https:\\\/\\\/novice.si\\\/page\\\/celje-tukajsnji-sodniki-le-delno-zadovoljni-s-placnim-dogovorom\\\/\"},\"author\":{\"name\":\"Uredni\u0161tvo Celjana\",\"@id\":\"https:\\\/\\\/novice.si\\\/page\\\/#\\\/schema\\\/person\\\/57f25c9642a9541c7349c65d32032c3e\"},\"headline\":\"CELJE Tukaj\u0161nji sodniki le delno zadovoljni s pla\u010dnim dogovorom\",\"datePublished\":\"2023-01-12T13:29:32+00:00\",\"mainEntityOfPage\":{\"@id\":\"https:\\\/\\\/novice.si\\\/page\\\/celje-tukajsnji-sodniki-le-delno-zadovoljni-s-placnim-dogovorom\\\/\"},\"wordCount\":151,\"publisher\":{\"@id\":\"https:\\\/\\\/novice.si\\\/page\\\/#organization\"},\"image\":{\"@id\":\"https:\\\/\\\/novice.si\\\/page\\\/celje-tukajsnji-sodniki-le-delno-zadovoljni-s-placnim-dogovorom\\\/#primaryimage\"},\"thumbnailUrl\":\"https:\\\/\\\/novice.si\\\/page\\\/wp-content\\\/uploads\\\/2021\\\/03\\\/sodisce-obnova-fasada-2-scaled.jpg\",\"keywords\":[\"dodatek k pla\u010dam\",\"ob\u010dni zbor sodnikov\",\"petra giacomelli\",\"Robert Golob\",\"sidni\u0161ke pla\u010de\"],\"articleSection\":[\"Aktualno\",\"Celjsko\",\"Kronika\"],\"inLanguage\":\"sl-SI\"},{\"@type\":\"WebPage\",\"@id\":\"https:\\\/\\\/novice.si\\\/page\\\/celje-tukajsnji-sodniki-le-delno-zadovoljni-s-placnim-dogovorom\\\/\",\"url\":\"https:\\\/\\\/novice.si\\\/page\\\/celje-tukajsnji-sodniki-le-delno-zadovoljni-s-placnim-dogovorom\\\/\",\"name\":\"CELJE Tukaj\u0161nji sodniki le delno zadovoljni s pla\u010dnim dogovorom - Novice.si\",\"isPartOf\":{\"@id\":\"https:\\\/\\\/novice.si\\\/page\\\/#website\"},\"primaryImageOfPage\":{\"@id\":\"https:\\\/\\\/novice.si\\\/page\\\/celje-tukajsnji-sodniki-le-delno-zadovoljni-s-placnim-dogovorom\\\/#primaryimage\"},\"image\":{\"@id\":\"https:\\\/\\\/novice.si\\\/page\\\/celje-tukajsnji-sodniki-le-delno-zadovoljni-s-placnim-dogovorom\\\/#primaryimage\"},\"thumbnailUrl\":\"https:\\\/\\\/novice.si\\\/page\\\/wp-content\\\/uploads\\\/2021\\\/03\\\/sodisce-obnova-fasada-2-scaled.jpg\",\"datePublished\":\"2023-01-12T13:29:32+00:00\",\"breadcrumb\":{\"@id\":\"https:\\\/\\\/novice.si\\\/page\\\/celje-tukajsnji-sodniki-le-delno-zadovoljni-s-placnim-dogovorom\\\/#breadcrumb\"},\"inLanguage\":\"sl-SI\",\"potentialAction\":[{\"@type\":\"ReadAction\",\"target\":[\"https:\\\/\\\/novice.si\\\/page\\\/celje-tukajsnji-sodniki-le-delno-zadovoljni-s-placnim-dogovorom\\\/\"]}]},{\"@type\":\"ImageObject\",\"inLanguage\":\"sl-SI\",\"@id\":\"https:\\\/\\\/novice.si\\\/page\\\/celje-tukajsnji-sodniki-le-delno-zadovoljni-s-placnim-dogovorom\\\/#primaryimage\",\"url\":\"https:\\\/\\\/novice.si\\\/page\\\/wp-content\\\/uploads\\\/2021\\\/03\\\/sodisce-obnova-fasada-2-scaled.jpg\",\"contentUrl\":\"https:\\\/\\\/novice.si\\\/page\\\/wp-content\\\/uploads\\\/2021\\\/03\\\/sodisce-obnova-fasada-2-scaled.jpg\",\"width\":2560,\"height\":1440},{\"@type\":\"BreadcrumbList\",\"@id\":\"https:\\\/\\\/novice.si\\\/page\\\/celje-tukajsnji-sodniki-le-delno-zadovoljni-s-placnim-dogovorom\\\/#breadcrumb\",\"itemListElement\":[{\"@type\":\"ListItem\",\"position\":1,\"name\":\"Home\",\"item\":\"https:\\\/\\\/novice.si\\\/page\\\/\"},{\"@type\":\"ListItem\",\"position\":2,\"name\":\"CELJE Tukaj\u0161nji sodniki le delno zadovoljni s pla\u010dnim dogovorom\"}]},{\"@type\":\"WebSite\",\"@id\":\"https:\\\/\\\/novice.si\\\/page\\\/#website\",\"url\":\"https:\\\/\\\/novice.si\\\/page\\\/\",\"name\":\"Novice.si\",\"description\":\"\",\"publisher\":{\"@id\":\"https:\\\/\\\/novice.si\\\/page\\\/#organization\"},\"potentialAction\":[{\"@type\":\"SearchAction\",\"target\":{\"@type\":\"EntryPoint\",\"urlTemplate\":\"https:\\\/\\\/novice.si\\\/page\\\/?s={search_term_string}\"},\"query-input\":{\"@type\":\"PropertyValueSpecification\",\"valueRequired\":true,\"valueName\":\"search_term_string\"}}],\"inLanguage\":\"sl-SI\"},{\"@type\":\"Organization\",\"@id\":\"https:\\\/\\\/novice.si\\\/page\\\/#organization\",\"name\":\"Novice.si\",\"url\":\"https:\\\/\\\/novice.si\\\/page\\\/\",\"logo\":{\"@type\":\"ImageObject\",\"inLanguage\":\"sl-SI\",\"@id\":\"https:\\\/\\\/novice.si\\\/page\\\/#\\\/schema\\\/logo\\\/image\\\/\",\"url\":\"https:\\\/\\\/novice.si\\\/page\\\/wp-content\\\/uploads\\\/2023\\\/03\\\/novice_si.png\",\"contentUrl\":\"https:\\\/\\\/novice.si\\\/page\\\/wp-content\\\/uploads\\\/2023\\\/03\\\/novice_si.png\",\"width\":576,\"height\":200,\"caption\":\"Novice.si\"},\"image\":{\"@id\":\"https:\\\/\\\/novice.si\\\/page\\\/#\\\/schema\\\/logo\\\/image\\\/\"}},{\"@type\":\"Person\",\"@id\":\"https:\\\/\\\/novice.si\\\/page\\\/#\\\/schema\\\/person\\\/57f25c9642a9541c7349c65d32032c3e\",\"name\":\"Uredni\u0161tvo Celjana\",\"image\":{\"@type\":\"ImageObject\",\"inLanguage\":\"sl-SI\",\"@id\":\"https:\\\/\\\/secure.gravatar.com\\\/avatar\\\/78e52bc4279b65f6df6345e0ef0f7b792d361361f230cf4ffecfe0afe6d5629c?s=96&d=mm&r=g\",\"url\":\"https:\\\/\\\/secure.gravatar.com\\\/avatar\\\/78e52bc4279b65f6df6345e0ef0f7b792d361361f230cf4ffecfe0afe6d5629c?s=96&d=mm&r=g\",\"contentUrl\":\"https:\\\/\\\/secure.gravatar.com\\\/avatar\\\/78e52bc4279b65f6df6345e0ef0f7b792d361361f230cf4ffecfe0afe6d5629c?s=96&d=mm&r=g\",\"caption\":\"Uredni\u0161tvo Celjana\"},\"url\":\"https:\\\/\\\/novice.si\\\/page\\\/author\\\/primoz\\\/\"}]}<\/script>\n<!-- \/ Yoast SEO plugin. -->","yoast_head_json":{"title":"CELJE Tukaj\u0161nji sodniki le delno zadovoljni s pla\u010dnim dogovorom - Novice.si","robots":{"index":"index","follow":"follow","max-snippet":"max-snippet:-1","max-image-preview":"max-image-preview:large","max-video-preview":"max-video-preview:-1"},"canonical":"https:\/\/novice.si\/page\/celje-tukajsnji-sodniki-le-delno-zadovoljni-s-placnim-dogovorom\/","og_locale":"sl_SI","og_type":"article","og_title":"CELJE Tukaj\u0161nji sodniki le delno zadovoljni s pla\u010dnim dogovorom - Novice.si","og_description":"Sodniki celjskega okro\u017eja so z me\u0161animi ob\u010dutki sprejeli torkovo zagotovilo predsednika vlade Roberta Goloba o linearnem povi\u0161anju pla\u010d za 600 evrov do ureditve pla\u010dnega polo\u017eaja. Obljuba je po njihovem lahko samo obetajo\u010d za\u010detek, ne pa sre\u010den konec, kakor se je na raz\u0161irjenem sodni\u0161kem ob\u010dnem zboru izrazil premier. V celjskem sodnem okro\u017eju se pla\u010de sodnikov ve\u010dinoma [&hellip;]","og_url":"https:\/\/novice.si\/page\/celje-tukajsnji-sodniki-le-delno-zadovoljni-s-placnim-dogovorom\/","og_site_name":"Novice.si","article_published_time":"2023-01-12T13:29:32+00:00","og_image":[{"width":2560,"height":1440,"url":"https:\/\/novice.si\/page\/wp-content\/uploads\/2021\/03\/sodisce-obnova-fasada-2-scaled.jpg","type":"image\/jpeg"}],"author":"Uredni\u0161tvo Celjana","twitter_card":"summary_large_image","twitter_misc":{"Written by":"Uredni\u0161tvo Celjana","Est. reading time":"1 minuta"},"schema":{"@context":"https:\/\/schema.org","@graph":[{"@type":"Article","@id":"https:\/\/novice.si\/page\/celje-tukajsnji-sodniki-le-delno-zadovoljni-s-placnim-dogovorom\/#article","isPartOf":{"@id":"https:\/\/novice.si\/page\/celje-tukajsnji-sodniki-le-delno-zadovoljni-s-placnim-dogovorom\/"},"author":{"name":"Uredni\u0161tvo Celjana","@id":"https:\/\/novice.si\/page\/#\/schema\/person\/57f25c9642a9541c7349c65d32032c3e"},"headline":"CELJE Tukaj\u0161nji sodniki le delno zadovoljni s pla\u010dnim dogovorom","datePublished":"2023-01-12T13:29:32+00:00","mainEntityOfPage":{"@id":"https:\/\/novice.si\/page\/celje-tukajsnji-sodniki-le-delno-zadovoljni-s-placnim-dogovorom\/"},"wordCount":151,"publisher":{"@id":"https:\/\/novice.si\/page\/#organization"},"image":{"@id":"https:\/\/novice.si\/page\/celje-tukajsnji-sodniki-le-delno-zadovoljni-s-placnim-dogovorom\/#primaryimage"},"thumbnailUrl":"https:\/\/novice.si\/page\/wp-content\/uploads\/2021\/03\/sodisce-obnova-fasada-2-scaled.jpg","keywords":["dodatek k pla\u010dam","ob\u010dni zbor sodnikov","petra giacomelli","Robert Golob","sidni\u0161ke pla\u010de"],"articleSection":["Aktualno","Celjsko","Kronika"],"inLanguage":"sl-SI"},{"@type":"WebPage","@id":"https:\/\/novice.si\/page\/celje-tukajsnji-sodniki-le-delno-zadovoljni-s-placnim-dogovorom\/","url":"https:\/\/novice.si\/page\/celje-tukajsnji-sodniki-le-delno-zadovoljni-s-placnim-dogovorom\/","name":"CELJE Tukaj\u0161nji sodniki le delno zadovoljni s pla\u010dnim dogovorom - Novice.si","isPartOf":{"@id":"https:\/\/novice.si\/page\/#website"},"primaryImageOfPage":{"@id":"https:\/\/novice.si\/page\/celje-tukajsnji-sodniki-le-delno-zadovoljni-s-placnim-dogovorom\/#primaryimage"},"image":{"@id":"https:\/\/novice.si\/page\/celje-tukajsnji-sodniki-le-delno-zadovoljni-s-placnim-dogovorom\/#primaryimage"},"thumbnailUrl":"https:\/\/novice.si\/page\/wp-content\/uploads\/2021\/03\/sodisce-obnova-fasada-2-scaled.jpg","datePublished":"2023-01-12T13:29:32+00:00","breadcrumb":{"@id":"https:\/\/novice.si\/page\/celje-tukajsnji-sodniki-le-delno-zadovoljni-s-placnim-dogovorom\/#breadcrumb"},"inLanguage":"sl-SI","potentialAction":[{"@type":"ReadAction","target":["https:\/\/novice.si\/page\/celje-tukajsnji-sodniki-le-delno-zadovoljni-s-placnim-dogovorom\/"]}]},{"@type":"ImageObject","inLanguage":"sl-SI","@id":"https:\/\/novice.si\/page\/celje-tukajsnji-sodniki-le-delno-zadovoljni-s-placnim-dogovorom\/#primaryimage","url":"https:\/\/novice.si\/page\/wp-content\/uploads\/2021\/03\/sodisce-obnova-fasada-2-scaled.jpg","contentUrl":"https:\/\/novice.si\/page\/wp-content\/uploads\/2021\/03\/sodisce-obnova-fasada-2-scaled.jpg","width":2560,"height":1440},{"@type":"BreadcrumbList","@id":"https:\/\/novice.si\/page\/celje-tukajsnji-sodniki-le-delno-zadovoljni-s-placnim-dogovorom\/#breadcrumb","itemListElement":[{"@type":"ListItem","position":1,"name":"Home","item":"https:\/\/novice.si\/page\/"},{"@type":"ListItem","position":2,"name":"CELJE Tukaj\u0161nji sodniki le delno zadovoljni s pla\u010dnim dogovorom"}]},{"@type":"WebSite","@id":"https:\/\/novice.si\/page\/#website","url":"https:\/\/novice.si\/page\/","name":"Novice.si","description":"","publisher":{"@id":"https:\/\/novice.si\/page\/#organization"},"potentialAction":[{"@type":"SearchAction","target":{"@type":"EntryPoint","urlTemplate":"https:\/\/novice.si\/page\/?s={search_term_string}"},"query-input":{"@type":"PropertyValueSpecification","valueRequired":true,"valueName":"search_term_string"}}],"inLanguage":"sl-SI"},{"@type":"Organization","@id":"https:\/\/novice.si\/page\/#organization","name":"Novice.si","url":"https:\/\/novice.si\/page\/","logo":{"@type":"ImageObject","inLanguage":"sl-SI","@id":"https:\/\/novice.si\/page\/#\/schema\/logo\/image\/","url":"https:\/\/novice.si\/page\/wp-content\/uploads\/2023\/03\/novice_si.png","contentUrl":"https:\/\/novice.si\/page\/wp-content\/uploads\/2023\/03\/novice_si.png","width":576,"height":200,"caption":"Novice.si"},"image":{"@id":"https:\/\/novice.si\/page\/#\/schema\/logo\/image\/"}},{"@type":"Person","@id":"https:\/\/novice.si\/page\/#\/schema\/person\/57f25c9642a9541c7349c65d32032c3e","name":"Uredni\u0161tvo Celjana","image":{"@type":"ImageObject","inLanguage":"sl-SI","@id":"https:\/\/secure.gravatar.com\/avatar\/78e52bc4279b65f6df6345e0ef0f7b792d361361f230cf4ffecfe0afe6d5629c?s=96&d=mm&r=g","url":"https:\/\/secure.gravatar.com\/avatar\/78e52bc4279b65f6df6345e0ef0f7b792d361361f230cf4ffecfe0afe6d5629c?s=96&d=mm&r=g","contentUrl":"https:\/\/secure.gravatar.com\/avatar\/78e52bc4279b65f6df6345e0ef0f7b792d361361f230cf4ffecfe0afe6d5629c?s=96&d=mm&r=g","caption":"Uredni\u0161tvo Celjana"},"url":"https:\/\/novice.si\/page\/author\/primoz\/"}]}},"_links":{"self":[{"href":"https:\/\/novice.si\/page\/wp-json\/wp\/v2\/posts\/158879","targetHints":{"allow":["GET"]}}],"collection":[{"href":"https:\/\/novice.si\/page\/wp-json\/wp\/v2\/posts"}],"about":[{"href":"https:\/\/novice.si\/page\/wp-json\/wp\/v2\/types\/post"}],"author":[{"embeddable":true,"href":"https:\/\/novice.si\/page\/wp-json\/wp\/v2\/users\/33"}],"replies":[{"embeddable":true,"href":"https:\/\/novice.si\/page\/wp-json\/wp\/v2\/comments?post=158879"}],"version-history":[{"count":1,"href":"https:\/\/novice.si\/page\/wp-json\/wp\/v2\/posts\/158879\/revisions"}],"predecessor-version":[{"id":158880,"href":"https:\/\/novice.si\/page\/wp-json\/wp\/v2\/posts\/158879\/revisions\/158880"}],"wp:featuredmedia":[{"embeddable":true,"href":"https:\/\/novice.si\/page\/wp-json\/wp\/v2\/media\/137626"}],"wp:attachment":[{"href":"https:\/\/novice.si\/page\/wp-json\/wp\/v2\/media?parent=158879"}],"wp:term":[{"taxonomy":"category","embeddable":true,"href":"https:\/\/novice.si\/page\/wp-json\/wp\/v2\/categories?post=158879"},{"taxonomy":"post_tag","embeddable":true,"href":"https:\/\/novice.si\/page\/wp-json\/wp\/v2\/tags?post=158879"}],"curies":[{"name":"wp","href":"https:\/\/api.w.org\/{rel}","templated":true}]}}