{"id":158755,"date":"2023-01-10T14:49:19","date_gmt":"2023-01-10T13:49:19","guid":{"rendered":"https:\/\/novice.si\/page\/?p=158755"},"modified":"2023-01-10T14:49:19","modified_gmt":"2023-01-10T13:49:19","slug":"celje-slovenska-izvedenca-pri-abramovu-negirata-hrvaskega-kolego","status":"publish","type":"post","link":"https:\/\/novice.si\/page\/celje-slovenska-izvedenca-pri-abramovu-negirata-hrvaskega-kolego\/","title":{"rendered":"CELJE Slovenska izvedenca pri Abramovu negirata hrva\u0161kega kolego"},"content":{"rendered":"<p>Sodi\u0161\u010de v Celju nadaljuje sojenje <strong>Sebastienu Abramovu<\/strong>, obto\u017eenemu umora partnerke <strong>Sare Veber<\/strong> pred osmimi leti v Pernovem pri \u017dalcu.<\/p>\n<p><a href=\"https:\/\/novice.si\/page\/wp-content\/uploads\/2023\/01\/abramov-jan23-1-scaled.jpg\" data-gallery><img loading=\"lazy\" decoding=\"async\" class=\"size-medium wp-image-158756 alignleft\" src=\"https:\/\/novice.si\/page\/wp-content\/uploads\/2023\/01\/abramov-jan23-1-300x225.jpg\" alt=\"\" width=\"300\" height=\"225\" srcset=\"https:\/\/novice.si\/page\/wp-content\/uploads\/2023\/01\/abramov-jan23-1-300x225.jpg 300w, https:\/\/novice.si\/page\/wp-content\/uploads\/2023\/01\/abramov-jan23-1-1024x768.jpg 1024w, https:\/\/novice.si\/page\/wp-content\/uploads\/2023\/01\/abramov-jan23-1-768x576.jpg 768w, https:\/\/novice.si\/page\/wp-content\/uploads\/2023\/01\/abramov-jan23-1-1536x1152.jpg 1536w, https:\/\/novice.si\/page\/wp-content\/uploads\/2023\/01\/abramov-jan23-1-2048x1536.jpg 2048w, https:\/\/novice.si\/page\/wp-content\/uploads\/2023\/01\/abramov-jan23-1-80x60.jpg 80w, https:\/\/novice.si\/page\/wp-content\/uploads\/2023\/01\/abramov-jan23-1-265x198.jpg 265w, https:\/\/novice.si\/page\/wp-content\/uploads\/2023\/01\/abramov-jan23-1-696x522.jpg 696w, https:\/\/novice.si\/page\/wp-content\/uploads\/2023\/01\/abramov-jan23-1-1068x801.jpg 1068w, https:\/\/novice.si\/page\/wp-content\/uploads\/2023\/01\/abramov-jan23-1-560x420.jpg 560w, https:\/\/novice.si\/page\/wp-content\/uploads\/2023\/01\/abramov-jan23-1-24x18.jpg 24w, https:\/\/novice.si\/page\/wp-content\/uploads\/2023\/01\/abramov-jan23-1-36x27.jpg 36w, https:\/\/novice.si\/page\/wp-content\/uploads\/2023\/01\/abramov-jan23-1-48x36.jpg 48w\" sizes=\"auto, (max-width: 300px) 100vw, 300px\" \/><\/a>Kombinirano mnenje sta danes predstavila sodno medicinska izvedenka <strong>Simona \u0160ramek Zatler<\/strong> in balisti\u010dni izvedenec <strong>Toma\u017e Korbar<\/strong>.<\/p>\n<p>Vztrajala sta pri svojih ugotovitvah glede razdalje strelca, strelnega kanala in polo\u017eaja o\u0161kodovanke. Te ne gredo v prid obto\u017eenca, pri tem pa sta zavra\u010dala zaklju\u010dke v mnenju, ki ga je po naro\u010dilu obrambe izdelal hrva\u0161ki balist <strong>Vojin Ma\u0161truko<\/strong>. Na\u0161ima izvedencema je predvsem o\u010dital pomanjkljivo delo in nestrokovni pristop.<\/p>\n<p>Prihodnji mesec bodo zasli\u0161ali \u0161e tri pri\u010de obrambe.<\/p>\n<p>Obto\u017eenemu grozi 30 let zapora.<\/p>\n<p>P\u0160<\/p>\n","protected":false},"excerpt":{"rendered":"<p>Sodi\u0161\u010de v Celju nadaljuje sojenje Sebastienu Abramovu, obto\u017eenemu umora partnerke Sare Veber pred osmimi leti v Pernovem pri \u017dalcu. Kombinirano mnenje sta danes predstavila sodno medicinska izvedenka Simona \u0160ramek Zatler in balisti\u010dni izvedenec Toma\u017e Korbar. Vztrajala sta pri svojih ugotovitvah glede razdalje strelca, strelnega kanala in polo\u017eaja o\u0161kodovanke. Te ne gredo v prid obto\u017eenca, pri [&hellip;]<\/p>\n","protected":false},"author":33,"featured_media":158757,"comment_status":"closed","ping_status":"closed","sticky":false,"template":"","format":"standard","meta":{"footnotes":""},"categories":[14,17,29],"tags":[3522,4931,10476,356,16826,15204],"class_list":{"0":"post-158755","1":"post","2":"type-post","3":"status-publish","4":"format-standard","5":"has-post-thumbnail","7":"category-aktualno","8":"category-celjsko","9":"category-kronika","10":"tag-izvedenci","11":"tag-sebastien-abranov","12":"tag-simona-sramek-zatler","13":"tag-sojenje","14":"tag-tomaz-korbar","15":"tag-umor-v-pernovem-pri-zalcu"},"yoast_head":"<!-- This site is optimized with the Yoast SEO plugin v27.4 - https:\/\/yoast.com\/product\/yoast-seo-wordpress\/ -->\n<title>CELJE Slovenska izvedenca pri Abramovu negirata hrva\u0161kega kolego - Novice.si<\/title>\n<meta name=\"robots\" content=\"index, follow, max-snippet:-1, max-image-preview:large, max-video-preview:-1\" \/>\n<link rel=\"canonical\" href=\"https:\/\/novice.si\/page\/celje-slovenska-izvedenca-pri-abramovu-negirata-hrvaskega-kolego\/\" \/>\n<meta property=\"og:locale\" content=\"sl_SI\" \/>\n<meta property=\"og:type\" content=\"article\" \/>\n<meta property=\"og:title\" content=\"CELJE Slovenska izvedenca pri Abramovu negirata hrva\u0161kega kolego - Novice.si\" \/>\n<meta property=\"og:description\" content=\"Sodi\u0161\u010de v Celju nadaljuje sojenje Sebastienu Abramovu, obto\u017eenemu umora partnerke Sare Veber pred osmimi leti v Pernovem pri \u017dalcu. Kombinirano mnenje sta danes predstavila sodno medicinska izvedenka Simona \u0160ramek Zatler in balisti\u010dni izvedenec Toma\u017e Korbar. Vztrajala sta pri svojih ugotovitvah glede razdalje strelca, strelnega kanala in polo\u017eaja o\u0161kodovanke. Te ne gredo v prid obto\u017eenca, pri [&hellip;]\" \/>\n<meta property=\"og:url\" content=\"https:\/\/novice.si\/page\/celje-slovenska-izvedenca-pri-abramovu-negirata-hrvaskega-kolego\/\" \/>\n<meta property=\"og:site_name\" content=\"Novice.si\" \/>\n<meta property=\"article:published_time\" content=\"2023-01-10T13:49:19+00:00\" \/>\n<meta property=\"og:image\" content=\"https:\/\/novice.si\/page\/wp-content\/uploads\/2023\/01\/abramov-jan23-2-scaled.jpg\" \/>\n\t<meta property=\"og:image:width\" content=\"2560\" \/>\n\t<meta property=\"og:image:height\" content=\"1920\" \/>\n\t<meta property=\"og:image:type\" content=\"image\/jpeg\" \/>\n<meta name=\"author\" content=\"Uredni\u0161tvo Celjana\" \/>\n<meta name=\"twitter:card\" content=\"summary_large_image\" \/>\n<meta name=\"twitter:label1\" content=\"Written by\" \/>\n\t<meta name=\"twitter:data1\" content=\"Uredni\u0161tvo Celjana\" \/>\n\t<meta name=\"twitter:label2\" content=\"Est. reading time\" \/>\n\t<meta name=\"twitter:data2\" content=\"1 minuta\" \/>\n<script type=\"application\/ld+json\" class=\"yoast-schema-graph\">{\"@context\":\"https:\\\/\\\/schema.org\",\"@graph\":[{\"@type\":\"Article\",\"@id\":\"https:\\\/\\\/novice.si\\\/page\\\/celje-slovenska-izvedenca-pri-abramovu-negirata-hrvaskega-kolego\\\/#article\",\"isPartOf\":{\"@id\":\"https:\\\/\\\/novice.si\\\/page\\\/celje-slovenska-izvedenca-pri-abramovu-negirata-hrvaskega-kolego\\\/\"},\"author\":{\"name\":\"Uredni\u0161tvo Celjana\",\"@id\":\"https:\\\/\\\/novice.si\\\/page\\\/#\\\/schema\\\/person\\\/57f25c9642a9541c7349c65d32032c3e\"},\"headline\":\"CELJE Slovenska izvedenca pri Abramovu negirata hrva\u0161kega kolego\",\"datePublished\":\"2023-01-10T13:49:19+00:00\",\"mainEntityOfPage\":{\"@id\":\"https:\\\/\\\/novice.si\\\/page\\\/celje-slovenska-izvedenca-pri-abramovu-negirata-hrvaskega-kolego\\\/\"},\"wordCount\":121,\"publisher\":{\"@id\":\"https:\\\/\\\/novice.si\\\/page\\\/#organization\"},\"image\":{\"@id\":\"https:\\\/\\\/novice.si\\\/page\\\/celje-slovenska-izvedenca-pri-abramovu-negirata-hrvaskega-kolego\\\/#primaryimage\"},\"thumbnailUrl\":\"https:\\\/\\\/novice.si\\\/page\\\/wp-content\\\/uploads\\\/2023\\\/01\\\/abramov-jan23-2-scaled.jpg\",\"keywords\":[\"izvedenci\",\"Sebastien Abranov\",\"Simona \u0160ramek Zatler\",\"sojenje\",\"toma\u017e korbar\",\"umor v Pernovem pri \u017dalcu\"],\"articleSection\":[\"Aktualno\",\"Celjsko\",\"Kronika\"],\"inLanguage\":\"sl-SI\"},{\"@type\":\"WebPage\",\"@id\":\"https:\\\/\\\/novice.si\\\/page\\\/celje-slovenska-izvedenca-pri-abramovu-negirata-hrvaskega-kolego\\\/\",\"url\":\"https:\\\/\\\/novice.si\\\/page\\\/celje-slovenska-izvedenca-pri-abramovu-negirata-hrvaskega-kolego\\\/\",\"name\":\"CELJE Slovenska izvedenca pri Abramovu negirata hrva\u0161kega kolego - Novice.si\",\"isPartOf\":{\"@id\":\"https:\\\/\\\/novice.si\\\/page\\\/#website\"},\"primaryImageOfPage\":{\"@id\":\"https:\\\/\\\/novice.si\\\/page\\\/celje-slovenska-izvedenca-pri-abramovu-negirata-hrvaskega-kolego\\\/#primaryimage\"},\"image\":{\"@id\":\"https:\\\/\\\/novice.si\\\/page\\\/celje-slovenska-izvedenca-pri-abramovu-negirata-hrvaskega-kolego\\\/#primaryimage\"},\"thumbnailUrl\":\"https:\\\/\\\/novice.si\\\/page\\\/wp-content\\\/uploads\\\/2023\\\/01\\\/abramov-jan23-2-scaled.jpg\",\"datePublished\":\"2023-01-10T13:49:19+00:00\",\"breadcrumb\":{\"@id\":\"https:\\\/\\\/novice.si\\\/page\\\/celje-slovenska-izvedenca-pri-abramovu-negirata-hrvaskega-kolego\\\/#breadcrumb\"},\"inLanguage\":\"sl-SI\",\"potentialAction\":[{\"@type\":\"ReadAction\",\"target\":[\"https:\\\/\\\/novice.si\\\/page\\\/celje-slovenska-izvedenca-pri-abramovu-negirata-hrvaskega-kolego\\\/\"]}]},{\"@type\":\"ImageObject\",\"inLanguage\":\"sl-SI\",\"@id\":\"https:\\\/\\\/novice.si\\\/page\\\/celje-slovenska-izvedenca-pri-abramovu-negirata-hrvaskega-kolego\\\/#primaryimage\",\"url\":\"https:\\\/\\\/novice.si\\\/page\\\/wp-content\\\/uploads\\\/2023\\\/01\\\/abramov-jan23-2-scaled.jpg\",\"contentUrl\":\"https:\\\/\\\/novice.si\\\/page\\\/wp-content\\\/uploads\\\/2023\\\/01\\\/abramov-jan23-2-scaled.jpg\",\"width\":2560,\"height\":1920},{\"@type\":\"BreadcrumbList\",\"@id\":\"https:\\\/\\\/novice.si\\\/page\\\/celje-slovenska-izvedenca-pri-abramovu-negirata-hrvaskega-kolego\\\/#breadcrumb\",\"itemListElement\":[{\"@type\":\"ListItem\",\"position\":1,\"name\":\"Home\",\"item\":\"https:\\\/\\\/novice.si\\\/page\\\/\"},{\"@type\":\"ListItem\",\"position\":2,\"name\":\"CELJE Slovenska izvedenca pri Abramovu negirata hrva\u0161kega kolego\"}]},{\"@type\":\"WebSite\",\"@id\":\"https:\\\/\\\/novice.si\\\/page\\\/#website\",\"url\":\"https:\\\/\\\/novice.si\\\/page\\\/\",\"name\":\"Novice.si\",\"description\":\"\",\"publisher\":{\"@id\":\"https:\\\/\\\/novice.si\\\/page\\\/#organization\"},\"potentialAction\":[{\"@type\":\"SearchAction\",\"target\":{\"@type\":\"EntryPoint\",\"urlTemplate\":\"https:\\\/\\\/novice.si\\\/page\\\/?s={search_term_string}\"},\"query-input\":{\"@type\":\"PropertyValueSpecification\",\"valueRequired\":true,\"valueName\":\"search_term_string\"}}],\"inLanguage\":\"sl-SI\"},{\"@type\":\"Organization\",\"@id\":\"https:\\\/\\\/novice.si\\\/page\\\/#organization\",\"name\":\"Novice.si\",\"url\":\"https:\\\/\\\/novice.si\\\/page\\\/\",\"logo\":{\"@type\":\"ImageObject\",\"inLanguage\":\"sl-SI\",\"@id\":\"https:\\\/\\\/novice.si\\\/page\\\/#\\\/schema\\\/logo\\\/image\\\/\",\"url\":\"https:\\\/\\\/novice.si\\\/page\\\/wp-content\\\/uploads\\\/2023\\\/03\\\/novice_si.png\",\"contentUrl\":\"https:\\\/\\\/novice.si\\\/page\\\/wp-content\\\/uploads\\\/2023\\\/03\\\/novice_si.png\",\"width\":576,\"height\":200,\"caption\":\"Novice.si\"},\"image\":{\"@id\":\"https:\\\/\\\/novice.si\\\/page\\\/#\\\/schema\\\/logo\\\/image\\\/\"}},{\"@type\":\"Person\",\"@id\":\"https:\\\/\\\/novice.si\\\/page\\\/#\\\/schema\\\/person\\\/57f25c9642a9541c7349c65d32032c3e\",\"name\":\"Uredni\u0161tvo Celjana\",\"image\":{\"@type\":\"ImageObject\",\"inLanguage\":\"sl-SI\",\"@id\":\"https:\\\/\\\/secure.gravatar.com\\\/avatar\\\/78e52bc4279b65f6df6345e0ef0f7b792d361361f230cf4ffecfe0afe6d5629c?s=96&d=mm&r=g\",\"url\":\"https:\\\/\\\/secure.gravatar.com\\\/avatar\\\/78e52bc4279b65f6df6345e0ef0f7b792d361361f230cf4ffecfe0afe6d5629c?s=96&d=mm&r=g\",\"contentUrl\":\"https:\\\/\\\/secure.gravatar.com\\\/avatar\\\/78e52bc4279b65f6df6345e0ef0f7b792d361361f230cf4ffecfe0afe6d5629c?s=96&d=mm&r=g\",\"caption\":\"Uredni\u0161tvo Celjana\"},\"url\":\"https:\\\/\\\/novice.si\\\/page\\\/author\\\/primoz\\\/\"}]}<\/script>\n<!-- \/ Yoast SEO plugin. -->","yoast_head_json":{"title":"CELJE Slovenska izvedenca pri Abramovu negirata hrva\u0161kega kolego - Novice.si","robots":{"index":"index","follow":"follow","max-snippet":"max-snippet:-1","max-image-preview":"max-image-preview:large","max-video-preview":"max-video-preview:-1"},"canonical":"https:\/\/novice.si\/page\/celje-slovenska-izvedenca-pri-abramovu-negirata-hrvaskega-kolego\/","og_locale":"sl_SI","og_type":"article","og_title":"CELJE Slovenska izvedenca pri Abramovu negirata hrva\u0161kega kolego - Novice.si","og_description":"Sodi\u0161\u010de v Celju nadaljuje sojenje Sebastienu Abramovu, obto\u017eenemu umora partnerke Sare Veber pred osmimi leti v Pernovem pri \u017dalcu. Kombinirano mnenje sta danes predstavila sodno medicinska izvedenka Simona \u0160ramek Zatler in balisti\u010dni izvedenec Toma\u017e Korbar. Vztrajala sta pri svojih ugotovitvah glede razdalje strelca, strelnega kanala in polo\u017eaja o\u0161kodovanke. Te ne gredo v prid obto\u017eenca, pri [&hellip;]","og_url":"https:\/\/novice.si\/page\/celje-slovenska-izvedenca-pri-abramovu-negirata-hrvaskega-kolego\/","og_site_name":"Novice.si","article_published_time":"2023-01-10T13:49:19+00:00","og_image":[{"width":2560,"height":1920,"url":"https:\/\/novice.si\/page\/wp-content\/uploads\/2023\/01\/abramov-jan23-2-scaled.jpg","type":"image\/jpeg"}],"author":"Uredni\u0161tvo Celjana","twitter_card":"summary_large_image","twitter_misc":{"Written by":"Uredni\u0161tvo Celjana","Est. reading time":"1 minuta"},"schema":{"@context":"https:\/\/schema.org","@graph":[{"@type":"Article","@id":"https:\/\/novice.si\/page\/celje-slovenska-izvedenca-pri-abramovu-negirata-hrvaskega-kolego\/#article","isPartOf":{"@id":"https:\/\/novice.si\/page\/celje-slovenska-izvedenca-pri-abramovu-negirata-hrvaskega-kolego\/"},"author":{"name":"Uredni\u0161tvo Celjana","@id":"https:\/\/novice.si\/page\/#\/schema\/person\/57f25c9642a9541c7349c65d32032c3e"},"headline":"CELJE Slovenska izvedenca pri Abramovu negirata hrva\u0161kega kolego","datePublished":"2023-01-10T13:49:19+00:00","mainEntityOfPage":{"@id":"https:\/\/novice.si\/page\/celje-slovenska-izvedenca-pri-abramovu-negirata-hrvaskega-kolego\/"},"wordCount":121,"publisher":{"@id":"https:\/\/novice.si\/page\/#organization"},"image":{"@id":"https:\/\/novice.si\/page\/celje-slovenska-izvedenca-pri-abramovu-negirata-hrvaskega-kolego\/#primaryimage"},"thumbnailUrl":"https:\/\/novice.si\/page\/wp-content\/uploads\/2023\/01\/abramov-jan23-2-scaled.jpg","keywords":["izvedenci","Sebastien Abranov","Simona \u0160ramek Zatler","sojenje","toma\u017e korbar","umor v Pernovem pri \u017dalcu"],"articleSection":["Aktualno","Celjsko","Kronika"],"inLanguage":"sl-SI"},{"@type":"WebPage","@id":"https:\/\/novice.si\/page\/celje-slovenska-izvedenca-pri-abramovu-negirata-hrvaskega-kolego\/","url":"https:\/\/novice.si\/page\/celje-slovenska-izvedenca-pri-abramovu-negirata-hrvaskega-kolego\/","name":"CELJE Slovenska izvedenca pri Abramovu negirata hrva\u0161kega kolego - Novice.si","isPartOf":{"@id":"https:\/\/novice.si\/page\/#website"},"primaryImageOfPage":{"@id":"https:\/\/novice.si\/page\/celje-slovenska-izvedenca-pri-abramovu-negirata-hrvaskega-kolego\/#primaryimage"},"image":{"@id":"https:\/\/novice.si\/page\/celje-slovenska-izvedenca-pri-abramovu-negirata-hrvaskega-kolego\/#primaryimage"},"thumbnailUrl":"https:\/\/novice.si\/page\/wp-content\/uploads\/2023\/01\/abramov-jan23-2-scaled.jpg","datePublished":"2023-01-10T13:49:19+00:00","breadcrumb":{"@id":"https:\/\/novice.si\/page\/celje-slovenska-izvedenca-pri-abramovu-negirata-hrvaskega-kolego\/#breadcrumb"},"inLanguage":"sl-SI","potentialAction":[{"@type":"ReadAction","target":["https:\/\/novice.si\/page\/celje-slovenska-izvedenca-pri-abramovu-negirata-hrvaskega-kolego\/"]}]},{"@type":"ImageObject","inLanguage":"sl-SI","@id":"https:\/\/novice.si\/page\/celje-slovenska-izvedenca-pri-abramovu-negirata-hrvaskega-kolego\/#primaryimage","url":"https:\/\/novice.si\/page\/wp-content\/uploads\/2023\/01\/abramov-jan23-2-scaled.jpg","contentUrl":"https:\/\/novice.si\/page\/wp-content\/uploads\/2023\/01\/abramov-jan23-2-scaled.jpg","width":2560,"height":1920},{"@type":"BreadcrumbList","@id":"https:\/\/novice.si\/page\/celje-slovenska-izvedenca-pri-abramovu-negirata-hrvaskega-kolego\/#breadcrumb","itemListElement":[{"@type":"ListItem","position":1,"name":"Home","item":"https:\/\/novice.si\/page\/"},{"@type":"ListItem","position":2,"name":"CELJE Slovenska izvedenca pri Abramovu negirata hrva\u0161kega kolego"}]},{"@type":"WebSite","@id":"https:\/\/novice.si\/page\/#website","url":"https:\/\/novice.si\/page\/","name":"Novice.si","description":"","publisher":{"@id":"https:\/\/novice.si\/page\/#organization"},"potentialAction":[{"@type":"SearchAction","target":{"@type":"EntryPoint","urlTemplate":"https:\/\/novice.si\/page\/?s={search_term_string}"},"query-input":{"@type":"PropertyValueSpecification","valueRequired":true,"valueName":"search_term_string"}}],"inLanguage":"sl-SI"},{"@type":"Organization","@id":"https:\/\/novice.si\/page\/#organization","name":"Novice.si","url":"https:\/\/novice.si\/page\/","logo":{"@type":"ImageObject","inLanguage":"sl-SI","@id":"https:\/\/novice.si\/page\/#\/schema\/logo\/image\/","url":"https:\/\/novice.si\/page\/wp-content\/uploads\/2023\/03\/novice_si.png","contentUrl":"https:\/\/novice.si\/page\/wp-content\/uploads\/2023\/03\/novice_si.png","width":576,"height":200,"caption":"Novice.si"},"image":{"@id":"https:\/\/novice.si\/page\/#\/schema\/logo\/image\/"}},{"@type":"Person","@id":"https:\/\/novice.si\/page\/#\/schema\/person\/57f25c9642a9541c7349c65d32032c3e","name":"Uredni\u0161tvo Celjana","image":{"@type":"ImageObject","inLanguage":"sl-SI","@id":"https:\/\/secure.gravatar.com\/avatar\/78e52bc4279b65f6df6345e0ef0f7b792d361361f230cf4ffecfe0afe6d5629c?s=96&d=mm&r=g","url":"https:\/\/secure.gravatar.com\/avatar\/78e52bc4279b65f6df6345e0ef0f7b792d361361f230cf4ffecfe0afe6d5629c?s=96&d=mm&r=g","contentUrl":"https:\/\/secure.gravatar.com\/avatar\/78e52bc4279b65f6df6345e0ef0f7b792d361361f230cf4ffecfe0afe6d5629c?s=96&d=mm&r=g","caption":"Uredni\u0161tvo Celjana"},"url":"https:\/\/novice.si\/page\/author\/primoz\/"}]}},"_links":{"self":[{"href":"https:\/\/novice.si\/page\/wp-json\/wp\/v2\/posts\/158755","targetHints":{"allow":["GET"]}}],"collection":[{"href":"https:\/\/novice.si\/page\/wp-json\/wp\/v2\/posts"}],"about":[{"href":"https:\/\/novice.si\/page\/wp-json\/wp\/v2\/types\/post"}],"author":[{"embeddable":true,"href":"https:\/\/novice.si\/page\/wp-json\/wp\/v2\/users\/33"}],"replies":[{"embeddable":true,"href":"https:\/\/novice.si\/page\/wp-json\/wp\/v2\/comments?post=158755"}],"version-history":[{"count":1,"href":"https:\/\/novice.si\/page\/wp-json\/wp\/v2\/posts\/158755\/revisions"}],"predecessor-version":[{"id":158758,"href":"https:\/\/novice.si\/page\/wp-json\/wp\/v2\/posts\/158755\/revisions\/158758"}],"wp:featuredmedia":[{"embeddable":true,"href":"https:\/\/novice.si\/page\/wp-json\/wp\/v2\/media\/158757"}],"wp:attachment":[{"href":"https:\/\/novice.si\/page\/wp-json\/wp\/v2\/media?parent=158755"}],"wp:term":[{"taxonomy":"category","embeddable":true,"href":"https:\/\/novice.si\/page\/wp-json\/wp\/v2\/categories?post=158755"},{"taxonomy":"post_tag","embeddable":true,"href":"https:\/\/novice.si\/page\/wp-json\/wp\/v2\/tags?post=158755"}],"curies":[{"name":"wp","href":"https:\/\/api.w.org\/{rel}","templated":true}]}}