{"id":158751,"date":"2023-01-10T13:20:20","date_gmt":"2023-01-10T12:20:20","guid":{"rendered":"https:\/\/novice.si\/page\/?p=158751"},"modified":"2023-01-10T13:21:22","modified_gmt":"2023-01-10T12:21:22","slug":"slovenske-konjice-zdravniki-jutri-ne-bodo-stavkali-bodo-pa-danes-bolniki","status":"publish","type":"post","link":"https:\/\/novice.si\/page\/slovenske-konjice-zdravniki-jutri-ne-bodo-stavkali-bodo-pa-danes-bolniki\/","title":{"rendered":"Slovenske Konjice: zdravniki jutri ne bodo stavkali, bodo pa danes bolniki"},"content":{"rendered":"<p><strong>V Zdravstvenem domu Slovenske Konjice zdravniki jutri (v sredo) ne bodo stavkali, za danes popoldne pa tudi v tem mestu protestni shod napovedujejo bolniki.<\/strong><\/p>\n<p><a href=\"https:\/\/novice.si\/page\/wp-content\/uploads\/2022\/04\/zdravstveni-dom-konjice-prizidek-1-scaled.jpg\" data-gallery><img loading=\"lazy\" decoding=\"async\" class=\"size-medium wp-image-148736 alignleft\" src=\"https:\/\/novice.si\/page\/wp-content\/uploads\/2022\/04\/zdravstveni-dom-konjice-prizidek-1-300x200.jpg\" alt=\"\" width=\"300\" height=\"200\" srcset=\"https:\/\/novice.si\/page\/wp-content\/uploads\/2022\/04\/zdravstveni-dom-konjice-prizidek-1-300x200.jpg 300w, https:\/\/novice.si\/page\/wp-content\/uploads\/2022\/04\/zdravstveni-dom-konjice-prizidek-1-1024x683.jpg 1024w, https:\/\/novice.si\/page\/wp-content\/uploads\/2022\/04\/zdravstveni-dom-konjice-prizidek-1-768x512.jpg 768w, https:\/\/novice.si\/page\/wp-content\/uploads\/2022\/04\/zdravstveni-dom-konjice-prizidek-1-1536x1024.jpg 1536w, https:\/\/novice.si\/page\/wp-content\/uploads\/2022\/04\/zdravstveni-dom-konjice-prizidek-1-2048x1365.jpg 2048w, https:\/\/novice.si\/page\/wp-content\/uploads\/2022\/04\/zdravstveni-dom-konjice-prizidek-1-696x464.jpg 696w, https:\/\/novice.si\/page\/wp-content\/uploads\/2022\/04\/zdravstveni-dom-konjice-prizidek-1-1068x712.jpg 1068w, https:\/\/novice.si\/page\/wp-content\/uploads\/2022\/04\/zdravstveni-dom-konjice-prizidek-1-630x420.jpg 630w, https:\/\/novice.si\/page\/wp-content\/uploads\/2022\/04\/zdravstveni-dom-konjice-prizidek-1-24x16.jpg 24w, https:\/\/novice.si\/page\/wp-content\/uploads\/2022\/04\/zdravstveni-dom-konjice-prizidek-1-36x24.jpg 36w, https:\/\/novice.si\/page\/wp-content\/uploads\/2022\/04\/zdravstveni-dom-konjice-prizidek-1-48x32.jpg 48w\" sizes=\"auto, (max-width: 300px) 100vw, 300px\" \/><\/a>Jutri\u0161nji enodnevni opozorilni stavki zdravnikov se zdravniki, zaposleni v Zdravstvenem domu Slovenske Konjice, ne bodo pridru\u017eili. Kot je za Radio Rogla in \u010dasopis NOVICE pojasnil direktor <strong>Dejan Verhov\u0161ek<\/strong>, bi stavka pomenila zgolj prelo\u017eitev dodatnega dela na ostale dni.<br \/>\n<em>&#8220;Stavko bi podprli in se ji pridru\u017eili, \u010de bi se z njo v najve\u010dji mo\u017eni meri zavzemali za bolj\u0161e pogoje dela (administrativna razbremenitev v ambulantah). Torej stavke zdravnikov v sredo pacienti na na\u0161em obmo\u010dju ne bodo \u010dutili,&#8221;<\/em> je povedal direktor zdravstvenega doma.<\/p>\n<p><strong>Popoldanski shod tudi v Konjicah<\/strong><\/p>\n<p>So pa za danes (torek) popoldne tudi v Slovenskih Konjicah napovedali protestni shod bolnikov. Popoldne naj bi nezadovoljstvo s trenutnimi razmerami v javnem zdravstvu izrazili pred konji\u0161kim zdravstvenim domom.<br \/>\nPrvo stavko bolnikov v razli\u010dnih krajih po Sloveniji\u00a0 pripravlja Iniciativa Glas ljudstva. Med drugim zahtevajo takoj\u0161en dostop do osebnega zdravnika, odpravo dodatnega zdravstvenega zavarovanja in odpravo dela zdravnikov v dvojnih praksah. (N. K.)<\/p>\n","protected":false},"excerpt":{"rendered":"<p>V Zdravstvenem domu Slovenske Konjice zdravniki jutri (v sredo) ne bodo stavkali, za danes popoldne pa tudi v tem mestu protestni shod napovedujejo bolniki. Jutri\u0161nji enodnevni opozorilni stavki zdravnikov se zdravniki, zaposleni v Zdravstvenem domu Slovenske Konjice, ne bodo pridru\u017eili. Kot je za Radio Rogla in \u010dasopis NOVICE pojasnil direktor Dejan Verhov\u0161ek, bi stavka pomenila [&hellip;]<\/p>\n","protected":false},"author":12,"featured_media":146632,"comment_status":"closed","ping_status":"closed","sticky":false,"template":"","format":"standard","meta":{"footnotes":""},"categories":[14,868,16,141,3108],"tags":[197,16824,16825],"class_list":{"0":"post-158751","1":"post","2":"type-post","3":"status-publish","4":"format-standard","5":"has-post-thumbnail","7":"category-aktualno","8":"category-casopisi","9":"category-konjisko","10":"category-novice","11":"category-radio-rogla","12":"tag-slovenske-konjice","13":"tag-stavka-bolnikov","14":"tag-stavka-zdravnikov"},"yoast_head":"<!-- This site is optimized with the Yoast SEO plugin v27.4 - https:\/\/yoast.com\/product\/yoast-seo-wordpress\/ -->\n<title>Slovenske Konjice: zdravniki jutri ne bodo stavkali, bodo pa danes bolniki - Novice.si<\/title>\n<meta name=\"robots\" content=\"index, follow, max-snippet:-1, max-image-preview:large, max-video-preview:-1\" \/>\n<link rel=\"canonical\" href=\"https:\/\/novice.si\/page\/slovenske-konjice-zdravniki-jutri-ne-bodo-stavkali-bodo-pa-danes-bolniki\/\" \/>\n<meta property=\"og:locale\" content=\"sl_SI\" \/>\n<meta property=\"og:type\" content=\"article\" \/>\n<meta property=\"og:title\" content=\"Slovenske Konjice: zdravniki jutri ne bodo stavkali, bodo pa danes bolniki - Novice.si\" \/>\n<meta property=\"og:description\" content=\"V Zdravstvenem domu Slovenske Konjice zdravniki jutri (v sredo) ne bodo stavkali, za danes popoldne pa tudi v tem mestu protestni shod napovedujejo bolniki. Jutri\u0161nji enodnevni opozorilni stavki zdravnikov se zdravniki, zaposleni v Zdravstvenem domu Slovenske Konjice, ne bodo pridru\u017eili. Kot je za Radio Rogla in \u010dasopis NOVICE pojasnil direktor Dejan Verhov\u0161ek, bi stavka pomenila [&hellip;]\" \/>\n<meta property=\"og:url\" content=\"https:\/\/novice.si\/page\/slovenske-konjice-zdravniki-jutri-ne-bodo-stavkali-bodo-pa-danes-bolniki\/\" \/>\n<meta property=\"og:site_name\" content=\"Novice.si\" \/>\n<meta property=\"article:published_time\" content=\"2023-01-10T12:20:20+00:00\" \/>\n<meta property=\"article:modified_time\" content=\"2023-01-10T12:21:22+00:00\" \/>\n<meta property=\"og:image\" content=\"https:\/\/novice.si\/page\/wp-content\/uploads\/2022\/01\/zdravstveni-dom-konjice-2021-scaled.jpg\" \/>\n\t<meta property=\"og:image:width\" content=\"2560\" \/>\n\t<meta property=\"og:image:height\" content=\"1707\" \/>\n\t<meta property=\"og:image:type\" content=\"image\/jpeg\" \/>\n<meta name=\"author\" content=\"Uredni\u0161tvo Celjana\" \/>\n<meta name=\"twitter:card\" content=\"summary_large_image\" \/>\n<meta name=\"twitter:label1\" content=\"Written by\" \/>\n\t<meta name=\"twitter:data1\" content=\"Uredni\u0161tvo Celjana\" \/>\n\t<meta name=\"twitter:label2\" content=\"Est. reading time\" \/>\n\t<meta name=\"twitter:data2\" content=\"2 minuti\" \/>\n<script type=\"application\/ld+json\" class=\"yoast-schema-graph\">{\"@context\":\"https:\\\/\\\/schema.org\",\"@graph\":[{\"@type\":\"Article\",\"@id\":\"https:\\\/\\\/novice.si\\\/page\\\/slovenske-konjice-zdravniki-jutri-ne-bodo-stavkali-bodo-pa-danes-bolniki\\\/#article\",\"isPartOf\":{\"@id\":\"https:\\\/\\\/novice.si\\\/page\\\/slovenske-konjice-zdravniki-jutri-ne-bodo-stavkali-bodo-pa-danes-bolniki\\\/\"},\"author\":{\"name\":\"Uredni\u0161tvo Celjana\",\"@id\":\"https:\\\/\\\/novice.si\\\/page\\\/#\\\/schema\\\/person\\\/51903923b50fefb075bc1cd24fe4d065\"},\"headline\":\"Slovenske Konjice: zdravniki jutri ne bodo stavkali, bodo pa danes bolniki\",\"datePublished\":\"2023-01-10T12:20:20+00:00\",\"dateModified\":\"2023-01-10T12:21:22+00:00\",\"mainEntityOfPage\":{\"@id\":\"https:\\\/\\\/novice.si\\\/page\\\/slovenske-konjice-zdravniki-jutri-ne-bodo-stavkali-bodo-pa-danes-bolniki\\\/\"},\"wordCount\":195,\"publisher\":{\"@id\":\"https:\\\/\\\/novice.si\\\/page\\\/#organization\"},\"image\":{\"@id\":\"https:\\\/\\\/novice.si\\\/page\\\/slovenske-konjice-zdravniki-jutri-ne-bodo-stavkali-bodo-pa-danes-bolniki\\\/#primaryimage\"},\"thumbnailUrl\":\"https:\\\/\\\/novice.si\\\/page\\\/wp-content\\\/uploads\\\/2022\\\/01\\\/zdravstveni-dom-konjice-2021-scaled.jpg\",\"keywords\":[\"Slovenske Konjice\",\"stavka bolnikov\",\"stavka zdravnikov\"],\"articleSection\":[\"Aktualno\",\"\u010casopisi\",\"Konji\u0161ko\",\"Novice\",\"Radio Rogla\"],\"inLanguage\":\"sl-SI\"},{\"@type\":\"WebPage\",\"@id\":\"https:\\\/\\\/novice.si\\\/page\\\/slovenske-konjice-zdravniki-jutri-ne-bodo-stavkali-bodo-pa-danes-bolniki\\\/\",\"url\":\"https:\\\/\\\/novice.si\\\/page\\\/slovenske-konjice-zdravniki-jutri-ne-bodo-stavkali-bodo-pa-danes-bolniki\\\/\",\"name\":\"Slovenske Konjice: zdravniki jutri ne bodo stavkali, bodo pa danes bolniki - Novice.si\",\"isPartOf\":{\"@id\":\"https:\\\/\\\/novice.si\\\/page\\\/#website\"},\"primaryImageOfPage\":{\"@id\":\"https:\\\/\\\/novice.si\\\/page\\\/slovenske-konjice-zdravniki-jutri-ne-bodo-stavkali-bodo-pa-danes-bolniki\\\/#primaryimage\"},\"image\":{\"@id\":\"https:\\\/\\\/novice.si\\\/page\\\/slovenske-konjice-zdravniki-jutri-ne-bodo-stavkali-bodo-pa-danes-bolniki\\\/#primaryimage\"},\"thumbnailUrl\":\"https:\\\/\\\/novice.si\\\/page\\\/wp-content\\\/uploads\\\/2022\\\/01\\\/zdravstveni-dom-konjice-2021-scaled.jpg\",\"datePublished\":\"2023-01-10T12:20:20+00:00\",\"dateModified\":\"2023-01-10T12:21:22+00:00\",\"breadcrumb\":{\"@id\":\"https:\\\/\\\/novice.si\\\/page\\\/slovenske-konjice-zdravniki-jutri-ne-bodo-stavkali-bodo-pa-danes-bolniki\\\/#breadcrumb\"},\"inLanguage\":\"sl-SI\",\"potentialAction\":[{\"@type\":\"ReadAction\",\"target\":[\"https:\\\/\\\/novice.si\\\/page\\\/slovenske-konjice-zdravniki-jutri-ne-bodo-stavkali-bodo-pa-danes-bolniki\\\/\"]}]},{\"@type\":\"ImageObject\",\"inLanguage\":\"sl-SI\",\"@id\":\"https:\\\/\\\/novice.si\\\/page\\\/slovenske-konjice-zdravniki-jutri-ne-bodo-stavkali-bodo-pa-danes-bolniki\\\/#primaryimage\",\"url\":\"https:\\\/\\\/novice.si\\\/page\\\/wp-content\\\/uploads\\\/2022\\\/01\\\/zdravstveni-dom-konjice-2021-scaled.jpg\",\"contentUrl\":\"https:\\\/\\\/novice.si\\\/page\\\/wp-content\\\/uploads\\\/2022\\\/01\\\/zdravstveni-dom-konjice-2021-scaled.jpg\",\"width\":2560,\"height\":1707},{\"@type\":\"BreadcrumbList\",\"@id\":\"https:\\\/\\\/novice.si\\\/page\\\/slovenske-konjice-zdravniki-jutri-ne-bodo-stavkali-bodo-pa-danes-bolniki\\\/#breadcrumb\",\"itemListElement\":[{\"@type\":\"ListItem\",\"position\":1,\"name\":\"Home\",\"item\":\"https:\\\/\\\/novice.si\\\/page\\\/\"},{\"@type\":\"ListItem\",\"position\":2,\"name\":\"Slovenske Konjice: zdravniki jutri ne bodo stavkali, bodo pa danes bolniki\"}]},{\"@type\":\"WebSite\",\"@id\":\"https:\\\/\\\/novice.si\\\/page\\\/#website\",\"url\":\"https:\\\/\\\/novice.si\\\/page\\\/\",\"name\":\"Novice.si\",\"description\":\"\",\"publisher\":{\"@id\":\"https:\\\/\\\/novice.si\\\/page\\\/#organization\"},\"potentialAction\":[{\"@type\":\"SearchAction\",\"target\":{\"@type\":\"EntryPoint\",\"urlTemplate\":\"https:\\\/\\\/novice.si\\\/page\\\/?s={search_term_string}\"},\"query-input\":{\"@type\":\"PropertyValueSpecification\",\"valueRequired\":true,\"valueName\":\"search_term_string\"}}],\"inLanguage\":\"sl-SI\"},{\"@type\":\"Organization\",\"@id\":\"https:\\\/\\\/novice.si\\\/page\\\/#organization\",\"name\":\"Novice.si\",\"url\":\"https:\\\/\\\/novice.si\\\/page\\\/\",\"logo\":{\"@type\":\"ImageObject\",\"inLanguage\":\"sl-SI\",\"@id\":\"https:\\\/\\\/novice.si\\\/page\\\/#\\\/schema\\\/logo\\\/image\\\/\",\"url\":\"https:\\\/\\\/novice.si\\\/page\\\/wp-content\\\/uploads\\\/2023\\\/03\\\/novice_si.png\",\"contentUrl\":\"https:\\\/\\\/novice.si\\\/page\\\/wp-content\\\/uploads\\\/2023\\\/03\\\/novice_si.png\",\"width\":576,\"height\":200,\"caption\":\"Novice.si\"},\"image\":{\"@id\":\"https:\\\/\\\/novice.si\\\/page\\\/#\\\/schema\\\/logo\\\/image\\\/\"}},{\"@type\":\"Person\",\"@id\":\"https:\\\/\\\/novice.si\\\/page\\\/#\\\/schema\\\/person\\\/51903923b50fefb075bc1cd24fe4d065\",\"name\":\"Uredni\u0161tvo Celjana\",\"image\":{\"@type\":\"ImageObject\",\"inLanguage\":\"sl-SI\",\"@id\":\"https:\\\/\\\/secure.gravatar.com\\\/avatar\\\/b516f102aa90b53619e09722b8ea56721c99bfcb4f1035f9b333d99f52330226?s=96&d=mm&r=g\",\"url\":\"https:\\\/\\\/secure.gravatar.com\\\/avatar\\\/b516f102aa90b53619e09722b8ea56721c99bfcb4f1035f9b333d99f52330226?s=96&d=mm&r=g\",\"contentUrl\":\"https:\\\/\\\/secure.gravatar.com\\\/avatar\\\/b516f102aa90b53619e09722b8ea56721c99bfcb4f1035f9b333d99f52330226?s=96&d=mm&r=g\",\"caption\":\"Uredni\u0161tvo Celjana\"},\"url\":\"https:\\\/\\\/novice.si\\\/page\\\/author\\\/nejc\\\/\"}]}<\/script>\n<!-- \/ Yoast SEO plugin. -->","yoast_head_json":{"title":"Slovenske Konjice: zdravniki jutri ne bodo stavkali, bodo pa danes bolniki - Novice.si","robots":{"index":"index","follow":"follow","max-snippet":"max-snippet:-1","max-image-preview":"max-image-preview:large","max-video-preview":"max-video-preview:-1"},"canonical":"https:\/\/novice.si\/page\/slovenske-konjice-zdravniki-jutri-ne-bodo-stavkali-bodo-pa-danes-bolniki\/","og_locale":"sl_SI","og_type":"article","og_title":"Slovenske Konjice: zdravniki jutri ne bodo stavkali, bodo pa danes bolniki - Novice.si","og_description":"V Zdravstvenem domu Slovenske Konjice zdravniki jutri (v sredo) ne bodo stavkali, za danes popoldne pa tudi v tem mestu protestni shod napovedujejo bolniki. Jutri\u0161nji enodnevni opozorilni stavki zdravnikov se zdravniki, zaposleni v Zdravstvenem domu Slovenske Konjice, ne bodo pridru\u017eili. Kot je za Radio Rogla in \u010dasopis NOVICE pojasnil direktor Dejan Verhov\u0161ek, bi stavka pomenila [&hellip;]","og_url":"https:\/\/novice.si\/page\/slovenske-konjice-zdravniki-jutri-ne-bodo-stavkali-bodo-pa-danes-bolniki\/","og_site_name":"Novice.si","article_published_time":"2023-01-10T12:20:20+00:00","article_modified_time":"2023-01-10T12:21:22+00:00","og_image":[{"width":2560,"height":1707,"url":"https:\/\/novice.si\/page\/wp-content\/uploads\/2022\/01\/zdravstveni-dom-konjice-2021-scaled.jpg","type":"image\/jpeg"}],"author":"Uredni\u0161tvo Celjana","twitter_card":"summary_large_image","twitter_misc":{"Written by":"Uredni\u0161tvo Celjana","Est. reading time":"2 minuti"},"schema":{"@context":"https:\/\/schema.org","@graph":[{"@type":"Article","@id":"https:\/\/novice.si\/page\/slovenske-konjice-zdravniki-jutri-ne-bodo-stavkali-bodo-pa-danes-bolniki\/#article","isPartOf":{"@id":"https:\/\/novice.si\/page\/slovenske-konjice-zdravniki-jutri-ne-bodo-stavkali-bodo-pa-danes-bolniki\/"},"author":{"name":"Uredni\u0161tvo Celjana","@id":"https:\/\/novice.si\/page\/#\/schema\/person\/51903923b50fefb075bc1cd24fe4d065"},"headline":"Slovenske Konjice: zdravniki jutri ne bodo stavkali, bodo pa danes bolniki","datePublished":"2023-01-10T12:20:20+00:00","dateModified":"2023-01-10T12:21:22+00:00","mainEntityOfPage":{"@id":"https:\/\/novice.si\/page\/slovenske-konjice-zdravniki-jutri-ne-bodo-stavkali-bodo-pa-danes-bolniki\/"},"wordCount":195,"publisher":{"@id":"https:\/\/novice.si\/page\/#organization"},"image":{"@id":"https:\/\/novice.si\/page\/slovenske-konjice-zdravniki-jutri-ne-bodo-stavkali-bodo-pa-danes-bolniki\/#primaryimage"},"thumbnailUrl":"https:\/\/novice.si\/page\/wp-content\/uploads\/2022\/01\/zdravstveni-dom-konjice-2021-scaled.jpg","keywords":["Slovenske Konjice","stavka bolnikov","stavka zdravnikov"],"articleSection":["Aktualno","\u010casopisi","Konji\u0161ko","Novice","Radio Rogla"],"inLanguage":"sl-SI"},{"@type":"WebPage","@id":"https:\/\/novice.si\/page\/slovenske-konjice-zdravniki-jutri-ne-bodo-stavkali-bodo-pa-danes-bolniki\/","url":"https:\/\/novice.si\/page\/slovenske-konjice-zdravniki-jutri-ne-bodo-stavkali-bodo-pa-danes-bolniki\/","name":"Slovenske Konjice: zdravniki jutri ne bodo stavkali, bodo pa danes bolniki - Novice.si","isPartOf":{"@id":"https:\/\/novice.si\/page\/#website"},"primaryImageOfPage":{"@id":"https:\/\/novice.si\/page\/slovenske-konjice-zdravniki-jutri-ne-bodo-stavkali-bodo-pa-danes-bolniki\/#primaryimage"},"image":{"@id":"https:\/\/novice.si\/page\/slovenske-konjice-zdravniki-jutri-ne-bodo-stavkali-bodo-pa-danes-bolniki\/#primaryimage"},"thumbnailUrl":"https:\/\/novice.si\/page\/wp-content\/uploads\/2022\/01\/zdravstveni-dom-konjice-2021-scaled.jpg","datePublished":"2023-01-10T12:20:20+00:00","dateModified":"2023-01-10T12:21:22+00:00","breadcrumb":{"@id":"https:\/\/novice.si\/page\/slovenske-konjice-zdravniki-jutri-ne-bodo-stavkali-bodo-pa-danes-bolniki\/#breadcrumb"},"inLanguage":"sl-SI","potentialAction":[{"@type":"ReadAction","target":["https:\/\/novice.si\/page\/slovenske-konjice-zdravniki-jutri-ne-bodo-stavkali-bodo-pa-danes-bolniki\/"]}]},{"@type":"ImageObject","inLanguage":"sl-SI","@id":"https:\/\/novice.si\/page\/slovenske-konjice-zdravniki-jutri-ne-bodo-stavkali-bodo-pa-danes-bolniki\/#primaryimage","url":"https:\/\/novice.si\/page\/wp-content\/uploads\/2022\/01\/zdravstveni-dom-konjice-2021-scaled.jpg","contentUrl":"https:\/\/novice.si\/page\/wp-content\/uploads\/2022\/01\/zdravstveni-dom-konjice-2021-scaled.jpg","width":2560,"height":1707},{"@type":"BreadcrumbList","@id":"https:\/\/novice.si\/page\/slovenske-konjice-zdravniki-jutri-ne-bodo-stavkali-bodo-pa-danes-bolniki\/#breadcrumb","itemListElement":[{"@type":"ListItem","position":1,"name":"Home","item":"https:\/\/novice.si\/page\/"},{"@type":"ListItem","position":2,"name":"Slovenske Konjice: zdravniki jutri ne bodo stavkali, bodo pa danes bolniki"}]},{"@type":"WebSite","@id":"https:\/\/novice.si\/page\/#website","url":"https:\/\/novice.si\/page\/","name":"Novice.si","description":"","publisher":{"@id":"https:\/\/novice.si\/page\/#organization"},"potentialAction":[{"@type":"SearchAction","target":{"@type":"EntryPoint","urlTemplate":"https:\/\/novice.si\/page\/?s={search_term_string}"},"query-input":{"@type":"PropertyValueSpecification","valueRequired":true,"valueName":"search_term_string"}}],"inLanguage":"sl-SI"},{"@type":"Organization","@id":"https:\/\/novice.si\/page\/#organization","name":"Novice.si","url":"https:\/\/novice.si\/page\/","logo":{"@type":"ImageObject","inLanguage":"sl-SI","@id":"https:\/\/novice.si\/page\/#\/schema\/logo\/image\/","url":"https:\/\/novice.si\/page\/wp-content\/uploads\/2023\/03\/novice_si.png","contentUrl":"https:\/\/novice.si\/page\/wp-content\/uploads\/2023\/03\/novice_si.png","width":576,"height":200,"caption":"Novice.si"},"image":{"@id":"https:\/\/novice.si\/page\/#\/schema\/logo\/image\/"}},{"@type":"Person","@id":"https:\/\/novice.si\/page\/#\/schema\/person\/51903923b50fefb075bc1cd24fe4d065","name":"Uredni\u0161tvo Celjana","image":{"@type":"ImageObject","inLanguage":"sl-SI","@id":"https:\/\/secure.gravatar.com\/avatar\/b516f102aa90b53619e09722b8ea56721c99bfcb4f1035f9b333d99f52330226?s=96&d=mm&r=g","url":"https:\/\/secure.gravatar.com\/avatar\/b516f102aa90b53619e09722b8ea56721c99bfcb4f1035f9b333d99f52330226?s=96&d=mm&r=g","contentUrl":"https:\/\/secure.gravatar.com\/avatar\/b516f102aa90b53619e09722b8ea56721c99bfcb4f1035f9b333d99f52330226?s=96&d=mm&r=g","caption":"Uredni\u0161tvo Celjana"},"url":"https:\/\/novice.si\/page\/author\/nejc\/"}]}},"_links":{"self":[{"href":"https:\/\/novice.si\/page\/wp-json\/wp\/v2\/posts\/158751","targetHints":{"allow":["GET"]}}],"collection":[{"href":"https:\/\/novice.si\/page\/wp-json\/wp\/v2\/posts"}],"about":[{"href":"https:\/\/novice.si\/page\/wp-json\/wp\/v2\/types\/post"}],"author":[{"embeddable":true,"href":"https:\/\/novice.si\/page\/wp-json\/wp\/v2\/users\/12"}],"replies":[{"embeddable":true,"href":"https:\/\/novice.si\/page\/wp-json\/wp\/v2\/comments?post=158751"}],"version-history":[{"count":1,"href":"https:\/\/novice.si\/page\/wp-json\/wp\/v2\/posts\/158751\/revisions"}],"predecessor-version":[{"id":158752,"href":"https:\/\/novice.si\/page\/wp-json\/wp\/v2\/posts\/158751\/revisions\/158752"}],"wp:featuredmedia":[{"embeddable":true,"href":"https:\/\/novice.si\/page\/wp-json\/wp\/v2\/media\/146632"}],"wp:attachment":[{"href":"https:\/\/novice.si\/page\/wp-json\/wp\/v2\/media?parent=158751"}],"wp:term":[{"taxonomy":"category","embeddable":true,"href":"https:\/\/novice.si\/page\/wp-json\/wp\/v2\/categories?post=158751"},{"taxonomy":"post_tag","embeddable":true,"href":"https:\/\/novice.si\/page\/wp-json\/wp\/v2\/tags?post=158751"}],"curies":[{"name":"wp","href":"https:\/\/api.w.org\/{rel}","templated":true}]}}