{"id":158716,"date":"2023-01-09T11:23:51","date_gmt":"2023-01-09T10:23:51","guid":{"rendered":"https:\/\/novice.si\/page\/?p=158716"},"modified":"2023-01-09T11:23:51","modified_gmt":"2023-01-09T10:23:51","slug":"dobje-snujejo-tudi-medgeneracijski-center","status":"publish","type":"post","link":"https:\/\/novice.si\/page\/dobje-snujejo-tudi-medgeneracijski-center\/","title":{"rendered":"DOBJE Snujejo tudi medgeneracijski center"},"content":{"rendered":"<p>V Dobju se pripravljajo na tri ve\u010dje nalo\u017ebe, ki naj bi jih v ve\u010dji meri realizirali \u0161e letos, nekaj tudi <a href=\"https:\/\/novice.si\/page\/wp-content\/uploads\/2022\/10\/Franc-Leskovsek-DD.png\" data-gallery><img loading=\"lazy\" decoding=\"async\" class=\"size-medium wp-image-155995 alignleft\" src=\"https:\/\/novice.si\/page\/wp-content\/uploads\/2022\/10\/Franc-Leskovsek-DD-235x300.png\" alt=\"\" width=\"235\" height=\"300\" srcset=\"https:\/\/novice.si\/page\/wp-content\/uploads\/2022\/10\/Franc-Leskovsek-DD-235x300.png 235w, https:\/\/novice.si\/page\/wp-content\/uploads\/2022\/10\/Franc-Leskovsek-DD-330x420.png 330w, https:\/\/novice.si\/page\/wp-content\/uploads\/2022\/10\/Franc-Leskovsek-DD-19x24.png 19w, https:\/\/novice.si\/page\/wp-content\/uploads\/2022\/10\/Franc-Leskovsek-DD-28x36.png 28w, https:\/\/novice.si\/page\/wp-content\/uploads\/2022\/10\/Franc-Leskovsek-DD-38x48.png 38w, https:\/\/novice.si\/page\/wp-content\/uploads\/2022\/10\/Franc-Leskovsek-DD.png 561w\" sizes=\"auto, (max-width: 235px) 100vw, 235px\" \/><\/a>z evropskimi sredstvi.<\/p>\n<p>Najve\u010dja med njimi je gradnja medgeneracijskega centra, v na\u010drtih pa sta \u0161e postavitev vodohrana in ureditev pe\u0161poti.<\/p>\n<p>\u017dupan Dobja <strong>Franc Leskov\u0161ek<\/strong> vi\u0161ino nalo\u017ebe v medgeneracijski center ceni med tri in \u0161tiri milijone evrov, center s 24 posteljami bi deloval v sklopu \u0161entjurskega doma starej\u0161ih.<\/p>\n<p>Pe\u0161pot bi okvirno stala okoli milijon evrov, vodohran pa pribli\u017eno 150 tiso\u010dakov.<\/p>\n<p>P\u0160<\/p>\n","protected":false},"excerpt":{"rendered":"<p>V Dobju se pripravljajo na tri ve\u010dje nalo\u017ebe, ki naj bi jih v ve\u010dji meri realizirali \u0161e letos, nekaj tudi z evropskimi sredstvi. Najve\u010dja med njimi je gradnja medgeneracijskega centra, v na\u010drtih pa sta \u0161e postavitev vodohrana in ureditev pe\u0161poti. \u017dupan Dobja Franc Leskov\u0161ek vi\u0161ino nalo\u017ebe v medgeneracijski center ceni med tri in \u0161tiri milijone [&hellip;]<\/p>\n","protected":false},"author":33,"featured_media":109230,"comment_status":"closed","ping_status":"closed","sticky":false,"template":"","format":"standard","meta":{"footnotes":""},"categories":[57],"tags":[451,1342,15185,1776,15774,16813],"class_list":{"0":"post-158716","1":"post","2":"type-post","3":"status-publish","4":"format-standard","5":"has-post-thumbnail","7":"category-sentjursko","8":"tag-dobje","9":"tag-franc-leskovsek","10":"tag-medgeneracijski-center","11":"tag-nalozbe","12":"tag-pespot","13":"tag-vodohran"},"yoast_head":"<!-- This site is optimized with the Yoast SEO plugin v27.4 - https:\/\/yoast.com\/product\/yoast-seo-wordpress\/ -->\n<title>DOBJE Snujejo tudi medgeneracijski center - Novice.si<\/title>\n<meta name=\"robots\" content=\"index, follow, max-snippet:-1, max-image-preview:large, max-video-preview:-1\" \/>\n<link rel=\"canonical\" href=\"https:\/\/novice.si\/page\/dobje-snujejo-tudi-medgeneracijski-center\/\" \/>\n<meta property=\"og:locale\" content=\"sl_SI\" \/>\n<meta property=\"og:type\" content=\"article\" \/>\n<meta property=\"og:title\" content=\"DOBJE Snujejo tudi medgeneracijski center - Novice.si\" \/>\n<meta property=\"og:description\" content=\"V Dobju se pripravljajo na tri ve\u010dje nalo\u017ebe, ki naj bi jih v ve\u010dji meri realizirali \u0161e letos, nekaj tudi z evropskimi sredstvi. Najve\u010dja med njimi je gradnja medgeneracijskega centra, v na\u010drtih pa sta \u0161e postavitev vodohrana in ureditev pe\u0161poti. \u017dupan Dobja Franc Leskov\u0161ek vi\u0161ino nalo\u017ebe v medgeneracijski center ceni med tri in \u0161tiri milijone [&hellip;]\" \/>\n<meta property=\"og:url\" content=\"https:\/\/novice.si\/page\/dobje-snujejo-tudi-medgeneracijski-center\/\" \/>\n<meta property=\"og:site_name\" content=\"Novice.si\" \/>\n<meta property=\"article:published_time\" content=\"2023-01-09T10:23:51+00:00\" \/>\n<meta property=\"og:image\" content=\"https:\/\/novice.si\/page\/wp-content\/uploads\/2019\/07\/dobje.jpg\" \/>\n\t<meta property=\"og:image:width\" content=\"1152\" \/>\n\t<meta property=\"og:image:height\" content=\"768\" \/>\n\t<meta property=\"og:image:type\" content=\"image\/jpeg\" \/>\n<meta name=\"author\" content=\"Uredni\u0161tvo Celjana\" \/>\n<meta name=\"twitter:card\" content=\"summary_large_image\" \/>\n<meta name=\"twitter:label1\" content=\"Written by\" \/>\n\t<meta name=\"twitter:data1\" content=\"Uredni\u0161tvo Celjana\" \/>\n\t<meta name=\"twitter:label2\" content=\"Est. reading time\" \/>\n\t<meta name=\"twitter:data2\" content=\"1 minuta\" \/>\n<script type=\"application\/ld+json\" class=\"yoast-schema-graph\">{\"@context\":\"https:\\\/\\\/schema.org\",\"@graph\":[{\"@type\":\"Article\",\"@id\":\"https:\\\/\\\/novice.si\\\/page\\\/dobje-snujejo-tudi-medgeneracijski-center\\\/#article\",\"isPartOf\":{\"@id\":\"https:\\\/\\\/novice.si\\\/page\\\/dobje-snujejo-tudi-medgeneracijski-center\\\/\"},\"author\":{\"name\":\"Uredni\u0161tvo Celjana\",\"@id\":\"https:\\\/\\\/novice.si\\\/page\\\/#\\\/schema\\\/person\\\/57f25c9642a9541c7349c65d32032c3e\"},\"headline\":\"DOBJE Snujejo tudi medgeneracijski center\",\"datePublished\":\"2023-01-09T10:23:51+00:00\",\"mainEntityOfPage\":{\"@id\":\"https:\\\/\\\/novice.si\\\/page\\\/dobje-snujejo-tudi-medgeneracijski-center\\\/\"},\"wordCount\":96,\"publisher\":{\"@id\":\"https:\\\/\\\/novice.si\\\/page\\\/#organization\"},\"image\":{\"@id\":\"https:\\\/\\\/novice.si\\\/page\\\/dobje-snujejo-tudi-medgeneracijski-center\\\/#primaryimage\"},\"thumbnailUrl\":\"https:\\\/\\\/novice.si\\\/page\\\/wp-content\\\/uploads\\\/2019\\\/07\\\/dobje.jpg\",\"keywords\":[\"Dobje\",\"Franc Leskov\u0161ek\",\"medgeneracijski center\",\"nalo\u017ebe\",\"pe\u0161pot\",\"vodohran\"],\"articleSection\":[\"\u0160entjursko\"],\"inLanguage\":\"sl-SI\"},{\"@type\":\"WebPage\",\"@id\":\"https:\\\/\\\/novice.si\\\/page\\\/dobje-snujejo-tudi-medgeneracijski-center\\\/\",\"url\":\"https:\\\/\\\/novice.si\\\/page\\\/dobje-snujejo-tudi-medgeneracijski-center\\\/\",\"name\":\"DOBJE Snujejo tudi medgeneracijski center - Novice.si\",\"isPartOf\":{\"@id\":\"https:\\\/\\\/novice.si\\\/page\\\/#website\"},\"primaryImageOfPage\":{\"@id\":\"https:\\\/\\\/novice.si\\\/page\\\/dobje-snujejo-tudi-medgeneracijski-center\\\/#primaryimage\"},\"image\":{\"@id\":\"https:\\\/\\\/novice.si\\\/page\\\/dobje-snujejo-tudi-medgeneracijski-center\\\/#primaryimage\"},\"thumbnailUrl\":\"https:\\\/\\\/novice.si\\\/page\\\/wp-content\\\/uploads\\\/2019\\\/07\\\/dobje.jpg\",\"datePublished\":\"2023-01-09T10:23:51+00:00\",\"breadcrumb\":{\"@id\":\"https:\\\/\\\/novice.si\\\/page\\\/dobje-snujejo-tudi-medgeneracijski-center\\\/#breadcrumb\"},\"inLanguage\":\"sl-SI\",\"potentialAction\":[{\"@type\":\"ReadAction\",\"target\":[\"https:\\\/\\\/novice.si\\\/page\\\/dobje-snujejo-tudi-medgeneracijski-center\\\/\"]}]},{\"@type\":\"ImageObject\",\"inLanguage\":\"sl-SI\",\"@id\":\"https:\\\/\\\/novice.si\\\/page\\\/dobje-snujejo-tudi-medgeneracijski-center\\\/#primaryimage\",\"url\":\"https:\\\/\\\/novice.si\\\/page\\\/wp-content\\\/uploads\\\/2019\\\/07\\\/dobje.jpg\",\"contentUrl\":\"https:\\\/\\\/novice.si\\\/page\\\/wp-content\\\/uploads\\\/2019\\\/07\\\/dobje.jpg\",\"width\":1152,\"height\":768},{\"@type\":\"BreadcrumbList\",\"@id\":\"https:\\\/\\\/novice.si\\\/page\\\/dobje-snujejo-tudi-medgeneracijski-center\\\/#breadcrumb\",\"itemListElement\":[{\"@type\":\"ListItem\",\"position\":1,\"name\":\"Home\",\"item\":\"https:\\\/\\\/novice.si\\\/page\\\/\"},{\"@type\":\"ListItem\",\"position\":2,\"name\":\"DOBJE Snujejo tudi medgeneracijski center\"}]},{\"@type\":\"WebSite\",\"@id\":\"https:\\\/\\\/novice.si\\\/page\\\/#website\",\"url\":\"https:\\\/\\\/novice.si\\\/page\\\/\",\"name\":\"Novice.si\",\"description\":\"\",\"publisher\":{\"@id\":\"https:\\\/\\\/novice.si\\\/page\\\/#organization\"},\"potentialAction\":[{\"@type\":\"SearchAction\",\"target\":{\"@type\":\"EntryPoint\",\"urlTemplate\":\"https:\\\/\\\/novice.si\\\/page\\\/?s={search_term_string}\"},\"query-input\":{\"@type\":\"PropertyValueSpecification\",\"valueRequired\":true,\"valueName\":\"search_term_string\"}}],\"inLanguage\":\"sl-SI\"},{\"@type\":\"Organization\",\"@id\":\"https:\\\/\\\/novice.si\\\/page\\\/#organization\",\"name\":\"Novice.si\",\"url\":\"https:\\\/\\\/novice.si\\\/page\\\/\",\"logo\":{\"@type\":\"ImageObject\",\"inLanguage\":\"sl-SI\",\"@id\":\"https:\\\/\\\/novice.si\\\/page\\\/#\\\/schema\\\/logo\\\/image\\\/\",\"url\":\"https:\\\/\\\/novice.si\\\/page\\\/wp-content\\\/uploads\\\/2023\\\/03\\\/novice_si.png\",\"contentUrl\":\"https:\\\/\\\/novice.si\\\/page\\\/wp-content\\\/uploads\\\/2023\\\/03\\\/novice_si.png\",\"width\":576,\"height\":200,\"caption\":\"Novice.si\"},\"image\":{\"@id\":\"https:\\\/\\\/novice.si\\\/page\\\/#\\\/schema\\\/logo\\\/image\\\/\"}},{\"@type\":\"Person\",\"@id\":\"https:\\\/\\\/novice.si\\\/page\\\/#\\\/schema\\\/person\\\/57f25c9642a9541c7349c65d32032c3e\",\"name\":\"Uredni\u0161tvo Celjana\",\"image\":{\"@type\":\"ImageObject\",\"inLanguage\":\"sl-SI\",\"@id\":\"https:\\\/\\\/secure.gravatar.com\\\/avatar\\\/78e52bc4279b65f6df6345e0ef0f7b792d361361f230cf4ffecfe0afe6d5629c?s=96&d=mm&r=g\",\"url\":\"https:\\\/\\\/secure.gravatar.com\\\/avatar\\\/78e52bc4279b65f6df6345e0ef0f7b792d361361f230cf4ffecfe0afe6d5629c?s=96&d=mm&r=g\",\"contentUrl\":\"https:\\\/\\\/secure.gravatar.com\\\/avatar\\\/78e52bc4279b65f6df6345e0ef0f7b792d361361f230cf4ffecfe0afe6d5629c?s=96&d=mm&r=g\",\"caption\":\"Uredni\u0161tvo Celjana\"},\"url\":\"https:\\\/\\\/novice.si\\\/page\\\/author\\\/primoz\\\/\"}]}<\/script>\n<!-- \/ Yoast SEO plugin. -->","yoast_head_json":{"title":"DOBJE Snujejo tudi medgeneracijski center - Novice.si","robots":{"index":"index","follow":"follow","max-snippet":"max-snippet:-1","max-image-preview":"max-image-preview:large","max-video-preview":"max-video-preview:-1"},"canonical":"https:\/\/novice.si\/page\/dobje-snujejo-tudi-medgeneracijski-center\/","og_locale":"sl_SI","og_type":"article","og_title":"DOBJE Snujejo tudi medgeneracijski center - Novice.si","og_description":"V Dobju se pripravljajo na tri ve\u010dje nalo\u017ebe, ki naj bi jih v ve\u010dji meri realizirali \u0161e letos, nekaj tudi z evropskimi sredstvi. Najve\u010dja med njimi je gradnja medgeneracijskega centra, v na\u010drtih pa sta \u0161e postavitev vodohrana in ureditev pe\u0161poti. \u017dupan Dobja Franc Leskov\u0161ek vi\u0161ino nalo\u017ebe v medgeneracijski center ceni med tri in \u0161tiri milijone [&hellip;]","og_url":"https:\/\/novice.si\/page\/dobje-snujejo-tudi-medgeneracijski-center\/","og_site_name":"Novice.si","article_published_time":"2023-01-09T10:23:51+00:00","og_image":[{"width":1152,"height":768,"url":"https:\/\/novice.si\/page\/wp-content\/uploads\/2019\/07\/dobje.jpg","type":"image\/jpeg"}],"author":"Uredni\u0161tvo Celjana","twitter_card":"summary_large_image","twitter_misc":{"Written by":"Uredni\u0161tvo Celjana","Est. reading time":"1 minuta"},"schema":{"@context":"https:\/\/schema.org","@graph":[{"@type":"Article","@id":"https:\/\/novice.si\/page\/dobje-snujejo-tudi-medgeneracijski-center\/#article","isPartOf":{"@id":"https:\/\/novice.si\/page\/dobje-snujejo-tudi-medgeneracijski-center\/"},"author":{"name":"Uredni\u0161tvo Celjana","@id":"https:\/\/novice.si\/page\/#\/schema\/person\/57f25c9642a9541c7349c65d32032c3e"},"headline":"DOBJE Snujejo tudi medgeneracijski center","datePublished":"2023-01-09T10:23:51+00:00","mainEntityOfPage":{"@id":"https:\/\/novice.si\/page\/dobje-snujejo-tudi-medgeneracijski-center\/"},"wordCount":96,"publisher":{"@id":"https:\/\/novice.si\/page\/#organization"},"image":{"@id":"https:\/\/novice.si\/page\/dobje-snujejo-tudi-medgeneracijski-center\/#primaryimage"},"thumbnailUrl":"https:\/\/novice.si\/page\/wp-content\/uploads\/2019\/07\/dobje.jpg","keywords":["Dobje","Franc Leskov\u0161ek","medgeneracijski center","nalo\u017ebe","pe\u0161pot","vodohran"],"articleSection":["\u0160entjursko"],"inLanguage":"sl-SI"},{"@type":"WebPage","@id":"https:\/\/novice.si\/page\/dobje-snujejo-tudi-medgeneracijski-center\/","url":"https:\/\/novice.si\/page\/dobje-snujejo-tudi-medgeneracijski-center\/","name":"DOBJE Snujejo tudi medgeneracijski center - Novice.si","isPartOf":{"@id":"https:\/\/novice.si\/page\/#website"},"primaryImageOfPage":{"@id":"https:\/\/novice.si\/page\/dobje-snujejo-tudi-medgeneracijski-center\/#primaryimage"},"image":{"@id":"https:\/\/novice.si\/page\/dobje-snujejo-tudi-medgeneracijski-center\/#primaryimage"},"thumbnailUrl":"https:\/\/novice.si\/page\/wp-content\/uploads\/2019\/07\/dobje.jpg","datePublished":"2023-01-09T10:23:51+00:00","breadcrumb":{"@id":"https:\/\/novice.si\/page\/dobje-snujejo-tudi-medgeneracijski-center\/#breadcrumb"},"inLanguage":"sl-SI","potentialAction":[{"@type":"ReadAction","target":["https:\/\/novice.si\/page\/dobje-snujejo-tudi-medgeneracijski-center\/"]}]},{"@type":"ImageObject","inLanguage":"sl-SI","@id":"https:\/\/novice.si\/page\/dobje-snujejo-tudi-medgeneracijski-center\/#primaryimage","url":"https:\/\/novice.si\/page\/wp-content\/uploads\/2019\/07\/dobje.jpg","contentUrl":"https:\/\/novice.si\/page\/wp-content\/uploads\/2019\/07\/dobje.jpg","width":1152,"height":768},{"@type":"BreadcrumbList","@id":"https:\/\/novice.si\/page\/dobje-snujejo-tudi-medgeneracijski-center\/#breadcrumb","itemListElement":[{"@type":"ListItem","position":1,"name":"Home","item":"https:\/\/novice.si\/page\/"},{"@type":"ListItem","position":2,"name":"DOBJE Snujejo tudi medgeneracijski center"}]},{"@type":"WebSite","@id":"https:\/\/novice.si\/page\/#website","url":"https:\/\/novice.si\/page\/","name":"Novice.si","description":"","publisher":{"@id":"https:\/\/novice.si\/page\/#organization"},"potentialAction":[{"@type":"SearchAction","target":{"@type":"EntryPoint","urlTemplate":"https:\/\/novice.si\/page\/?s={search_term_string}"},"query-input":{"@type":"PropertyValueSpecification","valueRequired":true,"valueName":"search_term_string"}}],"inLanguage":"sl-SI"},{"@type":"Organization","@id":"https:\/\/novice.si\/page\/#organization","name":"Novice.si","url":"https:\/\/novice.si\/page\/","logo":{"@type":"ImageObject","inLanguage":"sl-SI","@id":"https:\/\/novice.si\/page\/#\/schema\/logo\/image\/","url":"https:\/\/novice.si\/page\/wp-content\/uploads\/2023\/03\/novice_si.png","contentUrl":"https:\/\/novice.si\/page\/wp-content\/uploads\/2023\/03\/novice_si.png","width":576,"height":200,"caption":"Novice.si"},"image":{"@id":"https:\/\/novice.si\/page\/#\/schema\/logo\/image\/"}},{"@type":"Person","@id":"https:\/\/novice.si\/page\/#\/schema\/person\/57f25c9642a9541c7349c65d32032c3e","name":"Uredni\u0161tvo Celjana","image":{"@type":"ImageObject","inLanguage":"sl-SI","@id":"https:\/\/secure.gravatar.com\/avatar\/78e52bc4279b65f6df6345e0ef0f7b792d361361f230cf4ffecfe0afe6d5629c?s=96&d=mm&r=g","url":"https:\/\/secure.gravatar.com\/avatar\/78e52bc4279b65f6df6345e0ef0f7b792d361361f230cf4ffecfe0afe6d5629c?s=96&d=mm&r=g","contentUrl":"https:\/\/secure.gravatar.com\/avatar\/78e52bc4279b65f6df6345e0ef0f7b792d361361f230cf4ffecfe0afe6d5629c?s=96&d=mm&r=g","caption":"Uredni\u0161tvo Celjana"},"url":"https:\/\/novice.si\/page\/author\/primoz\/"}]}},"_links":{"self":[{"href":"https:\/\/novice.si\/page\/wp-json\/wp\/v2\/posts\/158716","targetHints":{"allow":["GET"]}}],"collection":[{"href":"https:\/\/novice.si\/page\/wp-json\/wp\/v2\/posts"}],"about":[{"href":"https:\/\/novice.si\/page\/wp-json\/wp\/v2\/types\/post"}],"author":[{"embeddable":true,"href":"https:\/\/novice.si\/page\/wp-json\/wp\/v2\/users\/33"}],"replies":[{"embeddable":true,"href":"https:\/\/novice.si\/page\/wp-json\/wp\/v2\/comments?post=158716"}],"version-history":[{"count":1,"href":"https:\/\/novice.si\/page\/wp-json\/wp\/v2\/posts\/158716\/revisions"}],"predecessor-version":[{"id":158717,"href":"https:\/\/novice.si\/page\/wp-json\/wp\/v2\/posts\/158716\/revisions\/158717"}],"wp:featuredmedia":[{"embeddable":true,"href":"https:\/\/novice.si\/page\/wp-json\/wp\/v2\/media\/109230"}],"wp:attachment":[{"href":"https:\/\/novice.si\/page\/wp-json\/wp\/v2\/media?parent=158716"}],"wp:term":[{"taxonomy":"category","embeddable":true,"href":"https:\/\/novice.si\/page\/wp-json\/wp\/v2\/categories?post=158716"},{"taxonomy":"post_tag","embeddable":true,"href":"https:\/\/novice.si\/page\/wp-json\/wp\/v2\/tags?post=158716"}],"curies":[{"name":"wp","href":"https:\/\/api.w.org\/{rel}","templated":true}]}}