{"id":158687,"date":"2023-01-09T07:34:40","date_gmt":"2023-01-09T06:34:40","guid":{"rendered":"https:\/\/novice.si\/page\/?p=158687"},"modified":"2023-01-09T01:16:00","modified_gmt":"2023-01-09T00:16:00","slug":"knjiga-tedna-celjske-mohorjeve-celeste-in-marcel","status":"publish","type":"post","link":"https:\/\/novice.si\/page\/knjiga-tedna-celjske-mohorjeve-celeste-in-marcel\/","title":{"rendered":"Knjiga tedna Celjske Mohorjeve: C\u00c9LESTE IN MARCEL*"},"content":{"rendered":"<p style=\"text-align: right\"><a href=\"https:\/\/novice.si\/page\/wp-content\/uploads\/2023\/01\/splet-celeste-in-marcel.jpg\" data-gallery><img loading=\"lazy\" decoding=\"async\" class=\"size-medium wp-image-158688 alignleft\" src=\"https:\/\/novice.si\/page\/wp-content\/uploads\/2023\/01\/splet-celeste-in-marcel-300x200.jpg\" alt=\"\" width=\"300\" height=\"200\" srcset=\"https:\/\/novice.si\/page\/wp-content\/uploads\/2023\/01\/splet-celeste-in-marcel-300x200.jpg 300w, https:\/\/novice.si\/page\/wp-content\/uploads\/2023\/01\/splet-celeste-in-marcel-768x512.jpg 768w, https:\/\/novice.si\/page\/wp-content\/uploads\/2023\/01\/splet-celeste-in-marcel-696x464.jpg 696w, https:\/\/novice.si\/page\/wp-content\/uploads\/2023\/01\/splet-celeste-in-marcel-630x420.jpg 630w, https:\/\/novice.si\/page\/wp-content\/uploads\/2023\/01\/splet-celeste-in-marcel-24x16.jpg 24w, https:\/\/novice.si\/page\/wp-content\/uploads\/2023\/01\/splet-celeste-in-marcel-36x24.jpg 36w, https:\/\/novice.si\/page\/wp-content\/uploads\/2023\/01\/splet-celeste-in-marcel-48x32.jpg 48w, https:\/\/novice.si\/page\/wp-content\/uploads\/2023\/01\/splet-celeste-in-marcel.jpg 800w\" sizes=\"auto, (max-width: 300px) 100vw, 300px\" \/><\/a><strong>* oglasno sporo\u010dilo<\/strong><\/p>\n<p>C\u00e9leste: zadnja pomembnej\u0161a \u017eenska v \u017eivljenju Marcela Prousta<\/p>\n<p>Bukili\u010din prevod biografsko-fikcijskega romana Jocelyne Sauvard C\u00e9leste in Marcel: Proustova ljubezen je pri Celjski Mohorjevi dru\u017ebi iz\u0161el ob 100. obletnici smrti prvega med modernisti\u010dnimi avtorji, Marcela Prousta. Z delom dobi bralec mo\u017enost vpogleda v intimni svet pisatelja, ki je v Iskanju izgubljenega \u010dasa s pomo\u010djo magdalenic in lipovega \u010daja \u00bbizumil\u00ab teorijo nehotnega spomina.<\/p>\n<p>\u010casovni okvir dogajanja je postavljen med marec 1918 in november 1922. Marcel in njegova pomo\u010dnica C\u00e9leste sta si zelo blizu. Medtem ko se njen mo\u017e Odilon bojuje na fronti, ona \u017eivi pri pisatelju in mu pomaga tako pri hi\u0161nih opravilih kot pri zapisovanju njegovih misli in idej, s katerimi je zaslovel kot eden izmed najve\u010djih modernisti\u010dnih avtorjev. Je bilo med njima le zelo tesno prijateljstvo ali se je v njunem odnosu razvilo kaj ve\u010d?<\/p>\n<p>Roman je prava poslastica za vse sladokusce, ki jih zanima umetni\u0161ki vpogled v zadnjo epoho ustvarjalne mo\u010di \u00bbpionirja sodobnega romana\u00ab.<\/p>\n<p>Naro\u010dila lahko oddate na www.mohorjeva.org, po elektronski po\u0161ti knjigarna-ce@celjska-mohorjeva.si ali po telefonu na 03 490 14 20.<\/p>\n<p>Celjska Mohorjeva dru\u017eba vam \u017eeli prijetno branje!<\/p>\n<p style=\"text-align: right\"><strong>* oglasno sporo\u010dilo<\/strong><\/p>\n","protected":false},"excerpt":{"rendered":"<p>* oglasno sporo\u010dilo C\u00e9leste: zadnja pomembnej\u0161a \u017eenska v \u017eivljenju Marcela Prousta Bukili\u010din prevod biografsko-fikcijskega romana Jocelyne Sauvard C\u00e9leste in Marcel: Proustova ljubezen je pri Celjski Mohorjevi dru\u017ebi iz\u0161el ob 100. obletnici smrti prvega med modernisti\u010dnimi avtorji, Marcela Prousta. Z delom dobi bralec mo\u017enost vpogleda v intimni svet pisatelja, ki je v Iskanju izgubljenega \u010dasa s [&hellip;]<\/p>\n","protected":false},"author":14,"featured_media":158688,"comment_status":"closed","ping_status":"closed","sticky":false,"template":"","format":"standard","meta":{"footnotes":""},"categories":[2544],"tags":[16805,2593,16807,4843,16806],"class_list":{"0":"post-158687","1":"post","2":"type-post","3":"status-publish","4":"format-standard","5":"has-post-thumbnail","7":"category-oglasna-sporocila","8":"tag-celeste-in-marcel","9":"tag-celjska-mohorjeva","10":"tag-marcel-proust","11":"tag-mohorjeva-druzba","12":"tag-proust"},"yoast_head":"<!-- This site is optimized with the Yoast SEO plugin v27.4 - https:\/\/yoast.com\/product\/yoast-seo-wordpress\/ -->\n<title>Knjiga tedna Celjske Mohorjeve: C\u00c9LESTE IN MARCEL* - Novice.si<\/title>\n<meta name=\"robots\" content=\"index, follow, max-snippet:-1, max-image-preview:large, max-video-preview:-1\" \/>\n<link rel=\"canonical\" href=\"https:\/\/novice.si\/page\/knjiga-tedna-celjske-mohorjeve-celeste-in-marcel\/\" \/>\n<meta property=\"og:locale\" content=\"sl_SI\" \/>\n<meta property=\"og:type\" content=\"article\" \/>\n<meta property=\"og:title\" content=\"Knjiga tedna Celjske Mohorjeve: C\u00c9LESTE IN MARCEL* - Novice.si\" \/>\n<meta property=\"og:description\" content=\"* oglasno sporo\u010dilo C\u00e9leste: zadnja pomembnej\u0161a \u017eenska v \u017eivljenju Marcela Prousta Bukili\u010din prevod biografsko-fikcijskega romana Jocelyne Sauvard C\u00e9leste in Marcel: Proustova ljubezen je pri Celjski Mohorjevi dru\u017ebi iz\u0161el ob 100. obletnici smrti prvega med modernisti\u010dnimi avtorji, Marcela Prousta. Z delom dobi bralec mo\u017enost vpogleda v intimni svet pisatelja, ki je v Iskanju izgubljenega \u010dasa s [&hellip;]\" \/>\n<meta property=\"og:url\" content=\"https:\/\/novice.si\/page\/knjiga-tedna-celjske-mohorjeve-celeste-in-marcel\/\" \/>\n<meta property=\"og:site_name\" content=\"Novice.si\" \/>\n<meta property=\"article:published_time\" content=\"2023-01-09T06:34:40+00:00\" \/>\n<meta property=\"og:image\" content=\"https:\/\/novice.si\/page\/wp-content\/uploads\/2023\/01\/splet-celeste-in-marcel.jpg\" \/>\n\t<meta property=\"og:image:width\" content=\"800\" \/>\n\t<meta property=\"og:image:height\" content=\"533\" \/>\n\t<meta property=\"og:image:type\" content=\"image\/jpeg\" \/>\n<meta name=\"author\" content=\"Uredni\u0161tvo Celjana\" \/>\n<meta name=\"twitter:card\" content=\"summary_large_image\" \/>\n<meta name=\"twitter:label1\" content=\"Written by\" \/>\n\t<meta name=\"twitter:data1\" content=\"Uredni\u0161tvo Celjana\" \/>\n\t<meta name=\"twitter:label2\" content=\"Est. reading time\" \/>\n\t<meta name=\"twitter:data2\" content=\"2 minuti\" \/>\n<script type=\"application\/ld+json\" class=\"yoast-schema-graph\">{\"@context\":\"https:\\\/\\\/schema.org\",\"@graph\":[{\"@type\":\"Article\",\"@id\":\"https:\\\/\\\/novice.si\\\/page\\\/knjiga-tedna-celjske-mohorjeve-celeste-in-marcel\\\/#article\",\"isPartOf\":{\"@id\":\"https:\\\/\\\/novice.si\\\/page\\\/knjiga-tedna-celjske-mohorjeve-celeste-in-marcel\\\/\"},\"author\":{\"name\":\"Uredni\u0161tvo Celjana\",\"@id\":\"https:\\\/\\\/novice.si\\\/page\\\/#\\\/schema\\\/person\\\/a9db4b6feec0e2914c4b6bba66880105\"},\"headline\":\"Knjiga tedna Celjske Mohorjeve: C\u00c9LESTE IN MARCEL*\",\"datePublished\":\"2023-01-09T06:34:40+00:00\",\"mainEntityOfPage\":{\"@id\":\"https:\\\/\\\/novice.si\\\/page\\\/knjiga-tedna-celjske-mohorjeve-celeste-in-marcel\\\/\"},\"wordCount\":209,\"publisher\":{\"@id\":\"https:\\\/\\\/novice.si\\\/page\\\/#organization\"},\"image\":{\"@id\":\"https:\\\/\\\/novice.si\\\/page\\\/knjiga-tedna-celjske-mohorjeve-celeste-in-marcel\\\/#primaryimage\"},\"thumbnailUrl\":\"https:\\\/\\\/novice.si\\\/page\\\/wp-content\\\/uploads\\\/2023\\\/01\\\/splet-celeste-in-marcel.jpg\",\"keywords\":[\"Celeste in Marcel\",\"celjska mohorjeva\",\"Marcel Proust\",\"Mohorjeva dru\u017eba\",\"Proust\"],\"articleSection\":[\"Oglasna sporo\u010dila\"],\"inLanguage\":\"sl-SI\"},{\"@type\":\"WebPage\",\"@id\":\"https:\\\/\\\/novice.si\\\/page\\\/knjiga-tedna-celjske-mohorjeve-celeste-in-marcel\\\/\",\"url\":\"https:\\\/\\\/novice.si\\\/page\\\/knjiga-tedna-celjske-mohorjeve-celeste-in-marcel\\\/\",\"name\":\"Knjiga tedna Celjske Mohorjeve: C\u00c9LESTE IN MARCEL* - Novice.si\",\"isPartOf\":{\"@id\":\"https:\\\/\\\/novice.si\\\/page\\\/#website\"},\"primaryImageOfPage\":{\"@id\":\"https:\\\/\\\/novice.si\\\/page\\\/knjiga-tedna-celjske-mohorjeve-celeste-in-marcel\\\/#primaryimage\"},\"image\":{\"@id\":\"https:\\\/\\\/novice.si\\\/page\\\/knjiga-tedna-celjske-mohorjeve-celeste-in-marcel\\\/#primaryimage\"},\"thumbnailUrl\":\"https:\\\/\\\/novice.si\\\/page\\\/wp-content\\\/uploads\\\/2023\\\/01\\\/splet-celeste-in-marcel.jpg\",\"datePublished\":\"2023-01-09T06:34:40+00:00\",\"breadcrumb\":{\"@id\":\"https:\\\/\\\/novice.si\\\/page\\\/knjiga-tedna-celjske-mohorjeve-celeste-in-marcel\\\/#breadcrumb\"},\"inLanguage\":\"sl-SI\",\"potentialAction\":[{\"@type\":\"ReadAction\",\"target\":[\"https:\\\/\\\/novice.si\\\/page\\\/knjiga-tedna-celjske-mohorjeve-celeste-in-marcel\\\/\"]}]},{\"@type\":\"ImageObject\",\"inLanguage\":\"sl-SI\",\"@id\":\"https:\\\/\\\/novice.si\\\/page\\\/knjiga-tedna-celjske-mohorjeve-celeste-in-marcel\\\/#primaryimage\",\"url\":\"https:\\\/\\\/novice.si\\\/page\\\/wp-content\\\/uploads\\\/2023\\\/01\\\/splet-celeste-in-marcel.jpg\",\"contentUrl\":\"https:\\\/\\\/novice.si\\\/page\\\/wp-content\\\/uploads\\\/2023\\\/01\\\/splet-celeste-in-marcel.jpg\",\"width\":800,\"height\":533},{\"@type\":\"BreadcrumbList\",\"@id\":\"https:\\\/\\\/novice.si\\\/page\\\/knjiga-tedna-celjske-mohorjeve-celeste-in-marcel\\\/#breadcrumb\",\"itemListElement\":[{\"@type\":\"ListItem\",\"position\":1,\"name\":\"Home\",\"item\":\"https:\\\/\\\/novice.si\\\/page\\\/\"},{\"@type\":\"ListItem\",\"position\":2,\"name\":\"Knjiga tedna Celjske Mohorjeve: C\u00c9LESTE IN MARCEL*\"}]},{\"@type\":\"WebSite\",\"@id\":\"https:\\\/\\\/novice.si\\\/page\\\/#website\",\"url\":\"https:\\\/\\\/novice.si\\\/page\\\/\",\"name\":\"Novice.si\",\"description\":\"\",\"publisher\":{\"@id\":\"https:\\\/\\\/novice.si\\\/page\\\/#organization\"},\"potentialAction\":[{\"@type\":\"SearchAction\",\"target\":{\"@type\":\"EntryPoint\",\"urlTemplate\":\"https:\\\/\\\/novice.si\\\/page\\\/?s={search_term_string}\"},\"query-input\":{\"@type\":\"PropertyValueSpecification\",\"valueRequired\":true,\"valueName\":\"search_term_string\"}}],\"inLanguage\":\"sl-SI\"},{\"@type\":\"Organization\",\"@id\":\"https:\\\/\\\/novice.si\\\/page\\\/#organization\",\"name\":\"Novice.si\",\"url\":\"https:\\\/\\\/novice.si\\\/page\\\/\",\"logo\":{\"@type\":\"ImageObject\",\"inLanguage\":\"sl-SI\",\"@id\":\"https:\\\/\\\/novice.si\\\/page\\\/#\\\/schema\\\/logo\\\/image\\\/\",\"url\":\"https:\\\/\\\/novice.si\\\/page\\\/wp-content\\\/uploads\\\/2023\\\/03\\\/novice_si.png\",\"contentUrl\":\"https:\\\/\\\/novice.si\\\/page\\\/wp-content\\\/uploads\\\/2023\\\/03\\\/novice_si.png\",\"width\":576,\"height\":200,\"caption\":\"Novice.si\"},\"image\":{\"@id\":\"https:\\\/\\\/novice.si\\\/page\\\/#\\\/schema\\\/logo\\\/image\\\/\"}},{\"@type\":\"Person\",\"@id\":\"https:\\\/\\\/novice.si\\\/page\\\/#\\\/schema\\\/person\\\/a9db4b6feec0e2914c4b6bba66880105\",\"name\":\"Uredni\u0161tvo Celjana\",\"image\":{\"@type\":\"ImageObject\",\"inLanguage\":\"sl-SI\",\"@id\":\"https:\\\/\\\/secure.gravatar.com\\\/avatar\\\/81f0c61a80bf0defdd4c23615cef66d8ec18f810ee16ce148367f5a1a180cf17?s=96&d=mm&r=g\",\"url\":\"https:\\\/\\\/secure.gravatar.com\\\/avatar\\\/81f0c61a80bf0defdd4c23615cef66d8ec18f810ee16ce148367f5a1a180cf17?s=96&d=mm&r=g\",\"contentUrl\":\"https:\\\/\\\/secure.gravatar.com\\\/avatar\\\/81f0c61a80bf0defdd4c23615cef66d8ec18f810ee16ce148367f5a1a180cf17?s=96&d=mm&r=g\",\"caption\":\"Uredni\u0161tvo Celjana\"},\"url\":\"https:\\\/\\\/novice.si\\\/page\\\/author\\\/uros\\\/\"}]}<\/script>\n<!-- \/ Yoast SEO plugin. -->","yoast_head_json":{"title":"Knjiga tedna Celjske Mohorjeve: C\u00c9LESTE IN MARCEL* - Novice.si","robots":{"index":"index","follow":"follow","max-snippet":"max-snippet:-1","max-image-preview":"max-image-preview:large","max-video-preview":"max-video-preview:-1"},"canonical":"https:\/\/novice.si\/page\/knjiga-tedna-celjske-mohorjeve-celeste-in-marcel\/","og_locale":"sl_SI","og_type":"article","og_title":"Knjiga tedna Celjske Mohorjeve: C\u00c9LESTE IN MARCEL* - Novice.si","og_description":"* oglasno sporo\u010dilo C\u00e9leste: zadnja pomembnej\u0161a \u017eenska v \u017eivljenju Marcela Prousta Bukili\u010din prevod biografsko-fikcijskega romana Jocelyne Sauvard C\u00e9leste in Marcel: Proustova ljubezen je pri Celjski Mohorjevi dru\u017ebi iz\u0161el ob 100. obletnici smrti prvega med modernisti\u010dnimi avtorji, Marcela Prousta. Z delom dobi bralec mo\u017enost vpogleda v intimni svet pisatelja, ki je v Iskanju izgubljenega \u010dasa s [&hellip;]","og_url":"https:\/\/novice.si\/page\/knjiga-tedna-celjske-mohorjeve-celeste-in-marcel\/","og_site_name":"Novice.si","article_published_time":"2023-01-09T06:34:40+00:00","og_image":[{"width":800,"height":533,"url":"https:\/\/novice.si\/page\/wp-content\/uploads\/2023\/01\/splet-celeste-in-marcel.jpg","type":"image\/jpeg"}],"author":"Uredni\u0161tvo Celjana","twitter_card":"summary_large_image","twitter_misc":{"Written by":"Uredni\u0161tvo Celjana","Est. reading time":"2 minuti"},"schema":{"@context":"https:\/\/schema.org","@graph":[{"@type":"Article","@id":"https:\/\/novice.si\/page\/knjiga-tedna-celjske-mohorjeve-celeste-in-marcel\/#article","isPartOf":{"@id":"https:\/\/novice.si\/page\/knjiga-tedna-celjske-mohorjeve-celeste-in-marcel\/"},"author":{"name":"Uredni\u0161tvo Celjana","@id":"https:\/\/novice.si\/page\/#\/schema\/person\/a9db4b6feec0e2914c4b6bba66880105"},"headline":"Knjiga tedna Celjske Mohorjeve: C\u00c9LESTE IN MARCEL*","datePublished":"2023-01-09T06:34:40+00:00","mainEntityOfPage":{"@id":"https:\/\/novice.si\/page\/knjiga-tedna-celjske-mohorjeve-celeste-in-marcel\/"},"wordCount":209,"publisher":{"@id":"https:\/\/novice.si\/page\/#organization"},"image":{"@id":"https:\/\/novice.si\/page\/knjiga-tedna-celjske-mohorjeve-celeste-in-marcel\/#primaryimage"},"thumbnailUrl":"https:\/\/novice.si\/page\/wp-content\/uploads\/2023\/01\/splet-celeste-in-marcel.jpg","keywords":["Celeste in Marcel","celjska mohorjeva","Marcel Proust","Mohorjeva dru\u017eba","Proust"],"articleSection":["Oglasna sporo\u010dila"],"inLanguage":"sl-SI"},{"@type":"WebPage","@id":"https:\/\/novice.si\/page\/knjiga-tedna-celjske-mohorjeve-celeste-in-marcel\/","url":"https:\/\/novice.si\/page\/knjiga-tedna-celjske-mohorjeve-celeste-in-marcel\/","name":"Knjiga tedna Celjske Mohorjeve: C\u00c9LESTE IN MARCEL* - Novice.si","isPartOf":{"@id":"https:\/\/novice.si\/page\/#website"},"primaryImageOfPage":{"@id":"https:\/\/novice.si\/page\/knjiga-tedna-celjske-mohorjeve-celeste-in-marcel\/#primaryimage"},"image":{"@id":"https:\/\/novice.si\/page\/knjiga-tedna-celjske-mohorjeve-celeste-in-marcel\/#primaryimage"},"thumbnailUrl":"https:\/\/novice.si\/page\/wp-content\/uploads\/2023\/01\/splet-celeste-in-marcel.jpg","datePublished":"2023-01-09T06:34:40+00:00","breadcrumb":{"@id":"https:\/\/novice.si\/page\/knjiga-tedna-celjske-mohorjeve-celeste-in-marcel\/#breadcrumb"},"inLanguage":"sl-SI","potentialAction":[{"@type":"ReadAction","target":["https:\/\/novice.si\/page\/knjiga-tedna-celjske-mohorjeve-celeste-in-marcel\/"]}]},{"@type":"ImageObject","inLanguage":"sl-SI","@id":"https:\/\/novice.si\/page\/knjiga-tedna-celjske-mohorjeve-celeste-in-marcel\/#primaryimage","url":"https:\/\/novice.si\/page\/wp-content\/uploads\/2023\/01\/splet-celeste-in-marcel.jpg","contentUrl":"https:\/\/novice.si\/page\/wp-content\/uploads\/2023\/01\/splet-celeste-in-marcel.jpg","width":800,"height":533},{"@type":"BreadcrumbList","@id":"https:\/\/novice.si\/page\/knjiga-tedna-celjske-mohorjeve-celeste-in-marcel\/#breadcrumb","itemListElement":[{"@type":"ListItem","position":1,"name":"Home","item":"https:\/\/novice.si\/page\/"},{"@type":"ListItem","position":2,"name":"Knjiga tedna Celjske Mohorjeve: C\u00c9LESTE IN MARCEL*"}]},{"@type":"WebSite","@id":"https:\/\/novice.si\/page\/#website","url":"https:\/\/novice.si\/page\/","name":"Novice.si","description":"","publisher":{"@id":"https:\/\/novice.si\/page\/#organization"},"potentialAction":[{"@type":"SearchAction","target":{"@type":"EntryPoint","urlTemplate":"https:\/\/novice.si\/page\/?s={search_term_string}"},"query-input":{"@type":"PropertyValueSpecification","valueRequired":true,"valueName":"search_term_string"}}],"inLanguage":"sl-SI"},{"@type":"Organization","@id":"https:\/\/novice.si\/page\/#organization","name":"Novice.si","url":"https:\/\/novice.si\/page\/","logo":{"@type":"ImageObject","inLanguage":"sl-SI","@id":"https:\/\/novice.si\/page\/#\/schema\/logo\/image\/","url":"https:\/\/novice.si\/page\/wp-content\/uploads\/2023\/03\/novice_si.png","contentUrl":"https:\/\/novice.si\/page\/wp-content\/uploads\/2023\/03\/novice_si.png","width":576,"height":200,"caption":"Novice.si"},"image":{"@id":"https:\/\/novice.si\/page\/#\/schema\/logo\/image\/"}},{"@type":"Person","@id":"https:\/\/novice.si\/page\/#\/schema\/person\/a9db4b6feec0e2914c4b6bba66880105","name":"Uredni\u0161tvo Celjana","image":{"@type":"ImageObject","inLanguage":"sl-SI","@id":"https:\/\/secure.gravatar.com\/avatar\/81f0c61a80bf0defdd4c23615cef66d8ec18f810ee16ce148367f5a1a180cf17?s=96&d=mm&r=g","url":"https:\/\/secure.gravatar.com\/avatar\/81f0c61a80bf0defdd4c23615cef66d8ec18f810ee16ce148367f5a1a180cf17?s=96&d=mm&r=g","contentUrl":"https:\/\/secure.gravatar.com\/avatar\/81f0c61a80bf0defdd4c23615cef66d8ec18f810ee16ce148367f5a1a180cf17?s=96&d=mm&r=g","caption":"Uredni\u0161tvo Celjana"},"url":"https:\/\/novice.si\/page\/author\/uros\/"}]}},"_links":{"self":[{"href":"https:\/\/novice.si\/page\/wp-json\/wp\/v2\/posts\/158687","targetHints":{"allow":["GET"]}}],"collection":[{"href":"https:\/\/novice.si\/page\/wp-json\/wp\/v2\/posts"}],"about":[{"href":"https:\/\/novice.si\/page\/wp-json\/wp\/v2\/types\/post"}],"author":[{"embeddable":true,"href":"https:\/\/novice.si\/page\/wp-json\/wp\/v2\/users\/14"}],"replies":[{"embeddable":true,"href":"https:\/\/novice.si\/page\/wp-json\/wp\/v2\/comments?post=158687"}],"version-history":[{"count":1,"href":"https:\/\/novice.si\/page\/wp-json\/wp\/v2\/posts\/158687\/revisions"}],"predecessor-version":[{"id":158689,"href":"https:\/\/novice.si\/page\/wp-json\/wp\/v2\/posts\/158687\/revisions\/158689"}],"wp:featuredmedia":[{"embeddable":true,"href":"https:\/\/novice.si\/page\/wp-json\/wp\/v2\/media\/158688"}],"wp:attachment":[{"href":"https:\/\/novice.si\/page\/wp-json\/wp\/v2\/media?parent=158687"}],"wp:term":[{"taxonomy":"category","embeddable":true,"href":"https:\/\/novice.si\/page\/wp-json\/wp\/v2\/categories?post=158687"},{"taxonomy":"post_tag","embeddable":true,"href":"https:\/\/novice.si\/page\/wp-json\/wp\/v2\/tags?post=158687"}],"curies":[{"name":"wp","href":"https:\/\/api.w.org\/{rel}","templated":true}]}}