{"id":158456,"date":"2022-12-29T14:22:40","date_gmt":"2022-12-29T13:22:40","guid":{"rendered":"https:\/\/novice.si\/page\/?p=158456"},"modified":"2022-12-29T14:22:40","modified_gmt":"2022-12-29T13:22:40","slug":"sentjur-dobje-brez-silvestrovanj-na-prostem","status":"publish","type":"post","link":"https:\/\/novice.si\/page\/sentjur-dobje-brez-silvestrovanj-na-prostem\/","title":{"rendered":"\u0160ENTJUR DOBJE Brez silvestrovanj na prostem"},"content":{"rendered":"<p>\u0160entjur\u010dani bodo v novo leto vstopili brez silvestrskega programa, ki so ga pod okriljem ob\u010dine obi\u010dajno pripravili na Mestnem trgu (na sliki).<\/p>\n<p><a href=\"https:\/\/novice.si\/page\/wp-content\/uploads\/2022\/12\/sentjur-novo-leto-1-scaled.jpg\" data-gallery><img loading=\"lazy\" decoding=\"async\" class=\"size-medium wp-image-158457 alignleft\" src=\"https:\/\/novice.si\/page\/wp-content\/uploads\/2022\/12\/sentjur-novo-leto-1-300x225.jpg\" alt=\"\" width=\"300\" height=\"225\" srcset=\"https:\/\/novice.si\/page\/wp-content\/uploads\/2022\/12\/sentjur-novo-leto-1-300x225.jpg 300w, https:\/\/novice.si\/page\/wp-content\/uploads\/2022\/12\/sentjur-novo-leto-1-1024x768.jpg 1024w, https:\/\/novice.si\/page\/wp-content\/uploads\/2022\/12\/sentjur-novo-leto-1-768x576.jpg 768w, https:\/\/novice.si\/page\/wp-content\/uploads\/2022\/12\/sentjur-novo-leto-1-1536x1152.jpg 1536w, https:\/\/novice.si\/page\/wp-content\/uploads\/2022\/12\/sentjur-novo-leto-1-2048x1536.jpg 2048w, https:\/\/novice.si\/page\/wp-content\/uploads\/2022\/12\/sentjur-novo-leto-1-80x60.jpg 80w, https:\/\/novice.si\/page\/wp-content\/uploads\/2022\/12\/sentjur-novo-leto-1-265x198.jpg 265w, https:\/\/novice.si\/page\/wp-content\/uploads\/2022\/12\/sentjur-novo-leto-1-696x522.jpg 696w, https:\/\/novice.si\/page\/wp-content\/uploads\/2022\/12\/sentjur-novo-leto-1-1068x801.jpg 1068w, https:\/\/novice.si\/page\/wp-content\/uploads\/2022\/12\/sentjur-novo-leto-1-560x420.jpg 560w, https:\/\/novice.si\/page\/wp-content\/uploads\/2022\/12\/sentjur-novo-leto-1-24x18.jpg 24w, https:\/\/novice.si\/page\/wp-content\/uploads\/2022\/12\/sentjur-novo-leto-1-36x27.jpg 36w, https:\/\/novice.si\/page\/wp-content\/uploads\/2022\/12\/sentjur-novo-leto-1-48x36.jpg 48w\" sizes=\"auto, (max-width: 300px) 100vw, 300px\" \/><\/a>Razlog ti\u010di v sorazmerno visokih stro\u0161kih, ve\u010dkrat pa so bile prireditve zaradi slabega vremena in drugih razlogov slabo obiskane. Zato bodo v soboto popoldne pripravili samo novoletno zabavo za otroke.<\/p>\n<p>Jutri zve\u010der bo v atriju Ipav\u010devega kulturnega centra nastopil \u0161e izolski raper Drill, popoldne pa se \u0161olarji v Gorici pri Slivnici lahko udele\u017eijo pohoda z lu\u010dkami.<\/p>\n<p>Podobno so se odlo\u010dili tudi njihovi sosedi v Dobju, kjer so se vrve\u017eu na prostem odrekli zavoljo slab\u0161ega zanimanja ob\u010danov. Se bodo pa tamkaj\u0161nji gasilci po tradiciji zbrali pred gasilskim domom in nazdravili prihajajo\u010demu letu, \u017ee prej\u0161nji teden pa so prihod novega leta obele\u017eili z Dobjanskim ve\u010derom in obdarovanjem otrok.<\/p>\n<p>P\u0160<\/p>\n","protected":false},"excerpt":{"rendered":"<p>\u0160entjur\u010dani bodo v novo leto vstopili brez silvestrskega programa, ki so ga pod okriljem ob\u010dine obi\u010dajno pripravili na Mestnem trgu (na sliki). Razlog ti\u010di v sorazmerno visokih stro\u0161kih, ve\u010dkrat pa so bile prireditve zaradi slabega vremena in drugih razlogov slabo obiskane. Zato bodo v soboto popoldne pripravili samo novoletno zabavo za otroke. Jutri zve\u010der bo [&hellip;]<\/p>\n","protected":false},"author":33,"featured_media":158458,"comment_status":"closed","ping_status":"closed","sticky":false,"template":"","format":"standard","meta":{"footnotes":""},"categories":[57],"tags":[16737,451,56,16736],"class_list":{"0":"post-158456","1":"post","2":"type-post","3":"status-publish","4":"format-standard","5":"has-post-thumbnail","7":"category-sentjursko","8":"tag-brez-programa","9":"tag-dobje","10":"tag-sentjur","11":"tag-silvestrovanja-na-prostem"},"yoast_head":"<!-- This site is optimized with the Yoast SEO plugin v27.4 - https:\/\/yoast.com\/product\/yoast-seo-wordpress\/ -->\n<title>\u0160ENTJUR DOBJE Brez silvestrovanj na prostem - Novice.si<\/title>\n<meta name=\"robots\" content=\"index, follow, max-snippet:-1, max-image-preview:large, max-video-preview:-1\" \/>\n<link rel=\"canonical\" href=\"https:\/\/novice.si\/page\/sentjur-dobje-brez-silvestrovanj-na-prostem\/\" \/>\n<meta property=\"og:locale\" content=\"sl_SI\" \/>\n<meta property=\"og:type\" content=\"article\" \/>\n<meta property=\"og:title\" content=\"\u0160ENTJUR DOBJE Brez silvestrovanj na prostem - Novice.si\" \/>\n<meta property=\"og:description\" content=\"\u0160entjur\u010dani bodo v novo leto vstopili brez silvestrskega programa, ki so ga pod okriljem ob\u010dine obi\u010dajno pripravili na Mestnem trgu (na sliki). Razlog ti\u010di v sorazmerno visokih stro\u0161kih, ve\u010dkrat pa so bile prireditve zaradi slabega vremena in drugih razlogov slabo obiskane. Zato bodo v soboto popoldne pripravili samo novoletno zabavo za otroke. Jutri zve\u010der bo [&hellip;]\" \/>\n<meta property=\"og:url\" content=\"https:\/\/novice.si\/page\/sentjur-dobje-brez-silvestrovanj-na-prostem\/\" \/>\n<meta property=\"og:site_name\" content=\"Novice.si\" \/>\n<meta property=\"article:published_time\" content=\"2022-12-29T13:22:40+00:00\" \/>\n<meta property=\"og:image\" content=\"https:\/\/novice.si\/page\/wp-content\/uploads\/2022\/12\/sentjur-novo-leto-2-scaled.jpg\" \/>\n\t<meta property=\"og:image:width\" content=\"2560\" \/>\n\t<meta property=\"og:image:height\" content=\"1920\" \/>\n\t<meta property=\"og:image:type\" content=\"image\/jpeg\" \/>\n<meta name=\"author\" content=\"Uredni\u0161tvo Celjana\" \/>\n<meta name=\"twitter:card\" content=\"summary_large_image\" \/>\n<meta name=\"twitter:label1\" content=\"Written by\" \/>\n\t<meta name=\"twitter:data1\" content=\"Uredni\u0161tvo Celjana\" \/>\n\t<meta name=\"twitter:label2\" content=\"Est. reading time\" \/>\n\t<meta name=\"twitter:data2\" content=\"1 minuta\" \/>\n<script type=\"application\/ld+json\" class=\"yoast-schema-graph\">{\"@context\":\"https:\\\/\\\/schema.org\",\"@graph\":[{\"@type\":\"Article\",\"@id\":\"https:\\\/\\\/novice.si\\\/page\\\/sentjur-dobje-brez-silvestrovanj-na-prostem\\\/#article\",\"isPartOf\":{\"@id\":\"https:\\\/\\\/novice.si\\\/page\\\/sentjur-dobje-brez-silvestrovanj-na-prostem\\\/\"},\"author\":{\"name\":\"Uredni\u0161tvo Celjana\",\"@id\":\"https:\\\/\\\/novice.si\\\/page\\\/#\\\/schema\\\/person\\\/57f25c9642a9541c7349c65d32032c3e\"},\"headline\":\"\u0160ENTJUR DOBJE Brez silvestrovanj na prostem\",\"datePublished\":\"2022-12-29T13:22:40+00:00\",\"mainEntityOfPage\":{\"@id\":\"https:\\\/\\\/novice.si\\\/page\\\/sentjur-dobje-brez-silvestrovanj-na-prostem\\\/\"},\"wordCount\":154,\"publisher\":{\"@id\":\"https:\\\/\\\/novice.si\\\/page\\\/#organization\"},\"image\":{\"@id\":\"https:\\\/\\\/novice.si\\\/page\\\/sentjur-dobje-brez-silvestrovanj-na-prostem\\\/#primaryimage\"},\"thumbnailUrl\":\"https:\\\/\\\/novice.si\\\/page\\\/wp-content\\\/uploads\\\/2022\\\/12\\\/sentjur-novo-leto-2-scaled.jpg\",\"keywords\":[\"brez programa\",\"Dobje\",\"\u0160entjur\",\"silvestrovanja na prostem\"],\"articleSection\":[\"\u0160entjursko\"],\"inLanguage\":\"sl-SI\"},{\"@type\":\"WebPage\",\"@id\":\"https:\\\/\\\/novice.si\\\/page\\\/sentjur-dobje-brez-silvestrovanj-na-prostem\\\/\",\"url\":\"https:\\\/\\\/novice.si\\\/page\\\/sentjur-dobje-brez-silvestrovanj-na-prostem\\\/\",\"name\":\"\u0160ENTJUR DOBJE Brez silvestrovanj na prostem - Novice.si\",\"isPartOf\":{\"@id\":\"https:\\\/\\\/novice.si\\\/page\\\/#website\"},\"primaryImageOfPage\":{\"@id\":\"https:\\\/\\\/novice.si\\\/page\\\/sentjur-dobje-brez-silvestrovanj-na-prostem\\\/#primaryimage\"},\"image\":{\"@id\":\"https:\\\/\\\/novice.si\\\/page\\\/sentjur-dobje-brez-silvestrovanj-na-prostem\\\/#primaryimage\"},\"thumbnailUrl\":\"https:\\\/\\\/novice.si\\\/page\\\/wp-content\\\/uploads\\\/2022\\\/12\\\/sentjur-novo-leto-2-scaled.jpg\",\"datePublished\":\"2022-12-29T13:22:40+00:00\",\"breadcrumb\":{\"@id\":\"https:\\\/\\\/novice.si\\\/page\\\/sentjur-dobje-brez-silvestrovanj-na-prostem\\\/#breadcrumb\"},\"inLanguage\":\"sl-SI\",\"potentialAction\":[{\"@type\":\"ReadAction\",\"target\":[\"https:\\\/\\\/novice.si\\\/page\\\/sentjur-dobje-brez-silvestrovanj-na-prostem\\\/\"]}]},{\"@type\":\"ImageObject\",\"inLanguage\":\"sl-SI\",\"@id\":\"https:\\\/\\\/novice.si\\\/page\\\/sentjur-dobje-brez-silvestrovanj-na-prostem\\\/#primaryimage\",\"url\":\"https:\\\/\\\/novice.si\\\/page\\\/wp-content\\\/uploads\\\/2022\\\/12\\\/sentjur-novo-leto-2-scaled.jpg\",\"contentUrl\":\"https:\\\/\\\/novice.si\\\/page\\\/wp-content\\\/uploads\\\/2022\\\/12\\\/sentjur-novo-leto-2-scaled.jpg\",\"width\":2560,\"height\":1920},{\"@type\":\"BreadcrumbList\",\"@id\":\"https:\\\/\\\/novice.si\\\/page\\\/sentjur-dobje-brez-silvestrovanj-na-prostem\\\/#breadcrumb\",\"itemListElement\":[{\"@type\":\"ListItem\",\"position\":1,\"name\":\"Home\",\"item\":\"https:\\\/\\\/novice.si\\\/page\\\/\"},{\"@type\":\"ListItem\",\"position\":2,\"name\":\"\u0160ENTJUR DOBJE Brez silvestrovanj na prostem\"}]},{\"@type\":\"WebSite\",\"@id\":\"https:\\\/\\\/novice.si\\\/page\\\/#website\",\"url\":\"https:\\\/\\\/novice.si\\\/page\\\/\",\"name\":\"Novice.si\",\"description\":\"\",\"publisher\":{\"@id\":\"https:\\\/\\\/novice.si\\\/page\\\/#organization\"},\"potentialAction\":[{\"@type\":\"SearchAction\",\"target\":{\"@type\":\"EntryPoint\",\"urlTemplate\":\"https:\\\/\\\/novice.si\\\/page\\\/?s={search_term_string}\"},\"query-input\":{\"@type\":\"PropertyValueSpecification\",\"valueRequired\":true,\"valueName\":\"search_term_string\"}}],\"inLanguage\":\"sl-SI\"},{\"@type\":\"Organization\",\"@id\":\"https:\\\/\\\/novice.si\\\/page\\\/#organization\",\"name\":\"Novice.si\",\"url\":\"https:\\\/\\\/novice.si\\\/page\\\/\",\"logo\":{\"@type\":\"ImageObject\",\"inLanguage\":\"sl-SI\",\"@id\":\"https:\\\/\\\/novice.si\\\/page\\\/#\\\/schema\\\/logo\\\/image\\\/\",\"url\":\"https:\\\/\\\/novice.si\\\/page\\\/wp-content\\\/uploads\\\/2023\\\/03\\\/novice_si.png\",\"contentUrl\":\"https:\\\/\\\/novice.si\\\/page\\\/wp-content\\\/uploads\\\/2023\\\/03\\\/novice_si.png\",\"width\":576,\"height\":200,\"caption\":\"Novice.si\"},\"image\":{\"@id\":\"https:\\\/\\\/novice.si\\\/page\\\/#\\\/schema\\\/logo\\\/image\\\/\"}},{\"@type\":\"Person\",\"@id\":\"https:\\\/\\\/novice.si\\\/page\\\/#\\\/schema\\\/person\\\/57f25c9642a9541c7349c65d32032c3e\",\"name\":\"Uredni\u0161tvo Celjana\",\"image\":{\"@type\":\"ImageObject\",\"inLanguage\":\"sl-SI\",\"@id\":\"https:\\\/\\\/secure.gravatar.com\\\/avatar\\\/78e52bc4279b65f6df6345e0ef0f7b792d361361f230cf4ffecfe0afe6d5629c?s=96&d=mm&r=g\",\"url\":\"https:\\\/\\\/secure.gravatar.com\\\/avatar\\\/78e52bc4279b65f6df6345e0ef0f7b792d361361f230cf4ffecfe0afe6d5629c?s=96&d=mm&r=g\",\"contentUrl\":\"https:\\\/\\\/secure.gravatar.com\\\/avatar\\\/78e52bc4279b65f6df6345e0ef0f7b792d361361f230cf4ffecfe0afe6d5629c?s=96&d=mm&r=g\",\"caption\":\"Uredni\u0161tvo Celjana\"},\"url\":\"https:\\\/\\\/novice.si\\\/page\\\/author\\\/primoz\\\/\"}]}<\/script>\n<!-- \/ Yoast SEO plugin. -->","yoast_head_json":{"title":"\u0160ENTJUR DOBJE Brez silvestrovanj na prostem - Novice.si","robots":{"index":"index","follow":"follow","max-snippet":"max-snippet:-1","max-image-preview":"max-image-preview:large","max-video-preview":"max-video-preview:-1"},"canonical":"https:\/\/novice.si\/page\/sentjur-dobje-brez-silvestrovanj-na-prostem\/","og_locale":"sl_SI","og_type":"article","og_title":"\u0160ENTJUR DOBJE Brez silvestrovanj na prostem - Novice.si","og_description":"\u0160entjur\u010dani bodo v novo leto vstopili brez silvestrskega programa, ki so ga pod okriljem ob\u010dine obi\u010dajno pripravili na Mestnem trgu (na sliki). Razlog ti\u010di v sorazmerno visokih stro\u0161kih, ve\u010dkrat pa so bile prireditve zaradi slabega vremena in drugih razlogov slabo obiskane. Zato bodo v soboto popoldne pripravili samo novoletno zabavo za otroke. Jutri zve\u010der bo [&hellip;]","og_url":"https:\/\/novice.si\/page\/sentjur-dobje-brez-silvestrovanj-na-prostem\/","og_site_name":"Novice.si","article_published_time":"2022-12-29T13:22:40+00:00","og_image":[{"width":2560,"height":1920,"url":"https:\/\/novice.si\/page\/wp-content\/uploads\/2022\/12\/sentjur-novo-leto-2-scaled.jpg","type":"image\/jpeg"}],"author":"Uredni\u0161tvo Celjana","twitter_card":"summary_large_image","twitter_misc":{"Written by":"Uredni\u0161tvo Celjana","Est. reading time":"1 minuta"},"schema":{"@context":"https:\/\/schema.org","@graph":[{"@type":"Article","@id":"https:\/\/novice.si\/page\/sentjur-dobje-brez-silvestrovanj-na-prostem\/#article","isPartOf":{"@id":"https:\/\/novice.si\/page\/sentjur-dobje-brez-silvestrovanj-na-prostem\/"},"author":{"name":"Uredni\u0161tvo Celjana","@id":"https:\/\/novice.si\/page\/#\/schema\/person\/57f25c9642a9541c7349c65d32032c3e"},"headline":"\u0160ENTJUR DOBJE Brez silvestrovanj na prostem","datePublished":"2022-12-29T13:22:40+00:00","mainEntityOfPage":{"@id":"https:\/\/novice.si\/page\/sentjur-dobje-brez-silvestrovanj-na-prostem\/"},"wordCount":154,"publisher":{"@id":"https:\/\/novice.si\/page\/#organization"},"image":{"@id":"https:\/\/novice.si\/page\/sentjur-dobje-brez-silvestrovanj-na-prostem\/#primaryimage"},"thumbnailUrl":"https:\/\/novice.si\/page\/wp-content\/uploads\/2022\/12\/sentjur-novo-leto-2-scaled.jpg","keywords":["brez programa","Dobje","\u0160entjur","silvestrovanja na prostem"],"articleSection":["\u0160entjursko"],"inLanguage":"sl-SI"},{"@type":"WebPage","@id":"https:\/\/novice.si\/page\/sentjur-dobje-brez-silvestrovanj-na-prostem\/","url":"https:\/\/novice.si\/page\/sentjur-dobje-brez-silvestrovanj-na-prostem\/","name":"\u0160ENTJUR DOBJE Brez silvestrovanj na prostem - Novice.si","isPartOf":{"@id":"https:\/\/novice.si\/page\/#website"},"primaryImageOfPage":{"@id":"https:\/\/novice.si\/page\/sentjur-dobje-brez-silvestrovanj-na-prostem\/#primaryimage"},"image":{"@id":"https:\/\/novice.si\/page\/sentjur-dobje-brez-silvestrovanj-na-prostem\/#primaryimage"},"thumbnailUrl":"https:\/\/novice.si\/page\/wp-content\/uploads\/2022\/12\/sentjur-novo-leto-2-scaled.jpg","datePublished":"2022-12-29T13:22:40+00:00","breadcrumb":{"@id":"https:\/\/novice.si\/page\/sentjur-dobje-brez-silvestrovanj-na-prostem\/#breadcrumb"},"inLanguage":"sl-SI","potentialAction":[{"@type":"ReadAction","target":["https:\/\/novice.si\/page\/sentjur-dobje-brez-silvestrovanj-na-prostem\/"]}]},{"@type":"ImageObject","inLanguage":"sl-SI","@id":"https:\/\/novice.si\/page\/sentjur-dobje-brez-silvestrovanj-na-prostem\/#primaryimage","url":"https:\/\/novice.si\/page\/wp-content\/uploads\/2022\/12\/sentjur-novo-leto-2-scaled.jpg","contentUrl":"https:\/\/novice.si\/page\/wp-content\/uploads\/2022\/12\/sentjur-novo-leto-2-scaled.jpg","width":2560,"height":1920},{"@type":"BreadcrumbList","@id":"https:\/\/novice.si\/page\/sentjur-dobje-brez-silvestrovanj-na-prostem\/#breadcrumb","itemListElement":[{"@type":"ListItem","position":1,"name":"Home","item":"https:\/\/novice.si\/page\/"},{"@type":"ListItem","position":2,"name":"\u0160ENTJUR DOBJE Brez silvestrovanj na prostem"}]},{"@type":"WebSite","@id":"https:\/\/novice.si\/page\/#website","url":"https:\/\/novice.si\/page\/","name":"Novice.si","description":"","publisher":{"@id":"https:\/\/novice.si\/page\/#organization"},"potentialAction":[{"@type":"SearchAction","target":{"@type":"EntryPoint","urlTemplate":"https:\/\/novice.si\/page\/?s={search_term_string}"},"query-input":{"@type":"PropertyValueSpecification","valueRequired":true,"valueName":"search_term_string"}}],"inLanguage":"sl-SI"},{"@type":"Organization","@id":"https:\/\/novice.si\/page\/#organization","name":"Novice.si","url":"https:\/\/novice.si\/page\/","logo":{"@type":"ImageObject","inLanguage":"sl-SI","@id":"https:\/\/novice.si\/page\/#\/schema\/logo\/image\/","url":"https:\/\/novice.si\/page\/wp-content\/uploads\/2023\/03\/novice_si.png","contentUrl":"https:\/\/novice.si\/page\/wp-content\/uploads\/2023\/03\/novice_si.png","width":576,"height":200,"caption":"Novice.si"},"image":{"@id":"https:\/\/novice.si\/page\/#\/schema\/logo\/image\/"}},{"@type":"Person","@id":"https:\/\/novice.si\/page\/#\/schema\/person\/57f25c9642a9541c7349c65d32032c3e","name":"Uredni\u0161tvo Celjana","image":{"@type":"ImageObject","inLanguage":"sl-SI","@id":"https:\/\/secure.gravatar.com\/avatar\/78e52bc4279b65f6df6345e0ef0f7b792d361361f230cf4ffecfe0afe6d5629c?s=96&d=mm&r=g","url":"https:\/\/secure.gravatar.com\/avatar\/78e52bc4279b65f6df6345e0ef0f7b792d361361f230cf4ffecfe0afe6d5629c?s=96&d=mm&r=g","contentUrl":"https:\/\/secure.gravatar.com\/avatar\/78e52bc4279b65f6df6345e0ef0f7b792d361361f230cf4ffecfe0afe6d5629c?s=96&d=mm&r=g","caption":"Uredni\u0161tvo Celjana"},"url":"https:\/\/novice.si\/page\/author\/primoz\/"}]}},"_links":{"self":[{"href":"https:\/\/novice.si\/page\/wp-json\/wp\/v2\/posts\/158456","targetHints":{"allow":["GET"]}}],"collection":[{"href":"https:\/\/novice.si\/page\/wp-json\/wp\/v2\/posts"}],"about":[{"href":"https:\/\/novice.si\/page\/wp-json\/wp\/v2\/types\/post"}],"author":[{"embeddable":true,"href":"https:\/\/novice.si\/page\/wp-json\/wp\/v2\/users\/33"}],"replies":[{"embeddable":true,"href":"https:\/\/novice.si\/page\/wp-json\/wp\/v2\/comments?post=158456"}],"version-history":[{"count":1,"href":"https:\/\/novice.si\/page\/wp-json\/wp\/v2\/posts\/158456\/revisions"}],"predecessor-version":[{"id":158459,"href":"https:\/\/novice.si\/page\/wp-json\/wp\/v2\/posts\/158456\/revisions\/158459"}],"wp:featuredmedia":[{"embeddable":true,"href":"https:\/\/novice.si\/page\/wp-json\/wp\/v2\/media\/158458"}],"wp:attachment":[{"href":"https:\/\/novice.si\/page\/wp-json\/wp\/v2\/media?parent=158456"}],"wp:term":[{"taxonomy":"category","embeddable":true,"href":"https:\/\/novice.si\/page\/wp-json\/wp\/v2\/categories?post=158456"},{"taxonomy":"post_tag","embeddable":true,"href":"https:\/\/novice.si\/page\/wp-json\/wp\/v2\/tags?post=158456"}],"curies":[{"name":"wp","href":"https:\/\/api.w.org\/{rel}","templated":true}]}}