{"id":158424,"date":"2022-12-29T08:34:04","date_gmt":"2022-12-29T07:34:04","guid":{"rendered":"https:\/\/novice.si\/page\/?p=158424"},"modified":"2022-12-29T08:34:04","modified_gmt":"2022-12-29T07:34:04","slug":"drustvo-upokojencev-vrhole-kmalu-bodo-praznovali-10-letnico","status":"publish","type":"post","link":"https:\/\/novice.si\/page\/drustvo-upokojencev-vrhole-kmalu-bodo-praznovali-10-letnico\/","title":{"rendered":"Dru\u0161tvo upokojencev Vrhole: Kmalu bodo praznovali 10-letnico"},"content":{"rendered":"<p>Ivana Erker je \u010dlanica dru\u0161tva \u017ee vse od njegove ustanovitve pred devetimi \u00a0leti, v zadnjem letu pa tudi njegova predsednica. \u00bbKo sem se pridru\u017eila, \u0161e nisem bila v pokoju.\u00ab Dru\u0161tvo danes \u0161teje 70 \u010dlanov, od tega jih je 7 v upravnem odboru.\u00a0 Ivano je funkcija predsednice dru\u0161tva sicer doletela \u00bbpovsem nepri\u010dakovano\u00ab: ker ni bilo kandidatov in ker si po uspe\u0161nem zagonu dru\u0161tva ni \u017eelela, da to propade, se je odlo\u010dila, da se poda v vodstvene\u00a0 vode.<\/p>\n<p>Ivana pravi, da je bila vr\u017eena v vodo, saj jo je kmalu po dodelitvi nove funkcije \u010dakala organizacija \u0161portnih iger za dru\u0161tva upokojencev s \u0161ir\u0161ega Bistri\u0161kega , ki so se leto\u0161nje leto odvijale pri njih na Vrholah. \u00bbDela ni bilo malo, povabljenih je bilo 150 ljudi.\u00ab Z zadovoljstvom se spominja, kako jim je s skupnimi mo\u010dmi uspelo \u2013 nau\u010dila se je, da je potrebno vpra\u0161ati in prositi za pomo\u010d, ko je to potrebno. Od doma\u010dinov je prejela potrebovano pomo\u010d, veliko jih je peklo pecivo, sadjarstvo Ozimi\u010d je podarilo nekaj pija\u010de, njena 85-letna mama pa je pekla gibanice.<\/p>\n\r\n                <style type=\"text\/css\">\r\n                    \r\n                    #tdi_1  .td-doubleSlider-2 .td-item1 {\r\n                        background: url(https:\/\/novice.si\/page\/wp-content\/uploads\/2022\/12\/Slika10-80x60.jpg) 0 0 no-repeat;\r\n                    }\r\n                    #tdi_1  .td-doubleSlider-2 .td-item2 {\r\n                        background: url(https:\/\/novice.si\/page\/wp-content\/uploads\/2022\/12\/Slika11-80x60.jpg) 0 0 no-repeat;\r\n                    }\r\n                <\/style>\r\n\r\n                <div id=\"tdi_1\" class=\"td-gallery td-slide-on-2-columns\">\r\n                    <div class=\"post_td_gallery\">\r\n                        <div class=\"td-gallery-slide-top\">\r\n                           <div class=\"td-gallery-title\"><\/div>\r\n\r\n                            <div class=\"td-gallery-controls-wrapper\">\r\n                                <div class=\"td-gallery-slide-count\"><span class=\"td-gallery-slide-item-focus\">1<\/span> od 2<\/div>\r\n                                <div class=\"td-gallery-slide-prev-next-but\">\r\n                                    <i class = \"td-icon-left doubleSliderPrevButton\"><\/i>\r\n                                    <i class = \"td-icon-right doubleSliderNextButton\"><\/i>\r\n                                <\/div>\r\n                            <\/div>\r\n                        <\/div>\r\n\r\n                        <div class = \"td-doubleSlider-1 \">\r\n                            <div class = \"td-slider\">\r\n                                \r\n                    <div class = \"td-slide-item td-item1\">\r\n                        <figure class=\"td-slide-galery-figure td-slide-popup-gallery\">\r\n                            <a class=\"slide-gallery-image-link\" href=\"https:\/\/novice.si\/page\/wp-content\/uploads\/2022\/12\/Slika10.jpg\" title=\"Slika10\"  data-caption=\"Ivana Erker.\"  data-description=\"\" data-gallery>\r\n                                <img decoding=\"async\" src=\"https:\/\/novice.si\/page\/wp-content\/uploads\/2022\/12\/Slika10-315x420.jpg\" srcset=\"https:\/\/novice.si\/page\/wp-content\/uploads\/2022\/12\/Slika10-315x420.jpg 315w, https:\/\/novice.si\/page\/wp-content\/uploads\/2022\/12\/Slika10-225x300.jpg 225w, https:\/\/novice.si\/page\/wp-content\/uploads\/2022\/12\/Slika10-768x1025.jpg 768w, https:\/\/novice.si\/page\/wp-content\/uploads\/2022\/12\/Slika10-696x928.jpg 696w, https:\/\/novice.si\/page\/wp-content\/uploads\/2022\/12\/Slika10-18x24.jpg 18w, https:\/\/novice.si\/page\/wp-content\/uploads\/2022\/12\/Slika10-27x36.jpg 27w, https:\/\/novice.si\/page\/wp-content\/uploads\/2022\/12\/Slika10-36x48.jpg 36w, https:\/\/novice.si\/page\/wp-content\/uploads\/2022\/12\/Slika10.jpg 940w\" sizes=\"(max-width: 315px) 100vw, 315px\" alt=\"\">\r\n                            <\/a>\r\n                            <figcaption class = \"td-slide-caption td-gallery-slide-content\"><div class = \"td-gallery-slide-copywrite\">Ivana Erker.<\/div><\/figcaption>\r\n                        <\/figure>\r\n                    <\/div>\r\n                    <div class = \"td-slide-item td-item2\">\r\n                        <figure class=\"td-slide-galery-figure td-slide-popup-gallery\">\r\n                            <a class=\"slide-gallery-image-link\" href=\"https:\/\/novice.si\/page\/wp-content\/uploads\/2022\/12\/Slika11.jpg\" title=\"Slika11\"  data-caption=\"Dru\u0161tvo upokojencev Vrhole.\"  data-description=\"\" data-gallery>\r\n                                <img decoding=\"async\" src=\"https:\/\/novice.si\/page\/wp-content\/uploads\/2022\/12\/Slika11-561x420.jpg\" srcset=\"https:\/\/novice.si\/page\/wp-content\/uploads\/2022\/12\/Slika11-561x420.jpg 561w, https:\/\/novice.si\/page\/wp-content\/uploads\/2022\/12\/Slika11-300x225.jpg 300w, https:\/\/novice.si\/page\/wp-content\/uploads\/2022\/12\/Slika11-768x575.jpg 768w, https:\/\/novice.si\/page\/wp-content\/uploads\/2022\/12\/Slika11-80x60.jpg 80w, https:\/\/novice.si\/page\/wp-content\/uploads\/2022\/12\/Slika11-265x198.jpg 265w, https:\/\/novice.si\/page\/wp-content\/uploads\/2022\/12\/Slika11-696x521.jpg 696w, https:\/\/novice.si\/page\/wp-content\/uploads\/2022\/12\/Slika11-24x18.jpg 24w, https:\/\/novice.si\/page\/wp-content\/uploads\/2022\/12\/Slika11-36x27.jpg 36w, https:\/\/novice.si\/page\/wp-content\/uploads\/2022\/12\/Slika11-48x36.jpg 48w, https:\/\/novice.si\/page\/wp-content\/uploads\/2022\/12\/Slika11.jpg 940w\" sizes=\"(max-width: 561px) 100vw, 561px\" alt=\"\">\r\n                            <\/a>\r\n                            <figcaption class = \"td-slide-caption td-gallery-slide-content\"><div class = \"td-gallery-slide-copywrite\">Dru\u0161tvo upokojencev Vrhole.<\/div><\/figcaption>\r\n                        <\/figure>\r\n                    <\/div>\r\n                            <\/div>\r\n                        <\/div>\r\n\r\n                        <div class = \"td-doubleSlider-2\">\r\n                            <div class = \"td-slider\">\r\n                                \r\n                    <div class = \"td-button td-item1\">\r\n                        <div class = \"td-border\"><\/div>\r\n                    <\/div>\r\n                    <div class = \"td-button td-item2\">\r\n                        <div class = \"td-border\"><\/div>\r\n                    <\/div>\r\n                            <\/div>\r\n                        <\/div>\r\n\r\n                    <\/div>\r\n\r\n                <\/div>\r\n                \n<p>Erkerjeva vidi vizijo dru\u0161tva v medsebojnem dru\u017eenju: \u00bbTega nam danes manjka. Jaz bom delala predvsem na tem.\u00ab Tako so recimo pred meseci skupaj od\u0161li v botani\u010dni vrt v Pivoli, v za\u010detku decembra z vlakom v Ljubljano na ogled lu\u010dk in vo\u017enjo z ladjico po Ljubljanici \u2026 \u010cez zimo pa namerava organizirati dogodke in predavanja skupaj z zdravstvenim domom, \u017eeli si mese\u010dnih sre\u010danj, v sklopu katerih bi jim pri\u0161li denimo meriti sladkor v krvi, razli\u010dnih predavanj, posebej izpostavi delavnice o uporabi defibrilatorja, ki ga sicer imajo na domu krajanov, ampak potrebno ga je znati uporabiti \u2026 Razmi\u0161lja,da bi te mese\u010dne dogodke raz\u0161irila v \u010dajanke, da po koncu delavnic oz. predavanj ne bi vsi od\u0161li domov, ampak bi obsedeli ob \u010daju in pecivu ter bi \u010das namenili pogovarjanju drug z drugim.<\/p>\n<p>Ivana ve, da so mrzli in pusti zimski dnevi lahko posebej naporni za vse osamljene in bolne, zato jim v prihajajo\u010dih mesecih nameravajo posvetiti posebno pozornost z obiskom na domu: \u00bbMeni se zdi, da to veliko \u0161teje.\u00ab Pravi, da bolezen lahko prizadene vsakega izmed nas in \u00bbprej ko slej si na tej poti, nikoli ne re\u010di, da se ti to ne more zgoditi\u00ab. Erkerjeva nasploh rada pomaga, ko nekdo potrebuje pomo\u010d, se ne obrne stran, ostarelim doma\u010dinom je tako pomagala urejati \u017ee vse od birokratskih zadev pa tudi do osebne nege, kadar tega sami niso bili sposobni.<\/p>\n<p>Veliko sodelujejo z lokalnim Turisti\u010dnim dru\u0161tvom Vitica in krajevno skupnostjo Vrhole \u2013 Preloge: \u00bbSamo ko delujemo skupaj\u00a0 kot ena skupina, smo mo\u010dni. V resnici pa se v vseh treh dru\u0161tvih pojavljamo isti ljudje.\u00ab Ivana je tako poleg dru\u0161tva upokojencev v\u010dlanjena tudi v turisti\u010dno dru\u0161tvo, sodeluje pa tudi pri Rde\u010dem kri\u017eu. V Dru\u0161tvu upokojencev pa so v\u010dlanjeni tudi njena mama, mo\u017e, sestra in svak: \u00bbNa vasi je zelo dobrodo\u0161lo, da smo aktivni. Druga\u010de opa\u017eam, da se samo vozi\u0161 skozi vas, pozdravi\u0161 va\u0161\u010dane in gre\u0161 naprej. Ljudje smo vendar socialna bitja in se moramo dru\u017eiti.\u00ab (A. Sobo\u010dan)<\/p>\n<p>Ve\u010d o Ivani Erker pa v aktualni decembrski \u0161tevilki Bistri\u0161kih novic.<\/p>\n<p>&nbsp;<\/p>\n","protected":false},"excerpt":{"rendered":"<p>Ivana Erker je \u010dlanica dru\u0161tva \u017ee vse od njegove ustanovitve pred devetimi \u00a0leti, v zadnjem letu pa tudi njegova predsednica. \u00bbKo sem se pridru\u017eila, \u0161e nisem bila v pokoju.\u00ab Dru\u0161tvo danes \u0161teje 70 \u010dlanov, od tega jih je 7 v upravnem odboru.\u00a0 Ivano je funkcija predsednice dru\u0161tva sicer doletela \u00bbpovsem nepri\u010dakovano\u00ab: ker ni bilo kandidatov [&hellip;]<\/p>\n","protected":false},"author":12,"featured_media":158425,"comment_status":"closed","ping_status":"closed","sticky":false,"template":"","format":"standard","meta":{"footnotes":""},"categories":[14,32],"tags":[16730,16731],"class_list":{"0":"post-158424","1":"post","2":"type-post","3":"status-publish","4":"format-standard","5":"has-post-thumbnail","7":"category-aktualno","8":"category-bistrisko","9":"tag-du-vrhole","10":"tag-ivana-erker"},"yoast_head":"<!-- This site is optimized with the Yoast SEO plugin v27.4 - https:\/\/yoast.com\/product\/yoast-seo-wordpress\/ -->\n<title>Dru\u0161tvo upokojencev Vrhole: Kmalu bodo praznovali 10-letnico - Novice.si<\/title>\n<meta name=\"robots\" content=\"index, follow, max-snippet:-1, max-image-preview:large, max-video-preview:-1\" \/>\n<link rel=\"canonical\" href=\"https:\/\/novice.si\/page\/drustvo-upokojencev-vrhole-kmalu-bodo-praznovali-10-letnico\/\" \/>\n<meta property=\"og:locale\" content=\"sl_SI\" \/>\n<meta property=\"og:type\" content=\"article\" \/>\n<meta property=\"og:title\" content=\"Dru\u0161tvo upokojencev Vrhole: Kmalu bodo praznovali 10-letnico - Novice.si\" \/>\n<meta property=\"og:description\" content=\"Ivana Erker je \u010dlanica dru\u0161tva \u017ee vse od njegove ustanovitve pred devetimi \u00a0leti, v zadnjem letu pa tudi njegova predsednica. \u00bbKo sem se pridru\u017eila, \u0161e nisem bila v pokoju.\u00ab Dru\u0161tvo danes \u0161teje 70 \u010dlanov, od tega jih je 7 v upravnem odboru.\u00a0 Ivano je funkcija predsednice dru\u0161tva sicer doletela \u00bbpovsem nepri\u010dakovano\u00ab: ker ni bilo kandidatov [&hellip;]\" \/>\n<meta property=\"og:url\" content=\"https:\/\/novice.si\/page\/drustvo-upokojencev-vrhole-kmalu-bodo-praznovali-10-letnico\/\" \/>\n<meta property=\"og:site_name\" content=\"Novice.si\" \/>\n<meta property=\"article:published_time\" content=\"2022-12-29T07:34:04+00:00\" \/>\n<meta property=\"og:image\" content=\"https:\/\/novice.si\/page\/wp-content\/uploads\/2022\/12\/Slika11.jpg\" \/>\n\t<meta property=\"og:image:width\" content=\"940\" \/>\n\t<meta property=\"og:image:height\" content=\"704\" \/>\n\t<meta property=\"og:image:type\" content=\"image\/jpeg\" \/>\n<meta name=\"author\" content=\"Uredni\u0161tvo Celjana\" \/>\n<meta name=\"twitter:card\" content=\"summary_large_image\" \/>\n<meta name=\"twitter:label1\" content=\"Written by\" \/>\n\t<meta name=\"twitter:data1\" content=\"Uredni\u0161tvo Celjana\" \/>\n\t<meta name=\"twitter:label2\" content=\"Est. reading time\" \/>\n\t<meta name=\"twitter:data2\" content=\"3 minute\" \/>\n<script type=\"application\/ld+json\" class=\"yoast-schema-graph\">{\"@context\":\"https:\\\/\\\/schema.org\",\"@graph\":[{\"@type\":\"Article\",\"@id\":\"https:\\\/\\\/novice.si\\\/page\\\/drustvo-upokojencev-vrhole-kmalu-bodo-praznovali-10-letnico\\\/#article\",\"isPartOf\":{\"@id\":\"https:\\\/\\\/novice.si\\\/page\\\/drustvo-upokojencev-vrhole-kmalu-bodo-praznovali-10-letnico\\\/\"},\"author\":{\"name\":\"Uredni\u0161tvo Celjana\",\"@id\":\"https:\\\/\\\/novice.si\\\/page\\\/#\\\/schema\\\/person\\\/51903923b50fefb075bc1cd24fe4d065\"},\"headline\":\"Dru\u0161tvo upokojencev Vrhole: Kmalu bodo praznovali 10-letnico\",\"datePublished\":\"2022-12-29T07:34:04+00:00\",\"mainEntityOfPage\":{\"@id\":\"https:\\\/\\\/novice.si\\\/page\\\/drustvo-upokojencev-vrhole-kmalu-bodo-praznovali-10-letnico\\\/\"},\"wordCount\":569,\"publisher\":{\"@id\":\"https:\\\/\\\/novice.si\\\/page\\\/#organization\"},\"image\":{\"@id\":\"https:\\\/\\\/novice.si\\\/page\\\/drustvo-upokojencev-vrhole-kmalu-bodo-praznovali-10-letnico\\\/#primaryimage\"},\"thumbnailUrl\":\"https:\\\/\\\/novice.si\\\/page\\\/wp-content\\\/uploads\\\/2022\\\/12\\\/Slika11.jpg\",\"keywords\":[\"DU Vrhole\",\"Ivana Erker\"],\"articleSection\":[\"Aktualno\",\"Bistri\u0161ko\"],\"inLanguage\":\"sl-SI\"},{\"@type\":\"WebPage\",\"@id\":\"https:\\\/\\\/novice.si\\\/page\\\/drustvo-upokojencev-vrhole-kmalu-bodo-praznovali-10-letnico\\\/\",\"url\":\"https:\\\/\\\/novice.si\\\/page\\\/drustvo-upokojencev-vrhole-kmalu-bodo-praznovali-10-letnico\\\/\",\"name\":\"Dru\u0161tvo upokojencev Vrhole: Kmalu bodo praznovali 10-letnico - Novice.si\",\"isPartOf\":{\"@id\":\"https:\\\/\\\/novice.si\\\/page\\\/#website\"},\"primaryImageOfPage\":{\"@id\":\"https:\\\/\\\/novice.si\\\/page\\\/drustvo-upokojencev-vrhole-kmalu-bodo-praznovali-10-letnico\\\/#primaryimage\"},\"image\":{\"@id\":\"https:\\\/\\\/novice.si\\\/page\\\/drustvo-upokojencev-vrhole-kmalu-bodo-praznovali-10-letnico\\\/#primaryimage\"},\"thumbnailUrl\":\"https:\\\/\\\/novice.si\\\/page\\\/wp-content\\\/uploads\\\/2022\\\/12\\\/Slika11.jpg\",\"datePublished\":\"2022-12-29T07:34:04+00:00\",\"breadcrumb\":{\"@id\":\"https:\\\/\\\/novice.si\\\/page\\\/drustvo-upokojencev-vrhole-kmalu-bodo-praznovali-10-letnico\\\/#breadcrumb\"},\"inLanguage\":\"sl-SI\",\"potentialAction\":[{\"@type\":\"ReadAction\",\"target\":[\"https:\\\/\\\/novice.si\\\/page\\\/drustvo-upokojencev-vrhole-kmalu-bodo-praznovali-10-letnico\\\/\"]}]},{\"@type\":\"ImageObject\",\"inLanguage\":\"sl-SI\",\"@id\":\"https:\\\/\\\/novice.si\\\/page\\\/drustvo-upokojencev-vrhole-kmalu-bodo-praznovali-10-letnico\\\/#primaryimage\",\"url\":\"https:\\\/\\\/novice.si\\\/page\\\/wp-content\\\/uploads\\\/2022\\\/12\\\/Slika11.jpg\",\"contentUrl\":\"https:\\\/\\\/novice.si\\\/page\\\/wp-content\\\/uploads\\\/2022\\\/12\\\/Slika11.jpg\",\"width\":940,\"height\":704,\"caption\":\"Dru\u0161tvo upokojencev Vrhole.\"},{\"@type\":\"BreadcrumbList\",\"@id\":\"https:\\\/\\\/novice.si\\\/page\\\/drustvo-upokojencev-vrhole-kmalu-bodo-praznovali-10-letnico\\\/#breadcrumb\",\"itemListElement\":[{\"@type\":\"ListItem\",\"position\":1,\"name\":\"Home\",\"item\":\"https:\\\/\\\/novice.si\\\/page\\\/\"},{\"@type\":\"ListItem\",\"position\":2,\"name\":\"Dru\u0161tvo upokojencev Vrhole: Kmalu bodo praznovali 10-letnico\"}]},{\"@type\":\"WebSite\",\"@id\":\"https:\\\/\\\/novice.si\\\/page\\\/#website\",\"url\":\"https:\\\/\\\/novice.si\\\/page\\\/\",\"name\":\"Novice.si\",\"description\":\"\",\"publisher\":{\"@id\":\"https:\\\/\\\/novice.si\\\/page\\\/#organization\"},\"potentialAction\":[{\"@type\":\"SearchAction\",\"target\":{\"@type\":\"EntryPoint\",\"urlTemplate\":\"https:\\\/\\\/novice.si\\\/page\\\/?s={search_term_string}\"},\"query-input\":{\"@type\":\"PropertyValueSpecification\",\"valueRequired\":true,\"valueName\":\"search_term_string\"}}],\"inLanguage\":\"sl-SI\"},{\"@type\":\"Organization\",\"@id\":\"https:\\\/\\\/novice.si\\\/page\\\/#organization\",\"name\":\"Novice.si\",\"url\":\"https:\\\/\\\/novice.si\\\/page\\\/\",\"logo\":{\"@type\":\"ImageObject\",\"inLanguage\":\"sl-SI\",\"@id\":\"https:\\\/\\\/novice.si\\\/page\\\/#\\\/schema\\\/logo\\\/image\\\/\",\"url\":\"https:\\\/\\\/novice.si\\\/page\\\/wp-content\\\/uploads\\\/2023\\\/03\\\/novice_si.png\",\"contentUrl\":\"https:\\\/\\\/novice.si\\\/page\\\/wp-content\\\/uploads\\\/2023\\\/03\\\/novice_si.png\",\"width\":576,\"height\":200,\"caption\":\"Novice.si\"},\"image\":{\"@id\":\"https:\\\/\\\/novice.si\\\/page\\\/#\\\/schema\\\/logo\\\/image\\\/\"}},{\"@type\":\"Person\",\"@id\":\"https:\\\/\\\/novice.si\\\/page\\\/#\\\/schema\\\/person\\\/51903923b50fefb075bc1cd24fe4d065\",\"name\":\"Uredni\u0161tvo Celjana\",\"image\":{\"@type\":\"ImageObject\",\"inLanguage\":\"sl-SI\",\"@id\":\"https:\\\/\\\/secure.gravatar.com\\\/avatar\\\/b516f102aa90b53619e09722b8ea56721c99bfcb4f1035f9b333d99f52330226?s=96&d=mm&r=g\",\"url\":\"https:\\\/\\\/secure.gravatar.com\\\/avatar\\\/b516f102aa90b53619e09722b8ea56721c99bfcb4f1035f9b333d99f52330226?s=96&d=mm&r=g\",\"contentUrl\":\"https:\\\/\\\/secure.gravatar.com\\\/avatar\\\/b516f102aa90b53619e09722b8ea56721c99bfcb4f1035f9b333d99f52330226?s=96&d=mm&r=g\",\"caption\":\"Uredni\u0161tvo Celjana\"},\"url\":\"https:\\\/\\\/novice.si\\\/page\\\/author\\\/nejc\\\/\"}]}<\/script>\n<!-- \/ Yoast SEO plugin. -->","yoast_head_json":{"title":"Dru\u0161tvo upokojencev Vrhole: Kmalu bodo praznovali 10-letnico - Novice.si","robots":{"index":"index","follow":"follow","max-snippet":"max-snippet:-1","max-image-preview":"max-image-preview:large","max-video-preview":"max-video-preview:-1"},"canonical":"https:\/\/novice.si\/page\/drustvo-upokojencev-vrhole-kmalu-bodo-praznovali-10-letnico\/","og_locale":"sl_SI","og_type":"article","og_title":"Dru\u0161tvo upokojencev Vrhole: Kmalu bodo praznovali 10-letnico - Novice.si","og_description":"Ivana Erker je \u010dlanica dru\u0161tva \u017ee vse od njegove ustanovitve pred devetimi \u00a0leti, v zadnjem letu pa tudi njegova predsednica. \u00bbKo sem se pridru\u017eila, \u0161e nisem bila v pokoju.\u00ab Dru\u0161tvo danes \u0161teje 70 \u010dlanov, od tega jih je 7 v upravnem odboru.\u00a0 Ivano je funkcija predsednice dru\u0161tva sicer doletela \u00bbpovsem nepri\u010dakovano\u00ab: ker ni bilo kandidatov [&hellip;]","og_url":"https:\/\/novice.si\/page\/drustvo-upokojencev-vrhole-kmalu-bodo-praznovali-10-letnico\/","og_site_name":"Novice.si","article_published_time":"2022-12-29T07:34:04+00:00","og_image":[{"width":940,"height":704,"url":"https:\/\/novice.si\/page\/wp-content\/uploads\/2022\/12\/Slika11.jpg","type":"image\/jpeg"}],"author":"Uredni\u0161tvo Celjana","twitter_card":"summary_large_image","twitter_misc":{"Written by":"Uredni\u0161tvo Celjana","Est. reading time":"3 minute"},"schema":{"@context":"https:\/\/schema.org","@graph":[{"@type":"Article","@id":"https:\/\/novice.si\/page\/drustvo-upokojencev-vrhole-kmalu-bodo-praznovali-10-letnico\/#article","isPartOf":{"@id":"https:\/\/novice.si\/page\/drustvo-upokojencev-vrhole-kmalu-bodo-praznovali-10-letnico\/"},"author":{"name":"Uredni\u0161tvo Celjana","@id":"https:\/\/novice.si\/page\/#\/schema\/person\/51903923b50fefb075bc1cd24fe4d065"},"headline":"Dru\u0161tvo upokojencev Vrhole: Kmalu bodo praznovali 10-letnico","datePublished":"2022-12-29T07:34:04+00:00","mainEntityOfPage":{"@id":"https:\/\/novice.si\/page\/drustvo-upokojencev-vrhole-kmalu-bodo-praznovali-10-letnico\/"},"wordCount":569,"publisher":{"@id":"https:\/\/novice.si\/page\/#organization"},"image":{"@id":"https:\/\/novice.si\/page\/drustvo-upokojencev-vrhole-kmalu-bodo-praznovali-10-letnico\/#primaryimage"},"thumbnailUrl":"https:\/\/novice.si\/page\/wp-content\/uploads\/2022\/12\/Slika11.jpg","keywords":["DU Vrhole","Ivana Erker"],"articleSection":["Aktualno","Bistri\u0161ko"],"inLanguage":"sl-SI"},{"@type":"WebPage","@id":"https:\/\/novice.si\/page\/drustvo-upokojencev-vrhole-kmalu-bodo-praznovali-10-letnico\/","url":"https:\/\/novice.si\/page\/drustvo-upokojencev-vrhole-kmalu-bodo-praznovali-10-letnico\/","name":"Dru\u0161tvo upokojencev Vrhole: Kmalu bodo praznovali 10-letnico - Novice.si","isPartOf":{"@id":"https:\/\/novice.si\/page\/#website"},"primaryImageOfPage":{"@id":"https:\/\/novice.si\/page\/drustvo-upokojencev-vrhole-kmalu-bodo-praznovali-10-letnico\/#primaryimage"},"image":{"@id":"https:\/\/novice.si\/page\/drustvo-upokojencev-vrhole-kmalu-bodo-praznovali-10-letnico\/#primaryimage"},"thumbnailUrl":"https:\/\/novice.si\/page\/wp-content\/uploads\/2022\/12\/Slika11.jpg","datePublished":"2022-12-29T07:34:04+00:00","breadcrumb":{"@id":"https:\/\/novice.si\/page\/drustvo-upokojencev-vrhole-kmalu-bodo-praznovali-10-letnico\/#breadcrumb"},"inLanguage":"sl-SI","potentialAction":[{"@type":"ReadAction","target":["https:\/\/novice.si\/page\/drustvo-upokojencev-vrhole-kmalu-bodo-praznovali-10-letnico\/"]}]},{"@type":"ImageObject","inLanguage":"sl-SI","@id":"https:\/\/novice.si\/page\/drustvo-upokojencev-vrhole-kmalu-bodo-praznovali-10-letnico\/#primaryimage","url":"https:\/\/novice.si\/page\/wp-content\/uploads\/2022\/12\/Slika11.jpg","contentUrl":"https:\/\/novice.si\/page\/wp-content\/uploads\/2022\/12\/Slika11.jpg","width":940,"height":704,"caption":"Dru\u0161tvo upokojencev Vrhole."},{"@type":"BreadcrumbList","@id":"https:\/\/novice.si\/page\/drustvo-upokojencev-vrhole-kmalu-bodo-praznovali-10-letnico\/#breadcrumb","itemListElement":[{"@type":"ListItem","position":1,"name":"Home","item":"https:\/\/novice.si\/page\/"},{"@type":"ListItem","position":2,"name":"Dru\u0161tvo upokojencev Vrhole: Kmalu bodo praznovali 10-letnico"}]},{"@type":"WebSite","@id":"https:\/\/novice.si\/page\/#website","url":"https:\/\/novice.si\/page\/","name":"Novice.si","description":"","publisher":{"@id":"https:\/\/novice.si\/page\/#organization"},"potentialAction":[{"@type":"SearchAction","target":{"@type":"EntryPoint","urlTemplate":"https:\/\/novice.si\/page\/?s={search_term_string}"},"query-input":{"@type":"PropertyValueSpecification","valueRequired":true,"valueName":"search_term_string"}}],"inLanguage":"sl-SI"},{"@type":"Organization","@id":"https:\/\/novice.si\/page\/#organization","name":"Novice.si","url":"https:\/\/novice.si\/page\/","logo":{"@type":"ImageObject","inLanguage":"sl-SI","@id":"https:\/\/novice.si\/page\/#\/schema\/logo\/image\/","url":"https:\/\/novice.si\/page\/wp-content\/uploads\/2023\/03\/novice_si.png","contentUrl":"https:\/\/novice.si\/page\/wp-content\/uploads\/2023\/03\/novice_si.png","width":576,"height":200,"caption":"Novice.si"},"image":{"@id":"https:\/\/novice.si\/page\/#\/schema\/logo\/image\/"}},{"@type":"Person","@id":"https:\/\/novice.si\/page\/#\/schema\/person\/51903923b50fefb075bc1cd24fe4d065","name":"Uredni\u0161tvo Celjana","image":{"@type":"ImageObject","inLanguage":"sl-SI","@id":"https:\/\/secure.gravatar.com\/avatar\/b516f102aa90b53619e09722b8ea56721c99bfcb4f1035f9b333d99f52330226?s=96&d=mm&r=g","url":"https:\/\/secure.gravatar.com\/avatar\/b516f102aa90b53619e09722b8ea56721c99bfcb4f1035f9b333d99f52330226?s=96&d=mm&r=g","contentUrl":"https:\/\/secure.gravatar.com\/avatar\/b516f102aa90b53619e09722b8ea56721c99bfcb4f1035f9b333d99f52330226?s=96&d=mm&r=g","caption":"Uredni\u0161tvo Celjana"},"url":"https:\/\/novice.si\/page\/author\/nejc\/"}]}},"_links":{"self":[{"href":"https:\/\/novice.si\/page\/wp-json\/wp\/v2\/posts\/158424","targetHints":{"allow":["GET"]}}],"collection":[{"href":"https:\/\/novice.si\/page\/wp-json\/wp\/v2\/posts"}],"about":[{"href":"https:\/\/novice.si\/page\/wp-json\/wp\/v2\/types\/post"}],"author":[{"embeddable":true,"href":"https:\/\/novice.si\/page\/wp-json\/wp\/v2\/users\/12"}],"replies":[{"embeddable":true,"href":"https:\/\/novice.si\/page\/wp-json\/wp\/v2\/comments?post=158424"}],"version-history":[{"count":1,"href":"https:\/\/novice.si\/page\/wp-json\/wp\/v2\/posts\/158424\/revisions"}],"predecessor-version":[{"id":158427,"href":"https:\/\/novice.si\/page\/wp-json\/wp\/v2\/posts\/158424\/revisions\/158427"}],"wp:featuredmedia":[{"embeddable":true,"href":"https:\/\/novice.si\/page\/wp-json\/wp\/v2\/media\/158425"}],"wp:attachment":[{"href":"https:\/\/novice.si\/page\/wp-json\/wp\/v2\/media?parent=158424"}],"wp:term":[{"taxonomy":"category","embeddable":true,"href":"https:\/\/novice.si\/page\/wp-json\/wp\/v2\/categories?post=158424"},{"taxonomy":"post_tag","embeddable":true,"href":"https:\/\/novice.si\/page\/wp-json\/wp\/v2\/tags?post=158424"}],"curies":[{"name":"wp","href":"https:\/\/api.w.org\/{rel}","templated":true}]}}