{"id":158398,"date":"2022-12-28T12:15:58","date_gmt":"2022-12-28T11:15:58","guid":{"rendered":"https:\/\/novice.si\/page\/?p=158398"},"modified":"2022-12-28T12:15:58","modified_gmt":"2022-12-28T11:15:58","slug":"vojnik-manj-obiskovalcev-bozicnega-vojnika-a-vec-vsebine","status":"publish","type":"post","link":"https:\/\/novice.si\/page\/vojnik-manj-obiskovalcev-bozicnega-vojnika-a-vec-vsebine\/","title":{"rendered":"VOJNIK Manj obiskovalcev Bo\u017ei\u010dnega Vojnika, a ve\u010d vsebine"},"content":{"rendered":"<p>\u010ce<a href=\"https:\/\/novice.si\/page\/wp-content\/uploads\/2022\/12\/bozicni-Vojnik-male-2022-1.jpg\" data-gallery><img loading=\"lazy\" decoding=\"async\" class=\" wp-image-158399 alignleft\" src=\"https:\/\/novice.si\/page\/wp-content\/uploads\/2022\/12\/bozicni-Vojnik-male-2022-1-300x200.jpg\" alt=\"\" width=\"311\" height=\"207\" srcset=\"https:\/\/novice.si\/page\/wp-content\/uploads\/2022\/12\/bozicni-Vojnik-male-2022-1-300x200.jpg 300w, https:\/\/novice.si\/page\/wp-content\/uploads\/2022\/12\/bozicni-Vojnik-male-2022-1-768x512.jpg 768w, https:\/\/novice.si\/page\/wp-content\/uploads\/2022\/12\/bozicni-Vojnik-male-2022-1-696x464.jpg 696w, https:\/\/novice.si\/page\/wp-content\/uploads\/2022\/12\/bozicni-Vojnik-male-2022-1-631x420.jpg 631w, https:\/\/novice.si\/page\/wp-content\/uploads\/2022\/12\/bozicni-Vojnik-male-2022-1-24x16.jpg 24w, https:\/\/novice.si\/page\/wp-content\/uploads\/2022\/12\/bozicni-Vojnik-male-2022-1-36x24.jpg 36w, https:\/\/novice.si\/page\/wp-content\/uploads\/2022\/12\/bozicni-Vojnik-male-2022-1-48x32.jpg 48w, https:\/\/novice.si\/page\/wp-content\/uploads\/2022\/12\/bozicni-Vojnik-male-2022-1.jpg 1024w\" sizes=\"auto, (max-width: 311px) 100vw, 311px\" \/><\/a>prav je obiskovalcev Bo\u017ei\u010dnega Vojnika letos pribli\u017eno polovica manj, kot v rekordnih sezonah, so organizatorji zadovoljni z odzivom ljudi. Do drugega januarja naj bi Vojnik tako obiskalo okoli 20 tiso\u010d ljubiteljev jaslic, ki se vsakodnevno lahko udele\u017eijo tudi katerega od koncertov.<\/p>\n<p>V primerjavi z ve\u010dino drugih prireditev ima Bo\u017ei\u010dni Vojnik precej ve\u010d vsebine, poudarja \u010dlan organizacijskega odbora <strong>Beno Podergajs<\/strong>. \u00bbObisk ni tak\u0161en, kot je bil v letih 2019 in 2020, kar je razumljivo. Zadnje tri dni je bilo obiskovalcev izjemno veliko. \u010ce bo \u0161lo tako naprej, bomo lahko zadovoljni. \u00ab<a href=\"https:\/\/novice.si\/page\/wp-content\/uploads\/2022\/12\/Bozicni-Vojnik-2022-2.jpg\" data-gallery><img loading=\"lazy\" decoding=\"async\" class=\" wp-image-158401 alignright\" src=\"https:\/\/novice.si\/page\/wp-content\/uploads\/2022\/12\/Bozicni-Vojnik-2022-2-300x200.jpg\" alt=\"\" width=\"325\" height=\"216\" srcset=\"https:\/\/novice.si\/page\/wp-content\/uploads\/2022\/12\/Bozicni-Vojnik-2022-2-300x200.jpg 300w, https:\/\/novice.si\/page\/wp-content\/uploads\/2022\/12\/Bozicni-Vojnik-2022-2-1024x683.jpg 1024w, https:\/\/novice.si\/page\/wp-content\/uploads\/2022\/12\/Bozicni-Vojnik-2022-2-768x512.jpg 768w, https:\/\/novice.si\/page\/wp-content\/uploads\/2022\/12\/Bozicni-Vojnik-2022-2-1536x1024.jpg 1536w, https:\/\/novice.si\/page\/wp-content\/uploads\/2022\/12\/Bozicni-Vojnik-2022-2-2048x1365.jpg 2048w, https:\/\/novice.si\/page\/wp-content\/uploads\/2022\/12\/Bozicni-Vojnik-2022-2-696x464.jpg 696w, https:\/\/novice.si\/page\/wp-content\/uploads\/2022\/12\/Bozicni-Vojnik-2022-2-1068x712.jpg 1068w, https:\/\/novice.si\/page\/wp-content\/uploads\/2022\/12\/Bozicni-Vojnik-2022-2-630x420.jpg 630w, https:\/\/novice.si\/page\/wp-content\/uploads\/2022\/12\/Bozicni-Vojnik-2022-2-24x16.jpg 24w, https:\/\/novice.si\/page\/wp-content\/uploads\/2022\/12\/Bozicni-Vojnik-2022-2-36x24.jpg 36w, https:\/\/novice.si\/page\/wp-content\/uploads\/2022\/12\/Bozicni-Vojnik-2022-2-48x32.jpg 48w\" sizes=\"auto, (max-width: 325px) 100vw, 325px\" \/><\/a><\/p>\n<p>Ker je kupna mo\u010d upadla, se bo predvidoma nabralo nekoliko manj sredstev iz naslova prostovoljnih prispevkov, s katerimi pokrivajo tudi stro\u0161ke prireditve (del jih krije ob\u010dina). Za name\u010dek so v po\u017earu pred \u010dasom zgorele vse hi\u0161ke in so jih morali zdaj postaviti na novo, so pa organizatorji zadovoljni s \u0161tevilnimi pohvalami iz vseh koncev dr\u017eave, predvsem zaradi visoke ravni priprave najve\u010dje razstave jaslic in spremljajo\u010dega programa.<\/p>\n<p>P\u0160<\/p>\n","protected":false},"excerpt":{"rendered":"<p>\u010ceprav je obiskovalcev Bo\u017ei\u010dnega Vojnika letos pribli\u017eno polovica manj, kot v rekordnih sezonah, so organizatorji zadovoljni z odzivom ljudi. Do drugega januarja naj bi Vojnik tako obiskalo okoli 20 tiso\u010d ljubiteljev jaslic, ki se vsakodnevno lahko udele\u017eijo tudi katerega od koncertov. V primerjavi z ve\u010dino drugih prireditev ima Bo\u017ei\u010dni Vojnik precej ve\u010d vsebine, poudarja \u010dlan [&hellip;]<\/p>\n","protected":false},"author":33,"featured_media":158400,"comment_status":"closed","ping_status":"closed","sticky":false,"template":"","format":"standard","meta":{"footnotes":""},"categories":[17],"tags":[944,7170,7172,1674,1849,1462],"class_list":{"0":"post-158398","1":"post","2":"type-post","3":"status-publish","4":"format-standard","5":"has-post-thumbnail","7":"category-celjsko","8":"tag-beno-podergajs","9":"tag-bozicni-vojnik","10":"tag-jaslice","11":"tag-koncert","12":"tag-prireditve","13":"tag-razstava"},"yoast_head":"<!-- This site is optimized with the Yoast SEO plugin v27.4 - https:\/\/yoast.com\/product\/yoast-seo-wordpress\/ -->\n<title>VOJNIK Manj obiskovalcev Bo\u017ei\u010dnega Vojnika, a ve\u010d vsebine - Novice.si<\/title>\n<meta name=\"robots\" content=\"index, follow, max-snippet:-1, max-image-preview:large, max-video-preview:-1\" \/>\n<link rel=\"canonical\" href=\"https:\/\/novice.si\/page\/vojnik-manj-obiskovalcev-bozicnega-vojnika-a-vec-vsebine\/\" \/>\n<meta property=\"og:locale\" content=\"sl_SI\" \/>\n<meta property=\"og:type\" content=\"article\" \/>\n<meta property=\"og:title\" content=\"VOJNIK Manj obiskovalcev Bo\u017ei\u010dnega Vojnika, a ve\u010d vsebine - Novice.si\" \/>\n<meta property=\"og:description\" content=\"\u010ceprav je obiskovalcev Bo\u017ei\u010dnega Vojnika letos pribli\u017eno polovica manj, kot v rekordnih sezonah, so organizatorji zadovoljni z odzivom ljudi. Do drugega januarja naj bi Vojnik tako obiskalo okoli 20 tiso\u010d ljubiteljev jaslic, ki se vsakodnevno lahko udele\u017eijo tudi katerega od koncertov. V primerjavi z ve\u010dino drugih prireditev ima Bo\u017ei\u010dni Vojnik precej ve\u010d vsebine, poudarja \u010dlan [&hellip;]\" \/>\n<meta property=\"og:url\" content=\"https:\/\/novice.si\/page\/vojnik-manj-obiskovalcev-bozicnega-vojnika-a-vec-vsebine\/\" \/>\n<meta property=\"og:site_name\" content=\"Novice.si\" \/>\n<meta property=\"article:published_time\" content=\"2022-12-28T11:15:58+00:00\" \/>\n<meta property=\"og:image\" content=\"https:\/\/novice.si\/page\/wp-content\/uploads\/2022\/12\/Bozicni-Vojnik-2022-3.jpg\" \/>\n\t<meta property=\"og:image:width\" content=\"2480\" \/>\n\t<meta property=\"og:image:height\" content=\"1654\" \/>\n\t<meta property=\"og:image:type\" content=\"image\/jpeg\" \/>\n<meta name=\"author\" content=\"Uredni\u0161tvo Celjana\" \/>\n<meta name=\"twitter:card\" content=\"summary_large_image\" \/>\n<meta name=\"twitter:label1\" content=\"Written by\" \/>\n\t<meta name=\"twitter:data1\" content=\"Uredni\u0161tvo Celjana\" \/>\n\t<meta name=\"twitter:label2\" content=\"Est. reading time\" \/>\n\t<meta name=\"twitter:data2\" content=\"2 minuti\" \/>\n<script type=\"application\/ld+json\" class=\"yoast-schema-graph\">{\"@context\":\"https:\\\/\\\/schema.org\",\"@graph\":[{\"@type\":\"Article\",\"@id\":\"https:\\\/\\\/novice.si\\\/page\\\/vojnik-manj-obiskovalcev-bozicnega-vojnika-a-vec-vsebine\\\/#article\",\"isPartOf\":{\"@id\":\"https:\\\/\\\/novice.si\\\/page\\\/vojnik-manj-obiskovalcev-bozicnega-vojnika-a-vec-vsebine\\\/\"},\"author\":{\"name\":\"Uredni\u0161tvo Celjana\",\"@id\":\"https:\\\/\\\/novice.si\\\/page\\\/#\\\/schema\\\/person\\\/57f25c9642a9541c7349c65d32032c3e\"},\"headline\":\"VOJNIK Manj obiskovalcev Bo\u017ei\u010dnega Vojnika, a ve\u010d vsebine\",\"datePublished\":\"2022-12-28T11:15:58+00:00\",\"mainEntityOfPage\":{\"@id\":\"https:\\\/\\\/novice.si\\\/page\\\/vojnik-manj-obiskovalcev-bozicnega-vojnika-a-vec-vsebine\\\/\"},\"wordCount\":180,\"publisher\":{\"@id\":\"https:\\\/\\\/novice.si\\\/page\\\/#organization\"},\"image\":{\"@id\":\"https:\\\/\\\/novice.si\\\/page\\\/vojnik-manj-obiskovalcev-bozicnega-vojnika-a-vec-vsebine\\\/#primaryimage\"},\"thumbnailUrl\":\"https:\\\/\\\/novice.si\\\/page\\\/wp-content\\\/uploads\\\/2022\\\/12\\\/Bozicni-Vojnik-2022-3.jpg\",\"keywords\":[\"Beno Podergajs\",\"Bo\u017ei\u010dni Vojnik\",\"jaslice\",\"koncert\",\"prireditve\",\"razstava\"],\"articleSection\":[\"Celjsko\"],\"inLanguage\":\"sl-SI\"},{\"@type\":\"WebPage\",\"@id\":\"https:\\\/\\\/novice.si\\\/page\\\/vojnik-manj-obiskovalcev-bozicnega-vojnika-a-vec-vsebine\\\/\",\"url\":\"https:\\\/\\\/novice.si\\\/page\\\/vojnik-manj-obiskovalcev-bozicnega-vojnika-a-vec-vsebine\\\/\",\"name\":\"VOJNIK Manj obiskovalcev Bo\u017ei\u010dnega Vojnika, a ve\u010d vsebine - Novice.si\",\"isPartOf\":{\"@id\":\"https:\\\/\\\/novice.si\\\/page\\\/#website\"},\"primaryImageOfPage\":{\"@id\":\"https:\\\/\\\/novice.si\\\/page\\\/vojnik-manj-obiskovalcev-bozicnega-vojnika-a-vec-vsebine\\\/#primaryimage\"},\"image\":{\"@id\":\"https:\\\/\\\/novice.si\\\/page\\\/vojnik-manj-obiskovalcev-bozicnega-vojnika-a-vec-vsebine\\\/#primaryimage\"},\"thumbnailUrl\":\"https:\\\/\\\/novice.si\\\/page\\\/wp-content\\\/uploads\\\/2022\\\/12\\\/Bozicni-Vojnik-2022-3.jpg\",\"datePublished\":\"2022-12-28T11:15:58+00:00\",\"breadcrumb\":{\"@id\":\"https:\\\/\\\/novice.si\\\/page\\\/vojnik-manj-obiskovalcev-bozicnega-vojnika-a-vec-vsebine\\\/#breadcrumb\"},\"inLanguage\":\"sl-SI\",\"potentialAction\":[{\"@type\":\"ReadAction\",\"target\":[\"https:\\\/\\\/novice.si\\\/page\\\/vojnik-manj-obiskovalcev-bozicnega-vojnika-a-vec-vsebine\\\/\"]}]},{\"@type\":\"ImageObject\",\"inLanguage\":\"sl-SI\",\"@id\":\"https:\\\/\\\/novice.si\\\/page\\\/vojnik-manj-obiskovalcev-bozicnega-vojnika-a-vec-vsebine\\\/#primaryimage\",\"url\":\"https:\\\/\\\/novice.si\\\/page\\\/wp-content\\\/uploads\\\/2022\\\/12\\\/Bozicni-Vojnik-2022-3.jpg\",\"contentUrl\":\"https:\\\/\\\/novice.si\\\/page\\\/wp-content\\\/uploads\\\/2022\\\/12\\\/Bozicni-Vojnik-2022-3.jpg\",\"width\":2480,\"height\":1654},{\"@type\":\"BreadcrumbList\",\"@id\":\"https:\\\/\\\/novice.si\\\/page\\\/vojnik-manj-obiskovalcev-bozicnega-vojnika-a-vec-vsebine\\\/#breadcrumb\",\"itemListElement\":[{\"@type\":\"ListItem\",\"position\":1,\"name\":\"Home\",\"item\":\"https:\\\/\\\/novice.si\\\/page\\\/\"},{\"@type\":\"ListItem\",\"position\":2,\"name\":\"VOJNIK Manj obiskovalcev Bo\u017ei\u010dnega Vojnika, a ve\u010d vsebine\"}]},{\"@type\":\"WebSite\",\"@id\":\"https:\\\/\\\/novice.si\\\/page\\\/#website\",\"url\":\"https:\\\/\\\/novice.si\\\/page\\\/\",\"name\":\"Novice.si\",\"description\":\"\",\"publisher\":{\"@id\":\"https:\\\/\\\/novice.si\\\/page\\\/#organization\"},\"potentialAction\":[{\"@type\":\"SearchAction\",\"target\":{\"@type\":\"EntryPoint\",\"urlTemplate\":\"https:\\\/\\\/novice.si\\\/page\\\/?s={search_term_string}\"},\"query-input\":{\"@type\":\"PropertyValueSpecification\",\"valueRequired\":true,\"valueName\":\"search_term_string\"}}],\"inLanguage\":\"sl-SI\"},{\"@type\":\"Organization\",\"@id\":\"https:\\\/\\\/novice.si\\\/page\\\/#organization\",\"name\":\"Novice.si\",\"url\":\"https:\\\/\\\/novice.si\\\/page\\\/\",\"logo\":{\"@type\":\"ImageObject\",\"inLanguage\":\"sl-SI\",\"@id\":\"https:\\\/\\\/novice.si\\\/page\\\/#\\\/schema\\\/logo\\\/image\\\/\",\"url\":\"https:\\\/\\\/novice.si\\\/page\\\/wp-content\\\/uploads\\\/2023\\\/03\\\/novice_si.png\",\"contentUrl\":\"https:\\\/\\\/novice.si\\\/page\\\/wp-content\\\/uploads\\\/2023\\\/03\\\/novice_si.png\",\"width\":576,\"height\":200,\"caption\":\"Novice.si\"},\"image\":{\"@id\":\"https:\\\/\\\/novice.si\\\/page\\\/#\\\/schema\\\/logo\\\/image\\\/\"}},{\"@type\":\"Person\",\"@id\":\"https:\\\/\\\/novice.si\\\/page\\\/#\\\/schema\\\/person\\\/57f25c9642a9541c7349c65d32032c3e\",\"name\":\"Uredni\u0161tvo Celjana\",\"image\":{\"@type\":\"ImageObject\",\"inLanguage\":\"sl-SI\",\"@id\":\"https:\\\/\\\/secure.gravatar.com\\\/avatar\\\/78e52bc4279b65f6df6345e0ef0f7b792d361361f230cf4ffecfe0afe6d5629c?s=96&d=mm&r=g\",\"url\":\"https:\\\/\\\/secure.gravatar.com\\\/avatar\\\/78e52bc4279b65f6df6345e0ef0f7b792d361361f230cf4ffecfe0afe6d5629c?s=96&d=mm&r=g\",\"contentUrl\":\"https:\\\/\\\/secure.gravatar.com\\\/avatar\\\/78e52bc4279b65f6df6345e0ef0f7b792d361361f230cf4ffecfe0afe6d5629c?s=96&d=mm&r=g\",\"caption\":\"Uredni\u0161tvo Celjana\"},\"url\":\"https:\\\/\\\/novice.si\\\/page\\\/author\\\/primoz\\\/\"}]}<\/script>\n<!-- \/ Yoast SEO plugin. -->","yoast_head_json":{"title":"VOJNIK Manj obiskovalcev Bo\u017ei\u010dnega Vojnika, a ve\u010d vsebine - Novice.si","robots":{"index":"index","follow":"follow","max-snippet":"max-snippet:-1","max-image-preview":"max-image-preview:large","max-video-preview":"max-video-preview:-1"},"canonical":"https:\/\/novice.si\/page\/vojnik-manj-obiskovalcev-bozicnega-vojnika-a-vec-vsebine\/","og_locale":"sl_SI","og_type":"article","og_title":"VOJNIK Manj obiskovalcev Bo\u017ei\u010dnega Vojnika, a ve\u010d vsebine - Novice.si","og_description":"\u010ceprav je obiskovalcev Bo\u017ei\u010dnega Vojnika letos pribli\u017eno polovica manj, kot v rekordnih sezonah, so organizatorji zadovoljni z odzivom ljudi. Do drugega januarja naj bi Vojnik tako obiskalo okoli 20 tiso\u010d ljubiteljev jaslic, ki se vsakodnevno lahko udele\u017eijo tudi katerega od koncertov. V primerjavi z ve\u010dino drugih prireditev ima Bo\u017ei\u010dni Vojnik precej ve\u010d vsebine, poudarja \u010dlan [&hellip;]","og_url":"https:\/\/novice.si\/page\/vojnik-manj-obiskovalcev-bozicnega-vojnika-a-vec-vsebine\/","og_site_name":"Novice.si","article_published_time":"2022-12-28T11:15:58+00:00","og_image":[{"width":2480,"height":1654,"url":"https:\/\/novice.si\/page\/wp-content\/uploads\/2022\/12\/Bozicni-Vojnik-2022-3.jpg","type":"image\/jpeg"}],"author":"Uredni\u0161tvo Celjana","twitter_card":"summary_large_image","twitter_misc":{"Written by":"Uredni\u0161tvo Celjana","Est. reading time":"2 minuti"},"schema":{"@context":"https:\/\/schema.org","@graph":[{"@type":"Article","@id":"https:\/\/novice.si\/page\/vojnik-manj-obiskovalcev-bozicnega-vojnika-a-vec-vsebine\/#article","isPartOf":{"@id":"https:\/\/novice.si\/page\/vojnik-manj-obiskovalcev-bozicnega-vojnika-a-vec-vsebine\/"},"author":{"name":"Uredni\u0161tvo Celjana","@id":"https:\/\/novice.si\/page\/#\/schema\/person\/57f25c9642a9541c7349c65d32032c3e"},"headline":"VOJNIK Manj obiskovalcev Bo\u017ei\u010dnega Vojnika, a ve\u010d vsebine","datePublished":"2022-12-28T11:15:58+00:00","mainEntityOfPage":{"@id":"https:\/\/novice.si\/page\/vojnik-manj-obiskovalcev-bozicnega-vojnika-a-vec-vsebine\/"},"wordCount":180,"publisher":{"@id":"https:\/\/novice.si\/page\/#organization"},"image":{"@id":"https:\/\/novice.si\/page\/vojnik-manj-obiskovalcev-bozicnega-vojnika-a-vec-vsebine\/#primaryimage"},"thumbnailUrl":"https:\/\/novice.si\/page\/wp-content\/uploads\/2022\/12\/Bozicni-Vojnik-2022-3.jpg","keywords":["Beno Podergajs","Bo\u017ei\u010dni Vojnik","jaslice","koncert","prireditve","razstava"],"articleSection":["Celjsko"],"inLanguage":"sl-SI"},{"@type":"WebPage","@id":"https:\/\/novice.si\/page\/vojnik-manj-obiskovalcev-bozicnega-vojnika-a-vec-vsebine\/","url":"https:\/\/novice.si\/page\/vojnik-manj-obiskovalcev-bozicnega-vojnika-a-vec-vsebine\/","name":"VOJNIK Manj obiskovalcev Bo\u017ei\u010dnega Vojnika, a ve\u010d vsebine - Novice.si","isPartOf":{"@id":"https:\/\/novice.si\/page\/#website"},"primaryImageOfPage":{"@id":"https:\/\/novice.si\/page\/vojnik-manj-obiskovalcev-bozicnega-vojnika-a-vec-vsebine\/#primaryimage"},"image":{"@id":"https:\/\/novice.si\/page\/vojnik-manj-obiskovalcev-bozicnega-vojnika-a-vec-vsebine\/#primaryimage"},"thumbnailUrl":"https:\/\/novice.si\/page\/wp-content\/uploads\/2022\/12\/Bozicni-Vojnik-2022-3.jpg","datePublished":"2022-12-28T11:15:58+00:00","breadcrumb":{"@id":"https:\/\/novice.si\/page\/vojnik-manj-obiskovalcev-bozicnega-vojnika-a-vec-vsebine\/#breadcrumb"},"inLanguage":"sl-SI","potentialAction":[{"@type":"ReadAction","target":["https:\/\/novice.si\/page\/vojnik-manj-obiskovalcev-bozicnega-vojnika-a-vec-vsebine\/"]}]},{"@type":"ImageObject","inLanguage":"sl-SI","@id":"https:\/\/novice.si\/page\/vojnik-manj-obiskovalcev-bozicnega-vojnika-a-vec-vsebine\/#primaryimage","url":"https:\/\/novice.si\/page\/wp-content\/uploads\/2022\/12\/Bozicni-Vojnik-2022-3.jpg","contentUrl":"https:\/\/novice.si\/page\/wp-content\/uploads\/2022\/12\/Bozicni-Vojnik-2022-3.jpg","width":2480,"height":1654},{"@type":"BreadcrumbList","@id":"https:\/\/novice.si\/page\/vojnik-manj-obiskovalcev-bozicnega-vojnika-a-vec-vsebine\/#breadcrumb","itemListElement":[{"@type":"ListItem","position":1,"name":"Home","item":"https:\/\/novice.si\/page\/"},{"@type":"ListItem","position":2,"name":"VOJNIK Manj obiskovalcev Bo\u017ei\u010dnega Vojnika, a ve\u010d vsebine"}]},{"@type":"WebSite","@id":"https:\/\/novice.si\/page\/#website","url":"https:\/\/novice.si\/page\/","name":"Novice.si","description":"","publisher":{"@id":"https:\/\/novice.si\/page\/#organization"},"potentialAction":[{"@type":"SearchAction","target":{"@type":"EntryPoint","urlTemplate":"https:\/\/novice.si\/page\/?s={search_term_string}"},"query-input":{"@type":"PropertyValueSpecification","valueRequired":true,"valueName":"search_term_string"}}],"inLanguage":"sl-SI"},{"@type":"Organization","@id":"https:\/\/novice.si\/page\/#organization","name":"Novice.si","url":"https:\/\/novice.si\/page\/","logo":{"@type":"ImageObject","inLanguage":"sl-SI","@id":"https:\/\/novice.si\/page\/#\/schema\/logo\/image\/","url":"https:\/\/novice.si\/page\/wp-content\/uploads\/2023\/03\/novice_si.png","contentUrl":"https:\/\/novice.si\/page\/wp-content\/uploads\/2023\/03\/novice_si.png","width":576,"height":200,"caption":"Novice.si"},"image":{"@id":"https:\/\/novice.si\/page\/#\/schema\/logo\/image\/"}},{"@type":"Person","@id":"https:\/\/novice.si\/page\/#\/schema\/person\/57f25c9642a9541c7349c65d32032c3e","name":"Uredni\u0161tvo Celjana","image":{"@type":"ImageObject","inLanguage":"sl-SI","@id":"https:\/\/secure.gravatar.com\/avatar\/78e52bc4279b65f6df6345e0ef0f7b792d361361f230cf4ffecfe0afe6d5629c?s=96&d=mm&r=g","url":"https:\/\/secure.gravatar.com\/avatar\/78e52bc4279b65f6df6345e0ef0f7b792d361361f230cf4ffecfe0afe6d5629c?s=96&d=mm&r=g","contentUrl":"https:\/\/secure.gravatar.com\/avatar\/78e52bc4279b65f6df6345e0ef0f7b792d361361f230cf4ffecfe0afe6d5629c?s=96&d=mm&r=g","caption":"Uredni\u0161tvo Celjana"},"url":"https:\/\/novice.si\/page\/author\/primoz\/"}]}},"_links":{"self":[{"href":"https:\/\/novice.si\/page\/wp-json\/wp\/v2\/posts\/158398","targetHints":{"allow":["GET"]}}],"collection":[{"href":"https:\/\/novice.si\/page\/wp-json\/wp\/v2\/posts"}],"about":[{"href":"https:\/\/novice.si\/page\/wp-json\/wp\/v2\/types\/post"}],"author":[{"embeddable":true,"href":"https:\/\/novice.si\/page\/wp-json\/wp\/v2\/users\/33"}],"replies":[{"embeddable":true,"href":"https:\/\/novice.si\/page\/wp-json\/wp\/v2\/comments?post=158398"}],"version-history":[{"count":1,"href":"https:\/\/novice.si\/page\/wp-json\/wp\/v2\/posts\/158398\/revisions"}],"predecessor-version":[{"id":158405,"href":"https:\/\/novice.si\/page\/wp-json\/wp\/v2\/posts\/158398\/revisions\/158405"}],"wp:featuredmedia":[{"embeddable":true,"href":"https:\/\/novice.si\/page\/wp-json\/wp\/v2\/media\/158400"}],"wp:attachment":[{"href":"https:\/\/novice.si\/page\/wp-json\/wp\/v2\/media?parent=158398"}],"wp:term":[{"taxonomy":"category","embeddable":true,"href":"https:\/\/novice.si\/page\/wp-json\/wp\/v2\/categories?post=158398"},{"taxonomy":"post_tag","embeddable":true,"href":"https:\/\/novice.si\/page\/wp-json\/wp\/v2\/tags?post=158398"}],"curies":[{"name":"wp","href":"https:\/\/api.w.org\/{rel}","templated":true}]}}