{"id":158372,"date":"2022-12-27T13:31:45","date_gmt":"2022-12-27T12:31:45","guid":{"rendered":"https:\/\/novice.si\/page\/?p=158372"},"modified":"2022-12-27T13:31:45","modified_gmt":"2022-12-27T12:31:45","slug":"praznicni-koncert-bistriskih-srednjesolcev-koncno-spet-v-zivo","status":"publish","type":"post","link":"https:\/\/novice.si\/page\/praznicni-koncert-bistriskih-srednjesolcev-koncno-spet-v-zivo\/","title":{"rendered":"Prazni\u010dni koncert bistri\u0161kih srednje\u0161olcev kon\u010dno spet v \u017eivo!"},"content":{"rendered":"<p>Na Srednji \u0161oli Slovenska Bistrica so letos znova lahko v \u017eivo izvedli tradicionalni bo\u017ei\u010dno-novoletni koncert.<br \/>\nProfesorica Ana Sandrin ter profesorja Robert Obrul in Gregor Artnik so skupaj z zborom, bendom, Vidom \u0160teinfelserjem in odli\u010dno odrsko ekipo program pripravljali ve\u010d mesecev. Izbrali so tako slovenske kot angle\u0161ke pesmi.<br \/>\nZa dva dni so se odpravili celo na intenzivne pevske vaje v Dom sv. Jo\u017eefa v Celju ter nato vadili \u0161e med glavnimi odmori ter po koncu pouka. V torek, 20. decembra, pa je kon\u010dno napo\u010dil dan, na katerega so vsi \u010dakali. Dopoldne je potekal prvi koncert za okoli\u0161ke osnovne \u0161ole, nato pa je sledil \u0161e koncert za star\u0161e in vse druge goste.<\/p>\n\r\n                <style type=\"text\/css\">\r\n                    \r\n                    #tdi_1  .td-doubleSlider-2 .td-item1 {\r\n                        background: url(https:\/\/novice.si\/page\/wp-content\/uploads\/2022\/12\/1_resize-80x60.jpg) 0 0 no-repeat;\r\n                    }\r\n                    #tdi_1  .td-doubleSlider-2 .td-item2 {\r\n                        background: url(https:\/\/novice.si\/page\/wp-content\/uploads\/2022\/12\/8_resize-80x60.jpg) 0 0 no-repeat;\r\n                    }\r\n                    #tdi_1  .td-doubleSlider-2 .td-item3 {\r\n                        background: url(https:\/\/novice.si\/page\/wp-content\/uploads\/2022\/12\/9_resize-80x60.jpg) 0 0 no-repeat;\r\n                    }\r\n                    #tdi_1  .td-doubleSlider-2 .td-item4 {\r\n                        background: url(https:\/\/novice.si\/page\/wp-content\/uploads\/2022\/12\/6_resize-80x60.jpg) 0 0 no-repeat;\r\n                    }\r\n                    #tdi_1  .td-doubleSlider-2 .td-item5 {\r\n                        background: url(https:\/\/novice.si\/page\/wp-content\/uploads\/2022\/12\/5_resize-1-80x60.jpg) 0 0 no-repeat;\r\n                    }\r\n                    #tdi_1  .td-doubleSlider-2 .td-item6 {\r\n                        background: url(https:\/\/novice.si\/page\/wp-content\/uploads\/2022\/12\/4_resize-1-80x60.jpg) 0 0 no-repeat;\r\n                    }\r\n                <\/style>\r\n\r\n                <div id=\"tdi_1\" class=\"td-gallery td-slide-on-2-columns\">\r\n                    <div class=\"post_td_gallery\">\r\n                        <div class=\"td-gallery-slide-top\">\r\n                           <div class=\"td-gallery-title\"><\/div>\r\n\r\n                            <div class=\"td-gallery-controls-wrapper\">\r\n                                <div class=\"td-gallery-slide-count\"><span class=\"td-gallery-slide-item-focus\">1<\/span> od 6<\/div>\r\n                                <div class=\"td-gallery-slide-prev-next-but\">\r\n                                    <i class = \"td-icon-left doubleSliderPrevButton\"><\/i>\r\n                                    <i class = \"td-icon-right doubleSliderNextButton\"><\/i>\r\n                                <\/div>\r\n                            <\/div>\r\n                        <\/div>\r\n\r\n                        <div class = \"td-doubleSlider-1 \">\r\n                            <div class = \"td-slider\">\r\n                                \r\n                    <div class = \"td-slide-item td-item1\">\r\n                        <figure class=\"td-slide-galery-figure td-slide-popup-gallery\">\r\n                            <a class=\"slide-gallery-image-link\" href=\"https:\/\/novice.si\/page\/wp-content\/uploads\/2022\/12\/1_resize.jpg\" title=\"1_resize\"  data-caption=\"\"  data-description=\"\" data-gallery>\r\n                                <img decoding=\"async\" src=\"https:\/\/novice.si\/page\/wp-content\/uploads\/2022\/12\/1_resize-630x420.jpg\" srcset=\"https:\/\/novice.si\/page\/wp-content\/uploads\/2022\/12\/1_resize-630x420.jpg 630w, https:\/\/novice.si\/page\/wp-content\/uploads\/2022\/12\/1_resize-300x200.jpg 300w, https:\/\/novice.si\/page\/wp-content\/uploads\/2022\/12\/1_resize-768x512.jpg 768w, https:\/\/novice.si\/page\/wp-content\/uploads\/2022\/12\/1_resize-696x464.jpg 696w, https:\/\/novice.si\/page\/wp-content\/uploads\/2022\/12\/1_resize-24x16.jpg 24w, https:\/\/novice.si\/page\/wp-content\/uploads\/2022\/12\/1_resize-36x24.jpg 36w, https:\/\/novice.si\/page\/wp-content\/uploads\/2022\/12\/1_resize-48x32.jpg 48w, https:\/\/novice.si\/page\/wp-content\/uploads\/2022\/12\/1_resize.jpg 1000w\" sizes=\"(max-width: 630px) 100vw, 630px\" alt=\"\">\r\n                            <\/a>\r\n                            \r\n                        <\/figure>\r\n                    <\/div>\r\n                    <div class = \"td-slide-item td-item2\">\r\n                        <figure class=\"td-slide-galery-figure td-slide-popup-gallery\">\r\n                            <a class=\"slide-gallery-image-link\" href=\"https:\/\/novice.si\/page\/wp-content\/uploads\/2022\/12\/8_resize.jpg\" title=\"8_resize\"  data-caption=\"\"  data-description=\"\" data-gallery>\r\n                                <img decoding=\"async\" src=\"https:\/\/novice.si\/page\/wp-content\/uploads\/2022\/12\/8_resize-630x420.jpg\" srcset=\"https:\/\/novice.si\/page\/wp-content\/uploads\/2022\/12\/8_resize-630x420.jpg 630w, https:\/\/novice.si\/page\/wp-content\/uploads\/2022\/12\/8_resize-300x200.jpg 300w, https:\/\/novice.si\/page\/wp-content\/uploads\/2022\/12\/8_resize-768x512.jpg 768w, https:\/\/novice.si\/page\/wp-content\/uploads\/2022\/12\/8_resize-696x464.jpg 696w, https:\/\/novice.si\/page\/wp-content\/uploads\/2022\/12\/8_resize-24x16.jpg 24w, https:\/\/novice.si\/page\/wp-content\/uploads\/2022\/12\/8_resize-36x24.jpg 36w, https:\/\/novice.si\/page\/wp-content\/uploads\/2022\/12\/8_resize-48x32.jpg 48w, https:\/\/novice.si\/page\/wp-content\/uploads\/2022\/12\/8_resize.jpg 1000w\" sizes=\"(max-width: 630px) 100vw, 630px\" alt=\"\">\r\n                            <\/a>\r\n                            \r\n                        <\/figure>\r\n                    <\/div>\r\n                    <div class = \"td-slide-item td-item3\">\r\n                        <figure class=\"td-slide-galery-figure td-slide-popup-gallery\">\r\n                            <a class=\"slide-gallery-image-link\" href=\"https:\/\/novice.si\/page\/wp-content\/uploads\/2022\/12\/9_resize.jpg\" title=\"9_resize\"  data-caption=\"\"  data-description=\"\" data-gallery>\r\n                                <img decoding=\"async\" src=\"https:\/\/novice.si\/page\/wp-content\/uploads\/2022\/12\/9_resize-630x420.jpg\" srcset=\"https:\/\/novice.si\/page\/wp-content\/uploads\/2022\/12\/9_resize-630x420.jpg 630w, https:\/\/novice.si\/page\/wp-content\/uploads\/2022\/12\/9_resize-300x200.jpg 300w, https:\/\/novice.si\/page\/wp-content\/uploads\/2022\/12\/9_resize-768x512.jpg 768w, https:\/\/novice.si\/page\/wp-content\/uploads\/2022\/12\/9_resize-696x464.jpg 696w, https:\/\/novice.si\/page\/wp-content\/uploads\/2022\/12\/9_resize-24x16.jpg 24w, https:\/\/novice.si\/page\/wp-content\/uploads\/2022\/12\/9_resize-36x24.jpg 36w, https:\/\/novice.si\/page\/wp-content\/uploads\/2022\/12\/9_resize-48x32.jpg 48w, https:\/\/novice.si\/page\/wp-content\/uploads\/2022\/12\/9_resize.jpg 1000w\" sizes=\"(max-width: 630px) 100vw, 630px\" alt=\"\">\r\n                            <\/a>\r\n                            \r\n                        <\/figure>\r\n                    <\/div>\r\n                    <div class = \"td-slide-item td-item4\">\r\n                        <figure class=\"td-slide-galery-figure td-slide-popup-gallery\">\r\n                            <a class=\"slide-gallery-image-link\" href=\"https:\/\/novice.si\/page\/wp-content\/uploads\/2022\/12\/6_resize.jpg\" title=\"6_resize\"  data-caption=\"\"  data-description=\"\" data-gallery>\r\n                                <img decoding=\"async\" src=\"https:\/\/novice.si\/page\/wp-content\/uploads\/2022\/12\/6_resize-630x420.jpg\" srcset=\"https:\/\/novice.si\/page\/wp-content\/uploads\/2022\/12\/6_resize-630x420.jpg 630w, https:\/\/novice.si\/page\/wp-content\/uploads\/2022\/12\/6_resize-300x200.jpg 300w, https:\/\/novice.si\/page\/wp-content\/uploads\/2022\/12\/6_resize-768x512.jpg 768w, https:\/\/novice.si\/page\/wp-content\/uploads\/2022\/12\/6_resize-696x464.jpg 696w, https:\/\/novice.si\/page\/wp-content\/uploads\/2022\/12\/6_resize-24x16.jpg 24w, https:\/\/novice.si\/page\/wp-content\/uploads\/2022\/12\/6_resize-36x24.jpg 36w, https:\/\/novice.si\/page\/wp-content\/uploads\/2022\/12\/6_resize-48x32.jpg 48w, https:\/\/novice.si\/page\/wp-content\/uploads\/2022\/12\/6_resize.jpg 1000w\" sizes=\"(max-width: 630px) 100vw, 630px\" alt=\"\">\r\n                            <\/a>\r\n                            \r\n                        <\/figure>\r\n                    <\/div>\r\n                    <div class = \"td-slide-item td-item5\">\r\n                        <figure class=\"td-slide-galery-figure td-slide-popup-gallery\">\r\n                            <a class=\"slide-gallery-image-link\" href=\"https:\/\/novice.si\/page\/wp-content\/uploads\/2022\/12\/5_resize-1.jpg\" title=\"5_resize\"  data-caption=\"\"  data-description=\"\" data-gallery>\r\n                                <img decoding=\"async\" src=\"https:\/\/novice.si\/page\/wp-content\/uploads\/2022\/12\/5_resize-1-630x420.jpg\" srcset=\"https:\/\/novice.si\/page\/wp-content\/uploads\/2022\/12\/5_resize-1-630x420.jpg 630w, https:\/\/novice.si\/page\/wp-content\/uploads\/2022\/12\/5_resize-1-300x200.jpg 300w, https:\/\/novice.si\/page\/wp-content\/uploads\/2022\/12\/5_resize-1-768x512.jpg 768w, https:\/\/novice.si\/page\/wp-content\/uploads\/2022\/12\/5_resize-1-696x464.jpg 696w, https:\/\/novice.si\/page\/wp-content\/uploads\/2022\/12\/5_resize-1-24x16.jpg 24w, https:\/\/novice.si\/page\/wp-content\/uploads\/2022\/12\/5_resize-1-36x24.jpg 36w, https:\/\/novice.si\/page\/wp-content\/uploads\/2022\/12\/5_resize-1-48x32.jpg 48w, https:\/\/novice.si\/page\/wp-content\/uploads\/2022\/12\/5_resize-1.jpg 1000w\" sizes=\"(max-width: 630px) 100vw, 630px\" alt=\"\">\r\n                            <\/a>\r\n                            \r\n                        <\/figure>\r\n                    <\/div>\r\n                    <div class = \"td-slide-item td-item6\">\r\n                        <figure class=\"td-slide-galery-figure td-slide-popup-gallery\">\r\n                            <a class=\"slide-gallery-image-link\" href=\"https:\/\/novice.si\/page\/wp-content\/uploads\/2022\/12\/4_resize-1.jpg\" title=\"4_resize\"  data-caption=\"\"  data-description=\"\" data-gallery>\r\n                                <img decoding=\"async\" src=\"https:\/\/novice.si\/page\/wp-content\/uploads\/2022\/12\/4_resize-1-630x420.jpg\" srcset=\"https:\/\/novice.si\/page\/wp-content\/uploads\/2022\/12\/4_resize-1-630x420.jpg 630w, https:\/\/novice.si\/page\/wp-content\/uploads\/2022\/12\/4_resize-1-300x200.jpg 300w, https:\/\/novice.si\/page\/wp-content\/uploads\/2022\/12\/4_resize-1-768x512.jpg 768w, https:\/\/novice.si\/page\/wp-content\/uploads\/2022\/12\/4_resize-1-696x464.jpg 696w, https:\/\/novice.si\/page\/wp-content\/uploads\/2022\/12\/4_resize-1-24x16.jpg 24w, https:\/\/novice.si\/page\/wp-content\/uploads\/2022\/12\/4_resize-1-36x24.jpg 36w, https:\/\/novice.si\/page\/wp-content\/uploads\/2022\/12\/4_resize-1-48x32.jpg 48w, https:\/\/novice.si\/page\/wp-content\/uploads\/2022\/12\/4_resize-1.jpg 1000w\" sizes=\"(max-width: 630px) 100vw, 630px\" alt=\"\">\r\n                            <\/a>\r\n                            \r\n                        <\/figure>\r\n                    <\/div>\r\n                            <\/div>\r\n                        <\/div>\r\n\r\n                        <div class = \"td-doubleSlider-2\">\r\n                            <div class = \"td-slider\">\r\n                                \r\n                    <div class = \"td-button td-item1\">\r\n                        <div class = \"td-border\"><\/div>\r\n                    <\/div>\r\n                    <div class = \"td-button td-item2\">\r\n                        <div class = \"td-border\"><\/div>\r\n                    <\/div>\r\n                    <div class = \"td-button td-item3\">\r\n                        <div class = \"td-border\"><\/div>\r\n                    <\/div>\r\n                    <div class = \"td-button td-item4\">\r\n                        <div class = \"td-border\"><\/div>\r\n                    <\/div>\r\n                    <div class = \"td-button td-item5\">\r\n                        <div class = \"td-border\"><\/div>\r\n                    <\/div>\r\n                    <div class = \"td-button td-item6\">\r\n                        <div class = \"td-border\"><\/div>\r\n                    <\/div>\r\n                            <\/div>\r\n                        <\/div>\r\n\r\n                    <\/div>\r\n\r\n                <\/div>\r\n                \n<p><strong>Presenetili dijaki, pa tudi u\u010ditelji<\/strong><br \/>\n\u00bbVsi smo bili oble\u010deni v bo\u017ei\u010dne barve, razigrani, nasmejani in malenkost \u017eiv\u010dni. Pevski zbor je dobro nastopil ter pokazal svoje sposobnosti. Bend je zaigral vse pesmi brez napak. Za\u010deli smo s pesmijo <em>Dreaming of White Christmas<\/em>, ki so jo zapeli solisti. Nato pa so sledile naslednje pesmi: <em>Winter Wonderland<\/em>, <em>A beautiful time<\/em>, <em>Sne\u017einki<\/em>, <em>All I want for Christmas, Santa Claus is coming to town.<\/em> <em>Shake up Christmas<\/em> je po\u017eivil celotno prestavo, saj smo pevci od\u0161li s svojih mest ter zraven malo zaplesali.<br \/>\nMnoge je presenetil voditelj Vid. Njegova plesna to\u010dka ob pesmi <em>Snowman pa je<\/em> s soplesalko Zaro pri\u010darala res \u010darobno vzdu\u0161je. Sledili sta \u0161e <em>Lepa bo\u017ei\u010dna no\u010d<\/em> in <em>Rocking around the Christmas Tree,<\/em> ki so jo zapele manj\u0161e skupine vsakega glasu. Presenetil pa nas je tudi nastop u\u010diteljev. Profesorska vokalna skupina je namre\u010d zapela pesem <em>Hallelujah<\/em>. Gledalci ter pevci so ob njihovem prepevanju z lu\u010dkami povzdignili razpolo\u017eenje v prostoru,\u00ab je dogajanje opisala dijakinja Ema Pogorevc.<br \/>\nKoncert so zaklju\u010dili s tradicionalno pesmijo <em>Bo\u017ei\u010dno drevo<\/em>. Ob izhodu so zbirali prostovoljne prispevke, nato pa vse sodelujo\u010de ter obiskovalce povabili \u0161e na skodelico toplega \u010daja, pi\u0161kote ter prijeten klepet. (Foto BRBRE)<\/p>\n","protected":false},"excerpt":{"rendered":"<p>Na Srednji \u0161oli Slovenska Bistrica so letos znova lahko v \u017eivo izvedli tradicionalni bo\u017ei\u010dno-novoletni koncert. Profesorica Ana Sandrin ter profesorja Robert Obrul in Gregor Artnik so skupaj z zborom, bendom, Vidom \u0160teinfelserjem in odli\u010dno odrsko ekipo program pripravljali ve\u010d mesecev. Izbrali so tako slovenske kot angle\u0161ke pesmi. Za dva dni so se odpravili celo na [&hellip;]<\/p>\n","protected":false},"author":8,"featured_media":158373,"comment_status":"closed","ping_status":"closed","sticky":false,"template":"","format":"standard","meta":{"footnotes":""},"categories":[14,32],"tags":[16727,1674,171,886],"class_list":{"0":"post-158372","1":"post","2":"type-post","3":"status-publish","4":"format-standard","5":"has-post-thumbnail","7":"category-aktualno","8":"category-bistrisko","9":"tag-bend","10":"tag-koncert","11":"tag-slovenska-bistrica","12":"tag-srednja-sola"},"yoast_head":"<!-- This site is optimized with the Yoast SEO plugin v27.4 - https:\/\/yoast.com\/product\/yoast-seo-wordpress\/ -->\n<title>Prazni\u010dni koncert bistri\u0161kih srednje\u0161olcev kon\u010dno spet v \u017eivo! - Novice.si<\/title>\n<meta name=\"robots\" content=\"index, follow, max-snippet:-1, max-image-preview:large, max-video-preview:-1\" \/>\n<link rel=\"canonical\" href=\"https:\/\/novice.si\/page\/praznicni-koncert-bistriskih-srednjesolcev-koncno-spet-v-zivo\/\" \/>\n<meta property=\"og:locale\" content=\"sl_SI\" \/>\n<meta property=\"og:type\" content=\"article\" \/>\n<meta property=\"og:title\" content=\"Prazni\u010dni koncert bistri\u0161kih srednje\u0161olcev kon\u010dno spet v \u017eivo! - Novice.si\" \/>\n<meta property=\"og:description\" content=\"Na Srednji \u0161oli Slovenska Bistrica so letos znova lahko v \u017eivo izvedli tradicionalni bo\u017ei\u010dno-novoletni koncert. Profesorica Ana Sandrin ter profesorja Robert Obrul in Gregor Artnik so skupaj z zborom, bendom, Vidom \u0160teinfelserjem in odli\u010dno odrsko ekipo program pripravljali ve\u010d mesecev. Izbrali so tako slovenske kot angle\u0161ke pesmi. Za dva dni so se odpravili celo na [&hellip;]\" \/>\n<meta property=\"og:url\" content=\"https:\/\/novice.si\/page\/praznicni-koncert-bistriskih-srednjesolcev-koncno-spet-v-zivo\/\" \/>\n<meta property=\"og:site_name\" content=\"Novice.si\" \/>\n<meta property=\"article:published_time\" content=\"2022-12-27T12:31:45+00:00\" \/>\n<meta property=\"og:image\" content=\"https:\/\/novice.si\/page\/wp-content\/uploads\/2022\/12\/1_resize.jpg\" \/>\n\t<meta property=\"og:image:width\" content=\"1000\" \/>\n\t<meta property=\"og:image:height\" content=\"667\" \/>\n\t<meta property=\"og:image:type\" content=\"image\/jpeg\" \/>\n<meta name=\"author\" content=\"Uredni\u0161tvo Bistri\u0161kih novic\" \/>\n<meta name=\"twitter:card\" content=\"summary_large_image\" \/>\n<meta name=\"twitter:label1\" content=\"Written by\" \/>\n\t<meta name=\"twitter:data1\" content=\"Uredni\u0161tvo Bistri\u0161kih novic\" \/>\n\t<meta name=\"twitter:label2\" content=\"Est. reading time\" \/>\n\t<meta name=\"twitter:data2\" content=\"2 minuti\" \/>\n<script type=\"application\/ld+json\" class=\"yoast-schema-graph\">{\"@context\":\"https:\\\/\\\/schema.org\",\"@graph\":[{\"@type\":\"Article\",\"@id\":\"https:\\\/\\\/novice.si\\\/page\\\/praznicni-koncert-bistriskih-srednjesolcev-koncno-spet-v-zivo\\\/#article\",\"isPartOf\":{\"@id\":\"https:\\\/\\\/novice.si\\\/page\\\/praznicni-koncert-bistriskih-srednjesolcev-koncno-spet-v-zivo\\\/\"},\"author\":{\"name\":\"Uredni\u0161tvo Bistri\u0161kih novic\",\"@id\":\"https:\\\/\\\/novice.si\\\/page\\\/#\\\/schema\\\/person\\\/96b32396deedcde3f7f776c306b4be21\"},\"headline\":\"Prazni\u010dni koncert bistri\u0161kih srednje\u0161olcev kon\u010dno spet v \u017eivo!\",\"datePublished\":\"2022-12-27T12:31:45+00:00\",\"mainEntityOfPage\":{\"@id\":\"https:\\\/\\\/novice.si\\\/page\\\/praznicni-koncert-bistriskih-srednjesolcev-koncno-spet-v-zivo\\\/\"},\"wordCount\":357,\"publisher\":{\"@id\":\"https:\\\/\\\/novice.si\\\/page\\\/#organization\"},\"image\":{\"@id\":\"https:\\\/\\\/novice.si\\\/page\\\/praznicni-koncert-bistriskih-srednjesolcev-koncno-spet-v-zivo\\\/#primaryimage\"},\"thumbnailUrl\":\"https:\\\/\\\/novice.si\\\/page\\\/wp-content\\\/uploads\\\/2022\\\/12\\\/1_resize.jpg\",\"keywords\":[\"bend\",\"koncert\",\"Slovenska Bistrica\",\"srednja \u0161ola\"],\"articleSection\":[\"Aktualno\",\"Bistri\u0161ko\"],\"inLanguage\":\"sl-SI\"},{\"@type\":\"WebPage\",\"@id\":\"https:\\\/\\\/novice.si\\\/page\\\/praznicni-koncert-bistriskih-srednjesolcev-koncno-spet-v-zivo\\\/\",\"url\":\"https:\\\/\\\/novice.si\\\/page\\\/praznicni-koncert-bistriskih-srednjesolcev-koncno-spet-v-zivo\\\/\",\"name\":\"Prazni\u010dni koncert bistri\u0161kih srednje\u0161olcev kon\u010dno spet v \u017eivo! - Novice.si\",\"isPartOf\":{\"@id\":\"https:\\\/\\\/novice.si\\\/page\\\/#website\"},\"primaryImageOfPage\":{\"@id\":\"https:\\\/\\\/novice.si\\\/page\\\/praznicni-koncert-bistriskih-srednjesolcev-koncno-spet-v-zivo\\\/#primaryimage\"},\"image\":{\"@id\":\"https:\\\/\\\/novice.si\\\/page\\\/praznicni-koncert-bistriskih-srednjesolcev-koncno-spet-v-zivo\\\/#primaryimage\"},\"thumbnailUrl\":\"https:\\\/\\\/novice.si\\\/page\\\/wp-content\\\/uploads\\\/2022\\\/12\\\/1_resize.jpg\",\"datePublished\":\"2022-12-27T12:31:45+00:00\",\"breadcrumb\":{\"@id\":\"https:\\\/\\\/novice.si\\\/page\\\/praznicni-koncert-bistriskih-srednjesolcev-koncno-spet-v-zivo\\\/#breadcrumb\"},\"inLanguage\":\"sl-SI\",\"potentialAction\":[{\"@type\":\"ReadAction\",\"target\":[\"https:\\\/\\\/novice.si\\\/page\\\/praznicni-koncert-bistriskih-srednjesolcev-koncno-spet-v-zivo\\\/\"]}]},{\"@type\":\"ImageObject\",\"inLanguage\":\"sl-SI\",\"@id\":\"https:\\\/\\\/novice.si\\\/page\\\/praznicni-koncert-bistriskih-srednjesolcev-koncno-spet-v-zivo\\\/#primaryimage\",\"url\":\"https:\\\/\\\/novice.si\\\/page\\\/wp-content\\\/uploads\\\/2022\\\/12\\\/1_resize.jpg\",\"contentUrl\":\"https:\\\/\\\/novice.si\\\/page\\\/wp-content\\\/uploads\\\/2022\\\/12\\\/1_resize.jpg\",\"width\":1000,\"height\":667},{\"@type\":\"BreadcrumbList\",\"@id\":\"https:\\\/\\\/novice.si\\\/page\\\/praznicni-koncert-bistriskih-srednjesolcev-koncno-spet-v-zivo\\\/#breadcrumb\",\"itemListElement\":[{\"@type\":\"ListItem\",\"position\":1,\"name\":\"Home\",\"item\":\"https:\\\/\\\/novice.si\\\/page\\\/\"},{\"@type\":\"ListItem\",\"position\":2,\"name\":\"Prazni\u010dni koncert bistri\u0161kih srednje\u0161olcev kon\u010dno spet v \u017eivo!\"}]},{\"@type\":\"WebSite\",\"@id\":\"https:\\\/\\\/novice.si\\\/page\\\/#website\",\"url\":\"https:\\\/\\\/novice.si\\\/page\\\/\",\"name\":\"Novice.si\",\"description\":\"\",\"publisher\":{\"@id\":\"https:\\\/\\\/novice.si\\\/page\\\/#organization\"},\"potentialAction\":[{\"@type\":\"SearchAction\",\"target\":{\"@type\":\"EntryPoint\",\"urlTemplate\":\"https:\\\/\\\/novice.si\\\/page\\\/?s={search_term_string}\"},\"query-input\":{\"@type\":\"PropertyValueSpecification\",\"valueRequired\":true,\"valueName\":\"search_term_string\"}}],\"inLanguage\":\"sl-SI\"},{\"@type\":\"Organization\",\"@id\":\"https:\\\/\\\/novice.si\\\/page\\\/#organization\",\"name\":\"Novice.si\",\"url\":\"https:\\\/\\\/novice.si\\\/page\\\/\",\"logo\":{\"@type\":\"ImageObject\",\"inLanguage\":\"sl-SI\",\"@id\":\"https:\\\/\\\/novice.si\\\/page\\\/#\\\/schema\\\/logo\\\/image\\\/\",\"url\":\"https:\\\/\\\/novice.si\\\/page\\\/wp-content\\\/uploads\\\/2023\\\/03\\\/novice_si.png\",\"contentUrl\":\"https:\\\/\\\/novice.si\\\/page\\\/wp-content\\\/uploads\\\/2023\\\/03\\\/novice_si.png\",\"width\":576,\"height\":200,\"caption\":\"Novice.si\"},\"image\":{\"@id\":\"https:\\\/\\\/novice.si\\\/page\\\/#\\\/schema\\\/logo\\\/image\\\/\"}},{\"@type\":\"Person\",\"@id\":\"https:\\\/\\\/novice.si\\\/page\\\/#\\\/schema\\\/person\\\/96b32396deedcde3f7f776c306b4be21\",\"name\":\"Uredni\u0161tvo Bistri\u0161kih novic\",\"image\":{\"@type\":\"ImageObject\",\"inLanguage\":\"sl-SI\",\"@id\":\"https:\\\/\\\/secure.gravatar.com\\\/avatar\\\/26c56c4b10cdb3a21e86442e5f2845a4eafdd0f3605def77ec6cff4aaef32ea4?s=96&d=mm&r=g\",\"url\":\"https:\\\/\\\/secure.gravatar.com\\\/avatar\\\/26c56c4b10cdb3a21e86442e5f2845a4eafdd0f3605def77ec6cff4aaef32ea4?s=96&d=mm&r=g\",\"contentUrl\":\"https:\\\/\\\/secure.gravatar.com\\\/avatar\\\/26c56c4b10cdb3a21e86442e5f2845a4eafdd0f3605def77ec6cff4aaef32ea4?s=96&d=mm&r=g\",\"caption\":\"Uredni\u0161tvo Bistri\u0161kih novic\"},\"url\":\"https:\\\/\\\/novice.si\\\/page\\\/author\\\/bojana\\\/\"}]}<\/script>\n<!-- \/ Yoast SEO plugin. -->","yoast_head_json":{"title":"Prazni\u010dni koncert bistri\u0161kih srednje\u0161olcev kon\u010dno spet v \u017eivo! - Novice.si","robots":{"index":"index","follow":"follow","max-snippet":"max-snippet:-1","max-image-preview":"max-image-preview:large","max-video-preview":"max-video-preview:-1"},"canonical":"https:\/\/novice.si\/page\/praznicni-koncert-bistriskih-srednjesolcev-koncno-spet-v-zivo\/","og_locale":"sl_SI","og_type":"article","og_title":"Prazni\u010dni koncert bistri\u0161kih srednje\u0161olcev kon\u010dno spet v \u017eivo! - Novice.si","og_description":"Na Srednji \u0161oli Slovenska Bistrica so letos znova lahko v \u017eivo izvedli tradicionalni bo\u017ei\u010dno-novoletni koncert. Profesorica Ana Sandrin ter profesorja Robert Obrul in Gregor Artnik so skupaj z zborom, bendom, Vidom \u0160teinfelserjem in odli\u010dno odrsko ekipo program pripravljali ve\u010d mesecev. Izbrali so tako slovenske kot angle\u0161ke pesmi. Za dva dni so se odpravili celo na [&hellip;]","og_url":"https:\/\/novice.si\/page\/praznicni-koncert-bistriskih-srednjesolcev-koncno-spet-v-zivo\/","og_site_name":"Novice.si","article_published_time":"2022-12-27T12:31:45+00:00","og_image":[{"width":1000,"height":667,"url":"https:\/\/novice.si\/page\/wp-content\/uploads\/2022\/12\/1_resize.jpg","type":"image\/jpeg"}],"author":"Uredni\u0161tvo Bistri\u0161kih novic","twitter_card":"summary_large_image","twitter_misc":{"Written by":"Uredni\u0161tvo Bistri\u0161kih novic","Est. reading time":"2 minuti"},"schema":{"@context":"https:\/\/schema.org","@graph":[{"@type":"Article","@id":"https:\/\/novice.si\/page\/praznicni-koncert-bistriskih-srednjesolcev-koncno-spet-v-zivo\/#article","isPartOf":{"@id":"https:\/\/novice.si\/page\/praznicni-koncert-bistriskih-srednjesolcev-koncno-spet-v-zivo\/"},"author":{"name":"Uredni\u0161tvo Bistri\u0161kih novic","@id":"https:\/\/novice.si\/page\/#\/schema\/person\/96b32396deedcde3f7f776c306b4be21"},"headline":"Prazni\u010dni koncert bistri\u0161kih srednje\u0161olcev kon\u010dno spet v \u017eivo!","datePublished":"2022-12-27T12:31:45+00:00","mainEntityOfPage":{"@id":"https:\/\/novice.si\/page\/praznicni-koncert-bistriskih-srednjesolcev-koncno-spet-v-zivo\/"},"wordCount":357,"publisher":{"@id":"https:\/\/novice.si\/page\/#organization"},"image":{"@id":"https:\/\/novice.si\/page\/praznicni-koncert-bistriskih-srednjesolcev-koncno-spet-v-zivo\/#primaryimage"},"thumbnailUrl":"https:\/\/novice.si\/page\/wp-content\/uploads\/2022\/12\/1_resize.jpg","keywords":["bend","koncert","Slovenska Bistrica","srednja \u0161ola"],"articleSection":["Aktualno","Bistri\u0161ko"],"inLanguage":"sl-SI"},{"@type":"WebPage","@id":"https:\/\/novice.si\/page\/praznicni-koncert-bistriskih-srednjesolcev-koncno-spet-v-zivo\/","url":"https:\/\/novice.si\/page\/praznicni-koncert-bistriskih-srednjesolcev-koncno-spet-v-zivo\/","name":"Prazni\u010dni koncert bistri\u0161kih srednje\u0161olcev kon\u010dno spet v \u017eivo! - Novice.si","isPartOf":{"@id":"https:\/\/novice.si\/page\/#website"},"primaryImageOfPage":{"@id":"https:\/\/novice.si\/page\/praznicni-koncert-bistriskih-srednjesolcev-koncno-spet-v-zivo\/#primaryimage"},"image":{"@id":"https:\/\/novice.si\/page\/praznicni-koncert-bistriskih-srednjesolcev-koncno-spet-v-zivo\/#primaryimage"},"thumbnailUrl":"https:\/\/novice.si\/page\/wp-content\/uploads\/2022\/12\/1_resize.jpg","datePublished":"2022-12-27T12:31:45+00:00","breadcrumb":{"@id":"https:\/\/novice.si\/page\/praznicni-koncert-bistriskih-srednjesolcev-koncno-spet-v-zivo\/#breadcrumb"},"inLanguage":"sl-SI","potentialAction":[{"@type":"ReadAction","target":["https:\/\/novice.si\/page\/praznicni-koncert-bistriskih-srednjesolcev-koncno-spet-v-zivo\/"]}]},{"@type":"ImageObject","inLanguage":"sl-SI","@id":"https:\/\/novice.si\/page\/praznicni-koncert-bistriskih-srednjesolcev-koncno-spet-v-zivo\/#primaryimage","url":"https:\/\/novice.si\/page\/wp-content\/uploads\/2022\/12\/1_resize.jpg","contentUrl":"https:\/\/novice.si\/page\/wp-content\/uploads\/2022\/12\/1_resize.jpg","width":1000,"height":667},{"@type":"BreadcrumbList","@id":"https:\/\/novice.si\/page\/praznicni-koncert-bistriskih-srednjesolcev-koncno-spet-v-zivo\/#breadcrumb","itemListElement":[{"@type":"ListItem","position":1,"name":"Home","item":"https:\/\/novice.si\/page\/"},{"@type":"ListItem","position":2,"name":"Prazni\u010dni koncert bistri\u0161kih srednje\u0161olcev kon\u010dno spet v \u017eivo!"}]},{"@type":"WebSite","@id":"https:\/\/novice.si\/page\/#website","url":"https:\/\/novice.si\/page\/","name":"Novice.si","description":"","publisher":{"@id":"https:\/\/novice.si\/page\/#organization"},"potentialAction":[{"@type":"SearchAction","target":{"@type":"EntryPoint","urlTemplate":"https:\/\/novice.si\/page\/?s={search_term_string}"},"query-input":{"@type":"PropertyValueSpecification","valueRequired":true,"valueName":"search_term_string"}}],"inLanguage":"sl-SI"},{"@type":"Organization","@id":"https:\/\/novice.si\/page\/#organization","name":"Novice.si","url":"https:\/\/novice.si\/page\/","logo":{"@type":"ImageObject","inLanguage":"sl-SI","@id":"https:\/\/novice.si\/page\/#\/schema\/logo\/image\/","url":"https:\/\/novice.si\/page\/wp-content\/uploads\/2023\/03\/novice_si.png","contentUrl":"https:\/\/novice.si\/page\/wp-content\/uploads\/2023\/03\/novice_si.png","width":576,"height":200,"caption":"Novice.si"},"image":{"@id":"https:\/\/novice.si\/page\/#\/schema\/logo\/image\/"}},{"@type":"Person","@id":"https:\/\/novice.si\/page\/#\/schema\/person\/96b32396deedcde3f7f776c306b4be21","name":"Uredni\u0161tvo Bistri\u0161kih novic","image":{"@type":"ImageObject","inLanguage":"sl-SI","@id":"https:\/\/secure.gravatar.com\/avatar\/26c56c4b10cdb3a21e86442e5f2845a4eafdd0f3605def77ec6cff4aaef32ea4?s=96&d=mm&r=g","url":"https:\/\/secure.gravatar.com\/avatar\/26c56c4b10cdb3a21e86442e5f2845a4eafdd0f3605def77ec6cff4aaef32ea4?s=96&d=mm&r=g","contentUrl":"https:\/\/secure.gravatar.com\/avatar\/26c56c4b10cdb3a21e86442e5f2845a4eafdd0f3605def77ec6cff4aaef32ea4?s=96&d=mm&r=g","caption":"Uredni\u0161tvo Bistri\u0161kih novic"},"url":"https:\/\/novice.si\/page\/author\/bojana\/"}]}},"_links":{"self":[{"href":"https:\/\/novice.si\/page\/wp-json\/wp\/v2\/posts\/158372","targetHints":{"allow":["GET"]}}],"collection":[{"href":"https:\/\/novice.si\/page\/wp-json\/wp\/v2\/posts"}],"about":[{"href":"https:\/\/novice.si\/page\/wp-json\/wp\/v2\/types\/post"}],"author":[{"embeddable":true,"href":"https:\/\/novice.si\/page\/wp-json\/wp\/v2\/users\/8"}],"replies":[{"embeddable":true,"href":"https:\/\/novice.si\/page\/wp-json\/wp\/v2\/comments?post=158372"}],"version-history":[{"count":1,"href":"https:\/\/novice.si\/page\/wp-json\/wp\/v2\/posts\/158372\/revisions"}],"predecessor-version":[{"id":158381,"href":"https:\/\/novice.si\/page\/wp-json\/wp\/v2\/posts\/158372\/revisions\/158381"}],"wp:featuredmedia":[{"embeddable":true,"href":"https:\/\/novice.si\/page\/wp-json\/wp\/v2\/media\/158373"}],"wp:attachment":[{"href":"https:\/\/novice.si\/page\/wp-json\/wp\/v2\/media?parent=158372"}],"wp:term":[{"taxonomy":"category","embeddable":true,"href":"https:\/\/novice.si\/page\/wp-json\/wp\/v2\/categories?post=158372"},{"taxonomy":"post_tag","embeddable":true,"href":"https:\/\/novice.si\/page\/wp-json\/wp\/v2\/tags?post=158372"}],"curies":[{"name":"wp","href":"https:\/\/api.w.org\/{rel}","templated":true}]}}