{"id":158329,"date":"2022-12-24T15:23:03","date_gmt":"2022-12-24T14:23:03","guid":{"rendered":"https:\/\/novice.si\/page\/?p=158329"},"modified":"2022-12-24T15:28:44","modified_gmt":"2022-12-24T14:28:44","slug":"z-mesta-ravnatelja-gimnazija-celje-center-odstopa-gregor-deleja","status":"publish","type":"post","link":"https:\/\/novice.si\/page\/z-mesta-ravnatelja-gimnazija-celje-center-odstopa-gregor-deleja\/","title":{"rendered":"Z mesta ravnatelja Gimnazija Celje &#8211; Center odstopa Gregor Deleja"},"content":{"rendered":"<p>Ravnatelj Gimnazije\u00a0Celje &#8211; Center Gregor Deleja je danes svetu zavoda podal odstopno izjavo, odstopa pa s 30. decembrom. O razlogih za odstop ne \u017eeli govoriti, ker potekajo postopki njegove razre\u0161itve. Deleja je bil prvo podpisani pod kandidaturo novega celjskega\u00a0\u017eupana Matije Kova\u010da.<\/p>\n<p><a href=\"https:\/\/novice.si\/page\/wp-content\/uploads\/2019\/02\/gregor_deleja-458x458.jpg\" data-gallery><img loading=\"lazy\" decoding=\"async\" class=\"size-full wp-image-99257 alignleft\" src=\"https:\/\/novice.si\/page\/wp-content\/uploads\/2019\/02\/gregor_deleja-458x458.jpg\" alt=\"\" width=\"458\" height=\"458\" srcset=\"https:\/\/novice.si\/page\/wp-content\/uploads\/2019\/02\/gregor_deleja-458x458.jpg 458w, https:\/\/novice.si\/page\/wp-content\/uploads\/2019\/02\/gregor_deleja-458x458-150x150.jpg 150w, https:\/\/novice.si\/page\/wp-content\/uploads\/2019\/02\/gregor_deleja-458x458-300x300.jpg 300w, https:\/\/novice.si\/page\/wp-content\/uploads\/2019\/02\/gregor_deleja-458x458-420x420.jpg 420w, https:\/\/novice.si\/page\/wp-content\/uploads\/2019\/02\/gregor_deleja-458x458-24x24.jpg 24w, https:\/\/novice.si\/page\/wp-content\/uploads\/2019\/02\/gregor_deleja-458x458-36x36.jpg 36w, https:\/\/novice.si\/page\/wp-content\/uploads\/2019\/02\/gregor_deleja-458x458-48x48.jpg 48w\" sizes=\"auto, (max-width: 458px) 100vw, 458px\" \/><\/a><\/p>\n<p>Deleja, rojen leta 1980, je ravnatelj Gimnazije\u00a0Celje\u00a0&#8211; Center od leta 2014. Osnovno \u0161olo je zaklju\u010dil v rodnem Mozirju, gimnazijo v\u00a0Celju, diplomiral pa je na Oddelku za glasbo Pedago\u0161ke fakultete v Mariboru. Njegova poklicna kariera je bila prva leta kombinacija turizma v eni izmed\u00a0celjskih\u00a0turisti\u010dnih agencij in \u0161olstva, ves \u010das pa se je tudi aktivno izpopolnjeval na podro\u010dju glasbe, pedagogike in didaktike.<\/p>\n<p>Na gimnaziji je sicer zaposlen od leta 2004 kot u\u010ditelj glasbe. Njegova karierna pot je mo\u010dno prepletena tudi s poustvarjanjem, saj je umetni\u0161ki vodja \u0161tirih glasbenih zasedb in kulturnim mened\u017ementom. Ustanovitelj je in vodja projektov Dru\u0161tva ljubiteljev umetnosti\u00a0Celje\u00a0in Hi\u0161e kulture\u00a0Celje.<\/p>\n<p>Med ostalim je tudi \u010dlan uprave Fundacije Lucijana Marije M. \u0160kerjanca, ustanovni \u010dlan Rotary kluba\u00a0Celje\u00a0&#8211; Barbara\u00a0Celjska, ve\u010d let je deloval kot \u010dlan programskega sveta Foruma slovanskih kultur, bil je strokovni sodelavec dr\u017eavnega tekmovanja TEMSIG, je \u010dlan sveta zavoda Glasbene \u0161ole\u00a0Celje, predsednik Skupnosti strokovnih gimnazij Slovenije, \u010dlan upravnega odbora Zveze srednjih \u0161ol in dija\u0161kih domov Slovenije ter pobudnik in avtor \u0161tevilnih interdisciplinarnih nacionalnih in evropskih projektov s podro\u010dja \u0161olstva in kulture v\u00a0Celju.<\/p>\n","protected":false},"excerpt":{"rendered":"<p>Ravnatelj Gimnazije\u00a0Celje &#8211; Center Gregor Deleja je danes svetu zavoda podal odstopno izjavo, odstopa pa s 30. decembrom. O razlogih za odstop ne \u017eeli govoriti, ker potekajo postopki njegove razre\u0161itve. Deleja je bil prvo podpisani pod kandidaturo novega celjskega\u00a0\u017eupana Matije Kova\u010da. Deleja, rojen leta 1980, je ravnatelj Gimnazije\u00a0Celje\u00a0&#8211; Center od leta 2014. Osnovno \u0161olo je [&hellip;]<\/p>\n","protected":false},"author":12,"featured_media":99257,"comment_status":"closed","ping_status":"closed","sticky":false,"template":"","format":"standard","meta":{"footnotes":""},"categories":[14,17],"tags":[941,942],"class_list":{"0":"post-158329","1":"post","2":"type-post","3":"status-publish","4":"format-standard","5":"has-post-thumbnail","7":"category-aktualno","8":"category-celjsko","9":"tag-gimnazija-celje-center","10":"tag-gregor-deleja"},"yoast_head":"<!-- This site is optimized with the Yoast SEO plugin v27.4 - https:\/\/yoast.com\/product\/yoast-seo-wordpress\/ -->\n<title>Z mesta ravnatelja Gimnazija Celje - Center odstopa Gregor Deleja - Novice.si<\/title>\n<meta name=\"robots\" content=\"index, follow, max-snippet:-1, max-image-preview:large, max-video-preview:-1\" \/>\n<link rel=\"canonical\" href=\"https:\/\/novice.si\/page\/z-mesta-ravnatelja-gimnazija-celje-center-odstopa-gregor-deleja\/\" \/>\n<meta property=\"og:locale\" content=\"sl_SI\" \/>\n<meta property=\"og:type\" content=\"article\" \/>\n<meta property=\"og:title\" content=\"Z mesta ravnatelja Gimnazija Celje - Center odstopa Gregor Deleja - Novice.si\" \/>\n<meta property=\"og:description\" content=\"Ravnatelj Gimnazije\u00a0Celje &#8211; Center Gregor Deleja je danes svetu zavoda podal odstopno izjavo, odstopa pa s 30. decembrom. O razlogih za odstop ne \u017eeli govoriti, ker potekajo postopki njegove razre\u0161itve. Deleja je bil prvo podpisani pod kandidaturo novega celjskega\u00a0\u017eupana Matije Kova\u010da. Deleja, rojen leta 1980, je ravnatelj Gimnazije\u00a0Celje\u00a0&#8211; Center od leta 2014. Osnovno \u0161olo je [&hellip;]\" \/>\n<meta property=\"og:url\" content=\"https:\/\/novice.si\/page\/z-mesta-ravnatelja-gimnazija-celje-center-odstopa-gregor-deleja\/\" \/>\n<meta property=\"og:site_name\" content=\"Novice.si\" \/>\n<meta property=\"article:published_time\" content=\"2022-12-24T14:23:03+00:00\" \/>\n<meta property=\"article:modified_time\" content=\"2022-12-24T14:28:44+00:00\" \/>\n<meta property=\"og:image\" content=\"https:\/\/novice.si\/page\/wp-content\/uploads\/2019\/02\/gregor_deleja-458x458.jpg\" \/>\n\t<meta property=\"og:image:width\" content=\"458\" \/>\n\t<meta property=\"og:image:height\" content=\"458\" \/>\n\t<meta property=\"og:image:type\" content=\"image\/jpeg\" \/>\n<meta name=\"author\" content=\"Uredni\u0161tvo Celjana\" \/>\n<meta name=\"twitter:card\" content=\"summary_large_image\" \/>\n<meta name=\"twitter:label1\" content=\"Written by\" \/>\n\t<meta name=\"twitter:data1\" content=\"Uredni\u0161tvo Celjana\" \/>\n\t<meta name=\"twitter:label2\" content=\"Est. reading time\" \/>\n\t<meta name=\"twitter:data2\" content=\"2 minuti\" \/>\n<script type=\"application\/ld+json\" class=\"yoast-schema-graph\">{\"@context\":\"https:\\\/\\\/schema.org\",\"@graph\":[{\"@type\":\"Article\",\"@id\":\"https:\\\/\\\/novice.si\\\/page\\\/z-mesta-ravnatelja-gimnazija-celje-center-odstopa-gregor-deleja\\\/#article\",\"isPartOf\":{\"@id\":\"https:\\\/\\\/novice.si\\\/page\\\/z-mesta-ravnatelja-gimnazija-celje-center-odstopa-gregor-deleja\\\/\"},\"author\":{\"name\":\"Uredni\u0161tvo Celjana\",\"@id\":\"https:\\\/\\\/novice.si\\\/page\\\/#\\\/schema\\\/person\\\/51903923b50fefb075bc1cd24fe4d065\"},\"headline\":\"Z mesta ravnatelja Gimnazija Celje &#8211; Center odstopa Gregor Deleja\",\"datePublished\":\"2022-12-24T14:23:03+00:00\",\"dateModified\":\"2022-12-24T14:28:44+00:00\",\"mainEntityOfPage\":{\"@id\":\"https:\\\/\\\/novice.si\\\/page\\\/z-mesta-ravnatelja-gimnazija-celje-center-odstopa-gregor-deleja\\\/\"},\"wordCount\":248,\"publisher\":{\"@id\":\"https:\\\/\\\/novice.si\\\/page\\\/#organization\"},\"image\":{\"@id\":\"https:\\\/\\\/novice.si\\\/page\\\/z-mesta-ravnatelja-gimnazija-celje-center-odstopa-gregor-deleja\\\/#primaryimage\"},\"thumbnailUrl\":\"https:\\\/\\\/novice.si\\\/page\\\/wp-content\\\/uploads\\\/2019\\\/02\\\/gregor_deleja-458x458.jpg\",\"keywords\":[\"gimnazija Celje-center\",\"Gregor Deleja\"],\"articleSection\":[\"Aktualno\",\"Celjsko\"],\"inLanguage\":\"sl-SI\"},{\"@type\":\"WebPage\",\"@id\":\"https:\\\/\\\/novice.si\\\/page\\\/z-mesta-ravnatelja-gimnazija-celje-center-odstopa-gregor-deleja\\\/\",\"url\":\"https:\\\/\\\/novice.si\\\/page\\\/z-mesta-ravnatelja-gimnazija-celje-center-odstopa-gregor-deleja\\\/\",\"name\":\"Z mesta ravnatelja Gimnazija Celje - Center odstopa Gregor Deleja - Novice.si\",\"isPartOf\":{\"@id\":\"https:\\\/\\\/novice.si\\\/page\\\/#website\"},\"primaryImageOfPage\":{\"@id\":\"https:\\\/\\\/novice.si\\\/page\\\/z-mesta-ravnatelja-gimnazija-celje-center-odstopa-gregor-deleja\\\/#primaryimage\"},\"image\":{\"@id\":\"https:\\\/\\\/novice.si\\\/page\\\/z-mesta-ravnatelja-gimnazija-celje-center-odstopa-gregor-deleja\\\/#primaryimage\"},\"thumbnailUrl\":\"https:\\\/\\\/novice.si\\\/page\\\/wp-content\\\/uploads\\\/2019\\\/02\\\/gregor_deleja-458x458.jpg\",\"datePublished\":\"2022-12-24T14:23:03+00:00\",\"dateModified\":\"2022-12-24T14:28:44+00:00\",\"breadcrumb\":{\"@id\":\"https:\\\/\\\/novice.si\\\/page\\\/z-mesta-ravnatelja-gimnazija-celje-center-odstopa-gregor-deleja\\\/#breadcrumb\"},\"inLanguage\":\"sl-SI\",\"potentialAction\":[{\"@type\":\"ReadAction\",\"target\":[\"https:\\\/\\\/novice.si\\\/page\\\/z-mesta-ravnatelja-gimnazija-celje-center-odstopa-gregor-deleja\\\/\"]}]},{\"@type\":\"ImageObject\",\"inLanguage\":\"sl-SI\",\"@id\":\"https:\\\/\\\/novice.si\\\/page\\\/z-mesta-ravnatelja-gimnazija-celje-center-odstopa-gregor-deleja\\\/#primaryimage\",\"url\":\"https:\\\/\\\/novice.si\\\/page\\\/wp-content\\\/uploads\\\/2019\\\/02\\\/gregor_deleja-458x458.jpg\",\"contentUrl\":\"https:\\\/\\\/novice.si\\\/page\\\/wp-content\\\/uploads\\\/2019\\\/02\\\/gregor_deleja-458x458.jpg\",\"width\":458,\"height\":458},{\"@type\":\"BreadcrumbList\",\"@id\":\"https:\\\/\\\/novice.si\\\/page\\\/z-mesta-ravnatelja-gimnazija-celje-center-odstopa-gregor-deleja\\\/#breadcrumb\",\"itemListElement\":[{\"@type\":\"ListItem\",\"position\":1,\"name\":\"Home\",\"item\":\"https:\\\/\\\/novice.si\\\/page\\\/\"},{\"@type\":\"ListItem\",\"position\":2,\"name\":\"Z mesta ravnatelja Gimnazija Celje &#8211; Center odstopa Gregor Deleja\"}]},{\"@type\":\"WebSite\",\"@id\":\"https:\\\/\\\/novice.si\\\/page\\\/#website\",\"url\":\"https:\\\/\\\/novice.si\\\/page\\\/\",\"name\":\"Novice.si\",\"description\":\"\",\"publisher\":{\"@id\":\"https:\\\/\\\/novice.si\\\/page\\\/#organization\"},\"potentialAction\":[{\"@type\":\"SearchAction\",\"target\":{\"@type\":\"EntryPoint\",\"urlTemplate\":\"https:\\\/\\\/novice.si\\\/page\\\/?s={search_term_string}\"},\"query-input\":{\"@type\":\"PropertyValueSpecification\",\"valueRequired\":true,\"valueName\":\"search_term_string\"}}],\"inLanguage\":\"sl-SI\"},{\"@type\":\"Organization\",\"@id\":\"https:\\\/\\\/novice.si\\\/page\\\/#organization\",\"name\":\"Novice.si\",\"url\":\"https:\\\/\\\/novice.si\\\/page\\\/\",\"logo\":{\"@type\":\"ImageObject\",\"inLanguage\":\"sl-SI\",\"@id\":\"https:\\\/\\\/novice.si\\\/page\\\/#\\\/schema\\\/logo\\\/image\\\/\",\"url\":\"https:\\\/\\\/novice.si\\\/page\\\/wp-content\\\/uploads\\\/2023\\\/03\\\/novice_si.png\",\"contentUrl\":\"https:\\\/\\\/novice.si\\\/page\\\/wp-content\\\/uploads\\\/2023\\\/03\\\/novice_si.png\",\"width\":576,\"height\":200,\"caption\":\"Novice.si\"},\"image\":{\"@id\":\"https:\\\/\\\/novice.si\\\/page\\\/#\\\/schema\\\/logo\\\/image\\\/\"}},{\"@type\":\"Person\",\"@id\":\"https:\\\/\\\/novice.si\\\/page\\\/#\\\/schema\\\/person\\\/51903923b50fefb075bc1cd24fe4d065\",\"name\":\"Uredni\u0161tvo Celjana\",\"image\":{\"@type\":\"ImageObject\",\"inLanguage\":\"sl-SI\",\"@id\":\"https:\\\/\\\/secure.gravatar.com\\\/avatar\\\/b516f102aa90b53619e09722b8ea56721c99bfcb4f1035f9b333d99f52330226?s=96&d=mm&r=g\",\"url\":\"https:\\\/\\\/secure.gravatar.com\\\/avatar\\\/b516f102aa90b53619e09722b8ea56721c99bfcb4f1035f9b333d99f52330226?s=96&d=mm&r=g\",\"contentUrl\":\"https:\\\/\\\/secure.gravatar.com\\\/avatar\\\/b516f102aa90b53619e09722b8ea56721c99bfcb4f1035f9b333d99f52330226?s=96&d=mm&r=g\",\"caption\":\"Uredni\u0161tvo Celjana\"},\"url\":\"https:\\\/\\\/novice.si\\\/page\\\/author\\\/nejc\\\/\"}]}<\/script>\n<!-- \/ Yoast SEO plugin. -->","yoast_head_json":{"title":"Z mesta ravnatelja Gimnazija Celje - Center odstopa Gregor Deleja - Novice.si","robots":{"index":"index","follow":"follow","max-snippet":"max-snippet:-1","max-image-preview":"max-image-preview:large","max-video-preview":"max-video-preview:-1"},"canonical":"https:\/\/novice.si\/page\/z-mesta-ravnatelja-gimnazija-celje-center-odstopa-gregor-deleja\/","og_locale":"sl_SI","og_type":"article","og_title":"Z mesta ravnatelja Gimnazija Celje - Center odstopa Gregor Deleja - Novice.si","og_description":"Ravnatelj Gimnazije\u00a0Celje &#8211; Center Gregor Deleja je danes svetu zavoda podal odstopno izjavo, odstopa pa s 30. decembrom. O razlogih za odstop ne \u017eeli govoriti, ker potekajo postopki njegove razre\u0161itve. Deleja je bil prvo podpisani pod kandidaturo novega celjskega\u00a0\u017eupana Matije Kova\u010da. Deleja, rojen leta 1980, je ravnatelj Gimnazije\u00a0Celje\u00a0&#8211; Center od leta 2014. Osnovno \u0161olo je [&hellip;]","og_url":"https:\/\/novice.si\/page\/z-mesta-ravnatelja-gimnazija-celje-center-odstopa-gregor-deleja\/","og_site_name":"Novice.si","article_published_time":"2022-12-24T14:23:03+00:00","article_modified_time":"2022-12-24T14:28:44+00:00","og_image":[{"width":458,"height":458,"url":"https:\/\/novice.si\/page\/wp-content\/uploads\/2019\/02\/gregor_deleja-458x458.jpg","type":"image\/jpeg"}],"author":"Uredni\u0161tvo Celjana","twitter_card":"summary_large_image","twitter_misc":{"Written by":"Uredni\u0161tvo Celjana","Est. reading time":"2 minuti"},"schema":{"@context":"https:\/\/schema.org","@graph":[{"@type":"Article","@id":"https:\/\/novice.si\/page\/z-mesta-ravnatelja-gimnazija-celje-center-odstopa-gregor-deleja\/#article","isPartOf":{"@id":"https:\/\/novice.si\/page\/z-mesta-ravnatelja-gimnazija-celje-center-odstopa-gregor-deleja\/"},"author":{"name":"Uredni\u0161tvo Celjana","@id":"https:\/\/novice.si\/page\/#\/schema\/person\/51903923b50fefb075bc1cd24fe4d065"},"headline":"Z mesta ravnatelja Gimnazija Celje &#8211; Center odstopa Gregor Deleja","datePublished":"2022-12-24T14:23:03+00:00","dateModified":"2022-12-24T14:28:44+00:00","mainEntityOfPage":{"@id":"https:\/\/novice.si\/page\/z-mesta-ravnatelja-gimnazija-celje-center-odstopa-gregor-deleja\/"},"wordCount":248,"publisher":{"@id":"https:\/\/novice.si\/page\/#organization"},"image":{"@id":"https:\/\/novice.si\/page\/z-mesta-ravnatelja-gimnazija-celje-center-odstopa-gregor-deleja\/#primaryimage"},"thumbnailUrl":"https:\/\/novice.si\/page\/wp-content\/uploads\/2019\/02\/gregor_deleja-458x458.jpg","keywords":["gimnazija Celje-center","Gregor Deleja"],"articleSection":["Aktualno","Celjsko"],"inLanguage":"sl-SI"},{"@type":"WebPage","@id":"https:\/\/novice.si\/page\/z-mesta-ravnatelja-gimnazija-celje-center-odstopa-gregor-deleja\/","url":"https:\/\/novice.si\/page\/z-mesta-ravnatelja-gimnazija-celje-center-odstopa-gregor-deleja\/","name":"Z mesta ravnatelja Gimnazija Celje - Center odstopa Gregor Deleja - Novice.si","isPartOf":{"@id":"https:\/\/novice.si\/page\/#website"},"primaryImageOfPage":{"@id":"https:\/\/novice.si\/page\/z-mesta-ravnatelja-gimnazija-celje-center-odstopa-gregor-deleja\/#primaryimage"},"image":{"@id":"https:\/\/novice.si\/page\/z-mesta-ravnatelja-gimnazija-celje-center-odstopa-gregor-deleja\/#primaryimage"},"thumbnailUrl":"https:\/\/novice.si\/page\/wp-content\/uploads\/2019\/02\/gregor_deleja-458x458.jpg","datePublished":"2022-12-24T14:23:03+00:00","dateModified":"2022-12-24T14:28:44+00:00","breadcrumb":{"@id":"https:\/\/novice.si\/page\/z-mesta-ravnatelja-gimnazija-celje-center-odstopa-gregor-deleja\/#breadcrumb"},"inLanguage":"sl-SI","potentialAction":[{"@type":"ReadAction","target":["https:\/\/novice.si\/page\/z-mesta-ravnatelja-gimnazija-celje-center-odstopa-gregor-deleja\/"]}]},{"@type":"ImageObject","inLanguage":"sl-SI","@id":"https:\/\/novice.si\/page\/z-mesta-ravnatelja-gimnazija-celje-center-odstopa-gregor-deleja\/#primaryimage","url":"https:\/\/novice.si\/page\/wp-content\/uploads\/2019\/02\/gregor_deleja-458x458.jpg","contentUrl":"https:\/\/novice.si\/page\/wp-content\/uploads\/2019\/02\/gregor_deleja-458x458.jpg","width":458,"height":458},{"@type":"BreadcrumbList","@id":"https:\/\/novice.si\/page\/z-mesta-ravnatelja-gimnazija-celje-center-odstopa-gregor-deleja\/#breadcrumb","itemListElement":[{"@type":"ListItem","position":1,"name":"Home","item":"https:\/\/novice.si\/page\/"},{"@type":"ListItem","position":2,"name":"Z mesta ravnatelja Gimnazija Celje &#8211; Center odstopa Gregor Deleja"}]},{"@type":"WebSite","@id":"https:\/\/novice.si\/page\/#website","url":"https:\/\/novice.si\/page\/","name":"Novice.si","description":"","publisher":{"@id":"https:\/\/novice.si\/page\/#organization"},"potentialAction":[{"@type":"SearchAction","target":{"@type":"EntryPoint","urlTemplate":"https:\/\/novice.si\/page\/?s={search_term_string}"},"query-input":{"@type":"PropertyValueSpecification","valueRequired":true,"valueName":"search_term_string"}}],"inLanguage":"sl-SI"},{"@type":"Organization","@id":"https:\/\/novice.si\/page\/#organization","name":"Novice.si","url":"https:\/\/novice.si\/page\/","logo":{"@type":"ImageObject","inLanguage":"sl-SI","@id":"https:\/\/novice.si\/page\/#\/schema\/logo\/image\/","url":"https:\/\/novice.si\/page\/wp-content\/uploads\/2023\/03\/novice_si.png","contentUrl":"https:\/\/novice.si\/page\/wp-content\/uploads\/2023\/03\/novice_si.png","width":576,"height":200,"caption":"Novice.si"},"image":{"@id":"https:\/\/novice.si\/page\/#\/schema\/logo\/image\/"}},{"@type":"Person","@id":"https:\/\/novice.si\/page\/#\/schema\/person\/51903923b50fefb075bc1cd24fe4d065","name":"Uredni\u0161tvo Celjana","image":{"@type":"ImageObject","inLanguage":"sl-SI","@id":"https:\/\/secure.gravatar.com\/avatar\/b516f102aa90b53619e09722b8ea56721c99bfcb4f1035f9b333d99f52330226?s=96&d=mm&r=g","url":"https:\/\/secure.gravatar.com\/avatar\/b516f102aa90b53619e09722b8ea56721c99bfcb4f1035f9b333d99f52330226?s=96&d=mm&r=g","contentUrl":"https:\/\/secure.gravatar.com\/avatar\/b516f102aa90b53619e09722b8ea56721c99bfcb4f1035f9b333d99f52330226?s=96&d=mm&r=g","caption":"Uredni\u0161tvo Celjana"},"url":"https:\/\/novice.si\/page\/author\/nejc\/"}]}},"_links":{"self":[{"href":"https:\/\/novice.si\/page\/wp-json\/wp\/v2\/posts\/158329","targetHints":{"allow":["GET"]}}],"collection":[{"href":"https:\/\/novice.si\/page\/wp-json\/wp\/v2\/posts"}],"about":[{"href":"https:\/\/novice.si\/page\/wp-json\/wp\/v2\/types\/post"}],"author":[{"embeddable":true,"href":"https:\/\/novice.si\/page\/wp-json\/wp\/v2\/users\/12"}],"replies":[{"embeddable":true,"href":"https:\/\/novice.si\/page\/wp-json\/wp\/v2\/comments?post=158329"}],"version-history":[{"count":3,"href":"https:\/\/novice.si\/page\/wp-json\/wp\/v2\/posts\/158329\/revisions"}],"predecessor-version":[{"id":158332,"href":"https:\/\/novice.si\/page\/wp-json\/wp\/v2\/posts\/158329\/revisions\/158332"}],"wp:featuredmedia":[{"embeddable":true,"href":"https:\/\/novice.si\/page\/wp-json\/wp\/v2\/media\/99257"}],"wp:attachment":[{"href":"https:\/\/novice.si\/page\/wp-json\/wp\/v2\/media?parent=158329"}],"wp:term":[{"taxonomy":"category","embeddable":true,"href":"https:\/\/novice.si\/page\/wp-json\/wp\/v2\/categories?post=158329"},{"taxonomy":"post_tag","embeddable":true,"href":"https:\/\/novice.si\/page\/wp-json\/wp\/v2\/tags?post=158329"}],"curies":[{"name":"wp","href":"https:\/\/api.w.org\/{rel}","templated":true}]}}