{"id":158283,"date":"2022-12-23T08:30:56","date_gmt":"2022-12-23T07:30:56","guid":{"rendered":"https:\/\/novice.si\/page\/?p=158283"},"modified":"2022-12-23T08:40:17","modified_gmt":"2022-12-23T07:40:17","slug":"direktor-vitanjskega-centra-noordung-dr-dominik-kobold-podal-odstopno-izjavo","status":"publish","type":"post","link":"https:\/\/novice.si\/page\/direktor-vitanjskega-centra-noordung-dr-dominik-kobold-podal-odstopno-izjavo\/","title":{"rendered":"Direktor vitanjskega Centra Noordung dr. Dominik Kobold podal odstopno izjavo"},"content":{"rendered":"<p><strong>Direktor vitanjskega Centra Noordung dr. Dominik Kobold je podal odstopno izjavo, poro\u010da Radio Rogla.\u00a0<\/strong><\/p>\n<p><a href=\"https:\/\/novice.si\/page\/wp-content\/uploads\/2022\/12\/kobold-dominik.jpg\" data-gallery><img loading=\"lazy\" decoding=\"async\" class=\"size-medium wp-image-158287 alignleft\" src=\"https:\/\/novice.si\/page\/wp-content\/uploads\/2022\/12\/kobold-dominik-284x300.jpg\" alt=\"\" width=\"284\" height=\"300\" srcset=\"https:\/\/novice.si\/page\/wp-content\/uploads\/2022\/12\/kobold-dominik-284x300.jpg 284w, https:\/\/novice.si\/page\/wp-content\/uploads\/2022\/12\/kobold-dominik-969x1024.jpg 969w, https:\/\/novice.si\/page\/wp-content\/uploads\/2022\/12\/kobold-dominik-768x812.jpg 768w, https:\/\/novice.si\/page\/wp-content\/uploads\/2022\/12\/kobold-dominik-696x735.jpg 696w, https:\/\/novice.si\/page\/wp-content\/uploads\/2022\/12\/kobold-dominik-397x420.jpg 397w, https:\/\/novice.si\/page\/wp-content\/uploads\/2022\/12\/kobold-dominik-24x24.jpg 24w, https:\/\/novice.si\/page\/wp-content\/uploads\/2022\/12\/kobold-dominik-34x36.jpg 34w, https:\/\/novice.si\/page\/wp-content\/uploads\/2022\/12\/kobold-dominik-45x48.jpg 45w, https:\/\/novice.si\/page\/wp-content\/uploads\/2022\/12\/kobold-dominik.jpg 1005w\" sizes=\"auto, (max-width: 284px) 100vw, 284px\" \/><\/a>Polo\u017eaj direktorja zapu\u0161\u010da konec februarja, razlog za odstop pa naj bi bil osebne narave, je na v\u010deraj\u0161nji seji ob\u010dinskega sveta v Vitanju svetnike seznanil \u017eupan <strong>Andra\u017e Pogorevc<\/strong>. Dominik Kobold danes zjutraj za Radio Rogla in lokalni \u010dasopis NOVICE svoje odlo\u010ditve o odstopu \u0161e ni \u017eelel pojasniti ali komentirati, je pa bilo v\u010deraj iz svetni\u0161kih vrst sli\u0161ati kar nekaj ob\u017ealovanja, saj so bili z njegovim vodenjem javnega zavoda v Vitanju ve\u010dinoma zadovoljni.<\/p>\n<p><strong>Pred odhodom \u0161e na sodi\u0161\u010de<\/strong><\/p>\n<p>\u017dupan je svetnike seznanil tudi s to\u017ebo proti Centru Noordung, ki so jo zaradi avtorskih pravic in opreme vlo\u017eili prvotni ustanovitelji Ksevta. <a href=\"https:\/\/novice.si\/page\/vitanje-spor-med-ksevt-om-in-centrom-noordung-se-ni-resen\/\">Spor sicer traja \u017ee ve\u010d let<\/a>. Obravnava je predvidena v sredini januarja. \u017dupan Vitanja Andra\u017e Pogorevc upa, da bodo pred odhodom na sodi\u0161\u010de z obema stranema uspeli skleniti kompromis.<br \/>\nPodrobneje o tem pa naslednji teden v novi \u0161tevilki lokalnega \u010dasopisa NOVICE. (N. K.)<\/p>\n<p>&nbsp;<\/p>\n","protected":false},"excerpt":{"rendered":"<p>Direktor vitanjskega Centra Noordung dr. Dominik Kobold je podal odstopno izjavo, poro\u010da Radio Rogla.\u00a0 Polo\u017eaj direktorja zapu\u0161\u010da konec februarja, razlog za odstop pa naj bi bil osebne narave, je na v\u010deraj\u0161nji seji ob\u010dinskega sveta v Vitanju svetnike seznanil \u017eupan Andra\u017e Pogorevc. Dominik Kobold danes zjutraj za Radio Rogla in lokalni \u010dasopis NOVICE svoje odlo\u010ditve o [&hellip;]<\/p>\n","protected":false},"author":12,"featured_media":158287,"comment_status":"closed","ping_status":"closed","sticky":false,"template":"","format":"standard","meta":{"footnotes":""},"categories":[14,868,16,141,3108],"tags":[3543,10520,5584],"class_list":{"0":"post-158283","1":"post","2":"type-post","3":"status-publish","4":"format-standard","5":"has-post-thumbnail","7":"category-aktualno","8":"category-casopisi","9":"category-konjisko","10":"category-novice","11":"category-radio-rogla","12":"tag-center-noordung","13":"tag-dominik-kobold","14":"tag-odstop"},"yoast_head":"<!-- This site is optimized with the Yoast SEO plugin v27.4 - https:\/\/yoast.com\/product\/yoast-seo-wordpress\/ -->\n<title>Direktor vitanjskega Centra Noordung dr. Dominik Kobold podal odstopno izjavo - Novice.si<\/title>\n<meta name=\"robots\" content=\"index, follow, max-snippet:-1, max-image-preview:large, max-video-preview:-1\" \/>\n<link rel=\"canonical\" href=\"https:\/\/novice.si\/page\/direktor-vitanjskega-centra-noordung-dr-dominik-kobold-podal-odstopno-izjavo\/\" \/>\n<meta property=\"og:locale\" content=\"sl_SI\" \/>\n<meta property=\"og:type\" content=\"article\" \/>\n<meta property=\"og:title\" content=\"Direktor vitanjskega Centra Noordung dr. Dominik Kobold podal odstopno izjavo - Novice.si\" \/>\n<meta property=\"og:description\" content=\"Direktor vitanjskega Centra Noordung dr. Dominik Kobold je podal odstopno izjavo, poro\u010da Radio Rogla.\u00a0 Polo\u017eaj direktorja zapu\u0161\u010da konec februarja, razlog za odstop pa naj bi bil osebne narave, je na v\u010deraj\u0161nji seji ob\u010dinskega sveta v Vitanju svetnike seznanil \u017eupan Andra\u017e Pogorevc. Dominik Kobold danes zjutraj za Radio Rogla in lokalni \u010dasopis NOVICE svoje odlo\u010ditve o [&hellip;]\" \/>\n<meta property=\"og:url\" content=\"https:\/\/novice.si\/page\/direktor-vitanjskega-centra-noordung-dr-dominik-kobold-podal-odstopno-izjavo\/\" \/>\n<meta property=\"og:site_name\" content=\"Novice.si\" \/>\n<meta property=\"article:published_time\" content=\"2022-12-23T07:30:56+00:00\" \/>\n<meta property=\"article:modified_time\" content=\"2022-12-23T07:40:17+00:00\" \/>\n<meta property=\"og:image\" content=\"https:\/\/novice.si\/page\/wp-content\/uploads\/2022\/12\/kobold-dominik.jpg\" \/>\n\t<meta property=\"og:image:width\" content=\"1005\" \/>\n\t<meta property=\"og:image:height\" content=\"1062\" \/>\n\t<meta property=\"og:image:type\" content=\"image\/jpeg\" \/>\n<meta name=\"author\" content=\"Uredni\u0161tvo Celjana\" \/>\n<meta name=\"twitter:card\" content=\"summary_large_image\" \/>\n<meta name=\"twitter:label1\" content=\"Written by\" \/>\n\t<meta name=\"twitter:data1\" content=\"Uredni\u0161tvo Celjana\" \/>\n\t<meta name=\"twitter:label2\" content=\"Est. reading time\" \/>\n\t<meta name=\"twitter:data2\" content=\"2 minuti\" \/>\n<script type=\"application\/ld+json\" class=\"yoast-schema-graph\">{\"@context\":\"https:\\\/\\\/schema.org\",\"@graph\":[{\"@type\":\"Article\",\"@id\":\"https:\\\/\\\/novice.si\\\/page\\\/direktor-vitanjskega-centra-noordung-dr-dominik-kobold-podal-odstopno-izjavo\\\/#article\",\"isPartOf\":{\"@id\":\"https:\\\/\\\/novice.si\\\/page\\\/direktor-vitanjskega-centra-noordung-dr-dominik-kobold-podal-odstopno-izjavo\\\/\"},\"author\":{\"name\":\"Uredni\u0161tvo Celjana\",\"@id\":\"https:\\\/\\\/novice.si\\\/page\\\/#\\\/schema\\\/person\\\/51903923b50fefb075bc1cd24fe4d065\"},\"headline\":\"Direktor vitanjskega Centra Noordung dr. Dominik Kobold podal odstopno izjavo\",\"datePublished\":\"2022-12-23T07:30:56+00:00\",\"dateModified\":\"2022-12-23T07:40:17+00:00\",\"mainEntityOfPage\":{\"@id\":\"https:\\\/\\\/novice.si\\\/page\\\/direktor-vitanjskega-centra-noordung-dr-dominik-kobold-podal-odstopno-izjavo\\\/\"},\"wordCount\":182,\"publisher\":{\"@id\":\"https:\\\/\\\/novice.si\\\/page\\\/#organization\"},\"image\":{\"@id\":\"https:\\\/\\\/novice.si\\\/page\\\/direktor-vitanjskega-centra-noordung-dr-dominik-kobold-podal-odstopno-izjavo\\\/#primaryimage\"},\"thumbnailUrl\":\"https:\\\/\\\/novice.si\\\/page\\\/wp-content\\\/uploads\\\/2022\\\/12\\\/kobold-dominik.jpg\",\"keywords\":[\"Center Noordung\",\"dominik kobold\",\"odstop\"],\"articleSection\":[\"Aktualno\",\"\u010casopisi\",\"Konji\u0161ko\",\"Novice\",\"Radio Rogla\"],\"inLanguage\":\"sl-SI\"},{\"@type\":\"WebPage\",\"@id\":\"https:\\\/\\\/novice.si\\\/page\\\/direktor-vitanjskega-centra-noordung-dr-dominik-kobold-podal-odstopno-izjavo\\\/\",\"url\":\"https:\\\/\\\/novice.si\\\/page\\\/direktor-vitanjskega-centra-noordung-dr-dominik-kobold-podal-odstopno-izjavo\\\/\",\"name\":\"Direktor vitanjskega Centra Noordung dr. Dominik Kobold podal odstopno izjavo - Novice.si\",\"isPartOf\":{\"@id\":\"https:\\\/\\\/novice.si\\\/page\\\/#website\"},\"primaryImageOfPage\":{\"@id\":\"https:\\\/\\\/novice.si\\\/page\\\/direktor-vitanjskega-centra-noordung-dr-dominik-kobold-podal-odstopno-izjavo\\\/#primaryimage\"},\"image\":{\"@id\":\"https:\\\/\\\/novice.si\\\/page\\\/direktor-vitanjskega-centra-noordung-dr-dominik-kobold-podal-odstopno-izjavo\\\/#primaryimage\"},\"thumbnailUrl\":\"https:\\\/\\\/novice.si\\\/page\\\/wp-content\\\/uploads\\\/2022\\\/12\\\/kobold-dominik.jpg\",\"datePublished\":\"2022-12-23T07:30:56+00:00\",\"dateModified\":\"2022-12-23T07:40:17+00:00\",\"breadcrumb\":{\"@id\":\"https:\\\/\\\/novice.si\\\/page\\\/direktor-vitanjskega-centra-noordung-dr-dominik-kobold-podal-odstopno-izjavo\\\/#breadcrumb\"},\"inLanguage\":\"sl-SI\",\"potentialAction\":[{\"@type\":\"ReadAction\",\"target\":[\"https:\\\/\\\/novice.si\\\/page\\\/direktor-vitanjskega-centra-noordung-dr-dominik-kobold-podal-odstopno-izjavo\\\/\"]}]},{\"@type\":\"ImageObject\",\"inLanguage\":\"sl-SI\",\"@id\":\"https:\\\/\\\/novice.si\\\/page\\\/direktor-vitanjskega-centra-noordung-dr-dominik-kobold-podal-odstopno-izjavo\\\/#primaryimage\",\"url\":\"https:\\\/\\\/novice.si\\\/page\\\/wp-content\\\/uploads\\\/2022\\\/12\\\/kobold-dominik.jpg\",\"contentUrl\":\"https:\\\/\\\/novice.si\\\/page\\\/wp-content\\\/uploads\\\/2022\\\/12\\\/kobold-dominik.jpg\",\"width\":1005,\"height\":1062},{\"@type\":\"BreadcrumbList\",\"@id\":\"https:\\\/\\\/novice.si\\\/page\\\/direktor-vitanjskega-centra-noordung-dr-dominik-kobold-podal-odstopno-izjavo\\\/#breadcrumb\",\"itemListElement\":[{\"@type\":\"ListItem\",\"position\":1,\"name\":\"Home\",\"item\":\"https:\\\/\\\/novice.si\\\/page\\\/\"},{\"@type\":\"ListItem\",\"position\":2,\"name\":\"Direktor vitanjskega Centra Noordung dr. Dominik Kobold podal odstopno izjavo\"}]},{\"@type\":\"WebSite\",\"@id\":\"https:\\\/\\\/novice.si\\\/page\\\/#website\",\"url\":\"https:\\\/\\\/novice.si\\\/page\\\/\",\"name\":\"Novice.si\",\"description\":\"\",\"publisher\":{\"@id\":\"https:\\\/\\\/novice.si\\\/page\\\/#organization\"},\"potentialAction\":[{\"@type\":\"SearchAction\",\"target\":{\"@type\":\"EntryPoint\",\"urlTemplate\":\"https:\\\/\\\/novice.si\\\/page\\\/?s={search_term_string}\"},\"query-input\":{\"@type\":\"PropertyValueSpecification\",\"valueRequired\":true,\"valueName\":\"search_term_string\"}}],\"inLanguage\":\"sl-SI\"},{\"@type\":\"Organization\",\"@id\":\"https:\\\/\\\/novice.si\\\/page\\\/#organization\",\"name\":\"Novice.si\",\"url\":\"https:\\\/\\\/novice.si\\\/page\\\/\",\"logo\":{\"@type\":\"ImageObject\",\"inLanguage\":\"sl-SI\",\"@id\":\"https:\\\/\\\/novice.si\\\/page\\\/#\\\/schema\\\/logo\\\/image\\\/\",\"url\":\"https:\\\/\\\/novice.si\\\/page\\\/wp-content\\\/uploads\\\/2023\\\/03\\\/novice_si.png\",\"contentUrl\":\"https:\\\/\\\/novice.si\\\/page\\\/wp-content\\\/uploads\\\/2023\\\/03\\\/novice_si.png\",\"width\":576,\"height\":200,\"caption\":\"Novice.si\"},\"image\":{\"@id\":\"https:\\\/\\\/novice.si\\\/page\\\/#\\\/schema\\\/logo\\\/image\\\/\"}},{\"@type\":\"Person\",\"@id\":\"https:\\\/\\\/novice.si\\\/page\\\/#\\\/schema\\\/person\\\/51903923b50fefb075bc1cd24fe4d065\",\"name\":\"Uredni\u0161tvo Celjana\",\"image\":{\"@type\":\"ImageObject\",\"inLanguage\":\"sl-SI\",\"@id\":\"https:\\\/\\\/secure.gravatar.com\\\/avatar\\\/b516f102aa90b53619e09722b8ea56721c99bfcb4f1035f9b333d99f52330226?s=96&d=mm&r=g\",\"url\":\"https:\\\/\\\/secure.gravatar.com\\\/avatar\\\/b516f102aa90b53619e09722b8ea56721c99bfcb4f1035f9b333d99f52330226?s=96&d=mm&r=g\",\"contentUrl\":\"https:\\\/\\\/secure.gravatar.com\\\/avatar\\\/b516f102aa90b53619e09722b8ea56721c99bfcb4f1035f9b333d99f52330226?s=96&d=mm&r=g\",\"caption\":\"Uredni\u0161tvo Celjana\"},\"url\":\"https:\\\/\\\/novice.si\\\/page\\\/author\\\/nejc\\\/\"}]}<\/script>\n<!-- \/ Yoast SEO plugin. -->","yoast_head_json":{"title":"Direktor vitanjskega Centra Noordung dr. Dominik Kobold podal odstopno izjavo - Novice.si","robots":{"index":"index","follow":"follow","max-snippet":"max-snippet:-1","max-image-preview":"max-image-preview:large","max-video-preview":"max-video-preview:-1"},"canonical":"https:\/\/novice.si\/page\/direktor-vitanjskega-centra-noordung-dr-dominik-kobold-podal-odstopno-izjavo\/","og_locale":"sl_SI","og_type":"article","og_title":"Direktor vitanjskega Centra Noordung dr. Dominik Kobold podal odstopno izjavo - Novice.si","og_description":"Direktor vitanjskega Centra Noordung dr. Dominik Kobold je podal odstopno izjavo, poro\u010da Radio Rogla.\u00a0 Polo\u017eaj direktorja zapu\u0161\u010da konec februarja, razlog za odstop pa naj bi bil osebne narave, je na v\u010deraj\u0161nji seji ob\u010dinskega sveta v Vitanju svetnike seznanil \u017eupan Andra\u017e Pogorevc. Dominik Kobold danes zjutraj za Radio Rogla in lokalni \u010dasopis NOVICE svoje odlo\u010ditve o [&hellip;]","og_url":"https:\/\/novice.si\/page\/direktor-vitanjskega-centra-noordung-dr-dominik-kobold-podal-odstopno-izjavo\/","og_site_name":"Novice.si","article_published_time":"2022-12-23T07:30:56+00:00","article_modified_time":"2022-12-23T07:40:17+00:00","og_image":[{"width":1005,"height":1062,"url":"https:\/\/novice.si\/page\/wp-content\/uploads\/2022\/12\/kobold-dominik.jpg","type":"image\/jpeg"}],"author":"Uredni\u0161tvo Celjana","twitter_card":"summary_large_image","twitter_misc":{"Written by":"Uredni\u0161tvo Celjana","Est. reading time":"2 minuti"},"schema":{"@context":"https:\/\/schema.org","@graph":[{"@type":"Article","@id":"https:\/\/novice.si\/page\/direktor-vitanjskega-centra-noordung-dr-dominik-kobold-podal-odstopno-izjavo\/#article","isPartOf":{"@id":"https:\/\/novice.si\/page\/direktor-vitanjskega-centra-noordung-dr-dominik-kobold-podal-odstopno-izjavo\/"},"author":{"name":"Uredni\u0161tvo Celjana","@id":"https:\/\/novice.si\/page\/#\/schema\/person\/51903923b50fefb075bc1cd24fe4d065"},"headline":"Direktor vitanjskega Centra Noordung dr. Dominik Kobold podal odstopno izjavo","datePublished":"2022-12-23T07:30:56+00:00","dateModified":"2022-12-23T07:40:17+00:00","mainEntityOfPage":{"@id":"https:\/\/novice.si\/page\/direktor-vitanjskega-centra-noordung-dr-dominik-kobold-podal-odstopno-izjavo\/"},"wordCount":182,"publisher":{"@id":"https:\/\/novice.si\/page\/#organization"},"image":{"@id":"https:\/\/novice.si\/page\/direktor-vitanjskega-centra-noordung-dr-dominik-kobold-podal-odstopno-izjavo\/#primaryimage"},"thumbnailUrl":"https:\/\/novice.si\/page\/wp-content\/uploads\/2022\/12\/kobold-dominik.jpg","keywords":["Center Noordung","dominik kobold","odstop"],"articleSection":["Aktualno","\u010casopisi","Konji\u0161ko","Novice","Radio Rogla"],"inLanguage":"sl-SI"},{"@type":"WebPage","@id":"https:\/\/novice.si\/page\/direktor-vitanjskega-centra-noordung-dr-dominik-kobold-podal-odstopno-izjavo\/","url":"https:\/\/novice.si\/page\/direktor-vitanjskega-centra-noordung-dr-dominik-kobold-podal-odstopno-izjavo\/","name":"Direktor vitanjskega Centra Noordung dr. Dominik Kobold podal odstopno izjavo - Novice.si","isPartOf":{"@id":"https:\/\/novice.si\/page\/#website"},"primaryImageOfPage":{"@id":"https:\/\/novice.si\/page\/direktor-vitanjskega-centra-noordung-dr-dominik-kobold-podal-odstopno-izjavo\/#primaryimage"},"image":{"@id":"https:\/\/novice.si\/page\/direktor-vitanjskega-centra-noordung-dr-dominik-kobold-podal-odstopno-izjavo\/#primaryimage"},"thumbnailUrl":"https:\/\/novice.si\/page\/wp-content\/uploads\/2022\/12\/kobold-dominik.jpg","datePublished":"2022-12-23T07:30:56+00:00","dateModified":"2022-12-23T07:40:17+00:00","breadcrumb":{"@id":"https:\/\/novice.si\/page\/direktor-vitanjskega-centra-noordung-dr-dominik-kobold-podal-odstopno-izjavo\/#breadcrumb"},"inLanguage":"sl-SI","potentialAction":[{"@type":"ReadAction","target":["https:\/\/novice.si\/page\/direktor-vitanjskega-centra-noordung-dr-dominik-kobold-podal-odstopno-izjavo\/"]}]},{"@type":"ImageObject","inLanguage":"sl-SI","@id":"https:\/\/novice.si\/page\/direktor-vitanjskega-centra-noordung-dr-dominik-kobold-podal-odstopno-izjavo\/#primaryimage","url":"https:\/\/novice.si\/page\/wp-content\/uploads\/2022\/12\/kobold-dominik.jpg","contentUrl":"https:\/\/novice.si\/page\/wp-content\/uploads\/2022\/12\/kobold-dominik.jpg","width":1005,"height":1062},{"@type":"BreadcrumbList","@id":"https:\/\/novice.si\/page\/direktor-vitanjskega-centra-noordung-dr-dominik-kobold-podal-odstopno-izjavo\/#breadcrumb","itemListElement":[{"@type":"ListItem","position":1,"name":"Home","item":"https:\/\/novice.si\/page\/"},{"@type":"ListItem","position":2,"name":"Direktor vitanjskega Centra Noordung dr. Dominik Kobold podal odstopno izjavo"}]},{"@type":"WebSite","@id":"https:\/\/novice.si\/page\/#website","url":"https:\/\/novice.si\/page\/","name":"Novice.si","description":"","publisher":{"@id":"https:\/\/novice.si\/page\/#organization"},"potentialAction":[{"@type":"SearchAction","target":{"@type":"EntryPoint","urlTemplate":"https:\/\/novice.si\/page\/?s={search_term_string}"},"query-input":{"@type":"PropertyValueSpecification","valueRequired":true,"valueName":"search_term_string"}}],"inLanguage":"sl-SI"},{"@type":"Organization","@id":"https:\/\/novice.si\/page\/#organization","name":"Novice.si","url":"https:\/\/novice.si\/page\/","logo":{"@type":"ImageObject","inLanguage":"sl-SI","@id":"https:\/\/novice.si\/page\/#\/schema\/logo\/image\/","url":"https:\/\/novice.si\/page\/wp-content\/uploads\/2023\/03\/novice_si.png","contentUrl":"https:\/\/novice.si\/page\/wp-content\/uploads\/2023\/03\/novice_si.png","width":576,"height":200,"caption":"Novice.si"},"image":{"@id":"https:\/\/novice.si\/page\/#\/schema\/logo\/image\/"}},{"@type":"Person","@id":"https:\/\/novice.si\/page\/#\/schema\/person\/51903923b50fefb075bc1cd24fe4d065","name":"Uredni\u0161tvo Celjana","image":{"@type":"ImageObject","inLanguage":"sl-SI","@id":"https:\/\/secure.gravatar.com\/avatar\/b516f102aa90b53619e09722b8ea56721c99bfcb4f1035f9b333d99f52330226?s=96&d=mm&r=g","url":"https:\/\/secure.gravatar.com\/avatar\/b516f102aa90b53619e09722b8ea56721c99bfcb4f1035f9b333d99f52330226?s=96&d=mm&r=g","contentUrl":"https:\/\/secure.gravatar.com\/avatar\/b516f102aa90b53619e09722b8ea56721c99bfcb4f1035f9b333d99f52330226?s=96&d=mm&r=g","caption":"Uredni\u0161tvo Celjana"},"url":"https:\/\/novice.si\/page\/author\/nejc\/"}]}},"_links":{"self":[{"href":"https:\/\/novice.si\/page\/wp-json\/wp\/v2\/posts\/158283","targetHints":{"allow":["GET"]}}],"collection":[{"href":"https:\/\/novice.si\/page\/wp-json\/wp\/v2\/posts"}],"about":[{"href":"https:\/\/novice.si\/page\/wp-json\/wp\/v2\/types\/post"}],"author":[{"embeddable":true,"href":"https:\/\/novice.si\/page\/wp-json\/wp\/v2\/users\/12"}],"replies":[{"embeddable":true,"href":"https:\/\/novice.si\/page\/wp-json\/wp\/v2\/comments?post=158283"}],"version-history":[{"count":5,"href":"https:\/\/novice.si\/page\/wp-json\/wp\/v2\/posts\/158283\/revisions"}],"predecessor-version":[{"id":158292,"href":"https:\/\/novice.si\/page\/wp-json\/wp\/v2\/posts\/158283\/revisions\/158292"}],"wp:featuredmedia":[{"embeddable":true,"href":"https:\/\/novice.si\/page\/wp-json\/wp\/v2\/media\/158287"}],"wp:attachment":[{"href":"https:\/\/novice.si\/page\/wp-json\/wp\/v2\/media?parent=158283"}],"wp:term":[{"taxonomy":"category","embeddable":true,"href":"https:\/\/novice.si\/page\/wp-json\/wp\/v2\/categories?post=158283"},{"taxonomy":"post_tag","embeddable":true,"href":"https:\/\/novice.si\/page\/wp-json\/wp\/v2\/tags?post=158283"}],"curies":[{"name":"wp","href":"https:\/\/api.w.org\/{rel}","templated":true}]}}