{"id":158265,"date":"2022-12-22T22:23:42","date_gmt":"2022-12-22T21:23:42","guid":{"rendered":"https:\/\/novice.si\/page\/?p=158265"},"modified":"2022-12-22T22:23:42","modified_gmt":"2022-12-22T21:23:42","slug":"po-dveh-letih-spet-tradicionalni-novoletni-sprejem-zupana","status":"publish","type":"post","link":"https:\/\/novice.si\/page\/po-dveh-letih-spet-tradicionalni-novoletni-sprejem-zupana\/","title":{"rendered":"Po dveh letih spet tradicionalni novoletni sprejem \u017eupana"},"content":{"rendered":"<figure id=\"attachment_158266\" aria-describedby=\"caption-attachment-158266\" style=\"width: 200px\" class=\"wp-caption alignleft\"><a href=\"https:\/\/novice.si\/page\/wp-content\/uploads\/2022\/12\/321430299_655882762939930_3967002469853178042_n.jpg\" data-gallery><img loading=\"lazy\" decoding=\"async\" class=\"size-medium wp-image-158266\" src=\"https:\/\/novice.si\/page\/wp-content\/uploads\/2022\/12\/321430299_655882762939930_3967002469853178042_n-200x300.jpg\" alt=\"\" width=\"200\" height=\"300\" srcset=\"https:\/\/novice.si\/page\/wp-content\/uploads\/2022\/12\/321430299_655882762939930_3967002469853178042_n-200x300.jpg 200w, https:\/\/novice.si\/page\/wp-content\/uploads\/2022\/12\/321430299_655882762939930_3967002469853178042_n-683x1024.jpg 683w, https:\/\/novice.si\/page\/wp-content\/uploads\/2022\/12\/321430299_655882762939930_3967002469853178042_n-768x1152.jpg 768w, https:\/\/novice.si\/page\/wp-content\/uploads\/2022\/12\/321430299_655882762939930_3967002469853178042_n-1024x1536.jpg 1024w, https:\/\/novice.si\/page\/wp-content\/uploads\/2022\/12\/321430299_655882762939930_3967002469853178042_n-696x1044.jpg 696w, https:\/\/novice.si\/page\/wp-content\/uploads\/2022\/12\/321430299_655882762939930_3967002469853178042_n-1068x1602.jpg 1068w, https:\/\/novice.si\/page\/wp-content\/uploads\/2022\/12\/321430299_655882762939930_3967002469853178042_n-280x420.jpg 280w, https:\/\/novice.si\/page\/wp-content\/uploads\/2022\/12\/321430299_655882762939930_3967002469853178042_n-16x24.jpg 16w, https:\/\/novice.si\/page\/wp-content\/uploads\/2022\/12\/321430299_655882762939930_3967002469853178042_n-24x36.jpg 24w, https:\/\/novice.si\/page\/wp-content\/uploads\/2022\/12\/321430299_655882762939930_3967002469853178042_n-32x48.jpg 32w, https:\/\/novice.si\/page\/wp-content\/uploads\/2022\/12\/321430299_655882762939930_3967002469853178042_n.jpg 1365w\" sizes=\"auto, (max-width: 200px) 100vw, 200px\" \/><\/a><figcaption id=\"caption-attachment-158266\" class=\"wp-caption-text\">Foto Magi\u010dni spomini<\/figcaption><\/figure>\n<p><em>Danes je v veliki dvorani Narodnega doma v Celju po dveh letih potekal tradicionalni novoletni sprejem \u017eupana Mestne ob\u010dine Celje.<\/em><\/p>\n<p>Minuli dve leti namre\u010d omenjenega dogodka ni bilo zaradi zdravstvene krize in omejitvenih ukrepov.<\/p>\n<p>Udele\u017eili so se ga \u0161tevilni predstavniki gospodarskega, politi\u010dnega, kulturnega in javnega \u017eivljenja v Celju. Na sprejemu pa sta goste pozdravila in nagovorila novi \u017eupan <strong>Matija Kova\u010d<\/strong> in njegov predhodnik <strong>Bojan \u0160rot<\/strong>.<\/p>\n<p>Program dogodka je re\u017eiral <strong>Igor Jelen \u2013 Iggy<\/strong>, z glasbenimi nastopi pa so ga popestrili <strong>Vita \u017diva Pe\u010dak<\/strong> na harfi ter Sloveniji in Celju dobro poznana glasbenika <strong>Uro\u0161 Peri\u0107<\/strong> in <strong>Maja Keuc \u2013 Amaya<\/strong>. (MH)<\/p>\n","protected":false},"excerpt":{"rendered":"<p>Danes je v veliki dvorani Narodnega doma v Celju po dveh letih potekal tradicionalni novoletni sprejem \u017eupana Mestne ob\u010dine Celje. Minuli dve leti namre\u010d omenjenega dogodka ni bilo zaradi zdravstvene krize in omejitvenih ukrepov. Udele\u017eili so se ga \u0161tevilni predstavniki gospodarskega, politi\u010dnega, kulturnega in javnega \u017eivljenja v Celju. Na sprejemu pa sta goste pozdravila in [&hellip;]<\/p>\n","protected":false},"author":55,"featured_media":158266,"comment_status":"closed","ping_status":"closed","sticky":false,"template":"","format":"standard","meta":{"footnotes":""},"categories":[14,142,17],"tags":[],"class_list":{"0":"post-158265","1":"post","2":"type-post","3":"status-publish","4":"format-standard","5":"has-post-thumbnail","7":"category-aktualno","8":"category-celjan","9":"category-celjsko"},"yoast_head":"<!-- This site is optimized with the Yoast SEO plugin v27.4 - https:\/\/yoast.com\/product\/yoast-seo-wordpress\/ -->\n<title>Po dveh letih spet tradicionalni novoletni sprejem \u017eupana - Novice.si<\/title>\n<meta name=\"robots\" content=\"index, follow, max-snippet:-1, max-image-preview:large, max-video-preview:-1\" \/>\n<link rel=\"canonical\" href=\"https:\/\/novice.si\/page\/po-dveh-letih-spet-tradicionalni-novoletni-sprejem-zupana\/\" \/>\n<meta property=\"og:locale\" content=\"sl_SI\" \/>\n<meta property=\"og:type\" content=\"article\" \/>\n<meta property=\"og:title\" content=\"Po dveh letih spet tradicionalni novoletni sprejem \u017eupana - Novice.si\" \/>\n<meta property=\"og:description\" content=\"Danes je v veliki dvorani Narodnega doma v Celju po dveh letih potekal tradicionalni novoletni sprejem \u017eupana Mestne ob\u010dine Celje. Minuli dve leti namre\u010d omenjenega dogodka ni bilo zaradi zdravstvene krize in omejitvenih ukrepov. Udele\u017eili so se ga \u0161tevilni predstavniki gospodarskega, politi\u010dnega, kulturnega in javnega \u017eivljenja v Celju. Na sprejemu pa sta goste pozdravila in [&hellip;]\" \/>\n<meta property=\"og:url\" content=\"https:\/\/novice.si\/page\/po-dveh-letih-spet-tradicionalni-novoletni-sprejem-zupana\/\" \/>\n<meta property=\"og:site_name\" content=\"Novice.si\" \/>\n<meta property=\"article:published_time\" content=\"2022-12-22T21:23:42+00:00\" \/>\n<meta property=\"og:image\" content=\"https:\/\/novice.si\/page\/wp-content\/uploads\/2022\/12\/321430299_655882762939930_3967002469853178042_n.jpg\" \/>\n\t<meta property=\"og:image:width\" content=\"1365\" \/>\n\t<meta property=\"og:image:height\" content=\"2048\" \/>\n\t<meta property=\"og:image:type\" content=\"image\/jpeg\" \/>\n<meta name=\"author\" content=\"Uredni\u0161tvo Celjana\" \/>\n<meta name=\"twitter:card\" content=\"summary_large_image\" \/>\n<meta name=\"twitter:label1\" content=\"Written by\" \/>\n\t<meta name=\"twitter:data1\" content=\"Uredni\u0161tvo Celjana\" \/>\n\t<meta name=\"twitter:label2\" content=\"Est. reading time\" \/>\n\t<meta name=\"twitter:data2\" content=\"1 minuta\" \/>\n<script type=\"application\/ld+json\" class=\"yoast-schema-graph\">{\"@context\":\"https:\\\/\\\/schema.org\",\"@graph\":[{\"@type\":\"Article\",\"@id\":\"https:\\\/\\\/novice.si\\\/page\\\/po-dveh-letih-spet-tradicionalni-novoletni-sprejem-zupana\\\/#article\",\"isPartOf\":{\"@id\":\"https:\\\/\\\/novice.si\\\/page\\\/po-dveh-letih-spet-tradicionalni-novoletni-sprejem-zupana\\\/\"},\"author\":{\"name\":\"Uredni\u0161tvo Celjana\",\"@id\":\"https:\\\/\\\/novice.si\\\/page\\\/#\\\/schema\\\/person\\\/a49f233ef2777ec7b2e8d0662325bb48\"},\"headline\":\"Po dveh letih spet tradicionalni novoletni sprejem \u017eupana\",\"datePublished\":\"2022-12-22T21:23:42+00:00\",\"mainEntityOfPage\":{\"@id\":\"https:\\\/\\\/novice.si\\\/page\\\/po-dveh-letih-spet-tradicionalni-novoletni-sprejem-zupana\\\/\"},\"wordCount\":122,\"publisher\":{\"@id\":\"https:\\\/\\\/novice.si\\\/page\\\/#organization\"},\"image\":{\"@id\":\"https:\\\/\\\/novice.si\\\/page\\\/po-dveh-letih-spet-tradicionalni-novoletni-sprejem-zupana\\\/#primaryimage\"},\"thumbnailUrl\":\"https:\\\/\\\/novice.si\\\/page\\\/wp-content\\\/uploads\\\/2022\\\/12\\\/321430299_655882762939930_3967002469853178042_n.jpg\",\"articleSection\":[\"Aktualno\",\"Celjan\",\"Celjsko\"],\"inLanguage\":\"sl-SI\"},{\"@type\":\"WebPage\",\"@id\":\"https:\\\/\\\/novice.si\\\/page\\\/po-dveh-letih-spet-tradicionalni-novoletni-sprejem-zupana\\\/\",\"url\":\"https:\\\/\\\/novice.si\\\/page\\\/po-dveh-letih-spet-tradicionalni-novoletni-sprejem-zupana\\\/\",\"name\":\"Po dveh letih spet tradicionalni novoletni sprejem \u017eupana - Novice.si\",\"isPartOf\":{\"@id\":\"https:\\\/\\\/novice.si\\\/page\\\/#website\"},\"primaryImageOfPage\":{\"@id\":\"https:\\\/\\\/novice.si\\\/page\\\/po-dveh-letih-spet-tradicionalni-novoletni-sprejem-zupana\\\/#primaryimage\"},\"image\":{\"@id\":\"https:\\\/\\\/novice.si\\\/page\\\/po-dveh-letih-spet-tradicionalni-novoletni-sprejem-zupana\\\/#primaryimage\"},\"thumbnailUrl\":\"https:\\\/\\\/novice.si\\\/page\\\/wp-content\\\/uploads\\\/2022\\\/12\\\/321430299_655882762939930_3967002469853178042_n.jpg\",\"datePublished\":\"2022-12-22T21:23:42+00:00\",\"breadcrumb\":{\"@id\":\"https:\\\/\\\/novice.si\\\/page\\\/po-dveh-letih-spet-tradicionalni-novoletni-sprejem-zupana\\\/#breadcrumb\"},\"inLanguage\":\"sl-SI\",\"potentialAction\":[{\"@type\":\"ReadAction\",\"target\":[\"https:\\\/\\\/novice.si\\\/page\\\/po-dveh-letih-spet-tradicionalni-novoletni-sprejem-zupana\\\/\"]}]},{\"@type\":\"ImageObject\",\"inLanguage\":\"sl-SI\",\"@id\":\"https:\\\/\\\/novice.si\\\/page\\\/po-dveh-letih-spet-tradicionalni-novoletni-sprejem-zupana\\\/#primaryimage\",\"url\":\"https:\\\/\\\/novice.si\\\/page\\\/wp-content\\\/uploads\\\/2022\\\/12\\\/321430299_655882762939930_3967002469853178042_n.jpg\",\"contentUrl\":\"https:\\\/\\\/novice.si\\\/page\\\/wp-content\\\/uploads\\\/2022\\\/12\\\/321430299_655882762939930_3967002469853178042_n.jpg\",\"width\":1365,\"height\":2048,\"caption\":\"Foto Magi\u010dni spomini\"},{\"@type\":\"BreadcrumbList\",\"@id\":\"https:\\\/\\\/novice.si\\\/page\\\/po-dveh-letih-spet-tradicionalni-novoletni-sprejem-zupana\\\/#breadcrumb\",\"itemListElement\":[{\"@type\":\"ListItem\",\"position\":1,\"name\":\"Home\",\"item\":\"https:\\\/\\\/novice.si\\\/page\\\/\"},{\"@type\":\"ListItem\",\"position\":2,\"name\":\"Po dveh letih spet tradicionalni novoletni sprejem \u017eupana\"}]},{\"@type\":\"WebSite\",\"@id\":\"https:\\\/\\\/novice.si\\\/page\\\/#website\",\"url\":\"https:\\\/\\\/novice.si\\\/page\\\/\",\"name\":\"Novice.si\",\"description\":\"\",\"publisher\":{\"@id\":\"https:\\\/\\\/novice.si\\\/page\\\/#organization\"},\"potentialAction\":[{\"@type\":\"SearchAction\",\"target\":{\"@type\":\"EntryPoint\",\"urlTemplate\":\"https:\\\/\\\/novice.si\\\/page\\\/?s={search_term_string}\"},\"query-input\":{\"@type\":\"PropertyValueSpecification\",\"valueRequired\":true,\"valueName\":\"search_term_string\"}}],\"inLanguage\":\"sl-SI\"},{\"@type\":\"Organization\",\"@id\":\"https:\\\/\\\/novice.si\\\/page\\\/#organization\",\"name\":\"Novice.si\",\"url\":\"https:\\\/\\\/novice.si\\\/page\\\/\",\"logo\":{\"@type\":\"ImageObject\",\"inLanguage\":\"sl-SI\",\"@id\":\"https:\\\/\\\/novice.si\\\/page\\\/#\\\/schema\\\/logo\\\/image\\\/\",\"url\":\"https:\\\/\\\/novice.si\\\/page\\\/wp-content\\\/uploads\\\/2023\\\/03\\\/novice_si.png\",\"contentUrl\":\"https:\\\/\\\/novice.si\\\/page\\\/wp-content\\\/uploads\\\/2023\\\/03\\\/novice_si.png\",\"width\":576,\"height\":200,\"caption\":\"Novice.si\"},\"image\":{\"@id\":\"https:\\\/\\\/novice.si\\\/page\\\/#\\\/schema\\\/logo\\\/image\\\/\"}},{\"@type\":\"Person\",\"@id\":\"https:\\\/\\\/novice.si\\\/page\\\/#\\\/schema\\\/person\\\/a49f233ef2777ec7b2e8d0662325bb48\",\"name\":\"Uredni\u0161tvo Celjana\",\"image\":{\"@type\":\"ImageObject\",\"inLanguage\":\"sl-SI\",\"@id\":\"https:\\\/\\\/secure.gravatar.com\\\/avatar\\\/7f7863e616af8f92806c638dd1db3f1a238d83d1cc2ec3100afc06fbb7eb303f?s=96&d=mm&r=g\",\"url\":\"https:\\\/\\\/secure.gravatar.com\\\/avatar\\\/7f7863e616af8f92806c638dd1db3f1a238d83d1cc2ec3100afc06fbb7eb303f?s=96&d=mm&r=g\",\"contentUrl\":\"https:\\\/\\\/secure.gravatar.com\\\/avatar\\\/7f7863e616af8f92806c638dd1db3f1a238d83d1cc2ec3100afc06fbb7eb303f?s=96&d=mm&r=g\",\"caption\":\"Uredni\u0161tvo Celjana\"},\"url\":\"https:\\\/\\\/novice.si\\\/page\\\/author\\\/maja\\\/\"}]}<\/script>\n<!-- \/ Yoast SEO plugin. -->","yoast_head_json":{"title":"Po dveh letih spet tradicionalni novoletni sprejem \u017eupana - Novice.si","robots":{"index":"index","follow":"follow","max-snippet":"max-snippet:-1","max-image-preview":"max-image-preview:large","max-video-preview":"max-video-preview:-1"},"canonical":"https:\/\/novice.si\/page\/po-dveh-letih-spet-tradicionalni-novoletni-sprejem-zupana\/","og_locale":"sl_SI","og_type":"article","og_title":"Po dveh letih spet tradicionalni novoletni sprejem \u017eupana - Novice.si","og_description":"Danes je v veliki dvorani Narodnega doma v Celju po dveh letih potekal tradicionalni novoletni sprejem \u017eupana Mestne ob\u010dine Celje. Minuli dve leti namre\u010d omenjenega dogodka ni bilo zaradi zdravstvene krize in omejitvenih ukrepov. Udele\u017eili so se ga \u0161tevilni predstavniki gospodarskega, politi\u010dnega, kulturnega in javnega \u017eivljenja v Celju. Na sprejemu pa sta goste pozdravila in [&hellip;]","og_url":"https:\/\/novice.si\/page\/po-dveh-letih-spet-tradicionalni-novoletni-sprejem-zupana\/","og_site_name":"Novice.si","article_published_time":"2022-12-22T21:23:42+00:00","og_image":[{"width":1365,"height":2048,"url":"https:\/\/novice.si\/page\/wp-content\/uploads\/2022\/12\/321430299_655882762939930_3967002469853178042_n.jpg","type":"image\/jpeg"}],"author":"Uredni\u0161tvo Celjana","twitter_card":"summary_large_image","twitter_misc":{"Written by":"Uredni\u0161tvo Celjana","Est. reading time":"1 minuta"},"schema":{"@context":"https:\/\/schema.org","@graph":[{"@type":"Article","@id":"https:\/\/novice.si\/page\/po-dveh-letih-spet-tradicionalni-novoletni-sprejem-zupana\/#article","isPartOf":{"@id":"https:\/\/novice.si\/page\/po-dveh-letih-spet-tradicionalni-novoletni-sprejem-zupana\/"},"author":{"name":"Uredni\u0161tvo Celjana","@id":"https:\/\/novice.si\/page\/#\/schema\/person\/a49f233ef2777ec7b2e8d0662325bb48"},"headline":"Po dveh letih spet tradicionalni novoletni sprejem \u017eupana","datePublished":"2022-12-22T21:23:42+00:00","mainEntityOfPage":{"@id":"https:\/\/novice.si\/page\/po-dveh-letih-spet-tradicionalni-novoletni-sprejem-zupana\/"},"wordCount":122,"publisher":{"@id":"https:\/\/novice.si\/page\/#organization"},"image":{"@id":"https:\/\/novice.si\/page\/po-dveh-letih-spet-tradicionalni-novoletni-sprejem-zupana\/#primaryimage"},"thumbnailUrl":"https:\/\/novice.si\/page\/wp-content\/uploads\/2022\/12\/321430299_655882762939930_3967002469853178042_n.jpg","articleSection":["Aktualno","Celjan","Celjsko"],"inLanguage":"sl-SI"},{"@type":"WebPage","@id":"https:\/\/novice.si\/page\/po-dveh-letih-spet-tradicionalni-novoletni-sprejem-zupana\/","url":"https:\/\/novice.si\/page\/po-dveh-letih-spet-tradicionalni-novoletni-sprejem-zupana\/","name":"Po dveh letih spet tradicionalni novoletni sprejem \u017eupana - Novice.si","isPartOf":{"@id":"https:\/\/novice.si\/page\/#website"},"primaryImageOfPage":{"@id":"https:\/\/novice.si\/page\/po-dveh-letih-spet-tradicionalni-novoletni-sprejem-zupana\/#primaryimage"},"image":{"@id":"https:\/\/novice.si\/page\/po-dveh-letih-spet-tradicionalni-novoletni-sprejem-zupana\/#primaryimage"},"thumbnailUrl":"https:\/\/novice.si\/page\/wp-content\/uploads\/2022\/12\/321430299_655882762939930_3967002469853178042_n.jpg","datePublished":"2022-12-22T21:23:42+00:00","breadcrumb":{"@id":"https:\/\/novice.si\/page\/po-dveh-letih-spet-tradicionalni-novoletni-sprejem-zupana\/#breadcrumb"},"inLanguage":"sl-SI","potentialAction":[{"@type":"ReadAction","target":["https:\/\/novice.si\/page\/po-dveh-letih-spet-tradicionalni-novoletni-sprejem-zupana\/"]}]},{"@type":"ImageObject","inLanguage":"sl-SI","@id":"https:\/\/novice.si\/page\/po-dveh-letih-spet-tradicionalni-novoletni-sprejem-zupana\/#primaryimage","url":"https:\/\/novice.si\/page\/wp-content\/uploads\/2022\/12\/321430299_655882762939930_3967002469853178042_n.jpg","contentUrl":"https:\/\/novice.si\/page\/wp-content\/uploads\/2022\/12\/321430299_655882762939930_3967002469853178042_n.jpg","width":1365,"height":2048,"caption":"Foto Magi\u010dni spomini"},{"@type":"BreadcrumbList","@id":"https:\/\/novice.si\/page\/po-dveh-letih-spet-tradicionalni-novoletni-sprejem-zupana\/#breadcrumb","itemListElement":[{"@type":"ListItem","position":1,"name":"Home","item":"https:\/\/novice.si\/page\/"},{"@type":"ListItem","position":2,"name":"Po dveh letih spet tradicionalni novoletni sprejem \u017eupana"}]},{"@type":"WebSite","@id":"https:\/\/novice.si\/page\/#website","url":"https:\/\/novice.si\/page\/","name":"Novice.si","description":"","publisher":{"@id":"https:\/\/novice.si\/page\/#organization"},"potentialAction":[{"@type":"SearchAction","target":{"@type":"EntryPoint","urlTemplate":"https:\/\/novice.si\/page\/?s={search_term_string}"},"query-input":{"@type":"PropertyValueSpecification","valueRequired":true,"valueName":"search_term_string"}}],"inLanguage":"sl-SI"},{"@type":"Organization","@id":"https:\/\/novice.si\/page\/#organization","name":"Novice.si","url":"https:\/\/novice.si\/page\/","logo":{"@type":"ImageObject","inLanguage":"sl-SI","@id":"https:\/\/novice.si\/page\/#\/schema\/logo\/image\/","url":"https:\/\/novice.si\/page\/wp-content\/uploads\/2023\/03\/novice_si.png","contentUrl":"https:\/\/novice.si\/page\/wp-content\/uploads\/2023\/03\/novice_si.png","width":576,"height":200,"caption":"Novice.si"},"image":{"@id":"https:\/\/novice.si\/page\/#\/schema\/logo\/image\/"}},{"@type":"Person","@id":"https:\/\/novice.si\/page\/#\/schema\/person\/a49f233ef2777ec7b2e8d0662325bb48","name":"Uredni\u0161tvo Celjana","image":{"@type":"ImageObject","inLanguage":"sl-SI","@id":"https:\/\/secure.gravatar.com\/avatar\/7f7863e616af8f92806c638dd1db3f1a238d83d1cc2ec3100afc06fbb7eb303f?s=96&d=mm&r=g","url":"https:\/\/secure.gravatar.com\/avatar\/7f7863e616af8f92806c638dd1db3f1a238d83d1cc2ec3100afc06fbb7eb303f?s=96&d=mm&r=g","contentUrl":"https:\/\/secure.gravatar.com\/avatar\/7f7863e616af8f92806c638dd1db3f1a238d83d1cc2ec3100afc06fbb7eb303f?s=96&d=mm&r=g","caption":"Uredni\u0161tvo Celjana"},"url":"https:\/\/novice.si\/page\/author\/maja\/"}]}},"_links":{"self":[{"href":"https:\/\/novice.si\/page\/wp-json\/wp\/v2\/posts\/158265","targetHints":{"allow":["GET"]}}],"collection":[{"href":"https:\/\/novice.si\/page\/wp-json\/wp\/v2\/posts"}],"about":[{"href":"https:\/\/novice.si\/page\/wp-json\/wp\/v2\/types\/post"}],"author":[{"embeddable":true,"href":"https:\/\/novice.si\/page\/wp-json\/wp\/v2\/users\/55"}],"replies":[{"embeddable":true,"href":"https:\/\/novice.si\/page\/wp-json\/wp\/v2\/comments?post=158265"}],"version-history":[{"count":1,"href":"https:\/\/novice.si\/page\/wp-json\/wp\/v2\/posts\/158265\/revisions"}],"predecessor-version":[{"id":158267,"href":"https:\/\/novice.si\/page\/wp-json\/wp\/v2\/posts\/158265\/revisions\/158267"}],"wp:featuredmedia":[{"embeddable":true,"href":"https:\/\/novice.si\/page\/wp-json\/wp\/v2\/media\/158266"}],"wp:attachment":[{"href":"https:\/\/novice.si\/page\/wp-json\/wp\/v2\/media?parent=158265"}],"wp:term":[{"taxonomy":"category","embeddable":true,"href":"https:\/\/novice.si\/page\/wp-json\/wp\/v2\/categories?post=158265"},{"taxonomy":"post_tag","embeddable":true,"href":"https:\/\/novice.si\/page\/wp-json\/wp\/v2\/tags?post=158265"}],"curies":[{"name":"wp","href":"https:\/\/api.w.org\/{rel}","templated":true}]}}