{"id":158257,"date":"2022-12-21T22:16:54","date_gmt":"2022-12-21T21:16:54","guid":{"rendered":"https:\/\/novice.si\/page\/?p=158257"},"modified":"2022-12-22T13:20:59","modified_gmt":"2022-12-22T12:20:59","slug":"konjiski-podzupan-bo-tudi-naslednja-stiri-leta-primoz-poklic","status":"publish","type":"post","link":"https:\/\/novice.si\/page\/konjiski-podzupan-bo-tudi-naslednja-stiri-leta-primoz-poklic\/","title":{"rendered":"Konji\u0161ki pod\u017eupan bo tudi naslednja \u0161tiri leta Primo\u017e Pokli\u010d"},"content":{"rendered":"<p><a href=\"https:\/\/novice.si\/page\/wp-content\/uploads\/2022\/12\/poklic-primoz-podzupan.jpg\" data-gallery><img loading=\"lazy\" decoding=\"async\" class=\"size-medium wp-image-158258 alignleft\" src=\"https:\/\/novice.si\/page\/wp-content\/uploads\/2022\/12\/poklic-primoz-podzupan-300x217.jpg\" alt=\"\" width=\"300\" height=\"217\" srcset=\"https:\/\/novice.si\/page\/wp-content\/uploads\/2022\/12\/poklic-primoz-podzupan-300x217.jpg 300w, https:\/\/novice.si\/page\/wp-content\/uploads\/2022\/12\/poklic-primoz-podzupan-768x556.jpg 768w, https:\/\/novice.si\/page\/wp-content\/uploads\/2022\/12\/poklic-primoz-podzupan-324x235.jpg 324w, https:\/\/novice.si\/page\/wp-content\/uploads\/2022\/12\/poklic-primoz-podzupan-696x504.jpg 696w, https:\/\/novice.si\/page\/wp-content\/uploads\/2022\/12\/poklic-primoz-podzupan-580x420.jpg 580w, https:\/\/novice.si\/page\/wp-content\/uploads\/2022\/12\/poklic-primoz-podzupan-24x17.jpg 24w, https:\/\/novice.si\/page\/wp-content\/uploads\/2022\/12\/poklic-primoz-podzupan-36x26.jpg 36w, https:\/\/novice.si\/page\/wp-content\/uploads\/2022\/12\/poklic-primoz-podzupan-48x35.jpg 48w, https:\/\/novice.si\/page\/wp-content\/uploads\/2022\/12\/poklic-primoz-podzupan.jpg 808w\" sizes=\"auto, (max-width: 300px) 100vw, 300px\" \/><\/a>\u017de na konstitutivni seji novega konji\u0161kega ob\u010dinskega sveta je \u017eupan <strong>Darko Ratajc<\/strong> za lokalni \u010dasopis NOVICE in Radio Rogla povedal, da bo pod\u017eupan ostal <strong>Primo\u017e Pokli\u010d<\/strong>. Uradno ga je na to funkcijo znova imenoval v petek. Bistvenih sprememb pri na\u010dinu dela Pokli\u010d ne pri\u010dakuje. Pravi, da se \u017eeli \u010dim bolj aktivno vklju\u010diti v delo Ob\u010dine in pomagati \u017eupanu. Ob tem je dodal: &#8220;Sama odlo\u010ditev, da ponovno sprejmem funkcijo pod\u017eupana, je bila relativno lahka. Na podlagi \u0161tirih let odli\u010dnega sodelovanja z \u017eupanom Darkom Ratajcem sem se zlahka odlo\u010dil, da mu pomagam tudi v novem mandatu, da bo lahko, tako kot je rekel pred volitvami, kon\u010dal svoje za\u010deto delo.&#8221; (Jure Mernik)<br \/>\nFoto: Ob\u010dina Slovenske Konjice<\/p>\n","protected":false},"excerpt":{"rendered":"<p>\u017de na konstitutivni seji novega konji\u0161kega ob\u010dinskega sveta je \u017eupan Darko Ratajc za lokalni \u010dasopis NOVICE in Radio Rogla povedal, da bo pod\u017eupan ostal Primo\u017e Pokli\u010d. Uradno ga je na to funkcijo znova imenoval v petek. Bistvenih sprememb pri na\u010dinu dela Pokli\u010d ne pri\u010dakuje. Pravi, da se \u017eeli \u010dim bolj aktivno vklju\u010diti v delo Ob\u010dine [&hellip;]<\/p>\n","protected":false},"author":7,"featured_media":158258,"comment_status":"closed","ping_status":"closed","sticky":false,"template":"","format":"standard","meta":{"footnotes":""},"categories":[14,16],"tags":[16698,9942],"class_list":{"0":"post-158257","1":"post","2":"type-post","3":"status-publish","4":"format-standard","5":"has-post-thumbnail","7":"category-aktualno","8":"category-konjisko","9":"tag-podzupan","10":"tag-primoz-poklic"},"yoast_head":"<!-- This site is optimized with the Yoast SEO plugin v27.4 - https:\/\/yoast.com\/product\/yoast-seo-wordpress\/ -->\n<title>Konji\u0161ki pod\u017eupan bo tudi naslednja \u0161tiri leta Primo\u017e Pokli\u010d - Novice.si<\/title>\n<meta name=\"robots\" content=\"index, follow, max-snippet:-1, max-image-preview:large, max-video-preview:-1\" \/>\n<link rel=\"canonical\" href=\"https:\/\/novice.si\/page\/konjiski-podzupan-bo-tudi-naslednja-stiri-leta-primoz-poklic\/\" \/>\n<meta property=\"og:locale\" content=\"sl_SI\" \/>\n<meta property=\"og:type\" content=\"article\" \/>\n<meta property=\"og:title\" content=\"Konji\u0161ki pod\u017eupan bo tudi naslednja \u0161tiri leta Primo\u017e Pokli\u010d - Novice.si\" \/>\n<meta property=\"og:description\" content=\"\u017de na konstitutivni seji novega konji\u0161kega ob\u010dinskega sveta je \u017eupan Darko Ratajc za lokalni \u010dasopis NOVICE in Radio Rogla povedal, da bo pod\u017eupan ostal Primo\u017e Pokli\u010d. Uradno ga je na to funkcijo znova imenoval v petek. Bistvenih sprememb pri na\u010dinu dela Pokli\u010d ne pri\u010dakuje. Pravi, da se \u017eeli \u010dim bolj aktivno vklju\u010diti v delo Ob\u010dine [&hellip;]\" \/>\n<meta property=\"og:url\" content=\"https:\/\/novice.si\/page\/konjiski-podzupan-bo-tudi-naslednja-stiri-leta-primoz-poklic\/\" \/>\n<meta property=\"og:site_name\" content=\"Novice.si\" \/>\n<meta property=\"article:published_time\" content=\"2022-12-21T21:16:54+00:00\" \/>\n<meta property=\"article:modified_time\" content=\"2022-12-22T12:20:59+00:00\" \/>\n<meta property=\"og:image\" content=\"https:\/\/novice.si\/page\/wp-content\/uploads\/2022\/12\/poklic-primoz-podzupan.jpg\" \/>\n\t<meta property=\"og:image:width\" content=\"808\" \/>\n\t<meta property=\"og:image:height\" content=\"585\" \/>\n\t<meta property=\"og:image:type\" content=\"image\/jpeg\" \/>\n<meta name=\"author\" content=\"Uredni\u0161tvo Novic\" \/>\n<meta name=\"twitter:card\" content=\"summary_large_image\" \/>\n<meta name=\"twitter:label1\" content=\"Written by\" \/>\n\t<meta name=\"twitter:data1\" content=\"Uredni\u0161tvo Novic\" \/>\n\t<meta name=\"twitter:label2\" content=\"Est. reading time\" \/>\n\t<meta name=\"twitter:data2\" content=\"1 minuta\" \/>\n<script type=\"application\/ld+json\" class=\"yoast-schema-graph\">{\"@context\":\"https:\\\/\\\/schema.org\",\"@graph\":[{\"@type\":\"Article\",\"@id\":\"https:\\\/\\\/novice.si\\\/page\\\/konjiski-podzupan-bo-tudi-naslednja-stiri-leta-primoz-poklic\\\/#article\",\"isPartOf\":{\"@id\":\"https:\\\/\\\/novice.si\\\/page\\\/konjiski-podzupan-bo-tudi-naslednja-stiri-leta-primoz-poklic\\\/\"},\"author\":{\"name\":\"Uredni\u0161tvo Novic\",\"@id\":\"https:\\\/\\\/novice.si\\\/page\\\/#\\\/schema\\\/person\\\/a877dbb8680d441357ce27663beb35ca\"},\"headline\":\"Konji\u0161ki pod\u017eupan bo tudi naslednja \u0161tiri leta Primo\u017e Pokli\u010d\",\"datePublished\":\"2022-12-21T21:16:54+00:00\",\"dateModified\":\"2022-12-22T12:20:59+00:00\",\"mainEntityOfPage\":{\"@id\":\"https:\\\/\\\/novice.si\\\/page\\\/konjiski-podzupan-bo-tudi-naslednja-stiri-leta-primoz-poklic\\\/\"},\"wordCount\":138,\"publisher\":{\"@id\":\"https:\\\/\\\/novice.si\\\/page\\\/#organization\"},\"image\":{\"@id\":\"https:\\\/\\\/novice.si\\\/page\\\/konjiski-podzupan-bo-tudi-naslednja-stiri-leta-primoz-poklic\\\/#primaryimage\"},\"thumbnailUrl\":\"https:\\\/\\\/novice.si\\\/page\\\/wp-content\\\/uploads\\\/2022\\\/12\\\/poklic-primoz-podzupan.jpg\",\"keywords\":[\"pod\u017eupan\",\"Primo\u017e Pokli\u010d\"],\"articleSection\":[\"Aktualno\",\"Konji\u0161ko\"],\"inLanguage\":\"sl-SI\"},{\"@type\":\"WebPage\",\"@id\":\"https:\\\/\\\/novice.si\\\/page\\\/konjiski-podzupan-bo-tudi-naslednja-stiri-leta-primoz-poklic\\\/\",\"url\":\"https:\\\/\\\/novice.si\\\/page\\\/konjiski-podzupan-bo-tudi-naslednja-stiri-leta-primoz-poklic\\\/\",\"name\":\"Konji\u0161ki pod\u017eupan bo tudi naslednja \u0161tiri leta Primo\u017e Pokli\u010d - Novice.si\",\"isPartOf\":{\"@id\":\"https:\\\/\\\/novice.si\\\/page\\\/#website\"},\"primaryImageOfPage\":{\"@id\":\"https:\\\/\\\/novice.si\\\/page\\\/konjiski-podzupan-bo-tudi-naslednja-stiri-leta-primoz-poklic\\\/#primaryimage\"},\"image\":{\"@id\":\"https:\\\/\\\/novice.si\\\/page\\\/konjiski-podzupan-bo-tudi-naslednja-stiri-leta-primoz-poklic\\\/#primaryimage\"},\"thumbnailUrl\":\"https:\\\/\\\/novice.si\\\/page\\\/wp-content\\\/uploads\\\/2022\\\/12\\\/poklic-primoz-podzupan.jpg\",\"datePublished\":\"2022-12-21T21:16:54+00:00\",\"dateModified\":\"2022-12-22T12:20:59+00:00\",\"breadcrumb\":{\"@id\":\"https:\\\/\\\/novice.si\\\/page\\\/konjiski-podzupan-bo-tudi-naslednja-stiri-leta-primoz-poklic\\\/#breadcrumb\"},\"inLanguage\":\"sl-SI\",\"potentialAction\":[{\"@type\":\"ReadAction\",\"target\":[\"https:\\\/\\\/novice.si\\\/page\\\/konjiski-podzupan-bo-tudi-naslednja-stiri-leta-primoz-poklic\\\/\"]}]},{\"@type\":\"ImageObject\",\"inLanguage\":\"sl-SI\",\"@id\":\"https:\\\/\\\/novice.si\\\/page\\\/konjiski-podzupan-bo-tudi-naslednja-stiri-leta-primoz-poklic\\\/#primaryimage\",\"url\":\"https:\\\/\\\/novice.si\\\/page\\\/wp-content\\\/uploads\\\/2022\\\/12\\\/poklic-primoz-podzupan.jpg\",\"contentUrl\":\"https:\\\/\\\/novice.si\\\/page\\\/wp-content\\\/uploads\\\/2022\\\/12\\\/poklic-primoz-podzupan.jpg\",\"width\":808,\"height\":585},{\"@type\":\"BreadcrumbList\",\"@id\":\"https:\\\/\\\/novice.si\\\/page\\\/konjiski-podzupan-bo-tudi-naslednja-stiri-leta-primoz-poklic\\\/#breadcrumb\",\"itemListElement\":[{\"@type\":\"ListItem\",\"position\":1,\"name\":\"Home\",\"item\":\"https:\\\/\\\/novice.si\\\/page\\\/\"},{\"@type\":\"ListItem\",\"position\":2,\"name\":\"Konji\u0161ki pod\u017eupan bo tudi naslednja \u0161tiri leta Primo\u017e Pokli\u010d\"}]},{\"@type\":\"WebSite\",\"@id\":\"https:\\\/\\\/novice.si\\\/page\\\/#website\",\"url\":\"https:\\\/\\\/novice.si\\\/page\\\/\",\"name\":\"Novice.si\",\"description\":\"\",\"publisher\":{\"@id\":\"https:\\\/\\\/novice.si\\\/page\\\/#organization\"},\"potentialAction\":[{\"@type\":\"SearchAction\",\"target\":{\"@type\":\"EntryPoint\",\"urlTemplate\":\"https:\\\/\\\/novice.si\\\/page\\\/?s={search_term_string}\"},\"query-input\":{\"@type\":\"PropertyValueSpecification\",\"valueRequired\":true,\"valueName\":\"search_term_string\"}}],\"inLanguage\":\"sl-SI\"},{\"@type\":\"Organization\",\"@id\":\"https:\\\/\\\/novice.si\\\/page\\\/#organization\",\"name\":\"Novice.si\",\"url\":\"https:\\\/\\\/novice.si\\\/page\\\/\",\"logo\":{\"@type\":\"ImageObject\",\"inLanguage\":\"sl-SI\",\"@id\":\"https:\\\/\\\/novice.si\\\/page\\\/#\\\/schema\\\/logo\\\/image\\\/\",\"url\":\"https:\\\/\\\/novice.si\\\/page\\\/wp-content\\\/uploads\\\/2023\\\/03\\\/novice_si.png\",\"contentUrl\":\"https:\\\/\\\/novice.si\\\/page\\\/wp-content\\\/uploads\\\/2023\\\/03\\\/novice_si.png\",\"width\":576,\"height\":200,\"caption\":\"Novice.si\"},\"image\":{\"@id\":\"https:\\\/\\\/novice.si\\\/page\\\/#\\\/schema\\\/logo\\\/image\\\/\"}},{\"@type\":\"Person\",\"@id\":\"https:\\\/\\\/novice.si\\\/page\\\/#\\\/schema\\\/person\\\/a877dbb8680d441357ce27663beb35ca\",\"name\":\"Uredni\u0161tvo Novic\",\"image\":{\"@type\":\"ImageObject\",\"inLanguage\":\"sl-SI\",\"@id\":\"https:\\\/\\\/secure.gravatar.com\\\/avatar\\\/f19c0ae874706cc9ba19d2f6da5f74a5a5ee7674f283fed29ce0ad16a9f1893e?s=96&d=mm&r=g\",\"url\":\"https:\\\/\\\/secure.gravatar.com\\\/avatar\\\/f19c0ae874706cc9ba19d2f6da5f74a5a5ee7674f283fed29ce0ad16a9f1893e?s=96&d=mm&r=g\",\"contentUrl\":\"https:\\\/\\\/secure.gravatar.com\\\/avatar\\\/f19c0ae874706cc9ba19d2f6da5f74a5a5ee7674f283fed29ce0ad16a9f1893e?s=96&d=mm&r=g\",\"caption\":\"Uredni\u0161tvo Novic\"},\"url\":\"https:\\\/\\\/novice.si\\\/page\\\/author\\\/jure\\\/\"}]}<\/script>\n<!-- \/ Yoast SEO plugin. -->","yoast_head_json":{"title":"Konji\u0161ki pod\u017eupan bo tudi naslednja \u0161tiri leta Primo\u017e Pokli\u010d - Novice.si","robots":{"index":"index","follow":"follow","max-snippet":"max-snippet:-1","max-image-preview":"max-image-preview:large","max-video-preview":"max-video-preview:-1"},"canonical":"https:\/\/novice.si\/page\/konjiski-podzupan-bo-tudi-naslednja-stiri-leta-primoz-poklic\/","og_locale":"sl_SI","og_type":"article","og_title":"Konji\u0161ki pod\u017eupan bo tudi naslednja \u0161tiri leta Primo\u017e Pokli\u010d - Novice.si","og_description":"\u017de na konstitutivni seji novega konji\u0161kega ob\u010dinskega sveta je \u017eupan Darko Ratajc za lokalni \u010dasopis NOVICE in Radio Rogla povedal, da bo pod\u017eupan ostal Primo\u017e Pokli\u010d. Uradno ga je na to funkcijo znova imenoval v petek. Bistvenih sprememb pri na\u010dinu dela Pokli\u010d ne pri\u010dakuje. Pravi, da se \u017eeli \u010dim bolj aktivno vklju\u010diti v delo Ob\u010dine [&hellip;]","og_url":"https:\/\/novice.si\/page\/konjiski-podzupan-bo-tudi-naslednja-stiri-leta-primoz-poklic\/","og_site_name":"Novice.si","article_published_time":"2022-12-21T21:16:54+00:00","article_modified_time":"2022-12-22T12:20:59+00:00","og_image":[{"width":808,"height":585,"url":"https:\/\/novice.si\/page\/wp-content\/uploads\/2022\/12\/poklic-primoz-podzupan.jpg","type":"image\/jpeg"}],"author":"Uredni\u0161tvo Novic","twitter_card":"summary_large_image","twitter_misc":{"Written by":"Uredni\u0161tvo Novic","Est. reading time":"1 minuta"},"schema":{"@context":"https:\/\/schema.org","@graph":[{"@type":"Article","@id":"https:\/\/novice.si\/page\/konjiski-podzupan-bo-tudi-naslednja-stiri-leta-primoz-poklic\/#article","isPartOf":{"@id":"https:\/\/novice.si\/page\/konjiski-podzupan-bo-tudi-naslednja-stiri-leta-primoz-poklic\/"},"author":{"name":"Uredni\u0161tvo Novic","@id":"https:\/\/novice.si\/page\/#\/schema\/person\/a877dbb8680d441357ce27663beb35ca"},"headline":"Konji\u0161ki pod\u017eupan bo tudi naslednja \u0161tiri leta Primo\u017e Pokli\u010d","datePublished":"2022-12-21T21:16:54+00:00","dateModified":"2022-12-22T12:20:59+00:00","mainEntityOfPage":{"@id":"https:\/\/novice.si\/page\/konjiski-podzupan-bo-tudi-naslednja-stiri-leta-primoz-poklic\/"},"wordCount":138,"publisher":{"@id":"https:\/\/novice.si\/page\/#organization"},"image":{"@id":"https:\/\/novice.si\/page\/konjiski-podzupan-bo-tudi-naslednja-stiri-leta-primoz-poklic\/#primaryimage"},"thumbnailUrl":"https:\/\/novice.si\/page\/wp-content\/uploads\/2022\/12\/poklic-primoz-podzupan.jpg","keywords":["pod\u017eupan","Primo\u017e Pokli\u010d"],"articleSection":["Aktualno","Konji\u0161ko"],"inLanguage":"sl-SI"},{"@type":"WebPage","@id":"https:\/\/novice.si\/page\/konjiski-podzupan-bo-tudi-naslednja-stiri-leta-primoz-poklic\/","url":"https:\/\/novice.si\/page\/konjiski-podzupan-bo-tudi-naslednja-stiri-leta-primoz-poklic\/","name":"Konji\u0161ki pod\u017eupan bo tudi naslednja \u0161tiri leta Primo\u017e Pokli\u010d - Novice.si","isPartOf":{"@id":"https:\/\/novice.si\/page\/#website"},"primaryImageOfPage":{"@id":"https:\/\/novice.si\/page\/konjiski-podzupan-bo-tudi-naslednja-stiri-leta-primoz-poklic\/#primaryimage"},"image":{"@id":"https:\/\/novice.si\/page\/konjiski-podzupan-bo-tudi-naslednja-stiri-leta-primoz-poklic\/#primaryimage"},"thumbnailUrl":"https:\/\/novice.si\/page\/wp-content\/uploads\/2022\/12\/poklic-primoz-podzupan.jpg","datePublished":"2022-12-21T21:16:54+00:00","dateModified":"2022-12-22T12:20:59+00:00","breadcrumb":{"@id":"https:\/\/novice.si\/page\/konjiski-podzupan-bo-tudi-naslednja-stiri-leta-primoz-poklic\/#breadcrumb"},"inLanguage":"sl-SI","potentialAction":[{"@type":"ReadAction","target":["https:\/\/novice.si\/page\/konjiski-podzupan-bo-tudi-naslednja-stiri-leta-primoz-poklic\/"]}]},{"@type":"ImageObject","inLanguage":"sl-SI","@id":"https:\/\/novice.si\/page\/konjiski-podzupan-bo-tudi-naslednja-stiri-leta-primoz-poklic\/#primaryimage","url":"https:\/\/novice.si\/page\/wp-content\/uploads\/2022\/12\/poklic-primoz-podzupan.jpg","contentUrl":"https:\/\/novice.si\/page\/wp-content\/uploads\/2022\/12\/poklic-primoz-podzupan.jpg","width":808,"height":585},{"@type":"BreadcrumbList","@id":"https:\/\/novice.si\/page\/konjiski-podzupan-bo-tudi-naslednja-stiri-leta-primoz-poklic\/#breadcrumb","itemListElement":[{"@type":"ListItem","position":1,"name":"Home","item":"https:\/\/novice.si\/page\/"},{"@type":"ListItem","position":2,"name":"Konji\u0161ki pod\u017eupan bo tudi naslednja \u0161tiri leta Primo\u017e Pokli\u010d"}]},{"@type":"WebSite","@id":"https:\/\/novice.si\/page\/#website","url":"https:\/\/novice.si\/page\/","name":"Novice.si","description":"","publisher":{"@id":"https:\/\/novice.si\/page\/#organization"},"potentialAction":[{"@type":"SearchAction","target":{"@type":"EntryPoint","urlTemplate":"https:\/\/novice.si\/page\/?s={search_term_string}"},"query-input":{"@type":"PropertyValueSpecification","valueRequired":true,"valueName":"search_term_string"}}],"inLanguage":"sl-SI"},{"@type":"Organization","@id":"https:\/\/novice.si\/page\/#organization","name":"Novice.si","url":"https:\/\/novice.si\/page\/","logo":{"@type":"ImageObject","inLanguage":"sl-SI","@id":"https:\/\/novice.si\/page\/#\/schema\/logo\/image\/","url":"https:\/\/novice.si\/page\/wp-content\/uploads\/2023\/03\/novice_si.png","contentUrl":"https:\/\/novice.si\/page\/wp-content\/uploads\/2023\/03\/novice_si.png","width":576,"height":200,"caption":"Novice.si"},"image":{"@id":"https:\/\/novice.si\/page\/#\/schema\/logo\/image\/"}},{"@type":"Person","@id":"https:\/\/novice.si\/page\/#\/schema\/person\/a877dbb8680d441357ce27663beb35ca","name":"Uredni\u0161tvo Novic","image":{"@type":"ImageObject","inLanguage":"sl-SI","@id":"https:\/\/secure.gravatar.com\/avatar\/f19c0ae874706cc9ba19d2f6da5f74a5a5ee7674f283fed29ce0ad16a9f1893e?s=96&d=mm&r=g","url":"https:\/\/secure.gravatar.com\/avatar\/f19c0ae874706cc9ba19d2f6da5f74a5a5ee7674f283fed29ce0ad16a9f1893e?s=96&d=mm&r=g","contentUrl":"https:\/\/secure.gravatar.com\/avatar\/f19c0ae874706cc9ba19d2f6da5f74a5a5ee7674f283fed29ce0ad16a9f1893e?s=96&d=mm&r=g","caption":"Uredni\u0161tvo Novic"},"url":"https:\/\/novice.si\/page\/author\/jure\/"}]}},"_links":{"self":[{"href":"https:\/\/novice.si\/page\/wp-json\/wp\/v2\/posts\/158257","targetHints":{"allow":["GET"]}}],"collection":[{"href":"https:\/\/novice.si\/page\/wp-json\/wp\/v2\/posts"}],"about":[{"href":"https:\/\/novice.si\/page\/wp-json\/wp\/v2\/types\/post"}],"author":[{"embeddable":true,"href":"https:\/\/novice.si\/page\/wp-json\/wp\/v2\/users\/7"}],"replies":[{"embeddable":true,"href":"https:\/\/novice.si\/page\/wp-json\/wp\/v2\/comments?post=158257"}],"version-history":[{"count":1,"href":"https:\/\/novice.si\/page\/wp-json\/wp\/v2\/posts\/158257\/revisions"}],"predecessor-version":[{"id":158259,"href":"https:\/\/novice.si\/page\/wp-json\/wp\/v2\/posts\/158257\/revisions\/158259"}],"wp:featuredmedia":[{"embeddable":true,"href":"https:\/\/novice.si\/page\/wp-json\/wp\/v2\/media\/158258"}],"wp:attachment":[{"href":"https:\/\/novice.si\/page\/wp-json\/wp\/v2\/media?parent=158257"}],"wp:term":[{"taxonomy":"category","embeddable":true,"href":"https:\/\/novice.si\/page\/wp-json\/wp\/v2\/categories?post=158257"},{"taxonomy":"post_tag","embeddable":true,"href":"https:\/\/novice.si\/page\/wp-json\/wp\/v2\/tags?post=158257"}],"curies":[{"name":"wp","href":"https:\/\/api.w.org\/{rel}","templated":true}]}}