{"id":158205,"date":"2022-12-21T13:27:08","date_gmt":"2022-12-21T12:27:08","guid":{"rendered":"https:\/\/novice.si\/page\/?p=158205"},"modified":"2022-12-21T13:27:08","modified_gmt":"2022-12-21T12:27:08","slug":"na-tek-na-smuceh-kar-v-park","status":"publish","type":"post","link":"https:\/\/novice.si\/page\/na-tek-na-smuceh-kar-v-park\/","title":{"rendered":"Na tek na smu\u010deh kar v park"},"content":{"rendered":"<p><em><a href=\"https:\/\/novice.si\/page\/wp-content\/uploads\/2022\/12\/Cz-celjska-koca-2.jpg\" data-gallery><img loading=\"lazy\" decoding=\"async\" class=\"size-medium wp-image-158206 alignleft\" src=\"https:\/\/novice.si\/page\/wp-content\/uploads\/2022\/12\/Cz-celjska-koca-2-300x225.jpg\" alt=\"Celjska ko\u010da\" width=\"300\" height=\"225\" srcset=\"https:\/\/novice.si\/page\/wp-content\/uploads\/2022\/12\/Cz-celjska-koca-2-300x225.jpg 300w, https:\/\/novice.si\/page\/wp-content\/uploads\/2022\/12\/Cz-celjska-koca-2-1024x768.jpg 1024w, https:\/\/novice.si\/page\/wp-content\/uploads\/2022\/12\/Cz-celjska-koca-2-768x576.jpg 768w, https:\/\/novice.si\/page\/wp-content\/uploads\/2022\/12\/Cz-celjska-koca-2-80x60.jpg 80w, https:\/\/novice.si\/page\/wp-content\/uploads\/2022\/12\/Cz-celjska-koca-2-265x198.jpg 265w, https:\/\/novice.si\/page\/wp-content\/uploads\/2022\/12\/Cz-celjska-koca-2-696x522.jpg 696w, https:\/\/novice.si\/page\/wp-content\/uploads\/2022\/12\/Cz-celjska-koca-2-1068x801.jpg 1068w, https:\/\/novice.si\/page\/wp-content\/uploads\/2022\/12\/Cz-celjska-koca-2-560x420.jpg 560w, https:\/\/novice.si\/page\/wp-content\/uploads\/2022\/12\/Cz-celjska-koca-2-24x18.jpg 24w, https:\/\/novice.si\/page\/wp-content\/uploads\/2022\/12\/Cz-celjska-koca-2-36x27.jpg 36w, https:\/\/novice.si\/page\/wp-content\/uploads\/2022\/12\/Cz-celjska-koca-2-48x36.jpg 48w, https:\/\/novice.si\/page\/wp-content\/uploads\/2022\/12\/Cz-celjska-koca-2.jpg 1460w\" sizes=\"auto, (max-width: 300px) 100vw, 300px\" \/><\/a>Ljubitelji teka na smu\u010deh bodo v celjskem mestnem parku lahko u\u017eivali tudi to zimo.<\/em><\/p>\n<p>Dru\u017eba ZPO Celje, ki upravlja s \u0161portno infrastrukturo v mestu, je namre\u010d prejela soglasje obmo\u010dne enote Zavoda za varstvo kulturne dedi\u0161\u010dine RS (ZVKDS) za ureditev teka\u0161ke proge. Delavci ZPO so jo \u017ee prej\u0161nji teden za\u010deli zasne\u017eevati.<\/p>\n<p>Proge so uredili tudi na Celjski ko\u010di. \u00bbOb ugodnih vremenskih pogojih za zasne\u017eevanje bomo najprej pripravili otro\u0161ko sankali\u0161\u010de, ko bomo izdelali dovolj snega, predvidoma v prihodnjem tednu, bomo uredili progo za smu\u010darski tek,\u00ab je povedal <strong>Ivan Pfeifer<\/strong>, direktor dru\u017ebe ZPO Celje.<\/p>\n<p>Kot je dodal, bo trasa proge nekoliko spremenjena v primerjavi z minulo sezono, saj so se na podlagi soglasja morali izogniti koreninskim sestavam nekaterih vrst dreves, bo pa proga nekoliko dalj\u0161a. Po besedah Ivana Pfeiferja so obmo\u010dno enoto ZVKDS uspeli prepri\u010dati s tem, da za progo pripravljajo sneg brez kemikalij. Ve\u010d o nadaljnjem urejanju prog na Celjski ko\u010di in leto\u0161nji smu\u010darski sezoni pa v aktualnem Celjanu.<\/p>\n","protected":false},"excerpt":{"rendered":"<p>Ljubitelji teka na smu\u010deh bodo v celjskem mestnem parku lahko u\u017eivali tudi to zimo. Dru\u017eba ZPO Celje, ki upravlja s \u0161portno infrastrukturo v mestu, je namre\u010d prejela soglasje obmo\u010dne enote Zavoda za varstvo kulturne dedi\u0161\u010dine RS (ZVKDS) za ureditev teka\u0161ke proge. Delavci ZPO so jo \u017ee prej\u0161nji teden za\u010deli zasne\u017eevati. Proge so uredili tudi na [&hellip;]<\/p>\n","protected":false},"author":55,"featured_media":158206,"comment_status":"closed","ping_status":"closed","sticky":false,"template":"","format":"standard","meta":{"footnotes":""},"categories":[14,142,17],"tags":[],"class_list":{"0":"post-158205","1":"post","2":"type-post","3":"status-publish","4":"format-standard","5":"has-post-thumbnail","7":"category-aktualno","8":"category-celjan","9":"category-celjsko"},"yoast_head":"<!-- This site is optimized with the Yoast SEO plugin v27.4 - https:\/\/yoast.com\/product\/yoast-seo-wordpress\/ -->\n<title>Na tek na smu\u010deh kar v park - Novice.si<\/title>\n<meta name=\"robots\" content=\"index, follow, max-snippet:-1, max-image-preview:large, max-video-preview:-1\" \/>\n<link rel=\"canonical\" href=\"https:\/\/novice.si\/page\/na-tek-na-smuceh-kar-v-park\/\" \/>\n<meta property=\"og:locale\" content=\"sl_SI\" \/>\n<meta property=\"og:type\" content=\"article\" \/>\n<meta property=\"og:title\" content=\"Na tek na smu\u010deh kar v park - Novice.si\" \/>\n<meta property=\"og:description\" content=\"Ljubitelji teka na smu\u010deh bodo v celjskem mestnem parku lahko u\u017eivali tudi to zimo. Dru\u017eba ZPO Celje, ki upravlja s \u0161portno infrastrukturo v mestu, je namre\u010d prejela soglasje obmo\u010dne enote Zavoda za varstvo kulturne dedi\u0161\u010dine RS (ZVKDS) za ureditev teka\u0161ke proge. Delavci ZPO so jo \u017ee prej\u0161nji teden za\u010deli zasne\u017eevati. Proge so uredili tudi na [&hellip;]\" \/>\n<meta property=\"og:url\" content=\"https:\/\/novice.si\/page\/na-tek-na-smuceh-kar-v-park\/\" \/>\n<meta property=\"og:site_name\" content=\"Novice.si\" \/>\n<meta property=\"article:published_time\" content=\"2022-12-21T12:27:08+00:00\" \/>\n<meta property=\"og:image\" content=\"https:\/\/novice.si\/page\/wp-content\/uploads\/2022\/12\/Cz-celjska-koca-2.jpg\" \/>\n\t<meta property=\"og:image:width\" content=\"1460\" \/>\n\t<meta property=\"og:image:height\" content=\"1095\" \/>\n\t<meta property=\"og:image:type\" content=\"image\/jpeg\" \/>\n<meta name=\"author\" content=\"Uredni\u0161tvo Celjana\" \/>\n<meta name=\"twitter:card\" content=\"summary_large_image\" \/>\n<meta name=\"twitter:label1\" content=\"Written by\" \/>\n\t<meta name=\"twitter:data1\" content=\"Uredni\u0161tvo Celjana\" \/>\n\t<meta name=\"twitter:label2\" content=\"Est. reading time\" \/>\n\t<meta name=\"twitter:data2\" content=\"2 minuti\" \/>\n<script type=\"application\/ld+json\" class=\"yoast-schema-graph\">{\"@context\":\"https:\\\/\\\/schema.org\",\"@graph\":[{\"@type\":\"Article\",\"@id\":\"https:\\\/\\\/novice.si\\\/page\\\/na-tek-na-smuceh-kar-v-park\\\/#article\",\"isPartOf\":{\"@id\":\"https:\\\/\\\/novice.si\\\/page\\\/na-tek-na-smuceh-kar-v-park\\\/\"},\"author\":{\"name\":\"Uredni\u0161tvo Celjana\",\"@id\":\"https:\\\/\\\/novice.si\\\/page\\\/#\\\/schema\\\/person\\\/a49f233ef2777ec7b2e8d0662325bb48\"},\"headline\":\"Na tek na smu\u010deh kar v park\",\"datePublished\":\"2022-12-21T12:27:08+00:00\",\"mainEntityOfPage\":{\"@id\":\"https:\\\/\\\/novice.si\\\/page\\\/na-tek-na-smuceh-kar-v-park\\\/\"},\"wordCount\":186,\"publisher\":{\"@id\":\"https:\\\/\\\/novice.si\\\/page\\\/#organization\"},\"image\":{\"@id\":\"https:\\\/\\\/novice.si\\\/page\\\/na-tek-na-smuceh-kar-v-park\\\/#primaryimage\"},\"thumbnailUrl\":\"https:\\\/\\\/novice.si\\\/page\\\/wp-content\\\/uploads\\\/2022\\\/12\\\/Cz-celjska-koca-2.jpg\",\"articleSection\":[\"Aktualno\",\"Celjan\",\"Celjsko\"],\"inLanguage\":\"sl-SI\"},{\"@type\":\"WebPage\",\"@id\":\"https:\\\/\\\/novice.si\\\/page\\\/na-tek-na-smuceh-kar-v-park\\\/\",\"url\":\"https:\\\/\\\/novice.si\\\/page\\\/na-tek-na-smuceh-kar-v-park\\\/\",\"name\":\"Na tek na smu\u010deh kar v park - Novice.si\",\"isPartOf\":{\"@id\":\"https:\\\/\\\/novice.si\\\/page\\\/#website\"},\"primaryImageOfPage\":{\"@id\":\"https:\\\/\\\/novice.si\\\/page\\\/na-tek-na-smuceh-kar-v-park\\\/#primaryimage\"},\"image\":{\"@id\":\"https:\\\/\\\/novice.si\\\/page\\\/na-tek-na-smuceh-kar-v-park\\\/#primaryimage\"},\"thumbnailUrl\":\"https:\\\/\\\/novice.si\\\/page\\\/wp-content\\\/uploads\\\/2022\\\/12\\\/Cz-celjska-koca-2.jpg\",\"datePublished\":\"2022-12-21T12:27:08+00:00\",\"breadcrumb\":{\"@id\":\"https:\\\/\\\/novice.si\\\/page\\\/na-tek-na-smuceh-kar-v-park\\\/#breadcrumb\"},\"inLanguage\":\"sl-SI\",\"potentialAction\":[{\"@type\":\"ReadAction\",\"target\":[\"https:\\\/\\\/novice.si\\\/page\\\/na-tek-na-smuceh-kar-v-park\\\/\"]}]},{\"@type\":\"ImageObject\",\"inLanguage\":\"sl-SI\",\"@id\":\"https:\\\/\\\/novice.si\\\/page\\\/na-tek-na-smuceh-kar-v-park\\\/#primaryimage\",\"url\":\"https:\\\/\\\/novice.si\\\/page\\\/wp-content\\\/uploads\\\/2022\\\/12\\\/Cz-celjska-koca-2.jpg\",\"contentUrl\":\"https:\\\/\\\/novice.si\\\/page\\\/wp-content\\\/uploads\\\/2022\\\/12\\\/Cz-celjska-koca-2.jpg\",\"width\":1460,\"height\":1095,\"caption\":\"Celjska ko\u010da\"},{\"@type\":\"BreadcrumbList\",\"@id\":\"https:\\\/\\\/novice.si\\\/page\\\/na-tek-na-smuceh-kar-v-park\\\/#breadcrumb\",\"itemListElement\":[{\"@type\":\"ListItem\",\"position\":1,\"name\":\"Home\",\"item\":\"https:\\\/\\\/novice.si\\\/page\\\/\"},{\"@type\":\"ListItem\",\"position\":2,\"name\":\"Na tek na smu\u010deh kar v park\"}]},{\"@type\":\"WebSite\",\"@id\":\"https:\\\/\\\/novice.si\\\/page\\\/#website\",\"url\":\"https:\\\/\\\/novice.si\\\/page\\\/\",\"name\":\"Novice.si\",\"description\":\"\",\"publisher\":{\"@id\":\"https:\\\/\\\/novice.si\\\/page\\\/#organization\"},\"potentialAction\":[{\"@type\":\"SearchAction\",\"target\":{\"@type\":\"EntryPoint\",\"urlTemplate\":\"https:\\\/\\\/novice.si\\\/page\\\/?s={search_term_string}\"},\"query-input\":{\"@type\":\"PropertyValueSpecification\",\"valueRequired\":true,\"valueName\":\"search_term_string\"}}],\"inLanguage\":\"sl-SI\"},{\"@type\":\"Organization\",\"@id\":\"https:\\\/\\\/novice.si\\\/page\\\/#organization\",\"name\":\"Novice.si\",\"url\":\"https:\\\/\\\/novice.si\\\/page\\\/\",\"logo\":{\"@type\":\"ImageObject\",\"inLanguage\":\"sl-SI\",\"@id\":\"https:\\\/\\\/novice.si\\\/page\\\/#\\\/schema\\\/logo\\\/image\\\/\",\"url\":\"https:\\\/\\\/novice.si\\\/page\\\/wp-content\\\/uploads\\\/2023\\\/03\\\/novice_si.png\",\"contentUrl\":\"https:\\\/\\\/novice.si\\\/page\\\/wp-content\\\/uploads\\\/2023\\\/03\\\/novice_si.png\",\"width\":576,\"height\":200,\"caption\":\"Novice.si\"},\"image\":{\"@id\":\"https:\\\/\\\/novice.si\\\/page\\\/#\\\/schema\\\/logo\\\/image\\\/\"}},{\"@type\":\"Person\",\"@id\":\"https:\\\/\\\/novice.si\\\/page\\\/#\\\/schema\\\/person\\\/a49f233ef2777ec7b2e8d0662325bb48\",\"name\":\"Uredni\u0161tvo Celjana\",\"image\":{\"@type\":\"ImageObject\",\"inLanguage\":\"sl-SI\",\"@id\":\"https:\\\/\\\/secure.gravatar.com\\\/avatar\\\/7f7863e616af8f92806c638dd1db3f1a238d83d1cc2ec3100afc06fbb7eb303f?s=96&d=mm&r=g\",\"url\":\"https:\\\/\\\/secure.gravatar.com\\\/avatar\\\/7f7863e616af8f92806c638dd1db3f1a238d83d1cc2ec3100afc06fbb7eb303f?s=96&d=mm&r=g\",\"contentUrl\":\"https:\\\/\\\/secure.gravatar.com\\\/avatar\\\/7f7863e616af8f92806c638dd1db3f1a238d83d1cc2ec3100afc06fbb7eb303f?s=96&d=mm&r=g\",\"caption\":\"Uredni\u0161tvo Celjana\"},\"url\":\"https:\\\/\\\/novice.si\\\/page\\\/author\\\/maja\\\/\"}]}<\/script>\n<!-- \/ Yoast SEO plugin. -->","yoast_head_json":{"title":"Na tek na smu\u010deh kar v park - Novice.si","robots":{"index":"index","follow":"follow","max-snippet":"max-snippet:-1","max-image-preview":"max-image-preview:large","max-video-preview":"max-video-preview:-1"},"canonical":"https:\/\/novice.si\/page\/na-tek-na-smuceh-kar-v-park\/","og_locale":"sl_SI","og_type":"article","og_title":"Na tek na smu\u010deh kar v park - Novice.si","og_description":"Ljubitelji teka na smu\u010deh bodo v celjskem mestnem parku lahko u\u017eivali tudi to zimo. Dru\u017eba ZPO Celje, ki upravlja s \u0161portno infrastrukturo v mestu, je namre\u010d prejela soglasje obmo\u010dne enote Zavoda za varstvo kulturne dedi\u0161\u010dine RS (ZVKDS) za ureditev teka\u0161ke proge. Delavci ZPO so jo \u017ee prej\u0161nji teden za\u010deli zasne\u017eevati. Proge so uredili tudi na [&hellip;]","og_url":"https:\/\/novice.si\/page\/na-tek-na-smuceh-kar-v-park\/","og_site_name":"Novice.si","article_published_time":"2022-12-21T12:27:08+00:00","og_image":[{"width":1460,"height":1095,"url":"https:\/\/novice.si\/page\/wp-content\/uploads\/2022\/12\/Cz-celjska-koca-2.jpg","type":"image\/jpeg"}],"author":"Uredni\u0161tvo Celjana","twitter_card":"summary_large_image","twitter_misc":{"Written by":"Uredni\u0161tvo Celjana","Est. reading time":"2 minuti"},"schema":{"@context":"https:\/\/schema.org","@graph":[{"@type":"Article","@id":"https:\/\/novice.si\/page\/na-tek-na-smuceh-kar-v-park\/#article","isPartOf":{"@id":"https:\/\/novice.si\/page\/na-tek-na-smuceh-kar-v-park\/"},"author":{"name":"Uredni\u0161tvo Celjana","@id":"https:\/\/novice.si\/page\/#\/schema\/person\/a49f233ef2777ec7b2e8d0662325bb48"},"headline":"Na tek na smu\u010deh kar v park","datePublished":"2022-12-21T12:27:08+00:00","mainEntityOfPage":{"@id":"https:\/\/novice.si\/page\/na-tek-na-smuceh-kar-v-park\/"},"wordCount":186,"publisher":{"@id":"https:\/\/novice.si\/page\/#organization"},"image":{"@id":"https:\/\/novice.si\/page\/na-tek-na-smuceh-kar-v-park\/#primaryimage"},"thumbnailUrl":"https:\/\/novice.si\/page\/wp-content\/uploads\/2022\/12\/Cz-celjska-koca-2.jpg","articleSection":["Aktualno","Celjan","Celjsko"],"inLanguage":"sl-SI"},{"@type":"WebPage","@id":"https:\/\/novice.si\/page\/na-tek-na-smuceh-kar-v-park\/","url":"https:\/\/novice.si\/page\/na-tek-na-smuceh-kar-v-park\/","name":"Na tek na smu\u010deh kar v park - Novice.si","isPartOf":{"@id":"https:\/\/novice.si\/page\/#website"},"primaryImageOfPage":{"@id":"https:\/\/novice.si\/page\/na-tek-na-smuceh-kar-v-park\/#primaryimage"},"image":{"@id":"https:\/\/novice.si\/page\/na-tek-na-smuceh-kar-v-park\/#primaryimage"},"thumbnailUrl":"https:\/\/novice.si\/page\/wp-content\/uploads\/2022\/12\/Cz-celjska-koca-2.jpg","datePublished":"2022-12-21T12:27:08+00:00","breadcrumb":{"@id":"https:\/\/novice.si\/page\/na-tek-na-smuceh-kar-v-park\/#breadcrumb"},"inLanguage":"sl-SI","potentialAction":[{"@type":"ReadAction","target":["https:\/\/novice.si\/page\/na-tek-na-smuceh-kar-v-park\/"]}]},{"@type":"ImageObject","inLanguage":"sl-SI","@id":"https:\/\/novice.si\/page\/na-tek-na-smuceh-kar-v-park\/#primaryimage","url":"https:\/\/novice.si\/page\/wp-content\/uploads\/2022\/12\/Cz-celjska-koca-2.jpg","contentUrl":"https:\/\/novice.si\/page\/wp-content\/uploads\/2022\/12\/Cz-celjska-koca-2.jpg","width":1460,"height":1095,"caption":"Celjska ko\u010da"},{"@type":"BreadcrumbList","@id":"https:\/\/novice.si\/page\/na-tek-na-smuceh-kar-v-park\/#breadcrumb","itemListElement":[{"@type":"ListItem","position":1,"name":"Home","item":"https:\/\/novice.si\/page\/"},{"@type":"ListItem","position":2,"name":"Na tek na smu\u010deh kar v park"}]},{"@type":"WebSite","@id":"https:\/\/novice.si\/page\/#website","url":"https:\/\/novice.si\/page\/","name":"Novice.si","description":"","publisher":{"@id":"https:\/\/novice.si\/page\/#organization"},"potentialAction":[{"@type":"SearchAction","target":{"@type":"EntryPoint","urlTemplate":"https:\/\/novice.si\/page\/?s={search_term_string}"},"query-input":{"@type":"PropertyValueSpecification","valueRequired":true,"valueName":"search_term_string"}}],"inLanguage":"sl-SI"},{"@type":"Organization","@id":"https:\/\/novice.si\/page\/#organization","name":"Novice.si","url":"https:\/\/novice.si\/page\/","logo":{"@type":"ImageObject","inLanguage":"sl-SI","@id":"https:\/\/novice.si\/page\/#\/schema\/logo\/image\/","url":"https:\/\/novice.si\/page\/wp-content\/uploads\/2023\/03\/novice_si.png","contentUrl":"https:\/\/novice.si\/page\/wp-content\/uploads\/2023\/03\/novice_si.png","width":576,"height":200,"caption":"Novice.si"},"image":{"@id":"https:\/\/novice.si\/page\/#\/schema\/logo\/image\/"}},{"@type":"Person","@id":"https:\/\/novice.si\/page\/#\/schema\/person\/a49f233ef2777ec7b2e8d0662325bb48","name":"Uredni\u0161tvo Celjana","image":{"@type":"ImageObject","inLanguage":"sl-SI","@id":"https:\/\/secure.gravatar.com\/avatar\/7f7863e616af8f92806c638dd1db3f1a238d83d1cc2ec3100afc06fbb7eb303f?s=96&d=mm&r=g","url":"https:\/\/secure.gravatar.com\/avatar\/7f7863e616af8f92806c638dd1db3f1a238d83d1cc2ec3100afc06fbb7eb303f?s=96&d=mm&r=g","contentUrl":"https:\/\/secure.gravatar.com\/avatar\/7f7863e616af8f92806c638dd1db3f1a238d83d1cc2ec3100afc06fbb7eb303f?s=96&d=mm&r=g","caption":"Uredni\u0161tvo Celjana"},"url":"https:\/\/novice.si\/page\/author\/maja\/"}]}},"_links":{"self":[{"href":"https:\/\/novice.si\/page\/wp-json\/wp\/v2\/posts\/158205","targetHints":{"allow":["GET"]}}],"collection":[{"href":"https:\/\/novice.si\/page\/wp-json\/wp\/v2\/posts"}],"about":[{"href":"https:\/\/novice.si\/page\/wp-json\/wp\/v2\/types\/post"}],"author":[{"embeddable":true,"href":"https:\/\/novice.si\/page\/wp-json\/wp\/v2\/users\/55"}],"replies":[{"embeddable":true,"href":"https:\/\/novice.si\/page\/wp-json\/wp\/v2\/comments?post=158205"}],"version-history":[{"count":1,"href":"https:\/\/novice.si\/page\/wp-json\/wp\/v2\/posts\/158205\/revisions"}],"predecessor-version":[{"id":158207,"href":"https:\/\/novice.si\/page\/wp-json\/wp\/v2\/posts\/158205\/revisions\/158207"}],"wp:featuredmedia":[{"embeddable":true,"href":"https:\/\/novice.si\/page\/wp-json\/wp\/v2\/media\/158206"}],"wp:attachment":[{"href":"https:\/\/novice.si\/page\/wp-json\/wp\/v2\/media?parent=158205"}],"wp:term":[{"taxonomy":"category","embeddable":true,"href":"https:\/\/novice.si\/page\/wp-json\/wp\/v2\/categories?post=158205"},{"taxonomy":"post_tag","embeddable":true,"href":"https:\/\/novice.si\/page\/wp-json\/wp\/v2\/tags?post=158205"}],"curies":[{"name":"wp","href":"https:\/\/api.w.org\/{rel}","templated":true}]}}