{"id":158196,"date":"2022-12-21T09:59:17","date_gmt":"2022-12-21T08:59:17","guid":{"rendered":"https:\/\/novice.si\/page\/?p=158196"},"modified":"2022-12-21T09:59:17","modified_gmt":"2022-12-21T08:59:17","slug":"najvisje-planinsko-priznanje-tudi-konjicanu-francu-vahterju","status":"publish","type":"post","link":"https:\/\/novice.si\/page\/najvisje-planinsko-priznanje-tudi-konjicanu-francu-vahterju\/","title":{"rendered":"Najvi\u0161je planinsko priznanje tudi Konji\u010danu Francu Vahterju"},"content":{"rendered":"<p><strong>Franc Vahter iz Slovenskih Konjic je prejel sve\u010dano listino Planinske zveze Slovenije.<\/strong><\/p>\n<p>Najvi\u0161je priznanje Planinske zveze Slovenije (PZS), sve\u010dano listino PZS, je pred dnevi prejel tudi Konji\u010dan <strong>Franc Vahter<\/strong>. Planinska zveza ga je tako nagradila za dolgoletno predano prostovoljsko delo na razli\u010dnih podro\u010djih planinske dejavnosti.<\/p>\n<p><strong>Planinec po srcu in du\u0161i<\/strong><\/p>\n<figure id=\"attachment_158197\" aria-describedby=\"caption-attachment-158197\" style=\"width: 225px\" class=\"wp-caption alignleft\"><a href=\"https:\/\/novice.si\/page\/wp-content\/uploads\/2022\/12\/vahter-franc-scaled.jpg\" data-gallery><img loading=\"lazy\" decoding=\"async\" class=\"size-medium wp-image-158197\" src=\"https:\/\/novice.si\/page\/wp-content\/uploads\/2022\/12\/vahter-franc-225x300.jpg\" alt=\"\" width=\"225\" height=\"300\" srcset=\"https:\/\/novice.si\/page\/wp-content\/uploads\/2022\/12\/vahter-franc-225x300.jpg 225w, https:\/\/novice.si\/page\/wp-content\/uploads\/2022\/12\/vahter-franc-768x1024.jpg 768w, https:\/\/novice.si\/page\/wp-content\/uploads\/2022\/12\/vahter-franc-1152x1536.jpg 1152w, https:\/\/novice.si\/page\/wp-content\/uploads\/2022\/12\/vahter-franc-1536x2048.jpg 1536w, https:\/\/novice.si\/page\/wp-content\/uploads\/2022\/12\/vahter-franc-696x928.jpg 696w, https:\/\/novice.si\/page\/wp-content\/uploads\/2022\/12\/vahter-franc-1068x1424.jpg 1068w, https:\/\/novice.si\/page\/wp-content\/uploads\/2022\/12\/vahter-franc-315x420.jpg 315w, https:\/\/novice.si\/page\/wp-content\/uploads\/2022\/12\/vahter-franc-18x24.jpg 18w, https:\/\/novice.si\/page\/wp-content\/uploads\/2022\/12\/vahter-franc-27x36.jpg 27w, https:\/\/novice.si\/page\/wp-content\/uploads\/2022\/12\/vahter-franc-36x48.jpg 36w, https:\/\/novice.si\/page\/wp-content\/uploads\/2022\/12\/vahter-franc-scaled.jpg 1920w\" sizes=\"auto, (max-width: 225px) 100vw, 225px\" \/><\/a><figcaption id=\"caption-attachment-158197\" class=\"wp-caption-text\">rpt<\/figcaption><\/figure>\n<p>Franc Vahter pravi, da je velik ljubitelj planin in narave \u017ee vse od malih nog. \u010clan Planinskega dru\u0161tva Slovenske Konjice je \u017ee ve\u010d kot pol stoletja in je eden izmed najstarej\u0161ih in najaktivnej\u0161ih \u010dlanov dru\u0161tva. Bil je podpredsednik (od 1993 do 2001) in predsednik (2005 do 2009) dru\u0161tva. Sredi devetdesetih je bil pobudnik za ozna\u010ditev poti na Stolpnik in skupaj s takratnim predsednikom pobudnik za postavitev razglednega stolpa na vrhu Stolpnika, so zapisali pri PZS.<br \/>\nFranc je bil ve\u010d let tudi oskrbnik bivaka na Rogli, v katerega so se planinci radi zatekli. V poznej\u0161ih letih je bil nekaj let oskrbnik Ko\u010de na Klemen\u010di jami, \u010desar se zelo rad spominja. Veliko je pomagal pri urejanju planinskih poti. Izkazal se je kot izjemen poznavalec na\u0161ih gora, narave in kulturne dedi\u0161\u010dine. Je velik raziskovalec zgodovine doma\u010dih krajev in tudi \u0161ir\u0161e domovine. Svoje znanje in izku\u0161nje zelo rad prena\u0161a naprej, \u0161e posebej najmlaj\u0161im planincem.<br \/>\nZapisal se je med ustanovitelje skupine starej\u0161ih planincev \u2013 \u010cetrtkovcev, ki letos praznuje \u017ee deseto leto obstoja. Rad se zate\u010de v zavetje pohorskih gozdov, kjer najde svoj mir in ti\u0161ino. Franc Vahter je &#8216;planinski o\u010de&#8217; \u0161tevilnim generacijam planincev in njihov veliki vzornik, kot so zapisali v Planinskem dru\u0161tvu Slovenske Konjice. (N. K.)<\/p>\n","protected":false},"excerpt":{"rendered":"<p>Franc Vahter iz Slovenskih Konjic je prejel sve\u010dano listino Planinske zveze Slovenije. Najvi\u0161je priznanje Planinske zveze Slovenije (PZS), sve\u010dano listino PZS, je pred dnevi prejel tudi Konji\u010dan Franc Vahter. Planinska zveza ga je tako nagradila za dolgoletno predano prostovoljsko delo na razli\u010dnih podro\u010djih planinske dejavnosti. Planinec po srcu in du\u0161i Franc Vahter pravi, da je [&hellip;]<\/p>\n","protected":false},"author":12,"featured_media":158197,"comment_status":"closed","ping_status":"closed","sticky":false,"template":"","format":"standard","meta":{"footnotes":""},"categories":[14,868,15,16,141,3108],"tags":[16688,16689,3869,10911],"class_list":{"0":"post-158196","1":"post","2":"type-post","3":"status-publish","4":"format-standard","5":"has-post-thumbnail","7":"category-aktualno","8":"category-casopisi","9":"category-druzabno","10":"category-konjisko","11":"category-novice","12":"category-radio-rogla","13":"tag-franc-vahter","14":"tag-pd-slovenske-konjice","15":"tag-planinska-zveza-slovenije","16":"tag-pzs"},"yoast_head":"<!-- This site is optimized with the Yoast SEO plugin v27.4 - https:\/\/yoast.com\/product\/yoast-seo-wordpress\/ -->\n<title>Najvi\u0161je planinsko priznanje tudi Konji\u010danu Francu Vahterju - Novice.si<\/title>\n<meta name=\"robots\" content=\"index, follow, max-snippet:-1, max-image-preview:large, max-video-preview:-1\" \/>\n<link rel=\"canonical\" href=\"https:\/\/novice.si\/page\/najvisje-planinsko-priznanje-tudi-konjicanu-francu-vahterju\/\" \/>\n<meta property=\"og:locale\" content=\"sl_SI\" \/>\n<meta property=\"og:type\" content=\"article\" \/>\n<meta property=\"og:title\" content=\"Najvi\u0161je planinsko priznanje tudi Konji\u010danu Francu Vahterju - Novice.si\" \/>\n<meta property=\"og:description\" content=\"Franc Vahter iz Slovenskih Konjic je prejel sve\u010dano listino Planinske zveze Slovenije. Najvi\u0161je priznanje Planinske zveze Slovenije (PZS), sve\u010dano listino PZS, je pred dnevi prejel tudi Konji\u010dan Franc Vahter. Planinska zveza ga je tako nagradila za dolgoletno predano prostovoljsko delo na razli\u010dnih podro\u010djih planinske dejavnosti. Planinec po srcu in du\u0161i Franc Vahter pravi, da je [&hellip;]\" \/>\n<meta property=\"og:url\" content=\"https:\/\/novice.si\/page\/najvisje-planinsko-priznanje-tudi-konjicanu-francu-vahterju\/\" \/>\n<meta property=\"og:site_name\" content=\"Novice.si\" \/>\n<meta property=\"article:published_time\" content=\"2022-12-21T08:59:17+00:00\" \/>\n<meta property=\"og:image\" content=\"https:\/\/novice.si\/page\/wp-content\/uploads\/2022\/12\/vahter-franc-scaled.jpg\" \/>\n\t<meta property=\"og:image:width\" content=\"1920\" \/>\n\t<meta property=\"og:image:height\" content=\"2560\" \/>\n\t<meta property=\"og:image:type\" content=\"image\/jpeg\" \/>\n<meta name=\"author\" content=\"Uredni\u0161tvo Celjana\" \/>\n<meta name=\"twitter:card\" content=\"summary_large_image\" \/>\n<meta name=\"twitter:label1\" content=\"Written by\" \/>\n\t<meta name=\"twitter:data1\" content=\"Uredni\u0161tvo Celjana\" \/>\n\t<meta name=\"twitter:label2\" content=\"Est. reading time\" \/>\n\t<meta name=\"twitter:data2\" content=\"2 minuti\" \/>\n<script type=\"application\/ld+json\" class=\"yoast-schema-graph\">{\"@context\":\"https:\\\/\\\/schema.org\",\"@graph\":[{\"@type\":\"Article\",\"@id\":\"https:\\\/\\\/novice.si\\\/page\\\/najvisje-planinsko-priznanje-tudi-konjicanu-francu-vahterju\\\/#article\",\"isPartOf\":{\"@id\":\"https:\\\/\\\/novice.si\\\/page\\\/najvisje-planinsko-priznanje-tudi-konjicanu-francu-vahterju\\\/\"},\"author\":{\"name\":\"Uredni\u0161tvo Celjana\",\"@id\":\"https:\\\/\\\/novice.si\\\/page\\\/#\\\/schema\\\/person\\\/51903923b50fefb075bc1cd24fe4d065\"},\"headline\":\"Najvi\u0161je planinsko priznanje tudi Konji\u010danu Francu Vahterju\",\"datePublished\":\"2022-12-21T08:59:17+00:00\",\"mainEntityOfPage\":{\"@id\":\"https:\\\/\\\/novice.si\\\/page\\\/najvisje-planinsko-priznanje-tudi-konjicanu-francu-vahterju\\\/\"},\"wordCount\":292,\"publisher\":{\"@id\":\"https:\\\/\\\/novice.si\\\/page\\\/#organization\"},\"image\":{\"@id\":\"https:\\\/\\\/novice.si\\\/page\\\/najvisje-planinsko-priznanje-tudi-konjicanu-francu-vahterju\\\/#primaryimage\"},\"thumbnailUrl\":\"https:\\\/\\\/novice.si\\\/page\\\/wp-content\\\/uploads\\\/2022\\\/12\\\/vahter-franc-scaled.jpg\",\"keywords\":[\"franc vahter\",\"pd slovenske konjice\",\"Planinska zveza Slovenije\",\"PZS\"],\"articleSection\":[\"Aktualno\",\"\u010casopisi\",\"Dru\u017eabno\",\"Konji\u0161ko\",\"Novice\",\"Radio Rogla\"],\"inLanguage\":\"sl-SI\"},{\"@type\":\"WebPage\",\"@id\":\"https:\\\/\\\/novice.si\\\/page\\\/najvisje-planinsko-priznanje-tudi-konjicanu-francu-vahterju\\\/\",\"url\":\"https:\\\/\\\/novice.si\\\/page\\\/najvisje-planinsko-priznanje-tudi-konjicanu-francu-vahterju\\\/\",\"name\":\"Najvi\u0161je planinsko priznanje tudi Konji\u010danu Francu Vahterju - Novice.si\",\"isPartOf\":{\"@id\":\"https:\\\/\\\/novice.si\\\/page\\\/#website\"},\"primaryImageOfPage\":{\"@id\":\"https:\\\/\\\/novice.si\\\/page\\\/najvisje-planinsko-priznanje-tudi-konjicanu-francu-vahterju\\\/#primaryimage\"},\"image\":{\"@id\":\"https:\\\/\\\/novice.si\\\/page\\\/najvisje-planinsko-priznanje-tudi-konjicanu-francu-vahterju\\\/#primaryimage\"},\"thumbnailUrl\":\"https:\\\/\\\/novice.si\\\/page\\\/wp-content\\\/uploads\\\/2022\\\/12\\\/vahter-franc-scaled.jpg\",\"datePublished\":\"2022-12-21T08:59:17+00:00\",\"breadcrumb\":{\"@id\":\"https:\\\/\\\/novice.si\\\/page\\\/najvisje-planinsko-priznanje-tudi-konjicanu-francu-vahterju\\\/#breadcrumb\"},\"inLanguage\":\"sl-SI\",\"potentialAction\":[{\"@type\":\"ReadAction\",\"target\":[\"https:\\\/\\\/novice.si\\\/page\\\/najvisje-planinsko-priznanje-tudi-konjicanu-francu-vahterju\\\/\"]}]},{\"@type\":\"ImageObject\",\"inLanguage\":\"sl-SI\",\"@id\":\"https:\\\/\\\/novice.si\\\/page\\\/najvisje-planinsko-priznanje-tudi-konjicanu-francu-vahterju\\\/#primaryimage\",\"url\":\"https:\\\/\\\/novice.si\\\/page\\\/wp-content\\\/uploads\\\/2022\\\/12\\\/vahter-franc-scaled.jpg\",\"contentUrl\":\"https:\\\/\\\/novice.si\\\/page\\\/wp-content\\\/uploads\\\/2022\\\/12\\\/vahter-franc-scaled.jpg\",\"width\":1920,\"height\":2560,\"caption\":\"rpt\"},{\"@type\":\"BreadcrumbList\",\"@id\":\"https:\\\/\\\/novice.si\\\/page\\\/najvisje-planinsko-priznanje-tudi-konjicanu-francu-vahterju\\\/#breadcrumb\",\"itemListElement\":[{\"@type\":\"ListItem\",\"position\":1,\"name\":\"Home\",\"item\":\"https:\\\/\\\/novice.si\\\/page\\\/\"},{\"@type\":\"ListItem\",\"position\":2,\"name\":\"Najvi\u0161je planinsko priznanje tudi Konji\u010danu Francu Vahterju\"}]},{\"@type\":\"WebSite\",\"@id\":\"https:\\\/\\\/novice.si\\\/page\\\/#website\",\"url\":\"https:\\\/\\\/novice.si\\\/page\\\/\",\"name\":\"Novice.si\",\"description\":\"\",\"publisher\":{\"@id\":\"https:\\\/\\\/novice.si\\\/page\\\/#organization\"},\"potentialAction\":[{\"@type\":\"SearchAction\",\"target\":{\"@type\":\"EntryPoint\",\"urlTemplate\":\"https:\\\/\\\/novice.si\\\/page\\\/?s={search_term_string}\"},\"query-input\":{\"@type\":\"PropertyValueSpecification\",\"valueRequired\":true,\"valueName\":\"search_term_string\"}}],\"inLanguage\":\"sl-SI\"},{\"@type\":\"Organization\",\"@id\":\"https:\\\/\\\/novice.si\\\/page\\\/#organization\",\"name\":\"Novice.si\",\"url\":\"https:\\\/\\\/novice.si\\\/page\\\/\",\"logo\":{\"@type\":\"ImageObject\",\"inLanguage\":\"sl-SI\",\"@id\":\"https:\\\/\\\/novice.si\\\/page\\\/#\\\/schema\\\/logo\\\/image\\\/\",\"url\":\"https:\\\/\\\/novice.si\\\/page\\\/wp-content\\\/uploads\\\/2023\\\/03\\\/novice_si.png\",\"contentUrl\":\"https:\\\/\\\/novice.si\\\/page\\\/wp-content\\\/uploads\\\/2023\\\/03\\\/novice_si.png\",\"width\":576,\"height\":200,\"caption\":\"Novice.si\"},\"image\":{\"@id\":\"https:\\\/\\\/novice.si\\\/page\\\/#\\\/schema\\\/logo\\\/image\\\/\"}},{\"@type\":\"Person\",\"@id\":\"https:\\\/\\\/novice.si\\\/page\\\/#\\\/schema\\\/person\\\/51903923b50fefb075bc1cd24fe4d065\",\"name\":\"Uredni\u0161tvo Celjana\",\"image\":{\"@type\":\"ImageObject\",\"inLanguage\":\"sl-SI\",\"@id\":\"https:\\\/\\\/secure.gravatar.com\\\/avatar\\\/b516f102aa90b53619e09722b8ea56721c99bfcb4f1035f9b333d99f52330226?s=96&d=mm&r=g\",\"url\":\"https:\\\/\\\/secure.gravatar.com\\\/avatar\\\/b516f102aa90b53619e09722b8ea56721c99bfcb4f1035f9b333d99f52330226?s=96&d=mm&r=g\",\"contentUrl\":\"https:\\\/\\\/secure.gravatar.com\\\/avatar\\\/b516f102aa90b53619e09722b8ea56721c99bfcb4f1035f9b333d99f52330226?s=96&d=mm&r=g\",\"caption\":\"Uredni\u0161tvo Celjana\"},\"url\":\"https:\\\/\\\/novice.si\\\/page\\\/author\\\/nejc\\\/\"}]}<\/script>\n<!-- \/ Yoast SEO plugin. -->","yoast_head_json":{"title":"Najvi\u0161je planinsko priznanje tudi Konji\u010danu Francu Vahterju - Novice.si","robots":{"index":"index","follow":"follow","max-snippet":"max-snippet:-1","max-image-preview":"max-image-preview:large","max-video-preview":"max-video-preview:-1"},"canonical":"https:\/\/novice.si\/page\/najvisje-planinsko-priznanje-tudi-konjicanu-francu-vahterju\/","og_locale":"sl_SI","og_type":"article","og_title":"Najvi\u0161je planinsko priznanje tudi Konji\u010danu Francu Vahterju - Novice.si","og_description":"Franc Vahter iz Slovenskih Konjic je prejel sve\u010dano listino Planinske zveze Slovenije. Najvi\u0161je priznanje Planinske zveze Slovenije (PZS), sve\u010dano listino PZS, je pred dnevi prejel tudi Konji\u010dan Franc Vahter. Planinska zveza ga je tako nagradila za dolgoletno predano prostovoljsko delo na razli\u010dnih podro\u010djih planinske dejavnosti. Planinec po srcu in du\u0161i Franc Vahter pravi, da je [&hellip;]","og_url":"https:\/\/novice.si\/page\/najvisje-planinsko-priznanje-tudi-konjicanu-francu-vahterju\/","og_site_name":"Novice.si","article_published_time":"2022-12-21T08:59:17+00:00","og_image":[{"width":1920,"height":2560,"url":"https:\/\/novice.si\/page\/wp-content\/uploads\/2022\/12\/vahter-franc-scaled.jpg","type":"image\/jpeg"}],"author":"Uredni\u0161tvo Celjana","twitter_card":"summary_large_image","twitter_misc":{"Written by":"Uredni\u0161tvo Celjana","Est. reading time":"2 minuti"},"schema":{"@context":"https:\/\/schema.org","@graph":[{"@type":"Article","@id":"https:\/\/novice.si\/page\/najvisje-planinsko-priznanje-tudi-konjicanu-francu-vahterju\/#article","isPartOf":{"@id":"https:\/\/novice.si\/page\/najvisje-planinsko-priznanje-tudi-konjicanu-francu-vahterju\/"},"author":{"name":"Uredni\u0161tvo Celjana","@id":"https:\/\/novice.si\/page\/#\/schema\/person\/51903923b50fefb075bc1cd24fe4d065"},"headline":"Najvi\u0161je planinsko priznanje tudi Konji\u010danu Francu Vahterju","datePublished":"2022-12-21T08:59:17+00:00","mainEntityOfPage":{"@id":"https:\/\/novice.si\/page\/najvisje-planinsko-priznanje-tudi-konjicanu-francu-vahterju\/"},"wordCount":292,"publisher":{"@id":"https:\/\/novice.si\/page\/#organization"},"image":{"@id":"https:\/\/novice.si\/page\/najvisje-planinsko-priznanje-tudi-konjicanu-francu-vahterju\/#primaryimage"},"thumbnailUrl":"https:\/\/novice.si\/page\/wp-content\/uploads\/2022\/12\/vahter-franc-scaled.jpg","keywords":["franc vahter","pd slovenske konjice","Planinska zveza Slovenije","PZS"],"articleSection":["Aktualno","\u010casopisi","Dru\u017eabno","Konji\u0161ko","Novice","Radio Rogla"],"inLanguage":"sl-SI"},{"@type":"WebPage","@id":"https:\/\/novice.si\/page\/najvisje-planinsko-priznanje-tudi-konjicanu-francu-vahterju\/","url":"https:\/\/novice.si\/page\/najvisje-planinsko-priznanje-tudi-konjicanu-francu-vahterju\/","name":"Najvi\u0161je planinsko priznanje tudi Konji\u010danu Francu Vahterju - Novice.si","isPartOf":{"@id":"https:\/\/novice.si\/page\/#website"},"primaryImageOfPage":{"@id":"https:\/\/novice.si\/page\/najvisje-planinsko-priznanje-tudi-konjicanu-francu-vahterju\/#primaryimage"},"image":{"@id":"https:\/\/novice.si\/page\/najvisje-planinsko-priznanje-tudi-konjicanu-francu-vahterju\/#primaryimage"},"thumbnailUrl":"https:\/\/novice.si\/page\/wp-content\/uploads\/2022\/12\/vahter-franc-scaled.jpg","datePublished":"2022-12-21T08:59:17+00:00","breadcrumb":{"@id":"https:\/\/novice.si\/page\/najvisje-planinsko-priznanje-tudi-konjicanu-francu-vahterju\/#breadcrumb"},"inLanguage":"sl-SI","potentialAction":[{"@type":"ReadAction","target":["https:\/\/novice.si\/page\/najvisje-planinsko-priznanje-tudi-konjicanu-francu-vahterju\/"]}]},{"@type":"ImageObject","inLanguage":"sl-SI","@id":"https:\/\/novice.si\/page\/najvisje-planinsko-priznanje-tudi-konjicanu-francu-vahterju\/#primaryimage","url":"https:\/\/novice.si\/page\/wp-content\/uploads\/2022\/12\/vahter-franc-scaled.jpg","contentUrl":"https:\/\/novice.si\/page\/wp-content\/uploads\/2022\/12\/vahter-franc-scaled.jpg","width":1920,"height":2560,"caption":"rpt"},{"@type":"BreadcrumbList","@id":"https:\/\/novice.si\/page\/najvisje-planinsko-priznanje-tudi-konjicanu-francu-vahterju\/#breadcrumb","itemListElement":[{"@type":"ListItem","position":1,"name":"Home","item":"https:\/\/novice.si\/page\/"},{"@type":"ListItem","position":2,"name":"Najvi\u0161je planinsko priznanje tudi Konji\u010danu Francu Vahterju"}]},{"@type":"WebSite","@id":"https:\/\/novice.si\/page\/#website","url":"https:\/\/novice.si\/page\/","name":"Novice.si","description":"","publisher":{"@id":"https:\/\/novice.si\/page\/#organization"},"potentialAction":[{"@type":"SearchAction","target":{"@type":"EntryPoint","urlTemplate":"https:\/\/novice.si\/page\/?s={search_term_string}"},"query-input":{"@type":"PropertyValueSpecification","valueRequired":true,"valueName":"search_term_string"}}],"inLanguage":"sl-SI"},{"@type":"Organization","@id":"https:\/\/novice.si\/page\/#organization","name":"Novice.si","url":"https:\/\/novice.si\/page\/","logo":{"@type":"ImageObject","inLanguage":"sl-SI","@id":"https:\/\/novice.si\/page\/#\/schema\/logo\/image\/","url":"https:\/\/novice.si\/page\/wp-content\/uploads\/2023\/03\/novice_si.png","contentUrl":"https:\/\/novice.si\/page\/wp-content\/uploads\/2023\/03\/novice_si.png","width":576,"height":200,"caption":"Novice.si"},"image":{"@id":"https:\/\/novice.si\/page\/#\/schema\/logo\/image\/"}},{"@type":"Person","@id":"https:\/\/novice.si\/page\/#\/schema\/person\/51903923b50fefb075bc1cd24fe4d065","name":"Uredni\u0161tvo Celjana","image":{"@type":"ImageObject","inLanguage":"sl-SI","@id":"https:\/\/secure.gravatar.com\/avatar\/b516f102aa90b53619e09722b8ea56721c99bfcb4f1035f9b333d99f52330226?s=96&d=mm&r=g","url":"https:\/\/secure.gravatar.com\/avatar\/b516f102aa90b53619e09722b8ea56721c99bfcb4f1035f9b333d99f52330226?s=96&d=mm&r=g","contentUrl":"https:\/\/secure.gravatar.com\/avatar\/b516f102aa90b53619e09722b8ea56721c99bfcb4f1035f9b333d99f52330226?s=96&d=mm&r=g","caption":"Uredni\u0161tvo Celjana"},"url":"https:\/\/novice.si\/page\/author\/nejc\/"}]}},"_links":{"self":[{"href":"https:\/\/novice.si\/page\/wp-json\/wp\/v2\/posts\/158196","targetHints":{"allow":["GET"]}}],"collection":[{"href":"https:\/\/novice.si\/page\/wp-json\/wp\/v2\/posts"}],"about":[{"href":"https:\/\/novice.si\/page\/wp-json\/wp\/v2\/types\/post"}],"author":[{"embeddable":true,"href":"https:\/\/novice.si\/page\/wp-json\/wp\/v2\/users\/12"}],"replies":[{"embeddable":true,"href":"https:\/\/novice.si\/page\/wp-json\/wp\/v2\/comments?post=158196"}],"version-history":[{"count":1,"href":"https:\/\/novice.si\/page\/wp-json\/wp\/v2\/posts\/158196\/revisions"}],"predecessor-version":[{"id":158198,"href":"https:\/\/novice.si\/page\/wp-json\/wp\/v2\/posts\/158196\/revisions\/158198"}],"wp:featuredmedia":[{"embeddable":true,"href":"https:\/\/novice.si\/page\/wp-json\/wp\/v2\/media\/158197"}],"wp:attachment":[{"href":"https:\/\/novice.si\/page\/wp-json\/wp\/v2\/media?parent=158196"}],"wp:term":[{"taxonomy":"category","embeddable":true,"href":"https:\/\/novice.si\/page\/wp-json\/wp\/v2\/categories?post=158196"},{"taxonomy":"post_tag","embeddable":true,"href":"https:\/\/novice.si\/page\/wp-json\/wp\/v2\/tags?post=158196"}],"curies":[{"name":"wp","href":"https:\/\/api.w.org\/{rel}","templated":true}]}}