{"id":158183,"date":"2022-12-20T12:57:31","date_gmt":"2022-12-20T11:57:31","guid":{"rendered":"https:\/\/novice.si\/page\/?p=158183"},"modified":"2022-12-20T12:57:31","modified_gmt":"2022-12-20T11:57:31","slug":"celjsko-odvetniski-pro-bono-je-morda-zgresil-namen","status":"publish","type":"post","link":"https:\/\/novice.si\/page\/celjsko-odvetniski-pro-bono-je-morda-zgresil-namen\/","title":{"rendered":"CELJSKO Odvetni\u0161ki pro bono je morda zgre\u0161il namen"},"content":{"rendered":"<p>Celjski odvetniki so z odzivom strank na v\u010deraj\u0161njem dnevu brezpla\u010dnega svetovanja lahko zadovoljni, manj pa s pristopom, ki so ga uporabili zainteresirani ob\u010dani.<\/p>\n<p><a href=\"https:\/\/novice.si\/page\/wp-content\/uploads\/2020\/10\/andrej-janezic.png\" data-gallery><img loading=\"lazy\" decoding=\"async\" class=\"size-medium wp-image-132192 alignleft\" src=\"https:\/\/novice.si\/page\/wp-content\/uploads\/2020\/10\/andrej-janezic-298x300.png\" alt=\"\" width=\"298\" height=\"300\" srcset=\"https:\/\/novice.si\/page\/wp-content\/uploads\/2020\/10\/andrej-janezic-298x300.png 298w, https:\/\/novice.si\/page\/wp-content\/uploads\/2020\/10\/andrej-janezic-150x150.png 150w, https:\/\/novice.si\/page\/wp-content\/uploads\/2020\/10\/andrej-janezic-24x24.png 24w, https:\/\/novice.si\/page\/wp-content\/uploads\/2020\/10\/andrej-janezic-36x36.png 36w, https:\/\/novice.si\/page\/wp-content\/uploads\/2020\/10\/andrej-janezic-48x48.png 48w, https:\/\/novice.si\/page\/wp-content\/uploads\/2020\/10\/andrej-janezic.png 361w\" sizes=\"auto, (max-width: 298px) 100vw, 298px\" \/><\/a>Ti so se najve\u010d zanimali za civilne in delovno pravne postopke, vendar so vpra\u0161anja naslavljali na ve\u010d odvetni\u0161kih pisarn (na Celjskem jih je bilo vklju\u010denih 40), kar ni bil namen pro bono svetovanja, pove <strong>Andrej Jane\u017ei\u010d<\/strong>, predsednik celjskega odvetni\u0161kega zbora (na sliki).<\/p>\n<p>\u00bbVpra\u0161anja, ki so nam jih stranke zastavljale, so bila zelo strukturirana in podkrepljena s prilogami, toda ve\u010d kot o\u010ditno so jih poslali \u0161e na naslove mnogih drugih odvetnikov. Zgodilo se je ravno to, \u010demur pravimo, da dan odvetnikov ni namenjen. Pro bono svetovanje ni zato, da bi preverjali mnenj posameznih odvetnikov, a to se je letos najbolj o\u010ditno dogajalo.\u00ab<\/p>\n<p>P\u0160<\/p>\n","protected":false},"excerpt":{"rendered":"<p>Celjski odvetniki so z odzivom strank na v\u010deraj\u0161njem dnevu brezpla\u010dnega svetovanja lahko zadovoljni, manj pa s pristopom, ki so ga uporabili zainteresirani ob\u010dani. Ti so se najve\u010d zanimali za civilne in delovno pravne postopke, vendar so vpra\u0161anja naslavljali na ve\u010d odvetni\u0161kih pisarn (na Celjskem jih je bilo vklju\u010denih 40), kar ni bil namen pro bono [&hellip;]<\/p>\n","protected":false},"author":33,"featured_media":134449,"comment_status":"closed","ping_status":"closed","sticky":false,"template":"","format":"standard","meta":{"footnotes":""},"categories":[14,17,29],"tags":[10721,16685,16682,16684,16683],"class_list":{"0":"post-158183","1":"post","2":"type-post","3":"status-publish","4":"format-standard","5":"has-post-thumbnail","7":"category-aktualno","8":"category-celjsko","9":"category-kronika","10":"tag-andrej-janezic","11":"tag-celjski-odvetniski-zbor","12":"tag-dan-odvetnikov","13":"tag-preverjanje-mnenj-odvetnikov","14":"tag-pro-bono-svetovanje"},"yoast_head":"<!-- This site is optimized with the Yoast SEO plugin v27.4 - https:\/\/yoast.com\/product\/yoast-seo-wordpress\/ -->\n<title>CELJSKO Odvetni\u0161ki pro bono je morda zgre\u0161il namen - Novice.si<\/title>\n<meta name=\"robots\" content=\"index, follow, max-snippet:-1, max-image-preview:large, max-video-preview:-1\" \/>\n<link rel=\"canonical\" href=\"https:\/\/novice.si\/page\/celjsko-odvetniski-pro-bono-je-morda-zgresil-namen\/\" \/>\n<meta property=\"og:locale\" content=\"sl_SI\" \/>\n<meta property=\"og:type\" content=\"article\" \/>\n<meta property=\"og:title\" content=\"CELJSKO Odvetni\u0161ki pro bono je morda zgre\u0161il namen - Novice.si\" \/>\n<meta property=\"og:description\" content=\"Celjski odvetniki so z odzivom strank na v\u010deraj\u0161njem dnevu brezpla\u010dnega svetovanja lahko zadovoljni, manj pa s pristopom, ki so ga uporabili zainteresirani ob\u010dani. Ti so se najve\u010d zanimali za civilne in delovno pravne postopke, vendar so vpra\u0161anja naslavljali na ve\u010d odvetni\u0161kih pisarn (na Celjskem jih je bilo vklju\u010denih 40), kar ni bil namen pro bono [&hellip;]\" \/>\n<meta property=\"og:url\" content=\"https:\/\/novice.si\/page\/celjsko-odvetniski-pro-bono-je-morda-zgresil-namen\/\" \/>\n<meta property=\"og:site_name\" content=\"Novice.si\" \/>\n<meta property=\"article:published_time\" content=\"2022-12-20T11:57:31+00:00\" \/>\n<meta property=\"og:image\" content=\"https:\/\/novice.si\/page\/wp-content\/uploads\/2020\/12\/odvetniska-pisarna-krivec.jpg\" \/>\n\t<meta property=\"og:image:width\" content=\"1200\" \/>\n\t<meta property=\"og:image:height\" content=\"792\" \/>\n\t<meta property=\"og:image:type\" content=\"image\/jpeg\" \/>\n<meta name=\"author\" content=\"Uredni\u0161tvo Celjana\" \/>\n<meta name=\"twitter:card\" content=\"summary_large_image\" \/>\n<meta name=\"twitter:label1\" content=\"Written by\" \/>\n\t<meta name=\"twitter:data1\" content=\"Uredni\u0161tvo Celjana\" \/>\n\t<meta name=\"twitter:label2\" content=\"Est. reading time\" \/>\n\t<meta name=\"twitter:data2\" content=\"1 minuta\" \/>\n<script type=\"application\/ld+json\" class=\"yoast-schema-graph\">{\"@context\":\"https:\\\/\\\/schema.org\",\"@graph\":[{\"@type\":\"Article\",\"@id\":\"https:\\\/\\\/novice.si\\\/page\\\/celjsko-odvetniski-pro-bono-je-morda-zgresil-namen\\\/#article\",\"isPartOf\":{\"@id\":\"https:\\\/\\\/novice.si\\\/page\\\/celjsko-odvetniski-pro-bono-je-morda-zgresil-namen\\\/\"},\"author\":{\"name\":\"Uredni\u0161tvo Celjana\",\"@id\":\"https:\\\/\\\/novice.si\\\/page\\\/#\\\/schema\\\/person\\\/57f25c9642a9541c7349c65d32032c3e\"},\"headline\":\"CELJSKO Odvetni\u0161ki pro bono je morda zgre\u0161il namen\",\"datePublished\":\"2022-12-20T11:57:31+00:00\",\"mainEntityOfPage\":{\"@id\":\"https:\\\/\\\/novice.si\\\/page\\\/celjsko-odvetniski-pro-bono-je-morda-zgresil-namen\\\/\"},\"wordCount\":146,\"publisher\":{\"@id\":\"https:\\\/\\\/novice.si\\\/page\\\/#organization\"},\"image\":{\"@id\":\"https:\\\/\\\/novice.si\\\/page\\\/celjsko-odvetniski-pro-bono-je-morda-zgresil-namen\\\/#primaryimage\"},\"thumbnailUrl\":\"https:\\\/\\\/novice.si\\\/page\\\/wp-content\\\/uploads\\\/2020\\\/12\\\/odvetniska-pisarna-krivec.jpg\",\"keywords\":[\"Andrej Jane\u017ei\u010d\",\"celjski odvetni\u0161ki zbor\",\"dan odvetnikov\",\"preverjanje mnenj odvetnikov\",\"pro bono svetovanje\"],\"articleSection\":[\"Aktualno\",\"Celjsko\",\"Kronika\"],\"inLanguage\":\"sl-SI\"},{\"@type\":\"WebPage\",\"@id\":\"https:\\\/\\\/novice.si\\\/page\\\/celjsko-odvetniski-pro-bono-je-morda-zgresil-namen\\\/\",\"url\":\"https:\\\/\\\/novice.si\\\/page\\\/celjsko-odvetniski-pro-bono-je-morda-zgresil-namen\\\/\",\"name\":\"CELJSKO Odvetni\u0161ki pro bono je morda zgre\u0161il namen - Novice.si\",\"isPartOf\":{\"@id\":\"https:\\\/\\\/novice.si\\\/page\\\/#website\"},\"primaryImageOfPage\":{\"@id\":\"https:\\\/\\\/novice.si\\\/page\\\/celjsko-odvetniski-pro-bono-je-morda-zgresil-namen\\\/#primaryimage\"},\"image\":{\"@id\":\"https:\\\/\\\/novice.si\\\/page\\\/celjsko-odvetniski-pro-bono-je-morda-zgresil-namen\\\/#primaryimage\"},\"thumbnailUrl\":\"https:\\\/\\\/novice.si\\\/page\\\/wp-content\\\/uploads\\\/2020\\\/12\\\/odvetniska-pisarna-krivec.jpg\",\"datePublished\":\"2022-12-20T11:57:31+00:00\",\"breadcrumb\":{\"@id\":\"https:\\\/\\\/novice.si\\\/page\\\/celjsko-odvetniski-pro-bono-je-morda-zgresil-namen\\\/#breadcrumb\"},\"inLanguage\":\"sl-SI\",\"potentialAction\":[{\"@type\":\"ReadAction\",\"target\":[\"https:\\\/\\\/novice.si\\\/page\\\/celjsko-odvetniski-pro-bono-je-morda-zgresil-namen\\\/\"]}]},{\"@type\":\"ImageObject\",\"inLanguage\":\"sl-SI\",\"@id\":\"https:\\\/\\\/novice.si\\\/page\\\/celjsko-odvetniski-pro-bono-je-morda-zgresil-namen\\\/#primaryimage\",\"url\":\"https:\\\/\\\/novice.si\\\/page\\\/wp-content\\\/uploads\\\/2020\\\/12\\\/odvetniska-pisarna-krivec.jpg\",\"contentUrl\":\"https:\\\/\\\/novice.si\\\/page\\\/wp-content\\\/uploads\\\/2020\\\/12\\\/odvetniska-pisarna-krivec.jpg\",\"width\":1200,\"height\":792},{\"@type\":\"BreadcrumbList\",\"@id\":\"https:\\\/\\\/novice.si\\\/page\\\/celjsko-odvetniski-pro-bono-je-morda-zgresil-namen\\\/#breadcrumb\",\"itemListElement\":[{\"@type\":\"ListItem\",\"position\":1,\"name\":\"Home\",\"item\":\"https:\\\/\\\/novice.si\\\/page\\\/\"},{\"@type\":\"ListItem\",\"position\":2,\"name\":\"CELJSKO Odvetni\u0161ki pro bono je morda zgre\u0161il namen\"}]},{\"@type\":\"WebSite\",\"@id\":\"https:\\\/\\\/novice.si\\\/page\\\/#website\",\"url\":\"https:\\\/\\\/novice.si\\\/page\\\/\",\"name\":\"Novice.si\",\"description\":\"\",\"publisher\":{\"@id\":\"https:\\\/\\\/novice.si\\\/page\\\/#organization\"},\"potentialAction\":[{\"@type\":\"SearchAction\",\"target\":{\"@type\":\"EntryPoint\",\"urlTemplate\":\"https:\\\/\\\/novice.si\\\/page\\\/?s={search_term_string}\"},\"query-input\":{\"@type\":\"PropertyValueSpecification\",\"valueRequired\":true,\"valueName\":\"search_term_string\"}}],\"inLanguage\":\"sl-SI\"},{\"@type\":\"Organization\",\"@id\":\"https:\\\/\\\/novice.si\\\/page\\\/#organization\",\"name\":\"Novice.si\",\"url\":\"https:\\\/\\\/novice.si\\\/page\\\/\",\"logo\":{\"@type\":\"ImageObject\",\"inLanguage\":\"sl-SI\",\"@id\":\"https:\\\/\\\/novice.si\\\/page\\\/#\\\/schema\\\/logo\\\/image\\\/\",\"url\":\"https:\\\/\\\/novice.si\\\/page\\\/wp-content\\\/uploads\\\/2023\\\/03\\\/novice_si.png\",\"contentUrl\":\"https:\\\/\\\/novice.si\\\/page\\\/wp-content\\\/uploads\\\/2023\\\/03\\\/novice_si.png\",\"width\":576,\"height\":200,\"caption\":\"Novice.si\"},\"image\":{\"@id\":\"https:\\\/\\\/novice.si\\\/page\\\/#\\\/schema\\\/logo\\\/image\\\/\"}},{\"@type\":\"Person\",\"@id\":\"https:\\\/\\\/novice.si\\\/page\\\/#\\\/schema\\\/person\\\/57f25c9642a9541c7349c65d32032c3e\",\"name\":\"Uredni\u0161tvo Celjana\",\"image\":{\"@type\":\"ImageObject\",\"inLanguage\":\"sl-SI\",\"@id\":\"https:\\\/\\\/secure.gravatar.com\\\/avatar\\\/78e52bc4279b65f6df6345e0ef0f7b792d361361f230cf4ffecfe0afe6d5629c?s=96&d=mm&r=g\",\"url\":\"https:\\\/\\\/secure.gravatar.com\\\/avatar\\\/78e52bc4279b65f6df6345e0ef0f7b792d361361f230cf4ffecfe0afe6d5629c?s=96&d=mm&r=g\",\"contentUrl\":\"https:\\\/\\\/secure.gravatar.com\\\/avatar\\\/78e52bc4279b65f6df6345e0ef0f7b792d361361f230cf4ffecfe0afe6d5629c?s=96&d=mm&r=g\",\"caption\":\"Uredni\u0161tvo Celjana\"},\"url\":\"https:\\\/\\\/novice.si\\\/page\\\/author\\\/primoz\\\/\"}]}<\/script>\n<!-- \/ Yoast SEO plugin. -->","yoast_head_json":{"title":"CELJSKO Odvetni\u0161ki pro bono je morda zgre\u0161il namen - Novice.si","robots":{"index":"index","follow":"follow","max-snippet":"max-snippet:-1","max-image-preview":"max-image-preview:large","max-video-preview":"max-video-preview:-1"},"canonical":"https:\/\/novice.si\/page\/celjsko-odvetniski-pro-bono-je-morda-zgresil-namen\/","og_locale":"sl_SI","og_type":"article","og_title":"CELJSKO Odvetni\u0161ki pro bono je morda zgre\u0161il namen - Novice.si","og_description":"Celjski odvetniki so z odzivom strank na v\u010deraj\u0161njem dnevu brezpla\u010dnega svetovanja lahko zadovoljni, manj pa s pristopom, ki so ga uporabili zainteresirani ob\u010dani. Ti so se najve\u010d zanimali za civilne in delovno pravne postopke, vendar so vpra\u0161anja naslavljali na ve\u010d odvetni\u0161kih pisarn (na Celjskem jih je bilo vklju\u010denih 40), kar ni bil namen pro bono [&hellip;]","og_url":"https:\/\/novice.si\/page\/celjsko-odvetniski-pro-bono-je-morda-zgresil-namen\/","og_site_name":"Novice.si","article_published_time":"2022-12-20T11:57:31+00:00","og_image":[{"width":1200,"height":792,"url":"https:\/\/novice.si\/page\/wp-content\/uploads\/2020\/12\/odvetniska-pisarna-krivec.jpg","type":"image\/jpeg"}],"author":"Uredni\u0161tvo Celjana","twitter_card":"summary_large_image","twitter_misc":{"Written by":"Uredni\u0161tvo Celjana","Est. reading time":"1 minuta"},"schema":{"@context":"https:\/\/schema.org","@graph":[{"@type":"Article","@id":"https:\/\/novice.si\/page\/celjsko-odvetniski-pro-bono-je-morda-zgresil-namen\/#article","isPartOf":{"@id":"https:\/\/novice.si\/page\/celjsko-odvetniski-pro-bono-je-morda-zgresil-namen\/"},"author":{"name":"Uredni\u0161tvo Celjana","@id":"https:\/\/novice.si\/page\/#\/schema\/person\/57f25c9642a9541c7349c65d32032c3e"},"headline":"CELJSKO Odvetni\u0161ki pro bono je morda zgre\u0161il namen","datePublished":"2022-12-20T11:57:31+00:00","mainEntityOfPage":{"@id":"https:\/\/novice.si\/page\/celjsko-odvetniski-pro-bono-je-morda-zgresil-namen\/"},"wordCount":146,"publisher":{"@id":"https:\/\/novice.si\/page\/#organization"},"image":{"@id":"https:\/\/novice.si\/page\/celjsko-odvetniski-pro-bono-je-morda-zgresil-namen\/#primaryimage"},"thumbnailUrl":"https:\/\/novice.si\/page\/wp-content\/uploads\/2020\/12\/odvetniska-pisarna-krivec.jpg","keywords":["Andrej Jane\u017ei\u010d","celjski odvetni\u0161ki zbor","dan odvetnikov","preverjanje mnenj odvetnikov","pro bono svetovanje"],"articleSection":["Aktualno","Celjsko","Kronika"],"inLanguage":"sl-SI"},{"@type":"WebPage","@id":"https:\/\/novice.si\/page\/celjsko-odvetniski-pro-bono-je-morda-zgresil-namen\/","url":"https:\/\/novice.si\/page\/celjsko-odvetniski-pro-bono-je-morda-zgresil-namen\/","name":"CELJSKO Odvetni\u0161ki pro bono je morda zgre\u0161il namen - Novice.si","isPartOf":{"@id":"https:\/\/novice.si\/page\/#website"},"primaryImageOfPage":{"@id":"https:\/\/novice.si\/page\/celjsko-odvetniski-pro-bono-je-morda-zgresil-namen\/#primaryimage"},"image":{"@id":"https:\/\/novice.si\/page\/celjsko-odvetniski-pro-bono-je-morda-zgresil-namen\/#primaryimage"},"thumbnailUrl":"https:\/\/novice.si\/page\/wp-content\/uploads\/2020\/12\/odvetniska-pisarna-krivec.jpg","datePublished":"2022-12-20T11:57:31+00:00","breadcrumb":{"@id":"https:\/\/novice.si\/page\/celjsko-odvetniski-pro-bono-je-morda-zgresil-namen\/#breadcrumb"},"inLanguage":"sl-SI","potentialAction":[{"@type":"ReadAction","target":["https:\/\/novice.si\/page\/celjsko-odvetniski-pro-bono-je-morda-zgresil-namen\/"]}]},{"@type":"ImageObject","inLanguage":"sl-SI","@id":"https:\/\/novice.si\/page\/celjsko-odvetniski-pro-bono-je-morda-zgresil-namen\/#primaryimage","url":"https:\/\/novice.si\/page\/wp-content\/uploads\/2020\/12\/odvetniska-pisarna-krivec.jpg","contentUrl":"https:\/\/novice.si\/page\/wp-content\/uploads\/2020\/12\/odvetniska-pisarna-krivec.jpg","width":1200,"height":792},{"@type":"BreadcrumbList","@id":"https:\/\/novice.si\/page\/celjsko-odvetniski-pro-bono-je-morda-zgresil-namen\/#breadcrumb","itemListElement":[{"@type":"ListItem","position":1,"name":"Home","item":"https:\/\/novice.si\/page\/"},{"@type":"ListItem","position":2,"name":"CELJSKO Odvetni\u0161ki pro bono je morda zgre\u0161il namen"}]},{"@type":"WebSite","@id":"https:\/\/novice.si\/page\/#website","url":"https:\/\/novice.si\/page\/","name":"Novice.si","description":"","publisher":{"@id":"https:\/\/novice.si\/page\/#organization"},"potentialAction":[{"@type":"SearchAction","target":{"@type":"EntryPoint","urlTemplate":"https:\/\/novice.si\/page\/?s={search_term_string}"},"query-input":{"@type":"PropertyValueSpecification","valueRequired":true,"valueName":"search_term_string"}}],"inLanguage":"sl-SI"},{"@type":"Organization","@id":"https:\/\/novice.si\/page\/#organization","name":"Novice.si","url":"https:\/\/novice.si\/page\/","logo":{"@type":"ImageObject","inLanguage":"sl-SI","@id":"https:\/\/novice.si\/page\/#\/schema\/logo\/image\/","url":"https:\/\/novice.si\/page\/wp-content\/uploads\/2023\/03\/novice_si.png","contentUrl":"https:\/\/novice.si\/page\/wp-content\/uploads\/2023\/03\/novice_si.png","width":576,"height":200,"caption":"Novice.si"},"image":{"@id":"https:\/\/novice.si\/page\/#\/schema\/logo\/image\/"}},{"@type":"Person","@id":"https:\/\/novice.si\/page\/#\/schema\/person\/57f25c9642a9541c7349c65d32032c3e","name":"Uredni\u0161tvo Celjana","image":{"@type":"ImageObject","inLanguage":"sl-SI","@id":"https:\/\/secure.gravatar.com\/avatar\/78e52bc4279b65f6df6345e0ef0f7b792d361361f230cf4ffecfe0afe6d5629c?s=96&d=mm&r=g","url":"https:\/\/secure.gravatar.com\/avatar\/78e52bc4279b65f6df6345e0ef0f7b792d361361f230cf4ffecfe0afe6d5629c?s=96&d=mm&r=g","contentUrl":"https:\/\/secure.gravatar.com\/avatar\/78e52bc4279b65f6df6345e0ef0f7b792d361361f230cf4ffecfe0afe6d5629c?s=96&d=mm&r=g","caption":"Uredni\u0161tvo Celjana"},"url":"https:\/\/novice.si\/page\/author\/primoz\/"}]}},"_links":{"self":[{"href":"https:\/\/novice.si\/page\/wp-json\/wp\/v2\/posts\/158183","targetHints":{"allow":["GET"]}}],"collection":[{"href":"https:\/\/novice.si\/page\/wp-json\/wp\/v2\/posts"}],"about":[{"href":"https:\/\/novice.si\/page\/wp-json\/wp\/v2\/types\/post"}],"author":[{"embeddable":true,"href":"https:\/\/novice.si\/page\/wp-json\/wp\/v2\/users\/33"}],"replies":[{"embeddable":true,"href":"https:\/\/novice.si\/page\/wp-json\/wp\/v2\/comments?post=158183"}],"version-history":[{"count":1,"href":"https:\/\/novice.si\/page\/wp-json\/wp\/v2\/posts\/158183\/revisions"}],"predecessor-version":[{"id":158184,"href":"https:\/\/novice.si\/page\/wp-json\/wp\/v2\/posts\/158183\/revisions\/158184"}],"wp:featuredmedia":[{"embeddable":true,"href":"https:\/\/novice.si\/page\/wp-json\/wp\/v2\/media\/134449"}],"wp:attachment":[{"href":"https:\/\/novice.si\/page\/wp-json\/wp\/v2\/media?parent=158183"}],"wp:term":[{"taxonomy":"category","embeddable":true,"href":"https:\/\/novice.si\/page\/wp-json\/wp\/v2\/categories?post=158183"},{"taxonomy":"post_tag","embeddable":true,"href":"https:\/\/novice.si\/page\/wp-json\/wp\/v2\/tags?post=158183"}],"curies":[{"name":"wp","href":"https:\/\/api.w.org\/{rel}","templated":true}]}}